{"id":18963,"date":"2022-05-27T13:19:48","date_gmt":"2022-05-27T12:19:48","guid":{"rendered":"https:\/\/algarve7.pt\/?p=18963"},"modified":"2022-05-27T13:19:49","modified_gmt":"2022-05-27T12:19:49","slug":"combate-ao-desperdicio-alimentar-esta-na-ordem-do-dia-em-portimao","status":"publish","type":"post","link":"https:\/\/algarve7.pt\/index.php\/2022\/05\/combate-ao-desperdicio-alimentar-esta-na-ordem-do-dia-em-portimao\/atualidade\/13\/19\/","title":{"rendered":"Combate ao desperd\u00edcio alimentar est\u00e1 na ordem do dia em Portim\u00e3o"},"content":{"rendered":"\n<p>O Munic\u00edpio de Portim\u00e3o promove entre 2 e 8 de junho a Semana de Combate ao Desperd\u00edcio Alimentar, cuja primeira edi\u00e7\u00e3o decorre justamente no ano em que o n\u00facleo local do Banco Alimentar do Algarve completa uma d\u00e9cada de exist\u00eancia.<\/p>\n\n\n\n<p>A iniciativa surge na sequ\u00eancia da implementa\u00e7\u00e3o do Dia Municipal do Combate ao Desperd\u00edcio Alimentar e arranca a partir das 17h00 do dia 2 de junho, com as comemora\u00e7\u00f5es do 10\u00ba anivers\u00e1rio do armaz\u00e9m de Portim\u00e3o do Banco Alimentar do Algarve, situado na zona industrial da Coca Maravilhas.<\/p>\n\n\n\n<p>Na presen\u00e7a de Isilda Gomes, presidente da C\u00e2mara de Portim\u00e3o, ser\u00e3o inauguradas as obras de requalifica\u00e7\u00e3o do armaz\u00e9m e descerrada uma placa comemorativa, com entrega de prato simb\u00f3lico, em reconhecimento pelo apoio prestado desde 2012 pelo Munic\u00edpio ao Banco Alimentar do Algarve, que receber\u00e1 nesse dia uma viatura el\u00e9trica destinada ao transporte de volunt\u00e1rios e equipa t\u00e9cnica, cuja aquisi\u00e7\u00e3o contou com comparticipa\u00e7\u00e3o aut\u00e1rquica.<\/p>\n\n\n\n<p>Ponto alto do programa ser\u00e1 o encontro \u201cCombate ao Desperd\u00edcio Alimentar \u2013 boas pr\u00e1ticas\u201d, que decorrer\u00e1 entre as 10h00 e as 13h00 de 3 de junho no pequeno audit\u00f3rio do TEMPO \u2013 Teatro Municipal de Portim\u00e3o.<\/p>\n\n\n\n<p>V\u00e3o estar \u00e0 conversa Nuno Alves, presidente do Banco Alimentar do Algarve, Paula Policarpo, presidente e fundadora da Associa\u00e7\u00e3o Zero Desperd\u00edcio, Cristina Ferradeira, diretora de servi\u00e7os da Dire\u00e7\u00e3o Geral de Alimenta\u00e7\u00e3o e Veterin\u00e1ria, Isabel Rat\u00e3o, professora da Universidade do Algarve \u2013 Departamento de Engenharia Alimentar e Teresa Diogo, coordenadora de Ambiente Distribui\u00e7\u00e3o \u2013 Jer\u00f3nimo Martins, com modera\u00e7\u00e3o a cargo de Daniela Anast\u00e1cio, volunt\u00e1ria do Banco Alimentar do Algarve.<\/p>\n\n\n\n<p>Segue-se a abordagem do tema \u201cDesperd\u00edcio Alimentar em Portugal\u201d, por&nbsp;Iva Pires, professora da Universidade Nova de Lisboa e autora do livro \u201cDesperd\u00edcio Alimentar\u201d, e o tema \u201cUnidos Contra o Desperd\u00edcio\u201d, por&nbsp;Francisco Mello e Castro, coordenador do Movimento Unidos contra o Desperd\u00edcio, ambos atrav\u00e9s de participa\u00e7\u00e3o por v\u00eddeo.<\/p>\n\n\n\n<p>Os interessados devem fazer previamente inscri\u00e7\u00e3o gratuita pelo seguinte endere\u00e7o: <a href=\"https:\/\/eur05.safelinks.protection.outlook.com\/?url=https%3A%2F%2Fcm-portimao.pt%2Fencontro-combate-ao-desperdicio-alimentar-boas-praticas&amp;data=05%7C01%7Cpress%40cm-portimao.pt%7C954a260375d74288097a08da39a70191%7C71b0a8988f99411d8e70bbd8c2dcc646%7C0%7C0%7C637885686680812507%7CUnknown%7CTWFpbGZsb3d8eyJWIjoiMC4wLjAwMDAiLCJQIjoiV2luMzIiLCJBTiI6Ik1haWwiLCJXVCI6Mn0%3D%7C3000%7C%7C%7C&amp;sdata=bEK9BIsS8JpfgdWlY6bHRk8U7ZFLN%2B4yYsptozICe2w%3D&amp;reserved=0\" target=\"_blank\" rel=\"noreferrer noopener\">https:\/\/cm-portimao.pt\/encontro-combate-ao-desperdicio-alimentar-boas-praticas<\/a><\/p>\n\n\n\n<p><strong>Alimenta\u00e7\u00e3o saud\u00e1vel e reutiliza\u00e7\u00e3o de sobras<\/strong><\/p>\n\n\n\n<p>Destaque a 7 de junho para as comemora\u00e7\u00f5es do Dia Municipal de Combate ao Desperd\u00edcio Alimentar, que ter\u00e3o lugar na Quinta Pedag\u00f3gica de Portim\u00e3o com a presen\u00e7a do presidente do Banco Alimentar do Algarve, Nuno Alves, e da presidente da C\u00e2mara Municipal de Portim\u00e3o, Isilda Gomes.<\/p>\n\n\n\n<p>A programa\u00e7\u00e3o da efem\u00e9ride come\u00e7a \u00e0s 9h30 com uma aula do programa \u201cExerc\u00edcio e Sa\u00fade\u201d com a participa\u00e7\u00e3o de crian\u00e7as do Lar da Crian\u00e7a de Portim\u00e3o e de idosos do Centro de Conv\u00edvio S\u00e9nior da Aldeia das Sobreiras e do Centro de Conv\u00edvio S\u00e9nior de Portim\u00e3o, decorrendo meia hora depois o workshop&nbsp;\u201cReutiliza\u00e7\u00e3o das sobras dos alimentos\u201d, dinamizado pela Associa\u00e7\u00e3o In Loco, no \u00e2mbito do Projeto de Inova\u00e7\u00e3o Social \u201cO Prato Certo\u201d, seguido de degusta\u00e7\u00e3o, que contar\u00e1 com a participa\u00e7\u00e3o de algumas institui\u00e7\u00f5es de solidariedade social de Portim\u00e3o.<\/p>\n\n\n\n<p>A participa\u00e7\u00e3o nesta atividade, que tamb\u00e9m ter\u00e1 o bom humor partilhado por Jo\u00e3o Bota, do TIPO \u2013 Teatro Infantil de Portim\u00e3o, est\u00e1 aberta \u00e0 comunidade e \u00e9 gratuita, devendo as inscri\u00e7\u00f5es ser efetuadas pelo email&nbsp;<a href=\"mailto:saude.cidadania@cm-portimao.pt\" target=\"_blank\" rel=\"noreferrer noopener\">saude.cidadania@cm-portimao.pt<\/a><\/p>\n\n\n\n<p>Recorde-se que o Munic\u00edpio de Portim\u00e3o \u00e9 um dos investidores sociais deste projeto, que pretende colocar a alimenta\u00e7\u00e3o no centro da vida das comunidades, sensibilizando e capacitando a popula\u00e7\u00e3o em geral e diferentes p\u00fablicos priorit\u00e1rios para a ado\u00e7\u00e3o de um estilo de vida mais sustent\u00e1vel e uma alimenta\u00e7\u00e3o saud\u00e1vel, econ\u00f3mica e apetitosa, durante todo o ano, com predomin\u00e2ncia da dieta mediterr\u00e2nica.<\/p>\n\n\n\n<p>O&nbsp;projeto&nbsp;&#8216;O Prato Certo&#8217;, que tamb\u00e9m desperta para o combate ao desperd\u00edcio alimentar, o direito global \u00e0 alimenta\u00e7\u00e3o e o consumo respons\u00e1vel, \u00e9 desenvolvido pela associa\u00e7\u00e3o In Loco em parceria com a Universidade do Algarve, Administra\u00e7\u00e3o Regional de Sa\u00fade, Associa\u00e7\u00e3o de Munic\u00edpios do Algarve e Centro Distrital de Solidariedade e Seguran\u00e7a Social, promovendo&nbsp;a\u00e7\u00f5es&nbsp;de educa\u00e7\u00e3o alimentar nas escolas e institui\u00e7\u00f5es de solidariedade social de Portim\u00e3o.<\/p>\n\n\n\n<p><strong>\u201cSandes Zero Desperd\u00edcio\u201d<\/strong><\/p>\n\n\n\n<p>A primeira edi\u00e7\u00e3o da Semana de Combate ao Desperd\u00edcio Alimentar conta igualmente com a participa\u00e7\u00e3o ativa da DUAL Portim\u00e3o, que levar\u00e1 a cabo nas manh\u00e3s de 6 e 7 de junho a a\u00e7\u00e3o de sensibiliza\u00e7\u00e3o \u201cSandes Zero Desperd\u00edcio\u201d.<\/p>\n\n\n\n<p>Esta atividade, composta pela confe\u00e7\u00e3o e oferta de sandes elaboradas com aproveitamento de alimentos, decorrer\u00e1 na Escola B\u00e1sica Eng.\u00ba Nuno Mergulh\u00e3o (dia 6) e na Escola Secund\u00e1ria da Bemposta (dia 7).<\/p>\n\n\n\n<p>Por fim, no dia 8 de junho realiza-se a \u201cDUAL Run &#8211; Caminhada Solid\u00e1ria\u201d, com partida \u00e0s 10h00 junto \u00e0 antiga Lota&nbsp;de Portim\u00e3o, percorrendo os participantes a zona ribeirinha da cidade em dire\u00e7\u00e3o \u00e0 Marina de Portim\u00e3o.<\/p>\n\n\n\n<p>As inscri\u00e7\u00f5es est\u00e3o desde j\u00e1 abertas e devem ser feitas pelo email <a href=\"mailto:jcapelinha@dual.pt\" target=\"_blank\" rel=\"noreferrer noopener\">jcapelinha@dual.pt<\/a>, no valor de 1,50 euros para formandos da DUAL e de 2,50 euros para os restantes inscritos.<\/p>\n\n\n\n<p>O valor angariado com as inscri\u00e7\u00f5es desta caminhada vai ser doado ao n\u00facleo de Portim\u00e3o do Banco Alimentar do Algarve, no sentido de apoiar o relevante servi\u00e7o comunit\u00e1rio que a institui\u00e7\u00e3o tem desempenhado ao longo da \u00faltima d\u00e9cada.<\/p>\n","protected":false},"excerpt":{"rendered":"<p>O Munic\u00edpio de Portim\u00e3o promove entre 2 e 8 de junho a Semana de Combate ao Desperd\u00edcio Alimentar, cuja primeira<\/p>\n","protected":false},"author":1,"featured_media":18964,"comment_status":"closed","ping_status":"open","sticky":false,"template":"","format":"standard","meta":{"colormag_page_container_layout":"default_layout","colormag_page_sidebar_layout":"default_layout","_monsterinsights_skip_tracking":false,"_monsterinsights_sitenote_active":false,"_monsterinsights_sitenote_note":"","_monsterinsights_sitenote_category":0,"jetpack_post_was_ever_published":false,"_jetpack_newsletter_access":"","_jetpack_dont_email_post_to_subs":false,"_jetpack_newsletter_tier_id":0,"_jetpack_memberships_contains_paywalled_content":false,"_jetpack_memberships_contains_paid_content":false,"footnotes":"","jetpack_publicize_message":"","jetpack_publicize_feature_enabled":true,"jetpack_social_post_already_shared":true,"jetpack_social_options":{"image_generator_settings":{"template":"highway","default_image_id":0,"font":"","enabled":false},"version":2}},"categories":[11],"tags":[36,62,72],"class_list":["post-18963","post","type-post","status-publish","format-standard","has-post-thumbnail","hentry","category-atualidade","tag-algarve","tag-atualidade","tag-portimao"],"yoast_head":"<!-- This site is optimized with the Yoast SEO plugin v27.5 - https:\/\/yoast.com\/product\/yoast-seo-wordpress\/ -->\n<title>Combate ao desperd\u00edcio alimentar est\u00e1 na ordem do dia em Portim\u00e3o - Algarve 7<\/title>\n<meta name=\"description\" content=\"Combate ao desperd\u00edcio alimentar est\u00e1 na ordem do dia em Portim\u00e3o Atualidade\" \/>\n<meta name=\"robots\" content=\"index, follow, max-snippet:-1, max-image-preview:large, max-video-preview:-1\" \/>\n<link rel=\"canonical\" href=\"https:\/\/algarve7.pt\/index.php\/2022\/05\/combate-ao-desperdicio-alimentar-esta-na-ordem-do-dia-em-portimao\/atualidade\/13\/19\/\" \/>\n<meta property=\"og:locale\" content=\"pt_PT\" \/>\n<meta property=\"og:type\" content=\"article\" \/>\n<meta property=\"og:title\" content=\"Combate ao desperd\u00edcio alimentar est\u00e1 na ordem do dia em Portim\u00e3o - Algarve 7\" \/>\n<meta property=\"og:description\" content=\"Combate ao desperd\u00edcio alimentar est\u00e1 na ordem do dia em Portim\u00e3o Atualidade\" \/>\n<meta property=\"og:url\" content=\"https:\/\/algarve7.pt\/index.php\/2022\/05\/combate-ao-desperdicio-alimentar-esta-na-ordem-do-dia-em-portimao\/atualidade\/13\/19\/\" \/>\n<meta property=\"og:site_name\" content=\"Algarve 7\" \/>\n<meta property=\"article:publisher\" content=\"https:\/\/www.facebook.com\/algarve7\" \/>\n<meta property=\"article:author\" content=\"https:\/\/www.facebook.com\/algarve7\" \/>\n<meta property=\"article:published_time\" content=\"2022-05-27T12:19:48+00:00\" \/>\n<meta property=\"article:modified_time\" content=\"2022-05-27T12:19:49+00:00\" \/>\n<meta property=\"og:image\" content=\"https:\/\/algarve7.pt\/wp-content\/uploads\/2022\/05\/Captura-de-ecra\u0303-2022-05-27-a\u0300s-13.16.49.png\" \/>\n\t<meta property=\"og:image:width\" content=\"2684\" \/>\n\t<meta property=\"og:image:height\" content=\"1580\" \/>\n\t<meta property=\"og:image:type\" content=\"image\/png\" \/>\n<meta name=\"author\" content=\"Algarve 7\" \/>\n<meta name=\"twitter:card\" content=\"summary_large_image\" \/>\n<meta name=\"twitter:creator\" content=\"@Algarvesete\" \/>\n<meta name=\"twitter:site\" content=\"@Algarvesete\" \/>\n<meta name=\"twitter:label1\" content=\"Escrito por\" \/>\n\t<meta name=\"twitter:data1\" content=\"Algarve 7\" \/>\n\t<meta name=\"twitter:label2\" content=\"Tempo estimado de leitura\" \/>\n\t<meta name=\"twitter:data2\" content=\"5 minutos\" \/>\n<script type=\"application\/ld+json\" class=\"yoast-schema-graph\">{\"@context\":\"https:\\\/\\\/schema.org\",\"@graph\":[{\"@type\":\"Article\",\"@id\":\"https:\\\/\\\/algarve7.pt\\\/index.php\\\/2022\\\/05\\\/combate-ao-desperdicio-alimentar-esta-na-ordem-do-dia-em-portimao\\\/atualidade\\\/13\\\/19\\\/#article\",\"isPartOf\":{\"@id\":\"https:\\\/\\\/algarve7.pt\\\/index.php\\\/2022\\\/05\\\/combate-ao-desperdicio-alimentar-esta-na-ordem-do-dia-em-portimao\\\/atualidade\\\/13\\\/19\\\/\"},\"author\":{\"name\":\"Algarve 7\",\"@id\":\"https:\\\/\\\/algarve7.pt\\\/#\\\/schema\\\/person\\\/23fa70681308e7b319a3204bcea45e0c\"},\"headline\":\"Combate ao desperd\u00edcio alimentar est\u00e1 na ordem do dia em Portim\u00e3o\",\"datePublished\":\"2022-05-27T12:19:48+00:00\",\"dateModified\":\"2022-05-27T12:19:49+00:00\",\"mainEntityOfPage\":{\"@id\":\"https:\\\/\\\/algarve7.pt\\\/index.php\\\/2022\\\/05\\\/combate-ao-desperdicio-alimentar-esta-na-ordem-do-dia-em-portimao\\\/atualidade\\\/13\\\/19\\\/\"},\"wordCount\":944,\"publisher\":{\"@id\":\"https:\\\/\\\/algarve7.pt\\\/#organization\"},\"image\":{\"@id\":\"https:\\\/\\\/algarve7.pt\\\/index.php\\\/2022\\\/05\\\/combate-ao-desperdicio-alimentar-esta-na-ordem-do-dia-em-portimao\\\/atualidade\\\/13\\\/19\\\/#primaryimage\"},\"thumbnailUrl\":\"https:\\\/\\\/algarve7.pt\\\/wp-content\\\/uploads\\\/2022\\\/05\\\/Captura-de-ecra\u0303-2022-05-27-a\u0300s-13.16.49.png\",\"keywords\":[\"Algarve\",\"Atualidade\",\"Portim\u00e3o\"],\"articleSection\":[\"Atualidade\"],\"inLanguage\":\"pt-PT\"},{\"@type\":\"WebPage\",\"@id\":\"https:\\\/\\\/algarve7.pt\\\/index.php\\\/2022\\\/05\\\/combate-ao-desperdicio-alimentar-esta-na-ordem-do-dia-em-portimao\\\/atualidade\\\/13\\\/19\\\/\",\"url\":\"https:\\\/\\\/algarve7.pt\\\/index.php\\\/2022\\\/05\\\/combate-ao-desperdicio-alimentar-esta-na-ordem-do-dia-em-portimao\\\/atualidade\\\/13\\\/19\\\/\",\"name\":\"Combate ao desperd\u00edcio alimentar est\u00e1 na ordem do dia em Portim\u00e3o - Algarve 7\",\"isPartOf\":{\"@id\":\"https:\\\/\\\/algarve7.pt\\\/#website\"},\"primaryImageOfPage\":{\"@id\":\"https:\\\/\\\/algarve7.pt\\\/index.php\\\/2022\\\/05\\\/combate-ao-desperdicio-alimentar-esta-na-ordem-do-dia-em-portimao\\\/atualidade\\\/13\\\/19\\\/#primaryimage\"},\"image\":{\"@id\":\"https:\\\/\\\/algarve7.pt\\\/index.php\\\/2022\\\/05\\\/combate-ao-desperdicio-alimentar-esta-na-ordem-do-dia-em-portimao\\\/atualidade\\\/13\\\/19\\\/#primaryimage\"},\"thumbnailUrl\":\"https:\\\/\\\/algarve7.pt\\\/wp-content\\\/uploads\\\/2022\\\/05\\\/Captura-de-ecra\u0303-2022-05-27-a\u0300s-13.16.49.png\",\"datePublished\":\"2022-05-27T12:19:48+00:00\",\"dateModified\":\"2022-05-27T12:19:49+00:00\",\"description\":\"Combate ao desperd\u00edcio alimentar est\u00e1 na ordem do dia em Portim\u00e3o Atualidade\",\"breadcrumb\":{\"@id\":\"https:\\\/\\\/algarve7.pt\\\/index.php\\\/2022\\\/05\\\/combate-ao-desperdicio-alimentar-esta-na-ordem-do-dia-em-portimao\\\/atualidade\\\/13\\\/19\\\/#breadcrumb\"},\"inLanguage\":\"pt-PT\",\"potentialAction\":[{\"@type\":\"ReadAction\",\"target\":[\"https:\\\/\\\/algarve7.pt\\\/index.php\\\/2022\\\/05\\\/combate-ao-desperdicio-alimentar-esta-na-ordem-do-dia-em-portimao\\\/atualidade\\\/13\\\/19\\\/\"]}]},{\"@type\":\"ImageObject\",\"inLanguage\":\"pt-PT\",\"@id\":\"https:\\\/\\\/algarve7.pt\\\/index.php\\\/2022\\\/05\\\/combate-ao-desperdicio-alimentar-esta-na-ordem-do-dia-em-portimao\\\/atualidade\\\/13\\\/19\\\/#primaryimage\",\"url\":\"https:\\\/\\\/algarve7.pt\\\/wp-content\\\/uploads\\\/2022\\\/05\\\/Captura-de-ecra\u0303-2022-05-27-a\u0300s-13.16.49.png\",\"contentUrl\":\"https:\\\/\\\/algarve7.pt\\\/wp-content\\\/uploads\\\/2022\\\/05\\\/Captura-de-ecra\u0303-2022-05-27-a\u0300s-13.16.49.png\",\"width\":2684,\"height\":1580},{\"@type\":\"BreadcrumbList\",\"@id\":\"https:\\\/\\\/algarve7.pt\\\/index.php\\\/2022\\\/05\\\/combate-ao-desperdicio-alimentar-esta-na-ordem-do-dia-em-portimao\\\/atualidade\\\/13\\\/19\\\/#breadcrumb\",\"itemListElement\":[{\"@type\":\"ListItem\",\"position\":1,\"name\":\"In\u00edcio\",\"item\":\"https:\\\/\\\/algarve7.pt\\\/\"},{\"@type\":\"ListItem\",\"position\":2,\"name\":\"Combate ao desperd\u00edcio alimentar est\u00e1 na ordem do dia em Portim\u00e3o\"}]},{\"@type\":\"WebSite\",\"@id\":\"https:\\\/\\\/algarve7.pt\\\/#website\",\"url\":\"https:\\\/\\\/algarve7.pt\\\/\",\"name\":\"Algarve 7\",\"description\":\"Informa\u00e7\u00e3o sobre o Algarve\",\"publisher\":{\"@id\":\"https:\\\/\\\/algarve7.pt\\\/#organization\"},\"potentialAction\":[{\"@type\":\"SearchAction\",\"target\":{\"@type\":\"EntryPoint\",\"urlTemplate\":\"https:\\\/\\\/algarve7.pt\\\/?s={search_term_string}\"},\"query-input\":{\"@type\":\"PropertyValueSpecification\",\"valueRequired\":true,\"valueName\":\"search_term_string\"}}],\"inLanguage\":\"pt-PT\"},{\"@type\":\"Organization\",\"@id\":\"https:\\\/\\\/algarve7.pt\\\/#organization\",\"name\":\"Algarve 7\",\"url\":\"https:\\\/\\\/algarve7.pt\\\/\",\"logo\":{\"@type\":\"ImageObject\",\"inLanguage\":\"pt-PT\",\"@id\":\"https:\\\/\\\/algarve7.pt\\\/#\\\/schema\\\/logo\\\/image\\\/\",\"url\":\"https:\\\/\\\/algarve7.pt\\\/wp-content\\\/uploads\\\/2020\\\/10\\\/Logo-8.jpg\",\"contentUrl\":\"https:\\\/\\\/algarve7.pt\\\/wp-content\\\/uploads\\\/2020\\\/10\\\/Logo-8.jpg\",\"width\":1680,\"height\":1186,\"caption\":\"Algarve 7\"},\"image\":{\"@id\":\"https:\\\/\\\/algarve7.pt\\\/#\\\/schema\\\/logo\\\/image\\\/\"},\"sameAs\":[\"https:\\\/\\\/www.facebook.com\\\/algarve7\",\"https:\\\/\\\/x.com\\\/Algarvesete\",\"https:\\\/\\\/www.instagram.com\\\/jornalalgarve7\\\/\",\"https:\\\/\\\/www.linkedin.com\\\/company\\\/algarve7\",\"https:\\\/\\\/www.pinterest.pt\\\/geral0939\\\/_created\\\/\"]},{\"@type\":\"Person\",\"@id\":\"https:\\\/\\\/algarve7.pt\\\/#\\\/schema\\\/person\\\/23fa70681308e7b319a3204bcea45e0c\",\"name\":\"Algarve 7\",\"sameAs\":[\"https:\\\/\\\/algarve7.pt\",\"https:\\\/\\\/www.facebook.com\\\/algarve7\"],\"url\":\"https:\\\/\\\/algarve7.pt\\\/index.php\\\/author\\\/geralalgarve7-pt\\\/\"}]}<\/script>\n<!-- \/ Yoast SEO plugin. -->","yoast_head_json":{"title":"Combate ao desperd\u00edcio alimentar est\u00e1 na ordem do dia em Portim\u00e3o - Algarve 7","description":"Combate ao desperd\u00edcio alimentar est\u00e1 na ordem do dia em Portim\u00e3o Atualidade","robots":{"index":"index","follow":"follow","max-snippet":"max-snippet:-1","max-image-preview":"max-image-preview:large","max-video-preview":"max-video-preview:-1"},"canonical":"https:\/\/algarve7.pt\/index.php\/2022\/05\/combate-ao-desperdicio-alimentar-esta-na-ordem-do-dia-em-portimao\/atualidade\/13\/19\/","og_locale":"pt_PT","og_type":"article","og_title":"Combate ao desperd\u00edcio alimentar est\u00e1 na ordem do dia em Portim\u00e3o - Algarve 7","og_description":"Combate ao desperd\u00edcio alimentar est\u00e1 na ordem do dia em Portim\u00e3o Atualidade","og_url":"https:\/\/algarve7.pt\/index.php\/2022\/05\/combate-ao-desperdicio-alimentar-esta-na-ordem-do-dia-em-portimao\/atualidade\/13\/19\/","og_site_name":"Algarve 7","article_publisher":"https:\/\/www.facebook.com\/algarve7","article_author":"https:\/\/www.facebook.com\/algarve7","article_published_time":"2022-05-27T12:19:48+00:00","article_modified_time":"2022-05-27T12:19:49+00:00","og_image":[{"width":2684,"height":1580,"url":"https:\/\/algarve7.pt\/wp-content\/uploads\/2022\/05\/Captura-de-ecra\u0303-2022-05-27-a\u0300s-13.16.49.png","type":"image\/png"}],"author":"Algarve 7","twitter_card":"summary_large_image","twitter_creator":"@Algarvesete","twitter_site":"@Algarvesete","twitter_misc":{"Escrito por":"Algarve 7","Tempo estimado de leitura":"5 minutos"},"schema":{"@context":"https:\/\/schema.org","@graph":[{"@type":"Article","@id":"https:\/\/algarve7.pt\/index.php\/2022\/05\/combate-ao-desperdicio-alimentar-esta-na-ordem-do-dia-em-portimao\/atualidade\/13\/19\/#article","isPartOf":{"@id":"https:\/\/algarve7.pt\/index.php\/2022\/05\/combate-ao-desperdicio-alimentar-esta-na-ordem-do-dia-em-portimao\/atualidade\/13\/19\/"},"author":{"name":"Algarve 7","@id":"https:\/\/algarve7.pt\/#\/schema\/person\/23fa70681308e7b319a3204bcea45e0c"},"headline":"Combate ao desperd\u00edcio alimentar est\u00e1 na ordem do dia em Portim\u00e3o","datePublished":"2022-05-27T12:19:48+00:00","dateModified":"2022-05-27T12:19:49+00:00","mainEntityOfPage":{"@id":"https:\/\/algarve7.pt\/index.php\/2022\/05\/combate-ao-desperdicio-alimentar-esta-na-ordem-do-dia-em-portimao\/atualidade\/13\/19\/"},"wordCount":944,"publisher":{"@id":"https:\/\/algarve7.pt\/#organization"},"image":{"@id":"https:\/\/algarve7.pt\/index.php\/2022\/05\/combate-ao-desperdicio-alimentar-esta-na-ordem-do-dia-em-portimao\/atualidade\/13\/19\/#primaryimage"},"thumbnailUrl":"https:\/\/algarve7.pt\/wp-content\/uploads\/2022\/05\/Captura-de-ecra\u0303-2022-05-27-a\u0300s-13.16.49.png","keywords":["Algarve","Atualidade","Portim\u00e3o"],"articleSection":["Atualidade"],"inLanguage":"pt-PT"},{"@type":"WebPage","@id":"https:\/\/algarve7.pt\/index.php\/2022\/05\/combate-ao-desperdicio-alimentar-esta-na-ordem-do-dia-em-portimao\/atualidade\/13\/19\/","url":"https:\/\/algarve7.pt\/index.php\/2022\/05\/combate-ao-desperdicio-alimentar-esta-na-ordem-do-dia-em-portimao\/atualidade\/13\/19\/","name":"Combate ao desperd\u00edcio alimentar est\u00e1 na ordem do dia em Portim\u00e3o - Algarve 7","isPartOf":{"@id":"https:\/\/algarve7.pt\/#website"},"primaryImageOfPage":{"@id":"https:\/\/algarve7.pt\/index.php\/2022\/05\/combate-ao-desperdicio-alimentar-esta-na-ordem-do-dia-em-portimao\/atualidade\/13\/19\/#primaryimage"},"image":{"@id":"https:\/\/algarve7.pt\/index.php\/2022\/05\/combate-ao-desperdicio-alimentar-esta-na-ordem-do-dia-em-portimao\/atualidade\/13\/19\/#primaryimage"},"thumbnailUrl":"https:\/\/algarve7.pt\/wp-content\/uploads\/2022\/05\/Captura-de-ecra\u0303-2022-05-27-a\u0300s-13.16.49.png","datePublished":"2022-05-27T12:19:48+00:00","dateModified":"2022-05-27T12:19:49+00:00","description":"Combate ao desperd\u00edcio alimentar est\u00e1 na ordem do dia em Portim\u00e3o Atualidade","breadcrumb":{"@id":"https:\/\/algarve7.pt\/index.php\/2022\/05\/combate-ao-desperdicio-alimentar-esta-na-ordem-do-dia-em-portimao\/atualidade\/13\/19\/#breadcrumb"},"inLanguage":"pt-PT","potentialAction":[{"@type":"ReadAction","target":["https:\/\/algarve7.pt\/index.php\/2022\/05\/combate-ao-desperdicio-alimentar-esta-na-ordem-do-dia-em-portimao\/atualidade\/13\/19\/"]}]},{"@type":"ImageObject","inLanguage":"pt-PT","@id":"https:\/\/algarve7.pt\/index.php\/2022\/05\/combate-ao-desperdicio-alimentar-esta-na-ordem-do-dia-em-portimao\/atualidade\/13\/19\/#primaryimage","url":"https:\/\/algarve7.pt\/wp-content\/uploads\/2022\/05\/Captura-de-ecra\u0303-2022-05-27-a\u0300s-13.16.49.png","contentUrl":"https:\/\/algarve7.pt\/wp-content\/uploads\/2022\/05\/Captura-de-ecra\u0303-2022-05-27-a\u0300s-13.16.49.png","width":2684,"height":1580},{"@type":"BreadcrumbList","@id":"https:\/\/algarve7.pt\/index.php\/2022\/05\/combate-ao-desperdicio-alimentar-esta-na-ordem-do-dia-em-portimao\/atualidade\/13\/19\/#breadcrumb","itemListElement":[{"@type":"ListItem","position":1,"name":"In\u00edcio","item":"https:\/\/algarve7.pt\/"},{"@type":"ListItem","position":2,"name":"Combate ao desperd\u00edcio alimentar est\u00e1 na ordem do dia em Portim\u00e3o"}]},{"@type":"WebSite","@id":"https:\/\/algarve7.pt\/#website","url":"https:\/\/algarve7.pt\/","name":"Algarve 7","description":"Informa\u00e7\u00e3o sobre o Algarve","publisher":{"@id":"https:\/\/algarve7.pt\/#organization"},"potentialAction":[{"@type":"SearchAction","target":{"@type":"EntryPoint","urlTemplate":"https:\/\/algarve7.pt\/?s={search_term_string}"},"query-input":{"@type":"PropertyValueSpecification","valueRequired":true,"valueName":"search_term_string"}}],"inLanguage":"pt-PT"},{"@type":"Organization","@id":"https:\/\/algarve7.pt\/#organization","name":"Algarve 7","url":"https:\/\/algarve7.pt\/","logo":{"@type":"ImageObject","inLanguage":"pt-PT","@id":"https:\/\/algarve7.pt\/#\/schema\/logo\/image\/","url":"https:\/\/algarve7.pt\/wp-content\/uploads\/2020\/10\/Logo-8.jpg","contentUrl":"https:\/\/algarve7.pt\/wp-content\/uploads\/2020\/10\/Logo-8.jpg","width":1680,"height":1186,"caption":"Algarve 7"},"image":{"@id":"https:\/\/algarve7.pt\/#\/schema\/logo\/image\/"},"sameAs":["https:\/\/www.facebook.com\/algarve7","https:\/\/x.com\/Algarvesete","https:\/\/www.instagram.com\/jornalalgarve7\/","https:\/\/www.linkedin.com\/company\/algarve7","https:\/\/www.pinterest.pt\/geral0939\/_created\/"]},{"@type":"Person","@id":"https:\/\/algarve7.pt\/#\/schema\/person\/23fa70681308e7b319a3204bcea45e0c","name":"Algarve 7","sameAs":["https:\/\/algarve7.pt","https:\/\/www.facebook.com\/algarve7"],"url":"https:\/\/algarve7.pt\/index.php\/author\/geralalgarve7-pt\/"}]}},"jetpack_publicize_connections":[],"jetpack_featured_media_url":"https:\/\/algarve7.pt\/wp-content\/uploads\/2022\/05\/Captura-de-ecra\u0303-2022-05-27-a\u0300s-13.16.49.png","jetpack_shortlink":"https:\/\/wp.me\/pcezmW-4VR","jetpack_sharing_enabled":true,"_links":{"self":[{"href":"https:\/\/algarve7.pt\/index.php\/wp-json\/wp\/v2\/posts\/18963","targetHints":{"allow":["GET"]}}],"collection":[{"href":"https:\/\/algarve7.pt\/index.php\/wp-json\/wp\/v2\/posts"}],"about":[{"href":"https:\/\/algarve7.pt\/index.php\/wp-json\/wp\/v2\/types\/post"}],"author":[{"embeddable":true,"href":"https:\/\/algarve7.pt\/index.php\/wp-json\/wp\/v2\/users\/1"}],"replies":[{"embeddable":true,"href":"https:\/\/algarve7.pt\/index.php\/wp-json\/wp\/v2\/comments?post=18963"}],"version-history":[{"count":0,"href":"https:\/\/algarve7.pt\/index.php\/wp-json\/wp\/v2\/posts\/18963\/revisions"}],"wp:featuredmedia":[{"embeddable":true,"href":"https:\/\/algarve7.pt\/index.php\/wp-json\/wp\/v2\/media\/18964"}],"wp:attachment":[{"href":"https:\/\/algarve7.pt\/index.php\/wp-json\/wp\/v2\/media?parent=18963"}],"wp:term":[{"taxonomy":"category","embeddable":true,"href":"https:\/\/algarve7.pt\/index.php\/wp-json\/wp\/v2\/categories?post=18963"},{"taxonomy":"post_tag","embeddable":true,"href":"https:\/\/algarve7.pt\/index.php\/wp-json\/wp\/v2\/tags?post=18963"}],"curies":[{"name":"wp","href":"https:\/\/api.w.org\/{rel}","templated":true}]}}