{"id":18957,"date":"2022-05-27T12:31:36","date_gmt":"2022-05-27T11:31:36","guid":{"rendered":"https:\/\/algarve7.pt\/?p=18957"},"modified":"2022-05-27T12:31:37","modified_gmt":"2022-05-27T11:31:37","slug":"tavira-recebe-programacao-da-central-artes","status":"publish","type":"post","link":"https:\/\/algarve7.pt\/index.php\/2022\/05\/tavira-recebe-programacao-da-central-artes\/cultura\/12\/31\/","title":{"rendered":"Tavira recebe programa\u00e7\u00e3o da Central Artes"},"content":{"rendered":"\n<p>No \u00e2mbito da Central Arte \u2013 Programa\u00e7\u00e3o Cultural em Rede, decorre, no dia 29 de maio, pelas 19h00, na Pra\u00e7a da Rep\u00fablica, o espet\u00e1culo Isla (teatro f\u00edsico \/ circo \/ humor) pela Companhia D\u2019 Click.<\/p>\n\n\n\n<p>\u201cISLA\u201d \u00e9 baseado nos sonhos e alucina\u00e7\u00f5es de tr\u00eas personagens n\u00e1ufragos que se encontram sozinhos e que precisar\u00e3o uns dos outros para refazer a sua hist\u00f3ria. Essas personagens criar\u00e3o situa\u00e7\u00f5es inacredit\u00e1veis e escolher\u00e3o as estrat\u00e9gias mais bizarras para superar os limites da sua ilha.<\/p>\n\n\n\n<p>Uma hist\u00f3ria que promove a reflex\u00e3o sobre a conveni\u00eancia de refugiar-se no mar ou naufragar numa ilha.<\/p>\n\n\n\n<p>A partir de um trabalho de movimento de corpo, as ferramentas mais t\u00edpicas do circo, como a acrobacia e o mastro chin\u00eas, fazem parte do espet\u00e1culo como linguagem c\u00e9nica. Este espet\u00e1culo lembrar\u00e1 a sutil barreira que existe entre o teatro f\u00edsico e a dan\u00e7a; o circo e o risco, e a magia e os sonhos.<\/p>\n\n\n\n<p>Tamb\u00e9m, no mesmo dia, entre as 10h00 e as 12h00, realiza-se, no Mercado da Ribeira, o workshop \u201cMultidisciplinar Circus\u201d e, entre as 15h00 e as 16h00, na Pra\u00e7a da Rep\u00fablica, \u201cNos Bastidores\u201d.<\/p>\n\n\n\n<p>O \u201cMultidisciplinar Circus\u201d tem como mote a aprecia\u00e7\u00e3o pelas artes circenses num ambiente de apoio e n\u00e3o competitivo. Eles ajudam a construir o bem-estar f\u00edsico e mental de um indiv\u00edduo e com o grupo junto. Neste tipo de oficina os alunos ganham for\u00e7a, flexibilidade e alcan\u00e7am mais consci\u00eancia do seu corpo.<\/p>\n\n\n\n<p>Este ter\u00e1 a dura\u00e7\u00e3o de duas horas e destina-se a n\u00famero m\u00e1ximo de 15 participantes (crian\u00e7as dos 06 aos 12 anos acompanhadas por um adulto).<\/p>\n\n\n\n<p>O workshop \u201cNos Bastidores\u201d consiste numa visita aos bastidores do espet\u00e1culo Isla, com intera\u00e7\u00e3o com os artistas e breve contextualiza\u00e7\u00e3o hist\u00f3rica sobre as pr\u00e1ticas culturais dos \u00faltimos 150 anos no territ\u00f3rio.<\/p>\n\n\n\n<p>Este, com dura\u00e7\u00e3o de uma hora, destina-se ao p\u00fablico em geral e a um n\u00famero m\u00e1ximo de 10 pessoas.<\/p>\n\n\n\n<p>Os interessados dever\u00e3o formalizar a sua inscri\u00e7\u00e3o, atrav\u00e9s do e-mail: <a href=\"mailto:dcpmuseus@cm-tavira.pt\" target=\"_blank\" rel=\"noreferrer noopener\">dcpmuseus@cm-tavira.pt<\/a>. Para efeitos de seguro dever\u00e3o os participantes fazer refer\u00eancia aos seguintes dados: nome, data de nascimento, n\u00fameros de cart\u00e3o de cidad\u00e3o e contribuinte.<\/p>\n","protected":false},"excerpt":{"rendered":"<p>No \u00e2mbito da Central Arte \u2013 Programa\u00e7\u00e3o Cultural em Rede, decorre, no dia 29 de maio, pelas 19h00, na Pra\u00e7a<\/p>\n","protected":false},"author":1,"featured_media":18958,"comment_status":"closed","ping_status":"open","sticky":false,"template":"","format":"standard","meta":{"colormag_page_container_layout":"default_layout","colormag_page_sidebar_layout":"default_layout","_monsterinsights_skip_tracking":false,"_monsterinsights_sitenote_active":false,"_monsterinsights_sitenote_note":"","_monsterinsights_sitenote_category":0,"jetpack_post_was_ever_published":false,"_jetpack_newsletter_access":"","_jetpack_dont_email_post_to_subs":false,"_jetpack_newsletter_tier_id":0,"_jetpack_memberships_contains_paywalled_content":false,"_jetpack_memberships_contains_paid_content":false,"footnotes":"","jetpack_publicize_message":"","jetpack_publicize_feature_enabled":true,"jetpack_social_post_already_shared":true,"jetpack_social_options":{"image_generator_settings":{"template":"highway","default_image_id":0,"font":"","enabled":false},"version":2}},"categories":[14],"tags":[36,35,54,101],"class_list":["post-18957","post","type-post","status-publish","format-standard","has-post-thumbnail","hentry","category-cultura","tag-algarve","tag-cultura","tag-tavira","tag-teatro"],"yoast_head":"<!-- This site is optimized with the Yoast SEO plugin v27.5 - https:\/\/yoast.com\/product\/yoast-seo-wordpress\/ -->\n<title>Tavira recebe programa\u00e7\u00e3o da Central Artes - Algarve 7<\/title>\n<meta name=\"description\" content=\"Tavira recebe programa\u00e7\u00e3o da Central Artes Cultura\" \/>\n<meta name=\"robots\" content=\"index, follow, max-snippet:-1, max-image-preview:large, max-video-preview:-1\" \/>\n<link rel=\"canonical\" href=\"https:\/\/algarve7.pt\/index.php\/2022\/05\/tavira-recebe-programacao-da-central-artes\/cultura\/12\/31\/\" \/>\n<meta property=\"og:locale\" content=\"pt_PT\" \/>\n<meta property=\"og:type\" content=\"article\" \/>\n<meta property=\"og:title\" content=\"Tavira recebe programa\u00e7\u00e3o da Central Artes - Algarve 7\" \/>\n<meta property=\"og:description\" content=\"Tavira recebe programa\u00e7\u00e3o da Central Artes Cultura\" \/>\n<meta property=\"og:url\" content=\"https:\/\/algarve7.pt\/index.php\/2022\/05\/tavira-recebe-programacao-da-central-artes\/cultura\/12\/31\/\" \/>\n<meta property=\"og:site_name\" content=\"Algarve 7\" \/>\n<meta property=\"article:publisher\" content=\"https:\/\/www.facebook.com\/algarve7\" \/>\n<meta property=\"article:author\" content=\"https:\/\/www.facebook.com\/algarve7\" \/>\n<meta property=\"article:published_time\" content=\"2022-05-27T11:31:36+00:00\" \/>\n<meta property=\"article:modified_time\" content=\"2022-05-27T11:31:37+00:00\" \/>\n<meta property=\"og:image\" content=\"https:\/\/algarve7.pt\/wp-content\/uploads\/2022\/05\/Foto-Isla.3.-Aranzazu-Navarro-scaled.jpg\" \/>\n\t<meta property=\"og:image:width\" content=\"2560\" \/>\n\t<meta property=\"og:image:height\" content=\"1707\" \/>\n\t<meta property=\"og:image:type\" content=\"image\/jpeg\" \/>\n<meta name=\"author\" content=\"Algarve 7\" \/>\n<meta name=\"twitter:card\" content=\"summary_large_image\" \/>\n<meta name=\"twitter:creator\" content=\"@Algarvesete\" \/>\n<meta name=\"twitter:site\" content=\"@Algarvesete\" \/>\n<meta name=\"twitter:label1\" content=\"Escrito por\" \/>\n\t<meta name=\"twitter:data1\" content=\"Algarve 7\" \/>\n\t<meta name=\"twitter:label2\" content=\"Tempo estimado de leitura\" \/>\n\t<meta name=\"twitter:data2\" content=\"2 minutos\" \/>\n<script type=\"application\/ld+json\" class=\"yoast-schema-graph\">{\"@context\":\"https:\\\/\\\/schema.org\",\"@graph\":[{\"@type\":\"Article\",\"@id\":\"https:\\\/\\\/algarve7.pt\\\/index.php\\\/2022\\\/05\\\/tavira-recebe-programacao-da-central-artes\\\/cultura\\\/12\\\/31\\\/#article\",\"isPartOf\":{\"@id\":\"https:\\\/\\\/algarve7.pt\\\/index.php\\\/2022\\\/05\\\/tavira-recebe-programacao-da-central-artes\\\/cultura\\\/12\\\/31\\\/\"},\"author\":{\"name\":\"Algarve 7\",\"@id\":\"https:\\\/\\\/algarve7.pt\\\/#\\\/schema\\\/person\\\/23fa70681308e7b319a3204bcea45e0c\"},\"headline\":\"Tavira recebe programa\u00e7\u00e3o da Central Artes\",\"datePublished\":\"2022-05-27T11:31:36+00:00\",\"dateModified\":\"2022-05-27T11:31:37+00:00\",\"mainEntityOfPage\":{\"@id\":\"https:\\\/\\\/algarve7.pt\\\/index.php\\\/2022\\\/05\\\/tavira-recebe-programacao-da-central-artes\\\/cultura\\\/12\\\/31\\\/\"},\"wordCount\":399,\"publisher\":{\"@id\":\"https:\\\/\\\/algarve7.pt\\\/#organization\"},\"image\":{\"@id\":\"https:\\\/\\\/algarve7.pt\\\/index.php\\\/2022\\\/05\\\/tavira-recebe-programacao-da-central-artes\\\/cultura\\\/12\\\/31\\\/#primaryimage\"},\"thumbnailUrl\":\"https:\\\/\\\/algarve7.pt\\\/wp-content\\\/uploads\\\/2022\\\/05\\\/Foto-Isla.3.-Aranzazu-Navarro-scaled.jpg\",\"keywords\":[\"Algarve\",\"Cultura\",\"Tavira\",\"Teatro\"],\"articleSection\":[\"Cultura\"],\"inLanguage\":\"pt-PT\"},{\"@type\":\"WebPage\",\"@id\":\"https:\\\/\\\/algarve7.pt\\\/index.php\\\/2022\\\/05\\\/tavira-recebe-programacao-da-central-artes\\\/cultura\\\/12\\\/31\\\/\",\"url\":\"https:\\\/\\\/algarve7.pt\\\/index.php\\\/2022\\\/05\\\/tavira-recebe-programacao-da-central-artes\\\/cultura\\\/12\\\/31\\\/\",\"name\":\"Tavira recebe programa\u00e7\u00e3o da Central Artes - Algarve 7\",\"isPartOf\":{\"@id\":\"https:\\\/\\\/algarve7.pt\\\/#website\"},\"primaryImageOfPage\":{\"@id\":\"https:\\\/\\\/algarve7.pt\\\/index.php\\\/2022\\\/05\\\/tavira-recebe-programacao-da-central-artes\\\/cultura\\\/12\\\/31\\\/#primaryimage\"},\"image\":{\"@id\":\"https:\\\/\\\/algarve7.pt\\\/index.php\\\/2022\\\/05\\\/tavira-recebe-programacao-da-central-artes\\\/cultura\\\/12\\\/31\\\/#primaryimage\"},\"thumbnailUrl\":\"https:\\\/\\\/algarve7.pt\\\/wp-content\\\/uploads\\\/2022\\\/05\\\/Foto-Isla.3.-Aranzazu-Navarro-scaled.jpg\",\"datePublished\":\"2022-05-27T11:31:36+00:00\",\"dateModified\":\"2022-05-27T11:31:37+00:00\",\"description\":\"Tavira recebe programa\u00e7\u00e3o da Central Artes Cultura\",\"breadcrumb\":{\"@id\":\"https:\\\/\\\/algarve7.pt\\\/index.php\\\/2022\\\/05\\\/tavira-recebe-programacao-da-central-artes\\\/cultura\\\/12\\\/31\\\/#breadcrumb\"},\"inLanguage\":\"pt-PT\",\"potentialAction\":[{\"@type\":\"ReadAction\",\"target\":[\"https:\\\/\\\/algarve7.pt\\\/index.php\\\/2022\\\/05\\\/tavira-recebe-programacao-da-central-artes\\\/cultura\\\/12\\\/31\\\/\"]}]},{\"@type\":\"ImageObject\",\"inLanguage\":\"pt-PT\",\"@id\":\"https:\\\/\\\/algarve7.pt\\\/index.php\\\/2022\\\/05\\\/tavira-recebe-programacao-da-central-artes\\\/cultura\\\/12\\\/31\\\/#primaryimage\",\"url\":\"https:\\\/\\\/algarve7.pt\\\/wp-content\\\/uploads\\\/2022\\\/05\\\/Foto-Isla.3.-Aranzazu-Navarro-scaled.jpg\",\"contentUrl\":\"https:\\\/\\\/algarve7.pt\\\/wp-content\\\/uploads\\\/2022\\\/05\\\/Foto-Isla.3.-Aranzazu-Navarro-scaled.jpg\",\"width\":2560,\"height\":1707,\"caption\":\"CULTURA FESTIVAL DE CIRCO GRUPO D\u00b4CLICK \\\/ 03-11-2018 \\\/ FOTO: ARANZAZU NAVARRO\"},{\"@type\":\"BreadcrumbList\",\"@id\":\"https:\\\/\\\/algarve7.pt\\\/index.php\\\/2022\\\/05\\\/tavira-recebe-programacao-da-central-artes\\\/cultura\\\/12\\\/31\\\/#breadcrumb\",\"itemListElement\":[{\"@type\":\"ListItem\",\"position\":1,\"name\":\"In\u00edcio\",\"item\":\"https:\\\/\\\/algarve7.pt\\\/\"},{\"@type\":\"ListItem\",\"position\":2,\"name\":\"Tavira recebe programa\u00e7\u00e3o da Central Artes\"}]},{\"@type\":\"WebSite\",\"@id\":\"https:\\\/\\\/algarve7.pt\\\/#website\",\"url\":\"https:\\\/\\\/algarve7.pt\\\/\",\"name\":\"Algarve 7\",\"description\":\"Informa\u00e7\u00e3o sobre o Algarve\",\"publisher\":{\"@id\":\"https:\\\/\\\/algarve7.pt\\\/#organization\"},\"potentialAction\":[{\"@type\":\"SearchAction\",\"target\":{\"@type\":\"EntryPoint\",\"urlTemplate\":\"https:\\\/\\\/algarve7.pt\\\/?s={search_term_string}\"},\"query-input\":{\"@type\":\"PropertyValueSpecification\",\"valueRequired\":true,\"valueName\":\"search_term_string\"}}],\"inLanguage\":\"pt-PT\"},{\"@type\":\"Organization\",\"@id\":\"https:\\\/\\\/algarve7.pt\\\/#organization\",\"name\":\"Algarve 7\",\"url\":\"https:\\\/\\\/algarve7.pt\\\/\",\"logo\":{\"@type\":\"ImageObject\",\"inLanguage\":\"pt-PT\",\"@id\":\"https:\\\/\\\/algarve7.pt\\\/#\\\/schema\\\/logo\\\/image\\\/\",\"url\":\"https:\\\/\\\/algarve7.pt\\\/wp-content\\\/uploads\\\/2020\\\/10\\\/Logo-8.jpg\",\"contentUrl\":\"https:\\\/\\\/algarve7.pt\\\/wp-content\\\/uploads\\\/2020\\\/10\\\/Logo-8.jpg\",\"width\":1680,\"height\":1186,\"caption\":\"Algarve 7\"},\"image\":{\"@id\":\"https:\\\/\\\/algarve7.pt\\\/#\\\/schema\\\/logo\\\/image\\\/\"},\"sameAs\":[\"https:\\\/\\\/www.facebook.com\\\/algarve7\",\"https:\\\/\\\/x.com\\\/Algarvesete\",\"https:\\\/\\\/www.instagram.com\\\/jornalalgarve7\\\/\",\"https:\\\/\\\/www.linkedin.com\\\/company\\\/algarve7\",\"https:\\\/\\\/www.pinterest.pt\\\/geral0939\\\/_created\\\/\"]},{\"@type\":\"Person\",\"@id\":\"https:\\\/\\\/algarve7.pt\\\/#\\\/schema\\\/person\\\/23fa70681308e7b319a3204bcea45e0c\",\"name\":\"Algarve 7\",\"sameAs\":[\"https:\\\/\\\/algarve7.pt\",\"https:\\\/\\\/www.facebook.com\\\/algarve7\"],\"url\":\"https:\\\/\\\/algarve7.pt\\\/index.php\\\/author\\\/geralalgarve7-pt\\\/\"}]}<\/script>\n<!-- \/ Yoast SEO plugin. -->","yoast_head_json":{"title":"Tavira recebe programa\u00e7\u00e3o da Central Artes - Algarve 7","description":"Tavira recebe programa\u00e7\u00e3o da Central Artes Cultura","robots":{"index":"index","follow":"follow","max-snippet":"max-snippet:-1","max-image-preview":"max-image-preview:large","max-video-preview":"max-video-preview:-1"},"canonical":"https:\/\/algarve7.pt\/index.php\/2022\/05\/tavira-recebe-programacao-da-central-artes\/cultura\/12\/31\/","og_locale":"pt_PT","og_type":"article","og_title":"Tavira recebe programa\u00e7\u00e3o da Central Artes - Algarve 7","og_description":"Tavira recebe programa\u00e7\u00e3o da Central Artes Cultura","og_url":"https:\/\/algarve7.pt\/index.php\/2022\/05\/tavira-recebe-programacao-da-central-artes\/cultura\/12\/31\/","og_site_name":"Algarve 7","article_publisher":"https:\/\/www.facebook.com\/algarve7","article_author":"https:\/\/www.facebook.com\/algarve7","article_published_time":"2022-05-27T11:31:36+00:00","article_modified_time":"2022-05-27T11:31:37+00:00","og_image":[{"width":2560,"height":1707,"url":"https:\/\/algarve7.pt\/wp-content\/uploads\/2022\/05\/Foto-Isla.3.-Aranzazu-Navarro-scaled.jpg","type":"image\/jpeg"}],"author":"Algarve 7","twitter_card":"summary_large_image","twitter_creator":"@Algarvesete","twitter_site":"@Algarvesete","twitter_misc":{"Escrito por":"Algarve 7","Tempo estimado de leitura":"2 minutos"},"schema":{"@context":"https:\/\/schema.org","@graph":[{"@type":"Article","@id":"https:\/\/algarve7.pt\/index.php\/2022\/05\/tavira-recebe-programacao-da-central-artes\/cultura\/12\/31\/#article","isPartOf":{"@id":"https:\/\/algarve7.pt\/index.php\/2022\/05\/tavira-recebe-programacao-da-central-artes\/cultura\/12\/31\/"},"author":{"name":"Algarve 7","@id":"https:\/\/algarve7.pt\/#\/schema\/person\/23fa70681308e7b319a3204bcea45e0c"},"headline":"Tavira recebe programa\u00e7\u00e3o da Central Artes","datePublished":"2022-05-27T11:31:36+00:00","dateModified":"2022-05-27T11:31:37+00:00","mainEntityOfPage":{"@id":"https:\/\/algarve7.pt\/index.php\/2022\/05\/tavira-recebe-programacao-da-central-artes\/cultura\/12\/31\/"},"wordCount":399,"publisher":{"@id":"https:\/\/algarve7.pt\/#organization"},"image":{"@id":"https:\/\/algarve7.pt\/index.php\/2022\/05\/tavira-recebe-programacao-da-central-artes\/cultura\/12\/31\/#primaryimage"},"thumbnailUrl":"https:\/\/algarve7.pt\/wp-content\/uploads\/2022\/05\/Foto-Isla.3.-Aranzazu-Navarro-scaled.jpg","keywords":["Algarve","Cultura","Tavira","Teatro"],"articleSection":["Cultura"],"inLanguage":"pt-PT"},{"@type":"WebPage","@id":"https:\/\/algarve7.pt\/index.php\/2022\/05\/tavira-recebe-programacao-da-central-artes\/cultura\/12\/31\/","url":"https:\/\/algarve7.pt\/index.php\/2022\/05\/tavira-recebe-programacao-da-central-artes\/cultura\/12\/31\/","name":"Tavira recebe programa\u00e7\u00e3o da Central Artes - Algarve 7","isPartOf":{"@id":"https:\/\/algarve7.pt\/#website"},"primaryImageOfPage":{"@id":"https:\/\/algarve7.pt\/index.php\/2022\/05\/tavira-recebe-programacao-da-central-artes\/cultura\/12\/31\/#primaryimage"},"image":{"@id":"https:\/\/algarve7.pt\/index.php\/2022\/05\/tavira-recebe-programacao-da-central-artes\/cultura\/12\/31\/#primaryimage"},"thumbnailUrl":"https:\/\/algarve7.pt\/wp-content\/uploads\/2022\/05\/Foto-Isla.3.-Aranzazu-Navarro-scaled.jpg","datePublished":"2022-05-27T11:31:36+00:00","dateModified":"2022-05-27T11:31:37+00:00","description":"Tavira recebe programa\u00e7\u00e3o da Central Artes Cultura","breadcrumb":{"@id":"https:\/\/algarve7.pt\/index.php\/2022\/05\/tavira-recebe-programacao-da-central-artes\/cultura\/12\/31\/#breadcrumb"},"inLanguage":"pt-PT","potentialAction":[{"@type":"ReadAction","target":["https:\/\/algarve7.pt\/index.php\/2022\/05\/tavira-recebe-programacao-da-central-artes\/cultura\/12\/31\/"]}]},{"@type":"ImageObject","inLanguage":"pt-PT","@id":"https:\/\/algarve7.pt\/index.php\/2022\/05\/tavira-recebe-programacao-da-central-artes\/cultura\/12\/31\/#primaryimage","url":"https:\/\/algarve7.pt\/wp-content\/uploads\/2022\/05\/Foto-Isla.3.-Aranzazu-Navarro-scaled.jpg","contentUrl":"https:\/\/algarve7.pt\/wp-content\/uploads\/2022\/05\/Foto-Isla.3.-Aranzazu-Navarro-scaled.jpg","width":2560,"height":1707,"caption":"CULTURA FESTIVAL DE CIRCO GRUPO D\u00b4CLICK \/ 03-11-2018 \/ FOTO: ARANZAZU NAVARRO"},{"@type":"BreadcrumbList","@id":"https:\/\/algarve7.pt\/index.php\/2022\/05\/tavira-recebe-programacao-da-central-artes\/cultura\/12\/31\/#breadcrumb","itemListElement":[{"@type":"ListItem","position":1,"name":"In\u00edcio","item":"https:\/\/algarve7.pt\/"},{"@type":"ListItem","position":2,"name":"Tavira recebe programa\u00e7\u00e3o da Central Artes"}]},{"@type":"WebSite","@id":"https:\/\/algarve7.pt\/#website","url":"https:\/\/algarve7.pt\/","name":"Algarve 7","description":"Informa\u00e7\u00e3o sobre o Algarve","publisher":{"@id":"https:\/\/algarve7.pt\/#organization"},"potentialAction":[{"@type":"SearchAction","target":{"@type":"EntryPoint","urlTemplate":"https:\/\/algarve7.pt\/?s={search_term_string}"},"query-input":{"@type":"PropertyValueSpecification","valueRequired":true,"valueName":"search_term_string"}}],"inLanguage":"pt-PT"},{"@type":"Organization","@id":"https:\/\/algarve7.pt\/#organization","name":"Algarve 7","url":"https:\/\/algarve7.pt\/","logo":{"@type":"ImageObject","inLanguage":"pt-PT","@id":"https:\/\/algarve7.pt\/#\/schema\/logo\/image\/","url":"https:\/\/algarve7.pt\/wp-content\/uploads\/2020\/10\/Logo-8.jpg","contentUrl":"https:\/\/algarve7.pt\/wp-content\/uploads\/2020\/10\/Logo-8.jpg","width":1680,"height":1186,"caption":"Algarve 7"},"image":{"@id":"https:\/\/algarve7.pt\/#\/schema\/logo\/image\/"},"sameAs":["https:\/\/www.facebook.com\/algarve7","https:\/\/x.com\/Algarvesete","https:\/\/www.instagram.com\/jornalalgarve7\/","https:\/\/www.linkedin.com\/company\/algarve7","https:\/\/www.pinterest.pt\/geral0939\/_created\/"]},{"@type":"Person","@id":"https:\/\/algarve7.pt\/#\/schema\/person\/23fa70681308e7b319a3204bcea45e0c","name":"Algarve 7","sameAs":["https:\/\/algarve7.pt","https:\/\/www.facebook.com\/algarve7"],"url":"https:\/\/algarve7.pt\/index.php\/author\/geralalgarve7-pt\/"}]}},"jetpack_publicize_connections":[],"jetpack_featured_media_url":"https:\/\/algarve7.pt\/wp-content\/uploads\/2022\/05\/Foto-Isla.3.-Aranzazu-Navarro-scaled.jpg","jetpack_shortlink":"https:\/\/wp.me\/pcezmW-4VL","jetpack_sharing_enabled":true,"_links":{"self":[{"href":"https:\/\/algarve7.pt\/index.php\/wp-json\/wp\/v2\/posts\/18957","targetHints":{"allow":["GET"]}}],"collection":[{"href":"https:\/\/algarve7.pt\/index.php\/wp-json\/wp\/v2\/posts"}],"about":[{"href":"https:\/\/algarve7.pt\/index.php\/wp-json\/wp\/v2\/types\/post"}],"author":[{"embeddable":true,"href":"https:\/\/algarve7.pt\/index.php\/wp-json\/wp\/v2\/users\/1"}],"replies":[{"embeddable":true,"href":"https:\/\/algarve7.pt\/index.php\/wp-json\/wp\/v2\/comments?post=18957"}],"version-history":[{"count":0,"href":"https:\/\/algarve7.pt\/index.php\/wp-json\/wp\/v2\/posts\/18957\/revisions"}],"wp:featuredmedia":[{"embeddable":true,"href":"https:\/\/algarve7.pt\/index.php\/wp-json\/wp\/v2\/media\/18958"}],"wp:attachment":[{"href":"https:\/\/algarve7.pt\/index.php\/wp-json\/wp\/v2\/media?parent=18957"}],"wp:term":[{"taxonomy":"category","embeddable":true,"href":"https:\/\/algarve7.pt\/index.php\/wp-json\/wp\/v2\/categories?post=18957"},{"taxonomy":"post_tag","embeddable":true,"href":"https:\/\/algarve7.pt\/index.php\/wp-json\/wp\/v2\/tags?post=18957"}],"curies":[{"name":"wp","href":"https:\/\/api.w.org\/{rel}","templated":true}]}}