{"id":18695,"date":"2022-05-19T13:12:05","date_gmt":"2022-05-19T12:12:05","guid":{"rendered":"https:\/\/algarve7.pt\/?p=18695"},"modified":"2022-05-19T13:12:05","modified_gmt":"2022-05-19T12:12:05","slug":"sao-bras-de-alportel-inaugurou-o-projeto-um-museu-para-todos","status":"publish","type":"post","link":"https:\/\/algarve7.pt\/index.php\/2022\/05\/sao-bras-de-alportel-inaugurou-o-projeto-um-museu-para-todos\/cultura\/13\/12\/","title":{"rendered":"S\u00e3o Br\u00e1s de Alportel inaugurou o Projeto \u201cUm Museu para Todos\u201d"},"content":{"rendered":"\n<p>O Dia Internacional dos Museus foi assinalado em S\u00e3o Br\u00e1s de Alportel com a inaugura\u00e7\u00e3o do Projeto \u201cUm Museu para Todos\u201d, desenvolvido no Museu do Traje de S\u00e3o Br\u00e1s de Alportel, ao abrigo da linha \u201cTurismo Acess\u00edvel, do Programa \u201cValorizar\u201d do Turismo de Portugal.<\/p>\n\n\n\n<p>A cerim\u00f3nia foi presidida pela Sr\u00aa Secret\u00e1ria de Estado da Inclus\u00e3o, Dr.\u00aa Ana Sofia Antunes, e contou com representante do Turismo de Portugal, Presidente da Regi\u00e3o de Turismo do Algarve, Presidente do Instituto Nacional de Reabilita\u00e7\u00e3o, uma comitiva da Associa\u00e7\u00e3o dos Cegos e Ambl\u00edopes de Portugal (ACAPO), o Presidente da Comiss\u00e3o de Coordena\u00e7\u00e3o de Desenvolvimento Regional do Algarve e elementos da sua equipa; a Diretora Regional de Cultura do Algarve e a Diretora Regional da Seguran\u00e7a Social.<\/p>\n\n\n\n<p>A visita aos v\u00e1rios espa\u00e7os do Museu do Traje permitiu dar a conhecer as exposi\u00e7\u00f5es patentes assim como as diversas adapta\u00e7\u00f5es e novidades introduzidas no Museu no \u00e2mbito deste projeto diferenciador que vem enriquecer a \u00e1rea tur\u00edstica e patrimonial do concelho de S\u00e3o Br\u00e1s de Alportel.<\/p>\n\n\n\n<p>O projeto que incluiu a elimina\u00e7\u00e3o de barreiras arquitet\u00f3nicas, a cria\u00e7\u00e3o de espa\u00e7os de experimenta\u00e7\u00e3o, a corre\u00e7\u00e3o de pavimentos e a disponibiliza\u00e7\u00e3o de informa\u00e7\u00e3o acess\u00edvel contou com um investimento total na ordem dos 152 mil euros, concretizada com o apoio do Munic\u00edpio de S\u00e3o Br\u00e1s de Alportel e um financiamento do Turismo de Portugal, atrav\u00e9s da linha de Apoio ao Turismo Acess\u00edvel: Valorizar.<\/p>\n\n\n\n<p>Na sua interven\u00e7\u00e3o, o provedor da Santa Casa da Miseric\u00f3rdia de S\u00e3o Br\u00e1s de Alportel, J\u00falio Pereira, explicou que o Museu do Traje tem sabido afirmar-se na e para a comunidade acolhendo mais de 30 grupos dedicados a diversas iniciativas e \u00e1reas art\u00edsticas e culturais.<\/p>\n\n\n\n<p>Mas essa afirma\u00e7\u00e3o resulta tamb\u00e9m de um trabalho constante em que o Museu se tem reinventado e adaptado como \u00e9 o caso desta nova fase do \u201cMuseu para todos\u201d que sublinha estar em plena harmonia com a miss\u00e3o da Santa Casa.<\/p>\n\n\n\n<p><strong><em>\u201cA visita a um museu \u00e9 sempre enriquecedora e quer\u00edamos que fosse assim para todos\u201d,<\/em><\/strong>&nbsp;frisou.<\/p>\n\n\n\n<p><strong><em>\u201c\u00c9 bom ver esta casa repleta de atividade. Queremos ver nos museus espa\u00e7os din\u00e2micos como este\u201d,<\/em><\/strong>&nbsp;salientou a Secret\u00e1ria de Estado da Inclus\u00e3o na sua interven\u00e7\u00e3o. Recordando a sua primeira visita a S\u00e3o Br\u00e1s de Alportel em 2016 durante a inaugura\u00e7\u00e3o da primeira fase da rede de percursos pedonais, Ana Sofia Antunes mostrou-se satisfeita com o percurso percorrido deste ent\u00e3o, inclusivamente com recurso a financiamentos que permitiram entre outras medidas adequar os servi\u00e7os p\u00fablicos \u00e0s necessidades de todos os utentes.<\/p>\n\n\n\n<p><strong><em>\u201c\u00c9 uma honra perceber que de uma linha de apoio que lan\u00e7\u00e1mos (\u2026) surgem projetos como este\u201d,<\/em><\/strong>&nbsp;comentou acrescentando que o objetivo \u00e9 dar dignidade \u00e0s pessoas e criar acessibilidade para todos em qualquer contexto. Uma miss\u00e3o nacional que \u00e9 concretizada em cada projeto, em cada regi\u00e3o e em cada concelho.<\/p>\n\n\n\n<p><strong><em>\u201cA promo\u00e7\u00e3o da acessibilidade para todos constitui um eixo priorit\u00e1rio na estrat\u00e9gia do Munic\u00edpio, presente em todas \u00e1reas e projetos\u2026 n\u00e3o \u00e9 j\u00e1 uma dimens\u00e3o, mas uma forma de agir num trabalho cont\u00ednuo<\/em><\/strong>\u201d, afirmou o presidente da C\u00e2mara Municipal de S\u00e3o Br\u00e1s de Alportel, Vitor Guerreiro que admite que esta \u00e9 uma \u00e1rea de trabalho cont\u00ednuo em que&nbsp;<strong><em>\u201ca primeira barreira a ultrapassar \u00e9 a mudan\u00e7a de mentalidades<\/em><\/strong>\u201d.<\/p>\n\n\n\n<p><strong><em>\u201cPensar o turismo \u00e9 pensar nas acessibilidades, nas condi\u00e7\u00f5es que oferecemos aos nossos visitantes para que possam usufruir do nosso territ\u00f3rio de forma plena\u201d,&nbsp;<\/em><\/strong>acrescentou concluindo que esta \u00e9 uma jornada que S\u00e3o Br\u00e1s de Alportel abra\u00e7ou e em que&nbsp; Vitor Guerreiro espera que o concelho possa ser refer\u00eancia consolidada na \u00e1rea do turismo acess\u00edvel.<\/p>\n\n\n\n<p>Satisfeita com a implementa\u00e7\u00e3o do projeto que o Turismo de Portugal apoiou, a sua representante Helena Ribeiro disse que muitos aspetos e boas pr\u00e1ticas que tornam este museu \u00fanico ser\u00e3o divulgadas pelo Turismo de Portugal.<\/p>\n\n\n\n<p>Anat\u00edlia Jara, representante da ACAPO Algarve mostrou-se satisfeita com o trabalho realizado e pretende trazer a este espa\u00e7o mais utentes da associa\u00e7\u00e3o. Admitindo que o trabalho na \u00e1rea das acessibilidades \u00e9 cont\u00ednuo, apresentou a disponibilidade da associa\u00e7\u00e3o para colaborar com projetos nesta \u00e1rea.<\/p>\n\n\n\n<p>A visita prosseguiu ainda at\u00e9 ao Centro de Artes e Of\u00edcios de S\u00e3o Br\u00e1s de Alportel onde a secret\u00e1ria de Estado teve oportunidade de comprovar os trabalhos de adapta\u00e7\u00e3o para a promo\u00e7\u00e3o da mobilidade e acessibilidade realizadas no Posto Municipal de Informa\u00e7\u00e3o Tur\u00edstica e uma visita \u00e0 Santa Casa da Miseric\u00f3rdia que deu a conhecer o projeto inovador na \u00e1rea do apoio domicili\u00e1rio a idosos \u201cApoio COmVIDa\u201d.<\/p>\n\n\n\n<p>Foto: Jorge Gomes (Click Time Photo\u00ae\u00a9)<\/p>\n","protected":false},"excerpt":{"rendered":"<p>O Dia Internacional dos Museus foi assinalado em S\u00e3o Br\u00e1s de Alportel com a inaugura\u00e7\u00e3o do Projeto \u201cUm Museu para<\/p>\n","protected":false},"author":1,"featured_media":18696,"comment_status":"open","ping_status":"open","sticky":false,"template":"","format":"standard","meta":{"colormag_page_container_layout":"default_layout","colormag_page_sidebar_layout":"default_layout","_monsterinsights_skip_tracking":false,"_monsterinsights_sitenote_active":false,"_monsterinsights_sitenote_note":"","_monsterinsights_sitenote_category":0,"jetpack_post_was_ever_published":false,"_jetpack_newsletter_access":"","_jetpack_dont_email_post_to_subs":false,"_jetpack_newsletter_tier_id":0,"_jetpack_memberships_contains_paywalled_content":false,"_jetpack_memberships_contains_paid_content":false,"footnotes":"","jetpack_publicize_message":"","jetpack_publicize_feature_enabled":true,"jetpack_social_post_already_shared":true,"jetpack_social_options":{"image_generator_settings":{"template":"highway","default_image_id":0,"font":"","enabled":false},"version":2}},"categories":[14],"tags":[36,35,85,97,63],"class_list":["post-18695","post","type-post","status-publish","format-standard","has-post-thumbnail","hentry","category-cultura","tag-algarve","tag-cultura","tag-inauguracao","tag-museu","tag-sao-bras-de-alportel"],"yoast_head":"<!-- This site is optimized with the Yoast SEO plugin v27.5 - https:\/\/yoast.com\/product\/yoast-seo-wordpress\/ -->\n<title>S\u00e3o Br\u00e1s de Alportel inaugurou o Projeto \u201cUm Museu para Todos\u201d - Algarve 7<\/title>\n<meta name=\"description\" content=\"S\u00e3o Br\u00e1s de Alportel inaugurou o Projeto \u201cUm Museu para Todos\u201d Cultura\" \/>\n<meta name=\"robots\" content=\"index, follow, max-snippet:-1, max-image-preview:large, max-video-preview:-1\" \/>\n<link rel=\"canonical\" href=\"https:\/\/algarve7.pt\/index.php\/2022\/05\/sao-bras-de-alportel-inaugurou-o-projeto-um-museu-para-todos\/cultura\/13\/12\/\" \/>\n<meta property=\"og:locale\" content=\"pt_PT\" \/>\n<meta property=\"og:type\" content=\"article\" \/>\n<meta property=\"og:title\" content=\"S\u00e3o Br\u00e1s de Alportel inaugurou o Projeto \u201cUm Museu para Todos\u201d - Algarve 7\" \/>\n<meta property=\"og:description\" content=\"S\u00e3o Br\u00e1s de Alportel inaugurou o Projeto \u201cUm Museu para Todos\u201d Cultura\" \/>\n<meta property=\"og:url\" content=\"https:\/\/algarve7.pt\/index.php\/2022\/05\/sao-bras-de-alportel-inaugurou-o-projeto-um-museu-para-todos\/cultura\/13\/12\/\" \/>\n<meta property=\"og:site_name\" content=\"Algarve 7\" \/>\n<meta property=\"article:publisher\" content=\"https:\/\/www.facebook.com\/algarve7\" \/>\n<meta property=\"article:author\" content=\"https:\/\/www.facebook.com\/algarve7\" \/>\n<meta property=\"article:published_time\" content=\"2022-05-19T12:12:05+00:00\" \/>\n<meta property=\"og:image\" content=\"https:\/\/algarve7.pt\/wp-content\/uploads\/2022\/05\/Dia-dos-Museus-Sa\u0303o-Bra\u0301s-de-Alportel-18-05-2022-109-Medium.jpg\" \/>\n\t<meta property=\"og:image:width\" content=\"1152\" \/>\n\t<meta property=\"og:image:height\" content=\"768\" \/>\n\t<meta property=\"og:image:type\" content=\"image\/jpeg\" \/>\n<meta name=\"author\" content=\"Algarve 7\" \/>\n<meta name=\"twitter:card\" content=\"summary_large_image\" \/>\n<meta name=\"twitter:creator\" content=\"@Algarvesete\" \/>\n<meta name=\"twitter:site\" content=\"@Algarvesete\" \/>\n<meta name=\"twitter:label1\" content=\"Escrito por\" \/>\n\t<meta name=\"twitter:data1\" content=\"Algarve 7\" \/>\n\t<meta name=\"twitter:label2\" content=\"Tempo estimado de leitura\" \/>\n\t<meta name=\"twitter:data2\" content=\"5 minutos\" \/>\n<script type=\"application\/ld+json\" class=\"yoast-schema-graph\">{\"@context\":\"https:\\\/\\\/schema.org\",\"@graph\":[{\"@type\":\"Article\",\"@id\":\"https:\\\/\\\/algarve7.pt\\\/index.php\\\/2022\\\/05\\\/sao-bras-de-alportel-inaugurou-o-projeto-um-museu-para-todos\\\/cultura\\\/13\\\/12\\\/#article\",\"isPartOf\":{\"@id\":\"https:\\\/\\\/algarve7.pt\\\/index.php\\\/2022\\\/05\\\/sao-bras-de-alportel-inaugurou-o-projeto-um-museu-para-todos\\\/cultura\\\/13\\\/12\\\/\"},\"author\":{\"name\":\"Algarve 7\",\"@id\":\"https:\\\/\\\/algarve7.pt\\\/#\\\/schema\\\/person\\\/23fa70681308e7b319a3204bcea45e0c\"},\"headline\":\"S\u00e3o Br\u00e1s de Alportel inaugurou o Projeto \u201cUm Museu para Todos\u201d\",\"datePublished\":\"2022-05-19T12:12:05+00:00\",\"mainEntityOfPage\":{\"@id\":\"https:\\\/\\\/algarve7.pt\\\/index.php\\\/2022\\\/05\\\/sao-bras-de-alportel-inaugurou-o-projeto-um-museu-para-todos\\\/cultura\\\/13\\\/12\\\/\"},\"wordCount\":837,\"commentCount\":0,\"publisher\":{\"@id\":\"https:\\\/\\\/algarve7.pt\\\/#organization\"},\"image\":{\"@id\":\"https:\\\/\\\/algarve7.pt\\\/index.php\\\/2022\\\/05\\\/sao-bras-de-alportel-inaugurou-o-projeto-um-museu-para-todos\\\/cultura\\\/13\\\/12\\\/#primaryimage\"},\"thumbnailUrl\":\"https:\\\/\\\/algarve7.pt\\\/wp-content\\\/uploads\\\/2022\\\/05\\\/Dia-dos-Museus-Sa\u0303o-Bra\u0301s-de-Alportel-18-05-2022-109-Medium.jpg\",\"keywords\":[\"Algarve\",\"Cultura\",\"Inaugura\u00e7\u00e3o\",\"Museu\",\"S\u00e3o Br\u00e1s de Alportel\"],\"articleSection\":[\"Cultura\"],\"inLanguage\":\"pt-PT\",\"potentialAction\":[{\"@type\":\"CommentAction\",\"name\":\"Comment\",\"target\":[\"https:\\\/\\\/algarve7.pt\\\/index.php\\\/2022\\\/05\\\/sao-bras-de-alportel-inaugurou-o-projeto-um-museu-para-todos\\\/cultura\\\/13\\\/12\\\/#respond\"]}]},{\"@type\":\"WebPage\",\"@id\":\"https:\\\/\\\/algarve7.pt\\\/index.php\\\/2022\\\/05\\\/sao-bras-de-alportel-inaugurou-o-projeto-um-museu-para-todos\\\/cultura\\\/13\\\/12\\\/\",\"url\":\"https:\\\/\\\/algarve7.pt\\\/index.php\\\/2022\\\/05\\\/sao-bras-de-alportel-inaugurou-o-projeto-um-museu-para-todos\\\/cultura\\\/13\\\/12\\\/\",\"name\":\"S\u00e3o Br\u00e1s de Alportel inaugurou o Projeto \u201cUm Museu para Todos\u201d - Algarve 7\",\"isPartOf\":{\"@id\":\"https:\\\/\\\/algarve7.pt\\\/#website\"},\"primaryImageOfPage\":{\"@id\":\"https:\\\/\\\/algarve7.pt\\\/index.php\\\/2022\\\/05\\\/sao-bras-de-alportel-inaugurou-o-projeto-um-museu-para-todos\\\/cultura\\\/13\\\/12\\\/#primaryimage\"},\"image\":{\"@id\":\"https:\\\/\\\/algarve7.pt\\\/index.php\\\/2022\\\/05\\\/sao-bras-de-alportel-inaugurou-o-projeto-um-museu-para-todos\\\/cultura\\\/13\\\/12\\\/#primaryimage\"},\"thumbnailUrl\":\"https:\\\/\\\/algarve7.pt\\\/wp-content\\\/uploads\\\/2022\\\/05\\\/Dia-dos-Museus-Sa\u0303o-Bra\u0301s-de-Alportel-18-05-2022-109-Medium.jpg\",\"datePublished\":\"2022-05-19T12:12:05+00:00\",\"description\":\"S\u00e3o Br\u00e1s de Alportel inaugurou o Projeto \u201cUm Museu para Todos\u201d Cultura\",\"breadcrumb\":{\"@id\":\"https:\\\/\\\/algarve7.pt\\\/index.php\\\/2022\\\/05\\\/sao-bras-de-alportel-inaugurou-o-projeto-um-museu-para-todos\\\/cultura\\\/13\\\/12\\\/#breadcrumb\"},\"inLanguage\":\"pt-PT\",\"potentialAction\":[{\"@type\":\"ReadAction\",\"target\":[\"https:\\\/\\\/algarve7.pt\\\/index.php\\\/2022\\\/05\\\/sao-bras-de-alportel-inaugurou-o-projeto-um-museu-para-todos\\\/cultura\\\/13\\\/12\\\/\"]}]},{\"@type\":\"ImageObject\",\"inLanguage\":\"pt-PT\",\"@id\":\"https:\\\/\\\/algarve7.pt\\\/index.php\\\/2022\\\/05\\\/sao-bras-de-alportel-inaugurou-o-projeto-um-museu-para-todos\\\/cultura\\\/13\\\/12\\\/#primaryimage\",\"url\":\"https:\\\/\\\/algarve7.pt\\\/wp-content\\\/uploads\\\/2022\\\/05\\\/Dia-dos-Museus-Sa\u0303o-Bra\u0301s-de-Alportel-18-05-2022-109-Medium.jpg\",\"contentUrl\":\"https:\\\/\\\/algarve7.pt\\\/wp-content\\\/uploads\\\/2022\\\/05\\\/Dia-dos-Museus-Sa\u0303o-Bra\u0301s-de-Alportel-18-05-2022-109-Medium.jpg\",\"width\":1152,\"height\":768},{\"@type\":\"BreadcrumbList\",\"@id\":\"https:\\\/\\\/algarve7.pt\\\/index.php\\\/2022\\\/05\\\/sao-bras-de-alportel-inaugurou-o-projeto-um-museu-para-todos\\\/cultura\\\/13\\\/12\\\/#breadcrumb\",\"itemListElement\":[{\"@type\":\"ListItem\",\"position\":1,\"name\":\"In\u00edcio\",\"item\":\"https:\\\/\\\/algarve7.pt\\\/\"},{\"@type\":\"ListItem\",\"position\":2,\"name\":\"S\u00e3o Br\u00e1s de Alportel inaugurou o Projeto \u201cUm Museu para Todos\u201d\"}]},{\"@type\":\"WebSite\",\"@id\":\"https:\\\/\\\/algarve7.pt\\\/#website\",\"url\":\"https:\\\/\\\/algarve7.pt\\\/\",\"name\":\"Algarve 7\",\"description\":\"Informa\u00e7\u00e3o sobre o Algarve\",\"publisher\":{\"@id\":\"https:\\\/\\\/algarve7.pt\\\/#organization\"},\"potentialAction\":[{\"@type\":\"SearchAction\",\"target\":{\"@type\":\"EntryPoint\",\"urlTemplate\":\"https:\\\/\\\/algarve7.pt\\\/?s={search_term_string}\"},\"query-input\":{\"@type\":\"PropertyValueSpecification\",\"valueRequired\":true,\"valueName\":\"search_term_string\"}}],\"inLanguage\":\"pt-PT\"},{\"@type\":\"Organization\",\"@id\":\"https:\\\/\\\/algarve7.pt\\\/#organization\",\"name\":\"Algarve 7\",\"url\":\"https:\\\/\\\/algarve7.pt\\\/\",\"logo\":{\"@type\":\"ImageObject\",\"inLanguage\":\"pt-PT\",\"@id\":\"https:\\\/\\\/algarve7.pt\\\/#\\\/schema\\\/logo\\\/image\\\/\",\"url\":\"https:\\\/\\\/algarve7.pt\\\/wp-content\\\/uploads\\\/2020\\\/10\\\/Logo-8.jpg\",\"contentUrl\":\"https:\\\/\\\/algarve7.pt\\\/wp-content\\\/uploads\\\/2020\\\/10\\\/Logo-8.jpg\",\"width\":1680,\"height\":1186,\"caption\":\"Algarve 7\"},\"image\":{\"@id\":\"https:\\\/\\\/algarve7.pt\\\/#\\\/schema\\\/logo\\\/image\\\/\"},\"sameAs\":[\"https:\\\/\\\/www.facebook.com\\\/algarve7\",\"https:\\\/\\\/x.com\\\/Algarvesete\",\"https:\\\/\\\/www.instagram.com\\\/jornalalgarve7\\\/\",\"https:\\\/\\\/www.linkedin.com\\\/company\\\/algarve7\",\"https:\\\/\\\/www.pinterest.pt\\\/geral0939\\\/_created\\\/\"]},{\"@type\":\"Person\",\"@id\":\"https:\\\/\\\/algarve7.pt\\\/#\\\/schema\\\/person\\\/23fa70681308e7b319a3204bcea45e0c\",\"name\":\"Algarve 7\",\"sameAs\":[\"https:\\\/\\\/algarve7.pt\",\"https:\\\/\\\/www.facebook.com\\\/algarve7\"],\"url\":\"https:\\\/\\\/algarve7.pt\\\/index.php\\\/author\\\/geralalgarve7-pt\\\/\"}]}<\/script>\n<!-- \/ Yoast SEO plugin. -->","yoast_head_json":{"title":"S\u00e3o Br\u00e1s de Alportel inaugurou o Projeto \u201cUm Museu para Todos\u201d - Algarve 7","description":"S\u00e3o Br\u00e1s de Alportel inaugurou o Projeto \u201cUm Museu para Todos\u201d Cultura","robots":{"index":"index","follow":"follow","max-snippet":"max-snippet:-1","max-image-preview":"max-image-preview:large","max-video-preview":"max-video-preview:-1"},"canonical":"https:\/\/algarve7.pt\/index.php\/2022\/05\/sao-bras-de-alportel-inaugurou-o-projeto-um-museu-para-todos\/cultura\/13\/12\/","og_locale":"pt_PT","og_type":"article","og_title":"S\u00e3o Br\u00e1s de Alportel inaugurou o Projeto \u201cUm Museu para Todos\u201d - Algarve 7","og_description":"S\u00e3o Br\u00e1s de Alportel inaugurou o Projeto \u201cUm Museu para Todos\u201d Cultura","og_url":"https:\/\/algarve7.pt\/index.php\/2022\/05\/sao-bras-de-alportel-inaugurou-o-projeto-um-museu-para-todos\/cultura\/13\/12\/","og_site_name":"Algarve 7","article_publisher":"https:\/\/www.facebook.com\/algarve7","article_author":"https:\/\/www.facebook.com\/algarve7","article_published_time":"2022-05-19T12:12:05+00:00","og_image":[{"width":1152,"height":768,"url":"https:\/\/algarve7.pt\/wp-content\/uploads\/2022\/05\/Dia-dos-Museus-Sa\u0303o-Bra\u0301s-de-Alportel-18-05-2022-109-Medium.jpg","type":"image\/jpeg"}],"author":"Algarve 7","twitter_card":"summary_large_image","twitter_creator":"@Algarvesete","twitter_site":"@Algarvesete","twitter_misc":{"Escrito por":"Algarve 7","Tempo estimado de leitura":"5 minutos"},"schema":{"@context":"https:\/\/schema.org","@graph":[{"@type":"Article","@id":"https:\/\/algarve7.pt\/index.php\/2022\/05\/sao-bras-de-alportel-inaugurou-o-projeto-um-museu-para-todos\/cultura\/13\/12\/#article","isPartOf":{"@id":"https:\/\/algarve7.pt\/index.php\/2022\/05\/sao-bras-de-alportel-inaugurou-o-projeto-um-museu-para-todos\/cultura\/13\/12\/"},"author":{"name":"Algarve 7","@id":"https:\/\/algarve7.pt\/#\/schema\/person\/23fa70681308e7b319a3204bcea45e0c"},"headline":"S\u00e3o Br\u00e1s de Alportel inaugurou o Projeto \u201cUm Museu para Todos\u201d","datePublished":"2022-05-19T12:12:05+00:00","mainEntityOfPage":{"@id":"https:\/\/algarve7.pt\/index.php\/2022\/05\/sao-bras-de-alportel-inaugurou-o-projeto-um-museu-para-todos\/cultura\/13\/12\/"},"wordCount":837,"commentCount":0,"publisher":{"@id":"https:\/\/algarve7.pt\/#organization"},"image":{"@id":"https:\/\/algarve7.pt\/index.php\/2022\/05\/sao-bras-de-alportel-inaugurou-o-projeto-um-museu-para-todos\/cultura\/13\/12\/#primaryimage"},"thumbnailUrl":"https:\/\/algarve7.pt\/wp-content\/uploads\/2022\/05\/Dia-dos-Museus-Sa\u0303o-Bra\u0301s-de-Alportel-18-05-2022-109-Medium.jpg","keywords":["Algarve","Cultura","Inaugura\u00e7\u00e3o","Museu","S\u00e3o Br\u00e1s de Alportel"],"articleSection":["Cultura"],"inLanguage":"pt-PT","potentialAction":[{"@type":"CommentAction","name":"Comment","target":["https:\/\/algarve7.pt\/index.php\/2022\/05\/sao-bras-de-alportel-inaugurou-o-projeto-um-museu-para-todos\/cultura\/13\/12\/#respond"]}]},{"@type":"WebPage","@id":"https:\/\/algarve7.pt\/index.php\/2022\/05\/sao-bras-de-alportel-inaugurou-o-projeto-um-museu-para-todos\/cultura\/13\/12\/","url":"https:\/\/algarve7.pt\/index.php\/2022\/05\/sao-bras-de-alportel-inaugurou-o-projeto-um-museu-para-todos\/cultura\/13\/12\/","name":"S\u00e3o Br\u00e1s de Alportel inaugurou o Projeto \u201cUm Museu para Todos\u201d - Algarve 7","isPartOf":{"@id":"https:\/\/algarve7.pt\/#website"},"primaryImageOfPage":{"@id":"https:\/\/algarve7.pt\/index.php\/2022\/05\/sao-bras-de-alportel-inaugurou-o-projeto-um-museu-para-todos\/cultura\/13\/12\/#primaryimage"},"image":{"@id":"https:\/\/algarve7.pt\/index.php\/2022\/05\/sao-bras-de-alportel-inaugurou-o-projeto-um-museu-para-todos\/cultura\/13\/12\/#primaryimage"},"thumbnailUrl":"https:\/\/algarve7.pt\/wp-content\/uploads\/2022\/05\/Dia-dos-Museus-Sa\u0303o-Bra\u0301s-de-Alportel-18-05-2022-109-Medium.jpg","datePublished":"2022-05-19T12:12:05+00:00","description":"S\u00e3o Br\u00e1s de Alportel inaugurou o Projeto \u201cUm Museu para Todos\u201d Cultura","breadcrumb":{"@id":"https:\/\/algarve7.pt\/index.php\/2022\/05\/sao-bras-de-alportel-inaugurou-o-projeto-um-museu-para-todos\/cultura\/13\/12\/#breadcrumb"},"inLanguage":"pt-PT","potentialAction":[{"@type":"ReadAction","target":["https:\/\/algarve7.pt\/index.php\/2022\/05\/sao-bras-de-alportel-inaugurou-o-projeto-um-museu-para-todos\/cultura\/13\/12\/"]}]},{"@type":"ImageObject","inLanguage":"pt-PT","@id":"https:\/\/algarve7.pt\/index.php\/2022\/05\/sao-bras-de-alportel-inaugurou-o-projeto-um-museu-para-todos\/cultura\/13\/12\/#primaryimage","url":"https:\/\/algarve7.pt\/wp-content\/uploads\/2022\/05\/Dia-dos-Museus-Sa\u0303o-Bra\u0301s-de-Alportel-18-05-2022-109-Medium.jpg","contentUrl":"https:\/\/algarve7.pt\/wp-content\/uploads\/2022\/05\/Dia-dos-Museus-Sa\u0303o-Bra\u0301s-de-Alportel-18-05-2022-109-Medium.jpg","width":1152,"height":768},{"@type":"BreadcrumbList","@id":"https:\/\/algarve7.pt\/index.php\/2022\/05\/sao-bras-de-alportel-inaugurou-o-projeto-um-museu-para-todos\/cultura\/13\/12\/#breadcrumb","itemListElement":[{"@type":"ListItem","position":1,"name":"In\u00edcio","item":"https:\/\/algarve7.pt\/"},{"@type":"ListItem","position":2,"name":"S\u00e3o Br\u00e1s de Alportel inaugurou o Projeto \u201cUm Museu para Todos\u201d"}]},{"@type":"WebSite","@id":"https:\/\/algarve7.pt\/#website","url":"https:\/\/algarve7.pt\/","name":"Algarve 7","description":"Informa\u00e7\u00e3o sobre o Algarve","publisher":{"@id":"https:\/\/algarve7.pt\/#organization"},"potentialAction":[{"@type":"SearchAction","target":{"@type":"EntryPoint","urlTemplate":"https:\/\/algarve7.pt\/?s={search_term_string}"},"query-input":{"@type":"PropertyValueSpecification","valueRequired":true,"valueName":"search_term_string"}}],"inLanguage":"pt-PT"},{"@type":"Organization","@id":"https:\/\/algarve7.pt\/#organization","name":"Algarve 7","url":"https:\/\/algarve7.pt\/","logo":{"@type":"ImageObject","inLanguage":"pt-PT","@id":"https:\/\/algarve7.pt\/#\/schema\/logo\/image\/","url":"https:\/\/algarve7.pt\/wp-content\/uploads\/2020\/10\/Logo-8.jpg","contentUrl":"https:\/\/algarve7.pt\/wp-content\/uploads\/2020\/10\/Logo-8.jpg","width":1680,"height":1186,"caption":"Algarve 7"},"image":{"@id":"https:\/\/algarve7.pt\/#\/schema\/logo\/image\/"},"sameAs":["https:\/\/www.facebook.com\/algarve7","https:\/\/x.com\/Algarvesete","https:\/\/www.instagram.com\/jornalalgarve7\/","https:\/\/www.linkedin.com\/company\/algarve7","https:\/\/www.pinterest.pt\/geral0939\/_created\/"]},{"@type":"Person","@id":"https:\/\/algarve7.pt\/#\/schema\/person\/23fa70681308e7b319a3204bcea45e0c","name":"Algarve 7","sameAs":["https:\/\/algarve7.pt","https:\/\/www.facebook.com\/algarve7"],"url":"https:\/\/algarve7.pt\/index.php\/author\/geralalgarve7-pt\/"}]}},"jetpack_publicize_connections":[],"jetpack_featured_media_url":"https:\/\/algarve7.pt\/wp-content\/uploads\/2022\/05\/Dia-dos-Museus-Sa\u0303o-Bra\u0301s-de-Alportel-18-05-2022-109-Medium.jpg","jetpack_shortlink":"https:\/\/wp.me\/pcezmW-4Rx","jetpack_sharing_enabled":true,"_links":{"self":[{"href":"https:\/\/algarve7.pt\/index.php\/wp-json\/wp\/v2\/posts\/18695","targetHints":{"allow":["GET"]}}],"collection":[{"href":"https:\/\/algarve7.pt\/index.php\/wp-json\/wp\/v2\/posts"}],"about":[{"href":"https:\/\/algarve7.pt\/index.php\/wp-json\/wp\/v2\/types\/post"}],"author":[{"embeddable":true,"href":"https:\/\/algarve7.pt\/index.php\/wp-json\/wp\/v2\/users\/1"}],"replies":[{"embeddable":true,"href":"https:\/\/algarve7.pt\/index.php\/wp-json\/wp\/v2\/comments?post=18695"}],"version-history":[{"count":0,"href":"https:\/\/algarve7.pt\/index.php\/wp-json\/wp\/v2\/posts\/18695\/revisions"}],"wp:featuredmedia":[{"embeddable":true,"href":"https:\/\/algarve7.pt\/index.php\/wp-json\/wp\/v2\/media\/18696"}],"wp:attachment":[{"href":"https:\/\/algarve7.pt\/index.php\/wp-json\/wp\/v2\/media?parent=18695"}],"wp:term":[{"taxonomy":"category","embeddable":true,"href":"https:\/\/algarve7.pt\/index.php\/wp-json\/wp\/v2\/categories?post=18695"},{"taxonomy":"post_tag","embeddable":true,"href":"https:\/\/algarve7.pt\/index.php\/wp-json\/wp\/v2\/tags?post=18695"}],"curies":[{"name":"wp","href":"https:\/\/api.w.org\/{rel}","templated":true}]}}