{"id":18633,"date":"2022-05-17T14:52:41","date_gmt":"2022-05-17T13:52:41","guid":{"rendered":"https:\/\/algarve7.pt\/?p=18633"},"modified":"2022-05-17T14:52:42","modified_gmt":"2022-05-17T13:52:42","slug":"maria-joao-bebianno-distinguida-com-medalha-de-merito-cientifico-ciencia-2022","status":"publish","type":"post","link":"https:\/\/algarve7.pt\/index.php\/2022\/05\/maria-joao-bebianno-distinguida-com-medalha-de-merito-cientifico-ciencia-2022\/educacao\/14\/52\/","title":{"rendered":"Maria Jo\u00e3o Bebianno distinguida com \u201cMedalha de M\u00e9rito Cient\u00edfico, Ci\u00eancia 2022\u201d"},"content":{"rendered":"\n<p>Maria Jo\u00e3o Bebianno, professora catedr\u00e1tica jubilada da Universidade do Algarve e coordenadora do Centro de Investiga\u00e7\u00e3o Marinha e Ambiental (CIMA), foi distinguida, dia 16 de maio, com a Medalha de M\u00e9rito Cient\u00edfico, na sess\u00e3o de abertura do Encontro Ci\u00eancia 2022, que decorreu no Centro de Congressos de Lisboa.<\/p>\n\n\n\n<p>O galard\u00e3o foi entregue pela ministra da Ci\u00eancia e Tecnologia e Ensino Superior, Elvira Fortunato, no dia em que se comemorou os 25 anos da Funda\u00e7\u00e3o da Ci\u00eancia e da Tenologia, o Dia Nacional dos Cientistas e o anivers\u00e1rio do Professor Mariano Gago.<\/p>\n\n\n\n<p>As medalhas de m\u00e9rito cient\u00edfico destinam-se a galardoar as individualidades nacionais ou estrangeiras que, pelas elevadas qualidades profissionais e de cumprimento do dever, se tenham distinguido por valioso e excecional contributo para o desenvolvimento da ci\u00eancia ou da cultura cient\u00edfica em Portugal.<\/p>\n\n\n\n<p>A investigadora da UAlg, detentora de um vasto curr\u00edculo, foi destacada pela import\u00e2ncia da sua investiga\u00e7\u00e3o. Maria Jo\u00e3o Bebianno \u00e9 licenciada em Engenharia pelo Instituto Superior T\u00e9cnico e doutorada em Ecotoxicologia Marinha pela Universidade de Reading (Reino Unido) e em Oceanografia pela Universidade do Algarve. \u00c9 membro do Grupo de Peritos do Processo Regular para a Avalia\u00e7\u00e3o do Estado do Ambiente Marinho, incluindo Aspetos Socioecon\u00f3micos das Na\u00e7\u00f5es Unidas. Foi presidente da Associa\u00e7\u00e3o das Mulheres Cientistas AMONET (2008-2011).<\/p>\n\n\n\n<p>Ci\u00eancia 2022 \u00e9 o encontro anual da comunidade cient\u00edfica e tecnol\u00f3gica em Portugal, que este decorrer de 16 a 18 de maio. Construir o futuro com ci\u00eancia \u00e9 o mote deste ano, comissariado por Teresa Pinto Correia (Laborat\u00f3rio Associado Change e Universidade de \u00c9vora) e Teresa Ferreira (Laborat\u00f3rio Associado TERRA e Instituto Superior de Agronomia). O Egito \u00e9 o pa\u00eds convidado.<\/p>\n\n\n\n<p>Cr\u00e9ditos Fotografia: Ci\u00eancia`22<\/p>\n","protected":false},"excerpt":{"rendered":"<p>Maria Jo\u00e3o Bebianno, professora catedr\u00e1tica jubilada da Universidade do Algarve e coordenadora do Centro de Investiga\u00e7\u00e3o Marinha e Ambiental (CIMA),<\/p>\n","protected":false},"author":1,"featured_media":18634,"comment_status":"closed","ping_status":"open","sticky":false,"template":"","format":"standard","meta":{"colormag_page_container_layout":"default_layout","colormag_page_sidebar_layout":"default_layout","_monsterinsights_skip_tracking":false,"_monsterinsights_sitenote_active":false,"_monsterinsights_sitenote_note":"","_monsterinsights_sitenote_category":0,"jetpack_post_was_ever_published":false,"_jetpack_newsletter_access":"","_jetpack_dont_email_post_to_subs":false,"_jetpack_newsletter_tier_id":0,"_jetpack_memberships_contains_paywalled_content":false,"_jetpack_memberships_contains_paid_content":false,"footnotes":"","jetpack_publicize_message":"","jetpack_publicize_feature_enabled":true,"jetpack_social_post_already_shared":true,"jetpack_social_options":{"image_generator_settings":{"template":"highway","default_image_id":0,"font":"","enabled":false},"version":2}},"categories":[93],"tags":[36,74],"class_list":["post-18633","post","type-post","status-publish","format-standard","has-post-thumbnail","hentry","category-educacao","tag-algarve","tag-educacao"],"yoast_head":"<!-- This site is optimized with the Yoast SEO plugin v27.4 - https:\/\/yoast.com\/product\/yoast-seo-wordpress\/ -->\n<title>Maria Jo\u00e3o Bebianno distinguida com \u201cMedalha de M\u00e9rito Cient\u00edfico, Ci\u00eancia 2022\u201d - Algarve 7<\/title>\n<meta name=\"description\" content=\"Maria Jo\u00e3o Bebianno distinguida com \u201cMedalha de M\u00e9rito Cient\u00edfico, Ci\u00eancia 2022\u201d Educa\u00e7\u00e3o\" \/>\n<meta name=\"robots\" content=\"index, follow, max-snippet:-1, max-image-preview:large, max-video-preview:-1\" \/>\n<link rel=\"canonical\" href=\"https:\/\/algarve7.pt\/index.php\/2022\/05\/maria-joao-bebianno-distinguida-com-medalha-de-merito-cientifico-ciencia-2022\/educacao\/14\/52\/\" \/>\n<meta property=\"og:locale\" content=\"pt_PT\" \/>\n<meta property=\"og:type\" content=\"article\" \/>\n<meta property=\"og:title\" content=\"Maria Jo\u00e3o Bebianno distinguida com \u201cMedalha de M\u00e9rito Cient\u00edfico, Ci\u00eancia 2022\u201d - Algarve 7\" \/>\n<meta property=\"og:description\" content=\"Maria Jo\u00e3o Bebianno distinguida com \u201cMedalha de M\u00e9rito Cient\u00edfico, Ci\u00eancia 2022\u201d Educa\u00e7\u00e3o\" \/>\n<meta property=\"og:url\" content=\"https:\/\/algarve7.pt\/index.php\/2022\/05\/maria-joao-bebianno-distinguida-com-medalha-de-merito-cientifico-ciencia-2022\/educacao\/14\/52\/\" \/>\n<meta property=\"og:site_name\" content=\"Algarve 7\" \/>\n<meta property=\"article:publisher\" content=\"https:\/\/www.facebook.com\/algarve7\" \/>\n<meta property=\"article:author\" content=\"https:\/\/www.facebook.com\/algarve7\" \/>\n<meta property=\"article:published_time\" content=\"2022-05-17T13:52:41+00:00\" \/>\n<meta property=\"article:modified_time\" content=\"2022-05-17T13:52:42+00:00\" \/>\n<meta property=\"og:image\" content=\"https:\/\/algarve7.pt\/wp-content\/uploads\/2022\/05\/primage_61796.jpg\" \/>\n\t<meta property=\"og:image:width\" content=\"2000\" \/>\n\t<meta property=\"og:image:height\" content=\"1333\" \/>\n\t<meta property=\"og:image:type\" content=\"image\/jpeg\" \/>\n<meta name=\"author\" content=\"Algarve 7\" \/>\n<meta name=\"twitter:card\" content=\"summary_large_image\" \/>\n<meta name=\"twitter:creator\" content=\"@Algarvesete\" \/>\n<meta name=\"twitter:site\" content=\"@Algarvesete\" \/>\n<meta name=\"twitter:label1\" content=\"Escrito por\" \/>\n\t<meta name=\"twitter:data1\" content=\"Algarve 7\" \/>\n\t<meta name=\"twitter:label2\" content=\"Tempo estimado de leitura\" \/>\n\t<meta name=\"twitter:data2\" content=\"2 minutos\" \/>\n<script type=\"application\/ld+json\" class=\"yoast-schema-graph\">{\"@context\":\"https:\\\/\\\/schema.org\",\"@graph\":[{\"@type\":\"Article\",\"@id\":\"https:\\\/\\\/algarve7.pt\\\/index.php\\\/2022\\\/05\\\/maria-joao-bebianno-distinguida-com-medalha-de-merito-cientifico-ciencia-2022\\\/educacao\\\/14\\\/52\\\/#article\",\"isPartOf\":{\"@id\":\"https:\\\/\\\/algarve7.pt\\\/index.php\\\/2022\\\/05\\\/maria-joao-bebianno-distinguida-com-medalha-de-merito-cientifico-ciencia-2022\\\/educacao\\\/14\\\/52\\\/\"},\"author\":{\"name\":\"Algarve 7\",\"@id\":\"https:\\\/\\\/algarve7.pt\\\/#\\\/schema\\\/person\\\/23fa70681308e7b319a3204bcea45e0c\"},\"headline\":\"Maria Jo\u00e3o Bebianno distinguida com \u201cMedalha de M\u00e9rito Cient\u00edfico, Ci\u00eancia 2022\u201d\",\"datePublished\":\"2022-05-17T13:52:41+00:00\",\"dateModified\":\"2022-05-17T13:52:42+00:00\",\"mainEntityOfPage\":{\"@id\":\"https:\\\/\\\/algarve7.pt\\\/index.php\\\/2022\\\/05\\\/maria-joao-bebianno-distinguida-com-medalha-de-merito-cientifico-ciencia-2022\\\/educacao\\\/14\\\/52\\\/\"},\"wordCount\":311,\"publisher\":{\"@id\":\"https:\\\/\\\/algarve7.pt\\\/#organization\"},\"image\":{\"@id\":\"https:\\\/\\\/algarve7.pt\\\/index.php\\\/2022\\\/05\\\/maria-joao-bebianno-distinguida-com-medalha-de-merito-cientifico-ciencia-2022\\\/educacao\\\/14\\\/52\\\/#primaryimage\"},\"thumbnailUrl\":\"https:\\\/\\\/algarve7.pt\\\/wp-content\\\/uploads\\\/2022\\\/05\\\/primage_61796.jpg\",\"keywords\":[\"Algarve\",\"Educa\u00e7\u00e3o\"],\"articleSection\":[\"Educa\u00e7\u00e3o\"],\"inLanguage\":\"pt-PT\"},{\"@type\":\"WebPage\",\"@id\":\"https:\\\/\\\/algarve7.pt\\\/index.php\\\/2022\\\/05\\\/maria-joao-bebianno-distinguida-com-medalha-de-merito-cientifico-ciencia-2022\\\/educacao\\\/14\\\/52\\\/\",\"url\":\"https:\\\/\\\/algarve7.pt\\\/index.php\\\/2022\\\/05\\\/maria-joao-bebianno-distinguida-com-medalha-de-merito-cientifico-ciencia-2022\\\/educacao\\\/14\\\/52\\\/\",\"name\":\"Maria Jo\u00e3o Bebianno distinguida com \u201cMedalha de M\u00e9rito Cient\u00edfico, Ci\u00eancia 2022\u201d - Algarve 7\",\"isPartOf\":{\"@id\":\"https:\\\/\\\/algarve7.pt\\\/#website\"},\"primaryImageOfPage\":{\"@id\":\"https:\\\/\\\/algarve7.pt\\\/index.php\\\/2022\\\/05\\\/maria-joao-bebianno-distinguida-com-medalha-de-merito-cientifico-ciencia-2022\\\/educacao\\\/14\\\/52\\\/#primaryimage\"},\"image\":{\"@id\":\"https:\\\/\\\/algarve7.pt\\\/index.php\\\/2022\\\/05\\\/maria-joao-bebianno-distinguida-com-medalha-de-merito-cientifico-ciencia-2022\\\/educacao\\\/14\\\/52\\\/#primaryimage\"},\"thumbnailUrl\":\"https:\\\/\\\/algarve7.pt\\\/wp-content\\\/uploads\\\/2022\\\/05\\\/primage_61796.jpg\",\"datePublished\":\"2022-05-17T13:52:41+00:00\",\"dateModified\":\"2022-05-17T13:52:42+00:00\",\"description\":\"Maria Jo\u00e3o Bebianno distinguida com \u201cMedalha de M\u00e9rito Cient\u00edfico, Ci\u00eancia 2022\u201d Educa\u00e7\u00e3o\",\"breadcrumb\":{\"@id\":\"https:\\\/\\\/algarve7.pt\\\/index.php\\\/2022\\\/05\\\/maria-joao-bebianno-distinguida-com-medalha-de-merito-cientifico-ciencia-2022\\\/educacao\\\/14\\\/52\\\/#breadcrumb\"},\"inLanguage\":\"pt-PT\",\"potentialAction\":[{\"@type\":\"ReadAction\",\"target\":[\"https:\\\/\\\/algarve7.pt\\\/index.php\\\/2022\\\/05\\\/maria-joao-bebianno-distinguida-com-medalha-de-merito-cientifico-ciencia-2022\\\/educacao\\\/14\\\/52\\\/\"]}]},{\"@type\":\"ImageObject\",\"inLanguage\":\"pt-PT\",\"@id\":\"https:\\\/\\\/algarve7.pt\\\/index.php\\\/2022\\\/05\\\/maria-joao-bebianno-distinguida-com-medalha-de-merito-cientifico-ciencia-2022\\\/educacao\\\/14\\\/52\\\/#primaryimage\",\"url\":\"https:\\\/\\\/algarve7.pt\\\/wp-content\\\/uploads\\\/2022\\\/05\\\/primage_61796.jpg\",\"contentUrl\":\"https:\\\/\\\/algarve7.pt\\\/wp-content\\\/uploads\\\/2022\\\/05\\\/primage_61796.jpg\",\"width\":2000,\"height\":1333},{\"@type\":\"BreadcrumbList\",\"@id\":\"https:\\\/\\\/algarve7.pt\\\/index.php\\\/2022\\\/05\\\/maria-joao-bebianno-distinguida-com-medalha-de-merito-cientifico-ciencia-2022\\\/educacao\\\/14\\\/52\\\/#breadcrumb\",\"itemListElement\":[{\"@type\":\"ListItem\",\"position\":1,\"name\":\"In\u00edcio\",\"item\":\"https:\\\/\\\/algarve7.pt\\\/\"},{\"@type\":\"ListItem\",\"position\":2,\"name\":\"Maria Jo\u00e3o Bebianno distinguida com \u201cMedalha de M\u00e9rito Cient\u00edfico, Ci\u00eancia 2022\u201d\"}]},{\"@type\":\"WebSite\",\"@id\":\"https:\\\/\\\/algarve7.pt\\\/#website\",\"url\":\"https:\\\/\\\/algarve7.pt\\\/\",\"name\":\"Algarve 7\",\"description\":\"Informa\u00e7\u00e3o sobre o Algarve\",\"publisher\":{\"@id\":\"https:\\\/\\\/algarve7.pt\\\/#organization\"},\"potentialAction\":[{\"@type\":\"SearchAction\",\"target\":{\"@type\":\"EntryPoint\",\"urlTemplate\":\"https:\\\/\\\/algarve7.pt\\\/?s={search_term_string}\"},\"query-input\":{\"@type\":\"PropertyValueSpecification\",\"valueRequired\":true,\"valueName\":\"search_term_string\"}}],\"inLanguage\":\"pt-PT\"},{\"@type\":\"Organization\",\"@id\":\"https:\\\/\\\/algarve7.pt\\\/#organization\",\"name\":\"Algarve 7\",\"url\":\"https:\\\/\\\/algarve7.pt\\\/\",\"logo\":{\"@type\":\"ImageObject\",\"inLanguage\":\"pt-PT\",\"@id\":\"https:\\\/\\\/algarve7.pt\\\/#\\\/schema\\\/logo\\\/image\\\/\",\"url\":\"https:\\\/\\\/algarve7.pt\\\/wp-content\\\/uploads\\\/2020\\\/10\\\/Logo-8.jpg\",\"contentUrl\":\"https:\\\/\\\/algarve7.pt\\\/wp-content\\\/uploads\\\/2020\\\/10\\\/Logo-8.jpg\",\"width\":1680,\"height\":1186,\"caption\":\"Algarve 7\"},\"image\":{\"@id\":\"https:\\\/\\\/algarve7.pt\\\/#\\\/schema\\\/logo\\\/image\\\/\"},\"sameAs\":[\"https:\\\/\\\/www.facebook.com\\\/algarve7\",\"https:\\\/\\\/x.com\\\/Algarvesete\",\"https:\\\/\\\/www.instagram.com\\\/jornalalgarve7\\\/\",\"https:\\\/\\\/www.linkedin.com\\\/company\\\/algarve7\",\"https:\\\/\\\/www.pinterest.pt\\\/geral0939\\\/_created\\\/\"]},{\"@type\":\"Person\",\"@id\":\"https:\\\/\\\/algarve7.pt\\\/#\\\/schema\\\/person\\\/23fa70681308e7b319a3204bcea45e0c\",\"name\":\"Algarve 7\",\"sameAs\":[\"https:\\\/\\\/algarve7.pt\",\"https:\\\/\\\/www.facebook.com\\\/algarve7\"],\"url\":\"https:\\\/\\\/algarve7.pt\\\/index.php\\\/author\\\/geralalgarve7-pt\\\/\"}]}<\/script>\n<!-- \/ Yoast SEO plugin. -->","yoast_head_json":{"title":"Maria Jo\u00e3o Bebianno distinguida com \u201cMedalha de M\u00e9rito Cient\u00edfico, Ci\u00eancia 2022\u201d - Algarve 7","description":"Maria Jo\u00e3o Bebianno distinguida com \u201cMedalha de M\u00e9rito Cient\u00edfico, Ci\u00eancia 2022\u201d Educa\u00e7\u00e3o","robots":{"index":"index","follow":"follow","max-snippet":"max-snippet:-1","max-image-preview":"max-image-preview:large","max-video-preview":"max-video-preview:-1"},"canonical":"https:\/\/algarve7.pt\/index.php\/2022\/05\/maria-joao-bebianno-distinguida-com-medalha-de-merito-cientifico-ciencia-2022\/educacao\/14\/52\/","og_locale":"pt_PT","og_type":"article","og_title":"Maria Jo\u00e3o Bebianno distinguida com \u201cMedalha de M\u00e9rito Cient\u00edfico, Ci\u00eancia 2022\u201d - Algarve 7","og_description":"Maria Jo\u00e3o Bebianno distinguida com \u201cMedalha de M\u00e9rito Cient\u00edfico, Ci\u00eancia 2022\u201d Educa\u00e7\u00e3o","og_url":"https:\/\/algarve7.pt\/index.php\/2022\/05\/maria-joao-bebianno-distinguida-com-medalha-de-merito-cientifico-ciencia-2022\/educacao\/14\/52\/","og_site_name":"Algarve 7","article_publisher":"https:\/\/www.facebook.com\/algarve7","article_author":"https:\/\/www.facebook.com\/algarve7","article_published_time":"2022-05-17T13:52:41+00:00","article_modified_time":"2022-05-17T13:52:42+00:00","og_image":[{"width":2000,"height":1333,"url":"https:\/\/algarve7.pt\/wp-content\/uploads\/2022\/05\/primage_61796.jpg","type":"image\/jpeg"}],"author":"Algarve 7","twitter_card":"summary_large_image","twitter_creator":"@Algarvesete","twitter_site":"@Algarvesete","twitter_misc":{"Escrito por":"Algarve 7","Tempo estimado de leitura":"2 minutos"},"schema":{"@context":"https:\/\/schema.org","@graph":[{"@type":"Article","@id":"https:\/\/algarve7.pt\/index.php\/2022\/05\/maria-joao-bebianno-distinguida-com-medalha-de-merito-cientifico-ciencia-2022\/educacao\/14\/52\/#article","isPartOf":{"@id":"https:\/\/algarve7.pt\/index.php\/2022\/05\/maria-joao-bebianno-distinguida-com-medalha-de-merito-cientifico-ciencia-2022\/educacao\/14\/52\/"},"author":{"name":"Algarve 7","@id":"https:\/\/algarve7.pt\/#\/schema\/person\/23fa70681308e7b319a3204bcea45e0c"},"headline":"Maria Jo\u00e3o Bebianno distinguida com \u201cMedalha de M\u00e9rito Cient\u00edfico, Ci\u00eancia 2022\u201d","datePublished":"2022-05-17T13:52:41+00:00","dateModified":"2022-05-17T13:52:42+00:00","mainEntityOfPage":{"@id":"https:\/\/algarve7.pt\/index.php\/2022\/05\/maria-joao-bebianno-distinguida-com-medalha-de-merito-cientifico-ciencia-2022\/educacao\/14\/52\/"},"wordCount":311,"publisher":{"@id":"https:\/\/algarve7.pt\/#organization"},"image":{"@id":"https:\/\/algarve7.pt\/index.php\/2022\/05\/maria-joao-bebianno-distinguida-com-medalha-de-merito-cientifico-ciencia-2022\/educacao\/14\/52\/#primaryimage"},"thumbnailUrl":"https:\/\/algarve7.pt\/wp-content\/uploads\/2022\/05\/primage_61796.jpg","keywords":["Algarve","Educa\u00e7\u00e3o"],"articleSection":["Educa\u00e7\u00e3o"],"inLanguage":"pt-PT"},{"@type":"WebPage","@id":"https:\/\/algarve7.pt\/index.php\/2022\/05\/maria-joao-bebianno-distinguida-com-medalha-de-merito-cientifico-ciencia-2022\/educacao\/14\/52\/","url":"https:\/\/algarve7.pt\/index.php\/2022\/05\/maria-joao-bebianno-distinguida-com-medalha-de-merito-cientifico-ciencia-2022\/educacao\/14\/52\/","name":"Maria Jo\u00e3o Bebianno distinguida com \u201cMedalha de M\u00e9rito Cient\u00edfico, Ci\u00eancia 2022\u201d - Algarve 7","isPartOf":{"@id":"https:\/\/algarve7.pt\/#website"},"primaryImageOfPage":{"@id":"https:\/\/algarve7.pt\/index.php\/2022\/05\/maria-joao-bebianno-distinguida-com-medalha-de-merito-cientifico-ciencia-2022\/educacao\/14\/52\/#primaryimage"},"image":{"@id":"https:\/\/algarve7.pt\/index.php\/2022\/05\/maria-joao-bebianno-distinguida-com-medalha-de-merito-cientifico-ciencia-2022\/educacao\/14\/52\/#primaryimage"},"thumbnailUrl":"https:\/\/algarve7.pt\/wp-content\/uploads\/2022\/05\/primage_61796.jpg","datePublished":"2022-05-17T13:52:41+00:00","dateModified":"2022-05-17T13:52:42+00:00","description":"Maria Jo\u00e3o Bebianno distinguida com \u201cMedalha de M\u00e9rito Cient\u00edfico, Ci\u00eancia 2022\u201d Educa\u00e7\u00e3o","breadcrumb":{"@id":"https:\/\/algarve7.pt\/index.php\/2022\/05\/maria-joao-bebianno-distinguida-com-medalha-de-merito-cientifico-ciencia-2022\/educacao\/14\/52\/#breadcrumb"},"inLanguage":"pt-PT","potentialAction":[{"@type":"ReadAction","target":["https:\/\/algarve7.pt\/index.php\/2022\/05\/maria-joao-bebianno-distinguida-com-medalha-de-merito-cientifico-ciencia-2022\/educacao\/14\/52\/"]}]},{"@type":"ImageObject","inLanguage":"pt-PT","@id":"https:\/\/algarve7.pt\/index.php\/2022\/05\/maria-joao-bebianno-distinguida-com-medalha-de-merito-cientifico-ciencia-2022\/educacao\/14\/52\/#primaryimage","url":"https:\/\/algarve7.pt\/wp-content\/uploads\/2022\/05\/primage_61796.jpg","contentUrl":"https:\/\/algarve7.pt\/wp-content\/uploads\/2022\/05\/primage_61796.jpg","width":2000,"height":1333},{"@type":"BreadcrumbList","@id":"https:\/\/algarve7.pt\/index.php\/2022\/05\/maria-joao-bebianno-distinguida-com-medalha-de-merito-cientifico-ciencia-2022\/educacao\/14\/52\/#breadcrumb","itemListElement":[{"@type":"ListItem","position":1,"name":"In\u00edcio","item":"https:\/\/algarve7.pt\/"},{"@type":"ListItem","position":2,"name":"Maria Jo\u00e3o Bebianno distinguida com \u201cMedalha de M\u00e9rito Cient\u00edfico, Ci\u00eancia 2022\u201d"}]},{"@type":"WebSite","@id":"https:\/\/algarve7.pt\/#website","url":"https:\/\/algarve7.pt\/","name":"Algarve 7","description":"Informa\u00e7\u00e3o sobre o Algarve","publisher":{"@id":"https:\/\/algarve7.pt\/#organization"},"potentialAction":[{"@type":"SearchAction","target":{"@type":"EntryPoint","urlTemplate":"https:\/\/algarve7.pt\/?s={search_term_string}"},"query-input":{"@type":"PropertyValueSpecification","valueRequired":true,"valueName":"search_term_string"}}],"inLanguage":"pt-PT"},{"@type":"Organization","@id":"https:\/\/algarve7.pt\/#organization","name":"Algarve 7","url":"https:\/\/algarve7.pt\/","logo":{"@type":"ImageObject","inLanguage":"pt-PT","@id":"https:\/\/algarve7.pt\/#\/schema\/logo\/image\/","url":"https:\/\/algarve7.pt\/wp-content\/uploads\/2020\/10\/Logo-8.jpg","contentUrl":"https:\/\/algarve7.pt\/wp-content\/uploads\/2020\/10\/Logo-8.jpg","width":1680,"height":1186,"caption":"Algarve 7"},"image":{"@id":"https:\/\/algarve7.pt\/#\/schema\/logo\/image\/"},"sameAs":["https:\/\/www.facebook.com\/algarve7","https:\/\/x.com\/Algarvesete","https:\/\/www.instagram.com\/jornalalgarve7\/","https:\/\/www.linkedin.com\/company\/algarve7","https:\/\/www.pinterest.pt\/geral0939\/_created\/"]},{"@type":"Person","@id":"https:\/\/algarve7.pt\/#\/schema\/person\/23fa70681308e7b319a3204bcea45e0c","name":"Algarve 7","sameAs":["https:\/\/algarve7.pt","https:\/\/www.facebook.com\/algarve7"],"url":"https:\/\/algarve7.pt\/index.php\/author\/geralalgarve7-pt\/"}]}},"jetpack_publicize_connections":[],"jetpack_featured_media_url":"https:\/\/algarve7.pt\/wp-content\/uploads\/2022\/05\/primage_61796.jpg","jetpack_shortlink":"https:\/\/wp.me\/pcezmW-4Qx","jetpack_sharing_enabled":true,"_links":{"self":[{"href":"https:\/\/algarve7.pt\/index.php\/wp-json\/wp\/v2\/posts\/18633","targetHints":{"allow":["GET"]}}],"collection":[{"href":"https:\/\/algarve7.pt\/index.php\/wp-json\/wp\/v2\/posts"}],"about":[{"href":"https:\/\/algarve7.pt\/index.php\/wp-json\/wp\/v2\/types\/post"}],"author":[{"embeddable":true,"href":"https:\/\/algarve7.pt\/index.php\/wp-json\/wp\/v2\/users\/1"}],"replies":[{"embeddable":true,"href":"https:\/\/algarve7.pt\/index.php\/wp-json\/wp\/v2\/comments?post=18633"}],"version-history":[{"count":0,"href":"https:\/\/algarve7.pt\/index.php\/wp-json\/wp\/v2\/posts\/18633\/revisions"}],"wp:featuredmedia":[{"embeddable":true,"href":"https:\/\/algarve7.pt\/index.php\/wp-json\/wp\/v2\/media\/18634"}],"wp:attachment":[{"href":"https:\/\/algarve7.pt\/index.php\/wp-json\/wp\/v2\/media?parent=18633"}],"wp:term":[{"taxonomy":"category","embeddable":true,"href":"https:\/\/algarve7.pt\/index.php\/wp-json\/wp\/v2\/categories?post=18633"},{"taxonomy":"post_tag","embeddable":true,"href":"https:\/\/algarve7.pt\/index.php\/wp-json\/wp\/v2\/tags?post=18633"}],"curies":[{"name":"wp","href":"https:\/\/api.w.org\/{rel}","templated":true}]}}