{"id":18628,"date":"2022-05-17T14:37:57","date_gmt":"2022-05-17T13:37:57","guid":{"rendered":"https:\/\/algarve7.pt\/?p=18628"},"modified":"2022-05-17T14:37:59","modified_gmt":"2022-05-17T13:37:59","slug":"festival-sargo-da-costa-vicentina","status":"publish","type":"post","link":"https:\/\/algarve7.pt\/index.php\/2022\/05\/festival-sargo-da-costa-vicentina\/turismo\/14\/37\/","title":{"rendered":"Festival sargo da Costa vicentina"},"content":{"rendered":"\n<p>Os munic\u00edpios de Aljezur e de Vila do Bispo acolhem, de 20 a 29 de maio, o \u201cFestival Sargo da Costa Vicentina\u201d, evento promovido em parceria com a Universidade de Coimbra no \u00e2mbito do projeto \u201cVALSARGO \u2013 Valoriza\u00e7\u00e3o do Sargo da Costa Vicentina\u201d.<\/p>\n\n\n\n<p>Durante os 10 dias deste Festival, os restaurantes aderentes apresentar\u00e3o pratos dedicados ao Sargo da Costa Vicentina, proporcionando aos seus clientes experi\u00eancias gastron\u00f3micas como pratos de autor, degusta\u00e7\u00f5es ou workshops de cozinha.<\/p>\n\n\n\n<p>Para al\u00e9m das experi\u00eancias gastron\u00f3micas, ser\u00e3o realizadas a\u00e7\u00f5es de sensibiliza\u00e7\u00e3o nas escolas, nomeadamente, no dia 20 de maio a palestra \u201cSargo na Costa Vicentina\u201d, destinada a alunos dos munic\u00edpios de Aljezur e Vila do Bispo, e o concurso \u201cEu Vi um Sargo\u201d, que desafiar\u00e1 as Escolas do 1\u00ba ciclo a apresentarem trabalhos sobre o Sargo da Costa Vicentina.<\/p>\n\n\n\n<p><strong>ABERTURA OFICIAL DO FESTIVAL<\/strong><\/p>\n\n\n\n<p>Destaque para a abertura oficial do Festival agendada para o dia 21 de maio, com a realiza\u00e7\u00e3o das Jornadas do Sargo da Costa Vicentina, no Centro Interpreta\u00e7\u00e3o da Lota de Sagres, pelas 10h00.<\/p>\n\n\n\n<p>A sess\u00e3o de abertura ser\u00e1 presidida por Rute Silva, presidente da C\u00e2mara Municipal de Vila do Bispo, e Jos\u00e9 Manuel Gon\u00e7alves, presidente da C\u00e2mara Municipal de Aljezur. Pelas 10h30, Ana Carla Garcia, da Universidade de Coimbra, apresentar\u00e1 o projeto \u201cVALSARGO \u2013 Valoriza\u00e7\u00e3o do Sargo da Costa Vicentina\u201d. Segue-se a mesa-redonda \u201cValoriza\u00e7\u00e3o do Sargo da Costa Vicentina\u201d, moderado pela professora S\u00f3nia Seixas, da Universidade Aberta e investigadora do MARE \u2013 Universidade de Coimbra, que, para al\u00e9m de Carlos Duarte da DOCAPESCA, contar\u00e1 com a participa\u00e7\u00e3o de Eug\u00e9nio Arez, da Associa\u00e7\u00e3o Pescadores do Portinho da Arrifana e Costa Vicentina, M\u00e1rio Galhardo, da Associa\u00e7\u00e3o de Armadores de Pesca de Sagres, Pedro Monteiro, da DRAP Algarve, Jos\u00e9 Moura Bastos, do GAL Barlavento do Algarve e Jos\u00e9 Apolin\u00e1rio, da CCDR Algarve.<\/p>\n\n\n\n<p><strong>encerramento<\/strong><\/p>\n\n\n\n<p>J\u00e1 para o dia 28 de maio, pelas 15h00, est\u00e1 agendada a sess\u00e3o de encerramento na sede da Associa\u00e7\u00e3o Pescadores da Arrifanacom a presen\u00e7a de Jos\u00e9 Manuel Gon\u00e7alves, presidente da C\u00e2mara Municipal de Aljezur, Rute Silva, presidente da C\u00e2mara Municipal de Vila do Bispo, e Tiago <strong><\/strong><\/p>\n\n\n\n<p>Verdelhos, da Universidade de Coimbra, que far\u00e1 um balan\u00e7o sum\u00e1rio da iniciativa e apresentar\u00e1 as pr\u00f3ximas iniciativas do projeto VALSARGO. Terminada a sess\u00e3o, ter\u00e1 lugar um momento de degusta\u00e7\u00e3o de Sargo da Costa Vicentina.<\/p>\n\n\n\n<p><strong><a href=\"https:\/\/cm-aljezur.pt\/Preview.aspx?pageID=3602&amp;ver=12938\" target=\"_blank\" rel=\"noreferrer noopener\">Consulte os restaurantes aderentes aqui<\/a><\/strong><\/p>\n\n\n\n<p><strong>SOBRE O PROJETO<\/strong><\/p>\n\n\n\n<p>O projeto \u201cVALSARGO \u2013 Valoriza\u00e7\u00e3o do Sargo da Costa Vicentina\u201d \u00e9 um projeto promovido pela Universidade de Coimbra cofinanciado pelo Programa Operacional MAR2020, atrav\u00e9s do GAL Pesca do Barlavento do Algarve, e tem como objetivo a promo\u00e7\u00e3o e valoriza\u00e7\u00e3o do Sargo da Costa Vicentina, fomentando a pesca artesanal e o aumento do potencial tur\u00edstico da regi\u00e3o, tendo por base um profundo conhecimento sobre o produto a valorizar, atrav\u00e9s de investiga\u00e7\u00e3o cient\u00edfica de excel\u00eancia, e na avalia\u00e7\u00e3o das suas potencialidades nos mercados tur\u00edstico e dos produtos de pesca.<\/p>\n\n\n\n<p>Este projeto encontra-se em desenvolvimento nos Munic\u00edpios de Aljezur e Vila do Bispo, contando com o apoio destas autarquias, e pretende estabelecer uma estreita liga\u00e7\u00e3o com os principais agentes locais (e.g. associa\u00e7\u00f5es de pescadores; profissionais do turismo e restaura\u00e7\u00e3o; comunidade escolar) de forma a potenciar a sua divulga\u00e7\u00e3o e impacto e contribuir para o desenvolvimento sustent\u00e1vel da regi\u00e3o.<\/p>\n\n\n\n<p>Para al\u00e9m do Festival \u201cSargo da Costa Vicentina\u201d, o projeto VALSARGO contempla tamb\u00e9m um conjunto de iniciativas de promo\u00e7\u00e3o do sargo desta regi\u00e3o que incluem a elabora\u00e7\u00e3o de estudos cient\u00edficos sobre a pesca do Sargo e das suas propriedades nutricionais, a de um guia de oportunidades de neg\u00f3cio, e a implementa\u00e7\u00e3o de a\u00e7\u00f5es marketing e promo\u00e7\u00e3o do Sargo da Costa Vicentina a n\u00edvel nacional e internacional.<\/p>\n\n\n\n<div class=\"wp-block-image\"><figure class=\"aligncenter size-large is-resized\"><img loading=\"lazy\" decoding=\"async\" src=\"https:\/\/algarve7.pt\/wp-content\/uploads\/2022\/05\/Feira_Gastronomica_Cartaz_A3_09-01-724x1024.jpg\" alt=\"\" class=\"wp-image-18629\" width=\"465\" height=\"657\" srcset=\"https:\/\/algarve7.pt\/wp-content\/uploads\/2022\/05\/Feira_Gastronomica_Cartaz_A3_09-01-724x1024.jpg 724w, https:\/\/algarve7.pt\/wp-content\/uploads\/2022\/05\/Feira_Gastronomica_Cartaz_A3_09-01-212x300.jpg 212w, https:\/\/algarve7.pt\/wp-content\/uploads\/2022\/05\/Feira_Gastronomica_Cartaz_A3_09-01-768x1086.jpg 768w, https:\/\/algarve7.pt\/wp-content\/uploads\/2022\/05\/Feira_Gastronomica_Cartaz_A3_09-01-1086x1536.jpg 1086w, https:\/\/algarve7.pt\/wp-content\/uploads\/2022\/05\/Feira_Gastronomica_Cartaz_A3_09-01-1448x2048.jpg 1448w, https:\/\/algarve7.pt\/wp-content\/uploads\/2022\/05\/Feira_Gastronomica_Cartaz_A3_09-01.jpg 1754w\" sizes=\"auto, (max-width: 465px) 100vw, 465px\" \/><\/figure><\/div>\n","protected":false},"excerpt":{"rendered":"<p>Os munic\u00edpios de Aljezur e de Vila do Bispo acolhem, de 20 a 29 de maio, o \u201cFestival Sargo da<\/p>\n","protected":false},"author":1,"featured_media":18630,"comment_status":"closed","ping_status":"open","sticky":false,"template":"","format":"standard","meta":{"colormag_page_container_layout":"default_layout","colormag_page_sidebar_layout":"default_layout","_monsterinsights_skip_tracking":false,"_monsterinsights_sitenote_active":false,"_monsterinsights_sitenote_note":"","_monsterinsights_sitenote_category":0,"jetpack_post_was_ever_published":false,"_jetpack_newsletter_access":"","_jetpack_dont_email_post_to_subs":false,"_jetpack_newsletter_tier_id":0,"_jetpack_memberships_contains_paywalled_content":false,"_jetpack_memberships_contains_paid_content":false,"footnotes":"","jetpack_publicize_message":"","jetpack_publicize_feature_enabled":true,"jetpack_social_post_already_shared":true,"jetpack_social_options":{"image_generator_settings":{"template":"highway","default_image_id":0,"font":"","enabled":false},"version":2}},"categories":[17],"tags":[36,73,238,71,45,84],"class_list":["post-18628","post","type-post","status-publish","format-standard","has-post-thumbnail","hentry","category-turismo","tag-algarve","tag-aljezur","tag-costa-vicentina","tag-festival","tag-turismo","tag-vila-do-bispo"],"yoast_head":"<!-- This site is optimized with the Yoast SEO plugin v27.4 - https:\/\/yoast.com\/product\/yoast-seo-wordpress\/ -->\n<title>Festival sargo da Costa vicentina - Algarve 7<\/title>\n<meta name=\"description\" content=\"Festival sargo da Costa vicentina Turismo\" \/>\n<meta name=\"robots\" content=\"index, follow, max-snippet:-1, max-image-preview:large, max-video-preview:-1\" \/>\n<link rel=\"canonical\" href=\"https:\/\/algarve7.pt\/index.php\/2022\/05\/festival-sargo-da-costa-vicentina\/turismo\/14\/37\/\" \/>\n<meta property=\"og:locale\" content=\"pt_PT\" \/>\n<meta property=\"og:type\" content=\"article\" \/>\n<meta property=\"og:title\" content=\"Festival sargo da Costa vicentina - Algarve 7\" \/>\n<meta property=\"og:description\" content=\"Festival sargo da Costa vicentina Turismo\" \/>\n<meta property=\"og:url\" content=\"https:\/\/algarve7.pt\/index.php\/2022\/05\/festival-sargo-da-costa-vicentina\/turismo\/14\/37\/\" \/>\n<meta property=\"og:site_name\" content=\"Algarve 7\" \/>\n<meta property=\"article:publisher\" content=\"https:\/\/www.facebook.com\/algarve7\" \/>\n<meta property=\"article:author\" content=\"https:\/\/www.facebook.com\/algarve7\" \/>\n<meta property=\"article:published_time\" content=\"2022-05-17T13:37:57+00:00\" \/>\n<meta property=\"article:modified_time\" content=\"2022-05-17T13:37:59+00:00\" \/>\n<meta property=\"og:image\" content=\"https:\/\/algarve7.pt\/wp-content\/uploads\/2022\/05\/Captura-de-ecra\u0303-2022-05-17-a\u0300s-14.31.07-1024x587.png\" \/>\n\t<meta property=\"og:image:width\" content=\"1024\" \/>\n\t<meta property=\"og:image:height\" content=\"587\" \/>\n\t<meta property=\"og:image:type\" content=\"image\/png\" \/>\n<meta name=\"author\" content=\"Algarve 7\" \/>\n<meta name=\"twitter:card\" content=\"summary_large_image\" \/>\n<meta name=\"twitter:creator\" content=\"@Algarvesete\" \/>\n<meta name=\"twitter:site\" content=\"@Algarvesete\" \/>\n<meta name=\"twitter:label1\" content=\"Escrito por\" \/>\n\t<meta name=\"twitter:data1\" content=\"Algarve 7\" \/>\n\t<meta name=\"twitter:label2\" content=\"Tempo estimado de leitura\" \/>\n\t<meta name=\"twitter:data2\" content=\"4 minutos\" \/>\n<script type=\"application\/ld+json\" class=\"yoast-schema-graph\">{\"@context\":\"https:\\\/\\\/schema.org\",\"@graph\":[{\"@type\":\"Article\",\"@id\":\"https:\\\/\\\/algarve7.pt\\\/index.php\\\/2022\\\/05\\\/festival-sargo-da-costa-vicentina\\\/turismo\\\/14\\\/37\\\/#article\",\"isPartOf\":{\"@id\":\"https:\\\/\\\/algarve7.pt\\\/index.php\\\/2022\\\/05\\\/festival-sargo-da-costa-vicentina\\\/turismo\\\/14\\\/37\\\/\"},\"author\":{\"name\":\"Algarve 7\",\"@id\":\"https:\\\/\\\/algarve7.pt\\\/#\\\/schema\\\/person\\\/23fa70681308e7b319a3204bcea45e0c\"},\"headline\":\"Festival sargo da Costa vicentina\",\"datePublished\":\"2022-05-17T13:37:57+00:00\",\"dateModified\":\"2022-05-17T13:37:59+00:00\",\"mainEntityOfPage\":{\"@id\":\"https:\\\/\\\/algarve7.pt\\\/index.php\\\/2022\\\/05\\\/festival-sargo-da-costa-vicentina\\\/turismo\\\/14\\\/37\\\/\"},\"wordCount\":660,\"publisher\":{\"@id\":\"https:\\\/\\\/algarve7.pt\\\/#organization\"},\"image\":{\"@id\":\"https:\\\/\\\/algarve7.pt\\\/index.php\\\/2022\\\/05\\\/festival-sargo-da-costa-vicentina\\\/turismo\\\/14\\\/37\\\/#primaryimage\"},\"thumbnailUrl\":\"https:\\\/\\\/algarve7.pt\\\/wp-content\\\/uploads\\\/2022\\\/05\\\/Captura-de-ecra\u0303-2022-05-17-a\u0300s-14.31.07.png\",\"keywords\":[\"Algarve\",\"Aljezur\",\"Costa Vicentina\",\"Festival\",\"Turismo\",\"Vila do Bispo\"],\"articleSection\":[\"Turismo\"],\"inLanguage\":\"pt-PT\"},{\"@type\":\"WebPage\",\"@id\":\"https:\\\/\\\/algarve7.pt\\\/index.php\\\/2022\\\/05\\\/festival-sargo-da-costa-vicentina\\\/turismo\\\/14\\\/37\\\/\",\"url\":\"https:\\\/\\\/algarve7.pt\\\/index.php\\\/2022\\\/05\\\/festival-sargo-da-costa-vicentina\\\/turismo\\\/14\\\/37\\\/\",\"name\":\"Festival sargo da Costa vicentina - Algarve 7\",\"isPartOf\":{\"@id\":\"https:\\\/\\\/algarve7.pt\\\/#website\"},\"primaryImageOfPage\":{\"@id\":\"https:\\\/\\\/algarve7.pt\\\/index.php\\\/2022\\\/05\\\/festival-sargo-da-costa-vicentina\\\/turismo\\\/14\\\/37\\\/#primaryimage\"},\"image\":{\"@id\":\"https:\\\/\\\/algarve7.pt\\\/index.php\\\/2022\\\/05\\\/festival-sargo-da-costa-vicentina\\\/turismo\\\/14\\\/37\\\/#primaryimage\"},\"thumbnailUrl\":\"https:\\\/\\\/algarve7.pt\\\/wp-content\\\/uploads\\\/2022\\\/05\\\/Captura-de-ecra\u0303-2022-05-17-a\u0300s-14.31.07.png\",\"datePublished\":\"2022-05-17T13:37:57+00:00\",\"dateModified\":\"2022-05-17T13:37:59+00:00\",\"description\":\"Festival sargo da Costa vicentina Turismo\",\"breadcrumb\":{\"@id\":\"https:\\\/\\\/algarve7.pt\\\/index.php\\\/2022\\\/05\\\/festival-sargo-da-costa-vicentina\\\/turismo\\\/14\\\/37\\\/#breadcrumb\"},\"inLanguage\":\"pt-PT\",\"potentialAction\":[{\"@type\":\"ReadAction\",\"target\":[\"https:\\\/\\\/algarve7.pt\\\/index.php\\\/2022\\\/05\\\/festival-sargo-da-costa-vicentina\\\/turismo\\\/14\\\/37\\\/\"]}]},{\"@type\":\"ImageObject\",\"inLanguage\":\"pt-PT\",\"@id\":\"https:\\\/\\\/algarve7.pt\\\/index.php\\\/2022\\\/05\\\/festival-sargo-da-costa-vicentina\\\/turismo\\\/14\\\/37\\\/#primaryimage\",\"url\":\"https:\\\/\\\/algarve7.pt\\\/wp-content\\\/uploads\\\/2022\\\/05\\\/Captura-de-ecra\u0303-2022-05-17-a\u0300s-14.31.07.png\",\"contentUrl\":\"https:\\\/\\\/algarve7.pt\\\/wp-content\\\/uploads\\\/2022\\\/05\\\/Captura-de-ecra\u0303-2022-05-17-a\u0300s-14.31.07.png\",\"width\":2664,\"height\":1528},{\"@type\":\"BreadcrumbList\",\"@id\":\"https:\\\/\\\/algarve7.pt\\\/index.php\\\/2022\\\/05\\\/festival-sargo-da-costa-vicentina\\\/turismo\\\/14\\\/37\\\/#breadcrumb\",\"itemListElement\":[{\"@type\":\"ListItem\",\"position\":1,\"name\":\"In\u00edcio\",\"item\":\"https:\\\/\\\/algarve7.pt\\\/\"},{\"@type\":\"ListItem\",\"position\":2,\"name\":\"Festival sargo da Costa vicentina\"}]},{\"@type\":\"WebSite\",\"@id\":\"https:\\\/\\\/algarve7.pt\\\/#website\",\"url\":\"https:\\\/\\\/algarve7.pt\\\/\",\"name\":\"Algarve 7\",\"description\":\"Informa\u00e7\u00e3o sobre o Algarve\",\"publisher\":{\"@id\":\"https:\\\/\\\/algarve7.pt\\\/#organization\"},\"potentialAction\":[{\"@type\":\"SearchAction\",\"target\":{\"@type\":\"EntryPoint\",\"urlTemplate\":\"https:\\\/\\\/algarve7.pt\\\/?s={search_term_string}\"},\"query-input\":{\"@type\":\"PropertyValueSpecification\",\"valueRequired\":true,\"valueName\":\"search_term_string\"}}],\"inLanguage\":\"pt-PT\"},{\"@type\":\"Organization\",\"@id\":\"https:\\\/\\\/algarve7.pt\\\/#organization\",\"name\":\"Algarve 7\",\"url\":\"https:\\\/\\\/algarve7.pt\\\/\",\"logo\":{\"@type\":\"ImageObject\",\"inLanguage\":\"pt-PT\",\"@id\":\"https:\\\/\\\/algarve7.pt\\\/#\\\/schema\\\/logo\\\/image\\\/\",\"url\":\"https:\\\/\\\/algarve7.pt\\\/wp-content\\\/uploads\\\/2020\\\/10\\\/Logo-8.jpg\",\"contentUrl\":\"https:\\\/\\\/algarve7.pt\\\/wp-content\\\/uploads\\\/2020\\\/10\\\/Logo-8.jpg\",\"width\":1680,\"height\":1186,\"caption\":\"Algarve 7\"},\"image\":{\"@id\":\"https:\\\/\\\/algarve7.pt\\\/#\\\/schema\\\/logo\\\/image\\\/\"},\"sameAs\":[\"https:\\\/\\\/www.facebook.com\\\/algarve7\",\"https:\\\/\\\/x.com\\\/Algarvesete\",\"https:\\\/\\\/www.instagram.com\\\/jornalalgarve7\\\/\",\"https:\\\/\\\/www.linkedin.com\\\/company\\\/algarve7\",\"https:\\\/\\\/www.pinterest.pt\\\/geral0939\\\/_created\\\/\"]},{\"@type\":\"Person\",\"@id\":\"https:\\\/\\\/algarve7.pt\\\/#\\\/schema\\\/person\\\/23fa70681308e7b319a3204bcea45e0c\",\"name\":\"Algarve 7\",\"sameAs\":[\"https:\\\/\\\/algarve7.pt\",\"https:\\\/\\\/www.facebook.com\\\/algarve7\"],\"url\":\"https:\\\/\\\/algarve7.pt\\\/index.php\\\/author\\\/geralalgarve7-pt\\\/\"}]}<\/script>\n<!-- \/ Yoast SEO plugin. -->","yoast_head_json":{"title":"Festival sargo da Costa vicentina - Algarve 7","description":"Festival sargo da Costa vicentina Turismo","robots":{"index":"index","follow":"follow","max-snippet":"max-snippet:-1","max-image-preview":"max-image-preview:large","max-video-preview":"max-video-preview:-1"},"canonical":"https:\/\/algarve7.pt\/index.php\/2022\/05\/festival-sargo-da-costa-vicentina\/turismo\/14\/37\/","og_locale":"pt_PT","og_type":"article","og_title":"Festival sargo da Costa vicentina - Algarve 7","og_description":"Festival sargo da Costa vicentina Turismo","og_url":"https:\/\/algarve7.pt\/index.php\/2022\/05\/festival-sargo-da-costa-vicentina\/turismo\/14\/37\/","og_site_name":"Algarve 7","article_publisher":"https:\/\/www.facebook.com\/algarve7","article_author":"https:\/\/www.facebook.com\/algarve7","article_published_time":"2022-05-17T13:37:57+00:00","article_modified_time":"2022-05-17T13:37:59+00:00","og_image":[{"width":1024,"height":587,"url":"https:\/\/algarve7.pt\/wp-content\/uploads\/2022\/05\/Captura-de-ecra\u0303-2022-05-17-a\u0300s-14.31.07-1024x587.png","type":"image\/png"}],"author":"Algarve 7","twitter_card":"summary_large_image","twitter_creator":"@Algarvesete","twitter_site":"@Algarvesete","twitter_misc":{"Escrito por":"Algarve 7","Tempo estimado de leitura":"4 minutos"},"schema":{"@context":"https:\/\/schema.org","@graph":[{"@type":"Article","@id":"https:\/\/algarve7.pt\/index.php\/2022\/05\/festival-sargo-da-costa-vicentina\/turismo\/14\/37\/#article","isPartOf":{"@id":"https:\/\/algarve7.pt\/index.php\/2022\/05\/festival-sargo-da-costa-vicentina\/turismo\/14\/37\/"},"author":{"name":"Algarve 7","@id":"https:\/\/algarve7.pt\/#\/schema\/person\/23fa70681308e7b319a3204bcea45e0c"},"headline":"Festival sargo da Costa vicentina","datePublished":"2022-05-17T13:37:57+00:00","dateModified":"2022-05-17T13:37:59+00:00","mainEntityOfPage":{"@id":"https:\/\/algarve7.pt\/index.php\/2022\/05\/festival-sargo-da-costa-vicentina\/turismo\/14\/37\/"},"wordCount":660,"publisher":{"@id":"https:\/\/algarve7.pt\/#organization"},"image":{"@id":"https:\/\/algarve7.pt\/index.php\/2022\/05\/festival-sargo-da-costa-vicentina\/turismo\/14\/37\/#primaryimage"},"thumbnailUrl":"https:\/\/algarve7.pt\/wp-content\/uploads\/2022\/05\/Captura-de-ecra\u0303-2022-05-17-a\u0300s-14.31.07.png","keywords":["Algarve","Aljezur","Costa Vicentina","Festival","Turismo","Vila do Bispo"],"articleSection":["Turismo"],"inLanguage":"pt-PT"},{"@type":"WebPage","@id":"https:\/\/algarve7.pt\/index.php\/2022\/05\/festival-sargo-da-costa-vicentina\/turismo\/14\/37\/","url":"https:\/\/algarve7.pt\/index.php\/2022\/05\/festival-sargo-da-costa-vicentina\/turismo\/14\/37\/","name":"Festival sargo da Costa vicentina - Algarve 7","isPartOf":{"@id":"https:\/\/algarve7.pt\/#website"},"primaryImageOfPage":{"@id":"https:\/\/algarve7.pt\/index.php\/2022\/05\/festival-sargo-da-costa-vicentina\/turismo\/14\/37\/#primaryimage"},"image":{"@id":"https:\/\/algarve7.pt\/index.php\/2022\/05\/festival-sargo-da-costa-vicentina\/turismo\/14\/37\/#primaryimage"},"thumbnailUrl":"https:\/\/algarve7.pt\/wp-content\/uploads\/2022\/05\/Captura-de-ecra\u0303-2022-05-17-a\u0300s-14.31.07.png","datePublished":"2022-05-17T13:37:57+00:00","dateModified":"2022-05-17T13:37:59+00:00","description":"Festival sargo da Costa vicentina Turismo","breadcrumb":{"@id":"https:\/\/algarve7.pt\/index.php\/2022\/05\/festival-sargo-da-costa-vicentina\/turismo\/14\/37\/#breadcrumb"},"inLanguage":"pt-PT","potentialAction":[{"@type":"ReadAction","target":["https:\/\/algarve7.pt\/index.php\/2022\/05\/festival-sargo-da-costa-vicentina\/turismo\/14\/37\/"]}]},{"@type":"ImageObject","inLanguage":"pt-PT","@id":"https:\/\/algarve7.pt\/index.php\/2022\/05\/festival-sargo-da-costa-vicentina\/turismo\/14\/37\/#primaryimage","url":"https:\/\/algarve7.pt\/wp-content\/uploads\/2022\/05\/Captura-de-ecra\u0303-2022-05-17-a\u0300s-14.31.07.png","contentUrl":"https:\/\/algarve7.pt\/wp-content\/uploads\/2022\/05\/Captura-de-ecra\u0303-2022-05-17-a\u0300s-14.31.07.png","width":2664,"height":1528},{"@type":"BreadcrumbList","@id":"https:\/\/algarve7.pt\/index.php\/2022\/05\/festival-sargo-da-costa-vicentina\/turismo\/14\/37\/#breadcrumb","itemListElement":[{"@type":"ListItem","position":1,"name":"In\u00edcio","item":"https:\/\/algarve7.pt\/"},{"@type":"ListItem","position":2,"name":"Festival sargo da Costa vicentina"}]},{"@type":"WebSite","@id":"https:\/\/algarve7.pt\/#website","url":"https:\/\/algarve7.pt\/","name":"Algarve 7","description":"Informa\u00e7\u00e3o sobre o Algarve","publisher":{"@id":"https:\/\/algarve7.pt\/#organization"},"potentialAction":[{"@type":"SearchAction","target":{"@type":"EntryPoint","urlTemplate":"https:\/\/algarve7.pt\/?s={search_term_string}"},"query-input":{"@type":"PropertyValueSpecification","valueRequired":true,"valueName":"search_term_string"}}],"inLanguage":"pt-PT"},{"@type":"Organization","@id":"https:\/\/algarve7.pt\/#organization","name":"Algarve 7","url":"https:\/\/algarve7.pt\/","logo":{"@type":"ImageObject","inLanguage":"pt-PT","@id":"https:\/\/algarve7.pt\/#\/schema\/logo\/image\/","url":"https:\/\/algarve7.pt\/wp-content\/uploads\/2020\/10\/Logo-8.jpg","contentUrl":"https:\/\/algarve7.pt\/wp-content\/uploads\/2020\/10\/Logo-8.jpg","width":1680,"height":1186,"caption":"Algarve 7"},"image":{"@id":"https:\/\/algarve7.pt\/#\/schema\/logo\/image\/"},"sameAs":["https:\/\/www.facebook.com\/algarve7","https:\/\/x.com\/Algarvesete","https:\/\/www.instagram.com\/jornalalgarve7\/","https:\/\/www.linkedin.com\/company\/algarve7","https:\/\/www.pinterest.pt\/geral0939\/_created\/"]},{"@type":"Person","@id":"https:\/\/algarve7.pt\/#\/schema\/person\/23fa70681308e7b319a3204bcea45e0c","name":"Algarve 7","sameAs":["https:\/\/algarve7.pt","https:\/\/www.facebook.com\/algarve7"],"url":"https:\/\/algarve7.pt\/index.php\/author\/geralalgarve7-pt\/"}]}},"jetpack_publicize_connections":[],"jetpack_featured_media_url":"https:\/\/algarve7.pt\/wp-content\/uploads\/2022\/05\/Captura-de-ecra\u0303-2022-05-17-a\u0300s-14.31.07.png","jetpack_shortlink":"https:\/\/wp.me\/pcezmW-4Qs","jetpack_sharing_enabled":true,"_links":{"self":[{"href":"https:\/\/algarve7.pt\/index.php\/wp-json\/wp\/v2\/posts\/18628","targetHints":{"allow":["GET"]}}],"collection":[{"href":"https:\/\/algarve7.pt\/index.php\/wp-json\/wp\/v2\/posts"}],"about":[{"href":"https:\/\/algarve7.pt\/index.php\/wp-json\/wp\/v2\/types\/post"}],"author":[{"embeddable":true,"href":"https:\/\/algarve7.pt\/index.php\/wp-json\/wp\/v2\/users\/1"}],"replies":[{"embeddable":true,"href":"https:\/\/algarve7.pt\/index.php\/wp-json\/wp\/v2\/comments?post=18628"}],"version-history":[{"count":0,"href":"https:\/\/algarve7.pt\/index.php\/wp-json\/wp\/v2\/posts\/18628\/revisions"}],"wp:featuredmedia":[{"embeddable":true,"href":"https:\/\/algarve7.pt\/index.php\/wp-json\/wp\/v2\/media\/18630"}],"wp:attachment":[{"href":"https:\/\/algarve7.pt\/index.php\/wp-json\/wp\/v2\/media?parent=18628"}],"wp:term":[{"taxonomy":"category","embeddable":true,"href":"https:\/\/algarve7.pt\/index.php\/wp-json\/wp\/v2\/categories?post=18628"},{"taxonomy":"post_tag","embeddable":true,"href":"https:\/\/algarve7.pt\/index.php\/wp-json\/wp\/v2\/tags?post=18628"}],"curies":[{"name":"wp","href":"https:\/\/api.w.org\/{rel}","templated":true}]}}