{"id":18612,"date":"2022-05-17T09:27:00","date_gmt":"2022-05-17T08:27:00","guid":{"rendered":"https:\/\/algarve7.pt\/?p=18612"},"modified":"2022-05-17T08:27:45","modified_gmt":"2022-05-17T07:27:45","slug":"antigo-fuzileiro-galardoado-com-estrela-michelin-recebe-formadores-da-marinha-em-faro","status":"publish","type":"post","link":"https:\/\/algarve7.pt\/index.php\/2022\/05\/antigo-fuzileiro-galardoado-com-estrela-michelin-recebe-formadores-da-marinha-em-faro\/turismo\/09\/27\/","title":{"rendered":"Antigo Fuzileiro, galardoado com estrela Michelin, recebe formadores da Marinha em Faro"},"content":{"rendered":"\n<p>Em conjunto, a equipa de militares da Marinha e a equipa de Leonel Pereira realizaram todo o processo de uma confe\u00e7\u00e3o de refei\u00e7\u00e3o, desde a compra dos produtos frescos at\u00e9 \u00e0 apresenta\u00e7\u00e3o na mesa. A partilha de conhecimentos, a troca de experi\u00eancias num ambiente de camaradagem foram as notas dominantes.<br>Dos seus tempos de Marinha, Leonel guarda grandes recorda\u00e7\u00f5es e refere que a passagem nos Fuzileiros foi determinante para a constru\u00e7\u00e3o da sua carreira, assente em valores como a determina\u00e7\u00e3o, a resili\u00eancia, o esp\u00edrito de entreajuda e a lideran\u00e7a.&nbsp;\u00c0 entrada do Checkin pode ler-se &#8220;Don\u00b4t copy&#8230;use your brain!&#8221; e \u00e9 esse esp\u00edrito que se v\u00ea em cada refei\u00e7\u00e3o confecionada pela equipa de Leonel Pereira.&nbsp;<br>Leonel Pereira nasceu em Pessegueiro\/Martinlongo, no Algarve.Tem uma carreira com 30 anos, Nacional e Internacional distinguida com as mais altas condecora\u00e7\u00f5es.Graduado pelas escolas (Len\u00f6tre, Alain Ducasse, Culinary Institut of Am\u00e9rica).Cumpriu o servi\u00e7o militar nos Fuzileiros entre 90\/91.<br>Foi Chef executivo em hot\u00e9is como o Sheraton, o Meridian, o Orient-Express, o Pestana, as Pousadas de Portugal.Pratica uma cozinha com profundas ra\u00edzes nas receitas regionais\/tradicionais e chama-lhe Irrequieta e Criativa, por tentar sempre aplicar a t\u00e9cnica mais recente para tirar o m\u00e1ximo sabor de cada produto. Mas sempre com o objetivo de reconfortar e surpreender os seus comensais, alem disto, acrescenta-lhe a parte Emocional e Sensorial para ir um pouco mais al\u00e9m atrav\u00e9s de lembran\u00e7as e momentos \u00fanicos do passado representados no presente.<br>Desde 2014 tem conciliado a cozinha com o &#8220;CCMAR&#8221; &#8211; Centro de Ci\u00eancias do Mar &#8211; da Universidade do Algarve, onde tem participado em v\u00e1rios projetos como investigador.No Brasil (2001\/2004) abriu todas as \u00e1reas de restaura\u00e7\u00e3o dos hot\u00e9is do Grupo Pestana, onde chegou a ser distinguido pelo Guia 4 Rodas no seu Restaurante &#8220;Cais da Ribeira&#8221; com 1 Estrela e no mesmo ano recebeu o mais alto galard\u00e3o neste pa\u00eds &#8220;Chefe Revela\u00e7\u00e3o Brasil&#8221;.<br>J\u00e1 no Sheraton Lisboa &amp; Spa (2007\/2011) com o projeto do restaurante &#8220;Panorama&#8221; recebeu por 3 vezes o pr\u00e9mio de Chef e Restaurante do ano.<br>Desde mar\u00e7o de 2013 abra\u00e7ou o projeto do Restaurante S\u00e3o Gabriel, em Almancil, onde tem feito uma verdadeira revolu\u00e7\u00e3o e revela\u00e7\u00e3o do que \u00e9 para ele a evolu\u00e7\u00e3o dos sabores locais.<br>Em 2014 \u00e9 distinguido com a sua primeira Estrela Michelin.J\u00e1 em 2015 \u00e9 novamente distinguido com o pr\u00eamio de Chef do Ano e o S\u00e3o Gabriel com o Garfo de Platina (distin\u00e7\u00e3o m\u00e1xima pelo mesmo guia).<br>Em 2016 volta a ser distinguido com 3 soles do famoso guia REPSOL.2017\/2018\/2019 Garfo de Platina no guia BCBM e mant\u00e9m a Estrela&nbsp; Michelin at\u00e9 2020 data que decidiu encerrar o S\u00e3o Gabriel.<br>No in\u00edcio de 2020 abre o seu &#8220;Checkin-Faro by Leonel Pereira&#8221; e no final do mesmo ano \u00e9 reconhecido com um &#8221; Bib Gourmand&#8221; pelo Guia Michelin.<\/p>\n","protected":false},"excerpt":{"rendered":"<p>Em conjunto, a equipa de militares da Marinha e a equipa de Leonel Pereira realizaram todo o processo de uma<\/p>\n","protected":false},"author":1,"featured_media":18613,"comment_status":"closed","ping_status":"open","sticky":false,"template":"","format":"standard","meta":{"colormag_page_container_layout":"default_layout","colormag_page_sidebar_layout":"default_layout","_monsterinsights_skip_tracking":false,"_monsterinsights_sitenote_active":false,"_monsterinsights_sitenote_note":"","_monsterinsights_sitenote_category":0,"jetpack_post_was_ever_published":false,"_jetpack_newsletter_access":"","_jetpack_dont_email_post_to_subs":false,"_jetpack_newsletter_tier_id":0,"_jetpack_memberships_contains_paywalled_content":false,"_jetpack_memberships_contains_paid_content":false,"footnotes":"","jetpack_publicize_message":"","jetpack_publicize_feature_enabled":true,"jetpack_social_post_already_shared":true,"jetpack_social_options":{"image_generator_settings":{"template":"highway","default_image_id":0,"font":"","enabled":false},"version":2}},"categories":[17],"tags":[36,57,108,45],"class_list":["post-18612","post","type-post","status-publish","format-standard","has-post-thumbnail","hentry","category-turismo","tag-algarve","tag-faro","tag-restaurantes","tag-turismo"],"yoast_head":"<!-- This site is optimized with the Yoast SEO plugin v27.5 - https:\/\/yoast.com\/product\/yoast-seo-wordpress\/ -->\n<title>Antigo Fuzileiro, galardoado com estrela Michelin, recebe formadores da Marinha em Faro - Algarve 7<\/title>\n<meta name=\"description\" content=\"Antigo Fuzileiro, galardoado com estrela Michelin, recebe formadores da Marinha em Faro Turismo\" \/>\n<meta name=\"robots\" content=\"index, follow, max-snippet:-1, max-image-preview:large, max-video-preview:-1\" \/>\n<link rel=\"canonical\" href=\"https:\/\/algarve7.pt\/index.php\/2022\/05\/antigo-fuzileiro-galardoado-com-estrela-michelin-recebe-formadores-da-marinha-em-faro\/turismo\/09\/27\/\" \/>\n<meta property=\"og:locale\" content=\"pt_PT\" \/>\n<meta property=\"og:type\" content=\"article\" \/>\n<meta property=\"og:title\" content=\"Antigo Fuzileiro, galardoado com estrela Michelin, recebe formadores da Marinha em Faro - Algarve 7\" \/>\n<meta property=\"og:description\" content=\"Antigo Fuzileiro, galardoado com estrela Michelin, recebe formadores da Marinha em Faro Turismo\" \/>\n<meta property=\"og:url\" content=\"https:\/\/algarve7.pt\/index.php\/2022\/05\/antigo-fuzileiro-galardoado-com-estrela-michelin-recebe-formadores-da-marinha-em-faro\/turismo\/09\/27\/\" \/>\n<meta property=\"og:site_name\" content=\"Algarve 7\" \/>\n<meta property=\"article:publisher\" content=\"https:\/\/www.facebook.com\/algarve7\" \/>\n<meta property=\"article:author\" content=\"https:\/\/www.facebook.com\/algarve7\" \/>\n<meta property=\"article:published_time\" content=\"2022-05-17T08:27:00+00:00\" \/>\n<meta property=\"og:image\" content=\"https:\/\/algarve7.pt\/wp-content\/uploads\/2022\/05\/Chef-Leonel-Pereira-2.jpeg\" \/>\n\t<meta property=\"og:image:width\" content=\"1600\" \/>\n\t<meta property=\"og:image:height\" content=\"1088\" \/>\n\t<meta property=\"og:image:type\" content=\"image\/jpeg\" \/>\n<meta name=\"author\" content=\"Algarve 7\" \/>\n<meta name=\"twitter:card\" content=\"summary_large_image\" \/>\n<meta name=\"twitter:creator\" content=\"@Algarvesete\" \/>\n<meta name=\"twitter:site\" content=\"@Algarvesete\" \/>\n<meta name=\"twitter:label1\" content=\"Escrito por\" \/>\n\t<meta name=\"twitter:data1\" content=\"Algarve 7\" \/>\n\t<meta name=\"twitter:label2\" content=\"Tempo estimado de leitura\" \/>\n\t<meta name=\"twitter:data2\" content=\"3 minutos\" \/>\n<script type=\"application\/ld+json\" class=\"yoast-schema-graph\">{\"@context\":\"https:\\\/\\\/schema.org\",\"@graph\":[{\"@type\":\"Article\",\"@id\":\"https:\\\/\\\/algarve7.pt\\\/index.php\\\/2022\\\/05\\\/antigo-fuzileiro-galardoado-com-estrela-michelin-recebe-formadores-da-marinha-em-faro\\\/turismo\\\/09\\\/27\\\/#article\",\"isPartOf\":{\"@id\":\"https:\\\/\\\/algarve7.pt\\\/index.php\\\/2022\\\/05\\\/antigo-fuzileiro-galardoado-com-estrela-michelin-recebe-formadores-da-marinha-em-faro\\\/turismo\\\/09\\\/27\\\/\"},\"author\":{\"name\":\"Algarve 7\",\"@id\":\"https:\\\/\\\/algarve7.pt\\\/#\\\/schema\\\/person\\\/23fa70681308e7b319a3204bcea45e0c\"},\"headline\":\"Antigo Fuzileiro, galardoado com estrela Michelin, recebe formadores da Marinha em Faro\",\"datePublished\":\"2022-05-17T08:27:00+00:00\",\"mainEntityOfPage\":{\"@id\":\"https:\\\/\\\/algarve7.pt\\\/index.php\\\/2022\\\/05\\\/antigo-fuzileiro-galardoado-com-estrela-michelin-recebe-formadores-da-marinha-em-faro\\\/turismo\\\/09\\\/27\\\/\"},\"wordCount\":507,\"publisher\":{\"@id\":\"https:\\\/\\\/algarve7.pt\\\/#organization\"},\"image\":{\"@id\":\"https:\\\/\\\/algarve7.pt\\\/index.php\\\/2022\\\/05\\\/antigo-fuzileiro-galardoado-com-estrela-michelin-recebe-formadores-da-marinha-em-faro\\\/turismo\\\/09\\\/27\\\/#primaryimage\"},\"thumbnailUrl\":\"https:\\\/\\\/algarve7.pt\\\/wp-content\\\/uploads\\\/2022\\\/05\\\/Chef-Leonel-Pereira-2.jpeg\",\"keywords\":[\"Algarve\",\"Faro\",\"Restaurantes\",\"Turismo\"],\"articleSection\":[\"Turismo\"],\"inLanguage\":\"pt-PT\"},{\"@type\":\"WebPage\",\"@id\":\"https:\\\/\\\/algarve7.pt\\\/index.php\\\/2022\\\/05\\\/antigo-fuzileiro-galardoado-com-estrela-michelin-recebe-formadores-da-marinha-em-faro\\\/turismo\\\/09\\\/27\\\/\",\"url\":\"https:\\\/\\\/algarve7.pt\\\/index.php\\\/2022\\\/05\\\/antigo-fuzileiro-galardoado-com-estrela-michelin-recebe-formadores-da-marinha-em-faro\\\/turismo\\\/09\\\/27\\\/\",\"name\":\"Antigo Fuzileiro, galardoado com estrela Michelin, recebe formadores da Marinha em Faro - Algarve 7\",\"isPartOf\":{\"@id\":\"https:\\\/\\\/algarve7.pt\\\/#website\"},\"primaryImageOfPage\":{\"@id\":\"https:\\\/\\\/algarve7.pt\\\/index.php\\\/2022\\\/05\\\/antigo-fuzileiro-galardoado-com-estrela-michelin-recebe-formadores-da-marinha-em-faro\\\/turismo\\\/09\\\/27\\\/#primaryimage\"},\"image\":{\"@id\":\"https:\\\/\\\/algarve7.pt\\\/index.php\\\/2022\\\/05\\\/antigo-fuzileiro-galardoado-com-estrela-michelin-recebe-formadores-da-marinha-em-faro\\\/turismo\\\/09\\\/27\\\/#primaryimage\"},\"thumbnailUrl\":\"https:\\\/\\\/algarve7.pt\\\/wp-content\\\/uploads\\\/2022\\\/05\\\/Chef-Leonel-Pereira-2.jpeg\",\"datePublished\":\"2022-05-17T08:27:00+00:00\",\"description\":\"Antigo Fuzileiro, galardoado com estrela Michelin, recebe formadores da Marinha em Faro Turismo\",\"breadcrumb\":{\"@id\":\"https:\\\/\\\/algarve7.pt\\\/index.php\\\/2022\\\/05\\\/antigo-fuzileiro-galardoado-com-estrela-michelin-recebe-formadores-da-marinha-em-faro\\\/turismo\\\/09\\\/27\\\/#breadcrumb\"},\"inLanguage\":\"pt-PT\",\"potentialAction\":[{\"@type\":\"ReadAction\",\"target\":[\"https:\\\/\\\/algarve7.pt\\\/index.php\\\/2022\\\/05\\\/antigo-fuzileiro-galardoado-com-estrela-michelin-recebe-formadores-da-marinha-em-faro\\\/turismo\\\/09\\\/27\\\/\"]}]},{\"@type\":\"ImageObject\",\"inLanguage\":\"pt-PT\",\"@id\":\"https:\\\/\\\/algarve7.pt\\\/index.php\\\/2022\\\/05\\\/antigo-fuzileiro-galardoado-com-estrela-michelin-recebe-formadores-da-marinha-em-faro\\\/turismo\\\/09\\\/27\\\/#primaryimage\",\"url\":\"https:\\\/\\\/algarve7.pt\\\/wp-content\\\/uploads\\\/2022\\\/05\\\/Chef-Leonel-Pereira-2.jpeg\",\"contentUrl\":\"https:\\\/\\\/algarve7.pt\\\/wp-content\\\/uploads\\\/2022\\\/05\\\/Chef-Leonel-Pereira-2.jpeg\",\"width\":1600,\"height\":1088,\"caption\":\"Chef Leonel Pereira 2\"},{\"@type\":\"BreadcrumbList\",\"@id\":\"https:\\\/\\\/algarve7.pt\\\/index.php\\\/2022\\\/05\\\/antigo-fuzileiro-galardoado-com-estrela-michelin-recebe-formadores-da-marinha-em-faro\\\/turismo\\\/09\\\/27\\\/#breadcrumb\",\"itemListElement\":[{\"@type\":\"ListItem\",\"position\":1,\"name\":\"In\u00edcio\",\"item\":\"https:\\\/\\\/algarve7.pt\\\/\"},{\"@type\":\"ListItem\",\"position\":2,\"name\":\"Antigo Fuzileiro, galardoado com estrela Michelin, recebe formadores da Marinha em Faro\"}]},{\"@type\":\"WebSite\",\"@id\":\"https:\\\/\\\/algarve7.pt\\\/#website\",\"url\":\"https:\\\/\\\/algarve7.pt\\\/\",\"name\":\"Algarve 7\",\"description\":\"Informa\u00e7\u00e3o sobre o Algarve\",\"publisher\":{\"@id\":\"https:\\\/\\\/algarve7.pt\\\/#organization\"},\"potentialAction\":[{\"@type\":\"SearchAction\",\"target\":{\"@type\":\"EntryPoint\",\"urlTemplate\":\"https:\\\/\\\/algarve7.pt\\\/?s={search_term_string}\"},\"query-input\":{\"@type\":\"PropertyValueSpecification\",\"valueRequired\":true,\"valueName\":\"search_term_string\"}}],\"inLanguage\":\"pt-PT\"},{\"@type\":\"Organization\",\"@id\":\"https:\\\/\\\/algarve7.pt\\\/#organization\",\"name\":\"Algarve 7\",\"url\":\"https:\\\/\\\/algarve7.pt\\\/\",\"logo\":{\"@type\":\"ImageObject\",\"inLanguage\":\"pt-PT\",\"@id\":\"https:\\\/\\\/algarve7.pt\\\/#\\\/schema\\\/logo\\\/image\\\/\",\"url\":\"https:\\\/\\\/algarve7.pt\\\/wp-content\\\/uploads\\\/2020\\\/10\\\/Logo-8.jpg\",\"contentUrl\":\"https:\\\/\\\/algarve7.pt\\\/wp-content\\\/uploads\\\/2020\\\/10\\\/Logo-8.jpg\",\"width\":1680,\"height\":1186,\"caption\":\"Algarve 7\"},\"image\":{\"@id\":\"https:\\\/\\\/algarve7.pt\\\/#\\\/schema\\\/logo\\\/image\\\/\"},\"sameAs\":[\"https:\\\/\\\/www.facebook.com\\\/algarve7\",\"https:\\\/\\\/x.com\\\/Algarvesete\",\"https:\\\/\\\/www.instagram.com\\\/jornalalgarve7\\\/\",\"https:\\\/\\\/www.linkedin.com\\\/company\\\/algarve7\",\"https:\\\/\\\/www.pinterest.pt\\\/geral0939\\\/_created\\\/\"]},{\"@type\":\"Person\",\"@id\":\"https:\\\/\\\/algarve7.pt\\\/#\\\/schema\\\/person\\\/23fa70681308e7b319a3204bcea45e0c\",\"name\":\"Algarve 7\",\"sameAs\":[\"https:\\\/\\\/algarve7.pt\",\"https:\\\/\\\/www.facebook.com\\\/algarve7\"],\"url\":\"https:\\\/\\\/algarve7.pt\\\/index.php\\\/author\\\/geralalgarve7-pt\\\/\"}]}<\/script>\n<!-- \/ Yoast SEO plugin. -->","yoast_head_json":{"title":"Antigo Fuzileiro, galardoado com estrela Michelin, recebe formadores da Marinha em Faro - Algarve 7","description":"Antigo Fuzileiro, galardoado com estrela Michelin, recebe formadores da Marinha em Faro Turismo","robots":{"index":"index","follow":"follow","max-snippet":"max-snippet:-1","max-image-preview":"max-image-preview:large","max-video-preview":"max-video-preview:-1"},"canonical":"https:\/\/algarve7.pt\/index.php\/2022\/05\/antigo-fuzileiro-galardoado-com-estrela-michelin-recebe-formadores-da-marinha-em-faro\/turismo\/09\/27\/","og_locale":"pt_PT","og_type":"article","og_title":"Antigo Fuzileiro, galardoado com estrela Michelin, recebe formadores da Marinha em Faro - Algarve 7","og_description":"Antigo Fuzileiro, galardoado com estrela Michelin, recebe formadores da Marinha em Faro Turismo","og_url":"https:\/\/algarve7.pt\/index.php\/2022\/05\/antigo-fuzileiro-galardoado-com-estrela-michelin-recebe-formadores-da-marinha-em-faro\/turismo\/09\/27\/","og_site_name":"Algarve 7","article_publisher":"https:\/\/www.facebook.com\/algarve7","article_author":"https:\/\/www.facebook.com\/algarve7","article_published_time":"2022-05-17T08:27:00+00:00","og_image":[{"width":1600,"height":1088,"url":"https:\/\/algarve7.pt\/wp-content\/uploads\/2022\/05\/Chef-Leonel-Pereira-2.jpeg","type":"image\/jpeg"}],"author":"Algarve 7","twitter_card":"summary_large_image","twitter_creator":"@Algarvesete","twitter_site":"@Algarvesete","twitter_misc":{"Escrito por":"Algarve 7","Tempo estimado de leitura":"3 minutos"},"schema":{"@context":"https:\/\/schema.org","@graph":[{"@type":"Article","@id":"https:\/\/algarve7.pt\/index.php\/2022\/05\/antigo-fuzileiro-galardoado-com-estrela-michelin-recebe-formadores-da-marinha-em-faro\/turismo\/09\/27\/#article","isPartOf":{"@id":"https:\/\/algarve7.pt\/index.php\/2022\/05\/antigo-fuzileiro-galardoado-com-estrela-michelin-recebe-formadores-da-marinha-em-faro\/turismo\/09\/27\/"},"author":{"name":"Algarve 7","@id":"https:\/\/algarve7.pt\/#\/schema\/person\/23fa70681308e7b319a3204bcea45e0c"},"headline":"Antigo Fuzileiro, galardoado com estrela Michelin, recebe formadores da Marinha em Faro","datePublished":"2022-05-17T08:27:00+00:00","mainEntityOfPage":{"@id":"https:\/\/algarve7.pt\/index.php\/2022\/05\/antigo-fuzileiro-galardoado-com-estrela-michelin-recebe-formadores-da-marinha-em-faro\/turismo\/09\/27\/"},"wordCount":507,"publisher":{"@id":"https:\/\/algarve7.pt\/#organization"},"image":{"@id":"https:\/\/algarve7.pt\/index.php\/2022\/05\/antigo-fuzileiro-galardoado-com-estrela-michelin-recebe-formadores-da-marinha-em-faro\/turismo\/09\/27\/#primaryimage"},"thumbnailUrl":"https:\/\/algarve7.pt\/wp-content\/uploads\/2022\/05\/Chef-Leonel-Pereira-2.jpeg","keywords":["Algarve","Faro","Restaurantes","Turismo"],"articleSection":["Turismo"],"inLanguage":"pt-PT"},{"@type":"WebPage","@id":"https:\/\/algarve7.pt\/index.php\/2022\/05\/antigo-fuzileiro-galardoado-com-estrela-michelin-recebe-formadores-da-marinha-em-faro\/turismo\/09\/27\/","url":"https:\/\/algarve7.pt\/index.php\/2022\/05\/antigo-fuzileiro-galardoado-com-estrela-michelin-recebe-formadores-da-marinha-em-faro\/turismo\/09\/27\/","name":"Antigo Fuzileiro, galardoado com estrela Michelin, recebe formadores da Marinha em Faro - Algarve 7","isPartOf":{"@id":"https:\/\/algarve7.pt\/#website"},"primaryImageOfPage":{"@id":"https:\/\/algarve7.pt\/index.php\/2022\/05\/antigo-fuzileiro-galardoado-com-estrela-michelin-recebe-formadores-da-marinha-em-faro\/turismo\/09\/27\/#primaryimage"},"image":{"@id":"https:\/\/algarve7.pt\/index.php\/2022\/05\/antigo-fuzileiro-galardoado-com-estrela-michelin-recebe-formadores-da-marinha-em-faro\/turismo\/09\/27\/#primaryimage"},"thumbnailUrl":"https:\/\/algarve7.pt\/wp-content\/uploads\/2022\/05\/Chef-Leonel-Pereira-2.jpeg","datePublished":"2022-05-17T08:27:00+00:00","description":"Antigo Fuzileiro, galardoado com estrela Michelin, recebe formadores da Marinha em Faro Turismo","breadcrumb":{"@id":"https:\/\/algarve7.pt\/index.php\/2022\/05\/antigo-fuzileiro-galardoado-com-estrela-michelin-recebe-formadores-da-marinha-em-faro\/turismo\/09\/27\/#breadcrumb"},"inLanguage":"pt-PT","potentialAction":[{"@type":"ReadAction","target":["https:\/\/algarve7.pt\/index.php\/2022\/05\/antigo-fuzileiro-galardoado-com-estrela-michelin-recebe-formadores-da-marinha-em-faro\/turismo\/09\/27\/"]}]},{"@type":"ImageObject","inLanguage":"pt-PT","@id":"https:\/\/algarve7.pt\/index.php\/2022\/05\/antigo-fuzileiro-galardoado-com-estrela-michelin-recebe-formadores-da-marinha-em-faro\/turismo\/09\/27\/#primaryimage","url":"https:\/\/algarve7.pt\/wp-content\/uploads\/2022\/05\/Chef-Leonel-Pereira-2.jpeg","contentUrl":"https:\/\/algarve7.pt\/wp-content\/uploads\/2022\/05\/Chef-Leonel-Pereira-2.jpeg","width":1600,"height":1088,"caption":"Chef Leonel Pereira 2"},{"@type":"BreadcrumbList","@id":"https:\/\/algarve7.pt\/index.php\/2022\/05\/antigo-fuzileiro-galardoado-com-estrela-michelin-recebe-formadores-da-marinha-em-faro\/turismo\/09\/27\/#breadcrumb","itemListElement":[{"@type":"ListItem","position":1,"name":"In\u00edcio","item":"https:\/\/algarve7.pt\/"},{"@type":"ListItem","position":2,"name":"Antigo Fuzileiro, galardoado com estrela Michelin, recebe formadores da Marinha em Faro"}]},{"@type":"WebSite","@id":"https:\/\/algarve7.pt\/#website","url":"https:\/\/algarve7.pt\/","name":"Algarve 7","description":"Informa\u00e7\u00e3o sobre o Algarve","publisher":{"@id":"https:\/\/algarve7.pt\/#organization"},"potentialAction":[{"@type":"SearchAction","target":{"@type":"EntryPoint","urlTemplate":"https:\/\/algarve7.pt\/?s={search_term_string}"},"query-input":{"@type":"PropertyValueSpecification","valueRequired":true,"valueName":"search_term_string"}}],"inLanguage":"pt-PT"},{"@type":"Organization","@id":"https:\/\/algarve7.pt\/#organization","name":"Algarve 7","url":"https:\/\/algarve7.pt\/","logo":{"@type":"ImageObject","inLanguage":"pt-PT","@id":"https:\/\/algarve7.pt\/#\/schema\/logo\/image\/","url":"https:\/\/algarve7.pt\/wp-content\/uploads\/2020\/10\/Logo-8.jpg","contentUrl":"https:\/\/algarve7.pt\/wp-content\/uploads\/2020\/10\/Logo-8.jpg","width":1680,"height":1186,"caption":"Algarve 7"},"image":{"@id":"https:\/\/algarve7.pt\/#\/schema\/logo\/image\/"},"sameAs":["https:\/\/www.facebook.com\/algarve7","https:\/\/x.com\/Algarvesete","https:\/\/www.instagram.com\/jornalalgarve7\/","https:\/\/www.linkedin.com\/company\/algarve7","https:\/\/www.pinterest.pt\/geral0939\/_created\/"]},{"@type":"Person","@id":"https:\/\/algarve7.pt\/#\/schema\/person\/23fa70681308e7b319a3204bcea45e0c","name":"Algarve 7","sameAs":["https:\/\/algarve7.pt","https:\/\/www.facebook.com\/algarve7"],"url":"https:\/\/algarve7.pt\/index.php\/author\/geralalgarve7-pt\/"}]}},"jetpack_publicize_connections":[],"jetpack_featured_media_url":"https:\/\/algarve7.pt\/wp-content\/uploads\/2022\/05\/Chef-Leonel-Pereira-2.jpeg","jetpack_shortlink":"https:\/\/wp.me\/pcezmW-4Qc","jetpack_sharing_enabled":true,"_links":{"self":[{"href":"https:\/\/algarve7.pt\/index.php\/wp-json\/wp\/v2\/posts\/18612","targetHints":{"allow":["GET"]}}],"collection":[{"href":"https:\/\/algarve7.pt\/index.php\/wp-json\/wp\/v2\/posts"}],"about":[{"href":"https:\/\/algarve7.pt\/index.php\/wp-json\/wp\/v2\/types\/post"}],"author":[{"embeddable":true,"href":"https:\/\/algarve7.pt\/index.php\/wp-json\/wp\/v2\/users\/1"}],"replies":[{"embeddable":true,"href":"https:\/\/algarve7.pt\/index.php\/wp-json\/wp\/v2\/comments?post=18612"}],"version-history":[{"count":0,"href":"https:\/\/algarve7.pt\/index.php\/wp-json\/wp\/v2\/posts\/18612\/revisions"}],"wp:featuredmedia":[{"embeddable":true,"href":"https:\/\/algarve7.pt\/index.php\/wp-json\/wp\/v2\/media\/18613"}],"wp:attachment":[{"href":"https:\/\/algarve7.pt\/index.php\/wp-json\/wp\/v2\/media?parent=18612"}],"wp:term":[{"taxonomy":"category","embeddable":true,"href":"https:\/\/algarve7.pt\/index.php\/wp-json\/wp\/v2\/categories?post=18612"},{"taxonomy":"post_tag","embeddable":true,"href":"https:\/\/algarve7.pt\/index.php\/wp-json\/wp\/v2\/tags?post=18612"}],"curies":[{"name":"wp","href":"https:\/\/api.w.org\/{rel}","templated":true}]}}