{"id":18606,"date":"2022-05-17T08:07:00","date_gmt":"2022-05-17T07:07:00","guid":{"rendered":"https:\/\/algarve7.pt\/?p=18606"},"modified":"2022-05-16T22:08:00","modified_gmt":"2022-05-16T21:08:00","slug":"municipio-de-silves-oferece-viatura-de-combate-a-incendios-florestais-rurais","status":"publish","type":"post","link":"https:\/\/algarve7.pt\/index.php\/2022\/05\/municipio-de-silves-oferece-viatura-de-combate-a-incendios-florestais-rurais\/atualidade\/08\/07\/","title":{"rendered":"Munic\u00edpio de Silves oferece viatura de combate a inc\u00eandios florestais\/rurais"},"content":{"rendered":"\n<p>O Munic\u00edpio de Silves ofereceu \u00e0 Associa\u00e7\u00e3o Humanit\u00e1ria de Bombeiros Volunt\u00e1rios de Silves, por altura do 96.\u00ba anivers\u00e1rio da sua funda\u00e7\u00e3o, uma viatura nova de combate a inc\u00eandios florestais\/rurais (VFCI), num investimento que ascendeu a 181 mil euros.<\/p>\n\n\n\n<p>A sess\u00e3o solene, realizada a 15 de maio na sede dos bombeiros, foi presidida pela Presidente da C\u00e2mara, Rosa Palma e contou com a presen\u00e7a do Presidente da Dire\u00e7\u00e3o da Associa\u00e7\u00e3o Humanit\u00e1ria, Jo\u00e3o Luz; do Comandante do Corpo de Bombeiros, Ant\u00f3nio Nunes; do representante da Liga dos Bombeiros Portugueses, M\u00e1rio Costa; do 2.\u00ba Comandante Regional de Emerg\u00eancia e Prote\u00e7\u00e3o Civil do Algarve, Abel Gomes; do executivo camar\u00e1rio; do Presidente da Junta de Freguesia de Silves, Tito Coelho; de outros autarcas e entidades, de representantes das for\u00e7as de seguran\u00e7a, bombeiros e da popula\u00e7\u00e3o em geral.<\/p>\n\n\n\n<p>Na sua interven\u00e7\u00e3o, a Presidente da C\u00e2mara, Rosa Palma, destacou os \u201c<em>96 longos anos de a\u00e7\u00e3o humanit\u00e1ria e atividade nobre em defesa das popula\u00e7\u00f5es do concelho, da regi\u00e3o e do pa\u00eds<\/em>\u201d, real\u00e7ando que \u201c<em>os bombeiros s\u00e3o a mais importante organiza\u00e7\u00e3o de prote\u00e7\u00e3o e socorro do pa\u00eds e assumem um papel central no Sistema de Prote\u00e7\u00e3o Civil<\/em>\u201d. Sublinhou, ainda, que a atual lideran\u00e7a municipal \u201c<em>adota como linha priorit\u00e1ria o refor\u00e7o gradual do apoio \u00e0s Corpora\u00e7\u00f5es de Bombeiros do concelho<\/em>\u201d, concluindo que este significativo investimento na aquisi\u00e7\u00e3o de uma viatura nova de combate a inc\u00eandios florestais\/rurais, contribuir\u00e1 para a \u201c<em>maior efici\u00eancia e seguran\u00e7a, no combate ao flagelo dos fogos florestais, tornando o concelho de Silves, mais capaz e resiliente na \u00e1rea da Prote\u00e7\u00e3o Civil<\/em>\u201d.<\/p>\n","protected":false},"excerpt":{"rendered":"<p>O Munic\u00edpio de Silves ofereceu \u00e0 Associa\u00e7\u00e3o Humanit\u00e1ria de Bombeiros Volunt\u00e1rios de Silves, por altura do 96.\u00ba anivers\u00e1rio da sua<\/p>\n","protected":false},"author":1,"featured_media":18607,"comment_status":"closed","ping_status":"open","sticky":false,"template":"","format":"standard","meta":{"colormag_page_container_layout":"default_layout","colormag_page_sidebar_layout":"default_layout","_monsterinsights_skip_tracking":false,"_monsterinsights_sitenote_active":false,"_monsterinsights_sitenote_note":"","_monsterinsights_sitenote_category":0,"jetpack_post_was_ever_published":false,"_jetpack_newsletter_access":"","_jetpack_dont_email_post_to_subs":false,"_jetpack_newsletter_tier_id":0,"_jetpack_memberships_contains_paywalled_content":false,"_jetpack_memberships_contains_paid_content":false,"footnotes":"","jetpack_publicize_message":"","jetpack_publicize_feature_enabled":true,"jetpack_social_post_already_shared":true,"jetpack_social_options":{"image_generator_settings":{"template":"highway","default_image_id":0,"font":"","enabled":false},"version":2}},"categories":[11],"tags":[62,104,42],"class_list":["post-18606","post","type-post","status-publish","format-standard","has-post-thumbnail","hentry","category-atualidade","tag-atualidade","tag-bombeiros","tag-silves"],"yoast_head":"<!-- This site is optimized with the Yoast SEO plugin v27.5 - https:\/\/yoast.com\/product\/yoast-seo-wordpress\/ -->\n<title>Munic\u00edpio de Silves oferece viatura de combate a inc\u00eandios florestais\/rurais - Algarve 7<\/title>\n<meta name=\"description\" content=\"Munic\u00edpio de Silves oferece viatura de combate a inc\u00eandios florestais\/rurais Atualidade\" \/>\n<meta name=\"robots\" content=\"index, follow, max-snippet:-1, max-image-preview:large, max-video-preview:-1\" \/>\n<link rel=\"canonical\" href=\"https:\/\/algarve7.pt\/index.php\/2022\/05\/municipio-de-silves-oferece-viatura-de-combate-a-incendios-florestais-rurais\/atualidade\/08\/07\/\" \/>\n<meta property=\"og:locale\" content=\"pt_PT\" \/>\n<meta property=\"og:type\" content=\"article\" \/>\n<meta property=\"og:title\" content=\"Munic\u00edpio de Silves oferece viatura de combate a inc\u00eandios florestais\/rurais - Algarve 7\" \/>\n<meta property=\"og:description\" content=\"Munic\u00edpio de Silves oferece viatura de combate a inc\u00eandios florestais\/rurais Atualidade\" \/>\n<meta property=\"og:url\" content=\"https:\/\/algarve7.pt\/index.php\/2022\/05\/municipio-de-silves-oferece-viatura-de-combate-a-incendios-florestais-rurais\/atualidade\/08\/07\/\" \/>\n<meta property=\"og:site_name\" content=\"Algarve 7\" \/>\n<meta property=\"article:publisher\" content=\"https:\/\/www.facebook.com\/algarve7\" \/>\n<meta property=\"article:author\" content=\"https:\/\/www.facebook.com\/algarve7\" \/>\n<meta property=\"article:published_time\" content=\"2022-05-17T07:07:00+00:00\" \/>\n<meta property=\"og:image\" content=\"https:\/\/algarve7.pt\/wp-content\/uploads\/2022\/05\/aniversa\u0301rio-AHBVSilves-1.jpg\" \/>\n\t<meta property=\"og:image:width\" content=\"1667\" \/>\n\t<meta property=\"og:image:height\" content=\"1250\" \/>\n\t<meta property=\"og:image:type\" content=\"image\/jpeg\" \/>\n<meta name=\"author\" content=\"Algarve 7\" \/>\n<meta name=\"twitter:card\" content=\"summary_large_image\" \/>\n<meta name=\"twitter:creator\" content=\"@Algarvesete\" \/>\n<meta name=\"twitter:site\" content=\"@Algarvesete\" \/>\n<meta name=\"twitter:label1\" content=\"Escrito por\" \/>\n\t<meta name=\"twitter:data1\" content=\"Algarve 7\" \/>\n\t<meta name=\"twitter:label2\" content=\"Tempo estimado de leitura\" \/>\n\t<meta name=\"twitter:data2\" content=\"2 minutos\" \/>\n<script type=\"application\/ld+json\" class=\"yoast-schema-graph\">{\"@context\":\"https:\\\/\\\/schema.org\",\"@graph\":[{\"@type\":\"Article\",\"@id\":\"https:\\\/\\\/algarve7.pt\\\/index.php\\\/2022\\\/05\\\/municipio-de-silves-oferece-viatura-de-combate-a-incendios-florestais-rurais\\\/atualidade\\\/08\\\/07\\\/#article\",\"isPartOf\":{\"@id\":\"https:\\\/\\\/algarve7.pt\\\/index.php\\\/2022\\\/05\\\/municipio-de-silves-oferece-viatura-de-combate-a-incendios-florestais-rurais\\\/atualidade\\\/08\\\/07\\\/\"},\"author\":{\"name\":\"Algarve 7\",\"@id\":\"https:\\\/\\\/algarve7.pt\\\/#\\\/schema\\\/person\\\/23fa70681308e7b319a3204bcea45e0c\"},\"headline\":\"Munic\u00edpio de Silves oferece viatura de combate a inc\u00eandios florestais\\\/rurais\",\"datePublished\":\"2022-05-17T07:07:00+00:00\",\"mainEntityOfPage\":{\"@id\":\"https:\\\/\\\/algarve7.pt\\\/index.php\\\/2022\\\/05\\\/municipio-de-silves-oferece-viatura-de-combate-a-incendios-florestais-rurais\\\/atualidade\\\/08\\\/07\\\/\"},\"wordCount\":307,\"publisher\":{\"@id\":\"https:\\\/\\\/algarve7.pt\\\/#organization\"},\"image\":{\"@id\":\"https:\\\/\\\/algarve7.pt\\\/index.php\\\/2022\\\/05\\\/municipio-de-silves-oferece-viatura-de-combate-a-incendios-florestais-rurais\\\/atualidade\\\/08\\\/07\\\/#primaryimage\"},\"thumbnailUrl\":\"https:\\\/\\\/algarve7.pt\\\/wp-content\\\/uploads\\\/2022\\\/05\\\/aniversa\u0301rio-AHBVSilves-1.jpg\",\"keywords\":[\"Atualidade\",\"Bombeiros\",\"Silves\"],\"articleSection\":[\"Atualidade\"],\"inLanguage\":\"pt-PT\"},{\"@type\":\"WebPage\",\"@id\":\"https:\\\/\\\/algarve7.pt\\\/index.php\\\/2022\\\/05\\\/municipio-de-silves-oferece-viatura-de-combate-a-incendios-florestais-rurais\\\/atualidade\\\/08\\\/07\\\/\",\"url\":\"https:\\\/\\\/algarve7.pt\\\/index.php\\\/2022\\\/05\\\/municipio-de-silves-oferece-viatura-de-combate-a-incendios-florestais-rurais\\\/atualidade\\\/08\\\/07\\\/\",\"name\":\"Munic\u00edpio de Silves oferece viatura de combate a inc\u00eandios florestais\\\/rurais - Algarve 7\",\"isPartOf\":{\"@id\":\"https:\\\/\\\/algarve7.pt\\\/#website\"},\"primaryImageOfPage\":{\"@id\":\"https:\\\/\\\/algarve7.pt\\\/index.php\\\/2022\\\/05\\\/municipio-de-silves-oferece-viatura-de-combate-a-incendios-florestais-rurais\\\/atualidade\\\/08\\\/07\\\/#primaryimage\"},\"image\":{\"@id\":\"https:\\\/\\\/algarve7.pt\\\/index.php\\\/2022\\\/05\\\/municipio-de-silves-oferece-viatura-de-combate-a-incendios-florestais-rurais\\\/atualidade\\\/08\\\/07\\\/#primaryimage\"},\"thumbnailUrl\":\"https:\\\/\\\/algarve7.pt\\\/wp-content\\\/uploads\\\/2022\\\/05\\\/aniversa\u0301rio-AHBVSilves-1.jpg\",\"datePublished\":\"2022-05-17T07:07:00+00:00\",\"description\":\"Munic\u00edpio de Silves oferece viatura de combate a inc\u00eandios florestais\\\/rurais Atualidade\",\"breadcrumb\":{\"@id\":\"https:\\\/\\\/algarve7.pt\\\/index.php\\\/2022\\\/05\\\/municipio-de-silves-oferece-viatura-de-combate-a-incendios-florestais-rurais\\\/atualidade\\\/08\\\/07\\\/#breadcrumb\"},\"inLanguage\":\"pt-PT\",\"potentialAction\":[{\"@type\":\"ReadAction\",\"target\":[\"https:\\\/\\\/algarve7.pt\\\/index.php\\\/2022\\\/05\\\/municipio-de-silves-oferece-viatura-de-combate-a-incendios-florestais-rurais\\\/atualidade\\\/08\\\/07\\\/\"]}]},{\"@type\":\"ImageObject\",\"inLanguage\":\"pt-PT\",\"@id\":\"https:\\\/\\\/algarve7.pt\\\/index.php\\\/2022\\\/05\\\/municipio-de-silves-oferece-viatura-de-combate-a-incendios-florestais-rurais\\\/atualidade\\\/08\\\/07\\\/#primaryimage\",\"url\":\"https:\\\/\\\/algarve7.pt\\\/wp-content\\\/uploads\\\/2022\\\/05\\\/aniversa\u0301rio-AHBVSilves-1.jpg\",\"contentUrl\":\"https:\\\/\\\/algarve7.pt\\\/wp-content\\\/uploads\\\/2022\\\/05\\\/aniversa\u0301rio-AHBVSilves-1.jpg\",\"width\":1667,\"height\":1250},{\"@type\":\"BreadcrumbList\",\"@id\":\"https:\\\/\\\/algarve7.pt\\\/index.php\\\/2022\\\/05\\\/municipio-de-silves-oferece-viatura-de-combate-a-incendios-florestais-rurais\\\/atualidade\\\/08\\\/07\\\/#breadcrumb\",\"itemListElement\":[{\"@type\":\"ListItem\",\"position\":1,\"name\":\"In\u00edcio\",\"item\":\"https:\\\/\\\/algarve7.pt\\\/\"},{\"@type\":\"ListItem\",\"position\":2,\"name\":\"Munic\u00edpio de Silves oferece viatura de combate a inc\u00eandios florestais\\\/rurais\"}]},{\"@type\":\"WebSite\",\"@id\":\"https:\\\/\\\/algarve7.pt\\\/#website\",\"url\":\"https:\\\/\\\/algarve7.pt\\\/\",\"name\":\"Algarve 7\",\"description\":\"Informa\u00e7\u00e3o sobre o Algarve\",\"publisher\":{\"@id\":\"https:\\\/\\\/algarve7.pt\\\/#organization\"},\"potentialAction\":[{\"@type\":\"SearchAction\",\"target\":{\"@type\":\"EntryPoint\",\"urlTemplate\":\"https:\\\/\\\/algarve7.pt\\\/?s={search_term_string}\"},\"query-input\":{\"@type\":\"PropertyValueSpecification\",\"valueRequired\":true,\"valueName\":\"search_term_string\"}}],\"inLanguage\":\"pt-PT\"},{\"@type\":\"Organization\",\"@id\":\"https:\\\/\\\/algarve7.pt\\\/#organization\",\"name\":\"Algarve 7\",\"url\":\"https:\\\/\\\/algarve7.pt\\\/\",\"logo\":{\"@type\":\"ImageObject\",\"inLanguage\":\"pt-PT\",\"@id\":\"https:\\\/\\\/algarve7.pt\\\/#\\\/schema\\\/logo\\\/image\\\/\",\"url\":\"https:\\\/\\\/algarve7.pt\\\/wp-content\\\/uploads\\\/2020\\\/10\\\/Logo-8.jpg\",\"contentUrl\":\"https:\\\/\\\/algarve7.pt\\\/wp-content\\\/uploads\\\/2020\\\/10\\\/Logo-8.jpg\",\"width\":1680,\"height\":1186,\"caption\":\"Algarve 7\"},\"image\":{\"@id\":\"https:\\\/\\\/algarve7.pt\\\/#\\\/schema\\\/logo\\\/image\\\/\"},\"sameAs\":[\"https:\\\/\\\/www.facebook.com\\\/algarve7\",\"https:\\\/\\\/x.com\\\/Algarvesete\",\"https:\\\/\\\/www.instagram.com\\\/jornalalgarve7\\\/\",\"https:\\\/\\\/www.linkedin.com\\\/company\\\/algarve7\",\"https:\\\/\\\/www.pinterest.pt\\\/geral0939\\\/_created\\\/\"]},{\"@type\":\"Person\",\"@id\":\"https:\\\/\\\/algarve7.pt\\\/#\\\/schema\\\/person\\\/23fa70681308e7b319a3204bcea45e0c\",\"name\":\"Algarve 7\",\"sameAs\":[\"https:\\\/\\\/algarve7.pt\",\"https:\\\/\\\/www.facebook.com\\\/algarve7\"],\"url\":\"https:\\\/\\\/algarve7.pt\\\/index.php\\\/author\\\/geralalgarve7-pt\\\/\"}]}<\/script>\n<!-- \/ Yoast SEO plugin. -->","yoast_head_json":{"title":"Munic\u00edpio de Silves oferece viatura de combate a inc\u00eandios florestais\/rurais - Algarve 7","description":"Munic\u00edpio de Silves oferece viatura de combate a inc\u00eandios florestais\/rurais Atualidade","robots":{"index":"index","follow":"follow","max-snippet":"max-snippet:-1","max-image-preview":"max-image-preview:large","max-video-preview":"max-video-preview:-1"},"canonical":"https:\/\/algarve7.pt\/index.php\/2022\/05\/municipio-de-silves-oferece-viatura-de-combate-a-incendios-florestais-rurais\/atualidade\/08\/07\/","og_locale":"pt_PT","og_type":"article","og_title":"Munic\u00edpio de Silves oferece viatura de combate a inc\u00eandios florestais\/rurais - Algarve 7","og_description":"Munic\u00edpio de Silves oferece viatura de combate a inc\u00eandios florestais\/rurais Atualidade","og_url":"https:\/\/algarve7.pt\/index.php\/2022\/05\/municipio-de-silves-oferece-viatura-de-combate-a-incendios-florestais-rurais\/atualidade\/08\/07\/","og_site_name":"Algarve 7","article_publisher":"https:\/\/www.facebook.com\/algarve7","article_author":"https:\/\/www.facebook.com\/algarve7","article_published_time":"2022-05-17T07:07:00+00:00","og_image":[{"width":1667,"height":1250,"url":"https:\/\/algarve7.pt\/wp-content\/uploads\/2022\/05\/aniversa\u0301rio-AHBVSilves-1.jpg","type":"image\/jpeg"}],"author":"Algarve 7","twitter_card":"summary_large_image","twitter_creator":"@Algarvesete","twitter_site":"@Algarvesete","twitter_misc":{"Escrito por":"Algarve 7","Tempo estimado de leitura":"2 minutos"},"schema":{"@context":"https:\/\/schema.org","@graph":[{"@type":"Article","@id":"https:\/\/algarve7.pt\/index.php\/2022\/05\/municipio-de-silves-oferece-viatura-de-combate-a-incendios-florestais-rurais\/atualidade\/08\/07\/#article","isPartOf":{"@id":"https:\/\/algarve7.pt\/index.php\/2022\/05\/municipio-de-silves-oferece-viatura-de-combate-a-incendios-florestais-rurais\/atualidade\/08\/07\/"},"author":{"name":"Algarve 7","@id":"https:\/\/algarve7.pt\/#\/schema\/person\/23fa70681308e7b319a3204bcea45e0c"},"headline":"Munic\u00edpio de Silves oferece viatura de combate a inc\u00eandios florestais\/rurais","datePublished":"2022-05-17T07:07:00+00:00","mainEntityOfPage":{"@id":"https:\/\/algarve7.pt\/index.php\/2022\/05\/municipio-de-silves-oferece-viatura-de-combate-a-incendios-florestais-rurais\/atualidade\/08\/07\/"},"wordCount":307,"publisher":{"@id":"https:\/\/algarve7.pt\/#organization"},"image":{"@id":"https:\/\/algarve7.pt\/index.php\/2022\/05\/municipio-de-silves-oferece-viatura-de-combate-a-incendios-florestais-rurais\/atualidade\/08\/07\/#primaryimage"},"thumbnailUrl":"https:\/\/algarve7.pt\/wp-content\/uploads\/2022\/05\/aniversa\u0301rio-AHBVSilves-1.jpg","keywords":["Atualidade","Bombeiros","Silves"],"articleSection":["Atualidade"],"inLanguage":"pt-PT"},{"@type":"WebPage","@id":"https:\/\/algarve7.pt\/index.php\/2022\/05\/municipio-de-silves-oferece-viatura-de-combate-a-incendios-florestais-rurais\/atualidade\/08\/07\/","url":"https:\/\/algarve7.pt\/index.php\/2022\/05\/municipio-de-silves-oferece-viatura-de-combate-a-incendios-florestais-rurais\/atualidade\/08\/07\/","name":"Munic\u00edpio de Silves oferece viatura de combate a inc\u00eandios florestais\/rurais - Algarve 7","isPartOf":{"@id":"https:\/\/algarve7.pt\/#website"},"primaryImageOfPage":{"@id":"https:\/\/algarve7.pt\/index.php\/2022\/05\/municipio-de-silves-oferece-viatura-de-combate-a-incendios-florestais-rurais\/atualidade\/08\/07\/#primaryimage"},"image":{"@id":"https:\/\/algarve7.pt\/index.php\/2022\/05\/municipio-de-silves-oferece-viatura-de-combate-a-incendios-florestais-rurais\/atualidade\/08\/07\/#primaryimage"},"thumbnailUrl":"https:\/\/algarve7.pt\/wp-content\/uploads\/2022\/05\/aniversa\u0301rio-AHBVSilves-1.jpg","datePublished":"2022-05-17T07:07:00+00:00","description":"Munic\u00edpio de Silves oferece viatura de combate a inc\u00eandios florestais\/rurais Atualidade","breadcrumb":{"@id":"https:\/\/algarve7.pt\/index.php\/2022\/05\/municipio-de-silves-oferece-viatura-de-combate-a-incendios-florestais-rurais\/atualidade\/08\/07\/#breadcrumb"},"inLanguage":"pt-PT","potentialAction":[{"@type":"ReadAction","target":["https:\/\/algarve7.pt\/index.php\/2022\/05\/municipio-de-silves-oferece-viatura-de-combate-a-incendios-florestais-rurais\/atualidade\/08\/07\/"]}]},{"@type":"ImageObject","inLanguage":"pt-PT","@id":"https:\/\/algarve7.pt\/index.php\/2022\/05\/municipio-de-silves-oferece-viatura-de-combate-a-incendios-florestais-rurais\/atualidade\/08\/07\/#primaryimage","url":"https:\/\/algarve7.pt\/wp-content\/uploads\/2022\/05\/aniversa\u0301rio-AHBVSilves-1.jpg","contentUrl":"https:\/\/algarve7.pt\/wp-content\/uploads\/2022\/05\/aniversa\u0301rio-AHBVSilves-1.jpg","width":1667,"height":1250},{"@type":"BreadcrumbList","@id":"https:\/\/algarve7.pt\/index.php\/2022\/05\/municipio-de-silves-oferece-viatura-de-combate-a-incendios-florestais-rurais\/atualidade\/08\/07\/#breadcrumb","itemListElement":[{"@type":"ListItem","position":1,"name":"In\u00edcio","item":"https:\/\/algarve7.pt\/"},{"@type":"ListItem","position":2,"name":"Munic\u00edpio de Silves oferece viatura de combate a inc\u00eandios florestais\/rurais"}]},{"@type":"WebSite","@id":"https:\/\/algarve7.pt\/#website","url":"https:\/\/algarve7.pt\/","name":"Algarve 7","description":"Informa\u00e7\u00e3o sobre o Algarve","publisher":{"@id":"https:\/\/algarve7.pt\/#organization"},"potentialAction":[{"@type":"SearchAction","target":{"@type":"EntryPoint","urlTemplate":"https:\/\/algarve7.pt\/?s={search_term_string}"},"query-input":{"@type":"PropertyValueSpecification","valueRequired":true,"valueName":"search_term_string"}}],"inLanguage":"pt-PT"},{"@type":"Organization","@id":"https:\/\/algarve7.pt\/#organization","name":"Algarve 7","url":"https:\/\/algarve7.pt\/","logo":{"@type":"ImageObject","inLanguage":"pt-PT","@id":"https:\/\/algarve7.pt\/#\/schema\/logo\/image\/","url":"https:\/\/algarve7.pt\/wp-content\/uploads\/2020\/10\/Logo-8.jpg","contentUrl":"https:\/\/algarve7.pt\/wp-content\/uploads\/2020\/10\/Logo-8.jpg","width":1680,"height":1186,"caption":"Algarve 7"},"image":{"@id":"https:\/\/algarve7.pt\/#\/schema\/logo\/image\/"},"sameAs":["https:\/\/www.facebook.com\/algarve7","https:\/\/x.com\/Algarvesete","https:\/\/www.instagram.com\/jornalalgarve7\/","https:\/\/www.linkedin.com\/company\/algarve7","https:\/\/www.pinterest.pt\/geral0939\/_created\/"]},{"@type":"Person","@id":"https:\/\/algarve7.pt\/#\/schema\/person\/23fa70681308e7b319a3204bcea45e0c","name":"Algarve 7","sameAs":["https:\/\/algarve7.pt","https:\/\/www.facebook.com\/algarve7"],"url":"https:\/\/algarve7.pt\/index.php\/author\/geralalgarve7-pt\/"}]}},"jetpack_publicize_connections":[],"jetpack_featured_media_url":"https:\/\/algarve7.pt\/wp-content\/uploads\/2022\/05\/aniversa\u0301rio-AHBVSilves-1.jpg","jetpack_shortlink":"https:\/\/wp.me\/pcezmW-4Q6","jetpack_sharing_enabled":true,"_links":{"self":[{"href":"https:\/\/algarve7.pt\/index.php\/wp-json\/wp\/v2\/posts\/18606","targetHints":{"allow":["GET"]}}],"collection":[{"href":"https:\/\/algarve7.pt\/index.php\/wp-json\/wp\/v2\/posts"}],"about":[{"href":"https:\/\/algarve7.pt\/index.php\/wp-json\/wp\/v2\/types\/post"}],"author":[{"embeddable":true,"href":"https:\/\/algarve7.pt\/index.php\/wp-json\/wp\/v2\/users\/1"}],"replies":[{"embeddable":true,"href":"https:\/\/algarve7.pt\/index.php\/wp-json\/wp\/v2\/comments?post=18606"}],"version-history":[{"count":0,"href":"https:\/\/algarve7.pt\/index.php\/wp-json\/wp\/v2\/posts\/18606\/revisions"}],"wp:featuredmedia":[{"embeddable":true,"href":"https:\/\/algarve7.pt\/index.php\/wp-json\/wp\/v2\/media\/18607"}],"wp:attachment":[{"href":"https:\/\/algarve7.pt\/index.php\/wp-json\/wp\/v2\/media?parent=18606"}],"wp:term":[{"taxonomy":"category","embeddable":true,"href":"https:\/\/algarve7.pt\/index.php\/wp-json\/wp\/v2\/categories?post=18606"},{"taxonomy":"post_tag","embeddable":true,"href":"https:\/\/algarve7.pt\/index.php\/wp-json\/wp\/v2\/tags?post=18606"}],"curies":[{"name":"wp","href":"https:\/\/api.w.org\/{rel}","templated":true}]}}