{"id":18553,"date":"2022-05-15T09:39:00","date_gmt":"2022-05-15T08:39:00","guid":{"rendered":"https:\/\/algarve7.pt\/?p=18553"},"modified":"2022-05-14T12:39:59","modified_gmt":"2022-05-14T11:39:59","slug":"tchin-tchin-arvad-wine-em-lagoa","status":"publish","type":"post","link":"https:\/\/algarve7.pt\/index.php\/2022\/05\/tchin-tchin-arvad-wine-em-lagoa\/cultura\/09\/39\/","title":{"rendered":"Tchin\u00a0Tchin!: Arvad Wine em Lagoa"},"content":{"rendered":"\n<p>Tchin! Tchin! ser\u00e1 uma celebra\u00e7\u00e3o da vida, dos prazeres e dos sentidos atrav\u00e9s de vinhos singulares, da gastronomia e das artes que ocorrer\u00e1 num espa\u00e7o encantador: ARVAD Wine (situado em Lagoa com vista para Silves) que oferece uma envolv\u00eancia sublime e prop\u00edcia a experi\u00eancias \u00fanicas e inesquec\u00edveis.<\/p>\n\n\n\n<p>Deste modo, e atrav\u00e9s da partilha dos vinhos ARVAD, prenhes de car\u00e1cter e de identidade regionais, dar-se-\u00e1 a conhecer aos visitantes os seus n\u00e9ctares divinos elaborados com respeito pela natureza, cultura, tradi\u00e7\u00e3o e paisagem locais a que se juntam o conhecimento e a criatividade da enologia contempor\u00e2nea.<\/p>\n\n\n\n<p>A juntar \u00e0 prova desses vinhos singulares, haver\u00e1 a partilha de&nbsp; iguarias elaboradas por dois Chefs &#8211; um deles tamb\u00e9m artista &#8211; a partir de produtos exclusivamente regionais.<\/p>\n\n\n\n<p>Paralelamente, haver\u00e1 uma programa\u00e7\u00e3o art\u00edstico-cultural multidisciplinar com interven\u00e7\u00f5es art\u00edsticas inesperadas de curta-dura\u00e7\u00e3o para estimular, ainda mais, a aparelhagem sensorial de cada participante. Essa programa\u00e7\u00e3o procurar\u00e1 tornar esta experi\u00eancia \u00fanica e inolvid\u00e1vel, explorando a combina\u00e7\u00e3o fluida entre vinhos, iguarias e artes num lugar encantador.&nbsp;<\/p>\n\n\n\n<p>Em jeito de conclus\u00e3o<\/p>\n\n\n\n<p>Em suma, iremos celebrar os vinhos ARVAD na sua pot\u00eancia de encantar, motivar narrativas,&nbsp; correlacionar sentimentos, estimular pensamentos e de reavivar ou de criar novas mem\u00f3rias, acompanhando petiscos e interven\u00e7\u00f5es art\u00edsticas capazes de produzir momentos de profunda alegria e euforia existenciais.<\/p>\n","protected":false},"excerpt":{"rendered":"<p>Tchin! Tchin! ser\u00e1 uma celebra\u00e7\u00e3o da vida, dos prazeres e dos sentidos atrav\u00e9s de vinhos singulares, da gastronomia e das<\/p>\n","protected":false},"author":1,"featured_media":18554,"comment_status":"closed","ping_status":"open","sticky":false,"template":"","format":"standard","meta":{"colormag_page_container_layout":"default_layout","colormag_page_sidebar_layout":"default_layout","_monsterinsights_skip_tracking":false,"_monsterinsights_sitenote_active":false,"_monsterinsights_sitenote_note":"","_monsterinsights_sitenote_category":0,"jetpack_post_was_ever_published":false,"_jetpack_newsletter_access":"","_jetpack_dont_email_post_to_subs":false,"_jetpack_newsletter_tier_id":0,"_jetpack_memberships_contains_paywalled_content":false,"_jetpack_memberships_contains_paid_content":false,"footnotes":"","jetpack_publicize_message":"","jetpack_publicize_feature_enabled":true,"jetpack_social_post_already_shared":true,"jetpack_social_options":{"image_generator_settings":{"template":"highway","default_image_id":0,"font":"","enabled":false},"version":2}},"categories":[14],"tags":[36,35,48,370],"class_list":["post-18553","post","type-post","status-publish","format-standard","has-post-thumbnail","hentry","category-cultura","tag-algarve","tag-cultura","tag-lagoa","tag-vinhos"],"yoast_head":"<!-- This site is optimized with the Yoast SEO plugin v27.5 - https:\/\/yoast.com\/product\/yoast-seo-wordpress\/ -->\n<title>Tchin\u00a0Tchin!: Arvad Wine em Lagoa - Algarve 7<\/title>\n<meta name=\"description\" content=\"Tchin\u00a0Tchin!: Arvad Wine em Lagoa Cultura\" \/>\n<meta name=\"robots\" content=\"index, follow, max-snippet:-1, max-image-preview:large, max-video-preview:-1\" \/>\n<link rel=\"canonical\" href=\"https:\/\/algarve7.pt\/index.php\/2022\/05\/tchin-tchin-arvad-wine-em-lagoa\/cultura\/09\/39\/\" \/>\n<meta property=\"og:locale\" content=\"pt_PT\" \/>\n<meta property=\"og:type\" content=\"article\" \/>\n<meta property=\"og:title\" content=\"Tchin\u00a0Tchin!: Arvad Wine em Lagoa - Algarve 7\" \/>\n<meta property=\"og:description\" content=\"Tchin\u00a0Tchin!: Arvad Wine em Lagoa Cultura\" \/>\n<meta property=\"og:url\" content=\"https:\/\/algarve7.pt\/index.php\/2022\/05\/tchin-tchin-arvad-wine-em-lagoa\/cultura\/09\/39\/\" \/>\n<meta property=\"og:site_name\" content=\"Algarve 7\" \/>\n<meta property=\"article:publisher\" content=\"https:\/\/www.facebook.com\/algarve7\" \/>\n<meta property=\"article:author\" content=\"https:\/\/www.facebook.com\/algarve7\" \/>\n<meta property=\"article:published_time\" content=\"2022-05-15T08:39:00+00:00\" \/>\n<meta property=\"og:image\" content=\"https:\/\/algarve7.pt\/wp-content\/uploads\/2022\/05\/Captura-de-ecra\u0303-2022-05-14-a\u0300s-12.36.26.png\" \/>\n\t<meta property=\"og:image:width\" content=\"1786\" \/>\n\t<meta property=\"og:image:height\" content=\"1314\" \/>\n\t<meta property=\"og:image:type\" content=\"image\/png\" \/>\n<meta name=\"author\" content=\"Algarve 7\" \/>\n<meta name=\"twitter:card\" content=\"summary_large_image\" \/>\n<meta name=\"twitter:creator\" content=\"@Algarvesete\" \/>\n<meta name=\"twitter:site\" content=\"@Algarvesete\" \/>\n<meta name=\"twitter:label1\" content=\"Escrito por\" \/>\n\t<meta name=\"twitter:data1\" content=\"Algarve 7\" \/>\n\t<meta name=\"twitter:label2\" content=\"Tempo estimado de leitura\" \/>\n\t<meta name=\"twitter:data2\" content=\"2 minutos\" \/>\n<script type=\"application\/ld+json\" class=\"yoast-schema-graph\">{\"@context\":\"https:\\\/\\\/schema.org\",\"@graph\":[{\"@type\":\"Article\",\"@id\":\"https:\\\/\\\/algarve7.pt\\\/index.php\\\/2022\\\/05\\\/tchin-tchin-arvad-wine-em-lagoa\\\/cultura\\\/09\\\/39\\\/#article\",\"isPartOf\":{\"@id\":\"https:\\\/\\\/algarve7.pt\\\/index.php\\\/2022\\\/05\\\/tchin-tchin-arvad-wine-em-lagoa\\\/cultura\\\/09\\\/39\\\/\"},\"author\":{\"name\":\"Algarve 7\",\"@id\":\"https:\\\/\\\/algarve7.pt\\\/#\\\/schema\\\/person\\\/23fa70681308e7b319a3204bcea45e0c\"},\"headline\":\"Tchin\u00a0Tchin!: Arvad Wine em Lagoa\",\"datePublished\":\"2022-05-15T08:39:00+00:00\",\"mainEntityOfPage\":{\"@id\":\"https:\\\/\\\/algarve7.pt\\\/index.php\\\/2022\\\/05\\\/tchin-tchin-arvad-wine-em-lagoa\\\/cultura\\\/09\\\/39\\\/\"},\"wordCount\":245,\"publisher\":{\"@id\":\"https:\\\/\\\/algarve7.pt\\\/#organization\"},\"image\":{\"@id\":\"https:\\\/\\\/algarve7.pt\\\/index.php\\\/2022\\\/05\\\/tchin-tchin-arvad-wine-em-lagoa\\\/cultura\\\/09\\\/39\\\/#primaryimage\"},\"thumbnailUrl\":\"https:\\\/\\\/algarve7.pt\\\/wp-content\\\/uploads\\\/2022\\\/05\\\/Captura-de-ecra\u0303-2022-05-14-a\u0300s-12.36.26.png\",\"keywords\":[\"Algarve\",\"Cultura\",\"Lagoa\",\"Vinhos\"],\"articleSection\":[\"Cultura\"],\"inLanguage\":\"pt-PT\"},{\"@type\":\"WebPage\",\"@id\":\"https:\\\/\\\/algarve7.pt\\\/index.php\\\/2022\\\/05\\\/tchin-tchin-arvad-wine-em-lagoa\\\/cultura\\\/09\\\/39\\\/\",\"url\":\"https:\\\/\\\/algarve7.pt\\\/index.php\\\/2022\\\/05\\\/tchin-tchin-arvad-wine-em-lagoa\\\/cultura\\\/09\\\/39\\\/\",\"name\":\"Tchin\u00a0Tchin!: Arvad Wine em Lagoa - Algarve 7\",\"isPartOf\":{\"@id\":\"https:\\\/\\\/algarve7.pt\\\/#website\"},\"primaryImageOfPage\":{\"@id\":\"https:\\\/\\\/algarve7.pt\\\/index.php\\\/2022\\\/05\\\/tchin-tchin-arvad-wine-em-lagoa\\\/cultura\\\/09\\\/39\\\/#primaryimage\"},\"image\":{\"@id\":\"https:\\\/\\\/algarve7.pt\\\/index.php\\\/2022\\\/05\\\/tchin-tchin-arvad-wine-em-lagoa\\\/cultura\\\/09\\\/39\\\/#primaryimage\"},\"thumbnailUrl\":\"https:\\\/\\\/algarve7.pt\\\/wp-content\\\/uploads\\\/2022\\\/05\\\/Captura-de-ecra\u0303-2022-05-14-a\u0300s-12.36.26.png\",\"datePublished\":\"2022-05-15T08:39:00+00:00\",\"description\":\"Tchin\u00a0Tchin!: Arvad Wine em Lagoa Cultura\",\"breadcrumb\":{\"@id\":\"https:\\\/\\\/algarve7.pt\\\/index.php\\\/2022\\\/05\\\/tchin-tchin-arvad-wine-em-lagoa\\\/cultura\\\/09\\\/39\\\/#breadcrumb\"},\"inLanguage\":\"pt-PT\",\"potentialAction\":[{\"@type\":\"ReadAction\",\"target\":[\"https:\\\/\\\/algarve7.pt\\\/index.php\\\/2022\\\/05\\\/tchin-tchin-arvad-wine-em-lagoa\\\/cultura\\\/09\\\/39\\\/\"]}]},{\"@type\":\"ImageObject\",\"inLanguage\":\"pt-PT\",\"@id\":\"https:\\\/\\\/algarve7.pt\\\/index.php\\\/2022\\\/05\\\/tchin-tchin-arvad-wine-em-lagoa\\\/cultura\\\/09\\\/39\\\/#primaryimage\",\"url\":\"https:\\\/\\\/algarve7.pt\\\/wp-content\\\/uploads\\\/2022\\\/05\\\/Captura-de-ecra\u0303-2022-05-14-a\u0300s-12.36.26.png\",\"contentUrl\":\"https:\\\/\\\/algarve7.pt\\\/wp-content\\\/uploads\\\/2022\\\/05\\\/Captura-de-ecra\u0303-2022-05-14-a\u0300s-12.36.26.png\",\"width\":1786,\"height\":1314},{\"@type\":\"BreadcrumbList\",\"@id\":\"https:\\\/\\\/algarve7.pt\\\/index.php\\\/2022\\\/05\\\/tchin-tchin-arvad-wine-em-lagoa\\\/cultura\\\/09\\\/39\\\/#breadcrumb\",\"itemListElement\":[{\"@type\":\"ListItem\",\"position\":1,\"name\":\"In\u00edcio\",\"item\":\"https:\\\/\\\/algarve7.pt\\\/\"},{\"@type\":\"ListItem\",\"position\":2,\"name\":\"Tchin\u00a0Tchin!: Arvad Wine em Lagoa\"}]},{\"@type\":\"WebSite\",\"@id\":\"https:\\\/\\\/algarve7.pt\\\/#website\",\"url\":\"https:\\\/\\\/algarve7.pt\\\/\",\"name\":\"Algarve 7\",\"description\":\"Informa\u00e7\u00e3o sobre o Algarve\",\"publisher\":{\"@id\":\"https:\\\/\\\/algarve7.pt\\\/#organization\"},\"potentialAction\":[{\"@type\":\"SearchAction\",\"target\":{\"@type\":\"EntryPoint\",\"urlTemplate\":\"https:\\\/\\\/algarve7.pt\\\/?s={search_term_string}\"},\"query-input\":{\"@type\":\"PropertyValueSpecification\",\"valueRequired\":true,\"valueName\":\"search_term_string\"}}],\"inLanguage\":\"pt-PT\"},{\"@type\":\"Organization\",\"@id\":\"https:\\\/\\\/algarve7.pt\\\/#organization\",\"name\":\"Algarve 7\",\"url\":\"https:\\\/\\\/algarve7.pt\\\/\",\"logo\":{\"@type\":\"ImageObject\",\"inLanguage\":\"pt-PT\",\"@id\":\"https:\\\/\\\/algarve7.pt\\\/#\\\/schema\\\/logo\\\/image\\\/\",\"url\":\"https:\\\/\\\/algarve7.pt\\\/wp-content\\\/uploads\\\/2020\\\/10\\\/Logo-8.jpg\",\"contentUrl\":\"https:\\\/\\\/algarve7.pt\\\/wp-content\\\/uploads\\\/2020\\\/10\\\/Logo-8.jpg\",\"width\":1680,\"height\":1186,\"caption\":\"Algarve 7\"},\"image\":{\"@id\":\"https:\\\/\\\/algarve7.pt\\\/#\\\/schema\\\/logo\\\/image\\\/\"},\"sameAs\":[\"https:\\\/\\\/www.facebook.com\\\/algarve7\",\"https:\\\/\\\/x.com\\\/Algarvesete\",\"https:\\\/\\\/www.instagram.com\\\/jornalalgarve7\\\/\",\"https:\\\/\\\/www.linkedin.com\\\/company\\\/algarve7\",\"https:\\\/\\\/www.pinterest.pt\\\/geral0939\\\/_created\\\/\"]},{\"@type\":\"Person\",\"@id\":\"https:\\\/\\\/algarve7.pt\\\/#\\\/schema\\\/person\\\/23fa70681308e7b319a3204bcea45e0c\",\"name\":\"Algarve 7\",\"sameAs\":[\"https:\\\/\\\/algarve7.pt\",\"https:\\\/\\\/www.facebook.com\\\/algarve7\"],\"url\":\"https:\\\/\\\/algarve7.pt\\\/index.php\\\/author\\\/geralalgarve7-pt\\\/\"}]}<\/script>\n<!-- \/ Yoast SEO plugin. -->","yoast_head_json":{"title":"Tchin\u00a0Tchin!: Arvad Wine em Lagoa - Algarve 7","description":"Tchin\u00a0Tchin!: Arvad Wine em Lagoa Cultura","robots":{"index":"index","follow":"follow","max-snippet":"max-snippet:-1","max-image-preview":"max-image-preview:large","max-video-preview":"max-video-preview:-1"},"canonical":"https:\/\/algarve7.pt\/index.php\/2022\/05\/tchin-tchin-arvad-wine-em-lagoa\/cultura\/09\/39\/","og_locale":"pt_PT","og_type":"article","og_title":"Tchin\u00a0Tchin!: Arvad Wine em Lagoa - Algarve 7","og_description":"Tchin\u00a0Tchin!: Arvad Wine em Lagoa Cultura","og_url":"https:\/\/algarve7.pt\/index.php\/2022\/05\/tchin-tchin-arvad-wine-em-lagoa\/cultura\/09\/39\/","og_site_name":"Algarve 7","article_publisher":"https:\/\/www.facebook.com\/algarve7","article_author":"https:\/\/www.facebook.com\/algarve7","article_published_time":"2022-05-15T08:39:00+00:00","og_image":[{"width":1786,"height":1314,"url":"https:\/\/algarve7.pt\/wp-content\/uploads\/2022\/05\/Captura-de-ecra\u0303-2022-05-14-a\u0300s-12.36.26.png","type":"image\/png"}],"author":"Algarve 7","twitter_card":"summary_large_image","twitter_creator":"@Algarvesete","twitter_site":"@Algarvesete","twitter_misc":{"Escrito por":"Algarve 7","Tempo estimado de leitura":"2 minutos"},"schema":{"@context":"https:\/\/schema.org","@graph":[{"@type":"Article","@id":"https:\/\/algarve7.pt\/index.php\/2022\/05\/tchin-tchin-arvad-wine-em-lagoa\/cultura\/09\/39\/#article","isPartOf":{"@id":"https:\/\/algarve7.pt\/index.php\/2022\/05\/tchin-tchin-arvad-wine-em-lagoa\/cultura\/09\/39\/"},"author":{"name":"Algarve 7","@id":"https:\/\/algarve7.pt\/#\/schema\/person\/23fa70681308e7b319a3204bcea45e0c"},"headline":"Tchin\u00a0Tchin!: Arvad Wine em Lagoa","datePublished":"2022-05-15T08:39:00+00:00","mainEntityOfPage":{"@id":"https:\/\/algarve7.pt\/index.php\/2022\/05\/tchin-tchin-arvad-wine-em-lagoa\/cultura\/09\/39\/"},"wordCount":245,"publisher":{"@id":"https:\/\/algarve7.pt\/#organization"},"image":{"@id":"https:\/\/algarve7.pt\/index.php\/2022\/05\/tchin-tchin-arvad-wine-em-lagoa\/cultura\/09\/39\/#primaryimage"},"thumbnailUrl":"https:\/\/algarve7.pt\/wp-content\/uploads\/2022\/05\/Captura-de-ecra\u0303-2022-05-14-a\u0300s-12.36.26.png","keywords":["Algarve","Cultura","Lagoa","Vinhos"],"articleSection":["Cultura"],"inLanguage":"pt-PT"},{"@type":"WebPage","@id":"https:\/\/algarve7.pt\/index.php\/2022\/05\/tchin-tchin-arvad-wine-em-lagoa\/cultura\/09\/39\/","url":"https:\/\/algarve7.pt\/index.php\/2022\/05\/tchin-tchin-arvad-wine-em-lagoa\/cultura\/09\/39\/","name":"Tchin\u00a0Tchin!: Arvad Wine em Lagoa - Algarve 7","isPartOf":{"@id":"https:\/\/algarve7.pt\/#website"},"primaryImageOfPage":{"@id":"https:\/\/algarve7.pt\/index.php\/2022\/05\/tchin-tchin-arvad-wine-em-lagoa\/cultura\/09\/39\/#primaryimage"},"image":{"@id":"https:\/\/algarve7.pt\/index.php\/2022\/05\/tchin-tchin-arvad-wine-em-lagoa\/cultura\/09\/39\/#primaryimage"},"thumbnailUrl":"https:\/\/algarve7.pt\/wp-content\/uploads\/2022\/05\/Captura-de-ecra\u0303-2022-05-14-a\u0300s-12.36.26.png","datePublished":"2022-05-15T08:39:00+00:00","description":"Tchin\u00a0Tchin!: Arvad Wine em Lagoa Cultura","breadcrumb":{"@id":"https:\/\/algarve7.pt\/index.php\/2022\/05\/tchin-tchin-arvad-wine-em-lagoa\/cultura\/09\/39\/#breadcrumb"},"inLanguage":"pt-PT","potentialAction":[{"@type":"ReadAction","target":["https:\/\/algarve7.pt\/index.php\/2022\/05\/tchin-tchin-arvad-wine-em-lagoa\/cultura\/09\/39\/"]}]},{"@type":"ImageObject","inLanguage":"pt-PT","@id":"https:\/\/algarve7.pt\/index.php\/2022\/05\/tchin-tchin-arvad-wine-em-lagoa\/cultura\/09\/39\/#primaryimage","url":"https:\/\/algarve7.pt\/wp-content\/uploads\/2022\/05\/Captura-de-ecra\u0303-2022-05-14-a\u0300s-12.36.26.png","contentUrl":"https:\/\/algarve7.pt\/wp-content\/uploads\/2022\/05\/Captura-de-ecra\u0303-2022-05-14-a\u0300s-12.36.26.png","width":1786,"height":1314},{"@type":"BreadcrumbList","@id":"https:\/\/algarve7.pt\/index.php\/2022\/05\/tchin-tchin-arvad-wine-em-lagoa\/cultura\/09\/39\/#breadcrumb","itemListElement":[{"@type":"ListItem","position":1,"name":"In\u00edcio","item":"https:\/\/algarve7.pt\/"},{"@type":"ListItem","position":2,"name":"Tchin\u00a0Tchin!: Arvad Wine em Lagoa"}]},{"@type":"WebSite","@id":"https:\/\/algarve7.pt\/#website","url":"https:\/\/algarve7.pt\/","name":"Algarve 7","description":"Informa\u00e7\u00e3o sobre o Algarve","publisher":{"@id":"https:\/\/algarve7.pt\/#organization"},"potentialAction":[{"@type":"SearchAction","target":{"@type":"EntryPoint","urlTemplate":"https:\/\/algarve7.pt\/?s={search_term_string}"},"query-input":{"@type":"PropertyValueSpecification","valueRequired":true,"valueName":"search_term_string"}}],"inLanguage":"pt-PT"},{"@type":"Organization","@id":"https:\/\/algarve7.pt\/#organization","name":"Algarve 7","url":"https:\/\/algarve7.pt\/","logo":{"@type":"ImageObject","inLanguage":"pt-PT","@id":"https:\/\/algarve7.pt\/#\/schema\/logo\/image\/","url":"https:\/\/algarve7.pt\/wp-content\/uploads\/2020\/10\/Logo-8.jpg","contentUrl":"https:\/\/algarve7.pt\/wp-content\/uploads\/2020\/10\/Logo-8.jpg","width":1680,"height":1186,"caption":"Algarve 7"},"image":{"@id":"https:\/\/algarve7.pt\/#\/schema\/logo\/image\/"},"sameAs":["https:\/\/www.facebook.com\/algarve7","https:\/\/x.com\/Algarvesete","https:\/\/www.instagram.com\/jornalalgarve7\/","https:\/\/www.linkedin.com\/company\/algarve7","https:\/\/www.pinterest.pt\/geral0939\/_created\/"]},{"@type":"Person","@id":"https:\/\/algarve7.pt\/#\/schema\/person\/23fa70681308e7b319a3204bcea45e0c","name":"Algarve 7","sameAs":["https:\/\/algarve7.pt","https:\/\/www.facebook.com\/algarve7"],"url":"https:\/\/algarve7.pt\/index.php\/author\/geralalgarve7-pt\/"}]}},"jetpack_publicize_connections":[],"jetpack_featured_media_url":"https:\/\/algarve7.pt\/wp-content\/uploads\/2022\/05\/Captura-de-ecra\u0303-2022-05-14-a\u0300s-12.36.26.png","jetpack_shortlink":"https:\/\/wp.me\/pcezmW-4Pf","jetpack_sharing_enabled":true,"_links":{"self":[{"href":"https:\/\/algarve7.pt\/index.php\/wp-json\/wp\/v2\/posts\/18553","targetHints":{"allow":["GET"]}}],"collection":[{"href":"https:\/\/algarve7.pt\/index.php\/wp-json\/wp\/v2\/posts"}],"about":[{"href":"https:\/\/algarve7.pt\/index.php\/wp-json\/wp\/v2\/types\/post"}],"author":[{"embeddable":true,"href":"https:\/\/algarve7.pt\/index.php\/wp-json\/wp\/v2\/users\/1"}],"replies":[{"embeddable":true,"href":"https:\/\/algarve7.pt\/index.php\/wp-json\/wp\/v2\/comments?post=18553"}],"version-history":[{"count":0,"href":"https:\/\/algarve7.pt\/index.php\/wp-json\/wp\/v2\/posts\/18553\/revisions"}],"wp:featuredmedia":[{"embeddable":true,"href":"https:\/\/algarve7.pt\/index.php\/wp-json\/wp\/v2\/media\/18554"}],"wp:attachment":[{"href":"https:\/\/algarve7.pt\/index.php\/wp-json\/wp\/v2\/media?parent=18553"}],"wp:term":[{"taxonomy":"category","embeddable":true,"href":"https:\/\/algarve7.pt\/index.php\/wp-json\/wp\/v2\/categories?post=18553"},{"taxonomy":"post_tag","embeddable":true,"href":"https:\/\/algarve7.pt\/index.php\/wp-json\/wp\/v2\/tags?post=18553"}],"curies":[{"name":"wp","href":"https:\/\/api.w.org\/{rel}","templated":true}]}}