{"id":18510,"date":"2022-05-13T13:18:00","date_gmt":"2022-05-13T12:18:00","guid":{"rendered":"https:\/\/algarve7.pt\/?p=18510"},"modified":"2022-05-12T22:20:25","modified_gmt":"2022-05-12T21:20:25","slug":"portimao-box-cup-vai-ser-disputada-por-260-pugilistas-de-oito-paises","status":"publish","type":"post","link":"https:\/\/algarve7.pt\/index.php\/2022\/05\/portimao-box-cup-vai-ser-disputada-por-260-pugilistas-de-oito-paises\/desporto\/13\/18\/","title":{"rendered":"Portim\u00e3o Box Cup vai ser disputada por 260 pugilistas de oito pa\u00edses"},"content":{"rendered":"\n<p>A segunda edi\u00e7\u00e3o da Portim\u00e3o Box Cup arranca j\u00e1 amanh\u00e3, 13 de maio, com a participa\u00e7\u00e3o de mais de duas centenas e meia de pugilistas oriundos de oito pa\u00edses, o que faz deste torneio um dos maiores na modalidade de boxe ol\u00edmpico alguma vez realizados em Portugal.<\/p>\n\n\n\n<p>A prova, promovida pela Escola de Boxe de Portim\u00e3o (EBP), re\u00fane 260 pugilistas de ambos os sexos, com idades entre os 13 e os 40 anos e divididos por cinco escal\u00f5es, em representa\u00e7\u00e3o de 44 clubes e oito pa\u00edses, que, v\u00e3o estar em competi\u00e7\u00e3o no Pavilh\u00e3o Gimnodesportivo de Portim\u00e3o entre esta sexta-feira e o pr\u00f3ximo domingo.<\/p>\n\n\n\n<p>Disputada deste 2019, a competi\u00e7\u00e3o foi projetada pelo presidente da EBP, Carlos Andr\u00e9 Reis, como forma de proporcionar uma oportunidade aos seus atletas de competirem num grau de exig\u00eancia elevado dentro do pa\u00eds.<\/p>\n","protected":false},"excerpt":{"rendered":"<p>A segunda edi\u00e7\u00e3o da Portim\u00e3o Box Cup arranca j\u00e1 amanh\u00e3, 13 de maio, com a participa\u00e7\u00e3o de mais de duas<\/p>\n","protected":false},"author":1,"featured_media":18511,"comment_status":"closed","ping_status":"open","sticky":false,"template":"","format":"standard","meta":{"colormag_page_container_layout":"default_layout","colormag_page_sidebar_layout":"default_layout","_monsterinsights_skip_tracking":false,"_monsterinsights_sitenote_active":false,"_monsterinsights_sitenote_note":"","_monsterinsights_sitenote_category":0,"jetpack_post_was_ever_published":false,"_jetpack_newsletter_access":"","_jetpack_dont_email_post_to_subs":false,"_jetpack_newsletter_tier_id":0,"_jetpack_memberships_contains_paywalled_content":false,"_jetpack_memberships_contains_paid_content":false,"footnotes":"","jetpack_publicize_message":"","jetpack_publicize_feature_enabled":true,"jetpack_social_post_already_shared":true,"jetpack_social_options":{"image_generator_settings":{"template":"highway","default_image_id":0,"font":"","enabled":false},"version":2}},"categories":[15],"tags":[36,40,72],"class_list":["post-18510","post","type-post","status-publish","format-standard","has-post-thumbnail","hentry","category-desporto","tag-algarve","tag-desporto","tag-portimao"],"yoast_head":"<!-- This site is optimized with the Yoast SEO plugin v27.5 - https:\/\/yoast.com\/product\/yoast-seo-wordpress\/ -->\n<title>Portim\u00e3o Box Cup vai ser disputada por 260 pugilistas de oito pa\u00edses - Algarve 7<\/title>\n<meta name=\"description\" content=\"Portim\u00e3o Box Cup vai ser disputada por 260 pugilistas de oito pa\u00edses Desporto\" \/>\n<meta name=\"robots\" content=\"index, follow, max-snippet:-1, max-image-preview:large, max-video-preview:-1\" \/>\n<link rel=\"canonical\" href=\"https:\/\/algarve7.pt\/index.php\/2022\/05\/portimao-box-cup-vai-ser-disputada-por-260-pugilistas-de-oito-paises\/desporto\/13\/18\/\" \/>\n<meta property=\"og:locale\" content=\"pt_PT\" \/>\n<meta property=\"og:type\" content=\"article\" \/>\n<meta property=\"og:title\" content=\"Portim\u00e3o Box Cup vai ser disputada por 260 pugilistas de oito pa\u00edses - Algarve 7\" \/>\n<meta property=\"og:description\" content=\"Portim\u00e3o Box Cup vai ser disputada por 260 pugilistas de oito pa\u00edses Desporto\" \/>\n<meta property=\"og:url\" content=\"https:\/\/algarve7.pt\/index.php\/2022\/05\/portimao-box-cup-vai-ser-disputada-por-260-pugilistas-de-oito-paises\/desporto\/13\/18\/\" \/>\n<meta property=\"og:site_name\" content=\"Algarve 7\" \/>\n<meta property=\"article:publisher\" content=\"https:\/\/www.facebook.com\/algarve7\" \/>\n<meta property=\"article:author\" content=\"https:\/\/www.facebook.com\/algarve7\" \/>\n<meta property=\"article:published_time\" content=\"2022-05-13T12:18:00+00:00\" \/>\n<meta property=\"og:image\" content=\"https:\/\/algarve7.pt\/wp-content\/uploads\/2022\/05\/Algarve-Box-Cup_CED_fem-scaled.jpg\" \/>\n\t<meta property=\"og:image:width\" content=\"2560\" \/>\n\t<meta property=\"og:image:height\" content=\"1750\" \/>\n\t<meta property=\"og:image:type\" content=\"image\/jpeg\" \/>\n<meta name=\"author\" content=\"Algarve 7\" \/>\n<meta name=\"twitter:card\" content=\"summary_large_image\" \/>\n<meta name=\"twitter:creator\" content=\"@Algarvesete\" \/>\n<meta name=\"twitter:site\" content=\"@Algarvesete\" \/>\n<meta name=\"twitter:label1\" content=\"Escrito por\" \/>\n\t<meta name=\"twitter:data1\" content=\"Algarve 7\" \/>\n\t<meta name=\"twitter:label2\" content=\"Tempo estimado de leitura\" \/>\n\t<meta name=\"twitter:data2\" content=\"1 minuto\" \/>\n<script type=\"application\/ld+json\" class=\"yoast-schema-graph\">{\"@context\":\"https:\\\/\\\/schema.org\",\"@graph\":[{\"@type\":\"Article\",\"@id\":\"https:\\\/\\\/algarve7.pt\\\/index.php\\\/2022\\\/05\\\/portimao-box-cup-vai-ser-disputada-por-260-pugilistas-de-oito-paises\\\/desporto\\\/13\\\/18\\\/#article\",\"isPartOf\":{\"@id\":\"https:\\\/\\\/algarve7.pt\\\/index.php\\\/2022\\\/05\\\/portimao-box-cup-vai-ser-disputada-por-260-pugilistas-de-oito-paises\\\/desporto\\\/13\\\/18\\\/\"},\"author\":{\"name\":\"Algarve 7\",\"@id\":\"https:\\\/\\\/algarve7.pt\\\/#\\\/schema\\\/person\\\/23fa70681308e7b319a3204bcea45e0c\"},\"headline\":\"Portim\u00e3o Box Cup vai ser disputada por 260 pugilistas de oito pa\u00edses\",\"datePublished\":\"2022-05-13T12:18:00+00:00\",\"mainEntityOfPage\":{\"@id\":\"https:\\\/\\\/algarve7.pt\\\/index.php\\\/2022\\\/05\\\/portimao-box-cup-vai-ser-disputada-por-260-pugilistas-de-oito-paises\\\/desporto\\\/13\\\/18\\\/\"},\"wordCount\":161,\"publisher\":{\"@id\":\"https:\\\/\\\/algarve7.pt\\\/#organization\"},\"image\":{\"@id\":\"https:\\\/\\\/algarve7.pt\\\/index.php\\\/2022\\\/05\\\/portimao-box-cup-vai-ser-disputada-por-260-pugilistas-de-oito-paises\\\/desporto\\\/13\\\/18\\\/#primaryimage\"},\"thumbnailUrl\":\"https:\\\/\\\/algarve7.pt\\\/wp-content\\\/uploads\\\/2022\\\/05\\\/Algarve-Box-Cup_CED_fem-scaled.jpg\",\"keywords\":[\"Algarve\",\"Desporto\",\"Portim\u00e3o\"],\"articleSection\":[\"Desporto\"],\"inLanguage\":\"pt-PT\"},{\"@type\":\"WebPage\",\"@id\":\"https:\\\/\\\/algarve7.pt\\\/index.php\\\/2022\\\/05\\\/portimao-box-cup-vai-ser-disputada-por-260-pugilistas-de-oito-paises\\\/desporto\\\/13\\\/18\\\/\",\"url\":\"https:\\\/\\\/algarve7.pt\\\/index.php\\\/2022\\\/05\\\/portimao-box-cup-vai-ser-disputada-por-260-pugilistas-de-oito-paises\\\/desporto\\\/13\\\/18\\\/\",\"name\":\"Portim\u00e3o Box Cup vai ser disputada por 260 pugilistas de oito pa\u00edses - Algarve 7\",\"isPartOf\":{\"@id\":\"https:\\\/\\\/algarve7.pt\\\/#website\"},\"primaryImageOfPage\":{\"@id\":\"https:\\\/\\\/algarve7.pt\\\/index.php\\\/2022\\\/05\\\/portimao-box-cup-vai-ser-disputada-por-260-pugilistas-de-oito-paises\\\/desporto\\\/13\\\/18\\\/#primaryimage\"},\"image\":{\"@id\":\"https:\\\/\\\/algarve7.pt\\\/index.php\\\/2022\\\/05\\\/portimao-box-cup-vai-ser-disputada-por-260-pugilistas-de-oito-paises\\\/desporto\\\/13\\\/18\\\/#primaryimage\"},\"thumbnailUrl\":\"https:\\\/\\\/algarve7.pt\\\/wp-content\\\/uploads\\\/2022\\\/05\\\/Algarve-Box-Cup_CED_fem-scaled.jpg\",\"datePublished\":\"2022-05-13T12:18:00+00:00\",\"description\":\"Portim\u00e3o Box Cup vai ser disputada por 260 pugilistas de oito pa\u00edses Desporto\",\"breadcrumb\":{\"@id\":\"https:\\\/\\\/algarve7.pt\\\/index.php\\\/2022\\\/05\\\/portimao-box-cup-vai-ser-disputada-por-260-pugilistas-de-oito-paises\\\/desporto\\\/13\\\/18\\\/#breadcrumb\"},\"inLanguage\":\"pt-PT\",\"potentialAction\":[{\"@type\":\"ReadAction\",\"target\":[\"https:\\\/\\\/algarve7.pt\\\/index.php\\\/2022\\\/05\\\/portimao-box-cup-vai-ser-disputada-por-260-pugilistas-de-oito-paises\\\/desporto\\\/13\\\/18\\\/\"]}]},{\"@type\":\"ImageObject\",\"inLanguage\":\"pt-PT\",\"@id\":\"https:\\\/\\\/algarve7.pt\\\/index.php\\\/2022\\\/05\\\/portimao-box-cup-vai-ser-disputada-por-260-pugilistas-de-oito-paises\\\/desporto\\\/13\\\/18\\\/#primaryimage\",\"url\":\"https:\\\/\\\/algarve7.pt\\\/wp-content\\\/uploads\\\/2022\\\/05\\\/Algarve-Box-Cup_CED_fem-scaled.jpg\",\"contentUrl\":\"https:\\\/\\\/algarve7.pt\\\/wp-content\\\/uploads\\\/2022\\\/05\\\/Algarve-Box-Cup_CED_fem-scaled.jpg\",\"width\":2560,\"height\":1750},{\"@type\":\"BreadcrumbList\",\"@id\":\"https:\\\/\\\/algarve7.pt\\\/index.php\\\/2022\\\/05\\\/portimao-box-cup-vai-ser-disputada-por-260-pugilistas-de-oito-paises\\\/desporto\\\/13\\\/18\\\/#breadcrumb\",\"itemListElement\":[{\"@type\":\"ListItem\",\"position\":1,\"name\":\"In\u00edcio\",\"item\":\"https:\\\/\\\/algarve7.pt\\\/\"},{\"@type\":\"ListItem\",\"position\":2,\"name\":\"Portim\u00e3o Box Cup vai ser disputada por 260 pugilistas de oito pa\u00edses\"}]},{\"@type\":\"WebSite\",\"@id\":\"https:\\\/\\\/algarve7.pt\\\/#website\",\"url\":\"https:\\\/\\\/algarve7.pt\\\/\",\"name\":\"Algarve 7\",\"description\":\"Informa\u00e7\u00e3o sobre o Algarve\",\"publisher\":{\"@id\":\"https:\\\/\\\/algarve7.pt\\\/#organization\"},\"potentialAction\":[{\"@type\":\"SearchAction\",\"target\":{\"@type\":\"EntryPoint\",\"urlTemplate\":\"https:\\\/\\\/algarve7.pt\\\/?s={search_term_string}\"},\"query-input\":{\"@type\":\"PropertyValueSpecification\",\"valueRequired\":true,\"valueName\":\"search_term_string\"}}],\"inLanguage\":\"pt-PT\"},{\"@type\":\"Organization\",\"@id\":\"https:\\\/\\\/algarve7.pt\\\/#organization\",\"name\":\"Algarve 7\",\"url\":\"https:\\\/\\\/algarve7.pt\\\/\",\"logo\":{\"@type\":\"ImageObject\",\"inLanguage\":\"pt-PT\",\"@id\":\"https:\\\/\\\/algarve7.pt\\\/#\\\/schema\\\/logo\\\/image\\\/\",\"url\":\"https:\\\/\\\/algarve7.pt\\\/wp-content\\\/uploads\\\/2020\\\/10\\\/Logo-8.jpg\",\"contentUrl\":\"https:\\\/\\\/algarve7.pt\\\/wp-content\\\/uploads\\\/2020\\\/10\\\/Logo-8.jpg\",\"width\":1680,\"height\":1186,\"caption\":\"Algarve 7\"},\"image\":{\"@id\":\"https:\\\/\\\/algarve7.pt\\\/#\\\/schema\\\/logo\\\/image\\\/\"},\"sameAs\":[\"https:\\\/\\\/www.facebook.com\\\/algarve7\",\"https:\\\/\\\/x.com\\\/Algarvesete\",\"https:\\\/\\\/www.instagram.com\\\/jornalalgarve7\\\/\",\"https:\\\/\\\/www.linkedin.com\\\/company\\\/algarve7\",\"https:\\\/\\\/www.pinterest.pt\\\/geral0939\\\/_created\\\/\"]},{\"@type\":\"Person\",\"@id\":\"https:\\\/\\\/algarve7.pt\\\/#\\\/schema\\\/person\\\/23fa70681308e7b319a3204bcea45e0c\",\"name\":\"Algarve 7\",\"sameAs\":[\"https:\\\/\\\/algarve7.pt\",\"https:\\\/\\\/www.facebook.com\\\/algarve7\"],\"url\":\"https:\\\/\\\/algarve7.pt\\\/index.php\\\/author\\\/geralalgarve7-pt\\\/\"}]}<\/script>\n<!-- \/ Yoast SEO plugin. -->","yoast_head_json":{"title":"Portim\u00e3o Box Cup vai ser disputada por 260 pugilistas de oito pa\u00edses - Algarve 7","description":"Portim\u00e3o Box Cup vai ser disputada por 260 pugilistas de oito pa\u00edses Desporto","robots":{"index":"index","follow":"follow","max-snippet":"max-snippet:-1","max-image-preview":"max-image-preview:large","max-video-preview":"max-video-preview:-1"},"canonical":"https:\/\/algarve7.pt\/index.php\/2022\/05\/portimao-box-cup-vai-ser-disputada-por-260-pugilistas-de-oito-paises\/desporto\/13\/18\/","og_locale":"pt_PT","og_type":"article","og_title":"Portim\u00e3o Box Cup vai ser disputada por 260 pugilistas de oito pa\u00edses - Algarve 7","og_description":"Portim\u00e3o Box Cup vai ser disputada por 260 pugilistas de oito pa\u00edses Desporto","og_url":"https:\/\/algarve7.pt\/index.php\/2022\/05\/portimao-box-cup-vai-ser-disputada-por-260-pugilistas-de-oito-paises\/desporto\/13\/18\/","og_site_name":"Algarve 7","article_publisher":"https:\/\/www.facebook.com\/algarve7","article_author":"https:\/\/www.facebook.com\/algarve7","article_published_time":"2022-05-13T12:18:00+00:00","og_image":[{"width":2560,"height":1750,"url":"https:\/\/algarve7.pt\/wp-content\/uploads\/2022\/05\/Algarve-Box-Cup_CED_fem-scaled.jpg","type":"image\/jpeg"}],"author":"Algarve 7","twitter_card":"summary_large_image","twitter_creator":"@Algarvesete","twitter_site":"@Algarvesete","twitter_misc":{"Escrito por":"Algarve 7","Tempo estimado de leitura":"1 minuto"},"schema":{"@context":"https:\/\/schema.org","@graph":[{"@type":"Article","@id":"https:\/\/algarve7.pt\/index.php\/2022\/05\/portimao-box-cup-vai-ser-disputada-por-260-pugilistas-de-oito-paises\/desporto\/13\/18\/#article","isPartOf":{"@id":"https:\/\/algarve7.pt\/index.php\/2022\/05\/portimao-box-cup-vai-ser-disputada-por-260-pugilistas-de-oito-paises\/desporto\/13\/18\/"},"author":{"name":"Algarve 7","@id":"https:\/\/algarve7.pt\/#\/schema\/person\/23fa70681308e7b319a3204bcea45e0c"},"headline":"Portim\u00e3o Box Cup vai ser disputada por 260 pugilistas de oito pa\u00edses","datePublished":"2022-05-13T12:18:00+00:00","mainEntityOfPage":{"@id":"https:\/\/algarve7.pt\/index.php\/2022\/05\/portimao-box-cup-vai-ser-disputada-por-260-pugilistas-de-oito-paises\/desporto\/13\/18\/"},"wordCount":161,"publisher":{"@id":"https:\/\/algarve7.pt\/#organization"},"image":{"@id":"https:\/\/algarve7.pt\/index.php\/2022\/05\/portimao-box-cup-vai-ser-disputada-por-260-pugilistas-de-oito-paises\/desporto\/13\/18\/#primaryimage"},"thumbnailUrl":"https:\/\/algarve7.pt\/wp-content\/uploads\/2022\/05\/Algarve-Box-Cup_CED_fem-scaled.jpg","keywords":["Algarve","Desporto","Portim\u00e3o"],"articleSection":["Desporto"],"inLanguage":"pt-PT"},{"@type":"WebPage","@id":"https:\/\/algarve7.pt\/index.php\/2022\/05\/portimao-box-cup-vai-ser-disputada-por-260-pugilistas-de-oito-paises\/desporto\/13\/18\/","url":"https:\/\/algarve7.pt\/index.php\/2022\/05\/portimao-box-cup-vai-ser-disputada-por-260-pugilistas-de-oito-paises\/desporto\/13\/18\/","name":"Portim\u00e3o Box Cup vai ser disputada por 260 pugilistas de oito pa\u00edses - Algarve 7","isPartOf":{"@id":"https:\/\/algarve7.pt\/#website"},"primaryImageOfPage":{"@id":"https:\/\/algarve7.pt\/index.php\/2022\/05\/portimao-box-cup-vai-ser-disputada-por-260-pugilistas-de-oito-paises\/desporto\/13\/18\/#primaryimage"},"image":{"@id":"https:\/\/algarve7.pt\/index.php\/2022\/05\/portimao-box-cup-vai-ser-disputada-por-260-pugilistas-de-oito-paises\/desporto\/13\/18\/#primaryimage"},"thumbnailUrl":"https:\/\/algarve7.pt\/wp-content\/uploads\/2022\/05\/Algarve-Box-Cup_CED_fem-scaled.jpg","datePublished":"2022-05-13T12:18:00+00:00","description":"Portim\u00e3o Box Cup vai ser disputada por 260 pugilistas de oito pa\u00edses Desporto","breadcrumb":{"@id":"https:\/\/algarve7.pt\/index.php\/2022\/05\/portimao-box-cup-vai-ser-disputada-por-260-pugilistas-de-oito-paises\/desporto\/13\/18\/#breadcrumb"},"inLanguage":"pt-PT","potentialAction":[{"@type":"ReadAction","target":["https:\/\/algarve7.pt\/index.php\/2022\/05\/portimao-box-cup-vai-ser-disputada-por-260-pugilistas-de-oito-paises\/desporto\/13\/18\/"]}]},{"@type":"ImageObject","inLanguage":"pt-PT","@id":"https:\/\/algarve7.pt\/index.php\/2022\/05\/portimao-box-cup-vai-ser-disputada-por-260-pugilistas-de-oito-paises\/desporto\/13\/18\/#primaryimage","url":"https:\/\/algarve7.pt\/wp-content\/uploads\/2022\/05\/Algarve-Box-Cup_CED_fem-scaled.jpg","contentUrl":"https:\/\/algarve7.pt\/wp-content\/uploads\/2022\/05\/Algarve-Box-Cup_CED_fem-scaled.jpg","width":2560,"height":1750},{"@type":"BreadcrumbList","@id":"https:\/\/algarve7.pt\/index.php\/2022\/05\/portimao-box-cup-vai-ser-disputada-por-260-pugilistas-de-oito-paises\/desporto\/13\/18\/#breadcrumb","itemListElement":[{"@type":"ListItem","position":1,"name":"In\u00edcio","item":"https:\/\/algarve7.pt\/"},{"@type":"ListItem","position":2,"name":"Portim\u00e3o Box Cup vai ser disputada por 260 pugilistas de oito pa\u00edses"}]},{"@type":"WebSite","@id":"https:\/\/algarve7.pt\/#website","url":"https:\/\/algarve7.pt\/","name":"Algarve 7","description":"Informa\u00e7\u00e3o sobre o Algarve","publisher":{"@id":"https:\/\/algarve7.pt\/#organization"},"potentialAction":[{"@type":"SearchAction","target":{"@type":"EntryPoint","urlTemplate":"https:\/\/algarve7.pt\/?s={search_term_string}"},"query-input":{"@type":"PropertyValueSpecification","valueRequired":true,"valueName":"search_term_string"}}],"inLanguage":"pt-PT"},{"@type":"Organization","@id":"https:\/\/algarve7.pt\/#organization","name":"Algarve 7","url":"https:\/\/algarve7.pt\/","logo":{"@type":"ImageObject","inLanguage":"pt-PT","@id":"https:\/\/algarve7.pt\/#\/schema\/logo\/image\/","url":"https:\/\/algarve7.pt\/wp-content\/uploads\/2020\/10\/Logo-8.jpg","contentUrl":"https:\/\/algarve7.pt\/wp-content\/uploads\/2020\/10\/Logo-8.jpg","width":1680,"height":1186,"caption":"Algarve 7"},"image":{"@id":"https:\/\/algarve7.pt\/#\/schema\/logo\/image\/"},"sameAs":["https:\/\/www.facebook.com\/algarve7","https:\/\/x.com\/Algarvesete","https:\/\/www.instagram.com\/jornalalgarve7\/","https:\/\/www.linkedin.com\/company\/algarve7","https:\/\/www.pinterest.pt\/geral0939\/_created\/"]},{"@type":"Person","@id":"https:\/\/algarve7.pt\/#\/schema\/person\/23fa70681308e7b319a3204bcea45e0c","name":"Algarve 7","sameAs":["https:\/\/algarve7.pt","https:\/\/www.facebook.com\/algarve7"],"url":"https:\/\/algarve7.pt\/index.php\/author\/geralalgarve7-pt\/"}]}},"jetpack_publicize_connections":[],"jetpack_featured_media_url":"https:\/\/algarve7.pt\/wp-content\/uploads\/2022\/05\/Algarve-Box-Cup_CED_fem-scaled.jpg","jetpack_shortlink":"https:\/\/wp.me\/pcezmW-4Oy","jetpack_sharing_enabled":true,"_links":{"self":[{"href":"https:\/\/algarve7.pt\/index.php\/wp-json\/wp\/v2\/posts\/18510","targetHints":{"allow":["GET"]}}],"collection":[{"href":"https:\/\/algarve7.pt\/index.php\/wp-json\/wp\/v2\/posts"}],"about":[{"href":"https:\/\/algarve7.pt\/index.php\/wp-json\/wp\/v2\/types\/post"}],"author":[{"embeddable":true,"href":"https:\/\/algarve7.pt\/index.php\/wp-json\/wp\/v2\/users\/1"}],"replies":[{"embeddable":true,"href":"https:\/\/algarve7.pt\/index.php\/wp-json\/wp\/v2\/comments?post=18510"}],"version-history":[{"count":0,"href":"https:\/\/algarve7.pt\/index.php\/wp-json\/wp\/v2\/posts\/18510\/revisions"}],"wp:featuredmedia":[{"embeddable":true,"href":"https:\/\/algarve7.pt\/index.php\/wp-json\/wp\/v2\/media\/18511"}],"wp:attachment":[{"href":"https:\/\/algarve7.pt\/index.php\/wp-json\/wp\/v2\/media?parent=18510"}],"wp:term":[{"taxonomy":"category","embeddable":true,"href":"https:\/\/algarve7.pt\/index.php\/wp-json\/wp\/v2\/categories?post=18510"},{"taxonomy":"post_tag","embeddable":true,"href":"https:\/\/algarve7.pt\/index.php\/wp-json\/wp\/v2\/tags?post=18510"}],"curies":[{"name":"wp","href":"https:\/\/api.w.org\/{rel}","templated":true}]}}