{"id":18467,"date":"2022-05-12T12:24:00","date_gmt":"2022-05-12T11:24:00","guid":{"rendered":"https:\/\/algarve7.pt\/?p=18467"},"modified":"2022-05-11T18:24:46","modified_gmt":"2022-05-11T17:24:46","slug":"vinculum-project-day-arranca-em-loule","status":"publish","type":"post","link":"https:\/\/algarve7.pt\/index.php\/2022\/05\/vinculum-project-day-arranca-em-loule\/cultura\/12\/24\/","title":{"rendered":"\u201cVinculum Project Day\u201d arranca em Loul\u00e9"},"content":{"rendered":"\n<p>O Arquivo Municipal de Loul\u00e9 Professor Joaquim Romero Magalh\u00e3es recebe a 14 de maio, das 9h30 \u00e0s 17h30, a iniciativa \u201cVinculum Project Day\u201d.<\/p>\n\n\n\n<p>Esta atividade insere-se no projeto VINCULUM, sediado na Faculdade de Ci\u00eancias Sociais e Humanas da Universidade Nova de Lisboa e \u00e9 financiado pelo European Research Council. O projeto tem como objetivo conceptualizar e explicar o fen\u00f3meno vincular nas sociedades medievais e modernas da Europa do Sul. A comunica\u00e7\u00e3o \u00e0 comunidade do trabalho cient\u00edfico \u00e9 muito importante para o projeto, e realiza-se atrav\u00e9s da iniciativa \u201cDias do projeto Vinculum \/ Vinculum Project Days\u201d, momentos de debate e troca de ideias com todos os interessados. O primeiro \u201cVinculum Project Day\u201d \u00e9 organizado em colabora\u00e7\u00e3o com o Arquivo Municipal de Loul\u00e9, e nele estar\u00e3o em destaque os v\u00ednculos do Algarve, com apresenta\u00e7\u00f5es cient\u00edficas e conversas informais.<\/p>\n\n\n\n<p>Durante a manh\u00e3 ser\u00e3o apresentados temas como os morgados do Freixo Verde e de Quarteira (documentos em arquivos p\u00fablicos e privados), a Casa dos Barretos de Quarteira (estrat\u00e9gias de poder e nobilita\u00e7\u00e3o no Algarve nos s\u00e9culos XV-XVI) e retratos de um arquivo em movimento: o tombo e o cart\u00f3rio dos Condes de Vila Nova de Portim\u00e3o.<\/p>\n\n\n\n<p>Na parte da tarde est\u00e1 prevista uma tert\u00falia sobre v\u00ednculos. Nesse sentido, s\u00e3o convidados historiadores, arquivistas, genealogistas, propriet\u00e1rios de arquivos de fam\u00edlia e todos os interessados para uma conversa informal sobre a hist\u00f3ria dos v\u00ednculos do Algarve, sobre as potencialidades dos v\u00ednculos para o estudo das sociedades medievais e modernas, e sobre os desafios que esta documenta\u00e7\u00e3o levanta ao tratamento arquiv\u00edstico, entre outros temas que o interessante fen\u00f3meno da vincula\u00e7\u00e3o possa sugerir<\/p>\n\n\n\n<p>Os v\u00ednculos eram uma forma jur\u00eddica de proteger a propriedade de um grupo familiar durante muitas gera\u00e7\u00f5es. Eram modos de organizar a propriedade \u2013 e os morgadios e as capelas f\u00fanebres eram os mais conhecidos nos s\u00e9culos XIV a XVII.<\/p>\n\n\n\n<p>O var\u00e3o mais velho \u00e9 que herdava o v\u00ednculo (que n\u00e3o era a propriedade toda, mas as melhores propriedades, as casas mais importantes). O fundador do v\u00ednculo definia o perfil do herdeiro e a sua vontade era lei.<\/p>\n","protected":false},"excerpt":{"rendered":"<p>O Arquivo Municipal de Loul\u00e9 Professor Joaquim Romero Magalh\u00e3es recebe a 14 de maio, das 9h30 \u00e0s 17h30, a iniciativa<\/p>\n","protected":false},"author":1,"featured_media":18468,"comment_status":"closed","ping_status":"open","sticky":false,"template":"","format":"standard","meta":{"colormag_page_container_layout":"default_layout","colormag_page_sidebar_layout":"default_layout","_monsterinsights_skip_tracking":false,"_monsterinsights_sitenote_active":false,"_monsterinsights_sitenote_note":"","_monsterinsights_sitenote_category":0,"jetpack_post_was_ever_published":false,"_jetpack_newsletter_access":"","_jetpack_dont_email_post_to_subs":false,"_jetpack_newsletter_tier_id":0,"_jetpack_memberships_contains_paywalled_content":false,"_jetpack_memberships_contains_paid_content":false,"footnotes":"","jetpack_publicize_message":"","jetpack_publicize_feature_enabled":true,"jetpack_social_post_already_shared":true,"jetpack_social_options":{"image_generator_settings":{"template":"highway","default_image_id":0,"font":"","enabled":false},"version":2}},"categories":[14],"tags":[36,323,35,31],"class_list":["post-18467","post","type-post","status-publish","format-standard","has-post-thumbnail","hentry","category-cultura","tag-algarve","tag-arquivo","tag-cultura","tag-loule"],"yoast_head":"<!-- This site is optimized with the Yoast SEO plugin v27.5 - https:\/\/yoast.com\/product\/yoast-seo-wordpress\/ -->\n<title>\u201cVinculum Project Day\u201d arranca em Loul\u00e9 - Algarve 7<\/title>\n<meta name=\"description\" content=\"\u201cVinculum Project Day\u201d arranca em Loul\u00e9 Cultura\" \/>\n<meta name=\"robots\" content=\"index, follow, max-snippet:-1, max-image-preview:large, max-video-preview:-1\" \/>\n<link rel=\"canonical\" href=\"https:\/\/algarve7.pt\/index.php\/2022\/05\/vinculum-project-day-arranca-em-loule\/cultura\/12\/24\/\" \/>\n<meta property=\"og:locale\" content=\"pt_PT\" \/>\n<meta property=\"og:type\" content=\"article\" \/>\n<meta property=\"og:title\" content=\"\u201cVinculum Project Day\u201d arranca em Loul\u00e9 - Algarve 7\" \/>\n<meta property=\"og:description\" content=\"\u201cVinculum Project Day\u201d arranca em Loul\u00e9 Cultura\" \/>\n<meta property=\"og:url\" content=\"https:\/\/algarve7.pt\/index.php\/2022\/05\/vinculum-project-day-arranca-em-loule\/cultura\/12\/24\/\" \/>\n<meta property=\"og:site_name\" content=\"Algarve 7\" \/>\n<meta property=\"article:publisher\" content=\"https:\/\/www.facebook.com\/algarve7\" \/>\n<meta property=\"article:author\" content=\"https:\/\/www.facebook.com\/algarve7\" \/>\n<meta property=\"article:published_time\" content=\"2022-05-12T11:24:00+00:00\" \/>\n<meta property=\"og:image\" content=\"https:\/\/algarve7.pt\/wp-content\/uploads\/2022\/05\/Vinculum-Project-Day.jpg\" \/>\n\t<meta property=\"og:image:width\" content=\"1703\" \/>\n\t<meta property=\"og:image:height\" content=\"1137\" \/>\n\t<meta property=\"og:image:type\" content=\"image\/jpeg\" \/>\n<meta name=\"author\" content=\"Algarve 7\" \/>\n<meta name=\"twitter:card\" content=\"summary_large_image\" \/>\n<meta name=\"twitter:creator\" content=\"@Algarvesete\" \/>\n<meta name=\"twitter:site\" content=\"@Algarvesete\" \/>\n<meta name=\"twitter:label1\" content=\"Escrito por\" \/>\n\t<meta name=\"twitter:data1\" content=\"Algarve 7\" \/>\n\t<meta name=\"twitter:label2\" content=\"Tempo estimado de leitura\" \/>\n\t<meta name=\"twitter:data2\" content=\"2 minutos\" \/>\n<script type=\"application\/ld+json\" class=\"yoast-schema-graph\">{\"@context\":\"https:\\\/\\\/schema.org\",\"@graph\":[{\"@type\":\"Article\",\"@id\":\"https:\\\/\\\/algarve7.pt\\\/index.php\\\/2022\\\/05\\\/vinculum-project-day-arranca-em-loule\\\/cultura\\\/12\\\/24\\\/#article\",\"isPartOf\":{\"@id\":\"https:\\\/\\\/algarve7.pt\\\/index.php\\\/2022\\\/05\\\/vinculum-project-day-arranca-em-loule\\\/cultura\\\/12\\\/24\\\/\"},\"author\":{\"name\":\"Algarve 7\",\"@id\":\"https:\\\/\\\/algarve7.pt\\\/#\\\/schema\\\/person\\\/23fa70681308e7b319a3204bcea45e0c\"},\"headline\":\"\u201cVinculum Project Day\u201d arranca em Loul\u00e9\",\"datePublished\":\"2022-05-12T11:24:00+00:00\",\"mainEntityOfPage\":{\"@id\":\"https:\\\/\\\/algarve7.pt\\\/index.php\\\/2022\\\/05\\\/vinculum-project-day-arranca-em-loule\\\/cultura\\\/12\\\/24\\\/\"},\"wordCount\":379,\"publisher\":{\"@id\":\"https:\\\/\\\/algarve7.pt\\\/#organization\"},\"image\":{\"@id\":\"https:\\\/\\\/algarve7.pt\\\/index.php\\\/2022\\\/05\\\/vinculum-project-day-arranca-em-loule\\\/cultura\\\/12\\\/24\\\/#primaryimage\"},\"thumbnailUrl\":\"https:\\\/\\\/algarve7.pt\\\/wp-content\\\/uploads\\\/2022\\\/05\\\/Vinculum-Project-Day.jpg\",\"keywords\":[\"Algarve\",\"Arquivo\",\"Cultura\",\"Loul\u00e9\"],\"articleSection\":[\"Cultura\"],\"inLanguage\":\"pt-PT\"},{\"@type\":\"WebPage\",\"@id\":\"https:\\\/\\\/algarve7.pt\\\/index.php\\\/2022\\\/05\\\/vinculum-project-day-arranca-em-loule\\\/cultura\\\/12\\\/24\\\/\",\"url\":\"https:\\\/\\\/algarve7.pt\\\/index.php\\\/2022\\\/05\\\/vinculum-project-day-arranca-em-loule\\\/cultura\\\/12\\\/24\\\/\",\"name\":\"\u201cVinculum Project Day\u201d arranca em Loul\u00e9 - Algarve 7\",\"isPartOf\":{\"@id\":\"https:\\\/\\\/algarve7.pt\\\/#website\"},\"primaryImageOfPage\":{\"@id\":\"https:\\\/\\\/algarve7.pt\\\/index.php\\\/2022\\\/05\\\/vinculum-project-day-arranca-em-loule\\\/cultura\\\/12\\\/24\\\/#primaryimage\"},\"image\":{\"@id\":\"https:\\\/\\\/algarve7.pt\\\/index.php\\\/2022\\\/05\\\/vinculum-project-day-arranca-em-loule\\\/cultura\\\/12\\\/24\\\/#primaryimage\"},\"thumbnailUrl\":\"https:\\\/\\\/algarve7.pt\\\/wp-content\\\/uploads\\\/2022\\\/05\\\/Vinculum-Project-Day.jpg\",\"datePublished\":\"2022-05-12T11:24:00+00:00\",\"description\":\"\u201cVinculum Project Day\u201d arranca em Loul\u00e9 Cultura\",\"breadcrumb\":{\"@id\":\"https:\\\/\\\/algarve7.pt\\\/index.php\\\/2022\\\/05\\\/vinculum-project-day-arranca-em-loule\\\/cultura\\\/12\\\/24\\\/#breadcrumb\"},\"inLanguage\":\"pt-PT\",\"potentialAction\":[{\"@type\":\"ReadAction\",\"target\":[\"https:\\\/\\\/algarve7.pt\\\/index.php\\\/2022\\\/05\\\/vinculum-project-day-arranca-em-loule\\\/cultura\\\/12\\\/24\\\/\"]}]},{\"@type\":\"ImageObject\",\"inLanguage\":\"pt-PT\",\"@id\":\"https:\\\/\\\/algarve7.pt\\\/index.php\\\/2022\\\/05\\\/vinculum-project-day-arranca-em-loule\\\/cultura\\\/12\\\/24\\\/#primaryimage\",\"url\":\"https:\\\/\\\/algarve7.pt\\\/wp-content\\\/uploads\\\/2022\\\/05\\\/Vinculum-Project-Day.jpg\",\"contentUrl\":\"https:\\\/\\\/algarve7.pt\\\/wp-content\\\/uploads\\\/2022\\\/05\\\/Vinculum-Project-Day.jpg\",\"width\":1703,\"height\":1137},{\"@type\":\"BreadcrumbList\",\"@id\":\"https:\\\/\\\/algarve7.pt\\\/index.php\\\/2022\\\/05\\\/vinculum-project-day-arranca-em-loule\\\/cultura\\\/12\\\/24\\\/#breadcrumb\",\"itemListElement\":[{\"@type\":\"ListItem\",\"position\":1,\"name\":\"In\u00edcio\",\"item\":\"https:\\\/\\\/algarve7.pt\\\/\"},{\"@type\":\"ListItem\",\"position\":2,\"name\":\"\u201cVinculum Project Day\u201d arranca em Loul\u00e9\"}]},{\"@type\":\"WebSite\",\"@id\":\"https:\\\/\\\/algarve7.pt\\\/#website\",\"url\":\"https:\\\/\\\/algarve7.pt\\\/\",\"name\":\"Algarve 7\",\"description\":\"Informa\u00e7\u00e3o sobre o Algarve\",\"publisher\":{\"@id\":\"https:\\\/\\\/algarve7.pt\\\/#organization\"},\"potentialAction\":[{\"@type\":\"SearchAction\",\"target\":{\"@type\":\"EntryPoint\",\"urlTemplate\":\"https:\\\/\\\/algarve7.pt\\\/?s={search_term_string}\"},\"query-input\":{\"@type\":\"PropertyValueSpecification\",\"valueRequired\":true,\"valueName\":\"search_term_string\"}}],\"inLanguage\":\"pt-PT\"},{\"@type\":\"Organization\",\"@id\":\"https:\\\/\\\/algarve7.pt\\\/#organization\",\"name\":\"Algarve 7\",\"url\":\"https:\\\/\\\/algarve7.pt\\\/\",\"logo\":{\"@type\":\"ImageObject\",\"inLanguage\":\"pt-PT\",\"@id\":\"https:\\\/\\\/algarve7.pt\\\/#\\\/schema\\\/logo\\\/image\\\/\",\"url\":\"https:\\\/\\\/algarve7.pt\\\/wp-content\\\/uploads\\\/2020\\\/10\\\/Logo-8.jpg\",\"contentUrl\":\"https:\\\/\\\/algarve7.pt\\\/wp-content\\\/uploads\\\/2020\\\/10\\\/Logo-8.jpg\",\"width\":1680,\"height\":1186,\"caption\":\"Algarve 7\"},\"image\":{\"@id\":\"https:\\\/\\\/algarve7.pt\\\/#\\\/schema\\\/logo\\\/image\\\/\"},\"sameAs\":[\"https:\\\/\\\/www.facebook.com\\\/algarve7\",\"https:\\\/\\\/x.com\\\/Algarvesete\",\"https:\\\/\\\/www.instagram.com\\\/jornalalgarve7\\\/\",\"https:\\\/\\\/www.linkedin.com\\\/company\\\/algarve7\",\"https:\\\/\\\/www.pinterest.pt\\\/geral0939\\\/_created\\\/\"]},{\"@type\":\"Person\",\"@id\":\"https:\\\/\\\/algarve7.pt\\\/#\\\/schema\\\/person\\\/23fa70681308e7b319a3204bcea45e0c\",\"name\":\"Algarve 7\",\"sameAs\":[\"https:\\\/\\\/algarve7.pt\",\"https:\\\/\\\/www.facebook.com\\\/algarve7\"],\"url\":\"https:\\\/\\\/algarve7.pt\\\/index.php\\\/author\\\/geralalgarve7-pt\\\/\"}]}<\/script>\n<!-- \/ Yoast SEO plugin. -->","yoast_head_json":{"title":"\u201cVinculum Project Day\u201d arranca em Loul\u00e9 - Algarve 7","description":"\u201cVinculum Project Day\u201d arranca em Loul\u00e9 Cultura","robots":{"index":"index","follow":"follow","max-snippet":"max-snippet:-1","max-image-preview":"max-image-preview:large","max-video-preview":"max-video-preview:-1"},"canonical":"https:\/\/algarve7.pt\/index.php\/2022\/05\/vinculum-project-day-arranca-em-loule\/cultura\/12\/24\/","og_locale":"pt_PT","og_type":"article","og_title":"\u201cVinculum Project Day\u201d arranca em Loul\u00e9 - Algarve 7","og_description":"\u201cVinculum Project Day\u201d arranca em Loul\u00e9 Cultura","og_url":"https:\/\/algarve7.pt\/index.php\/2022\/05\/vinculum-project-day-arranca-em-loule\/cultura\/12\/24\/","og_site_name":"Algarve 7","article_publisher":"https:\/\/www.facebook.com\/algarve7","article_author":"https:\/\/www.facebook.com\/algarve7","article_published_time":"2022-05-12T11:24:00+00:00","og_image":[{"width":1703,"height":1137,"url":"https:\/\/algarve7.pt\/wp-content\/uploads\/2022\/05\/Vinculum-Project-Day.jpg","type":"image\/jpeg"}],"author":"Algarve 7","twitter_card":"summary_large_image","twitter_creator":"@Algarvesete","twitter_site":"@Algarvesete","twitter_misc":{"Escrito por":"Algarve 7","Tempo estimado de leitura":"2 minutos"},"schema":{"@context":"https:\/\/schema.org","@graph":[{"@type":"Article","@id":"https:\/\/algarve7.pt\/index.php\/2022\/05\/vinculum-project-day-arranca-em-loule\/cultura\/12\/24\/#article","isPartOf":{"@id":"https:\/\/algarve7.pt\/index.php\/2022\/05\/vinculum-project-day-arranca-em-loule\/cultura\/12\/24\/"},"author":{"name":"Algarve 7","@id":"https:\/\/algarve7.pt\/#\/schema\/person\/23fa70681308e7b319a3204bcea45e0c"},"headline":"\u201cVinculum Project Day\u201d arranca em Loul\u00e9","datePublished":"2022-05-12T11:24:00+00:00","mainEntityOfPage":{"@id":"https:\/\/algarve7.pt\/index.php\/2022\/05\/vinculum-project-day-arranca-em-loule\/cultura\/12\/24\/"},"wordCount":379,"publisher":{"@id":"https:\/\/algarve7.pt\/#organization"},"image":{"@id":"https:\/\/algarve7.pt\/index.php\/2022\/05\/vinculum-project-day-arranca-em-loule\/cultura\/12\/24\/#primaryimage"},"thumbnailUrl":"https:\/\/algarve7.pt\/wp-content\/uploads\/2022\/05\/Vinculum-Project-Day.jpg","keywords":["Algarve","Arquivo","Cultura","Loul\u00e9"],"articleSection":["Cultura"],"inLanguage":"pt-PT"},{"@type":"WebPage","@id":"https:\/\/algarve7.pt\/index.php\/2022\/05\/vinculum-project-day-arranca-em-loule\/cultura\/12\/24\/","url":"https:\/\/algarve7.pt\/index.php\/2022\/05\/vinculum-project-day-arranca-em-loule\/cultura\/12\/24\/","name":"\u201cVinculum Project Day\u201d arranca em Loul\u00e9 - Algarve 7","isPartOf":{"@id":"https:\/\/algarve7.pt\/#website"},"primaryImageOfPage":{"@id":"https:\/\/algarve7.pt\/index.php\/2022\/05\/vinculum-project-day-arranca-em-loule\/cultura\/12\/24\/#primaryimage"},"image":{"@id":"https:\/\/algarve7.pt\/index.php\/2022\/05\/vinculum-project-day-arranca-em-loule\/cultura\/12\/24\/#primaryimage"},"thumbnailUrl":"https:\/\/algarve7.pt\/wp-content\/uploads\/2022\/05\/Vinculum-Project-Day.jpg","datePublished":"2022-05-12T11:24:00+00:00","description":"\u201cVinculum Project Day\u201d arranca em Loul\u00e9 Cultura","breadcrumb":{"@id":"https:\/\/algarve7.pt\/index.php\/2022\/05\/vinculum-project-day-arranca-em-loule\/cultura\/12\/24\/#breadcrumb"},"inLanguage":"pt-PT","potentialAction":[{"@type":"ReadAction","target":["https:\/\/algarve7.pt\/index.php\/2022\/05\/vinculum-project-day-arranca-em-loule\/cultura\/12\/24\/"]}]},{"@type":"ImageObject","inLanguage":"pt-PT","@id":"https:\/\/algarve7.pt\/index.php\/2022\/05\/vinculum-project-day-arranca-em-loule\/cultura\/12\/24\/#primaryimage","url":"https:\/\/algarve7.pt\/wp-content\/uploads\/2022\/05\/Vinculum-Project-Day.jpg","contentUrl":"https:\/\/algarve7.pt\/wp-content\/uploads\/2022\/05\/Vinculum-Project-Day.jpg","width":1703,"height":1137},{"@type":"BreadcrumbList","@id":"https:\/\/algarve7.pt\/index.php\/2022\/05\/vinculum-project-day-arranca-em-loule\/cultura\/12\/24\/#breadcrumb","itemListElement":[{"@type":"ListItem","position":1,"name":"In\u00edcio","item":"https:\/\/algarve7.pt\/"},{"@type":"ListItem","position":2,"name":"\u201cVinculum Project Day\u201d arranca em Loul\u00e9"}]},{"@type":"WebSite","@id":"https:\/\/algarve7.pt\/#website","url":"https:\/\/algarve7.pt\/","name":"Algarve 7","description":"Informa\u00e7\u00e3o sobre o Algarve","publisher":{"@id":"https:\/\/algarve7.pt\/#organization"},"potentialAction":[{"@type":"SearchAction","target":{"@type":"EntryPoint","urlTemplate":"https:\/\/algarve7.pt\/?s={search_term_string}"},"query-input":{"@type":"PropertyValueSpecification","valueRequired":true,"valueName":"search_term_string"}}],"inLanguage":"pt-PT"},{"@type":"Organization","@id":"https:\/\/algarve7.pt\/#organization","name":"Algarve 7","url":"https:\/\/algarve7.pt\/","logo":{"@type":"ImageObject","inLanguage":"pt-PT","@id":"https:\/\/algarve7.pt\/#\/schema\/logo\/image\/","url":"https:\/\/algarve7.pt\/wp-content\/uploads\/2020\/10\/Logo-8.jpg","contentUrl":"https:\/\/algarve7.pt\/wp-content\/uploads\/2020\/10\/Logo-8.jpg","width":1680,"height":1186,"caption":"Algarve 7"},"image":{"@id":"https:\/\/algarve7.pt\/#\/schema\/logo\/image\/"},"sameAs":["https:\/\/www.facebook.com\/algarve7","https:\/\/x.com\/Algarvesete","https:\/\/www.instagram.com\/jornalalgarve7\/","https:\/\/www.linkedin.com\/company\/algarve7","https:\/\/www.pinterest.pt\/geral0939\/_created\/"]},{"@type":"Person","@id":"https:\/\/algarve7.pt\/#\/schema\/person\/23fa70681308e7b319a3204bcea45e0c","name":"Algarve 7","sameAs":["https:\/\/algarve7.pt","https:\/\/www.facebook.com\/algarve7"],"url":"https:\/\/algarve7.pt\/index.php\/author\/geralalgarve7-pt\/"}]}},"jetpack_publicize_connections":[],"jetpack_featured_media_url":"https:\/\/algarve7.pt\/wp-content\/uploads\/2022\/05\/Vinculum-Project-Day.jpg","jetpack_shortlink":"https:\/\/wp.me\/pcezmW-4NR","jetpack_sharing_enabled":true,"_links":{"self":[{"href":"https:\/\/algarve7.pt\/index.php\/wp-json\/wp\/v2\/posts\/18467","targetHints":{"allow":["GET"]}}],"collection":[{"href":"https:\/\/algarve7.pt\/index.php\/wp-json\/wp\/v2\/posts"}],"about":[{"href":"https:\/\/algarve7.pt\/index.php\/wp-json\/wp\/v2\/types\/post"}],"author":[{"embeddable":true,"href":"https:\/\/algarve7.pt\/index.php\/wp-json\/wp\/v2\/users\/1"}],"replies":[{"embeddable":true,"href":"https:\/\/algarve7.pt\/index.php\/wp-json\/wp\/v2\/comments?post=18467"}],"version-history":[{"count":0,"href":"https:\/\/algarve7.pt\/index.php\/wp-json\/wp\/v2\/posts\/18467\/revisions"}],"wp:featuredmedia":[{"embeddable":true,"href":"https:\/\/algarve7.pt\/index.php\/wp-json\/wp\/v2\/media\/18468"}],"wp:attachment":[{"href":"https:\/\/algarve7.pt\/index.php\/wp-json\/wp\/v2\/media?parent=18467"}],"wp:term":[{"taxonomy":"category","embeddable":true,"href":"https:\/\/algarve7.pt\/index.php\/wp-json\/wp\/v2\/categories?post=18467"},{"taxonomy":"post_tag","embeddable":true,"href":"https:\/\/algarve7.pt\/index.php\/wp-json\/wp\/v2\/tags?post=18467"}],"curies":[{"name":"wp","href":"https:\/\/api.w.org\/{rel}","templated":true}]}}