{"id":1843,"date":"2020-09-25T11:28:53","date_gmt":"2020-09-25T10:28:53","guid":{"rendered":"https:\/\/algarve7.pt\/?p=1843"},"modified":"2020-09-25T11:28:53","modified_gmt":"2020-09-25T10:28:53","slug":"vila-do-bispo-assinala-jornadas-europeia-do-patrimonio","status":"publish","type":"post","link":"https:\/\/algarve7.pt\/index.php\/2020\/09\/vila-do-bispo-assinala-jornadas-europeia-do-patrimonio\/cultura\/11\/28\/","title":{"rendered":"Vila do Bispo assinala Jornadas Europeia do Patrim\u00f3nio"},"content":{"rendered":"\n<p>Est\u00e3o a decorrer at\u00e9 ao pr\u00f3ximo domingo, 27 de setembro, as Jornadas Europeia do Patrim\u00f3nio, uma iniciativa anual do Conselho da Europa e da Uni\u00e3o Europeia, coordenada em Portugal pela Dire\u00e7\u00e3o Geral do Patrim\u00f3nio Cultural.<\/p>\n\n\n\n<p>Apesar dos constrangimentos que vivemos devido \u00e0 atual pandemia, a C\u00e2mara Municipal de Vila do Bispo associa-se a esta iniciativa, este ano subordinada ao tema Patrim\u00f3nio e Educa\u00e7\u00e3o, publicando o documento &#8220;Patrim\u00f3nio e Mem\u00f3rias da Educa\u00e7\u00e3o Local: As Escolas e o Ensino em Vila do Bispo &#8211; um percurso pelo Passado e pelo Presente&#8221;, que pode ser lido e descarregado por todos os interessados&nbsp;<a href=\"https:\/\/www.cm-viladobispo.pt\/pt\/menu\/1745\/historia-e-documentos.aspx\">aqui<\/a>.<\/p>\n\n\n\n<p>Trata-se de uma abordagem sobre o percurso do Saber, do Ensino, das Escolas e dos Docentes do Concelho em Vila do Bispo nos S\u00e9culos XIX e XX. Ao longo do texto, o leitor encontrar\u00e1&nbsp; muitas curiosidades que demonstram que o nosso Presente est\u00e1 fortemente enraizado num Passado profundo.<\/p>\n","protected":false},"excerpt":{"rendered":"<p>Est\u00e3o a decorrer at\u00e9 ao pr\u00f3ximo domingo, 27 de setembro, as Jornadas Europeia do Patrim\u00f3nio, uma iniciativa anual do Conselho<\/p>\n","protected":false},"author":1,"featured_media":1844,"comment_status":"closed","ping_status":"open","sticky":false,"template":"","format":"standard","meta":{"colormag_page_container_layout":"default_layout","colormag_page_sidebar_layout":"default_layout","_monsterinsights_skip_tracking":false,"_monsterinsights_sitenote_active":false,"_monsterinsights_sitenote_note":"","_monsterinsights_sitenote_category":0,"jetpack_post_was_ever_published":false,"_jetpack_newsletter_access":"","_jetpack_dont_email_post_to_subs":false,"_jetpack_newsletter_tier_id":0,"_jetpack_memberships_contains_paywalled_content":false,"_jetpack_memberships_contains_paid_content":false,"footnotes":"","jetpack_publicize_message":"","jetpack_publicize_feature_enabled":true,"jetpack_social_post_already_shared":true,"jetpack_social_options":{"image_generator_settings":{"template":"highway","default_image_id":0,"font":"","enabled":false},"version":2}},"categories":[14],"tags":[35,117,84],"class_list":["post-1843","post","type-post","status-publish","format-standard","has-post-thumbnail","hentry","category-cultura","tag-cultura","tag-patrimonio","tag-vila-do-bispo"],"yoast_head":"<!-- This site is optimized with the Yoast SEO plugin v27.5 - https:\/\/yoast.com\/product\/yoast-seo-wordpress\/ -->\n<title>Vila do Bispo assinala Jornadas Europeia do Patrim\u00f3nio - Algarve 7<\/title>\n<meta name=\"description\" content=\"Vila do Bispo assinala Jornadas Europeia do Patrim\u00f3nio\" \/>\n<meta name=\"robots\" content=\"index, follow, max-snippet:-1, max-image-preview:large, max-video-preview:-1\" \/>\n<link rel=\"canonical\" href=\"https:\/\/algarve7.pt\/index.php\/2020\/09\/vila-do-bispo-assinala-jornadas-europeia-do-patrimonio\/cultura\/11\/28\/\" \/>\n<meta property=\"og:locale\" content=\"pt_PT\" \/>\n<meta property=\"og:type\" content=\"article\" \/>\n<meta property=\"og:title\" content=\"Vila do Bispo assinala Jornadas Europeia do Patrim\u00f3nio - Algarve 7\" \/>\n<meta property=\"og:description\" content=\"Vila do Bispo assinala Jornadas Europeia do Patrim\u00f3nio\" \/>\n<meta property=\"og:url\" content=\"https:\/\/algarve7.pt\/index.php\/2020\/09\/vila-do-bispo-assinala-jornadas-europeia-do-patrimonio\/cultura\/11\/28\/\" \/>\n<meta property=\"og:site_name\" content=\"Algarve 7\" \/>\n<meta property=\"article:publisher\" content=\"https:\/\/www.facebook.com\/algarve7\" \/>\n<meta property=\"article:author\" content=\"https:\/\/www.facebook.com\/algarve7\" \/>\n<meta property=\"article:published_time\" content=\"2020-09-25T10:28:53+00:00\" \/>\n<meta property=\"og:image\" content=\"https:\/\/algarve7.pt\/wp-content\/uploads\/2020\/09\/imgLoader.ashx_-e1601029710162.jpeg\" \/>\n\t<meta property=\"og:image:width\" content=\"480\" \/>\n\t<meta property=\"og:image:height\" content=\"430\" \/>\n\t<meta property=\"og:image:type\" content=\"image\/jpeg\" \/>\n<meta name=\"author\" content=\"Algarve 7\" \/>\n<meta name=\"twitter:card\" content=\"summary_large_image\" \/>\n<meta name=\"twitter:creator\" content=\"@Algarvesete\" \/>\n<meta name=\"twitter:site\" content=\"@Algarvesete\" \/>\n<meta name=\"twitter:label1\" content=\"Escrito por\" \/>\n\t<meta name=\"twitter:data1\" content=\"Algarve 7\" \/>\n\t<meta name=\"twitter:label2\" content=\"Tempo estimado de leitura\" \/>\n\t<meta name=\"twitter:data2\" content=\"1 minuto\" \/>\n<script type=\"application\/ld+json\" class=\"yoast-schema-graph\">{\"@context\":\"https:\\\/\\\/schema.org\",\"@graph\":[{\"@type\":\"Article\",\"@id\":\"https:\\\/\\\/algarve7.pt\\\/index.php\\\/2020\\\/09\\\/vila-do-bispo-assinala-jornadas-europeia-do-patrimonio\\\/cultura\\\/11\\\/28\\\/#article\",\"isPartOf\":{\"@id\":\"https:\\\/\\\/algarve7.pt\\\/index.php\\\/2020\\\/09\\\/vila-do-bispo-assinala-jornadas-europeia-do-patrimonio\\\/cultura\\\/11\\\/28\\\/\"},\"author\":{\"name\":\"Algarve 7\",\"@id\":\"https:\\\/\\\/algarve7.pt\\\/#\\\/schema\\\/person\\\/23fa70681308e7b319a3204bcea45e0c\"},\"headline\":\"Vila do Bispo assinala Jornadas Europeia do Patrim\u00f3nio\",\"datePublished\":\"2020-09-25T10:28:53+00:00\",\"mainEntityOfPage\":{\"@id\":\"https:\\\/\\\/algarve7.pt\\\/index.php\\\/2020\\\/09\\\/vila-do-bispo-assinala-jornadas-europeia-do-patrimonio\\\/cultura\\\/11\\\/28\\\/\"},\"wordCount\":170,\"publisher\":{\"@id\":\"https:\\\/\\\/algarve7.pt\\\/#organization\"},\"image\":{\"@id\":\"https:\\\/\\\/algarve7.pt\\\/index.php\\\/2020\\\/09\\\/vila-do-bispo-assinala-jornadas-europeia-do-patrimonio\\\/cultura\\\/11\\\/28\\\/#primaryimage\"},\"thumbnailUrl\":\"https:\\\/\\\/algarve7.pt\\\/wp-content\\\/uploads\\\/2020\\\/09\\\/imgLoader.ashx_-e1601029710162.jpeg\",\"keywords\":[\"Cultura\",\"Patrim\u00f3nio\",\"Vila do Bispo\"],\"articleSection\":[\"Cultura\"],\"inLanguage\":\"pt-PT\"},{\"@type\":\"WebPage\",\"@id\":\"https:\\\/\\\/algarve7.pt\\\/index.php\\\/2020\\\/09\\\/vila-do-bispo-assinala-jornadas-europeia-do-patrimonio\\\/cultura\\\/11\\\/28\\\/\",\"url\":\"https:\\\/\\\/algarve7.pt\\\/index.php\\\/2020\\\/09\\\/vila-do-bispo-assinala-jornadas-europeia-do-patrimonio\\\/cultura\\\/11\\\/28\\\/\",\"name\":\"Vila do Bispo assinala Jornadas Europeia do Patrim\u00f3nio - Algarve 7\",\"isPartOf\":{\"@id\":\"https:\\\/\\\/algarve7.pt\\\/#website\"},\"primaryImageOfPage\":{\"@id\":\"https:\\\/\\\/algarve7.pt\\\/index.php\\\/2020\\\/09\\\/vila-do-bispo-assinala-jornadas-europeia-do-patrimonio\\\/cultura\\\/11\\\/28\\\/#primaryimage\"},\"image\":{\"@id\":\"https:\\\/\\\/algarve7.pt\\\/index.php\\\/2020\\\/09\\\/vila-do-bispo-assinala-jornadas-europeia-do-patrimonio\\\/cultura\\\/11\\\/28\\\/#primaryimage\"},\"thumbnailUrl\":\"https:\\\/\\\/algarve7.pt\\\/wp-content\\\/uploads\\\/2020\\\/09\\\/imgLoader.ashx_-e1601029710162.jpeg\",\"datePublished\":\"2020-09-25T10:28:53+00:00\",\"description\":\"Vila do Bispo assinala Jornadas Europeia do Patrim\u00f3nio\",\"breadcrumb\":{\"@id\":\"https:\\\/\\\/algarve7.pt\\\/index.php\\\/2020\\\/09\\\/vila-do-bispo-assinala-jornadas-europeia-do-patrimonio\\\/cultura\\\/11\\\/28\\\/#breadcrumb\"},\"inLanguage\":\"pt-PT\",\"potentialAction\":[{\"@type\":\"ReadAction\",\"target\":[\"https:\\\/\\\/algarve7.pt\\\/index.php\\\/2020\\\/09\\\/vila-do-bispo-assinala-jornadas-europeia-do-patrimonio\\\/cultura\\\/11\\\/28\\\/\"]}]},{\"@type\":\"ImageObject\",\"inLanguage\":\"pt-PT\",\"@id\":\"https:\\\/\\\/algarve7.pt\\\/index.php\\\/2020\\\/09\\\/vila-do-bispo-assinala-jornadas-europeia-do-patrimonio\\\/cultura\\\/11\\\/28\\\/#primaryimage\",\"url\":\"https:\\\/\\\/algarve7.pt\\\/wp-content\\\/uploads\\\/2020\\\/09\\\/imgLoader.ashx_-e1601029710162.jpeg\",\"contentUrl\":\"https:\\\/\\\/algarve7.pt\\\/wp-content\\\/uploads\\\/2020\\\/09\\\/imgLoader.ashx_-e1601029710162.jpeg\",\"width\":480,\"height\":430},{\"@type\":\"BreadcrumbList\",\"@id\":\"https:\\\/\\\/algarve7.pt\\\/index.php\\\/2020\\\/09\\\/vila-do-bispo-assinala-jornadas-europeia-do-patrimonio\\\/cultura\\\/11\\\/28\\\/#breadcrumb\",\"itemListElement\":[{\"@type\":\"ListItem\",\"position\":1,\"name\":\"In\u00edcio\",\"item\":\"https:\\\/\\\/algarve7.pt\\\/\"},{\"@type\":\"ListItem\",\"position\":2,\"name\":\"Vila do Bispo assinala Jornadas Europeia do Patrim\u00f3nio\"}]},{\"@type\":\"WebSite\",\"@id\":\"https:\\\/\\\/algarve7.pt\\\/#website\",\"url\":\"https:\\\/\\\/algarve7.pt\\\/\",\"name\":\"Algarve 7\",\"description\":\"Informa\u00e7\u00e3o sobre o Algarve\",\"publisher\":{\"@id\":\"https:\\\/\\\/algarve7.pt\\\/#organization\"},\"potentialAction\":[{\"@type\":\"SearchAction\",\"target\":{\"@type\":\"EntryPoint\",\"urlTemplate\":\"https:\\\/\\\/algarve7.pt\\\/?s={search_term_string}\"},\"query-input\":{\"@type\":\"PropertyValueSpecification\",\"valueRequired\":true,\"valueName\":\"search_term_string\"}}],\"inLanguage\":\"pt-PT\"},{\"@type\":\"Organization\",\"@id\":\"https:\\\/\\\/algarve7.pt\\\/#organization\",\"name\":\"Algarve 7\",\"url\":\"https:\\\/\\\/algarve7.pt\\\/\",\"logo\":{\"@type\":\"ImageObject\",\"inLanguage\":\"pt-PT\",\"@id\":\"https:\\\/\\\/algarve7.pt\\\/#\\\/schema\\\/logo\\\/image\\\/\",\"url\":\"https:\\\/\\\/algarve7.pt\\\/wp-content\\\/uploads\\\/2020\\\/10\\\/Logo-8.jpg\",\"contentUrl\":\"https:\\\/\\\/algarve7.pt\\\/wp-content\\\/uploads\\\/2020\\\/10\\\/Logo-8.jpg\",\"width\":1680,\"height\":1186,\"caption\":\"Algarve 7\"},\"image\":{\"@id\":\"https:\\\/\\\/algarve7.pt\\\/#\\\/schema\\\/logo\\\/image\\\/\"},\"sameAs\":[\"https:\\\/\\\/www.facebook.com\\\/algarve7\",\"https:\\\/\\\/x.com\\\/Algarvesete\",\"https:\\\/\\\/www.instagram.com\\\/jornalalgarve7\\\/\",\"https:\\\/\\\/www.linkedin.com\\\/company\\\/algarve7\",\"https:\\\/\\\/www.pinterest.pt\\\/geral0939\\\/_created\\\/\"]},{\"@type\":\"Person\",\"@id\":\"https:\\\/\\\/algarve7.pt\\\/#\\\/schema\\\/person\\\/23fa70681308e7b319a3204bcea45e0c\",\"name\":\"Algarve 7\",\"sameAs\":[\"https:\\\/\\\/algarve7.pt\",\"https:\\\/\\\/www.facebook.com\\\/algarve7\"],\"url\":\"https:\\\/\\\/algarve7.pt\\\/index.php\\\/author\\\/geralalgarve7-pt\\\/\"}]}<\/script>\n<!-- \/ Yoast SEO plugin. -->","yoast_head_json":{"title":"Vila do Bispo assinala Jornadas Europeia do Patrim\u00f3nio - Algarve 7","description":"Vila do Bispo assinala Jornadas Europeia do Patrim\u00f3nio","robots":{"index":"index","follow":"follow","max-snippet":"max-snippet:-1","max-image-preview":"max-image-preview:large","max-video-preview":"max-video-preview:-1"},"canonical":"https:\/\/algarve7.pt\/index.php\/2020\/09\/vila-do-bispo-assinala-jornadas-europeia-do-patrimonio\/cultura\/11\/28\/","og_locale":"pt_PT","og_type":"article","og_title":"Vila do Bispo assinala Jornadas Europeia do Patrim\u00f3nio - Algarve 7","og_description":"Vila do Bispo assinala Jornadas Europeia do Patrim\u00f3nio","og_url":"https:\/\/algarve7.pt\/index.php\/2020\/09\/vila-do-bispo-assinala-jornadas-europeia-do-patrimonio\/cultura\/11\/28\/","og_site_name":"Algarve 7","article_publisher":"https:\/\/www.facebook.com\/algarve7","article_author":"https:\/\/www.facebook.com\/algarve7","article_published_time":"2020-09-25T10:28:53+00:00","og_image":[{"width":480,"height":430,"url":"https:\/\/algarve7.pt\/wp-content\/uploads\/2020\/09\/imgLoader.ashx_-e1601029710162.jpeg","type":"image\/jpeg"}],"author":"Algarve 7","twitter_card":"summary_large_image","twitter_creator":"@Algarvesete","twitter_site":"@Algarvesete","twitter_misc":{"Escrito por":"Algarve 7","Tempo estimado de leitura":"1 minuto"},"schema":{"@context":"https:\/\/schema.org","@graph":[{"@type":"Article","@id":"https:\/\/algarve7.pt\/index.php\/2020\/09\/vila-do-bispo-assinala-jornadas-europeia-do-patrimonio\/cultura\/11\/28\/#article","isPartOf":{"@id":"https:\/\/algarve7.pt\/index.php\/2020\/09\/vila-do-bispo-assinala-jornadas-europeia-do-patrimonio\/cultura\/11\/28\/"},"author":{"name":"Algarve 7","@id":"https:\/\/algarve7.pt\/#\/schema\/person\/23fa70681308e7b319a3204bcea45e0c"},"headline":"Vila do Bispo assinala Jornadas Europeia do Patrim\u00f3nio","datePublished":"2020-09-25T10:28:53+00:00","mainEntityOfPage":{"@id":"https:\/\/algarve7.pt\/index.php\/2020\/09\/vila-do-bispo-assinala-jornadas-europeia-do-patrimonio\/cultura\/11\/28\/"},"wordCount":170,"publisher":{"@id":"https:\/\/algarve7.pt\/#organization"},"image":{"@id":"https:\/\/algarve7.pt\/index.php\/2020\/09\/vila-do-bispo-assinala-jornadas-europeia-do-patrimonio\/cultura\/11\/28\/#primaryimage"},"thumbnailUrl":"https:\/\/algarve7.pt\/wp-content\/uploads\/2020\/09\/imgLoader.ashx_-e1601029710162.jpeg","keywords":["Cultura","Patrim\u00f3nio","Vila do Bispo"],"articleSection":["Cultura"],"inLanguage":"pt-PT"},{"@type":"WebPage","@id":"https:\/\/algarve7.pt\/index.php\/2020\/09\/vila-do-bispo-assinala-jornadas-europeia-do-patrimonio\/cultura\/11\/28\/","url":"https:\/\/algarve7.pt\/index.php\/2020\/09\/vila-do-bispo-assinala-jornadas-europeia-do-patrimonio\/cultura\/11\/28\/","name":"Vila do Bispo assinala Jornadas Europeia do Patrim\u00f3nio - Algarve 7","isPartOf":{"@id":"https:\/\/algarve7.pt\/#website"},"primaryImageOfPage":{"@id":"https:\/\/algarve7.pt\/index.php\/2020\/09\/vila-do-bispo-assinala-jornadas-europeia-do-patrimonio\/cultura\/11\/28\/#primaryimage"},"image":{"@id":"https:\/\/algarve7.pt\/index.php\/2020\/09\/vila-do-bispo-assinala-jornadas-europeia-do-patrimonio\/cultura\/11\/28\/#primaryimage"},"thumbnailUrl":"https:\/\/algarve7.pt\/wp-content\/uploads\/2020\/09\/imgLoader.ashx_-e1601029710162.jpeg","datePublished":"2020-09-25T10:28:53+00:00","description":"Vila do Bispo assinala Jornadas Europeia do Patrim\u00f3nio","breadcrumb":{"@id":"https:\/\/algarve7.pt\/index.php\/2020\/09\/vila-do-bispo-assinala-jornadas-europeia-do-patrimonio\/cultura\/11\/28\/#breadcrumb"},"inLanguage":"pt-PT","potentialAction":[{"@type":"ReadAction","target":["https:\/\/algarve7.pt\/index.php\/2020\/09\/vila-do-bispo-assinala-jornadas-europeia-do-patrimonio\/cultura\/11\/28\/"]}]},{"@type":"ImageObject","inLanguage":"pt-PT","@id":"https:\/\/algarve7.pt\/index.php\/2020\/09\/vila-do-bispo-assinala-jornadas-europeia-do-patrimonio\/cultura\/11\/28\/#primaryimage","url":"https:\/\/algarve7.pt\/wp-content\/uploads\/2020\/09\/imgLoader.ashx_-e1601029710162.jpeg","contentUrl":"https:\/\/algarve7.pt\/wp-content\/uploads\/2020\/09\/imgLoader.ashx_-e1601029710162.jpeg","width":480,"height":430},{"@type":"BreadcrumbList","@id":"https:\/\/algarve7.pt\/index.php\/2020\/09\/vila-do-bispo-assinala-jornadas-europeia-do-patrimonio\/cultura\/11\/28\/#breadcrumb","itemListElement":[{"@type":"ListItem","position":1,"name":"In\u00edcio","item":"https:\/\/algarve7.pt\/"},{"@type":"ListItem","position":2,"name":"Vila do Bispo assinala Jornadas Europeia do Patrim\u00f3nio"}]},{"@type":"WebSite","@id":"https:\/\/algarve7.pt\/#website","url":"https:\/\/algarve7.pt\/","name":"Algarve 7","description":"Informa\u00e7\u00e3o sobre o Algarve","publisher":{"@id":"https:\/\/algarve7.pt\/#organization"},"potentialAction":[{"@type":"SearchAction","target":{"@type":"EntryPoint","urlTemplate":"https:\/\/algarve7.pt\/?s={search_term_string}"},"query-input":{"@type":"PropertyValueSpecification","valueRequired":true,"valueName":"search_term_string"}}],"inLanguage":"pt-PT"},{"@type":"Organization","@id":"https:\/\/algarve7.pt\/#organization","name":"Algarve 7","url":"https:\/\/algarve7.pt\/","logo":{"@type":"ImageObject","inLanguage":"pt-PT","@id":"https:\/\/algarve7.pt\/#\/schema\/logo\/image\/","url":"https:\/\/algarve7.pt\/wp-content\/uploads\/2020\/10\/Logo-8.jpg","contentUrl":"https:\/\/algarve7.pt\/wp-content\/uploads\/2020\/10\/Logo-8.jpg","width":1680,"height":1186,"caption":"Algarve 7"},"image":{"@id":"https:\/\/algarve7.pt\/#\/schema\/logo\/image\/"},"sameAs":["https:\/\/www.facebook.com\/algarve7","https:\/\/x.com\/Algarvesete","https:\/\/www.instagram.com\/jornalalgarve7\/","https:\/\/www.linkedin.com\/company\/algarve7","https:\/\/www.pinterest.pt\/geral0939\/_created\/"]},{"@type":"Person","@id":"https:\/\/algarve7.pt\/#\/schema\/person\/23fa70681308e7b319a3204bcea45e0c","name":"Algarve 7","sameAs":["https:\/\/algarve7.pt","https:\/\/www.facebook.com\/algarve7"],"url":"https:\/\/algarve7.pt\/index.php\/author\/geralalgarve7-pt\/"}]}},"jetpack_publicize_connections":[],"jetpack_featured_media_url":"https:\/\/algarve7.pt\/wp-content\/uploads\/2020\/09\/imgLoader.ashx_-e1601029710162.jpeg","jetpack_shortlink":"https:\/\/wp.me\/pcezmW-tJ","jetpack_sharing_enabled":true,"_links":{"self":[{"href":"https:\/\/algarve7.pt\/index.php\/wp-json\/wp\/v2\/posts\/1843","targetHints":{"allow":["GET"]}}],"collection":[{"href":"https:\/\/algarve7.pt\/index.php\/wp-json\/wp\/v2\/posts"}],"about":[{"href":"https:\/\/algarve7.pt\/index.php\/wp-json\/wp\/v2\/types\/post"}],"author":[{"embeddable":true,"href":"https:\/\/algarve7.pt\/index.php\/wp-json\/wp\/v2\/users\/1"}],"replies":[{"embeddable":true,"href":"https:\/\/algarve7.pt\/index.php\/wp-json\/wp\/v2\/comments?post=1843"}],"version-history":[{"count":0,"href":"https:\/\/algarve7.pt\/index.php\/wp-json\/wp\/v2\/posts\/1843\/revisions"}],"wp:featuredmedia":[{"embeddable":true,"href":"https:\/\/algarve7.pt\/index.php\/wp-json\/wp\/v2\/media\/1844"}],"wp:attachment":[{"href":"https:\/\/algarve7.pt\/index.php\/wp-json\/wp\/v2\/media?parent=1843"}],"wp:term":[{"taxonomy":"category","embeddable":true,"href":"https:\/\/algarve7.pt\/index.php\/wp-json\/wp\/v2\/categories?post=1843"},{"taxonomy":"post_tag","embeddable":true,"href":"https:\/\/algarve7.pt\/index.php\/wp-json\/wp\/v2\/tags?post=1843"}],"curies":[{"name":"wp","href":"https:\/\/api.w.org\/{rel}","templated":true}]}}