{"id":18287,"date":"2022-05-05T14:06:27","date_gmt":"2022-05-05T13:06:27","guid":{"rendered":"https:\/\/algarve7.pt\/?p=18287"},"modified":"2022-05-05T14:06:28","modified_gmt":"2022-05-05T13:06:28","slug":"jose-eduardo-agualusa-premiado-com-o-grande-premio-de-cronica-e-dispersos-literarios","status":"publish","type":"post","link":"https:\/\/algarve7.pt\/index.php\/2022\/05\/jose-eduardo-agualusa-premiado-com-o-grande-premio-de-cronica-e-dispersos-literarios\/cultura\/14\/06\/","title":{"rendered":"Jos\u00e9 Eduardo Agualusa premiado com o grande Pr\u00e9mio de cr\u00f3nica e dispersos liter\u00e1rios\u00a0"},"content":{"rendered":"\n<p>Um j\u00fari constitu\u00eddo por Carina Infante do Carmo, Carlos Albino Guerreiro e Fernando Batista decidiu, por&nbsp;<strong>unanimidade<\/strong>, atribuir o Grande Pr\u00e9mio de Cr\u00f3nica e Dispersos Liter\u00e1rios APE\/ C.M. de Loul\u00e9 ao livro&nbsp;<strong><em>O Mais Belo Fim do Mundo<\/em><\/strong>, de&nbsp;<strong>Jos\u00e9 Eduardo Agualusa&nbsp;<\/strong>(Quetzal).<\/p>\n\n\n\n<p>Na acta pode ler-se:&nbsp;<em>O j\u00fari decidiu atribuir o Pr\u00e9mio pela destreza na escrita da cr\u00f3nica, que se matiza nas formas do conto, do ensaio e do apontamento diar\u00edstico sem comprometer o desenho calibrado do livro. Na m\u00e3o de Jos\u00e9 Eduardo Agualusa a cr\u00f3nica \u00e9 uma sonda apurada dos dias comuns pessoais e do tempo colectivo que \u00e9 o nosso, tenso, conturbado, alargando-nos o horizonte para geografias sobretudo africanas mediante uma escrita bela, l\u00facida e po\u00e9tica.<\/em><\/p>\n\n\n\n<p>O&nbsp;<strong>Grande Pr\u00e9mio de Cr\u00f3nica e Dispersos Liter\u00e1rios<\/strong>, institu\u00eddo pela Associa\u00e7\u00e3o Portuguesa de Escritores com o patroc\u00ednio da C\u00e2mara Municipal de Loul\u00e9, destina-se a galardoar anualmente uma obra em portugu\u00eas, de autor portugu\u00eas, publicada em livro e em primeira edi\u00e7\u00e3o em Portugal, no ano de&nbsp;<strong>2021<\/strong>. Na presente edi\u00e7\u00e3o, o valor monet\u00e1rio deste galard\u00e3o para o autor distinguido \u00e9 de&nbsp;\u20ac&nbsp;12.000,00 (doze mil euros).<\/p>\n\n\n\n<p>A cerim\u00f3nia de entrega do pr\u00e9mio decorrer\u00e1 no Dia do Munic\u00edpio de Loul\u00e9, no pr\u00f3ximo dia 26 de Maio.<\/p>\n\n\n\n<p>O Grande Pr\u00e9mio de Cr\u00f3nica e Dispersos Liter\u00e1rios distinguiu j\u00e1 os autores Jos\u00e9 Tolentino Mendon\u00e7a, Rui Cardoso Martins, M\u00e1rio Cl\u00e1udio, Pedro Mexia, M\u00e1rio de Carvalho e L\u00eddia Jorge.<\/p>\n\n\n\n<p>Jos\u00e9 Eduardo Agualusa nasceu na cidade do Huambo, em Angola, a 13 de Dezembro de 1960. Estudou Agronomia e Silvicultura. Viveu em Lisboa, Luanda, Rio de Janeiro e Berlim. \u00c9 romancista, contista, cronista e autor de literatura infantil. Os seus romances t\u00eam sido distinguidos com os mais prestigiados pr\u00e9mios nacionais e estrangeiros, como, por exemplo, o Grande Pr\u00e9mio de Literatura RTP (atribu\u00eddo a Na\u00e7\u00e3o Crioula, 1998); tamb\u00e9m os seus contos e livros infantis foram merecedores de pr\u00e9mios, como o Grande Pr\u00e9mio de Conto da APE e o Grande Pr\u00e9mio de Literatura para Crian\u00e7as da Funda\u00e7\u00e3o Calouste Gulbenkian, respectivamente. O Vendedor de Passados ganhou o Independent Foreign Fiction Prize, em 2004, e, mais recentemente, o romance Teoria Geral do Esquecimento foi finalista do Man Booker Internacional, em 2016, e vencedor do International Dublin Literary Award (antigo IMPAC Dublin Award), em 2017.<\/p>\n","protected":false},"excerpt":{"rendered":"<p>Um j\u00fari constitu\u00eddo por Carina Infante do Carmo, Carlos Albino Guerreiro e Fernando Batista decidiu, por&nbsp;unanimidade, atribuir o Grande Pr\u00e9mio<\/p>\n","protected":false},"author":1,"featured_media":18288,"comment_status":"closed","ping_status":"open","sticky":false,"template":"","format":"standard","meta":{"colormag_page_container_layout":"default_layout","colormag_page_sidebar_layout":"default_layout","_monsterinsights_skip_tracking":false,"_monsterinsights_sitenote_active":false,"_monsterinsights_sitenote_note":"","_monsterinsights_sitenote_category":0,"jetpack_post_was_ever_published":false,"_jetpack_newsletter_access":"","_jetpack_dont_email_post_to_subs":false,"_jetpack_newsletter_tier_id":0,"_jetpack_memberships_contains_paywalled_content":false,"_jetpack_memberships_contains_paid_content":false,"footnotes":"","jetpack_publicize_message":"","jetpack_publicize_feature_enabled":true,"jetpack_social_post_already_shared":true,"jetpack_social_options":{"image_generator_settings":{"template":"highway","default_image_id":0,"font":"","enabled":false},"version":2}},"categories":[14],"tags":[36,35,201,31],"class_list":["post-18287","post","type-post","status-publish","format-standard","has-post-thumbnail","hentry","category-cultura","tag-algarve","tag-cultura","tag-livros","tag-loule"],"yoast_head":"<!-- This site is optimized with the Yoast SEO plugin v27.5 - https:\/\/yoast.com\/product\/yoast-seo-wordpress\/ -->\n<title>Jos\u00e9 Eduardo Agualusa premiado com o grande Pr\u00e9mio de cr\u00f3nica e dispersos liter\u00e1rios\u00a0 - Algarve 7<\/title>\n<meta name=\"description\" content=\"Jos\u00e9 Eduardo Agualusa premiado com o grande Pr\u00e9mio de cr\u00f3nica e dispersos liter\u00e1rios\u00a0 Cultura\" \/>\n<meta name=\"robots\" content=\"index, follow, max-snippet:-1, max-image-preview:large, max-video-preview:-1\" \/>\n<link rel=\"canonical\" href=\"https:\/\/algarve7.pt\/index.php\/2022\/05\/jose-eduardo-agualusa-premiado-com-o-grande-premio-de-cronica-e-dispersos-literarios\/cultura\/14\/06\/\" \/>\n<meta property=\"og:locale\" content=\"pt_PT\" \/>\n<meta property=\"og:type\" content=\"article\" \/>\n<meta property=\"og:title\" content=\"Jos\u00e9 Eduardo Agualusa premiado com o grande Pr\u00e9mio de cr\u00f3nica e dispersos liter\u00e1rios\u00a0 - Algarve 7\" \/>\n<meta property=\"og:description\" content=\"Jos\u00e9 Eduardo Agualusa premiado com o grande Pr\u00e9mio de cr\u00f3nica e dispersos liter\u00e1rios\u00a0 Cultura\" \/>\n<meta property=\"og:url\" content=\"https:\/\/algarve7.pt\/index.php\/2022\/05\/jose-eduardo-agualusa-premiado-com-o-grande-premio-de-cronica-e-dispersos-literarios\/cultura\/14\/06\/\" \/>\n<meta property=\"og:site_name\" content=\"Algarve 7\" \/>\n<meta property=\"article:publisher\" content=\"https:\/\/www.facebook.com\/algarve7\" \/>\n<meta property=\"article:author\" content=\"https:\/\/www.facebook.com\/algarve7\" \/>\n<meta property=\"article:published_time\" content=\"2022-05-05T13:06:27+00:00\" \/>\n<meta property=\"article:modified_time\" content=\"2022-05-05T13:06:28+00:00\" \/>\n<meta property=\"og:image\" content=\"https:\/\/algarve7.pt\/wp-content\/uploads\/2022\/05\/Jose-Eduardo-Agualusa.jpg\" \/>\n\t<meta property=\"og:image:width\" content=\"1024\" \/>\n\t<meta property=\"og:image:height\" content=\"768\" \/>\n\t<meta property=\"og:image:type\" content=\"image\/jpeg\" \/>\n<meta name=\"author\" content=\"Algarve 7\" \/>\n<meta name=\"twitter:card\" content=\"summary_large_image\" \/>\n<meta name=\"twitter:creator\" content=\"@Algarvesete\" \/>\n<meta name=\"twitter:site\" content=\"@Algarvesete\" \/>\n<meta name=\"twitter:label1\" content=\"Escrito por\" \/>\n\t<meta name=\"twitter:data1\" content=\"Algarve 7\" \/>\n\t<meta name=\"twitter:label2\" content=\"Tempo estimado de leitura\" \/>\n\t<meta name=\"twitter:data2\" content=\"3 minutos\" \/>\n<script type=\"application\/ld+json\" class=\"yoast-schema-graph\">{\"@context\":\"https:\\\/\\\/schema.org\",\"@graph\":[{\"@type\":\"Article\",\"@id\":\"https:\\\/\\\/algarve7.pt\\\/index.php\\\/2022\\\/05\\\/jose-eduardo-agualusa-premiado-com-o-grande-premio-de-cronica-e-dispersos-literarios\\\/cultura\\\/14\\\/06\\\/#article\",\"isPartOf\":{\"@id\":\"https:\\\/\\\/algarve7.pt\\\/index.php\\\/2022\\\/05\\\/jose-eduardo-agualusa-premiado-com-o-grande-premio-de-cronica-e-dispersos-literarios\\\/cultura\\\/14\\\/06\\\/\"},\"author\":{\"name\":\"Algarve 7\",\"@id\":\"https:\\\/\\\/algarve7.pt\\\/#\\\/schema\\\/person\\\/23fa70681308e7b319a3204bcea45e0c\"},\"headline\":\"Jos\u00e9 Eduardo Agualusa premiado com o grande Pr\u00e9mio de cr\u00f3nica e dispersos liter\u00e1rios\u00a0\",\"datePublished\":\"2022-05-05T13:06:27+00:00\",\"dateModified\":\"2022-05-05T13:06:28+00:00\",\"mainEntityOfPage\":{\"@id\":\"https:\\\/\\\/algarve7.pt\\\/index.php\\\/2022\\\/05\\\/jose-eduardo-agualusa-premiado-com-o-grande-premio-de-cronica-e-dispersos-literarios\\\/cultura\\\/14\\\/06\\\/\"},\"wordCount\":432,\"publisher\":{\"@id\":\"https:\\\/\\\/algarve7.pt\\\/#organization\"},\"image\":{\"@id\":\"https:\\\/\\\/algarve7.pt\\\/index.php\\\/2022\\\/05\\\/jose-eduardo-agualusa-premiado-com-o-grande-premio-de-cronica-e-dispersos-literarios\\\/cultura\\\/14\\\/06\\\/#primaryimage\"},\"thumbnailUrl\":\"https:\\\/\\\/algarve7.pt\\\/wp-content\\\/uploads\\\/2022\\\/05\\\/Jose-Eduardo-Agualusa.jpg\",\"keywords\":[\"Algarve\",\"Cultura\",\"Livros\",\"Loul\u00e9\"],\"articleSection\":[\"Cultura\"],\"inLanguage\":\"pt-PT\"},{\"@type\":\"WebPage\",\"@id\":\"https:\\\/\\\/algarve7.pt\\\/index.php\\\/2022\\\/05\\\/jose-eduardo-agualusa-premiado-com-o-grande-premio-de-cronica-e-dispersos-literarios\\\/cultura\\\/14\\\/06\\\/\",\"url\":\"https:\\\/\\\/algarve7.pt\\\/index.php\\\/2022\\\/05\\\/jose-eduardo-agualusa-premiado-com-o-grande-premio-de-cronica-e-dispersos-literarios\\\/cultura\\\/14\\\/06\\\/\",\"name\":\"Jos\u00e9 Eduardo Agualusa premiado com o grande Pr\u00e9mio de cr\u00f3nica e dispersos liter\u00e1rios\u00a0 - Algarve 7\",\"isPartOf\":{\"@id\":\"https:\\\/\\\/algarve7.pt\\\/#website\"},\"primaryImageOfPage\":{\"@id\":\"https:\\\/\\\/algarve7.pt\\\/index.php\\\/2022\\\/05\\\/jose-eduardo-agualusa-premiado-com-o-grande-premio-de-cronica-e-dispersos-literarios\\\/cultura\\\/14\\\/06\\\/#primaryimage\"},\"image\":{\"@id\":\"https:\\\/\\\/algarve7.pt\\\/index.php\\\/2022\\\/05\\\/jose-eduardo-agualusa-premiado-com-o-grande-premio-de-cronica-e-dispersos-literarios\\\/cultura\\\/14\\\/06\\\/#primaryimage\"},\"thumbnailUrl\":\"https:\\\/\\\/algarve7.pt\\\/wp-content\\\/uploads\\\/2022\\\/05\\\/Jose-Eduardo-Agualusa.jpg\",\"datePublished\":\"2022-05-05T13:06:27+00:00\",\"dateModified\":\"2022-05-05T13:06:28+00:00\",\"description\":\"Jos\u00e9 Eduardo Agualusa premiado com o grande Pr\u00e9mio de cr\u00f3nica e dispersos liter\u00e1rios\u00a0 Cultura\",\"breadcrumb\":{\"@id\":\"https:\\\/\\\/algarve7.pt\\\/index.php\\\/2022\\\/05\\\/jose-eduardo-agualusa-premiado-com-o-grande-premio-de-cronica-e-dispersos-literarios\\\/cultura\\\/14\\\/06\\\/#breadcrumb\"},\"inLanguage\":\"pt-PT\",\"potentialAction\":[{\"@type\":\"ReadAction\",\"target\":[\"https:\\\/\\\/algarve7.pt\\\/index.php\\\/2022\\\/05\\\/jose-eduardo-agualusa-premiado-com-o-grande-premio-de-cronica-e-dispersos-literarios\\\/cultura\\\/14\\\/06\\\/\"]}]},{\"@type\":\"ImageObject\",\"inLanguage\":\"pt-PT\",\"@id\":\"https:\\\/\\\/algarve7.pt\\\/index.php\\\/2022\\\/05\\\/jose-eduardo-agualusa-premiado-com-o-grande-premio-de-cronica-e-dispersos-literarios\\\/cultura\\\/14\\\/06\\\/#primaryimage\",\"url\":\"https:\\\/\\\/algarve7.pt\\\/wp-content\\\/uploads\\\/2022\\\/05\\\/Jose-Eduardo-Agualusa.jpg\",\"contentUrl\":\"https:\\\/\\\/algarve7.pt\\\/wp-content\\\/uploads\\\/2022\\\/05\\\/Jose-Eduardo-Agualusa.jpg\",\"width\":1024,\"height\":768},{\"@type\":\"BreadcrumbList\",\"@id\":\"https:\\\/\\\/algarve7.pt\\\/index.php\\\/2022\\\/05\\\/jose-eduardo-agualusa-premiado-com-o-grande-premio-de-cronica-e-dispersos-literarios\\\/cultura\\\/14\\\/06\\\/#breadcrumb\",\"itemListElement\":[{\"@type\":\"ListItem\",\"position\":1,\"name\":\"In\u00edcio\",\"item\":\"https:\\\/\\\/algarve7.pt\\\/\"},{\"@type\":\"ListItem\",\"position\":2,\"name\":\"Jos\u00e9 Eduardo Agualusa premiado com o grande Pr\u00e9mio de cr\u00f3nica e dispersos liter\u00e1rios\u00a0\"}]},{\"@type\":\"WebSite\",\"@id\":\"https:\\\/\\\/algarve7.pt\\\/#website\",\"url\":\"https:\\\/\\\/algarve7.pt\\\/\",\"name\":\"Algarve 7\",\"description\":\"Informa\u00e7\u00e3o sobre o Algarve\",\"publisher\":{\"@id\":\"https:\\\/\\\/algarve7.pt\\\/#organization\"},\"potentialAction\":[{\"@type\":\"SearchAction\",\"target\":{\"@type\":\"EntryPoint\",\"urlTemplate\":\"https:\\\/\\\/algarve7.pt\\\/?s={search_term_string}\"},\"query-input\":{\"@type\":\"PropertyValueSpecification\",\"valueRequired\":true,\"valueName\":\"search_term_string\"}}],\"inLanguage\":\"pt-PT\"},{\"@type\":\"Organization\",\"@id\":\"https:\\\/\\\/algarve7.pt\\\/#organization\",\"name\":\"Algarve 7\",\"url\":\"https:\\\/\\\/algarve7.pt\\\/\",\"logo\":{\"@type\":\"ImageObject\",\"inLanguage\":\"pt-PT\",\"@id\":\"https:\\\/\\\/algarve7.pt\\\/#\\\/schema\\\/logo\\\/image\\\/\",\"url\":\"https:\\\/\\\/algarve7.pt\\\/wp-content\\\/uploads\\\/2020\\\/10\\\/Logo-8.jpg\",\"contentUrl\":\"https:\\\/\\\/algarve7.pt\\\/wp-content\\\/uploads\\\/2020\\\/10\\\/Logo-8.jpg\",\"width\":1680,\"height\":1186,\"caption\":\"Algarve 7\"},\"image\":{\"@id\":\"https:\\\/\\\/algarve7.pt\\\/#\\\/schema\\\/logo\\\/image\\\/\"},\"sameAs\":[\"https:\\\/\\\/www.facebook.com\\\/algarve7\",\"https:\\\/\\\/x.com\\\/Algarvesete\",\"https:\\\/\\\/www.instagram.com\\\/jornalalgarve7\\\/\",\"https:\\\/\\\/www.linkedin.com\\\/company\\\/algarve7\",\"https:\\\/\\\/www.pinterest.pt\\\/geral0939\\\/_created\\\/\"]},{\"@type\":\"Person\",\"@id\":\"https:\\\/\\\/algarve7.pt\\\/#\\\/schema\\\/person\\\/23fa70681308e7b319a3204bcea45e0c\",\"name\":\"Algarve 7\",\"sameAs\":[\"https:\\\/\\\/algarve7.pt\",\"https:\\\/\\\/www.facebook.com\\\/algarve7\"],\"url\":\"https:\\\/\\\/algarve7.pt\\\/index.php\\\/author\\\/geralalgarve7-pt\\\/\"}]}<\/script>\n<!-- \/ Yoast SEO plugin. -->","yoast_head_json":{"title":"Jos\u00e9 Eduardo Agualusa premiado com o grande Pr\u00e9mio de cr\u00f3nica e dispersos liter\u00e1rios\u00a0 - Algarve 7","description":"Jos\u00e9 Eduardo Agualusa premiado com o grande Pr\u00e9mio de cr\u00f3nica e dispersos liter\u00e1rios\u00a0 Cultura","robots":{"index":"index","follow":"follow","max-snippet":"max-snippet:-1","max-image-preview":"max-image-preview:large","max-video-preview":"max-video-preview:-1"},"canonical":"https:\/\/algarve7.pt\/index.php\/2022\/05\/jose-eduardo-agualusa-premiado-com-o-grande-premio-de-cronica-e-dispersos-literarios\/cultura\/14\/06\/","og_locale":"pt_PT","og_type":"article","og_title":"Jos\u00e9 Eduardo Agualusa premiado com o grande Pr\u00e9mio de cr\u00f3nica e dispersos liter\u00e1rios\u00a0 - Algarve 7","og_description":"Jos\u00e9 Eduardo Agualusa premiado com o grande Pr\u00e9mio de cr\u00f3nica e dispersos liter\u00e1rios\u00a0 Cultura","og_url":"https:\/\/algarve7.pt\/index.php\/2022\/05\/jose-eduardo-agualusa-premiado-com-o-grande-premio-de-cronica-e-dispersos-literarios\/cultura\/14\/06\/","og_site_name":"Algarve 7","article_publisher":"https:\/\/www.facebook.com\/algarve7","article_author":"https:\/\/www.facebook.com\/algarve7","article_published_time":"2022-05-05T13:06:27+00:00","article_modified_time":"2022-05-05T13:06:28+00:00","og_image":[{"width":1024,"height":768,"url":"https:\/\/algarve7.pt\/wp-content\/uploads\/2022\/05\/Jose-Eduardo-Agualusa.jpg","type":"image\/jpeg"}],"author":"Algarve 7","twitter_card":"summary_large_image","twitter_creator":"@Algarvesete","twitter_site":"@Algarvesete","twitter_misc":{"Escrito por":"Algarve 7","Tempo estimado de leitura":"3 minutos"},"schema":{"@context":"https:\/\/schema.org","@graph":[{"@type":"Article","@id":"https:\/\/algarve7.pt\/index.php\/2022\/05\/jose-eduardo-agualusa-premiado-com-o-grande-premio-de-cronica-e-dispersos-literarios\/cultura\/14\/06\/#article","isPartOf":{"@id":"https:\/\/algarve7.pt\/index.php\/2022\/05\/jose-eduardo-agualusa-premiado-com-o-grande-premio-de-cronica-e-dispersos-literarios\/cultura\/14\/06\/"},"author":{"name":"Algarve 7","@id":"https:\/\/algarve7.pt\/#\/schema\/person\/23fa70681308e7b319a3204bcea45e0c"},"headline":"Jos\u00e9 Eduardo Agualusa premiado com o grande Pr\u00e9mio de cr\u00f3nica e dispersos liter\u00e1rios\u00a0","datePublished":"2022-05-05T13:06:27+00:00","dateModified":"2022-05-05T13:06:28+00:00","mainEntityOfPage":{"@id":"https:\/\/algarve7.pt\/index.php\/2022\/05\/jose-eduardo-agualusa-premiado-com-o-grande-premio-de-cronica-e-dispersos-literarios\/cultura\/14\/06\/"},"wordCount":432,"publisher":{"@id":"https:\/\/algarve7.pt\/#organization"},"image":{"@id":"https:\/\/algarve7.pt\/index.php\/2022\/05\/jose-eduardo-agualusa-premiado-com-o-grande-premio-de-cronica-e-dispersos-literarios\/cultura\/14\/06\/#primaryimage"},"thumbnailUrl":"https:\/\/algarve7.pt\/wp-content\/uploads\/2022\/05\/Jose-Eduardo-Agualusa.jpg","keywords":["Algarve","Cultura","Livros","Loul\u00e9"],"articleSection":["Cultura"],"inLanguage":"pt-PT"},{"@type":"WebPage","@id":"https:\/\/algarve7.pt\/index.php\/2022\/05\/jose-eduardo-agualusa-premiado-com-o-grande-premio-de-cronica-e-dispersos-literarios\/cultura\/14\/06\/","url":"https:\/\/algarve7.pt\/index.php\/2022\/05\/jose-eduardo-agualusa-premiado-com-o-grande-premio-de-cronica-e-dispersos-literarios\/cultura\/14\/06\/","name":"Jos\u00e9 Eduardo Agualusa premiado com o grande Pr\u00e9mio de cr\u00f3nica e dispersos liter\u00e1rios\u00a0 - Algarve 7","isPartOf":{"@id":"https:\/\/algarve7.pt\/#website"},"primaryImageOfPage":{"@id":"https:\/\/algarve7.pt\/index.php\/2022\/05\/jose-eduardo-agualusa-premiado-com-o-grande-premio-de-cronica-e-dispersos-literarios\/cultura\/14\/06\/#primaryimage"},"image":{"@id":"https:\/\/algarve7.pt\/index.php\/2022\/05\/jose-eduardo-agualusa-premiado-com-o-grande-premio-de-cronica-e-dispersos-literarios\/cultura\/14\/06\/#primaryimage"},"thumbnailUrl":"https:\/\/algarve7.pt\/wp-content\/uploads\/2022\/05\/Jose-Eduardo-Agualusa.jpg","datePublished":"2022-05-05T13:06:27+00:00","dateModified":"2022-05-05T13:06:28+00:00","description":"Jos\u00e9 Eduardo Agualusa premiado com o grande Pr\u00e9mio de cr\u00f3nica e dispersos liter\u00e1rios\u00a0 Cultura","breadcrumb":{"@id":"https:\/\/algarve7.pt\/index.php\/2022\/05\/jose-eduardo-agualusa-premiado-com-o-grande-premio-de-cronica-e-dispersos-literarios\/cultura\/14\/06\/#breadcrumb"},"inLanguage":"pt-PT","potentialAction":[{"@type":"ReadAction","target":["https:\/\/algarve7.pt\/index.php\/2022\/05\/jose-eduardo-agualusa-premiado-com-o-grande-premio-de-cronica-e-dispersos-literarios\/cultura\/14\/06\/"]}]},{"@type":"ImageObject","inLanguage":"pt-PT","@id":"https:\/\/algarve7.pt\/index.php\/2022\/05\/jose-eduardo-agualusa-premiado-com-o-grande-premio-de-cronica-e-dispersos-literarios\/cultura\/14\/06\/#primaryimage","url":"https:\/\/algarve7.pt\/wp-content\/uploads\/2022\/05\/Jose-Eduardo-Agualusa.jpg","contentUrl":"https:\/\/algarve7.pt\/wp-content\/uploads\/2022\/05\/Jose-Eduardo-Agualusa.jpg","width":1024,"height":768},{"@type":"BreadcrumbList","@id":"https:\/\/algarve7.pt\/index.php\/2022\/05\/jose-eduardo-agualusa-premiado-com-o-grande-premio-de-cronica-e-dispersos-literarios\/cultura\/14\/06\/#breadcrumb","itemListElement":[{"@type":"ListItem","position":1,"name":"In\u00edcio","item":"https:\/\/algarve7.pt\/"},{"@type":"ListItem","position":2,"name":"Jos\u00e9 Eduardo Agualusa premiado com o grande Pr\u00e9mio de cr\u00f3nica e dispersos liter\u00e1rios\u00a0"}]},{"@type":"WebSite","@id":"https:\/\/algarve7.pt\/#website","url":"https:\/\/algarve7.pt\/","name":"Algarve 7","description":"Informa\u00e7\u00e3o sobre o Algarve","publisher":{"@id":"https:\/\/algarve7.pt\/#organization"},"potentialAction":[{"@type":"SearchAction","target":{"@type":"EntryPoint","urlTemplate":"https:\/\/algarve7.pt\/?s={search_term_string}"},"query-input":{"@type":"PropertyValueSpecification","valueRequired":true,"valueName":"search_term_string"}}],"inLanguage":"pt-PT"},{"@type":"Organization","@id":"https:\/\/algarve7.pt\/#organization","name":"Algarve 7","url":"https:\/\/algarve7.pt\/","logo":{"@type":"ImageObject","inLanguage":"pt-PT","@id":"https:\/\/algarve7.pt\/#\/schema\/logo\/image\/","url":"https:\/\/algarve7.pt\/wp-content\/uploads\/2020\/10\/Logo-8.jpg","contentUrl":"https:\/\/algarve7.pt\/wp-content\/uploads\/2020\/10\/Logo-8.jpg","width":1680,"height":1186,"caption":"Algarve 7"},"image":{"@id":"https:\/\/algarve7.pt\/#\/schema\/logo\/image\/"},"sameAs":["https:\/\/www.facebook.com\/algarve7","https:\/\/x.com\/Algarvesete","https:\/\/www.instagram.com\/jornalalgarve7\/","https:\/\/www.linkedin.com\/company\/algarve7","https:\/\/www.pinterest.pt\/geral0939\/_created\/"]},{"@type":"Person","@id":"https:\/\/algarve7.pt\/#\/schema\/person\/23fa70681308e7b319a3204bcea45e0c","name":"Algarve 7","sameAs":["https:\/\/algarve7.pt","https:\/\/www.facebook.com\/algarve7"],"url":"https:\/\/algarve7.pt\/index.php\/author\/geralalgarve7-pt\/"}]}},"jetpack_publicize_connections":[],"jetpack_featured_media_url":"https:\/\/algarve7.pt\/wp-content\/uploads\/2022\/05\/Jose-Eduardo-Agualusa.jpg","jetpack_shortlink":"https:\/\/wp.me\/pcezmW-4KX","jetpack_sharing_enabled":true,"_links":{"self":[{"href":"https:\/\/algarve7.pt\/index.php\/wp-json\/wp\/v2\/posts\/18287","targetHints":{"allow":["GET"]}}],"collection":[{"href":"https:\/\/algarve7.pt\/index.php\/wp-json\/wp\/v2\/posts"}],"about":[{"href":"https:\/\/algarve7.pt\/index.php\/wp-json\/wp\/v2\/types\/post"}],"author":[{"embeddable":true,"href":"https:\/\/algarve7.pt\/index.php\/wp-json\/wp\/v2\/users\/1"}],"replies":[{"embeddable":true,"href":"https:\/\/algarve7.pt\/index.php\/wp-json\/wp\/v2\/comments?post=18287"}],"version-history":[{"count":0,"href":"https:\/\/algarve7.pt\/index.php\/wp-json\/wp\/v2\/posts\/18287\/revisions"}],"wp:featuredmedia":[{"embeddable":true,"href":"https:\/\/algarve7.pt\/index.php\/wp-json\/wp\/v2\/media\/18288"}],"wp:attachment":[{"href":"https:\/\/algarve7.pt\/index.php\/wp-json\/wp\/v2\/media?parent=18287"}],"wp:term":[{"taxonomy":"category","embeddable":true,"href":"https:\/\/algarve7.pt\/index.php\/wp-json\/wp\/v2\/categories?post=18287"},{"taxonomy":"post_tag","embeddable":true,"href":"https:\/\/algarve7.pt\/index.php\/wp-json\/wp\/v2\/tags?post=18287"}],"curies":[{"name":"wp","href":"https:\/\/api.w.org\/{rel}","templated":true}]}}