{"id":18286,"date":"2022-05-05T14:13:06","date_gmt":"2022-05-05T13:13:06","guid":{"rendered":"https:\/\/algarve7.pt\/?p=18286"},"modified":"2022-05-05T14:13:07","modified_gmt":"2022-05-05T13:13:07","slug":"concertos-promenade-com-orquestra-classica-do-sul-strauss-de-viena-para-o-mundo-em-lagoa","status":"publish","type":"post","link":"https:\/\/algarve7.pt\/index.php\/2022\/05\/concertos-promenade-com-orquestra-classica-do-sul-strauss-de-viena-para-o-mundo-em-lagoa\/cultura\/14\/13\/","title":{"rendered":"Concertos Promenade com Orquestra Cl\u00e1ssica do Sul &#8220;Strauss, de Viena para o Mundo!&#8221; em Lagoa"},"content":{"rendered":"\n<p>O&nbsp;ciclo de&nbsp;<strong>Concertos Promenade<\/strong>, da Orquestra Cl\u00e1ssica do Sul, chega ao fim no pr\u00f3ximo dia 15 de maio, pelas 16h30, no Audit\u00f3rio Carlos do Carmo em Lagoa, com a realiza\u00e7\u00e3o do terceiro e \u00faltimo concerto deste ciclo intitulado \u201c<strong>strauss, de viena para o mundo!<\/strong>\u201d.<\/p>\n\n\n\n<p><strong>Sinopse<\/strong>: As valsas de Strauss que de Viena conquistaram a Europa e se tornaram universais.<\/p>\n\n\n\n<p><strong>Notas ao Programa<\/strong>: A temporada de Concertos Promenade 2022 n\u00e3o poderia terminar melhor do que ao som das valsas vienenses cuja cadencia ainda hoje aquece os cora\u00e7\u00f5es de todos n\u00f3s. Se no in\u00edcio da sua \u00e9poca alegravam as exclusivas festas nos&nbsp; sal\u00f5es de baile da alta sociedade austr\u00edaca do s\u00e9culo XIX, rapidamente se difundiram por todas as classes sociais da Europa e, j\u00e1 no s\u00e9culo XX, pela f\u00e1brica de sonhos de Hollywood, alcan\u00e7avam o mundo inteiro.&nbsp;&nbsp; Valsas como An der Sch\u00f6nen Blauen Donau, entre n\u00f3s conhecida por Dan\u00fabio Azul, de Johann Strauss II ou o dueto rom\u00e2ntico da opereta de Die lustige Witwe, A Vi\u00fava Alegre, de Franz Lehar, n\u00e3o s\u00f3 marcaram gera\u00e7\u00f5es como foram inspira\u00e7\u00e3o para o sucesso dos grandes compositores de Music-Hall e do cinema da primeira metade do s\u00e9culo XX, como Cole Porter, Frederick Loewe e George Gershwin, cada qual com a sua est\u00e9tica e linguagem musical inconfund\u00edveis.<\/p>\n\n\n\n<p>Os&nbsp;<strong>Concertos Promenade<\/strong>&nbsp;contam com o Maestro convidado \u00c9lio Leal e a apresenta\u00e7\u00e3o do carism\u00e1tico bar\u00edtono Rui Baeta, a alegria est\u00e1 garantida, numa verdadeira festa da m\u00fasica para toda a fam\u00edlia.<\/p>\n\n\n\n<p>Os bilhetes custam\u00a0<strong>\u20ac6<\/strong>\u00a0(entrada gratuita at\u00e9 aos 16 anos) e podem ser adquiridos em:\u00a0<a href=\"https:\/\/ticketline.sapo.pt\/evento\/ciclo-concertos-promenadeola-e-ole-61926\" target=\"_blank\" rel=\"noreferrer noopener\">https:\/\/ticketline.sapo.pt\/evento\/ciclo-concertos-promenadeola-e-ole-61926<\/a>\u00a0e, tamb\u00e9m, nas bilheteiras da Fnac, Worten, Audit\u00f3rio Carlos do Carmo, Centro Cultural Convento de S. Jos\u00e9 e Balc\u00e3o \u00danico da C\u00e2mara Municipal de Lagoa.<\/p>\n\n\n\n<p>O ciclo de&nbsp;<strong>Concertos Promenade<\/strong>, da Orquestra Cl\u00e1ssica do Sul, encerra assim da melhor forma a edi\u00e7\u00e3o de 2022, e conta com a sua presen\u00e7a em mais um espet\u00e1culo para toda a fam\u00edlia, no Audit\u00f3rio Carlos do Carmo.<\/p>\n","protected":false},"excerpt":{"rendered":"<p>O&nbsp;ciclo de&nbsp;Concertos Promenade, da Orquestra Cl\u00e1ssica do Sul, chega ao fim no pr\u00f3ximo dia 15 de maio, pelas 16h30, no<\/p>\n","protected":false},"author":1,"featured_media":18290,"comment_status":"closed","ping_status":"open","sticky":false,"template":"","format":"standard","meta":{"colormag_page_container_layout":"default_layout","colormag_page_sidebar_layout":"default_layout","_monsterinsights_skip_tracking":false,"_monsterinsights_sitenote_active":false,"_monsterinsights_sitenote_note":"","_monsterinsights_sitenote_category":0,"jetpack_post_was_ever_published":false,"_jetpack_newsletter_access":"","_jetpack_dont_email_post_to_subs":false,"_jetpack_newsletter_tier_id":0,"_jetpack_memberships_contains_paywalled_content":false,"_jetpack_memberships_contains_paid_content":false,"footnotes":"","jetpack_publicize_message":"","jetpack_publicize_feature_enabled":true,"jetpack_social_post_already_shared":true,"jetpack_social_options":{"image_generator_settings":{"template":"highway","default_image_id":0,"font":"","enabled":false},"version":2}},"categories":[14],"tags":[36,35,48,502],"class_list":["post-18286","post","type-post","status-publish","format-standard","has-post-thumbnail","hentry","category-cultura","tag-algarve","tag-cultura","tag-lagoa","tag-orquestra-classica-do-sul"],"yoast_head":"<!-- This site is optimized with the Yoast SEO plugin v27.5 - https:\/\/yoast.com\/product\/yoast-seo-wordpress\/ -->\n<title>Concertos Promenade com Orquestra Cl\u00e1ssica do Sul &quot;Strauss, de Viena para o Mundo!&quot; em Lagoa - Algarve 7<\/title>\n<meta name=\"description\" content=\"Concertos Promenade com Orquestra Cl\u00e1ssica do Sul &quot;Strauss, de Viena para o Mundo!&quot; em Lagoa Cultura\" \/>\n<meta name=\"robots\" content=\"index, follow, max-snippet:-1, max-image-preview:large, max-video-preview:-1\" \/>\n<link rel=\"canonical\" href=\"https:\/\/algarve7.pt\/index.php\/2022\/05\/concertos-promenade-com-orquestra-classica-do-sul-strauss-de-viena-para-o-mundo-em-lagoa\/cultura\/14\/13\/\" \/>\n<meta property=\"og:locale\" content=\"pt_PT\" \/>\n<meta property=\"og:type\" content=\"article\" \/>\n<meta property=\"og:title\" content=\"Concertos Promenade com Orquestra Cl\u00e1ssica do Sul &quot;Strauss, de Viena para o Mundo!&quot; em Lagoa - Algarve 7\" \/>\n<meta property=\"og:description\" content=\"Concertos Promenade com Orquestra Cl\u00e1ssica do Sul &quot;Strauss, de Viena para o Mundo!&quot; em Lagoa Cultura\" \/>\n<meta property=\"og:url\" content=\"https:\/\/algarve7.pt\/index.php\/2022\/05\/concertos-promenade-com-orquestra-classica-do-sul-strauss-de-viena-para-o-mundo-em-lagoa\/cultura\/14\/13\/\" \/>\n<meta property=\"og:site_name\" content=\"Algarve 7\" \/>\n<meta property=\"article:publisher\" content=\"https:\/\/www.facebook.com\/algarve7\" \/>\n<meta property=\"article:author\" content=\"https:\/\/www.facebook.com\/algarve7\" \/>\n<meta property=\"article:published_time\" content=\"2022-05-05T13:13:06+00:00\" \/>\n<meta property=\"article:modified_time\" content=\"2022-05-05T13:13:07+00:00\" \/>\n<meta property=\"og:image\" content=\"https:\/\/algarve7.pt\/wp-content\/uploads\/2022\/05\/Captura-de-ecra\u0303-2022-05-05-a\u0300s-14.10.08.png\" \/>\n\t<meta property=\"og:image:width\" content=\"1616\" \/>\n\t<meta property=\"og:image:height\" content=\"1458\" \/>\n\t<meta property=\"og:image:type\" content=\"image\/png\" \/>\n<meta name=\"author\" content=\"Algarve 7\" \/>\n<meta name=\"twitter:card\" content=\"summary_large_image\" \/>\n<meta name=\"twitter:creator\" content=\"@Algarvesete\" \/>\n<meta name=\"twitter:site\" content=\"@Algarvesete\" \/>\n<meta name=\"twitter:label1\" content=\"Escrito por\" \/>\n\t<meta name=\"twitter:data1\" content=\"Algarve 7\" \/>\n\t<meta name=\"twitter:label2\" content=\"Tempo estimado de leitura\" \/>\n\t<meta name=\"twitter:data2\" content=\"2 minutos\" \/>\n<script type=\"application\/ld+json\" class=\"yoast-schema-graph\">{\"@context\":\"https:\\\/\\\/schema.org\",\"@graph\":[{\"@type\":\"Article\",\"@id\":\"https:\\\/\\\/algarve7.pt\\\/index.php\\\/2022\\\/05\\\/concertos-promenade-com-orquestra-classica-do-sul-strauss-de-viena-para-o-mundo-em-lagoa\\\/cultura\\\/14\\\/13\\\/#article\",\"isPartOf\":{\"@id\":\"https:\\\/\\\/algarve7.pt\\\/index.php\\\/2022\\\/05\\\/concertos-promenade-com-orquestra-classica-do-sul-strauss-de-viena-para-o-mundo-em-lagoa\\\/cultura\\\/14\\\/13\\\/\"},\"author\":{\"name\":\"Algarve 7\",\"@id\":\"https:\\\/\\\/algarve7.pt\\\/#\\\/schema\\\/person\\\/23fa70681308e7b319a3204bcea45e0c\"},\"headline\":\"Concertos Promenade com Orquestra Cl\u00e1ssica do Sul &#8220;Strauss, de Viena para o Mundo!&#8221; em Lagoa\",\"datePublished\":\"2022-05-05T13:13:06+00:00\",\"dateModified\":\"2022-05-05T13:13:07+00:00\",\"mainEntityOfPage\":{\"@id\":\"https:\\\/\\\/algarve7.pt\\\/index.php\\\/2022\\\/05\\\/concertos-promenade-com-orquestra-classica-do-sul-strauss-de-viena-para-o-mundo-em-lagoa\\\/cultura\\\/14\\\/13\\\/\"},\"wordCount\":385,\"publisher\":{\"@id\":\"https:\\\/\\\/algarve7.pt\\\/#organization\"},\"image\":{\"@id\":\"https:\\\/\\\/algarve7.pt\\\/index.php\\\/2022\\\/05\\\/concertos-promenade-com-orquestra-classica-do-sul-strauss-de-viena-para-o-mundo-em-lagoa\\\/cultura\\\/14\\\/13\\\/#primaryimage\"},\"thumbnailUrl\":\"https:\\\/\\\/algarve7.pt\\\/wp-content\\\/uploads\\\/2022\\\/05\\\/Captura-de-ecra\u0303-2022-05-05-a\u0300s-14.10.08.png\",\"keywords\":[\"Algarve\",\"Cultura\",\"Lagoa\",\"Orquestra Cl\u00e1ssica do Sul\"],\"articleSection\":[\"Cultura\"],\"inLanguage\":\"pt-PT\"},{\"@type\":\"WebPage\",\"@id\":\"https:\\\/\\\/algarve7.pt\\\/index.php\\\/2022\\\/05\\\/concertos-promenade-com-orquestra-classica-do-sul-strauss-de-viena-para-o-mundo-em-lagoa\\\/cultura\\\/14\\\/13\\\/\",\"url\":\"https:\\\/\\\/algarve7.pt\\\/index.php\\\/2022\\\/05\\\/concertos-promenade-com-orquestra-classica-do-sul-strauss-de-viena-para-o-mundo-em-lagoa\\\/cultura\\\/14\\\/13\\\/\",\"name\":\"Concertos Promenade com Orquestra Cl\u00e1ssica do Sul \\\"Strauss, de Viena para o Mundo!\\\" em Lagoa - Algarve 7\",\"isPartOf\":{\"@id\":\"https:\\\/\\\/algarve7.pt\\\/#website\"},\"primaryImageOfPage\":{\"@id\":\"https:\\\/\\\/algarve7.pt\\\/index.php\\\/2022\\\/05\\\/concertos-promenade-com-orquestra-classica-do-sul-strauss-de-viena-para-o-mundo-em-lagoa\\\/cultura\\\/14\\\/13\\\/#primaryimage\"},\"image\":{\"@id\":\"https:\\\/\\\/algarve7.pt\\\/index.php\\\/2022\\\/05\\\/concertos-promenade-com-orquestra-classica-do-sul-strauss-de-viena-para-o-mundo-em-lagoa\\\/cultura\\\/14\\\/13\\\/#primaryimage\"},\"thumbnailUrl\":\"https:\\\/\\\/algarve7.pt\\\/wp-content\\\/uploads\\\/2022\\\/05\\\/Captura-de-ecra\u0303-2022-05-05-a\u0300s-14.10.08.png\",\"datePublished\":\"2022-05-05T13:13:06+00:00\",\"dateModified\":\"2022-05-05T13:13:07+00:00\",\"description\":\"Concertos Promenade com Orquestra Cl\u00e1ssica do Sul \\\"Strauss, de Viena para o Mundo!\\\" em Lagoa Cultura\",\"breadcrumb\":{\"@id\":\"https:\\\/\\\/algarve7.pt\\\/index.php\\\/2022\\\/05\\\/concertos-promenade-com-orquestra-classica-do-sul-strauss-de-viena-para-o-mundo-em-lagoa\\\/cultura\\\/14\\\/13\\\/#breadcrumb\"},\"inLanguage\":\"pt-PT\",\"potentialAction\":[{\"@type\":\"ReadAction\",\"target\":[\"https:\\\/\\\/algarve7.pt\\\/index.php\\\/2022\\\/05\\\/concertos-promenade-com-orquestra-classica-do-sul-strauss-de-viena-para-o-mundo-em-lagoa\\\/cultura\\\/14\\\/13\\\/\"]}]},{\"@type\":\"ImageObject\",\"inLanguage\":\"pt-PT\",\"@id\":\"https:\\\/\\\/algarve7.pt\\\/index.php\\\/2022\\\/05\\\/concertos-promenade-com-orquestra-classica-do-sul-strauss-de-viena-para-o-mundo-em-lagoa\\\/cultura\\\/14\\\/13\\\/#primaryimage\",\"url\":\"https:\\\/\\\/algarve7.pt\\\/wp-content\\\/uploads\\\/2022\\\/05\\\/Captura-de-ecra\u0303-2022-05-05-a\u0300s-14.10.08.png\",\"contentUrl\":\"https:\\\/\\\/algarve7.pt\\\/wp-content\\\/uploads\\\/2022\\\/05\\\/Captura-de-ecra\u0303-2022-05-05-a\u0300s-14.10.08.png\",\"width\":1616,\"height\":1458},{\"@type\":\"BreadcrumbList\",\"@id\":\"https:\\\/\\\/algarve7.pt\\\/index.php\\\/2022\\\/05\\\/concertos-promenade-com-orquestra-classica-do-sul-strauss-de-viena-para-o-mundo-em-lagoa\\\/cultura\\\/14\\\/13\\\/#breadcrumb\",\"itemListElement\":[{\"@type\":\"ListItem\",\"position\":1,\"name\":\"In\u00edcio\",\"item\":\"https:\\\/\\\/algarve7.pt\\\/\"},{\"@type\":\"ListItem\",\"position\":2,\"name\":\"Concertos Promenade com Orquestra Cl\u00e1ssica do Sul &#8220;Strauss, de Viena para o Mundo!&#8221; em Lagoa\"}]},{\"@type\":\"WebSite\",\"@id\":\"https:\\\/\\\/algarve7.pt\\\/#website\",\"url\":\"https:\\\/\\\/algarve7.pt\\\/\",\"name\":\"Algarve 7\",\"description\":\"Informa\u00e7\u00e3o sobre o Algarve\",\"publisher\":{\"@id\":\"https:\\\/\\\/algarve7.pt\\\/#organization\"},\"potentialAction\":[{\"@type\":\"SearchAction\",\"target\":{\"@type\":\"EntryPoint\",\"urlTemplate\":\"https:\\\/\\\/algarve7.pt\\\/?s={search_term_string}\"},\"query-input\":{\"@type\":\"PropertyValueSpecification\",\"valueRequired\":true,\"valueName\":\"search_term_string\"}}],\"inLanguage\":\"pt-PT\"},{\"@type\":\"Organization\",\"@id\":\"https:\\\/\\\/algarve7.pt\\\/#organization\",\"name\":\"Algarve 7\",\"url\":\"https:\\\/\\\/algarve7.pt\\\/\",\"logo\":{\"@type\":\"ImageObject\",\"inLanguage\":\"pt-PT\",\"@id\":\"https:\\\/\\\/algarve7.pt\\\/#\\\/schema\\\/logo\\\/image\\\/\",\"url\":\"https:\\\/\\\/algarve7.pt\\\/wp-content\\\/uploads\\\/2020\\\/10\\\/Logo-8.jpg\",\"contentUrl\":\"https:\\\/\\\/algarve7.pt\\\/wp-content\\\/uploads\\\/2020\\\/10\\\/Logo-8.jpg\",\"width\":1680,\"height\":1186,\"caption\":\"Algarve 7\"},\"image\":{\"@id\":\"https:\\\/\\\/algarve7.pt\\\/#\\\/schema\\\/logo\\\/image\\\/\"},\"sameAs\":[\"https:\\\/\\\/www.facebook.com\\\/algarve7\",\"https:\\\/\\\/x.com\\\/Algarvesete\",\"https:\\\/\\\/www.instagram.com\\\/jornalalgarve7\\\/\",\"https:\\\/\\\/www.linkedin.com\\\/company\\\/algarve7\",\"https:\\\/\\\/www.pinterest.pt\\\/geral0939\\\/_created\\\/\"]},{\"@type\":\"Person\",\"@id\":\"https:\\\/\\\/algarve7.pt\\\/#\\\/schema\\\/person\\\/23fa70681308e7b319a3204bcea45e0c\",\"name\":\"Algarve 7\",\"sameAs\":[\"https:\\\/\\\/algarve7.pt\",\"https:\\\/\\\/www.facebook.com\\\/algarve7\"],\"url\":\"https:\\\/\\\/algarve7.pt\\\/index.php\\\/author\\\/geralalgarve7-pt\\\/\"}]}<\/script>\n<!-- \/ Yoast SEO plugin. -->","yoast_head_json":{"title":"Concertos Promenade com Orquestra Cl\u00e1ssica do Sul \"Strauss, de Viena para o Mundo!\" em Lagoa - Algarve 7","description":"Concertos Promenade com Orquestra Cl\u00e1ssica do Sul \"Strauss, de Viena para o Mundo!\" em Lagoa Cultura","robots":{"index":"index","follow":"follow","max-snippet":"max-snippet:-1","max-image-preview":"max-image-preview:large","max-video-preview":"max-video-preview:-1"},"canonical":"https:\/\/algarve7.pt\/index.php\/2022\/05\/concertos-promenade-com-orquestra-classica-do-sul-strauss-de-viena-para-o-mundo-em-lagoa\/cultura\/14\/13\/","og_locale":"pt_PT","og_type":"article","og_title":"Concertos Promenade com Orquestra Cl\u00e1ssica do Sul \"Strauss, de Viena para o Mundo!\" em Lagoa - Algarve 7","og_description":"Concertos Promenade com Orquestra Cl\u00e1ssica do Sul \"Strauss, de Viena para o Mundo!\" em Lagoa Cultura","og_url":"https:\/\/algarve7.pt\/index.php\/2022\/05\/concertos-promenade-com-orquestra-classica-do-sul-strauss-de-viena-para-o-mundo-em-lagoa\/cultura\/14\/13\/","og_site_name":"Algarve 7","article_publisher":"https:\/\/www.facebook.com\/algarve7","article_author":"https:\/\/www.facebook.com\/algarve7","article_published_time":"2022-05-05T13:13:06+00:00","article_modified_time":"2022-05-05T13:13:07+00:00","og_image":[{"width":1616,"height":1458,"url":"https:\/\/algarve7.pt\/wp-content\/uploads\/2022\/05\/Captura-de-ecra\u0303-2022-05-05-a\u0300s-14.10.08.png","type":"image\/png"}],"author":"Algarve 7","twitter_card":"summary_large_image","twitter_creator":"@Algarvesete","twitter_site":"@Algarvesete","twitter_misc":{"Escrito por":"Algarve 7","Tempo estimado de leitura":"2 minutos"},"schema":{"@context":"https:\/\/schema.org","@graph":[{"@type":"Article","@id":"https:\/\/algarve7.pt\/index.php\/2022\/05\/concertos-promenade-com-orquestra-classica-do-sul-strauss-de-viena-para-o-mundo-em-lagoa\/cultura\/14\/13\/#article","isPartOf":{"@id":"https:\/\/algarve7.pt\/index.php\/2022\/05\/concertos-promenade-com-orquestra-classica-do-sul-strauss-de-viena-para-o-mundo-em-lagoa\/cultura\/14\/13\/"},"author":{"name":"Algarve 7","@id":"https:\/\/algarve7.pt\/#\/schema\/person\/23fa70681308e7b319a3204bcea45e0c"},"headline":"Concertos Promenade com Orquestra Cl\u00e1ssica do Sul &#8220;Strauss, de Viena para o Mundo!&#8221; em Lagoa","datePublished":"2022-05-05T13:13:06+00:00","dateModified":"2022-05-05T13:13:07+00:00","mainEntityOfPage":{"@id":"https:\/\/algarve7.pt\/index.php\/2022\/05\/concertos-promenade-com-orquestra-classica-do-sul-strauss-de-viena-para-o-mundo-em-lagoa\/cultura\/14\/13\/"},"wordCount":385,"publisher":{"@id":"https:\/\/algarve7.pt\/#organization"},"image":{"@id":"https:\/\/algarve7.pt\/index.php\/2022\/05\/concertos-promenade-com-orquestra-classica-do-sul-strauss-de-viena-para-o-mundo-em-lagoa\/cultura\/14\/13\/#primaryimage"},"thumbnailUrl":"https:\/\/algarve7.pt\/wp-content\/uploads\/2022\/05\/Captura-de-ecra\u0303-2022-05-05-a\u0300s-14.10.08.png","keywords":["Algarve","Cultura","Lagoa","Orquestra Cl\u00e1ssica do Sul"],"articleSection":["Cultura"],"inLanguage":"pt-PT"},{"@type":"WebPage","@id":"https:\/\/algarve7.pt\/index.php\/2022\/05\/concertos-promenade-com-orquestra-classica-do-sul-strauss-de-viena-para-o-mundo-em-lagoa\/cultura\/14\/13\/","url":"https:\/\/algarve7.pt\/index.php\/2022\/05\/concertos-promenade-com-orquestra-classica-do-sul-strauss-de-viena-para-o-mundo-em-lagoa\/cultura\/14\/13\/","name":"Concertos Promenade com Orquestra Cl\u00e1ssica do Sul \"Strauss, de Viena para o Mundo!\" em Lagoa - Algarve 7","isPartOf":{"@id":"https:\/\/algarve7.pt\/#website"},"primaryImageOfPage":{"@id":"https:\/\/algarve7.pt\/index.php\/2022\/05\/concertos-promenade-com-orquestra-classica-do-sul-strauss-de-viena-para-o-mundo-em-lagoa\/cultura\/14\/13\/#primaryimage"},"image":{"@id":"https:\/\/algarve7.pt\/index.php\/2022\/05\/concertos-promenade-com-orquestra-classica-do-sul-strauss-de-viena-para-o-mundo-em-lagoa\/cultura\/14\/13\/#primaryimage"},"thumbnailUrl":"https:\/\/algarve7.pt\/wp-content\/uploads\/2022\/05\/Captura-de-ecra\u0303-2022-05-05-a\u0300s-14.10.08.png","datePublished":"2022-05-05T13:13:06+00:00","dateModified":"2022-05-05T13:13:07+00:00","description":"Concertos Promenade com Orquestra Cl\u00e1ssica do Sul \"Strauss, de Viena para o Mundo!\" em Lagoa Cultura","breadcrumb":{"@id":"https:\/\/algarve7.pt\/index.php\/2022\/05\/concertos-promenade-com-orquestra-classica-do-sul-strauss-de-viena-para-o-mundo-em-lagoa\/cultura\/14\/13\/#breadcrumb"},"inLanguage":"pt-PT","potentialAction":[{"@type":"ReadAction","target":["https:\/\/algarve7.pt\/index.php\/2022\/05\/concertos-promenade-com-orquestra-classica-do-sul-strauss-de-viena-para-o-mundo-em-lagoa\/cultura\/14\/13\/"]}]},{"@type":"ImageObject","inLanguage":"pt-PT","@id":"https:\/\/algarve7.pt\/index.php\/2022\/05\/concertos-promenade-com-orquestra-classica-do-sul-strauss-de-viena-para-o-mundo-em-lagoa\/cultura\/14\/13\/#primaryimage","url":"https:\/\/algarve7.pt\/wp-content\/uploads\/2022\/05\/Captura-de-ecra\u0303-2022-05-05-a\u0300s-14.10.08.png","contentUrl":"https:\/\/algarve7.pt\/wp-content\/uploads\/2022\/05\/Captura-de-ecra\u0303-2022-05-05-a\u0300s-14.10.08.png","width":1616,"height":1458},{"@type":"BreadcrumbList","@id":"https:\/\/algarve7.pt\/index.php\/2022\/05\/concertos-promenade-com-orquestra-classica-do-sul-strauss-de-viena-para-o-mundo-em-lagoa\/cultura\/14\/13\/#breadcrumb","itemListElement":[{"@type":"ListItem","position":1,"name":"In\u00edcio","item":"https:\/\/algarve7.pt\/"},{"@type":"ListItem","position":2,"name":"Concertos Promenade com Orquestra Cl\u00e1ssica do Sul &#8220;Strauss, de Viena para o Mundo!&#8221; em Lagoa"}]},{"@type":"WebSite","@id":"https:\/\/algarve7.pt\/#website","url":"https:\/\/algarve7.pt\/","name":"Algarve 7","description":"Informa\u00e7\u00e3o sobre o Algarve","publisher":{"@id":"https:\/\/algarve7.pt\/#organization"},"potentialAction":[{"@type":"SearchAction","target":{"@type":"EntryPoint","urlTemplate":"https:\/\/algarve7.pt\/?s={search_term_string}"},"query-input":{"@type":"PropertyValueSpecification","valueRequired":true,"valueName":"search_term_string"}}],"inLanguage":"pt-PT"},{"@type":"Organization","@id":"https:\/\/algarve7.pt\/#organization","name":"Algarve 7","url":"https:\/\/algarve7.pt\/","logo":{"@type":"ImageObject","inLanguage":"pt-PT","@id":"https:\/\/algarve7.pt\/#\/schema\/logo\/image\/","url":"https:\/\/algarve7.pt\/wp-content\/uploads\/2020\/10\/Logo-8.jpg","contentUrl":"https:\/\/algarve7.pt\/wp-content\/uploads\/2020\/10\/Logo-8.jpg","width":1680,"height":1186,"caption":"Algarve 7"},"image":{"@id":"https:\/\/algarve7.pt\/#\/schema\/logo\/image\/"},"sameAs":["https:\/\/www.facebook.com\/algarve7","https:\/\/x.com\/Algarvesete","https:\/\/www.instagram.com\/jornalalgarve7\/","https:\/\/www.linkedin.com\/company\/algarve7","https:\/\/www.pinterest.pt\/geral0939\/_created\/"]},{"@type":"Person","@id":"https:\/\/algarve7.pt\/#\/schema\/person\/23fa70681308e7b319a3204bcea45e0c","name":"Algarve 7","sameAs":["https:\/\/algarve7.pt","https:\/\/www.facebook.com\/algarve7"],"url":"https:\/\/algarve7.pt\/index.php\/author\/geralalgarve7-pt\/"}]}},"jetpack_publicize_connections":[],"jetpack_featured_media_url":"https:\/\/algarve7.pt\/wp-content\/uploads\/2022\/05\/Captura-de-ecra\u0303-2022-05-05-a\u0300s-14.10.08.png","jetpack_shortlink":"https:\/\/wp.me\/pcezmW-4KW","jetpack_sharing_enabled":true,"_links":{"self":[{"href":"https:\/\/algarve7.pt\/index.php\/wp-json\/wp\/v2\/posts\/18286","targetHints":{"allow":["GET"]}}],"collection":[{"href":"https:\/\/algarve7.pt\/index.php\/wp-json\/wp\/v2\/posts"}],"about":[{"href":"https:\/\/algarve7.pt\/index.php\/wp-json\/wp\/v2\/types\/post"}],"author":[{"embeddable":true,"href":"https:\/\/algarve7.pt\/index.php\/wp-json\/wp\/v2\/users\/1"}],"replies":[{"embeddable":true,"href":"https:\/\/algarve7.pt\/index.php\/wp-json\/wp\/v2\/comments?post=18286"}],"version-history":[{"count":0,"href":"https:\/\/algarve7.pt\/index.php\/wp-json\/wp\/v2\/posts\/18286\/revisions"}],"wp:featuredmedia":[{"embeddable":true,"href":"https:\/\/algarve7.pt\/index.php\/wp-json\/wp\/v2\/media\/18290"}],"wp:attachment":[{"href":"https:\/\/algarve7.pt\/index.php\/wp-json\/wp\/v2\/media?parent=18286"}],"wp:term":[{"taxonomy":"category","embeddable":true,"href":"https:\/\/algarve7.pt\/index.php\/wp-json\/wp\/v2\/categories?post=18286"},{"taxonomy":"post_tag","embeddable":true,"href":"https:\/\/algarve7.pt\/index.php\/wp-json\/wp\/v2\/tags?post=18286"}],"curies":[{"name":"wp","href":"https:\/\/api.w.org\/{rel}","templated":true}]}}