{"id":18246,"date":"2022-05-04T09:19:50","date_gmt":"2022-05-04T08:19:50","guid":{"rendered":"https:\/\/algarve7.pt\/?p=18246"},"modified":"2022-05-04T09:19:51","modified_gmt":"2022-05-04T08:19:51","slug":"anmp-reuniu-com-amal-para-ouvir-as-preocupacoes-dos-municipios-do-algarve","status":"publish","type":"post","link":"https:\/\/algarve7.pt\/index.php\/2022\/05\/anmp-reuniu-com-amal-para-ouvir-as-preocupacoes-dos-municipios-do-algarve\/atualidade\/09\/19\/","title":{"rendered":"ANMP reuniu com AMAL para ouvir as preocupa\u00e7\u00f5es dos munic\u00edpios do Algarve"},"content":{"rendered":"\n<p>A Comunidade Intermunicipal do Algarve reuniu-se com a Associa\u00e7\u00e3o Nacional de Munic\u00edpios Portugueses, num encontro que teve como objetivos debater a descentraliza\u00e7\u00e3o de compet\u00eancias e os fundos comunit\u00e1rios e conhecer os problemas que mais afetam a gest\u00e3o municipal e a vida das popula\u00e7\u00f5es do Algarve. O encontro foi promovido pela ANMP e decorreu na sede da AMAL.<strong>\u00a0<\/strong><\/p>\n\n\n\n<p>A descentraliza\u00e7\u00e3o e transfer\u00eancia de compet\u00eancias, a Lei das Finan\u00e7as Locais e os Fundos Comunit\u00e1rios (Portugal 2020, o Plano de Recupera\u00e7\u00e3o e Resili\u00eancia e o Portugal 2030) foram os principais temas em an\u00e1lise neste encontro, que decorreu na sede da AMAL, na passada segunda-feira. As quest\u00f5es do ordenamento do territ\u00f3rio, a regionaliza\u00e7\u00e3o e as dificuldades no desenvolvimento das Estrat\u00e9gias Locais de Habita\u00e7\u00e3o tamb\u00e9m foram focadas pelos munic\u00edpios.<\/p>\n\n\n\n<p>O Presidente da AMAL, Ant\u00f3nio Pina, referiu que os autarcas t\u00eam assumido, de forma unanime, a transfer\u00eancia e implementa\u00e7\u00e3o de compet\u00eancias, \u201cat\u00e9 porque achamos que as compet\u00eancias devem ser exercidas localmente\u201d, ressalvando, no entanto, que, dos 22 diplomas respeitantes a essas transfer\u00eancias, 2 ou 3 t\u00eam levantado maiores dificuldades, em particular a \u00e1rea da sa\u00fade. Ali\u00e1s, \u201cmuitos dos munic\u00edpios algarvios ainda n\u00e3o aceitaram a transfer\u00eancia de compet\u00eancias na \u00e1rea da Sa\u00fade, exatamente porque \u00e9 a que mais preocupa os autarcas da regi\u00e3o\u201d, sublinhou.\u00a0De acordo com o autarca,\u00a0a \u201cdesor\u00e7amenta\u00e7\u00e3o que tem existido nos servi\u00e7os de sa\u00fade, nos \u00faltimos 10 anos, implica que as contas de ger\u00eancia que determinam o valor a dar aos munic\u00edpios, assim como os recursos humanos, fiquem muito aqu\u00e9m daquilo que s\u00e3o as necessidades normais para o seu bom funcionamento\u201d.<\/p>\n\n\n\n<p>Neste sentido, deixou claro que \u201c\u00e9 fundamental que haja uma revis\u00e3o\/atualiza\u00e7\u00e3o dos valores e dos crit\u00e9rios de atribui\u00e7\u00e3o das verbas que v\u00e3o ser transferidas para os munic\u00edpios\u201d no \u00e2mbito deste processo.<\/p>\n\n\n\n<p>Esta \u00e9, de resto, uma reivindica\u00e7\u00e3o que a Associa\u00e7\u00e3o Nacional de Munic\u00edpios garantiu que far\u00e1 chegar ao Governo e \u00e0 Comiss\u00e3o Parlamentar do Or\u00e7amento, j\u00e1 esta quinta-feira, uma vez que Lu\u00edsa Salgueiro, Presidente da ANMP, tamb\u00e9m defende que \u201cas condi\u00e7\u00f5es estabelecidas aquando do arranque do processo de descentraliza\u00e7\u00e3o foram significativamente alteradas, primeiro com a pandemia de covid-19 e agora a guerra na Ucr\u00e2nia\u201d, assegurando que a Associa\u00e7\u00e3o \u201cdesenvolver\u00e1 todos os esfor\u00e7os para resolver os constrangimentos ainda existentes no processo de descentraliza\u00e7\u00e3o\u201d.<\/p>\n\n\n\n<p>Apesar desses constrangimentos, a Presidente da ANMP quis deixar o seu reconhecimento aos Munic\u00edpios do Algarve \u201cpelo seu elevado empenho em todo este processo, destacando a Comunidade Intermunicipal do Algarve como sendo a \u201cmais avan\u00e7ada, em rela\u00e7\u00e3o ao resto do pa\u00eds, neste processo da transfer\u00eancia de compet\u00eancias\u201d.<\/p>\n","protected":false},"excerpt":{"rendered":"<p>A Comunidade Intermunicipal do Algarve reuniu-se com a Associa\u00e7\u00e3o Nacional de Munic\u00edpios Portugueses, num encontro que teve como objetivos debater<\/p>\n","protected":false},"author":1,"featured_media":18247,"comment_status":"closed","ping_status":"open","sticky":false,"template":"","format":"standard","meta":{"colormag_page_container_layout":"default_layout","colormag_page_sidebar_layout":"default_layout","_monsterinsights_skip_tracking":false,"_monsterinsights_sitenote_active":false,"_monsterinsights_sitenote_note":"","_monsterinsights_sitenote_category":0,"jetpack_post_was_ever_published":false,"_jetpack_newsletter_access":"","_jetpack_dont_email_post_to_subs":false,"_jetpack_newsletter_tier_id":0,"_jetpack_memberships_contains_paywalled_content":false,"_jetpack_memberships_contains_paid_content":false,"footnotes":"","jetpack_publicize_message":"","jetpack_publicize_feature_enabled":true,"jetpack_social_post_already_shared":true,"jetpack_social_options":{"image_generator_settings":{"template":"highway","default_image_id":0,"font":"","enabled":false},"version":2}},"categories":[11],"tags":[36,207,549,62],"class_list":["post-18246","post","type-post","status-publish","format-standard","has-post-thumbnail","hentry","category-atualidade","tag-algarve","tag-amal","tag-anmp","tag-atualidade"],"yoast_head":"<!-- This site is optimized with the Yoast SEO plugin v27.5 - https:\/\/yoast.com\/product\/yoast-seo-wordpress\/ -->\n<title>ANMP reuniu com AMAL para ouvir as preocupa\u00e7\u00f5es dos munic\u00edpios do Algarve - Algarve 7<\/title>\n<meta name=\"description\" content=\"ANMP reuniu com AMAL para ouvir as preocupa\u00e7\u00f5es dos munic\u00edpios do Algarve Atualidade\" \/>\n<meta name=\"robots\" content=\"index, follow, max-snippet:-1, max-image-preview:large, max-video-preview:-1\" \/>\n<link rel=\"canonical\" href=\"https:\/\/algarve7.pt\/index.php\/2022\/05\/anmp-reuniu-com-amal-para-ouvir-as-preocupacoes-dos-municipios-do-algarve\/atualidade\/09\/19\/\" \/>\n<meta property=\"og:locale\" content=\"pt_PT\" \/>\n<meta property=\"og:type\" content=\"article\" \/>\n<meta property=\"og:title\" content=\"ANMP reuniu com AMAL para ouvir as preocupa\u00e7\u00f5es dos munic\u00edpios do Algarve - Algarve 7\" \/>\n<meta property=\"og:description\" content=\"ANMP reuniu com AMAL para ouvir as preocupa\u00e7\u00f5es dos munic\u00edpios do Algarve Atualidade\" \/>\n<meta property=\"og:url\" content=\"https:\/\/algarve7.pt\/index.php\/2022\/05\/anmp-reuniu-com-amal-para-ouvir-as-preocupacoes-dos-municipios-do-algarve\/atualidade\/09\/19\/\" \/>\n<meta property=\"og:site_name\" content=\"Algarve 7\" \/>\n<meta property=\"article:publisher\" content=\"https:\/\/www.facebook.com\/algarve7\" \/>\n<meta property=\"article:author\" content=\"https:\/\/www.facebook.com\/algarve7\" \/>\n<meta property=\"article:published_time\" content=\"2022-05-04T08:19:50+00:00\" \/>\n<meta property=\"article:modified_time\" content=\"2022-05-04T08:19:51+00:00\" \/>\n<meta property=\"og:image\" content=\"https:\/\/algarve7.pt\/wp-content\/uploads\/2022\/05\/reuniao2.jpg\" \/>\n\t<meta property=\"og:image:width\" content=\"1024\" \/>\n\t<meta property=\"og:image:height\" content=\"768\" \/>\n\t<meta property=\"og:image:type\" content=\"image\/jpeg\" \/>\n<meta name=\"author\" content=\"Algarve 7\" \/>\n<meta name=\"twitter:card\" content=\"summary_large_image\" \/>\n<meta name=\"twitter:creator\" content=\"@Algarvesete\" \/>\n<meta name=\"twitter:site\" content=\"@Algarvesete\" \/>\n<meta name=\"twitter:label1\" content=\"Escrito por\" \/>\n\t<meta name=\"twitter:data1\" content=\"Algarve 7\" \/>\n\t<meta name=\"twitter:label2\" content=\"Tempo estimado de leitura\" \/>\n\t<meta name=\"twitter:data2\" content=\"3 minutos\" \/>\n<script type=\"application\/ld+json\" class=\"yoast-schema-graph\">{\"@context\":\"https:\\\/\\\/schema.org\",\"@graph\":[{\"@type\":\"Article\",\"@id\":\"https:\\\/\\\/algarve7.pt\\\/index.php\\\/2022\\\/05\\\/anmp-reuniu-com-amal-para-ouvir-as-preocupacoes-dos-municipios-do-algarve\\\/atualidade\\\/09\\\/19\\\/#article\",\"isPartOf\":{\"@id\":\"https:\\\/\\\/algarve7.pt\\\/index.php\\\/2022\\\/05\\\/anmp-reuniu-com-amal-para-ouvir-as-preocupacoes-dos-municipios-do-algarve\\\/atualidade\\\/09\\\/19\\\/\"},\"author\":{\"name\":\"Algarve 7\",\"@id\":\"https:\\\/\\\/algarve7.pt\\\/#\\\/schema\\\/person\\\/23fa70681308e7b319a3204bcea45e0c\"},\"headline\":\"ANMP reuniu com AMAL para ouvir as preocupa\u00e7\u00f5es dos munic\u00edpios do Algarve\",\"datePublished\":\"2022-05-04T08:19:50+00:00\",\"dateModified\":\"2022-05-04T08:19:51+00:00\",\"mainEntityOfPage\":{\"@id\":\"https:\\\/\\\/algarve7.pt\\\/index.php\\\/2022\\\/05\\\/anmp-reuniu-com-amal-para-ouvir-as-preocupacoes-dos-municipios-do-algarve\\\/atualidade\\\/09\\\/19\\\/\"},\"wordCount\":493,\"publisher\":{\"@id\":\"https:\\\/\\\/algarve7.pt\\\/#organization\"},\"image\":{\"@id\":\"https:\\\/\\\/algarve7.pt\\\/index.php\\\/2022\\\/05\\\/anmp-reuniu-com-amal-para-ouvir-as-preocupacoes-dos-municipios-do-algarve\\\/atualidade\\\/09\\\/19\\\/#primaryimage\"},\"thumbnailUrl\":\"https:\\\/\\\/algarve7.pt\\\/wp-content\\\/uploads\\\/2022\\\/05\\\/reuniao2.jpg\",\"keywords\":[\"Algarve\",\"Amal\",\"ANMP\",\"Atualidade\"],\"articleSection\":[\"Atualidade\"],\"inLanguage\":\"pt-PT\"},{\"@type\":\"WebPage\",\"@id\":\"https:\\\/\\\/algarve7.pt\\\/index.php\\\/2022\\\/05\\\/anmp-reuniu-com-amal-para-ouvir-as-preocupacoes-dos-municipios-do-algarve\\\/atualidade\\\/09\\\/19\\\/\",\"url\":\"https:\\\/\\\/algarve7.pt\\\/index.php\\\/2022\\\/05\\\/anmp-reuniu-com-amal-para-ouvir-as-preocupacoes-dos-municipios-do-algarve\\\/atualidade\\\/09\\\/19\\\/\",\"name\":\"ANMP reuniu com AMAL para ouvir as preocupa\u00e7\u00f5es dos munic\u00edpios do Algarve - Algarve 7\",\"isPartOf\":{\"@id\":\"https:\\\/\\\/algarve7.pt\\\/#website\"},\"primaryImageOfPage\":{\"@id\":\"https:\\\/\\\/algarve7.pt\\\/index.php\\\/2022\\\/05\\\/anmp-reuniu-com-amal-para-ouvir-as-preocupacoes-dos-municipios-do-algarve\\\/atualidade\\\/09\\\/19\\\/#primaryimage\"},\"image\":{\"@id\":\"https:\\\/\\\/algarve7.pt\\\/index.php\\\/2022\\\/05\\\/anmp-reuniu-com-amal-para-ouvir-as-preocupacoes-dos-municipios-do-algarve\\\/atualidade\\\/09\\\/19\\\/#primaryimage\"},\"thumbnailUrl\":\"https:\\\/\\\/algarve7.pt\\\/wp-content\\\/uploads\\\/2022\\\/05\\\/reuniao2.jpg\",\"datePublished\":\"2022-05-04T08:19:50+00:00\",\"dateModified\":\"2022-05-04T08:19:51+00:00\",\"description\":\"ANMP reuniu com AMAL para ouvir as preocupa\u00e7\u00f5es dos munic\u00edpios do Algarve Atualidade\",\"breadcrumb\":{\"@id\":\"https:\\\/\\\/algarve7.pt\\\/index.php\\\/2022\\\/05\\\/anmp-reuniu-com-amal-para-ouvir-as-preocupacoes-dos-municipios-do-algarve\\\/atualidade\\\/09\\\/19\\\/#breadcrumb\"},\"inLanguage\":\"pt-PT\",\"potentialAction\":[{\"@type\":\"ReadAction\",\"target\":[\"https:\\\/\\\/algarve7.pt\\\/index.php\\\/2022\\\/05\\\/anmp-reuniu-com-amal-para-ouvir-as-preocupacoes-dos-municipios-do-algarve\\\/atualidade\\\/09\\\/19\\\/\"]}]},{\"@type\":\"ImageObject\",\"inLanguage\":\"pt-PT\",\"@id\":\"https:\\\/\\\/algarve7.pt\\\/index.php\\\/2022\\\/05\\\/anmp-reuniu-com-amal-para-ouvir-as-preocupacoes-dos-municipios-do-algarve\\\/atualidade\\\/09\\\/19\\\/#primaryimage\",\"url\":\"https:\\\/\\\/algarve7.pt\\\/wp-content\\\/uploads\\\/2022\\\/05\\\/reuniao2.jpg\",\"contentUrl\":\"https:\\\/\\\/algarve7.pt\\\/wp-content\\\/uploads\\\/2022\\\/05\\\/reuniao2.jpg\",\"width\":1024,\"height\":768},{\"@type\":\"BreadcrumbList\",\"@id\":\"https:\\\/\\\/algarve7.pt\\\/index.php\\\/2022\\\/05\\\/anmp-reuniu-com-amal-para-ouvir-as-preocupacoes-dos-municipios-do-algarve\\\/atualidade\\\/09\\\/19\\\/#breadcrumb\",\"itemListElement\":[{\"@type\":\"ListItem\",\"position\":1,\"name\":\"In\u00edcio\",\"item\":\"https:\\\/\\\/algarve7.pt\\\/\"},{\"@type\":\"ListItem\",\"position\":2,\"name\":\"ANMP reuniu com AMAL para ouvir as preocupa\u00e7\u00f5es dos munic\u00edpios do Algarve\"}]},{\"@type\":\"WebSite\",\"@id\":\"https:\\\/\\\/algarve7.pt\\\/#website\",\"url\":\"https:\\\/\\\/algarve7.pt\\\/\",\"name\":\"Algarve 7\",\"description\":\"Informa\u00e7\u00e3o sobre o Algarve\",\"publisher\":{\"@id\":\"https:\\\/\\\/algarve7.pt\\\/#organization\"},\"potentialAction\":[{\"@type\":\"SearchAction\",\"target\":{\"@type\":\"EntryPoint\",\"urlTemplate\":\"https:\\\/\\\/algarve7.pt\\\/?s={search_term_string}\"},\"query-input\":{\"@type\":\"PropertyValueSpecification\",\"valueRequired\":true,\"valueName\":\"search_term_string\"}}],\"inLanguage\":\"pt-PT\"},{\"@type\":\"Organization\",\"@id\":\"https:\\\/\\\/algarve7.pt\\\/#organization\",\"name\":\"Algarve 7\",\"url\":\"https:\\\/\\\/algarve7.pt\\\/\",\"logo\":{\"@type\":\"ImageObject\",\"inLanguage\":\"pt-PT\",\"@id\":\"https:\\\/\\\/algarve7.pt\\\/#\\\/schema\\\/logo\\\/image\\\/\",\"url\":\"https:\\\/\\\/algarve7.pt\\\/wp-content\\\/uploads\\\/2020\\\/10\\\/Logo-8.jpg\",\"contentUrl\":\"https:\\\/\\\/algarve7.pt\\\/wp-content\\\/uploads\\\/2020\\\/10\\\/Logo-8.jpg\",\"width\":1680,\"height\":1186,\"caption\":\"Algarve 7\"},\"image\":{\"@id\":\"https:\\\/\\\/algarve7.pt\\\/#\\\/schema\\\/logo\\\/image\\\/\"},\"sameAs\":[\"https:\\\/\\\/www.facebook.com\\\/algarve7\",\"https:\\\/\\\/x.com\\\/Algarvesete\",\"https:\\\/\\\/www.instagram.com\\\/jornalalgarve7\\\/\",\"https:\\\/\\\/www.linkedin.com\\\/company\\\/algarve7\",\"https:\\\/\\\/www.pinterest.pt\\\/geral0939\\\/_created\\\/\"]},{\"@type\":\"Person\",\"@id\":\"https:\\\/\\\/algarve7.pt\\\/#\\\/schema\\\/person\\\/23fa70681308e7b319a3204bcea45e0c\",\"name\":\"Algarve 7\",\"sameAs\":[\"https:\\\/\\\/algarve7.pt\",\"https:\\\/\\\/www.facebook.com\\\/algarve7\"],\"url\":\"https:\\\/\\\/algarve7.pt\\\/index.php\\\/author\\\/geralalgarve7-pt\\\/\"}]}<\/script>\n<!-- \/ Yoast SEO plugin. -->","yoast_head_json":{"title":"ANMP reuniu com AMAL para ouvir as preocupa\u00e7\u00f5es dos munic\u00edpios do Algarve - Algarve 7","description":"ANMP reuniu com AMAL para ouvir as preocupa\u00e7\u00f5es dos munic\u00edpios do Algarve Atualidade","robots":{"index":"index","follow":"follow","max-snippet":"max-snippet:-1","max-image-preview":"max-image-preview:large","max-video-preview":"max-video-preview:-1"},"canonical":"https:\/\/algarve7.pt\/index.php\/2022\/05\/anmp-reuniu-com-amal-para-ouvir-as-preocupacoes-dos-municipios-do-algarve\/atualidade\/09\/19\/","og_locale":"pt_PT","og_type":"article","og_title":"ANMP reuniu com AMAL para ouvir as preocupa\u00e7\u00f5es dos munic\u00edpios do Algarve - Algarve 7","og_description":"ANMP reuniu com AMAL para ouvir as preocupa\u00e7\u00f5es dos munic\u00edpios do Algarve Atualidade","og_url":"https:\/\/algarve7.pt\/index.php\/2022\/05\/anmp-reuniu-com-amal-para-ouvir-as-preocupacoes-dos-municipios-do-algarve\/atualidade\/09\/19\/","og_site_name":"Algarve 7","article_publisher":"https:\/\/www.facebook.com\/algarve7","article_author":"https:\/\/www.facebook.com\/algarve7","article_published_time":"2022-05-04T08:19:50+00:00","article_modified_time":"2022-05-04T08:19:51+00:00","og_image":[{"width":1024,"height":768,"url":"https:\/\/algarve7.pt\/wp-content\/uploads\/2022\/05\/reuniao2.jpg","type":"image\/jpeg"}],"author":"Algarve 7","twitter_card":"summary_large_image","twitter_creator":"@Algarvesete","twitter_site":"@Algarvesete","twitter_misc":{"Escrito por":"Algarve 7","Tempo estimado de leitura":"3 minutos"},"schema":{"@context":"https:\/\/schema.org","@graph":[{"@type":"Article","@id":"https:\/\/algarve7.pt\/index.php\/2022\/05\/anmp-reuniu-com-amal-para-ouvir-as-preocupacoes-dos-municipios-do-algarve\/atualidade\/09\/19\/#article","isPartOf":{"@id":"https:\/\/algarve7.pt\/index.php\/2022\/05\/anmp-reuniu-com-amal-para-ouvir-as-preocupacoes-dos-municipios-do-algarve\/atualidade\/09\/19\/"},"author":{"name":"Algarve 7","@id":"https:\/\/algarve7.pt\/#\/schema\/person\/23fa70681308e7b319a3204bcea45e0c"},"headline":"ANMP reuniu com AMAL para ouvir as preocupa\u00e7\u00f5es dos munic\u00edpios do Algarve","datePublished":"2022-05-04T08:19:50+00:00","dateModified":"2022-05-04T08:19:51+00:00","mainEntityOfPage":{"@id":"https:\/\/algarve7.pt\/index.php\/2022\/05\/anmp-reuniu-com-amal-para-ouvir-as-preocupacoes-dos-municipios-do-algarve\/atualidade\/09\/19\/"},"wordCount":493,"publisher":{"@id":"https:\/\/algarve7.pt\/#organization"},"image":{"@id":"https:\/\/algarve7.pt\/index.php\/2022\/05\/anmp-reuniu-com-amal-para-ouvir-as-preocupacoes-dos-municipios-do-algarve\/atualidade\/09\/19\/#primaryimage"},"thumbnailUrl":"https:\/\/algarve7.pt\/wp-content\/uploads\/2022\/05\/reuniao2.jpg","keywords":["Algarve","Amal","ANMP","Atualidade"],"articleSection":["Atualidade"],"inLanguage":"pt-PT"},{"@type":"WebPage","@id":"https:\/\/algarve7.pt\/index.php\/2022\/05\/anmp-reuniu-com-amal-para-ouvir-as-preocupacoes-dos-municipios-do-algarve\/atualidade\/09\/19\/","url":"https:\/\/algarve7.pt\/index.php\/2022\/05\/anmp-reuniu-com-amal-para-ouvir-as-preocupacoes-dos-municipios-do-algarve\/atualidade\/09\/19\/","name":"ANMP reuniu com AMAL para ouvir as preocupa\u00e7\u00f5es dos munic\u00edpios do Algarve - Algarve 7","isPartOf":{"@id":"https:\/\/algarve7.pt\/#website"},"primaryImageOfPage":{"@id":"https:\/\/algarve7.pt\/index.php\/2022\/05\/anmp-reuniu-com-amal-para-ouvir-as-preocupacoes-dos-municipios-do-algarve\/atualidade\/09\/19\/#primaryimage"},"image":{"@id":"https:\/\/algarve7.pt\/index.php\/2022\/05\/anmp-reuniu-com-amal-para-ouvir-as-preocupacoes-dos-municipios-do-algarve\/atualidade\/09\/19\/#primaryimage"},"thumbnailUrl":"https:\/\/algarve7.pt\/wp-content\/uploads\/2022\/05\/reuniao2.jpg","datePublished":"2022-05-04T08:19:50+00:00","dateModified":"2022-05-04T08:19:51+00:00","description":"ANMP reuniu com AMAL para ouvir as preocupa\u00e7\u00f5es dos munic\u00edpios do Algarve Atualidade","breadcrumb":{"@id":"https:\/\/algarve7.pt\/index.php\/2022\/05\/anmp-reuniu-com-amal-para-ouvir-as-preocupacoes-dos-municipios-do-algarve\/atualidade\/09\/19\/#breadcrumb"},"inLanguage":"pt-PT","potentialAction":[{"@type":"ReadAction","target":["https:\/\/algarve7.pt\/index.php\/2022\/05\/anmp-reuniu-com-amal-para-ouvir-as-preocupacoes-dos-municipios-do-algarve\/atualidade\/09\/19\/"]}]},{"@type":"ImageObject","inLanguage":"pt-PT","@id":"https:\/\/algarve7.pt\/index.php\/2022\/05\/anmp-reuniu-com-amal-para-ouvir-as-preocupacoes-dos-municipios-do-algarve\/atualidade\/09\/19\/#primaryimage","url":"https:\/\/algarve7.pt\/wp-content\/uploads\/2022\/05\/reuniao2.jpg","contentUrl":"https:\/\/algarve7.pt\/wp-content\/uploads\/2022\/05\/reuniao2.jpg","width":1024,"height":768},{"@type":"BreadcrumbList","@id":"https:\/\/algarve7.pt\/index.php\/2022\/05\/anmp-reuniu-com-amal-para-ouvir-as-preocupacoes-dos-municipios-do-algarve\/atualidade\/09\/19\/#breadcrumb","itemListElement":[{"@type":"ListItem","position":1,"name":"In\u00edcio","item":"https:\/\/algarve7.pt\/"},{"@type":"ListItem","position":2,"name":"ANMP reuniu com AMAL para ouvir as preocupa\u00e7\u00f5es dos munic\u00edpios do Algarve"}]},{"@type":"WebSite","@id":"https:\/\/algarve7.pt\/#website","url":"https:\/\/algarve7.pt\/","name":"Algarve 7","description":"Informa\u00e7\u00e3o sobre o Algarve","publisher":{"@id":"https:\/\/algarve7.pt\/#organization"},"potentialAction":[{"@type":"SearchAction","target":{"@type":"EntryPoint","urlTemplate":"https:\/\/algarve7.pt\/?s={search_term_string}"},"query-input":{"@type":"PropertyValueSpecification","valueRequired":true,"valueName":"search_term_string"}}],"inLanguage":"pt-PT"},{"@type":"Organization","@id":"https:\/\/algarve7.pt\/#organization","name":"Algarve 7","url":"https:\/\/algarve7.pt\/","logo":{"@type":"ImageObject","inLanguage":"pt-PT","@id":"https:\/\/algarve7.pt\/#\/schema\/logo\/image\/","url":"https:\/\/algarve7.pt\/wp-content\/uploads\/2020\/10\/Logo-8.jpg","contentUrl":"https:\/\/algarve7.pt\/wp-content\/uploads\/2020\/10\/Logo-8.jpg","width":1680,"height":1186,"caption":"Algarve 7"},"image":{"@id":"https:\/\/algarve7.pt\/#\/schema\/logo\/image\/"},"sameAs":["https:\/\/www.facebook.com\/algarve7","https:\/\/x.com\/Algarvesete","https:\/\/www.instagram.com\/jornalalgarve7\/","https:\/\/www.linkedin.com\/company\/algarve7","https:\/\/www.pinterest.pt\/geral0939\/_created\/"]},{"@type":"Person","@id":"https:\/\/algarve7.pt\/#\/schema\/person\/23fa70681308e7b319a3204bcea45e0c","name":"Algarve 7","sameAs":["https:\/\/algarve7.pt","https:\/\/www.facebook.com\/algarve7"],"url":"https:\/\/algarve7.pt\/index.php\/author\/geralalgarve7-pt\/"}]}},"jetpack_publicize_connections":[],"jetpack_featured_media_url":"https:\/\/algarve7.pt\/wp-content\/uploads\/2022\/05\/reuniao2.jpg","jetpack_shortlink":"https:\/\/wp.me\/pcezmW-4Ki","jetpack_sharing_enabled":true,"_links":{"self":[{"href":"https:\/\/algarve7.pt\/index.php\/wp-json\/wp\/v2\/posts\/18246","targetHints":{"allow":["GET"]}}],"collection":[{"href":"https:\/\/algarve7.pt\/index.php\/wp-json\/wp\/v2\/posts"}],"about":[{"href":"https:\/\/algarve7.pt\/index.php\/wp-json\/wp\/v2\/types\/post"}],"author":[{"embeddable":true,"href":"https:\/\/algarve7.pt\/index.php\/wp-json\/wp\/v2\/users\/1"}],"replies":[{"embeddable":true,"href":"https:\/\/algarve7.pt\/index.php\/wp-json\/wp\/v2\/comments?post=18246"}],"version-history":[{"count":0,"href":"https:\/\/algarve7.pt\/index.php\/wp-json\/wp\/v2\/posts\/18246\/revisions"}],"wp:featuredmedia":[{"embeddable":true,"href":"https:\/\/algarve7.pt\/index.php\/wp-json\/wp\/v2\/media\/18247"}],"wp:attachment":[{"href":"https:\/\/algarve7.pt\/index.php\/wp-json\/wp\/v2\/media?parent=18246"}],"wp:term":[{"taxonomy":"category","embeddable":true,"href":"https:\/\/algarve7.pt\/index.php\/wp-json\/wp\/v2\/categories?post=18246"},{"taxonomy":"post_tag","embeddable":true,"href":"https:\/\/algarve7.pt\/index.php\/wp-json\/wp\/v2\/tags?post=18246"}],"curies":[{"name":"wp","href":"https:\/\/api.w.org\/{rel}","templated":true}]}}