{"id":18213,"date":"2022-05-03T12:47:16","date_gmt":"2022-05-03T11:47:16","guid":{"rendered":"https:\/\/algarve7.pt\/?p=18213"},"modified":"2022-05-03T12:47:25","modified_gmt":"2022-05-03T11:47:25","slug":"o-mar-e-a-nautica-vao-estar-em-exposicao-em-faro-de-5-a-8-de-maio","status":"publish","type":"post","link":"https:\/\/algarve7.pt\/index.php\/2022\/05\/o-mar-e-a-nautica-vao-estar-em-exposicao-em-faro-de-5-a-8-de-maio\/desporto\/12\/47\/","title":{"rendered":"O mar e a n\u00e1utica v\u00e3o estar em exposi\u00e7\u00e3o, em Faro, de 5 a 8 de maio"},"content":{"rendered":"\n<p>Depois de dois anos de interregno, devido \u00e0s restri\u00e7\u00f5es causadas pela pandemia Covid-19, a Uni\u00e3o das Freguesias de Faro, vai realizar de 5 a 8 de maio a Farn\u00e1utica \u2013 Mostra do Mar e da N\u00e1utica de Faro que decorrer\u00e1, mais uma vez, no Jardim Manuel Bivar, na Baixa de Faro.<\/p>\n\n\n\n<p>Para al\u00e9m da presen\u00e7a de embarca\u00e7\u00f5es de recreio e material n\u00e1utico, acrescenta-se a presen\u00e7a de cerca de duas dezenas de institui\u00e7\u00f5es e empresas ligadas ao setor do mar e a exist\u00eancia de uma tenda de gastronomia com tasquinhas que v\u00e3o servir almo\u00e7os, lanches e jantares, essencialmente com pratos e petiscos relacionados com peixes e mariscos, como lingueir\u00e3o, chocos, ostras, am\u00eaijoas, conquilhas, sapateiras, xar\u00e9m e camar\u00f5es grelhados e fritos.<\/p>\n\n\n\n<p>Esta mostra que vai para a sua 6\u00aa edi\u00e7\u00e3o tem como objetivo de promover as atividades relacionadas com o mundo da n\u00e1utica e com o setor do mar. Pretende-se assim, refor\u00e7ar a voca\u00e7\u00e3o e a rela\u00e7\u00e3o da cidade de Faro com o litoral, com o mar e com a ria formosa vincando a sua hist\u00f3ria, a sua cultura e a sua identidade em que o mar tem um papel de crucial import\u00e2ncia.<\/p>\n\n\n\n<p>A entrada \u00e9 gratuita e o hor\u00e1rio de funcionamento da mesma est\u00e1 compreendido entre as 11h e as 23h. Em simult\u00e2neo com esta mostra a Uni\u00e3o das Freguesias de Faro vai realizar em parceria com o Sport Faro e Benfica o primeiro torneio de canoagem K1 da cidade, com cerca de uma centena de atletas, a realizar-se nas \u00e1guas da Ria Formosa, em frente \u00e0s portas do mar, no dia 7 de maio enquanto que no dia 8 vai decorrer um passeio de kayak.<\/p>\n\n\n\n<p>De real\u00e7ar que na tarde de 5\u00aa feira, dia 5 de maio, vai decorrer no audit\u00f3rio do Hotel 3HB a confer\u00eancia MAR: Transformar o potencial em valor. A participa\u00e7\u00e3o \u00e9 gratuita mas sujeita a inscri\u00e7\u00e3o pr\u00e9via na p\u00e1gina eletr\u00f3nica da Uni\u00e3o das Freguesias de Faro ou no site da C\u00e2mara Municipal.<\/p>\n\n\n\n<p>Durante todo o certame, no recinto da mostra haver\u00e1 diversas confer\u00eancias, atividades e exposi\u00e7\u00f5es promovidas pelo Centro de Ci\u00eancia Viva, CIMA, CCMAR, Docapesca e Associa\u00e7\u00e3o Bandeira Azul da Europa. Para aceder ao programa completo, dever\u00e3o consultar a p\u00e1gina eletr\u00f3nica da Uni\u00e3o das Freguesias de Faro em <a href=\"http:\/\/www.uf-faro.pt\" target=\"_blank\" rel=\"noreferrer noopener\">www.uf-faro.pt<\/a><\/p>\n","protected":false},"excerpt":{"rendered":"<p>Depois de dois anos de interregno, devido \u00e0s restri\u00e7\u00f5es causadas pela pandemia Covid-19, a Uni\u00e3o das Freguesias de Faro, vai<\/p>\n","protected":false},"author":1,"featured_media":18214,"comment_status":"closed","ping_status":"open","sticky":false,"template":"","format":"standard","meta":{"colormag_page_container_layout":"default_layout","colormag_page_sidebar_layout":"default_layout","_monsterinsights_skip_tracking":false,"_monsterinsights_sitenote_active":false,"_monsterinsights_sitenote_note":"","_monsterinsights_sitenote_category":0,"jetpack_post_was_ever_published":false,"_jetpack_newsletter_access":"","_jetpack_dont_email_post_to_subs":false,"_jetpack_newsletter_tier_id":0,"_jetpack_memberships_contains_paywalled_content":false,"_jetpack_memberships_contains_paid_content":false,"footnotes":"","jetpack_publicize_message":"","jetpack_publicize_feature_enabled":true,"jetpack_social_post_already_shared":true,"jetpack_social_options":{"image_generator_settings":{"template":"highway","default_image_id":0,"font":"","enabled":false},"version":2}},"categories":[15],"tags":[36,62,66,57],"class_list":["post-18213","post","type-post","status-publish","format-standard","has-post-thumbnail","hentry","category-desporto","tag-algarve","tag-atualidade","tag-exposicao","tag-faro"],"yoast_head":"<!-- This site is optimized with the Yoast SEO plugin v27.5 - https:\/\/yoast.com\/product\/yoast-seo-wordpress\/ -->\n<title>O mar e a n\u00e1utica v\u00e3o estar em exposi\u00e7\u00e3o, em Faro, de 5 a 8 de maio - Algarve 7<\/title>\n<meta name=\"description\" content=\"O mar e a n\u00e1utica v\u00e3o estar em exposi\u00e7\u00e3o, em Faro, de 5 a 8 de maio Desporto\" \/>\n<meta name=\"robots\" content=\"index, follow, max-snippet:-1, max-image-preview:large, max-video-preview:-1\" \/>\n<link rel=\"canonical\" href=\"https:\/\/algarve7.pt\/index.php\/2022\/05\/o-mar-e-a-nautica-vao-estar-em-exposicao-em-faro-de-5-a-8-de-maio\/desporto\/12\/47\/\" \/>\n<meta property=\"og:locale\" content=\"pt_PT\" \/>\n<meta property=\"og:type\" content=\"article\" \/>\n<meta property=\"og:title\" content=\"O mar e a n\u00e1utica v\u00e3o estar em exposi\u00e7\u00e3o, em Faro, de 5 a 8 de maio - Algarve 7\" \/>\n<meta property=\"og:description\" content=\"O mar e a n\u00e1utica v\u00e3o estar em exposi\u00e7\u00e3o, em Faro, de 5 a 8 de maio Desporto\" \/>\n<meta property=\"og:url\" content=\"https:\/\/algarve7.pt\/index.php\/2022\/05\/o-mar-e-a-nautica-vao-estar-em-exposicao-em-faro-de-5-a-8-de-maio\/desporto\/12\/47\/\" \/>\n<meta property=\"og:site_name\" content=\"Algarve 7\" \/>\n<meta property=\"article:publisher\" content=\"https:\/\/www.facebook.com\/algarve7\" \/>\n<meta property=\"article:author\" content=\"https:\/\/www.facebook.com\/algarve7\" \/>\n<meta property=\"article:published_time\" content=\"2022-05-03T11:47:16+00:00\" \/>\n<meta property=\"article:modified_time\" content=\"2022-05-03T11:47:25+00:00\" \/>\n<meta property=\"og:image\" content=\"https:\/\/algarve7.pt\/wp-content\/uploads\/2022\/05\/FARNAUTICA_2022_OUTDOOR_8x3m_P2_SMALL-002-002.jpg\" \/>\n\t<meta property=\"og:image:width\" content=\"2284\" \/>\n\t<meta property=\"og:image:height\" content=\"867\" \/>\n\t<meta property=\"og:image:type\" content=\"image\/jpeg\" \/>\n<meta name=\"author\" content=\"Algarve 7\" \/>\n<meta name=\"twitter:card\" content=\"summary_large_image\" \/>\n<meta name=\"twitter:creator\" content=\"@Algarvesete\" \/>\n<meta name=\"twitter:site\" content=\"@Algarvesete\" \/>\n<meta name=\"twitter:label1\" content=\"Escrito por\" \/>\n\t<meta name=\"twitter:data1\" content=\"Algarve 7\" \/>\n\t<meta name=\"twitter:label2\" content=\"Tempo estimado de leitura\" \/>\n\t<meta name=\"twitter:data2\" content=\"3 minutos\" \/>\n<script type=\"application\/ld+json\" class=\"yoast-schema-graph\">{\"@context\":\"https:\\\/\\\/schema.org\",\"@graph\":[{\"@type\":\"Article\",\"@id\":\"https:\\\/\\\/algarve7.pt\\\/index.php\\\/2022\\\/05\\\/o-mar-e-a-nautica-vao-estar-em-exposicao-em-faro-de-5-a-8-de-maio\\\/desporto\\\/12\\\/47\\\/#article\",\"isPartOf\":{\"@id\":\"https:\\\/\\\/algarve7.pt\\\/index.php\\\/2022\\\/05\\\/o-mar-e-a-nautica-vao-estar-em-exposicao-em-faro-de-5-a-8-de-maio\\\/desporto\\\/12\\\/47\\\/\"},\"author\":{\"name\":\"Algarve 7\",\"@id\":\"https:\\\/\\\/algarve7.pt\\\/#\\\/schema\\\/person\\\/23fa70681308e7b319a3204bcea45e0c\"},\"headline\":\"O mar e a n\u00e1utica v\u00e3o estar em exposi\u00e7\u00e3o, em Faro, de 5 a 8 de maio\",\"datePublished\":\"2022-05-03T11:47:16+00:00\",\"dateModified\":\"2022-05-03T11:47:25+00:00\",\"mainEntityOfPage\":{\"@id\":\"https:\\\/\\\/algarve7.pt\\\/index.php\\\/2022\\\/05\\\/o-mar-e-a-nautica-vao-estar-em-exposicao-em-faro-de-5-a-8-de-maio\\\/desporto\\\/12\\\/47\\\/\"},\"wordCount\":428,\"publisher\":{\"@id\":\"https:\\\/\\\/algarve7.pt\\\/#organization\"},\"image\":{\"@id\":\"https:\\\/\\\/algarve7.pt\\\/index.php\\\/2022\\\/05\\\/o-mar-e-a-nautica-vao-estar-em-exposicao-em-faro-de-5-a-8-de-maio\\\/desporto\\\/12\\\/47\\\/#primaryimage\"},\"thumbnailUrl\":\"https:\\\/\\\/algarve7.pt\\\/wp-content\\\/uploads\\\/2022\\\/05\\\/FARNAUTICA_2022_OUTDOOR_8x3m_P2_SMALL-002-002.jpg\",\"keywords\":[\"Algarve\",\"Atualidade\",\"Exposi\u00e7\u00e3o\",\"Faro\"],\"articleSection\":[\"Desporto\"],\"inLanguage\":\"pt-PT\"},{\"@type\":\"WebPage\",\"@id\":\"https:\\\/\\\/algarve7.pt\\\/index.php\\\/2022\\\/05\\\/o-mar-e-a-nautica-vao-estar-em-exposicao-em-faro-de-5-a-8-de-maio\\\/desporto\\\/12\\\/47\\\/\",\"url\":\"https:\\\/\\\/algarve7.pt\\\/index.php\\\/2022\\\/05\\\/o-mar-e-a-nautica-vao-estar-em-exposicao-em-faro-de-5-a-8-de-maio\\\/desporto\\\/12\\\/47\\\/\",\"name\":\"O mar e a n\u00e1utica v\u00e3o estar em exposi\u00e7\u00e3o, em Faro, de 5 a 8 de maio - Algarve 7\",\"isPartOf\":{\"@id\":\"https:\\\/\\\/algarve7.pt\\\/#website\"},\"primaryImageOfPage\":{\"@id\":\"https:\\\/\\\/algarve7.pt\\\/index.php\\\/2022\\\/05\\\/o-mar-e-a-nautica-vao-estar-em-exposicao-em-faro-de-5-a-8-de-maio\\\/desporto\\\/12\\\/47\\\/#primaryimage\"},\"image\":{\"@id\":\"https:\\\/\\\/algarve7.pt\\\/index.php\\\/2022\\\/05\\\/o-mar-e-a-nautica-vao-estar-em-exposicao-em-faro-de-5-a-8-de-maio\\\/desporto\\\/12\\\/47\\\/#primaryimage\"},\"thumbnailUrl\":\"https:\\\/\\\/algarve7.pt\\\/wp-content\\\/uploads\\\/2022\\\/05\\\/FARNAUTICA_2022_OUTDOOR_8x3m_P2_SMALL-002-002.jpg\",\"datePublished\":\"2022-05-03T11:47:16+00:00\",\"dateModified\":\"2022-05-03T11:47:25+00:00\",\"description\":\"O mar e a n\u00e1utica v\u00e3o estar em exposi\u00e7\u00e3o, em Faro, de 5 a 8 de maio Desporto\",\"breadcrumb\":{\"@id\":\"https:\\\/\\\/algarve7.pt\\\/index.php\\\/2022\\\/05\\\/o-mar-e-a-nautica-vao-estar-em-exposicao-em-faro-de-5-a-8-de-maio\\\/desporto\\\/12\\\/47\\\/#breadcrumb\"},\"inLanguage\":\"pt-PT\",\"potentialAction\":[{\"@type\":\"ReadAction\",\"target\":[\"https:\\\/\\\/algarve7.pt\\\/index.php\\\/2022\\\/05\\\/o-mar-e-a-nautica-vao-estar-em-exposicao-em-faro-de-5-a-8-de-maio\\\/desporto\\\/12\\\/47\\\/\"]}]},{\"@type\":\"ImageObject\",\"inLanguage\":\"pt-PT\",\"@id\":\"https:\\\/\\\/algarve7.pt\\\/index.php\\\/2022\\\/05\\\/o-mar-e-a-nautica-vao-estar-em-exposicao-em-faro-de-5-a-8-de-maio\\\/desporto\\\/12\\\/47\\\/#primaryimage\",\"url\":\"https:\\\/\\\/algarve7.pt\\\/wp-content\\\/uploads\\\/2022\\\/05\\\/FARNAUTICA_2022_OUTDOOR_8x3m_P2_SMALL-002-002.jpg\",\"contentUrl\":\"https:\\\/\\\/algarve7.pt\\\/wp-content\\\/uploads\\\/2022\\\/05\\\/FARNAUTICA_2022_OUTDOOR_8x3m_P2_SMALL-002-002.jpg\",\"width\":2284,\"height\":867},{\"@type\":\"BreadcrumbList\",\"@id\":\"https:\\\/\\\/algarve7.pt\\\/index.php\\\/2022\\\/05\\\/o-mar-e-a-nautica-vao-estar-em-exposicao-em-faro-de-5-a-8-de-maio\\\/desporto\\\/12\\\/47\\\/#breadcrumb\",\"itemListElement\":[{\"@type\":\"ListItem\",\"position\":1,\"name\":\"In\u00edcio\",\"item\":\"https:\\\/\\\/algarve7.pt\\\/\"},{\"@type\":\"ListItem\",\"position\":2,\"name\":\"O mar e a n\u00e1utica v\u00e3o estar em exposi\u00e7\u00e3o, em Faro, de 5 a 8 de maio\"}]},{\"@type\":\"WebSite\",\"@id\":\"https:\\\/\\\/algarve7.pt\\\/#website\",\"url\":\"https:\\\/\\\/algarve7.pt\\\/\",\"name\":\"Algarve 7\",\"description\":\"Informa\u00e7\u00e3o sobre o Algarve\",\"publisher\":{\"@id\":\"https:\\\/\\\/algarve7.pt\\\/#organization\"},\"potentialAction\":[{\"@type\":\"SearchAction\",\"target\":{\"@type\":\"EntryPoint\",\"urlTemplate\":\"https:\\\/\\\/algarve7.pt\\\/?s={search_term_string}\"},\"query-input\":{\"@type\":\"PropertyValueSpecification\",\"valueRequired\":true,\"valueName\":\"search_term_string\"}}],\"inLanguage\":\"pt-PT\"},{\"@type\":\"Organization\",\"@id\":\"https:\\\/\\\/algarve7.pt\\\/#organization\",\"name\":\"Algarve 7\",\"url\":\"https:\\\/\\\/algarve7.pt\\\/\",\"logo\":{\"@type\":\"ImageObject\",\"inLanguage\":\"pt-PT\",\"@id\":\"https:\\\/\\\/algarve7.pt\\\/#\\\/schema\\\/logo\\\/image\\\/\",\"url\":\"https:\\\/\\\/algarve7.pt\\\/wp-content\\\/uploads\\\/2020\\\/10\\\/Logo-8.jpg\",\"contentUrl\":\"https:\\\/\\\/algarve7.pt\\\/wp-content\\\/uploads\\\/2020\\\/10\\\/Logo-8.jpg\",\"width\":1680,\"height\":1186,\"caption\":\"Algarve 7\"},\"image\":{\"@id\":\"https:\\\/\\\/algarve7.pt\\\/#\\\/schema\\\/logo\\\/image\\\/\"},\"sameAs\":[\"https:\\\/\\\/www.facebook.com\\\/algarve7\",\"https:\\\/\\\/x.com\\\/Algarvesete\",\"https:\\\/\\\/www.instagram.com\\\/jornalalgarve7\\\/\",\"https:\\\/\\\/www.linkedin.com\\\/company\\\/algarve7\",\"https:\\\/\\\/www.pinterest.pt\\\/geral0939\\\/_created\\\/\"]},{\"@type\":\"Person\",\"@id\":\"https:\\\/\\\/algarve7.pt\\\/#\\\/schema\\\/person\\\/23fa70681308e7b319a3204bcea45e0c\",\"name\":\"Algarve 7\",\"sameAs\":[\"https:\\\/\\\/algarve7.pt\",\"https:\\\/\\\/www.facebook.com\\\/algarve7\"],\"url\":\"https:\\\/\\\/algarve7.pt\\\/index.php\\\/author\\\/geralalgarve7-pt\\\/\"}]}<\/script>\n<!-- \/ Yoast SEO plugin. -->","yoast_head_json":{"title":"O mar e a n\u00e1utica v\u00e3o estar em exposi\u00e7\u00e3o, em Faro, de 5 a 8 de maio - Algarve 7","description":"O mar e a n\u00e1utica v\u00e3o estar em exposi\u00e7\u00e3o, em Faro, de 5 a 8 de maio Desporto","robots":{"index":"index","follow":"follow","max-snippet":"max-snippet:-1","max-image-preview":"max-image-preview:large","max-video-preview":"max-video-preview:-1"},"canonical":"https:\/\/algarve7.pt\/index.php\/2022\/05\/o-mar-e-a-nautica-vao-estar-em-exposicao-em-faro-de-5-a-8-de-maio\/desporto\/12\/47\/","og_locale":"pt_PT","og_type":"article","og_title":"O mar e a n\u00e1utica v\u00e3o estar em exposi\u00e7\u00e3o, em Faro, de 5 a 8 de maio - Algarve 7","og_description":"O mar e a n\u00e1utica v\u00e3o estar em exposi\u00e7\u00e3o, em Faro, de 5 a 8 de maio Desporto","og_url":"https:\/\/algarve7.pt\/index.php\/2022\/05\/o-mar-e-a-nautica-vao-estar-em-exposicao-em-faro-de-5-a-8-de-maio\/desporto\/12\/47\/","og_site_name":"Algarve 7","article_publisher":"https:\/\/www.facebook.com\/algarve7","article_author":"https:\/\/www.facebook.com\/algarve7","article_published_time":"2022-05-03T11:47:16+00:00","article_modified_time":"2022-05-03T11:47:25+00:00","og_image":[{"width":2284,"height":867,"url":"https:\/\/algarve7.pt\/wp-content\/uploads\/2022\/05\/FARNAUTICA_2022_OUTDOOR_8x3m_P2_SMALL-002-002.jpg","type":"image\/jpeg"}],"author":"Algarve 7","twitter_card":"summary_large_image","twitter_creator":"@Algarvesete","twitter_site":"@Algarvesete","twitter_misc":{"Escrito por":"Algarve 7","Tempo estimado de leitura":"3 minutos"},"schema":{"@context":"https:\/\/schema.org","@graph":[{"@type":"Article","@id":"https:\/\/algarve7.pt\/index.php\/2022\/05\/o-mar-e-a-nautica-vao-estar-em-exposicao-em-faro-de-5-a-8-de-maio\/desporto\/12\/47\/#article","isPartOf":{"@id":"https:\/\/algarve7.pt\/index.php\/2022\/05\/o-mar-e-a-nautica-vao-estar-em-exposicao-em-faro-de-5-a-8-de-maio\/desporto\/12\/47\/"},"author":{"name":"Algarve 7","@id":"https:\/\/algarve7.pt\/#\/schema\/person\/23fa70681308e7b319a3204bcea45e0c"},"headline":"O mar e a n\u00e1utica v\u00e3o estar em exposi\u00e7\u00e3o, em Faro, de 5 a 8 de maio","datePublished":"2022-05-03T11:47:16+00:00","dateModified":"2022-05-03T11:47:25+00:00","mainEntityOfPage":{"@id":"https:\/\/algarve7.pt\/index.php\/2022\/05\/o-mar-e-a-nautica-vao-estar-em-exposicao-em-faro-de-5-a-8-de-maio\/desporto\/12\/47\/"},"wordCount":428,"publisher":{"@id":"https:\/\/algarve7.pt\/#organization"},"image":{"@id":"https:\/\/algarve7.pt\/index.php\/2022\/05\/o-mar-e-a-nautica-vao-estar-em-exposicao-em-faro-de-5-a-8-de-maio\/desporto\/12\/47\/#primaryimage"},"thumbnailUrl":"https:\/\/algarve7.pt\/wp-content\/uploads\/2022\/05\/FARNAUTICA_2022_OUTDOOR_8x3m_P2_SMALL-002-002.jpg","keywords":["Algarve","Atualidade","Exposi\u00e7\u00e3o","Faro"],"articleSection":["Desporto"],"inLanguage":"pt-PT"},{"@type":"WebPage","@id":"https:\/\/algarve7.pt\/index.php\/2022\/05\/o-mar-e-a-nautica-vao-estar-em-exposicao-em-faro-de-5-a-8-de-maio\/desporto\/12\/47\/","url":"https:\/\/algarve7.pt\/index.php\/2022\/05\/o-mar-e-a-nautica-vao-estar-em-exposicao-em-faro-de-5-a-8-de-maio\/desporto\/12\/47\/","name":"O mar e a n\u00e1utica v\u00e3o estar em exposi\u00e7\u00e3o, em Faro, de 5 a 8 de maio - Algarve 7","isPartOf":{"@id":"https:\/\/algarve7.pt\/#website"},"primaryImageOfPage":{"@id":"https:\/\/algarve7.pt\/index.php\/2022\/05\/o-mar-e-a-nautica-vao-estar-em-exposicao-em-faro-de-5-a-8-de-maio\/desporto\/12\/47\/#primaryimage"},"image":{"@id":"https:\/\/algarve7.pt\/index.php\/2022\/05\/o-mar-e-a-nautica-vao-estar-em-exposicao-em-faro-de-5-a-8-de-maio\/desporto\/12\/47\/#primaryimage"},"thumbnailUrl":"https:\/\/algarve7.pt\/wp-content\/uploads\/2022\/05\/FARNAUTICA_2022_OUTDOOR_8x3m_P2_SMALL-002-002.jpg","datePublished":"2022-05-03T11:47:16+00:00","dateModified":"2022-05-03T11:47:25+00:00","description":"O mar e a n\u00e1utica v\u00e3o estar em exposi\u00e7\u00e3o, em Faro, de 5 a 8 de maio Desporto","breadcrumb":{"@id":"https:\/\/algarve7.pt\/index.php\/2022\/05\/o-mar-e-a-nautica-vao-estar-em-exposicao-em-faro-de-5-a-8-de-maio\/desporto\/12\/47\/#breadcrumb"},"inLanguage":"pt-PT","potentialAction":[{"@type":"ReadAction","target":["https:\/\/algarve7.pt\/index.php\/2022\/05\/o-mar-e-a-nautica-vao-estar-em-exposicao-em-faro-de-5-a-8-de-maio\/desporto\/12\/47\/"]}]},{"@type":"ImageObject","inLanguage":"pt-PT","@id":"https:\/\/algarve7.pt\/index.php\/2022\/05\/o-mar-e-a-nautica-vao-estar-em-exposicao-em-faro-de-5-a-8-de-maio\/desporto\/12\/47\/#primaryimage","url":"https:\/\/algarve7.pt\/wp-content\/uploads\/2022\/05\/FARNAUTICA_2022_OUTDOOR_8x3m_P2_SMALL-002-002.jpg","contentUrl":"https:\/\/algarve7.pt\/wp-content\/uploads\/2022\/05\/FARNAUTICA_2022_OUTDOOR_8x3m_P2_SMALL-002-002.jpg","width":2284,"height":867},{"@type":"BreadcrumbList","@id":"https:\/\/algarve7.pt\/index.php\/2022\/05\/o-mar-e-a-nautica-vao-estar-em-exposicao-em-faro-de-5-a-8-de-maio\/desporto\/12\/47\/#breadcrumb","itemListElement":[{"@type":"ListItem","position":1,"name":"In\u00edcio","item":"https:\/\/algarve7.pt\/"},{"@type":"ListItem","position":2,"name":"O mar e a n\u00e1utica v\u00e3o estar em exposi\u00e7\u00e3o, em Faro, de 5 a 8 de maio"}]},{"@type":"WebSite","@id":"https:\/\/algarve7.pt\/#website","url":"https:\/\/algarve7.pt\/","name":"Algarve 7","description":"Informa\u00e7\u00e3o sobre o Algarve","publisher":{"@id":"https:\/\/algarve7.pt\/#organization"},"potentialAction":[{"@type":"SearchAction","target":{"@type":"EntryPoint","urlTemplate":"https:\/\/algarve7.pt\/?s={search_term_string}"},"query-input":{"@type":"PropertyValueSpecification","valueRequired":true,"valueName":"search_term_string"}}],"inLanguage":"pt-PT"},{"@type":"Organization","@id":"https:\/\/algarve7.pt\/#organization","name":"Algarve 7","url":"https:\/\/algarve7.pt\/","logo":{"@type":"ImageObject","inLanguage":"pt-PT","@id":"https:\/\/algarve7.pt\/#\/schema\/logo\/image\/","url":"https:\/\/algarve7.pt\/wp-content\/uploads\/2020\/10\/Logo-8.jpg","contentUrl":"https:\/\/algarve7.pt\/wp-content\/uploads\/2020\/10\/Logo-8.jpg","width":1680,"height":1186,"caption":"Algarve 7"},"image":{"@id":"https:\/\/algarve7.pt\/#\/schema\/logo\/image\/"},"sameAs":["https:\/\/www.facebook.com\/algarve7","https:\/\/x.com\/Algarvesete","https:\/\/www.instagram.com\/jornalalgarve7\/","https:\/\/www.linkedin.com\/company\/algarve7","https:\/\/www.pinterest.pt\/geral0939\/_created\/"]},{"@type":"Person","@id":"https:\/\/algarve7.pt\/#\/schema\/person\/23fa70681308e7b319a3204bcea45e0c","name":"Algarve 7","sameAs":["https:\/\/algarve7.pt","https:\/\/www.facebook.com\/algarve7"],"url":"https:\/\/algarve7.pt\/index.php\/author\/geralalgarve7-pt\/"}]}},"jetpack_publicize_connections":[],"jetpack_featured_media_url":"https:\/\/algarve7.pt\/wp-content\/uploads\/2022\/05\/FARNAUTICA_2022_OUTDOOR_8x3m_P2_SMALL-002-002.jpg","jetpack_shortlink":"https:\/\/wp.me\/pcezmW-4JL","jetpack_sharing_enabled":true,"_links":{"self":[{"href":"https:\/\/algarve7.pt\/index.php\/wp-json\/wp\/v2\/posts\/18213","targetHints":{"allow":["GET"]}}],"collection":[{"href":"https:\/\/algarve7.pt\/index.php\/wp-json\/wp\/v2\/posts"}],"about":[{"href":"https:\/\/algarve7.pt\/index.php\/wp-json\/wp\/v2\/types\/post"}],"author":[{"embeddable":true,"href":"https:\/\/algarve7.pt\/index.php\/wp-json\/wp\/v2\/users\/1"}],"replies":[{"embeddable":true,"href":"https:\/\/algarve7.pt\/index.php\/wp-json\/wp\/v2\/comments?post=18213"}],"version-history":[{"count":0,"href":"https:\/\/algarve7.pt\/index.php\/wp-json\/wp\/v2\/posts\/18213\/revisions"}],"wp:featuredmedia":[{"embeddable":true,"href":"https:\/\/algarve7.pt\/index.php\/wp-json\/wp\/v2\/media\/18214"}],"wp:attachment":[{"href":"https:\/\/algarve7.pt\/index.php\/wp-json\/wp\/v2\/media?parent=18213"}],"wp:term":[{"taxonomy":"category","embeddable":true,"href":"https:\/\/algarve7.pt\/index.php\/wp-json\/wp\/v2\/categories?post=18213"},{"taxonomy":"post_tag","embeddable":true,"href":"https:\/\/algarve7.pt\/index.php\/wp-json\/wp\/v2\/tags?post=18213"}],"curies":[{"name":"wp","href":"https:\/\/api.w.org\/{rel}","templated":true}]}}