{"id":18154,"date":"2022-05-02T10:20:20","date_gmt":"2022-05-02T09:20:20","guid":{"rendered":"https:\/\/algarve7.pt\/?p=18154"},"modified":"2022-05-02T10:20:21","modified_gmt":"2022-05-02T09:20:21","slug":"portimao-volta-a-recriar-um-dia-na-pre-historia-em-alcalar","status":"publish","type":"post","link":"https:\/\/algarve7.pt\/index.php\/2022\/05\/portimao-volta-a-recriar-um-dia-na-pre-historia-em-alcalar\/cultura\/10\/20\/","title":{"rendered":"Portim\u00e3o volta a recriar \u201cUm dia na Pr\u00e9-Hist\u00f3ria\u201d em Alcalar"},"content":{"rendered":"\n<p>No \u00e2mbito das comemora\u00e7\u00f5es do 14\u00ba anivers\u00e1rio do Museu de Portim\u00e3o, ter\u00e1 lugar no dia 7 de maio uma recria\u00e7\u00e3o pr\u00e9-hist\u00f3rica nos Monumentos Megal\u00edticos de Alcalar entre as 10h00 e as 18h00, com entrada livre e ap\u00f3s dois anos de interregno causados pelas restri\u00e7\u00f5es da Covid-19.<\/p>\n\n\n\n<p>A j\u00e1 tradicional iniciativa volta a ser promovida pela C\u00e2mara Municipal de Portim\u00e3o, atrav\u00e9s do seu museu, em colabora\u00e7\u00e3o com os Munic\u00edpios de Monchique e de Lagos, as Juntas de Freguesia de Portim\u00e3o, Alvor, Mexilhoeira Grande, a Dire\u00e7\u00e3o Regional de Cultura do Algarve e o Grupo de Amigos do Museu de Portim\u00e3o.<\/p>\n\n\n\n<p>Durante o dia, os participantes poder\u00e3o conhecer de uma forma interativa o quotidiano das popula\u00e7\u00f5es pr\u00e9-hist\u00f3ricas atrav\u00e9s de um conjunto diversificado de ateli\u00eas pr\u00e1ticos e did\u00e1ticos, representativos das atividades de ca\u00e7a, olaria, gravura, tecelagem, fabrico de ferramentas, processos de talhe, prepara\u00e7\u00e3o e cozedura de alimentos, fabrico de cerveja pr\u00e9-hist\u00f3rica e de instrumentos agr\u00edcolas e adornos, transporte de grandes monol\u00edticos e moagem.<\/p>\n\n\n\n<p>A edi\u00e7\u00e3o deste ano contar\u00e1 com a anima\u00e7\u00e3o dos alunos dos cursos profissionais de Interprepa\u00e7\u00e3o Teatral e de Cordas e Teclas do Agrupamento das Escolas da Bemposta que ao longo do dia recriar\u00e3o sons e cenas do quotidiano daqueles tempos milenares.<\/p>\n\n\n\n<p><strong>Viagem temporal at\u00e9 h\u00e1 cinco mil anos<\/strong><\/p>\n\n\n\n<p>A arqueologia experimental volta a marcar a oferta da iniciativa, atrav\u00e9s de um conjunto de propostas que permitir\u00e3o ao visitante participar e assistir ao processo de prepara\u00e7\u00e3o dos alimentos, at\u00e9 \u00e0 sua confe\u00e7\u00e3o.<\/p>\n\n\n\n<p>Os mariscos, o berbig\u00e3o, a ameijoa, o peixe e as carnes de porco e borrego fazem igualmente parte da ementa, que os mais curiosos poder\u00e3o provar.<\/p>\n\n\n\n<p>Sem f\u00f3sforos e com facas de s\u00edlex, a equipa especializada neste tipo de experimenta\u00e7\u00e3o vai fazer o fogo e preparar os alimentos numa viagem temporal at\u00e9 cinco mil anos atr\u00e1s, utilizando os instrumentos de pedra.<\/p>\n\n\n\n<p>Para al\u00e9m da prepara\u00e7\u00e3o e cozedura de alimentos, os visitantes ficar\u00e3o tamb\u00e9m a conhecer o fabrico de ferramentas, os processos de talhe, a confe\u00e7\u00e3o de cerveja pr\u00e9-hist\u00f3rica, a produ\u00e7\u00e3o de instrumentos agr\u00edcolas e adornos, o transporte de grandes monol\u00edticos, a moagem, participando igualmente numa oficina de gravura com base nos padr\u00f5es gr\u00e1ficos das placas de xisto.<\/p>\n\n\n\n<p>Esta recria\u00e7\u00e3o, que permite a centenas de fam\u00edlias participarem nas atividades realizadas na pr\u00e9-hist\u00f3ria de forma divertida e pedag\u00f3gica, integra o conjunto de iniciativas que t\u00eam vindo a ser desenvolvidas desde 2006 pelo Museu de Portim\u00e3o, na necr\u00f3pole megal\u00edtica de Alcalar, considerada Monumento Nacional, e constitui um dia de experi\u00eancias fundamentadas pelos estudos j\u00e1 realizados sobre o territ\u00f3rio alcalarense e os trabalhos desenvolvidos por parte de investigadores das universidades de Sevilha e Lisboa (arqueologia), C\u00f3rdoba (estudos de faunas) e Stuttgart (bot\u00e2nica).<\/p>\n\n\n\n<p>Mais informa\u00e7\u00f5es podem ser solicitadas atrav\u00e9s dos telefone 282 405\u00a0230 \/ 282\u00a0248 594 ou pelo seguinte e-mail: <a href=\"mailto:museu@cm-portimao.pt\" target=\"_blank\" rel=\"noreferrer noopener\">museu@cm-portimao.pt<\/a><\/p>\n","protected":false},"excerpt":{"rendered":"<p>No \u00e2mbito das comemora\u00e7\u00f5es do 14\u00ba anivers\u00e1rio do Museu de Portim\u00e3o, ter\u00e1 lugar no dia 7 de maio uma recria\u00e7\u00e3o<\/p>\n","protected":false},"author":1,"featured_media":18155,"comment_status":"closed","ping_status":"open","sticky":false,"template":"","format":"standard","meta":{"colormag_page_container_layout":"default_layout","colormag_page_sidebar_layout":"default_layout","_monsterinsights_skip_tracking":false,"_monsterinsights_sitenote_active":false,"_monsterinsights_sitenote_note":"","_monsterinsights_sitenote_category":0,"jetpack_post_was_ever_published":false,"_jetpack_newsletter_access":"","_jetpack_dont_email_post_to_subs":false,"_jetpack_newsletter_tier_id":0,"_jetpack_memberships_contains_paywalled_content":false,"_jetpack_memberships_contains_paid_content":false,"footnotes":"","jetpack_publicize_message":"","jetpack_publicize_feature_enabled":true,"jetpack_social_post_already_shared":true,"jetpack_social_options":{"image_generator_settings":{"template":"highway","default_image_id":0,"font":"","enabled":false},"version":2}},"categories":[14],"tags":[36,35,72],"class_list":["post-18154","post","type-post","status-publish","format-standard","has-post-thumbnail","hentry","category-cultura","tag-algarve","tag-cultura","tag-portimao"],"yoast_head":"<!-- This site is optimized with the Yoast SEO plugin v27.5 - https:\/\/yoast.com\/product\/yoast-seo-wordpress\/ -->\n<title>Portim\u00e3o volta a recriar \u201cUm dia na Pr\u00e9-Hist\u00f3ria\u201d em Alcalar - Algarve 7<\/title>\n<meta name=\"description\" content=\"Portim\u00e3o volta a recriar \u201cUm dia na Pr\u00e9-Hist\u00f3ria\u201d em Alcalar Cultura\" \/>\n<meta name=\"robots\" content=\"index, follow, max-snippet:-1, max-image-preview:large, max-video-preview:-1\" \/>\n<link rel=\"canonical\" href=\"https:\/\/algarve7.pt\/index.php\/2022\/05\/portimao-volta-a-recriar-um-dia-na-pre-historia-em-alcalar\/cultura\/10\/20\/\" \/>\n<meta property=\"og:locale\" content=\"pt_PT\" \/>\n<meta property=\"og:type\" content=\"article\" \/>\n<meta property=\"og:title\" content=\"Portim\u00e3o volta a recriar \u201cUm dia na Pr\u00e9-Hist\u00f3ria\u201d em Alcalar - Algarve 7\" \/>\n<meta property=\"og:description\" content=\"Portim\u00e3o volta a recriar \u201cUm dia na Pr\u00e9-Hist\u00f3ria\u201d em Alcalar Cultura\" \/>\n<meta property=\"og:url\" content=\"https:\/\/algarve7.pt\/index.php\/2022\/05\/portimao-volta-a-recriar-um-dia-na-pre-historia-em-alcalar\/cultura\/10\/20\/\" \/>\n<meta property=\"og:site_name\" content=\"Algarve 7\" \/>\n<meta property=\"article:publisher\" content=\"https:\/\/www.facebook.com\/algarve7\" \/>\n<meta property=\"article:author\" content=\"https:\/\/www.facebook.com\/algarve7\" \/>\n<meta property=\"article:published_time\" content=\"2022-05-02T09:20:20+00:00\" \/>\n<meta property=\"article:modified_time\" content=\"2022-05-02T09:20:21+00:00\" \/>\n<meta property=\"og:image\" content=\"https:\/\/algarve7.pt\/wp-content\/uploads\/2022\/05\/Utensilios.jpg\" \/>\n\t<meta property=\"og:image:width\" content=\"1280\" \/>\n\t<meta property=\"og:image:height\" content=\"850\" \/>\n\t<meta property=\"og:image:type\" content=\"image\/jpeg\" \/>\n<meta name=\"author\" content=\"Algarve 7\" \/>\n<meta name=\"twitter:card\" content=\"summary_large_image\" \/>\n<meta name=\"twitter:creator\" content=\"@Algarvesete\" \/>\n<meta name=\"twitter:site\" content=\"@Algarvesete\" \/>\n<meta name=\"twitter:label1\" content=\"Escrito por\" \/>\n\t<meta name=\"twitter:data1\" content=\"Algarve 7\" \/>\n\t<meta name=\"twitter:label2\" content=\"Tempo estimado de leitura\" \/>\n\t<meta name=\"twitter:data2\" content=\"3 minutos\" \/>\n<script type=\"application\/ld+json\" class=\"yoast-schema-graph\">{\"@context\":\"https:\\\/\\\/schema.org\",\"@graph\":[{\"@type\":\"Article\",\"@id\":\"https:\\\/\\\/algarve7.pt\\\/index.php\\\/2022\\\/05\\\/portimao-volta-a-recriar-um-dia-na-pre-historia-em-alcalar\\\/cultura\\\/10\\\/20\\\/#article\",\"isPartOf\":{\"@id\":\"https:\\\/\\\/algarve7.pt\\\/index.php\\\/2022\\\/05\\\/portimao-volta-a-recriar-um-dia-na-pre-historia-em-alcalar\\\/cultura\\\/10\\\/20\\\/\"},\"author\":{\"name\":\"Algarve 7\",\"@id\":\"https:\\\/\\\/algarve7.pt\\\/#\\\/schema\\\/person\\\/23fa70681308e7b319a3204bcea45e0c\"},\"headline\":\"Portim\u00e3o volta a recriar \u201cUm dia na Pr\u00e9-Hist\u00f3ria\u201d em Alcalar\",\"datePublished\":\"2022-05-02T09:20:20+00:00\",\"dateModified\":\"2022-05-02T09:20:21+00:00\",\"mainEntityOfPage\":{\"@id\":\"https:\\\/\\\/algarve7.pt\\\/index.php\\\/2022\\\/05\\\/portimao-volta-a-recriar-um-dia-na-pre-historia-em-alcalar\\\/cultura\\\/10\\\/20\\\/\"},\"wordCount\":534,\"publisher\":{\"@id\":\"https:\\\/\\\/algarve7.pt\\\/#organization\"},\"image\":{\"@id\":\"https:\\\/\\\/algarve7.pt\\\/index.php\\\/2022\\\/05\\\/portimao-volta-a-recriar-um-dia-na-pre-historia-em-alcalar\\\/cultura\\\/10\\\/20\\\/#primaryimage\"},\"thumbnailUrl\":\"https:\\\/\\\/algarve7.pt\\\/wp-content\\\/uploads\\\/2022\\\/05\\\/Utensilios.jpg\",\"keywords\":[\"Algarve\",\"Cultura\",\"Portim\u00e3o\"],\"articleSection\":[\"Cultura\"],\"inLanguage\":\"pt-PT\"},{\"@type\":\"WebPage\",\"@id\":\"https:\\\/\\\/algarve7.pt\\\/index.php\\\/2022\\\/05\\\/portimao-volta-a-recriar-um-dia-na-pre-historia-em-alcalar\\\/cultura\\\/10\\\/20\\\/\",\"url\":\"https:\\\/\\\/algarve7.pt\\\/index.php\\\/2022\\\/05\\\/portimao-volta-a-recriar-um-dia-na-pre-historia-em-alcalar\\\/cultura\\\/10\\\/20\\\/\",\"name\":\"Portim\u00e3o volta a recriar \u201cUm dia na Pr\u00e9-Hist\u00f3ria\u201d em Alcalar - Algarve 7\",\"isPartOf\":{\"@id\":\"https:\\\/\\\/algarve7.pt\\\/#website\"},\"primaryImageOfPage\":{\"@id\":\"https:\\\/\\\/algarve7.pt\\\/index.php\\\/2022\\\/05\\\/portimao-volta-a-recriar-um-dia-na-pre-historia-em-alcalar\\\/cultura\\\/10\\\/20\\\/#primaryimage\"},\"image\":{\"@id\":\"https:\\\/\\\/algarve7.pt\\\/index.php\\\/2022\\\/05\\\/portimao-volta-a-recriar-um-dia-na-pre-historia-em-alcalar\\\/cultura\\\/10\\\/20\\\/#primaryimage\"},\"thumbnailUrl\":\"https:\\\/\\\/algarve7.pt\\\/wp-content\\\/uploads\\\/2022\\\/05\\\/Utensilios.jpg\",\"datePublished\":\"2022-05-02T09:20:20+00:00\",\"dateModified\":\"2022-05-02T09:20:21+00:00\",\"description\":\"Portim\u00e3o volta a recriar \u201cUm dia na Pr\u00e9-Hist\u00f3ria\u201d em Alcalar Cultura\",\"breadcrumb\":{\"@id\":\"https:\\\/\\\/algarve7.pt\\\/index.php\\\/2022\\\/05\\\/portimao-volta-a-recriar-um-dia-na-pre-historia-em-alcalar\\\/cultura\\\/10\\\/20\\\/#breadcrumb\"},\"inLanguage\":\"pt-PT\",\"potentialAction\":[{\"@type\":\"ReadAction\",\"target\":[\"https:\\\/\\\/algarve7.pt\\\/index.php\\\/2022\\\/05\\\/portimao-volta-a-recriar-um-dia-na-pre-historia-em-alcalar\\\/cultura\\\/10\\\/20\\\/\"]}]},{\"@type\":\"ImageObject\",\"inLanguage\":\"pt-PT\",\"@id\":\"https:\\\/\\\/algarve7.pt\\\/index.php\\\/2022\\\/05\\\/portimao-volta-a-recriar-um-dia-na-pre-historia-em-alcalar\\\/cultura\\\/10\\\/20\\\/#primaryimage\",\"url\":\"https:\\\/\\\/algarve7.pt\\\/wp-content\\\/uploads\\\/2022\\\/05\\\/Utensilios.jpg\",\"contentUrl\":\"https:\\\/\\\/algarve7.pt\\\/wp-content\\\/uploads\\\/2022\\\/05\\\/Utensilios.jpg\",\"width\":1280,\"height\":850},{\"@type\":\"BreadcrumbList\",\"@id\":\"https:\\\/\\\/algarve7.pt\\\/index.php\\\/2022\\\/05\\\/portimao-volta-a-recriar-um-dia-na-pre-historia-em-alcalar\\\/cultura\\\/10\\\/20\\\/#breadcrumb\",\"itemListElement\":[{\"@type\":\"ListItem\",\"position\":1,\"name\":\"In\u00edcio\",\"item\":\"https:\\\/\\\/algarve7.pt\\\/\"},{\"@type\":\"ListItem\",\"position\":2,\"name\":\"Portim\u00e3o volta a recriar \u201cUm dia na Pr\u00e9-Hist\u00f3ria\u201d em Alcalar\"}]},{\"@type\":\"WebSite\",\"@id\":\"https:\\\/\\\/algarve7.pt\\\/#website\",\"url\":\"https:\\\/\\\/algarve7.pt\\\/\",\"name\":\"Algarve 7\",\"description\":\"Informa\u00e7\u00e3o sobre o Algarve\",\"publisher\":{\"@id\":\"https:\\\/\\\/algarve7.pt\\\/#organization\"},\"potentialAction\":[{\"@type\":\"SearchAction\",\"target\":{\"@type\":\"EntryPoint\",\"urlTemplate\":\"https:\\\/\\\/algarve7.pt\\\/?s={search_term_string}\"},\"query-input\":{\"@type\":\"PropertyValueSpecification\",\"valueRequired\":true,\"valueName\":\"search_term_string\"}}],\"inLanguage\":\"pt-PT\"},{\"@type\":\"Organization\",\"@id\":\"https:\\\/\\\/algarve7.pt\\\/#organization\",\"name\":\"Algarve 7\",\"url\":\"https:\\\/\\\/algarve7.pt\\\/\",\"logo\":{\"@type\":\"ImageObject\",\"inLanguage\":\"pt-PT\",\"@id\":\"https:\\\/\\\/algarve7.pt\\\/#\\\/schema\\\/logo\\\/image\\\/\",\"url\":\"https:\\\/\\\/algarve7.pt\\\/wp-content\\\/uploads\\\/2020\\\/10\\\/Logo-8.jpg\",\"contentUrl\":\"https:\\\/\\\/algarve7.pt\\\/wp-content\\\/uploads\\\/2020\\\/10\\\/Logo-8.jpg\",\"width\":1680,\"height\":1186,\"caption\":\"Algarve 7\"},\"image\":{\"@id\":\"https:\\\/\\\/algarve7.pt\\\/#\\\/schema\\\/logo\\\/image\\\/\"},\"sameAs\":[\"https:\\\/\\\/www.facebook.com\\\/algarve7\",\"https:\\\/\\\/x.com\\\/Algarvesete\",\"https:\\\/\\\/www.instagram.com\\\/jornalalgarve7\\\/\",\"https:\\\/\\\/www.linkedin.com\\\/company\\\/algarve7\",\"https:\\\/\\\/www.pinterest.pt\\\/geral0939\\\/_created\\\/\"]},{\"@type\":\"Person\",\"@id\":\"https:\\\/\\\/algarve7.pt\\\/#\\\/schema\\\/person\\\/23fa70681308e7b319a3204bcea45e0c\",\"name\":\"Algarve 7\",\"sameAs\":[\"https:\\\/\\\/algarve7.pt\",\"https:\\\/\\\/www.facebook.com\\\/algarve7\"],\"url\":\"https:\\\/\\\/algarve7.pt\\\/index.php\\\/author\\\/geralalgarve7-pt\\\/\"}]}<\/script>\n<!-- \/ Yoast SEO plugin. -->","yoast_head_json":{"title":"Portim\u00e3o volta a recriar \u201cUm dia na Pr\u00e9-Hist\u00f3ria\u201d em Alcalar - Algarve 7","description":"Portim\u00e3o volta a recriar \u201cUm dia na Pr\u00e9-Hist\u00f3ria\u201d em Alcalar Cultura","robots":{"index":"index","follow":"follow","max-snippet":"max-snippet:-1","max-image-preview":"max-image-preview:large","max-video-preview":"max-video-preview:-1"},"canonical":"https:\/\/algarve7.pt\/index.php\/2022\/05\/portimao-volta-a-recriar-um-dia-na-pre-historia-em-alcalar\/cultura\/10\/20\/","og_locale":"pt_PT","og_type":"article","og_title":"Portim\u00e3o volta a recriar \u201cUm dia na Pr\u00e9-Hist\u00f3ria\u201d em Alcalar - Algarve 7","og_description":"Portim\u00e3o volta a recriar \u201cUm dia na Pr\u00e9-Hist\u00f3ria\u201d em Alcalar Cultura","og_url":"https:\/\/algarve7.pt\/index.php\/2022\/05\/portimao-volta-a-recriar-um-dia-na-pre-historia-em-alcalar\/cultura\/10\/20\/","og_site_name":"Algarve 7","article_publisher":"https:\/\/www.facebook.com\/algarve7","article_author":"https:\/\/www.facebook.com\/algarve7","article_published_time":"2022-05-02T09:20:20+00:00","article_modified_time":"2022-05-02T09:20:21+00:00","og_image":[{"width":1280,"height":850,"url":"https:\/\/algarve7.pt\/wp-content\/uploads\/2022\/05\/Utensilios.jpg","type":"image\/jpeg"}],"author":"Algarve 7","twitter_card":"summary_large_image","twitter_creator":"@Algarvesete","twitter_site":"@Algarvesete","twitter_misc":{"Escrito por":"Algarve 7","Tempo estimado de leitura":"3 minutos"},"schema":{"@context":"https:\/\/schema.org","@graph":[{"@type":"Article","@id":"https:\/\/algarve7.pt\/index.php\/2022\/05\/portimao-volta-a-recriar-um-dia-na-pre-historia-em-alcalar\/cultura\/10\/20\/#article","isPartOf":{"@id":"https:\/\/algarve7.pt\/index.php\/2022\/05\/portimao-volta-a-recriar-um-dia-na-pre-historia-em-alcalar\/cultura\/10\/20\/"},"author":{"name":"Algarve 7","@id":"https:\/\/algarve7.pt\/#\/schema\/person\/23fa70681308e7b319a3204bcea45e0c"},"headline":"Portim\u00e3o volta a recriar \u201cUm dia na Pr\u00e9-Hist\u00f3ria\u201d em Alcalar","datePublished":"2022-05-02T09:20:20+00:00","dateModified":"2022-05-02T09:20:21+00:00","mainEntityOfPage":{"@id":"https:\/\/algarve7.pt\/index.php\/2022\/05\/portimao-volta-a-recriar-um-dia-na-pre-historia-em-alcalar\/cultura\/10\/20\/"},"wordCount":534,"publisher":{"@id":"https:\/\/algarve7.pt\/#organization"},"image":{"@id":"https:\/\/algarve7.pt\/index.php\/2022\/05\/portimao-volta-a-recriar-um-dia-na-pre-historia-em-alcalar\/cultura\/10\/20\/#primaryimage"},"thumbnailUrl":"https:\/\/algarve7.pt\/wp-content\/uploads\/2022\/05\/Utensilios.jpg","keywords":["Algarve","Cultura","Portim\u00e3o"],"articleSection":["Cultura"],"inLanguage":"pt-PT"},{"@type":"WebPage","@id":"https:\/\/algarve7.pt\/index.php\/2022\/05\/portimao-volta-a-recriar-um-dia-na-pre-historia-em-alcalar\/cultura\/10\/20\/","url":"https:\/\/algarve7.pt\/index.php\/2022\/05\/portimao-volta-a-recriar-um-dia-na-pre-historia-em-alcalar\/cultura\/10\/20\/","name":"Portim\u00e3o volta a recriar \u201cUm dia na Pr\u00e9-Hist\u00f3ria\u201d em Alcalar - Algarve 7","isPartOf":{"@id":"https:\/\/algarve7.pt\/#website"},"primaryImageOfPage":{"@id":"https:\/\/algarve7.pt\/index.php\/2022\/05\/portimao-volta-a-recriar-um-dia-na-pre-historia-em-alcalar\/cultura\/10\/20\/#primaryimage"},"image":{"@id":"https:\/\/algarve7.pt\/index.php\/2022\/05\/portimao-volta-a-recriar-um-dia-na-pre-historia-em-alcalar\/cultura\/10\/20\/#primaryimage"},"thumbnailUrl":"https:\/\/algarve7.pt\/wp-content\/uploads\/2022\/05\/Utensilios.jpg","datePublished":"2022-05-02T09:20:20+00:00","dateModified":"2022-05-02T09:20:21+00:00","description":"Portim\u00e3o volta a recriar \u201cUm dia na Pr\u00e9-Hist\u00f3ria\u201d em Alcalar Cultura","breadcrumb":{"@id":"https:\/\/algarve7.pt\/index.php\/2022\/05\/portimao-volta-a-recriar-um-dia-na-pre-historia-em-alcalar\/cultura\/10\/20\/#breadcrumb"},"inLanguage":"pt-PT","potentialAction":[{"@type":"ReadAction","target":["https:\/\/algarve7.pt\/index.php\/2022\/05\/portimao-volta-a-recriar-um-dia-na-pre-historia-em-alcalar\/cultura\/10\/20\/"]}]},{"@type":"ImageObject","inLanguage":"pt-PT","@id":"https:\/\/algarve7.pt\/index.php\/2022\/05\/portimao-volta-a-recriar-um-dia-na-pre-historia-em-alcalar\/cultura\/10\/20\/#primaryimage","url":"https:\/\/algarve7.pt\/wp-content\/uploads\/2022\/05\/Utensilios.jpg","contentUrl":"https:\/\/algarve7.pt\/wp-content\/uploads\/2022\/05\/Utensilios.jpg","width":1280,"height":850},{"@type":"BreadcrumbList","@id":"https:\/\/algarve7.pt\/index.php\/2022\/05\/portimao-volta-a-recriar-um-dia-na-pre-historia-em-alcalar\/cultura\/10\/20\/#breadcrumb","itemListElement":[{"@type":"ListItem","position":1,"name":"In\u00edcio","item":"https:\/\/algarve7.pt\/"},{"@type":"ListItem","position":2,"name":"Portim\u00e3o volta a recriar \u201cUm dia na Pr\u00e9-Hist\u00f3ria\u201d em Alcalar"}]},{"@type":"WebSite","@id":"https:\/\/algarve7.pt\/#website","url":"https:\/\/algarve7.pt\/","name":"Algarve 7","description":"Informa\u00e7\u00e3o sobre o Algarve","publisher":{"@id":"https:\/\/algarve7.pt\/#organization"},"potentialAction":[{"@type":"SearchAction","target":{"@type":"EntryPoint","urlTemplate":"https:\/\/algarve7.pt\/?s={search_term_string}"},"query-input":{"@type":"PropertyValueSpecification","valueRequired":true,"valueName":"search_term_string"}}],"inLanguage":"pt-PT"},{"@type":"Organization","@id":"https:\/\/algarve7.pt\/#organization","name":"Algarve 7","url":"https:\/\/algarve7.pt\/","logo":{"@type":"ImageObject","inLanguage":"pt-PT","@id":"https:\/\/algarve7.pt\/#\/schema\/logo\/image\/","url":"https:\/\/algarve7.pt\/wp-content\/uploads\/2020\/10\/Logo-8.jpg","contentUrl":"https:\/\/algarve7.pt\/wp-content\/uploads\/2020\/10\/Logo-8.jpg","width":1680,"height":1186,"caption":"Algarve 7"},"image":{"@id":"https:\/\/algarve7.pt\/#\/schema\/logo\/image\/"},"sameAs":["https:\/\/www.facebook.com\/algarve7","https:\/\/x.com\/Algarvesete","https:\/\/www.instagram.com\/jornalalgarve7\/","https:\/\/www.linkedin.com\/company\/algarve7","https:\/\/www.pinterest.pt\/geral0939\/_created\/"]},{"@type":"Person","@id":"https:\/\/algarve7.pt\/#\/schema\/person\/23fa70681308e7b319a3204bcea45e0c","name":"Algarve 7","sameAs":["https:\/\/algarve7.pt","https:\/\/www.facebook.com\/algarve7"],"url":"https:\/\/algarve7.pt\/index.php\/author\/geralalgarve7-pt\/"}]}},"jetpack_publicize_connections":[],"jetpack_featured_media_url":"https:\/\/algarve7.pt\/wp-content\/uploads\/2022\/05\/Utensilios.jpg","jetpack_shortlink":"https:\/\/wp.me\/pcezmW-4IO","jetpack_sharing_enabled":true,"_links":{"self":[{"href":"https:\/\/algarve7.pt\/index.php\/wp-json\/wp\/v2\/posts\/18154","targetHints":{"allow":["GET"]}}],"collection":[{"href":"https:\/\/algarve7.pt\/index.php\/wp-json\/wp\/v2\/posts"}],"about":[{"href":"https:\/\/algarve7.pt\/index.php\/wp-json\/wp\/v2\/types\/post"}],"author":[{"embeddable":true,"href":"https:\/\/algarve7.pt\/index.php\/wp-json\/wp\/v2\/users\/1"}],"replies":[{"embeddable":true,"href":"https:\/\/algarve7.pt\/index.php\/wp-json\/wp\/v2\/comments?post=18154"}],"version-history":[{"count":0,"href":"https:\/\/algarve7.pt\/index.php\/wp-json\/wp\/v2\/posts\/18154\/revisions"}],"wp:featuredmedia":[{"embeddable":true,"href":"https:\/\/algarve7.pt\/index.php\/wp-json\/wp\/v2\/media\/18155"}],"wp:attachment":[{"href":"https:\/\/algarve7.pt\/index.php\/wp-json\/wp\/v2\/media?parent=18154"}],"wp:term":[{"taxonomy":"category","embeddable":true,"href":"https:\/\/algarve7.pt\/index.php\/wp-json\/wp\/v2\/categories?post=18154"},{"taxonomy":"post_tag","embeddable":true,"href":"https:\/\/algarve7.pt\/index.php\/wp-json\/wp\/v2\/tags?post=18154"}],"curies":[{"name":"wp","href":"https:\/\/api.w.org\/{rel}","templated":true}]}}