{"id":18094,"date":"2022-04-28T19:09:20","date_gmt":"2022-04-28T18:09:20","guid":{"rendered":"https:\/\/algarve7.pt\/?p=18094"},"modified":"2022-04-28T19:09:21","modified_gmt":"2022-04-28T18:09:21","slug":"casa-do-meio-dia-em-loule-recebe-apresentacao-de-por-este-mar-adentro","status":"publish","type":"post","link":"https:\/\/algarve7.pt\/index.php\/2022\/04\/casa-do-meio-dia-em-loule-recebe-apresentacao-de-por-este-mar-adentro\/cultura\/19\/09\/","title":{"rendered":"Casa do meio-dia em Loul\u00e9 recebe apresenta\u00e7\u00e3o de \u201cpor este mar adentro\u201d"},"content":{"rendered":"\n<p>A 30 de abril, s\u00e1bado, pelas 18h00, Ana Isabel Soares ir\u00e1 apresentar o livro \u201cPor este mar adentro\u201d, da autoria de Maria da Gra\u00e7a A. Mateus Ventura, na Casa do Meio-Dia, em Loul\u00e9.<\/p>\n\n\n\n<p>&nbsp;\u201cAo longo do s\u00e9culo XVI e durante toda a Uni\u00e3o Ib\u00e9rica, a fronteira algarvia manteve\u2011se perme\u00e1vel, fruto da mobilidade partilhada por algarvios e andaluzes. Legal ou ilegalmente, a gente do mar do Algarve participava na Carreira das \u00cdndias Ocidentais, fornecendo barcos, apetrechos, m\u00e3o-de-obra qualificada e abrigo para as armadas da Guarda.<\/p>\n\n\n\n<p>Quando o Atl\u00e2ntico se abriu ao mundo e se tornou um circuito de mercadorias e de pessoas das mais variadas condi\u00e7\u00f5es e ideias, os algarvios aventuraram\u2011se mar adentro, participando ativamente na constru\u00e7\u00e3o da modernidade e no processo de globaliza\u00e7\u00e3o. \u201cPor Este Mar Adentro\u201d recupera os percursos de vida dos protagonistas deste fluxo migrat\u00f3rio e ressitua historicamente o Algarve na din\u00e2mica econ\u00f3mica do espa\u00e7o atl\u00e2ntico.\u201d<\/p>\n\n\n\n<p>Maria da Gra\u00e7a A. Mateus Ventura, doutorada em Letras pela Universidade de Lisboa (UL), \u00e9 investigadora integrada no Centro de Hist\u00f3ria da mesma universidade, investigadora associada no CHAM \u2014 Centro de Humanidades da Universidade Nova de Lisboa, membro da Asociaci\u00f3n Espa\u00f1ola de Americanistas e da Associa\u00e7\u00e3o de Historiadores Latino\u2011Americanistas Europeus.<\/p>\n\n\n\n<p>\u00c9 cofundadora (1995) e presidente do Instituto de Cultura Ibero\u2011Atl\u00e2ntica (ICIA). Foi promotora da rede portuguesa para a C\u00e1tedra de Hist\u00f3ria da Ibero\u2011Am\u00e9rica (OEI), professora visitante na Faculdade de Ci\u00eancias Humanas e Sociais da Universidade do Algarve e coordenadora executiva da C\u00e1tedra de Estudos Ibero\u2011Americanos (UALG e UL). Dos seus sete livros publicados, a maioria dos quais sobre a Ibero\u2011Am\u00e9rica, destacam \u2011se \u201cManuel Teixeira Gomes: Of\u00edcio de viver\u201d (coord.; Tinta\u2011da\u2011china, 2010) e \u201cPortugueses no Peru ao Tempo da Uni\u00e3o Ib\u00e9rica: Mobilidade, cumplicidades e viv\u00eancias\u201d (2 vols., 3 tomos, Lisboa, INCM, 2005). \u00c9 diretora da cole\u00e7\u00e3o \u201cTravessias\u201d e da \u201cMeridional: Revista de estudos do Mediterr\u00e2neo\u201d (ICIA). Tem participado em numerosas obras coletivas, colabora em revistas nacionais e internacionais e \u00e9 avaliadora externa de diversas revistas nacionais e ibero\u2011americanas.<\/p>\n\n\n\n<p>Esta \u00e9 uma iniciativa conjunta da C\u00e2mara Municipal de Loul\u00e9 e da Sul, Sol e Sal \u2013Editores.<\/p>\n","protected":false},"excerpt":{"rendered":"<p>A 30 de abril, s\u00e1bado, pelas 18h00, Ana Isabel Soares ir\u00e1 apresentar o livro \u201cPor este mar adentro\u201d, da autoria<\/p>\n","protected":false},"author":1,"featured_media":18095,"comment_status":"closed","ping_status":"open","sticky":false,"template":"","format":"standard","meta":{"colormag_page_container_layout":"default_layout","colormag_page_sidebar_layout":"default_layout","_monsterinsights_skip_tracking":false,"_monsterinsights_sitenote_active":false,"_monsterinsights_sitenote_note":"","_monsterinsights_sitenote_category":0,"jetpack_post_was_ever_published":false,"_jetpack_newsletter_access":"","_jetpack_dont_email_post_to_subs":false,"_jetpack_newsletter_tier_id":0,"_jetpack_memberships_contains_paywalled_content":false,"_jetpack_memberships_contains_paid_content":false,"footnotes":"","jetpack_publicize_message":"","jetpack_publicize_feature_enabled":true,"jetpack_social_post_already_shared":true,"jetpack_social_options":{"image_generator_settings":{"template":"highway","default_image_id":0,"font":"","enabled":false},"version":2}},"categories":[14],"tags":[36,35,31],"class_list":["post-18094","post","type-post","status-publish","format-standard","has-post-thumbnail","hentry","category-cultura","tag-algarve","tag-cultura","tag-loule"],"yoast_head":"<!-- This site is optimized with the Yoast SEO plugin v27.5 - https:\/\/yoast.com\/product\/yoast-seo-wordpress\/ -->\n<title>Casa do meio-dia em Loul\u00e9 recebe apresenta\u00e7\u00e3o de \u201cpor este mar adentro\u201d - Algarve 7<\/title>\n<meta name=\"description\" content=\"Casa do meio-dia em Loul\u00e9 recebe apresenta\u00e7\u00e3o de \u201cpor este mar adentro\u201d Cultura\" \/>\n<meta name=\"robots\" content=\"index, follow, max-snippet:-1, max-image-preview:large, max-video-preview:-1\" \/>\n<link rel=\"canonical\" href=\"https:\/\/algarve7.pt\/index.php\/2022\/04\/casa-do-meio-dia-em-loule-recebe-apresentacao-de-por-este-mar-adentro\/cultura\/19\/09\/\" \/>\n<meta property=\"og:locale\" content=\"pt_PT\" \/>\n<meta property=\"og:type\" content=\"article\" \/>\n<meta property=\"og:title\" content=\"Casa do meio-dia em Loul\u00e9 recebe apresenta\u00e7\u00e3o de \u201cpor este mar adentro\u201d - Algarve 7\" \/>\n<meta property=\"og:description\" content=\"Casa do meio-dia em Loul\u00e9 recebe apresenta\u00e7\u00e3o de \u201cpor este mar adentro\u201d Cultura\" \/>\n<meta property=\"og:url\" content=\"https:\/\/algarve7.pt\/index.php\/2022\/04\/casa-do-meio-dia-em-loule-recebe-apresentacao-de-por-este-mar-adentro\/cultura\/19\/09\/\" \/>\n<meta property=\"og:site_name\" content=\"Algarve 7\" \/>\n<meta property=\"article:publisher\" content=\"https:\/\/www.facebook.com\/algarve7\" \/>\n<meta property=\"article:author\" content=\"https:\/\/www.facebook.com\/algarve7\" \/>\n<meta property=\"article:published_time\" content=\"2022-04-28T18:09:20+00:00\" \/>\n<meta property=\"article:modified_time\" content=\"2022-04-28T18:09:21+00:00\" \/>\n<meta property=\"og:image\" content=\"https:\/\/algarve7.pt\/wp-content\/uploads\/2022\/04\/Por-este-mar-adentro.jpg\" \/>\n\t<meta property=\"og:image:width\" content=\"500\" \/>\n\t<meta property=\"og:image:height\" content=\"718\" \/>\n\t<meta property=\"og:image:type\" content=\"image\/jpeg\" \/>\n<meta name=\"author\" content=\"Algarve 7\" \/>\n<meta name=\"twitter:card\" content=\"summary_large_image\" \/>\n<meta name=\"twitter:creator\" content=\"@Algarvesete\" \/>\n<meta name=\"twitter:site\" content=\"@Algarvesete\" \/>\n<meta name=\"twitter:label1\" content=\"Escrito por\" \/>\n\t<meta name=\"twitter:data1\" content=\"Algarve 7\" \/>\n\t<meta name=\"twitter:label2\" content=\"Tempo estimado de leitura\" \/>\n\t<meta name=\"twitter:data2\" content=\"2 minutos\" \/>\n<script type=\"application\/ld+json\" class=\"yoast-schema-graph\">{\"@context\":\"https:\\\/\\\/schema.org\",\"@graph\":[{\"@type\":\"Article\",\"@id\":\"https:\\\/\\\/algarve7.pt\\\/index.php\\\/2022\\\/04\\\/casa-do-meio-dia-em-loule-recebe-apresentacao-de-por-este-mar-adentro\\\/cultura\\\/19\\\/09\\\/#article\",\"isPartOf\":{\"@id\":\"https:\\\/\\\/algarve7.pt\\\/index.php\\\/2022\\\/04\\\/casa-do-meio-dia-em-loule-recebe-apresentacao-de-por-este-mar-adentro\\\/cultura\\\/19\\\/09\\\/\"},\"author\":{\"name\":\"Algarve 7\",\"@id\":\"https:\\\/\\\/algarve7.pt\\\/#\\\/schema\\\/person\\\/23fa70681308e7b319a3204bcea45e0c\"},\"headline\":\"Casa do meio-dia em Loul\u00e9 recebe apresenta\u00e7\u00e3o de \u201cpor este mar adentro\u201d\",\"datePublished\":\"2022-04-28T18:09:20+00:00\",\"dateModified\":\"2022-04-28T18:09:21+00:00\",\"mainEntityOfPage\":{\"@id\":\"https:\\\/\\\/algarve7.pt\\\/index.php\\\/2022\\\/04\\\/casa-do-meio-dia-em-loule-recebe-apresentacao-de-por-este-mar-adentro\\\/cultura\\\/19\\\/09\\\/\"},\"wordCount\":389,\"publisher\":{\"@id\":\"https:\\\/\\\/algarve7.pt\\\/#organization\"},\"image\":{\"@id\":\"https:\\\/\\\/algarve7.pt\\\/index.php\\\/2022\\\/04\\\/casa-do-meio-dia-em-loule-recebe-apresentacao-de-por-este-mar-adentro\\\/cultura\\\/19\\\/09\\\/#primaryimage\"},\"thumbnailUrl\":\"https:\\\/\\\/algarve7.pt\\\/wp-content\\\/uploads\\\/2022\\\/04\\\/Por-este-mar-adentro.jpg\",\"keywords\":[\"Algarve\",\"Cultura\",\"Loul\u00e9\"],\"articleSection\":[\"Cultura\"],\"inLanguage\":\"pt-PT\"},{\"@type\":\"WebPage\",\"@id\":\"https:\\\/\\\/algarve7.pt\\\/index.php\\\/2022\\\/04\\\/casa-do-meio-dia-em-loule-recebe-apresentacao-de-por-este-mar-adentro\\\/cultura\\\/19\\\/09\\\/\",\"url\":\"https:\\\/\\\/algarve7.pt\\\/index.php\\\/2022\\\/04\\\/casa-do-meio-dia-em-loule-recebe-apresentacao-de-por-este-mar-adentro\\\/cultura\\\/19\\\/09\\\/\",\"name\":\"Casa do meio-dia em Loul\u00e9 recebe apresenta\u00e7\u00e3o de \u201cpor este mar adentro\u201d - Algarve 7\",\"isPartOf\":{\"@id\":\"https:\\\/\\\/algarve7.pt\\\/#website\"},\"primaryImageOfPage\":{\"@id\":\"https:\\\/\\\/algarve7.pt\\\/index.php\\\/2022\\\/04\\\/casa-do-meio-dia-em-loule-recebe-apresentacao-de-por-este-mar-adentro\\\/cultura\\\/19\\\/09\\\/#primaryimage\"},\"image\":{\"@id\":\"https:\\\/\\\/algarve7.pt\\\/index.php\\\/2022\\\/04\\\/casa-do-meio-dia-em-loule-recebe-apresentacao-de-por-este-mar-adentro\\\/cultura\\\/19\\\/09\\\/#primaryimage\"},\"thumbnailUrl\":\"https:\\\/\\\/algarve7.pt\\\/wp-content\\\/uploads\\\/2022\\\/04\\\/Por-este-mar-adentro.jpg\",\"datePublished\":\"2022-04-28T18:09:20+00:00\",\"dateModified\":\"2022-04-28T18:09:21+00:00\",\"description\":\"Casa do meio-dia em Loul\u00e9 recebe apresenta\u00e7\u00e3o de \u201cpor este mar adentro\u201d Cultura\",\"breadcrumb\":{\"@id\":\"https:\\\/\\\/algarve7.pt\\\/index.php\\\/2022\\\/04\\\/casa-do-meio-dia-em-loule-recebe-apresentacao-de-por-este-mar-adentro\\\/cultura\\\/19\\\/09\\\/#breadcrumb\"},\"inLanguage\":\"pt-PT\",\"potentialAction\":[{\"@type\":\"ReadAction\",\"target\":[\"https:\\\/\\\/algarve7.pt\\\/index.php\\\/2022\\\/04\\\/casa-do-meio-dia-em-loule-recebe-apresentacao-de-por-este-mar-adentro\\\/cultura\\\/19\\\/09\\\/\"]}]},{\"@type\":\"ImageObject\",\"inLanguage\":\"pt-PT\",\"@id\":\"https:\\\/\\\/algarve7.pt\\\/index.php\\\/2022\\\/04\\\/casa-do-meio-dia-em-loule-recebe-apresentacao-de-por-este-mar-adentro\\\/cultura\\\/19\\\/09\\\/#primaryimage\",\"url\":\"https:\\\/\\\/algarve7.pt\\\/wp-content\\\/uploads\\\/2022\\\/04\\\/Por-este-mar-adentro.jpg\",\"contentUrl\":\"https:\\\/\\\/algarve7.pt\\\/wp-content\\\/uploads\\\/2022\\\/04\\\/Por-este-mar-adentro.jpg\",\"width\":500,\"height\":718},{\"@type\":\"BreadcrumbList\",\"@id\":\"https:\\\/\\\/algarve7.pt\\\/index.php\\\/2022\\\/04\\\/casa-do-meio-dia-em-loule-recebe-apresentacao-de-por-este-mar-adentro\\\/cultura\\\/19\\\/09\\\/#breadcrumb\",\"itemListElement\":[{\"@type\":\"ListItem\",\"position\":1,\"name\":\"In\u00edcio\",\"item\":\"https:\\\/\\\/algarve7.pt\\\/\"},{\"@type\":\"ListItem\",\"position\":2,\"name\":\"Casa do meio-dia em Loul\u00e9 recebe apresenta\u00e7\u00e3o de \u201cpor este mar adentro\u201d\"}]},{\"@type\":\"WebSite\",\"@id\":\"https:\\\/\\\/algarve7.pt\\\/#website\",\"url\":\"https:\\\/\\\/algarve7.pt\\\/\",\"name\":\"Algarve 7\",\"description\":\"Informa\u00e7\u00e3o sobre o Algarve\",\"publisher\":{\"@id\":\"https:\\\/\\\/algarve7.pt\\\/#organization\"},\"potentialAction\":[{\"@type\":\"SearchAction\",\"target\":{\"@type\":\"EntryPoint\",\"urlTemplate\":\"https:\\\/\\\/algarve7.pt\\\/?s={search_term_string}\"},\"query-input\":{\"@type\":\"PropertyValueSpecification\",\"valueRequired\":true,\"valueName\":\"search_term_string\"}}],\"inLanguage\":\"pt-PT\"},{\"@type\":\"Organization\",\"@id\":\"https:\\\/\\\/algarve7.pt\\\/#organization\",\"name\":\"Algarve 7\",\"url\":\"https:\\\/\\\/algarve7.pt\\\/\",\"logo\":{\"@type\":\"ImageObject\",\"inLanguage\":\"pt-PT\",\"@id\":\"https:\\\/\\\/algarve7.pt\\\/#\\\/schema\\\/logo\\\/image\\\/\",\"url\":\"https:\\\/\\\/algarve7.pt\\\/wp-content\\\/uploads\\\/2020\\\/10\\\/Logo-8.jpg\",\"contentUrl\":\"https:\\\/\\\/algarve7.pt\\\/wp-content\\\/uploads\\\/2020\\\/10\\\/Logo-8.jpg\",\"width\":1680,\"height\":1186,\"caption\":\"Algarve 7\"},\"image\":{\"@id\":\"https:\\\/\\\/algarve7.pt\\\/#\\\/schema\\\/logo\\\/image\\\/\"},\"sameAs\":[\"https:\\\/\\\/www.facebook.com\\\/algarve7\",\"https:\\\/\\\/x.com\\\/Algarvesete\",\"https:\\\/\\\/www.instagram.com\\\/jornalalgarve7\\\/\",\"https:\\\/\\\/www.linkedin.com\\\/company\\\/algarve7\",\"https:\\\/\\\/www.pinterest.pt\\\/geral0939\\\/_created\\\/\"]},{\"@type\":\"Person\",\"@id\":\"https:\\\/\\\/algarve7.pt\\\/#\\\/schema\\\/person\\\/23fa70681308e7b319a3204bcea45e0c\",\"name\":\"Algarve 7\",\"sameAs\":[\"https:\\\/\\\/algarve7.pt\",\"https:\\\/\\\/www.facebook.com\\\/algarve7\"],\"url\":\"https:\\\/\\\/algarve7.pt\\\/index.php\\\/author\\\/geralalgarve7-pt\\\/\"}]}<\/script>\n<!-- \/ Yoast SEO plugin. -->","yoast_head_json":{"title":"Casa do meio-dia em Loul\u00e9 recebe apresenta\u00e7\u00e3o de \u201cpor este mar adentro\u201d - Algarve 7","description":"Casa do meio-dia em Loul\u00e9 recebe apresenta\u00e7\u00e3o de \u201cpor este mar adentro\u201d Cultura","robots":{"index":"index","follow":"follow","max-snippet":"max-snippet:-1","max-image-preview":"max-image-preview:large","max-video-preview":"max-video-preview:-1"},"canonical":"https:\/\/algarve7.pt\/index.php\/2022\/04\/casa-do-meio-dia-em-loule-recebe-apresentacao-de-por-este-mar-adentro\/cultura\/19\/09\/","og_locale":"pt_PT","og_type":"article","og_title":"Casa do meio-dia em Loul\u00e9 recebe apresenta\u00e7\u00e3o de \u201cpor este mar adentro\u201d - Algarve 7","og_description":"Casa do meio-dia em Loul\u00e9 recebe apresenta\u00e7\u00e3o de \u201cpor este mar adentro\u201d Cultura","og_url":"https:\/\/algarve7.pt\/index.php\/2022\/04\/casa-do-meio-dia-em-loule-recebe-apresentacao-de-por-este-mar-adentro\/cultura\/19\/09\/","og_site_name":"Algarve 7","article_publisher":"https:\/\/www.facebook.com\/algarve7","article_author":"https:\/\/www.facebook.com\/algarve7","article_published_time":"2022-04-28T18:09:20+00:00","article_modified_time":"2022-04-28T18:09:21+00:00","og_image":[{"width":500,"height":718,"url":"https:\/\/algarve7.pt\/wp-content\/uploads\/2022\/04\/Por-este-mar-adentro.jpg","type":"image\/jpeg"}],"author":"Algarve 7","twitter_card":"summary_large_image","twitter_creator":"@Algarvesete","twitter_site":"@Algarvesete","twitter_misc":{"Escrito por":"Algarve 7","Tempo estimado de leitura":"2 minutos"},"schema":{"@context":"https:\/\/schema.org","@graph":[{"@type":"Article","@id":"https:\/\/algarve7.pt\/index.php\/2022\/04\/casa-do-meio-dia-em-loule-recebe-apresentacao-de-por-este-mar-adentro\/cultura\/19\/09\/#article","isPartOf":{"@id":"https:\/\/algarve7.pt\/index.php\/2022\/04\/casa-do-meio-dia-em-loule-recebe-apresentacao-de-por-este-mar-adentro\/cultura\/19\/09\/"},"author":{"name":"Algarve 7","@id":"https:\/\/algarve7.pt\/#\/schema\/person\/23fa70681308e7b319a3204bcea45e0c"},"headline":"Casa do meio-dia em Loul\u00e9 recebe apresenta\u00e7\u00e3o de \u201cpor este mar adentro\u201d","datePublished":"2022-04-28T18:09:20+00:00","dateModified":"2022-04-28T18:09:21+00:00","mainEntityOfPage":{"@id":"https:\/\/algarve7.pt\/index.php\/2022\/04\/casa-do-meio-dia-em-loule-recebe-apresentacao-de-por-este-mar-adentro\/cultura\/19\/09\/"},"wordCount":389,"publisher":{"@id":"https:\/\/algarve7.pt\/#organization"},"image":{"@id":"https:\/\/algarve7.pt\/index.php\/2022\/04\/casa-do-meio-dia-em-loule-recebe-apresentacao-de-por-este-mar-adentro\/cultura\/19\/09\/#primaryimage"},"thumbnailUrl":"https:\/\/algarve7.pt\/wp-content\/uploads\/2022\/04\/Por-este-mar-adentro.jpg","keywords":["Algarve","Cultura","Loul\u00e9"],"articleSection":["Cultura"],"inLanguage":"pt-PT"},{"@type":"WebPage","@id":"https:\/\/algarve7.pt\/index.php\/2022\/04\/casa-do-meio-dia-em-loule-recebe-apresentacao-de-por-este-mar-adentro\/cultura\/19\/09\/","url":"https:\/\/algarve7.pt\/index.php\/2022\/04\/casa-do-meio-dia-em-loule-recebe-apresentacao-de-por-este-mar-adentro\/cultura\/19\/09\/","name":"Casa do meio-dia em Loul\u00e9 recebe apresenta\u00e7\u00e3o de \u201cpor este mar adentro\u201d - Algarve 7","isPartOf":{"@id":"https:\/\/algarve7.pt\/#website"},"primaryImageOfPage":{"@id":"https:\/\/algarve7.pt\/index.php\/2022\/04\/casa-do-meio-dia-em-loule-recebe-apresentacao-de-por-este-mar-adentro\/cultura\/19\/09\/#primaryimage"},"image":{"@id":"https:\/\/algarve7.pt\/index.php\/2022\/04\/casa-do-meio-dia-em-loule-recebe-apresentacao-de-por-este-mar-adentro\/cultura\/19\/09\/#primaryimage"},"thumbnailUrl":"https:\/\/algarve7.pt\/wp-content\/uploads\/2022\/04\/Por-este-mar-adentro.jpg","datePublished":"2022-04-28T18:09:20+00:00","dateModified":"2022-04-28T18:09:21+00:00","description":"Casa do meio-dia em Loul\u00e9 recebe apresenta\u00e7\u00e3o de \u201cpor este mar adentro\u201d Cultura","breadcrumb":{"@id":"https:\/\/algarve7.pt\/index.php\/2022\/04\/casa-do-meio-dia-em-loule-recebe-apresentacao-de-por-este-mar-adentro\/cultura\/19\/09\/#breadcrumb"},"inLanguage":"pt-PT","potentialAction":[{"@type":"ReadAction","target":["https:\/\/algarve7.pt\/index.php\/2022\/04\/casa-do-meio-dia-em-loule-recebe-apresentacao-de-por-este-mar-adentro\/cultura\/19\/09\/"]}]},{"@type":"ImageObject","inLanguage":"pt-PT","@id":"https:\/\/algarve7.pt\/index.php\/2022\/04\/casa-do-meio-dia-em-loule-recebe-apresentacao-de-por-este-mar-adentro\/cultura\/19\/09\/#primaryimage","url":"https:\/\/algarve7.pt\/wp-content\/uploads\/2022\/04\/Por-este-mar-adentro.jpg","contentUrl":"https:\/\/algarve7.pt\/wp-content\/uploads\/2022\/04\/Por-este-mar-adentro.jpg","width":500,"height":718},{"@type":"BreadcrumbList","@id":"https:\/\/algarve7.pt\/index.php\/2022\/04\/casa-do-meio-dia-em-loule-recebe-apresentacao-de-por-este-mar-adentro\/cultura\/19\/09\/#breadcrumb","itemListElement":[{"@type":"ListItem","position":1,"name":"In\u00edcio","item":"https:\/\/algarve7.pt\/"},{"@type":"ListItem","position":2,"name":"Casa do meio-dia em Loul\u00e9 recebe apresenta\u00e7\u00e3o de \u201cpor este mar adentro\u201d"}]},{"@type":"WebSite","@id":"https:\/\/algarve7.pt\/#website","url":"https:\/\/algarve7.pt\/","name":"Algarve 7","description":"Informa\u00e7\u00e3o sobre o Algarve","publisher":{"@id":"https:\/\/algarve7.pt\/#organization"},"potentialAction":[{"@type":"SearchAction","target":{"@type":"EntryPoint","urlTemplate":"https:\/\/algarve7.pt\/?s={search_term_string}"},"query-input":{"@type":"PropertyValueSpecification","valueRequired":true,"valueName":"search_term_string"}}],"inLanguage":"pt-PT"},{"@type":"Organization","@id":"https:\/\/algarve7.pt\/#organization","name":"Algarve 7","url":"https:\/\/algarve7.pt\/","logo":{"@type":"ImageObject","inLanguage":"pt-PT","@id":"https:\/\/algarve7.pt\/#\/schema\/logo\/image\/","url":"https:\/\/algarve7.pt\/wp-content\/uploads\/2020\/10\/Logo-8.jpg","contentUrl":"https:\/\/algarve7.pt\/wp-content\/uploads\/2020\/10\/Logo-8.jpg","width":1680,"height":1186,"caption":"Algarve 7"},"image":{"@id":"https:\/\/algarve7.pt\/#\/schema\/logo\/image\/"},"sameAs":["https:\/\/www.facebook.com\/algarve7","https:\/\/x.com\/Algarvesete","https:\/\/www.instagram.com\/jornalalgarve7\/","https:\/\/www.linkedin.com\/company\/algarve7","https:\/\/www.pinterest.pt\/geral0939\/_created\/"]},{"@type":"Person","@id":"https:\/\/algarve7.pt\/#\/schema\/person\/23fa70681308e7b319a3204bcea45e0c","name":"Algarve 7","sameAs":["https:\/\/algarve7.pt","https:\/\/www.facebook.com\/algarve7"],"url":"https:\/\/algarve7.pt\/index.php\/author\/geralalgarve7-pt\/"}]}},"jetpack_publicize_connections":[],"jetpack_featured_media_url":"https:\/\/algarve7.pt\/wp-content\/uploads\/2022\/04\/Por-este-mar-adentro.jpg","jetpack_shortlink":"https:\/\/wp.me\/pcezmW-4HQ","jetpack_sharing_enabled":true,"_links":{"self":[{"href":"https:\/\/algarve7.pt\/index.php\/wp-json\/wp\/v2\/posts\/18094","targetHints":{"allow":["GET"]}}],"collection":[{"href":"https:\/\/algarve7.pt\/index.php\/wp-json\/wp\/v2\/posts"}],"about":[{"href":"https:\/\/algarve7.pt\/index.php\/wp-json\/wp\/v2\/types\/post"}],"author":[{"embeddable":true,"href":"https:\/\/algarve7.pt\/index.php\/wp-json\/wp\/v2\/users\/1"}],"replies":[{"embeddable":true,"href":"https:\/\/algarve7.pt\/index.php\/wp-json\/wp\/v2\/comments?post=18094"}],"version-history":[{"count":0,"href":"https:\/\/algarve7.pt\/index.php\/wp-json\/wp\/v2\/posts\/18094\/revisions"}],"wp:featuredmedia":[{"embeddable":true,"href":"https:\/\/algarve7.pt\/index.php\/wp-json\/wp\/v2\/media\/18095"}],"wp:attachment":[{"href":"https:\/\/algarve7.pt\/index.php\/wp-json\/wp\/v2\/media?parent=18094"}],"wp:term":[{"taxonomy":"category","embeddable":true,"href":"https:\/\/algarve7.pt\/index.php\/wp-json\/wp\/v2\/categories?post=18094"},{"taxonomy":"post_tag","embeddable":true,"href":"https:\/\/algarve7.pt\/index.php\/wp-json\/wp\/v2\/tags?post=18094"}],"curies":[{"name":"wp","href":"https:\/\/api.w.org\/{rel}","templated":true}]}}