{"id":18076,"date":"2022-04-28T08:18:29","date_gmt":"2022-04-28T07:18:29","guid":{"rendered":"https:\/\/algarve7.pt\/?p=18076"},"modified":"2022-04-28T08:18:29","modified_gmt":"2022-04-28T07:18:29","slug":"forum-opto-esta-de-volta-a-albufeira","status":"publish","type":"post","link":"https:\/\/algarve7.pt\/index.php\/2022\/04\/forum-opto-esta-de-volta-a-albufeira\/atualidade\/08\/18\/","title":{"rendered":"F\u00f3rum OPTO est\u00e1 de volta a Albufeira"},"content":{"rendered":"\n<p>O programa do OPTO est\u00e1 de regresso com a sua 8.\u00aa edi\u00e7\u00e3o, este que \u00e9 o evento mais aguardado pelos jovens da regi\u00e3o, numa altura em que se confrontam com a decis\u00e3o do que escolher no seu futuro acad\u00e9mico ou profissional. O certame pode ser visitado nos dias 27 e 28 de abril, entre as 9h30 e as 17h30, e no \u00faltimo dia (29 de abril), a partir das 9h30 at\u00e9 \u00e0s 13h00. Esta \u00e9 uma iniciativa conjunta do Munic\u00edpio de Albufeira, Dire\u00e7\u00e3o-Geral dos Estabelecimentos Escolares-Dire\u00e7\u00e3o de Servi\u00e7os da Regi\u00e3o do Algarve (DGEstE) e Instituto do Emprego e Forma\u00e7\u00e3o Profissional (IEFP) e conta com a colabora\u00e7\u00e3o dos tr\u00eas Agrupamentos de Escolas do concelho.<\/p>\n\n\n\n<p>Durante estes tr\u00eas dias, os jovens que passarem pelo Pavilh\u00e3o Desportivo de Albufeira ter\u00e3o acesso a informa\u00e7\u00e3o atualizada sobre as diversas alternativas escolares e formativas dispon\u00edveis no Sistema Educativo Nacional (ensino secund\u00e1rio, profissional e superior), experi\u00eancias no estrangeiro, bem como a possibilidade de estabelecer um primeiro contacto com profissionais de diferentes \u00e1reas e organiza\u00e7\u00f5es. O programa inclui a realiza\u00e7\u00e3o de workshops, confer\u00eancias, apresenta\u00e7\u00e3o de experi\u00eancias, demonstra\u00e7\u00f5es culin\u00e1rias (cozinha e pastelaria, do\u00e7aria regional, sobremesas saud\u00e1veis e batidos, lanches saud\u00e1veis, cocktails e crepes, degusta\u00e7\u00e3o de produtos regionais, dieta mediterr\u00e2nica, cozinha do Mundo) e um leque variado de propostas de anima\u00e7\u00e3o no interior e exterior do recinto.&nbsp;<\/p>\n\n\n\n<p>No palco instalado no interior do Pavilh\u00e3o, a anima\u00e7\u00e3o, protagonizada maioritariamente pelos alunos das escolas participantes, \u00e9 uma constante, contando com v\u00e1rios momentos musicais, aulas de fitness e teatro, entre outras manifesta\u00e7\u00f5es culturais e art\u00edsticas.<\/p>\n\n\n\n<p>Este ano preparamos ainda uma novidade, nomeadamente, um novo espa\u00e7o coberto no exterior que dar\u00e1 continuidade \u00e0 nave principal e onde decorrem as desmonstra\u00e7\u00f5es dos cursos de mesa e bar, assim como diversas palestras para os interessados na \u00e1rea. Como Jos\u00e9 Carlos Rolo enfatizou, \u201cqueremos em Albufeira uma juventude bem-sucedida e \u00e9 por isso que lhes proporcionamos meios capazes de acolher a praticabilidade das suas vis\u00f5es contempor\u00e2neas, permitindo-lhes criar, empreender e contribuir para uma cidadania participante\u201d. Ainda no exterior do recinto, ir\u00e3o ser colocadas v\u00e1rias atra\u00e7\u00f5es que certamente ir\u00e3o suscitar motivo de visita. Entre elas, iremos disponibilizar as habituais atividades e demonstra\u00e7\u00f5es de parkour, golfe e percursos de orienta\u00e7\u00e3o.<\/p>\n\n\n\n<p>Os visitantes do evento poder\u00e3o, de igual forma, contar com a j\u00e1 esperada Associa\u00e7\u00e3o dos Bombeiros Volunt\u00e1rios de Albufeira, que todos os anos marca presen\u00e7a no OPTO atrav\u00e9s de demonstra\u00e7\u00f5es de primeiros socorros e suportes b\u00e1sicos de vida. O programa de atividades no exterior do Pavilh\u00e3o inclui ainda a exibi\u00e7\u00e3o de cavalos da Guarda Nacional Republicana (GNR) e demonstra\u00e7\u00f5es cinot\u00e9cnicas tamb\u00e9m pela GNR e pela Pol\u00edcia de Seguran\u00e7a P\u00fablica. Os Fuzileiros da Marinha Portuguesa estar\u00e3o tamb\u00e9m presentes com uma parede de escalada de cerca de 8 metros de altura.<\/p>\n\n\n\n<p>As escolas que pretendam inscrever-se para visitar o certame podem ainda faz\u00ea-lo at\u00e9 ao pr\u00f3ximo dia 22 de abril. Para facilitar o transporte dos jovens, os autocarros Urbanos s\u00e3o gratuitos em toda a cidade, bem como entre a Esta\u00e7\u00e3o de Ferreiras e o Pavilh\u00e3o Desportivo.<\/p>\n\n\n\n<p>Para mais informa\u00e7\u00f5es consulte as redes sociais do evento ou atrav\u00e9s do portal da Autarquia. Poder\u00e1 tamb\u00e9m entrar em contacto com o Gabinete de Empreendedorismo de Albufeira, atrav\u00e9s dos telefones (289 598 808) \/ (289 599 579) ou do seguinte endere\u00e7o de email: age@cm-albufeira.pt.<\/p>\n","protected":false},"excerpt":{"rendered":"<p>O programa do OPTO est\u00e1 de regresso com a sua 8.\u00aa edi\u00e7\u00e3o, este que \u00e9 o evento mais aguardado pelos<\/p>\n","protected":false},"author":1,"featured_media":18077,"comment_status":"closed","ping_status":"open","sticky":false,"template":"","format":"standard","meta":{"colormag_page_container_layout":"default_layout","colormag_page_sidebar_layout":"default_layout","_monsterinsights_skip_tracking":false,"_monsterinsights_sitenote_active":false,"_monsterinsights_sitenote_note":"","_monsterinsights_sitenote_category":0,"jetpack_post_was_ever_published":false,"_jetpack_newsletter_access":"","_jetpack_dont_email_post_to_subs":false,"_jetpack_newsletter_tier_id":0,"_jetpack_memberships_contains_paywalled_content":false,"_jetpack_memberships_contains_paid_content":false,"footnotes":"","jetpack_publicize_message":"","jetpack_publicize_feature_enabled":true,"jetpack_social_post_already_shared":true,"jetpack_social_options":{"image_generator_settings":{"template":"highway","default_image_id":0,"font":"","enabled":false},"version":2}},"categories":[11],"tags":[155,36,62],"class_list":["post-18076","post","type-post","status-publish","format-standard","has-post-thumbnail","hentry","category-atualidade","tag-albufeira","tag-algarve","tag-atualidade"],"yoast_head":"<!-- This site is optimized with the Yoast SEO plugin v27.5 - https:\/\/yoast.com\/product\/yoast-seo-wordpress\/ -->\n<title>F\u00f3rum OPTO est\u00e1 de volta a Albufeira - Algarve 7<\/title>\n<meta name=\"description\" content=\"F\u00f3rum OPTO est\u00e1 de volta a Albufeira Atualidade\" \/>\n<meta name=\"robots\" content=\"index, follow, max-snippet:-1, max-image-preview:large, max-video-preview:-1\" \/>\n<link rel=\"canonical\" href=\"https:\/\/algarve7.pt\/index.php\/2022\/04\/forum-opto-esta-de-volta-a-albufeira\/atualidade\/08\/18\/\" \/>\n<meta property=\"og:locale\" content=\"pt_PT\" \/>\n<meta property=\"og:type\" content=\"article\" \/>\n<meta property=\"og:title\" content=\"F\u00f3rum OPTO est\u00e1 de volta a Albufeira - Algarve 7\" \/>\n<meta property=\"og:description\" content=\"F\u00f3rum OPTO est\u00e1 de volta a Albufeira Atualidade\" \/>\n<meta property=\"og:url\" content=\"https:\/\/algarve7.pt\/index.php\/2022\/04\/forum-opto-esta-de-volta-a-albufeira\/atualidade\/08\/18\/\" \/>\n<meta property=\"og:site_name\" content=\"Algarve 7\" \/>\n<meta property=\"article:publisher\" content=\"https:\/\/www.facebook.com\/algarve7\" \/>\n<meta property=\"article:author\" content=\"https:\/\/www.facebook.com\/algarve7\" \/>\n<meta property=\"article:published_time\" content=\"2022-04-28T07:18:29+00:00\" \/>\n<meta property=\"og:image\" content=\"https:\/\/algarve7.pt\/wp-content\/uploads\/2022\/04\/VIII-Fo\u0301rum-de-Educac\u0327a\u0303o-Opto-Albufeira-27-04-2022-30-scaled.jpg\" \/>\n\t<meta property=\"og:image:width\" content=\"2560\" \/>\n\t<meta property=\"og:image:height\" content=\"1707\" \/>\n\t<meta property=\"og:image:type\" content=\"image\/jpeg\" \/>\n<meta name=\"author\" content=\"Algarve 7\" \/>\n<meta name=\"twitter:card\" content=\"summary_large_image\" \/>\n<meta name=\"twitter:creator\" content=\"@Algarvesete\" \/>\n<meta name=\"twitter:site\" content=\"@Algarvesete\" \/>\n<meta name=\"twitter:label1\" content=\"Escrito por\" \/>\n\t<meta name=\"twitter:data1\" content=\"Algarve 7\" \/>\n\t<meta name=\"twitter:label2\" content=\"Tempo estimado de leitura\" \/>\n\t<meta name=\"twitter:data2\" content=\"3 minutos\" \/>\n<script type=\"application\/ld+json\" class=\"yoast-schema-graph\">{\"@context\":\"https:\\\/\\\/schema.org\",\"@graph\":[{\"@type\":\"Article\",\"@id\":\"https:\\\/\\\/algarve7.pt\\\/index.php\\\/2022\\\/04\\\/forum-opto-esta-de-volta-a-albufeira\\\/atualidade\\\/08\\\/18\\\/#article\",\"isPartOf\":{\"@id\":\"https:\\\/\\\/algarve7.pt\\\/index.php\\\/2022\\\/04\\\/forum-opto-esta-de-volta-a-albufeira\\\/atualidade\\\/08\\\/18\\\/\"},\"author\":{\"name\":\"Algarve 7\",\"@id\":\"https:\\\/\\\/algarve7.pt\\\/#\\\/schema\\\/person\\\/23fa70681308e7b319a3204bcea45e0c\"},\"headline\":\"F\u00f3rum OPTO est\u00e1 de volta a Albufeira\",\"datePublished\":\"2022-04-28T07:18:29+00:00\",\"mainEntityOfPage\":{\"@id\":\"https:\\\/\\\/algarve7.pt\\\/index.php\\\/2022\\\/04\\\/forum-opto-esta-de-volta-a-albufeira\\\/atualidade\\\/08\\\/18\\\/\"},\"wordCount\":606,\"publisher\":{\"@id\":\"https:\\\/\\\/algarve7.pt\\\/#organization\"},\"image\":{\"@id\":\"https:\\\/\\\/algarve7.pt\\\/index.php\\\/2022\\\/04\\\/forum-opto-esta-de-volta-a-albufeira\\\/atualidade\\\/08\\\/18\\\/#primaryimage\"},\"thumbnailUrl\":\"https:\\\/\\\/algarve7.pt\\\/wp-content\\\/uploads\\\/2022\\\/04\\\/VIII-Fo\u0301rum-de-Educac\u0327a\u0303o-Opto-Albufeira-27-04-2022-30-scaled.jpg\",\"keywords\":[\"Albufeira\",\"Algarve\",\"Atualidade\"],\"articleSection\":[\"Atualidade\"],\"inLanguage\":\"pt-PT\"},{\"@type\":\"WebPage\",\"@id\":\"https:\\\/\\\/algarve7.pt\\\/index.php\\\/2022\\\/04\\\/forum-opto-esta-de-volta-a-albufeira\\\/atualidade\\\/08\\\/18\\\/\",\"url\":\"https:\\\/\\\/algarve7.pt\\\/index.php\\\/2022\\\/04\\\/forum-opto-esta-de-volta-a-albufeira\\\/atualidade\\\/08\\\/18\\\/\",\"name\":\"F\u00f3rum OPTO est\u00e1 de volta a Albufeira - Algarve 7\",\"isPartOf\":{\"@id\":\"https:\\\/\\\/algarve7.pt\\\/#website\"},\"primaryImageOfPage\":{\"@id\":\"https:\\\/\\\/algarve7.pt\\\/index.php\\\/2022\\\/04\\\/forum-opto-esta-de-volta-a-albufeira\\\/atualidade\\\/08\\\/18\\\/#primaryimage\"},\"image\":{\"@id\":\"https:\\\/\\\/algarve7.pt\\\/index.php\\\/2022\\\/04\\\/forum-opto-esta-de-volta-a-albufeira\\\/atualidade\\\/08\\\/18\\\/#primaryimage\"},\"thumbnailUrl\":\"https:\\\/\\\/algarve7.pt\\\/wp-content\\\/uploads\\\/2022\\\/04\\\/VIII-Fo\u0301rum-de-Educac\u0327a\u0303o-Opto-Albufeira-27-04-2022-30-scaled.jpg\",\"datePublished\":\"2022-04-28T07:18:29+00:00\",\"description\":\"F\u00f3rum OPTO est\u00e1 de volta a Albufeira Atualidade\",\"breadcrumb\":{\"@id\":\"https:\\\/\\\/algarve7.pt\\\/index.php\\\/2022\\\/04\\\/forum-opto-esta-de-volta-a-albufeira\\\/atualidade\\\/08\\\/18\\\/#breadcrumb\"},\"inLanguage\":\"pt-PT\",\"potentialAction\":[{\"@type\":\"ReadAction\",\"target\":[\"https:\\\/\\\/algarve7.pt\\\/index.php\\\/2022\\\/04\\\/forum-opto-esta-de-volta-a-albufeira\\\/atualidade\\\/08\\\/18\\\/\"]}]},{\"@type\":\"ImageObject\",\"inLanguage\":\"pt-PT\",\"@id\":\"https:\\\/\\\/algarve7.pt\\\/index.php\\\/2022\\\/04\\\/forum-opto-esta-de-volta-a-albufeira\\\/atualidade\\\/08\\\/18\\\/#primaryimage\",\"url\":\"https:\\\/\\\/algarve7.pt\\\/wp-content\\\/uploads\\\/2022\\\/04\\\/VIII-Fo\u0301rum-de-Educac\u0327a\u0303o-Opto-Albufeira-27-04-2022-30-scaled.jpg\",\"contentUrl\":\"https:\\\/\\\/algarve7.pt\\\/wp-content\\\/uploads\\\/2022\\\/04\\\/VIII-Fo\u0301rum-de-Educac\u0327a\u0303o-Opto-Albufeira-27-04-2022-30-scaled.jpg\",\"width\":2560,\"height\":1707},{\"@type\":\"BreadcrumbList\",\"@id\":\"https:\\\/\\\/algarve7.pt\\\/index.php\\\/2022\\\/04\\\/forum-opto-esta-de-volta-a-albufeira\\\/atualidade\\\/08\\\/18\\\/#breadcrumb\",\"itemListElement\":[{\"@type\":\"ListItem\",\"position\":1,\"name\":\"In\u00edcio\",\"item\":\"https:\\\/\\\/algarve7.pt\\\/\"},{\"@type\":\"ListItem\",\"position\":2,\"name\":\"F\u00f3rum OPTO est\u00e1 de volta a Albufeira\"}]},{\"@type\":\"WebSite\",\"@id\":\"https:\\\/\\\/algarve7.pt\\\/#website\",\"url\":\"https:\\\/\\\/algarve7.pt\\\/\",\"name\":\"Algarve 7\",\"description\":\"Informa\u00e7\u00e3o sobre o Algarve\",\"publisher\":{\"@id\":\"https:\\\/\\\/algarve7.pt\\\/#organization\"},\"potentialAction\":[{\"@type\":\"SearchAction\",\"target\":{\"@type\":\"EntryPoint\",\"urlTemplate\":\"https:\\\/\\\/algarve7.pt\\\/?s={search_term_string}\"},\"query-input\":{\"@type\":\"PropertyValueSpecification\",\"valueRequired\":true,\"valueName\":\"search_term_string\"}}],\"inLanguage\":\"pt-PT\"},{\"@type\":\"Organization\",\"@id\":\"https:\\\/\\\/algarve7.pt\\\/#organization\",\"name\":\"Algarve 7\",\"url\":\"https:\\\/\\\/algarve7.pt\\\/\",\"logo\":{\"@type\":\"ImageObject\",\"inLanguage\":\"pt-PT\",\"@id\":\"https:\\\/\\\/algarve7.pt\\\/#\\\/schema\\\/logo\\\/image\\\/\",\"url\":\"https:\\\/\\\/algarve7.pt\\\/wp-content\\\/uploads\\\/2020\\\/10\\\/Logo-8.jpg\",\"contentUrl\":\"https:\\\/\\\/algarve7.pt\\\/wp-content\\\/uploads\\\/2020\\\/10\\\/Logo-8.jpg\",\"width\":1680,\"height\":1186,\"caption\":\"Algarve 7\"},\"image\":{\"@id\":\"https:\\\/\\\/algarve7.pt\\\/#\\\/schema\\\/logo\\\/image\\\/\"},\"sameAs\":[\"https:\\\/\\\/www.facebook.com\\\/algarve7\",\"https:\\\/\\\/x.com\\\/Algarvesete\",\"https:\\\/\\\/www.instagram.com\\\/jornalalgarve7\\\/\",\"https:\\\/\\\/www.linkedin.com\\\/company\\\/algarve7\",\"https:\\\/\\\/www.pinterest.pt\\\/geral0939\\\/_created\\\/\"]},{\"@type\":\"Person\",\"@id\":\"https:\\\/\\\/algarve7.pt\\\/#\\\/schema\\\/person\\\/23fa70681308e7b319a3204bcea45e0c\",\"name\":\"Algarve 7\",\"sameAs\":[\"https:\\\/\\\/algarve7.pt\",\"https:\\\/\\\/www.facebook.com\\\/algarve7\"],\"url\":\"https:\\\/\\\/algarve7.pt\\\/index.php\\\/author\\\/geralalgarve7-pt\\\/\"}]}<\/script>\n<!-- \/ Yoast SEO plugin. -->","yoast_head_json":{"title":"F\u00f3rum OPTO est\u00e1 de volta a Albufeira - Algarve 7","description":"F\u00f3rum OPTO est\u00e1 de volta a Albufeira Atualidade","robots":{"index":"index","follow":"follow","max-snippet":"max-snippet:-1","max-image-preview":"max-image-preview:large","max-video-preview":"max-video-preview:-1"},"canonical":"https:\/\/algarve7.pt\/index.php\/2022\/04\/forum-opto-esta-de-volta-a-albufeira\/atualidade\/08\/18\/","og_locale":"pt_PT","og_type":"article","og_title":"F\u00f3rum OPTO est\u00e1 de volta a Albufeira - Algarve 7","og_description":"F\u00f3rum OPTO est\u00e1 de volta a Albufeira Atualidade","og_url":"https:\/\/algarve7.pt\/index.php\/2022\/04\/forum-opto-esta-de-volta-a-albufeira\/atualidade\/08\/18\/","og_site_name":"Algarve 7","article_publisher":"https:\/\/www.facebook.com\/algarve7","article_author":"https:\/\/www.facebook.com\/algarve7","article_published_time":"2022-04-28T07:18:29+00:00","og_image":[{"width":2560,"height":1707,"url":"https:\/\/algarve7.pt\/wp-content\/uploads\/2022\/04\/VIII-Fo\u0301rum-de-Educac\u0327a\u0303o-Opto-Albufeira-27-04-2022-30-scaled.jpg","type":"image\/jpeg"}],"author":"Algarve 7","twitter_card":"summary_large_image","twitter_creator":"@Algarvesete","twitter_site":"@Algarvesete","twitter_misc":{"Escrito por":"Algarve 7","Tempo estimado de leitura":"3 minutos"},"schema":{"@context":"https:\/\/schema.org","@graph":[{"@type":"Article","@id":"https:\/\/algarve7.pt\/index.php\/2022\/04\/forum-opto-esta-de-volta-a-albufeira\/atualidade\/08\/18\/#article","isPartOf":{"@id":"https:\/\/algarve7.pt\/index.php\/2022\/04\/forum-opto-esta-de-volta-a-albufeira\/atualidade\/08\/18\/"},"author":{"name":"Algarve 7","@id":"https:\/\/algarve7.pt\/#\/schema\/person\/23fa70681308e7b319a3204bcea45e0c"},"headline":"F\u00f3rum OPTO est\u00e1 de volta a Albufeira","datePublished":"2022-04-28T07:18:29+00:00","mainEntityOfPage":{"@id":"https:\/\/algarve7.pt\/index.php\/2022\/04\/forum-opto-esta-de-volta-a-albufeira\/atualidade\/08\/18\/"},"wordCount":606,"publisher":{"@id":"https:\/\/algarve7.pt\/#organization"},"image":{"@id":"https:\/\/algarve7.pt\/index.php\/2022\/04\/forum-opto-esta-de-volta-a-albufeira\/atualidade\/08\/18\/#primaryimage"},"thumbnailUrl":"https:\/\/algarve7.pt\/wp-content\/uploads\/2022\/04\/VIII-Fo\u0301rum-de-Educac\u0327a\u0303o-Opto-Albufeira-27-04-2022-30-scaled.jpg","keywords":["Albufeira","Algarve","Atualidade"],"articleSection":["Atualidade"],"inLanguage":"pt-PT"},{"@type":"WebPage","@id":"https:\/\/algarve7.pt\/index.php\/2022\/04\/forum-opto-esta-de-volta-a-albufeira\/atualidade\/08\/18\/","url":"https:\/\/algarve7.pt\/index.php\/2022\/04\/forum-opto-esta-de-volta-a-albufeira\/atualidade\/08\/18\/","name":"F\u00f3rum OPTO est\u00e1 de volta a Albufeira - Algarve 7","isPartOf":{"@id":"https:\/\/algarve7.pt\/#website"},"primaryImageOfPage":{"@id":"https:\/\/algarve7.pt\/index.php\/2022\/04\/forum-opto-esta-de-volta-a-albufeira\/atualidade\/08\/18\/#primaryimage"},"image":{"@id":"https:\/\/algarve7.pt\/index.php\/2022\/04\/forum-opto-esta-de-volta-a-albufeira\/atualidade\/08\/18\/#primaryimage"},"thumbnailUrl":"https:\/\/algarve7.pt\/wp-content\/uploads\/2022\/04\/VIII-Fo\u0301rum-de-Educac\u0327a\u0303o-Opto-Albufeira-27-04-2022-30-scaled.jpg","datePublished":"2022-04-28T07:18:29+00:00","description":"F\u00f3rum OPTO est\u00e1 de volta a Albufeira Atualidade","breadcrumb":{"@id":"https:\/\/algarve7.pt\/index.php\/2022\/04\/forum-opto-esta-de-volta-a-albufeira\/atualidade\/08\/18\/#breadcrumb"},"inLanguage":"pt-PT","potentialAction":[{"@type":"ReadAction","target":["https:\/\/algarve7.pt\/index.php\/2022\/04\/forum-opto-esta-de-volta-a-albufeira\/atualidade\/08\/18\/"]}]},{"@type":"ImageObject","inLanguage":"pt-PT","@id":"https:\/\/algarve7.pt\/index.php\/2022\/04\/forum-opto-esta-de-volta-a-albufeira\/atualidade\/08\/18\/#primaryimage","url":"https:\/\/algarve7.pt\/wp-content\/uploads\/2022\/04\/VIII-Fo\u0301rum-de-Educac\u0327a\u0303o-Opto-Albufeira-27-04-2022-30-scaled.jpg","contentUrl":"https:\/\/algarve7.pt\/wp-content\/uploads\/2022\/04\/VIII-Fo\u0301rum-de-Educac\u0327a\u0303o-Opto-Albufeira-27-04-2022-30-scaled.jpg","width":2560,"height":1707},{"@type":"BreadcrumbList","@id":"https:\/\/algarve7.pt\/index.php\/2022\/04\/forum-opto-esta-de-volta-a-albufeira\/atualidade\/08\/18\/#breadcrumb","itemListElement":[{"@type":"ListItem","position":1,"name":"In\u00edcio","item":"https:\/\/algarve7.pt\/"},{"@type":"ListItem","position":2,"name":"F\u00f3rum OPTO est\u00e1 de volta a Albufeira"}]},{"@type":"WebSite","@id":"https:\/\/algarve7.pt\/#website","url":"https:\/\/algarve7.pt\/","name":"Algarve 7","description":"Informa\u00e7\u00e3o sobre o Algarve","publisher":{"@id":"https:\/\/algarve7.pt\/#organization"},"potentialAction":[{"@type":"SearchAction","target":{"@type":"EntryPoint","urlTemplate":"https:\/\/algarve7.pt\/?s={search_term_string}"},"query-input":{"@type":"PropertyValueSpecification","valueRequired":true,"valueName":"search_term_string"}}],"inLanguage":"pt-PT"},{"@type":"Organization","@id":"https:\/\/algarve7.pt\/#organization","name":"Algarve 7","url":"https:\/\/algarve7.pt\/","logo":{"@type":"ImageObject","inLanguage":"pt-PT","@id":"https:\/\/algarve7.pt\/#\/schema\/logo\/image\/","url":"https:\/\/algarve7.pt\/wp-content\/uploads\/2020\/10\/Logo-8.jpg","contentUrl":"https:\/\/algarve7.pt\/wp-content\/uploads\/2020\/10\/Logo-8.jpg","width":1680,"height":1186,"caption":"Algarve 7"},"image":{"@id":"https:\/\/algarve7.pt\/#\/schema\/logo\/image\/"},"sameAs":["https:\/\/www.facebook.com\/algarve7","https:\/\/x.com\/Algarvesete","https:\/\/www.instagram.com\/jornalalgarve7\/","https:\/\/www.linkedin.com\/company\/algarve7","https:\/\/www.pinterest.pt\/geral0939\/_created\/"]},{"@type":"Person","@id":"https:\/\/algarve7.pt\/#\/schema\/person\/23fa70681308e7b319a3204bcea45e0c","name":"Algarve 7","sameAs":["https:\/\/algarve7.pt","https:\/\/www.facebook.com\/algarve7"],"url":"https:\/\/algarve7.pt\/index.php\/author\/geralalgarve7-pt\/"}]}},"jetpack_publicize_connections":[],"jetpack_featured_media_url":"https:\/\/algarve7.pt\/wp-content\/uploads\/2022\/04\/VIII-Fo\u0301rum-de-Educac\u0327a\u0303o-Opto-Albufeira-27-04-2022-30-scaled.jpg","jetpack_shortlink":"https:\/\/wp.me\/pcezmW-4Hy","jetpack_sharing_enabled":true,"_links":{"self":[{"href":"https:\/\/algarve7.pt\/index.php\/wp-json\/wp\/v2\/posts\/18076","targetHints":{"allow":["GET"]}}],"collection":[{"href":"https:\/\/algarve7.pt\/index.php\/wp-json\/wp\/v2\/posts"}],"about":[{"href":"https:\/\/algarve7.pt\/index.php\/wp-json\/wp\/v2\/types\/post"}],"author":[{"embeddable":true,"href":"https:\/\/algarve7.pt\/index.php\/wp-json\/wp\/v2\/users\/1"}],"replies":[{"embeddable":true,"href":"https:\/\/algarve7.pt\/index.php\/wp-json\/wp\/v2\/comments?post=18076"}],"version-history":[{"count":0,"href":"https:\/\/algarve7.pt\/index.php\/wp-json\/wp\/v2\/posts\/18076\/revisions"}],"wp:featuredmedia":[{"embeddable":true,"href":"https:\/\/algarve7.pt\/index.php\/wp-json\/wp\/v2\/media\/18077"}],"wp:attachment":[{"href":"https:\/\/algarve7.pt\/index.php\/wp-json\/wp\/v2\/media?parent=18076"}],"wp:term":[{"taxonomy":"category","embeddable":true,"href":"https:\/\/algarve7.pt\/index.php\/wp-json\/wp\/v2\/categories?post=18076"},{"taxonomy":"post_tag","embeddable":true,"href":"https:\/\/algarve7.pt\/index.php\/wp-json\/wp\/v2\/tags?post=18076"}],"curies":[{"name":"wp","href":"https:\/\/api.w.org\/{rel}","templated":true}]}}