{"id":18036,"date":"2022-04-26T14:49:24","date_gmt":"2022-04-26T13:49:24","guid":{"rendered":"https:\/\/algarve7.pt\/?p=18036"},"modified":"2022-04-26T14:49:25","modified_gmt":"2022-04-26T13:49:25","slug":"algarve-capacita-agentes-de-animacao-turistica-que-operam-na-ria-formosa","status":"publish","type":"post","link":"https:\/\/algarve7.pt\/index.php\/2022\/04\/algarve-capacita-agentes-de-animacao-turistica-que-operam-na-ria-formosa\/turismo\/14\/49\/","title":{"rendered":"Algarve capacita agentes de anima\u00e7\u00e3o tur\u00edstica que operam na ria formosa"},"content":{"rendered":"\n<p>A Regi\u00e3o de Turismo do Algarve (RTA) est\u00e1 a convidar os agentes de anima\u00e7\u00e3o tur\u00edstica que operam na \u00e1rea do Parque Natural da Ria Formosa a participar numa a\u00e7\u00e3o de capacita\u00e7\u00e3o que visa qualificar as empresas e profissionais do setor e sensibilizar para a import\u00e2ncia daquela \u00e1rea para as atividades de turismo de natureza.<\/p>\n\n\n\n<p>A a\u00e7\u00e3o de capacita\u00e7\u00e3o <strong>\u00abEcoturismo e o Parque Natural da Ria Formosa\u00bb<\/strong> vai decorrer no dia 12 de maio, n\u00e3o ter\u00e1 encargos para os agentes de anima\u00e7\u00e3o tur\u00edstica, mas os lugares s\u00e3o limitados e a participa\u00e7\u00e3o obriga \u00e0 pr\u00e9via inscri\u00e7\u00e3o.<\/p>\n\n\n\n<p>O programa tem in\u00edcio na sede do parque natural, na Quinta de Marim, em Olh\u00e3o, onde os participantes v\u00e3o poder explorar o <a href=\"https:\/\/www.visitalgarve.pt\/upload_files\/client_id_1\/website_id_1\/Downloads\/outras_publicacoes\/Guia_Visita_CEAM_desdobravel_PT_Web_22Out2020.pdf\" target=\"_blank\" rel=\"noreferrer noopener\"><strong>percurso de interpreta\u00e7\u00e3o da natureza<\/strong><\/a> do Centro de Educa\u00e7\u00e3o Ambiental de Marim, cujos equipamentos de apoio foram renovados fruto de um investimento da RTA, e visitar a rec\u00e9m-inaugurada <strong>exposi\u00e7\u00e3o \u00abRia Formosa\u00bb<\/strong>, igualmente financiada pela entidade regional de turismo, que editou ainda um <a href=\"https:\/\/www.visitalgarve.pt\/upload_files\/client_id_1\/website_id_1\/Downloads\/Guias\/RIA-FORMOSA-PT_FINAL_WEB.pdf\" target=\"_blank\" rel=\"noreferrer noopener\"><strong>novo guia<\/strong><\/a> dedicado ao parque.<\/p>\n\n\n\n<p>Segue-se um <em>workshop<\/em> sobre o <strong>\u00abPrograma Regional de Ecoturismo do Algarve\u00bb<\/strong>, a desenvolver pela RTA com vista a garantir objetivos de sustentabilidade, nomeadamente, a preserva\u00e7\u00e3o das paisagens, a conserva\u00e7\u00e3o da biodiversidade e dos ecossistemas naturais, a proximidade com as popula\u00e7\u00f5es locais e a sua cultura e a articula\u00e7\u00e3o com produtores locais e outras atividades sustent\u00e1veis. A ocasi\u00e3o servir\u00e1 ainda para recolher os contributos dos participantes para este plano, que ir\u00e1 promover e desenvolver a oferta ecotur\u00edstica da regi\u00e3o.<\/p>\n\n\n\n<p>Haver\u00e1 ainda tempo para uma <strong>sa\u00edda de barco para a ilha da Culatra<\/strong>, com passagem pelo n\u00facleo do Farol e visita ao n\u00facleo da Culatra. \u00c9 a\u00ed que os participantes v\u00e3o conhecer o projeto <strong>\u00abSuStowns\u00bb<\/strong>, que promove um turismo sustent\u00e1vel e de qualidade, preservando as tradi\u00e7\u00f5es locais e o patrim\u00f3nio cultural; e a iniciativa <strong>\u00abCulatra 2030 \u2013 Comunidade Energ\u00e9tica Sustent\u00e1vel\u00bb<\/strong>, que pretende criar uma comunidade-piloto em energias renov\u00e1veis, incluindo uma esta\u00e7\u00e3o de recarga de barcos el\u00e9tricos para transporte de passageiros, entre muitas outras a\u00e7\u00f5es.<\/p>\n\n\n\n<p>A a\u00e7\u00e3o de capacita\u00e7\u00e3o termina com um <strong>percurso de barco pela Ria Formosa<\/strong> e a sensibiliza\u00e7\u00e3o dos participantes para a import\u00e2ncia do reconhecimento de atividades de turismo de natureza e c\u00f3digo de conduta dentro da \u00e1rea do parque natural, a cargo da Dire\u00e7\u00e3o Regional da Conserva\u00e7\u00e3o da Natureza e Florestas do Algarve.<\/p>\n\n\n\n<p>A iniciativa materializa a aposta da RTA no turismo de natureza e decorre do projeto <strong>Valuetur<\/strong>, aprovado ao abrigo do Programa de Coopera\u00e7\u00e3o INTERREG V-A ESPANHA-PORTUGAL 2014-2020 (POCTEP), cujo principal objetivo \u00e9 a valoriza\u00e7\u00e3o das \u00e1reas protegidas de valor natural, hist\u00f3rico e cultural, para serem geradores de atividade econ\u00f3mica sustent\u00e1vel.<\/p>\n\n\n\n<p>Mais informa\u00e7\u00f5es atrav\u00e9s do e-mail <a href=\"mailto:planeamento@turismodoalgarve.pt\" target=\"_blank\" rel=\"noreferrer noopener\">planeamento@turismodoalgarve.pt<\/a>.<\/p>\n","protected":false},"excerpt":{"rendered":"<p>A Regi\u00e3o de Turismo do Algarve (RTA) est\u00e1 a convidar os agentes de anima\u00e7\u00e3o tur\u00edstica que operam na \u00e1rea do<\/p>\n","protected":false},"author":1,"featured_media":18037,"comment_status":"closed","ping_status":"open","sticky":false,"template":"","format":"standard","meta":{"colormag_page_container_layout":"default_layout","colormag_page_sidebar_layout":"default_layout","_monsterinsights_skip_tracking":false,"_monsterinsights_sitenote_active":false,"_monsterinsights_sitenote_note":"","_monsterinsights_sitenote_category":0,"jetpack_post_was_ever_published":false,"_jetpack_newsletter_access":"","_jetpack_dont_email_post_to_subs":false,"_jetpack_newsletter_tier_id":0,"_jetpack_memberships_contains_paywalled_content":false,"_jetpack_memberships_contains_paid_content":false,"footnotes":"","jetpack_publicize_message":"","jetpack_publicize_feature_enabled":true,"jetpack_social_post_already_shared":true,"jetpack_social_options":{"image_generator_settings":{"template":"highway","default_image_id":0,"font":"","enabled":false},"version":2}},"categories":[17],"tags":[36,173,45],"class_list":["post-18036","post","type-post","status-publish","format-standard","has-post-thumbnail","hentry","category-turismo","tag-algarve","tag-rta","tag-turismo"],"yoast_head":"<!-- This site is optimized with the Yoast SEO plugin v27.5 - https:\/\/yoast.com\/product\/yoast-seo-wordpress\/ -->\n<title>Algarve capacita agentes de anima\u00e7\u00e3o tur\u00edstica que operam na ria formosa - Algarve 7<\/title>\n<meta name=\"description\" content=\"Algarve capacita agentes de anima\u00e7\u00e3o tur\u00edstica que operam na ria formosa Turismo\" \/>\n<meta name=\"robots\" content=\"index, follow, max-snippet:-1, max-image-preview:large, max-video-preview:-1\" \/>\n<link rel=\"canonical\" href=\"https:\/\/algarve7.pt\/index.php\/2022\/04\/algarve-capacita-agentes-de-animacao-turistica-que-operam-na-ria-formosa\/turismo\/14\/49\/\" \/>\n<meta property=\"og:locale\" content=\"pt_PT\" \/>\n<meta property=\"og:type\" content=\"article\" \/>\n<meta property=\"og:title\" content=\"Algarve capacita agentes de anima\u00e7\u00e3o tur\u00edstica que operam na ria formosa - Algarve 7\" \/>\n<meta property=\"og:description\" content=\"Algarve capacita agentes de anima\u00e7\u00e3o tur\u00edstica que operam na ria formosa Turismo\" \/>\n<meta property=\"og:url\" content=\"https:\/\/algarve7.pt\/index.php\/2022\/04\/algarve-capacita-agentes-de-animacao-turistica-que-operam-na-ria-formosa\/turismo\/14\/49\/\" \/>\n<meta property=\"og:site_name\" content=\"Algarve 7\" \/>\n<meta property=\"article:publisher\" content=\"https:\/\/www.facebook.com\/algarve7\" \/>\n<meta property=\"article:author\" content=\"https:\/\/www.facebook.com\/algarve7\" \/>\n<meta property=\"article:published_time\" content=\"2022-04-26T13:49:24+00:00\" \/>\n<meta property=\"article:modified_time\" content=\"2022-04-26T13:49:25+00:00\" \/>\n<meta property=\"og:image\" content=\"https:\/\/algarve7.pt\/wp-content\/uploads\/2022\/04\/Captura-de-ecra\u0303-2022-04-26-a\u0300s-14.45.39.png\" \/>\n\t<meta property=\"og:image:width\" content=\"2136\" \/>\n\t<meta property=\"og:image:height\" content=\"1192\" \/>\n\t<meta property=\"og:image:type\" content=\"image\/png\" \/>\n<meta name=\"author\" content=\"Algarve 7\" \/>\n<meta name=\"twitter:card\" content=\"summary_large_image\" \/>\n<meta name=\"twitter:creator\" content=\"@Algarvesete\" \/>\n<meta name=\"twitter:site\" content=\"@Algarvesete\" \/>\n<meta name=\"twitter:label1\" content=\"Escrito por\" \/>\n\t<meta name=\"twitter:data1\" content=\"Algarve 7\" \/>\n\t<meta name=\"twitter:label2\" content=\"Tempo estimado de leitura\" \/>\n\t<meta name=\"twitter:data2\" content=\"3 minutos\" \/>\n<script type=\"application\/ld+json\" class=\"yoast-schema-graph\">{\"@context\":\"https:\\\/\\\/schema.org\",\"@graph\":[{\"@type\":\"Article\",\"@id\":\"https:\\\/\\\/algarve7.pt\\\/index.php\\\/2022\\\/04\\\/algarve-capacita-agentes-de-animacao-turistica-que-operam-na-ria-formosa\\\/turismo\\\/14\\\/49\\\/#article\",\"isPartOf\":{\"@id\":\"https:\\\/\\\/algarve7.pt\\\/index.php\\\/2022\\\/04\\\/algarve-capacita-agentes-de-animacao-turistica-que-operam-na-ria-formosa\\\/turismo\\\/14\\\/49\\\/\"},\"author\":{\"name\":\"Algarve 7\",\"@id\":\"https:\\\/\\\/algarve7.pt\\\/#\\\/schema\\\/person\\\/23fa70681308e7b319a3204bcea45e0c\"},\"headline\":\"Algarve capacita agentes de anima\u00e7\u00e3o tur\u00edstica que operam na ria formosa\",\"datePublished\":\"2022-04-26T13:49:24+00:00\",\"dateModified\":\"2022-04-26T13:49:25+00:00\",\"mainEntityOfPage\":{\"@id\":\"https:\\\/\\\/algarve7.pt\\\/index.php\\\/2022\\\/04\\\/algarve-capacita-agentes-de-animacao-turistica-que-operam-na-ria-formosa\\\/turismo\\\/14\\\/49\\\/\"},\"wordCount\":499,\"publisher\":{\"@id\":\"https:\\\/\\\/algarve7.pt\\\/#organization\"},\"image\":{\"@id\":\"https:\\\/\\\/algarve7.pt\\\/index.php\\\/2022\\\/04\\\/algarve-capacita-agentes-de-animacao-turistica-que-operam-na-ria-formosa\\\/turismo\\\/14\\\/49\\\/#primaryimage\"},\"thumbnailUrl\":\"https:\\\/\\\/algarve7.pt\\\/wp-content\\\/uploads\\\/2022\\\/04\\\/Captura-de-ecra\u0303-2022-04-26-a\u0300s-14.45.39.png\",\"keywords\":[\"Algarve\",\"RTA\",\"Turismo\"],\"articleSection\":[\"Turismo\"],\"inLanguage\":\"pt-PT\"},{\"@type\":\"WebPage\",\"@id\":\"https:\\\/\\\/algarve7.pt\\\/index.php\\\/2022\\\/04\\\/algarve-capacita-agentes-de-animacao-turistica-que-operam-na-ria-formosa\\\/turismo\\\/14\\\/49\\\/\",\"url\":\"https:\\\/\\\/algarve7.pt\\\/index.php\\\/2022\\\/04\\\/algarve-capacita-agentes-de-animacao-turistica-que-operam-na-ria-formosa\\\/turismo\\\/14\\\/49\\\/\",\"name\":\"Algarve capacita agentes de anima\u00e7\u00e3o tur\u00edstica que operam na ria formosa - Algarve 7\",\"isPartOf\":{\"@id\":\"https:\\\/\\\/algarve7.pt\\\/#website\"},\"primaryImageOfPage\":{\"@id\":\"https:\\\/\\\/algarve7.pt\\\/index.php\\\/2022\\\/04\\\/algarve-capacita-agentes-de-animacao-turistica-que-operam-na-ria-formosa\\\/turismo\\\/14\\\/49\\\/#primaryimage\"},\"image\":{\"@id\":\"https:\\\/\\\/algarve7.pt\\\/index.php\\\/2022\\\/04\\\/algarve-capacita-agentes-de-animacao-turistica-que-operam-na-ria-formosa\\\/turismo\\\/14\\\/49\\\/#primaryimage\"},\"thumbnailUrl\":\"https:\\\/\\\/algarve7.pt\\\/wp-content\\\/uploads\\\/2022\\\/04\\\/Captura-de-ecra\u0303-2022-04-26-a\u0300s-14.45.39.png\",\"datePublished\":\"2022-04-26T13:49:24+00:00\",\"dateModified\":\"2022-04-26T13:49:25+00:00\",\"description\":\"Algarve capacita agentes de anima\u00e7\u00e3o tur\u00edstica que operam na ria formosa Turismo\",\"breadcrumb\":{\"@id\":\"https:\\\/\\\/algarve7.pt\\\/index.php\\\/2022\\\/04\\\/algarve-capacita-agentes-de-animacao-turistica-que-operam-na-ria-formosa\\\/turismo\\\/14\\\/49\\\/#breadcrumb\"},\"inLanguage\":\"pt-PT\",\"potentialAction\":[{\"@type\":\"ReadAction\",\"target\":[\"https:\\\/\\\/algarve7.pt\\\/index.php\\\/2022\\\/04\\\/algarve-capacita-agentes-de-animacao-turistica-que-operam-na-ria-formosa\\\/turismo\\\/14\\\/49\\\/\"]}]},{\"@type\":\"ImageObject\",\"inLanguage\":\"pt-PT\",\"@id\":\"https:\\\/\\\/algarve7.pt\\\/index.php\\\/2022\\\/04\\\/algarve-capacita-agentes-de-animacao-turistica-que-operam-na-ria-formosa\\\/turismo\\\/14\\\/49\\\/#primaryimage\",\"url\":\"https:\\\/\\\/algarve7.pt\\\/wp-content\\\/uploads\\\/2022\\\/04\\\/Captura-de-ecra\u0303-2022-04-26-a\u0300s-14.45.39.png\",\"contentUrl\":\"https:\\\/\\\/algarve7.pt\\\/wp-content\\\/uploads\\\/2022\\\/04\\\/Captura-de-ecra\u0303-2022-04-26-a\u0300s-14.45.39.png\",\"width\":2136,\"height\":1192},{\"@type\":\"BreadcrumbList\",\"@id\":\"https:\\\/\\\/algarve7.pt\\\/index.php\\\/2022\\\/04\\\/algarve-capacita-agentes-de-animacao-turistica-que-operam-na-ria-formosa\\\/turismo\\\/14\\\/49\\\/#breadcrumb\",\"itemListElement\":[{\"@type\":\"ListItem\",\"position\":1,\"name\":\"In\u00edcio\",\"item\":\"https:\\\/\\\/algarve7.pt\\\/\"},{\"@type\":\"ListItem\",\"position\":2,\"name\":\"Algarve capacita agentes de anima\u00e7\u00e3o tur\u00edstica que operam na ria formosa\"}]},{\"@type\":\"WebSite\",\"@id\":\"https:\\\/\\\/algarve7.pt\\\/#website\",\"url\":\"https:\\\/\\\/algarve7.pt\\\/\",\"name\":\"Algarve 7\",\"description\":\"Informa\u00e7\u00e3o sobre o Algarve\",\"publisher\":{\"@id\":\"https:\\\/\\\/algarve7.pt\\\/#organization\"},\"potentialAction\":[{\"@type\":\"SearchAction\",\"target\":{\"@type\":\"EntryPoint\",\"urlTemplate\":\"https:\\\/\\\/algarve7.pt\\\/?s={search_term_string}\"},\"query-input\":{\"@type\":\"PropertyValueSpecification\",\"valueRequired\":true,\"valueName\":\"search_term_string\"}}],\"inLanguage\":\"pt-PT\"},{\"@type\":\"Organization\",\"@id\":\"https:\\\/\\\/algarve7.pt\\\/#organization\",\"name\":\"Algarve 7\",\"url\":\"https:\\\/\\\/algarve7.pt\\\/\",\"logo\":{\"@type\":\"ImageObject\",\"inLanguage\":\"pt-PT\",\"@id\":\"https:\\\/\\\/algarve7.pt\\\/#\\\/schema\\\/logo\\\/image\\\/\",\"url\":\"https:\\\/\\\/algarve7.pt\\\/wp-content\\\/uploads\\\/2020\\\/10\\\/Logo-8.jpg\",\"contentUrl\":\"https:\\\/\\\/algarve7.pt\\\/wp-content\\\/uploads\\\/2020\\\/10\\\/Logo-8.jpg\",\"width\":1680,\"height\":1186,\"caption\":\"Algarve 7\"},\"image\":{\"@id\":\"https:\\\/\\\/algarve7.pt\\\/#\\\/schema\\\/logo\\\/image\\\/\"},\"sameAs\":[\"https:\\\/\\\/www.facebook.com\\\/algarve7\",\"https:\\\/\\\/x.com\\\/Algarvesete\",\"https:\\\/\\\/www.instagram.com\\\/jornalalgarve7\\\/\",\"https:\\\/\\\/www.linkedin.com\\\/company\\\/algarve7\",\"https:\\\/\\\/www.pinterest.pt\\\/geral0939\\\/_created\\\/\"]},{\"@type\":\"Person\",\"@id\":\"https:\\\/\\\/algarve7.pt\\\/#\\\/schema\\\/person\\\/23fa70681308e7b319a3204bcea45e0c\",\"name\":\"Algarve 7\",\"sameAs\":[\"https:\\\/\\\/algarve7.pt\",\"https:\\\/\\\/www.facebook.com\\\/algarve7\"],\"url\":\"https:\\\/\\\/algarve7.pt\\\/index.php\\\/author\\\/geralalgarve7-pt\\\/\"}]}<\/script>\n<!-- \/ Yoast SEO plugin. -->","yoast_head_json":{"title":"Algarve capacita agentes de anima\u00e7\u00e3o tur\u00edstica que operam na ria formosa - Algarve 7","description":"Algarve capacita agentes de anima\u00e7\u00e3o tur\u00edstica que operam na ria formosa Turismo","robots":{"index":"index","follow":"follow","max-snippet":"max-snippet:-1","max-image-preview":"max-image-preview:large","max-video-preview":"max-video-preview:-1"},"canonical":"https:\/\/algarve7.pt\/index.php\/2022\/04\/algarve-capacita-agentes-de-animacao-turistica-que-operam-na-ria-formosa\/turismo\/14\/49\/","og_locale":"pt_PT","og_type":"article","og_title":"Algarve capacita agentes de anima\u00e7\u00e3o tur\u00edstica que operam na ria formosa - Algarve 7","og_description":"Algarve capacita agentes de anima\u00e7\u00e3o tur\u00edstica que operam na ria formosa Turismo","og_url":"https:\/\/algarve7.pt\/index.php\/2022\/04\/algarve-capacita-agentes-de-animacao-turistica-que-operam-na-ria-formosa\/turismo\/14\/49\/","og_site_name":"Algarve 7","article_publisher":"https:\/\/www.facebook.com\/algarve7","article_author":"https:\/\/www.facebook.com\/algarve7","article_published_time":"2022-04-26T13:49:24+00:00","article_modified_time":"2022-04-26T13:49:25+00:00","og_image":[{"width":2136,"height":1192,"url":"https:\/\/algarve7.pt\/wp-content\/uploads\/2022\/04\/Captura-de-ecra\u0303-2022-04-26-a\u0300s-14.45.39.png","type":"image\/png"}],"author":"Algarve 7","twitter_card":"summary_large_image","twitter_creator":"@Algarvesete","twitter_site":"@Algarvesete","twitter_misc":{"Escrito por":"Algarve 7","Tempo estimado de leitura":"3 minutos"},"schema":{"@context":"https:\/\/schema.org","@graph":[{"@type":"Article","@id":"https:\/\/algarve7.pt\/index.php\/2022\/04\/algarve-capacita-agentes-de-animacao-turistica-que-operam-na-ria-formosa\/turismo\/14\/49\/#article","isPartOf":{"@id":"https:\/\/algarve7.pt\/index.php\/2022\/04\/algarve-capacita-agentes-de-animacao-turistica-que-operam-na-ria-formosa\/turismo\/14\/49\/"},"author":{"name":"Algarve 7","@id":"https:\/\/algarve7.pt\/#\/schema\/person\/23fa70681308e7b319a3204bcea45e0c"},"headline":"Algarve capacita agentes de anima\u00e7\u00e3o tur\u00edstica que operam na ria formosa","datePublished":"2022-04-26T13:49:24+00:00","dateModified":"2022-04-26T13:49:25+00:00","mainEntityOfPage":{"@id":"https:\/\/algarve7.pt\/index.php\/2022\/04\/algarve-capacita-agentes-de-animacao-turistica-que-operam-na-ria-formosa\/turismo\/14\/49\/"},"wordCount":499,"publisher":{"@id":"https:\/\/algarve7.pt\/#organization"},"image":{"@id":"https:\/\/algarve7.pt\/index.php\/2022\/04\/algarve-capacita-agentes-de-animacao-turistica-que-operam-na-ria-formosa\/turismo\/14\/49\/#primaryimage"},"thumbnailUrl":"https:\/\/algarve7.pt\/wp-content\/uploads\/2022\/04\/Captura-de-ecra\u0303-2022-04-26-a\u0300s-14.45.39.png","keywords":["Algarve","RTA","Turismo"],"articleSection":["Turismo"],"inLanguage":"pt-PT"},{"@type":"WebPage","@id":"https:\/\/algarve7.pt\/index.php\/2022\/04\/algarve-capacita-agentes-de-animacao-turistica-que-operam-na-ria-formosa\/turismo\/14\/49\/","url":"https:\/\/algarve7.pt\/index.php\/2022\/04\/algarve-capacita-agentes-de-animacao-turistica-que-operam-na-ria-formosa\/turismo\/14\/49\/","name":"Algarve capacita agentes de anima\u00e7\u00e3o tur\u00edstica que operam na ria formosa - Algarve 7","isPartOf":{"@id":"https:\/\/algarve7.pt\/#website"},"primaryImageOfPage":{"@id":"https:\/\/algarve7.pt\/index.php\/2022\/04\/algarve-capacita-agentes-de-animacao-turistica-que-operam-na-ria-formosa\/turismo\/14\/49\/#primaryimage"},"image":{"@id":"https:\/\/algarve7.pt\/index.php\/2022\/04\/algarve-capacita-agentes-de-animacao-turistica-que-operam-na-ria-formosa\/turismo\/14\/49\/#primaryimage"},"thumbnailUrl":"https:\/\/algarve7.pt\/wp-content\/uploads\/2022\/04\/Captura-de-ecra\u0303-2022-04-26-a\u0300s-14.45.39.png","datePublished":"2022-04-26T13:49:24+00:00","dateModified":"2022-04-26T13:49:25+00:00","description":"Algarve capacita agentes de anima\u00e7\u00e3o tur\u00edstica que operam na ria formosa Turismo","breadcrumb":{"@id":"https:\/\/algarve7.pt\/index.php\/2022\/04\/algarve-capacita-agentes-de-animacao-turistica-que-operam-na-ria-formosa\/turismo\/14\/49\/#breadcrumb"},"inLanguage":"pt-PT","potentialAction":[{"@type":"ReadAction","target":["https:\/\/algarve7.pt\/index.php\/2022\/04\/algarve-capacita-agentes-de-animacao-turistica-que-operam-na-ria-formosa\/turismo\/14\/49\/"]}]},{"@type":"ImageObject","inLanguage":"pt-PT","@id":"https:\/\/algarve7.pt\/index.php\/2022\/04\/algarve-capacita-agentes-de-animacao-turistica-que-operam-na-ria-formosa\/turismo\/14\/49\/#primaryimage","url":"https:\/\/algarve7.pt\/wp-content\/uploads\/2022\/04\/Captura-de-ecra\u0303-2022-04-26-a\u0300s-14.45.39.png","contentUrl":"https:\/\/algarve7.pt\/wp-content\/uploads\/2022\/04\/Captura-de-ecra\u0303-2022-04-26-a\u0300s-14.45.39.png","width":2136,"height":1192},{"@type":"BreadcrumbList","@id":"https:\/\/algarve7.pt\/index.php\/2022\/04\/algarve-capacita-agentes-de-animacao-turistica-que-operam-na-ria-formosa\/turismo\/14\/49\/#breadcrumb","itemListElement":[{"@type":"ListItem","position":1,"name":"In\u00edcio","item":"https:\/\/algarve7.pt\/"},{"@type":"ListItem","position":2,"name":"Algarve capacita agentes de anima\u00e7\u00e3o tur\u00edstica que operam na ria formosa"}]},{"@type":"WebSite","@id":"https:\/\/algarve7.pt\/#website","url":"https:\/\/algarve7.pt\/","name":"Algarve 7","description":"Informa\u00e7\u00e3o sobre o Algarve","publisher":{"@id":"https:\/\/algarve7.pt\/#organization"},"potentialAction":[{"@type":"SearchAction","target":{"@type":"EntryPoint","urlTemplate":"https:\/\/algarve7.pt\/?s={search_term_string}"},"query-input":{"@type":"PropertyValueSpecification","valueRequired":true,"valueName":"search_term_string"}}],"inLanguage":"pt-PT"},{"@type":"Organization","@id":"https:\/\/algarve7.pt\/#organization","name":"Algarve 7","url":"https:\/\/algarve7.pt\/","logo":{"@type":"ImageObject","inLanguage":"pt-PT","@id":"https:\/\/algarve7.pt\/#\/schema\/logo\/image\/","url":"https:\/\/algarve7.pt\/wp-content\/uploads\/2020\/10\/Logo-8.jpg","contentUrl":"https:\/\/algarve7.pt\/wp-content\/uploads\/2020\/10\/Logo-8.jpg","width":1680,"height":1186,"caption":"Algarve 7"},"image":{"@id":"https:\/\/algarve7.pt\/#\/schema\/logo\/image\/"},"sameAs":["https:\/\/www.facebook.com\/algarve7","https:\/\/x.com\/Algarvesete","https:\/\/www.instagram.com\/jornalalgarve7\/","https:\/\/www.linkedin.com\/company\/algarve7","https:\/\/www.pinterest.pt\/geral0939\/_created\/"]},{"@type":"Person","@id":"https:\/\/algarve7.pt\/#\/schema\/person\/23fa70681308e7b319a3204bcea45e0c","name":"Algarve 7","sameAs":["https:\/\/algarve7.pt","https:\/\/www.facebook.com\/algarve7"],"url":"https:\/\/algarve7.pt\/index.php\/author\/geralalgarve7-pt\/"}]}},"jetpack_publicize_connections":[],"jetpack_featured_media_url":"https:\/\/algarve7.pt\/wp-content\/uploads\/2022\/04\/Captura-de-ecra\u0303-2022-04-26-a\u0300s-14.45.39.png","jetpack_shortlink":"https:\/\/wp.me\/pcezmW-4GU","jetpack_sharing_enabled":true,"_links":{"self":[{"href":"https:\/\/algarve7.pt\/index.php\/wp-json\/wp\/v2\/posts\/18036","targetHints":{"allow":["GET"]}}],"collection":[{"href":"https:\/\/algarve7.pt\/index.php\/wp-json\/wp\/v2\/posts"}],"about":[{"href":"https:\/\/algarve7.pt\/index.php\/wp-json\/wp\/v2\/types\/post"}],"author":[{"embeddable":true,"href":"https:\/\/algarve7.pt\/index.php\/wp-json\/wp\/v2\/users\/1"}],"replies":[{"embeddable":true,"href":"https:\/\/algarve7.pt\/index.php\/wp-json\/wp\/v2\/comments?post=18036"}],"version-history":[{"count":0,"href":"https:\/\/algarve7.pt\/index.php\/wp-json\/wp\/v2\/posts\/18036\/revisions"}],"wp:featuredmedia":[{"embeddable":true,"href":"https:\/\/algarve7.pt\/index.php\/wp-json\/wp\/v2\/media\/18037"}],"wp:attachment":[{"href":"https:\/\/algarve7.pt\/index.php\/wp-json\/wp\/v2\/media?parent=18036"}],"wp:term":[{"taxonomy":"category","embeddable":true,"href":"https:\/\/algarve7.pt\/index.php\/wp-json\/wp\/v2\/categories?post=18036"},{"taxonomy":"post_tag","embeddable":true,"href":"https:\/\/algarve7.pt\/index.php\/wp-json\/wp\/v2\/tags?post=18036"}],"curies":[{"name":"wp","href":"https:\/\/api.w.org\/{rel}","templated":true}]}}