{"id":18030,"date":"2022-04-26T09:32:55","date_gmt":"2022-04-26T08:32:55","guid":{"rendered":"https:\/\/algarve7.pt\/?p=18030"},"modified":"2022-04-26T09:32:57","modified_gmt":"2022-04-26T08:32:57","slug":"festival-de-piano-cidade-de-lagoa-esta-de-volta","status":"publish","type":"post","link":"https:\/\/algarve7.pt\/index.php\/2022\/04\/festival-de-piano-cidade-de-lagoa-esta-de-volta\/cultura\/09\/32\/","title":{"rendered":"Festival de Piano Cidade de Lagoa est\u00e1 de volta"},"content":{"rendered":"\n<p>O III Festival de Piano Cidade de Lagoa, evento de refer\u00eancia no panorama nacional, ir\u00e1 decorrer durante o m\u00eas de maio com quatro concertos, a 8, 15, 22 e 27 de maio respetivamente. Na sua terceira edi\u00e7\u00e3o, destaca-se a presen\u00e7a do pianista Artur Pizarro, com um reconhecido percurso internacional.<\/p>\n\n\n\n<p>Promovido pela Artis XXI, o programa do III Festival de Piano Cidade de Lagoa prop\u00f5e diversos formatos e linguagens musicais assegurados por pianistas com percursos relevantes no panorama nacional e internacional. Em simult\u00e2neo, o evento procura criar um espa\u00e7o de di\u00e1logo para m\u00fasicos residentes no territ\u00f3rio de Lagoa, tendo sempre o piano como o grande protagonista.<\/p>\n\n\n\n<p>Nesta 3.\u00aa edi\u00e7\u00e3o destaca-se a presen\u00e7a do pianista Artur Pizarro com um Recital de Piano Solo, e que tamb\u00e9m ir\u00e1 orientar uma masterclass para alunos de piano de n\u00edvel avan\u00e7ado. O segundo concerto ficar\u00e1 a cargo do pianista de Jazz Alexandre Dahmen que ir\u00e1 apresentar uma combina\u00e7\u00e3o de obras musicais do cancioneiro norte-americano e obras da sua autoria, uma diversidade musical com linguagem jazz\u00edstica.<\/p>\n\n\n\n<p>Num concerto dedicado ao repert\u00f3rio de m\u00fasica de c\u00e2mara, a pianista Cristiana Silva e a violoncelista Sunita Mamtani, ir\u00e3o marcar presen\u00e7a na Igreja de Porches para o recital \u201cUma viagem sonora pela paix\u00e3o\u201d que inclui obras de L.V.Beethoven, Sergei Rachmaninov e Frederico de Freitas. Uma mostra de obras importantes para piano, enquanto instrumento que integra diversas forma\u00e7\u00f5es de conjunto.<\/p>\n\n\n\n<p>O Concerto final do Festival estar\u00e1 a cargo do Ensemble Artis XXI, composto por docentes do Conservat\u00f3rio de Artes de Lagoa e m\u00fasicos convidados. O Ensemble Artis XXI ir\u00e1 interpretar a Sonata para dois pianos e percuss\u00e3o de B\u00e9la Bart\u00f3k, um dos pilares da m\u00fasica do s\u00e9culo XX e incluir\u00e1 ainda a estreia de uma obra que pretende trazer uma reflex\u00e3o e uma chamada de aten\u00e7\u00e3o sobre a atual seca severa vivida na regi\u00e3o do Algarve. Trata-se de um desafio lan\u00e7ado \u00e0 compositora portuguesa Teresa Gentil, obra especialmente encomendada para o III Festival de Piano Cidade de Lagoa.<\/p>\n\n\n\n<p>O Programa inclui ainda um conjunto de atividades para a comunidade assegurando o acesso universal \u00e0s artes:<\/p>\n\n\n\n<ul class=\"wp-block-list\"><li><strong><em>Manh\u00e3s Musicais,<\/em><\/strong> concerto em lares da 3.\u00aa idade a cargo da pianista Shaina Nazareth que ir\u00e1 partilhar obras dos grandes mestres do piano,<\/li><li><strong><em>Piano vai \u00e0 Escola, <\/em><\/strong>oficina experimental facilitada pela compositora Teresa Gentil.<\/li><li>O <strong>Concerto Pedag\u00f3gico <\/strong>com estudantes do Conservat\u00f3rio de Artes de Lagoa, para valorizar o trabalho art\u00edstico desenvolvido pelas novas gera\u00e7\u00f5es.<\/li><\/ul>\n\n\n\n<p>A Dire\u00e7\u00e3o Art\u00edstica do III Festival de Piano Cidade de Lagoa est\u00e1 a cargo do pianista Jeferson Mello.<\/p>\n\n\n\n<p>Bilhetes \u00e0 venda para 8 e 27 de maio em ticketline.pt<\/p>\n\n\n\n<p>Entrada gratuita: Igreja da Mexilhoeira da Carrega\u00e7\u00e3o e Igreja de Porches<\/p>\n\n\n\n<p><strong>Programa\u00e7\u00e3o<\/strong><\/p>\n\n\n\n<p>1.\u00ba Concerto:<\/p>\n\n\n\n<p>Recital de Piano por Artur Pizarro<br>&#8211; 8 de maio | 18h30 | Audit\u00f3rio Carlos do Carmo<\/p>\n\n\n\n<p>2.\u00ba Concerto:<\/p>\n\n\n\n<p>Piano Jazz por Alexandre Dahmen<br>&#8211; 15 de maio | 18h30 | Igreja da Mexilhoeira da Carrega\u00e7\u00e3o<\/p>\n\n\n\n<p>3.\u00ba Concerto:<\/p>\n\n\n\n<p>Piano e Violoncelo | Cristiana Silva e Sunita Mamtani &#8211; 22 de maio | 18h30 | Igreja de Porches<\/p>\n\n\n\n<p>4.\u00ba Concerto:<\/p>\n\n\n\n<p>Ensemble Artis XXI | Forma\u00e7\u00e3o: 2 Pianistas e 2 Percussionistas &#8211; 27 de maio | 21h00 | Audit\u00f3rio Carlos do Carmo<\/p>\n","protected":false},"excerpt":{"rendered":"<p>O III Festival de Piano Cidade de Lagoa, evento de refer\u00eancia no panorama nacional, ir\u00e1 decorrer durante o m\u00eas de<\/p>\n","protected":false},"author":1,"featured_media":18031,"comment_status":"closed","ping_status":"open","sticky":false,"template":"","format":"standard","meta":{"colormag_page_container_layout":"default_layout","colormag_page_sidebar_layout":"default_layout","_monsterinsights_skip_tracking":false,"_monsterinsights_sitenote_active":false,"_monsterinsights_sitenote_note":"","_monsterinsights_sitenote_category":0,"jetpack_post_was_ever_published":false,"_jetpack_newsletter_access":"","_jetpack_dont_email_post_to_subs":false,"_jetpack_newsletter_tier_id":0,"_jetpack_memberships_contains_paywalled_content":false,"_jetpack_memberships_contains_paid_content":false,"footnotes":"","jetpack_publicize_message":"","jetpack_publicize_feature_enabled":true,"jetpack_social_post_already_shared":true,"jetpack_social_options":{"image_generator_settings":{"template":"highway","default_image_id":0,"font":"","enabled":false},"version":2}},"categories":[14],"tags":[36,52,35,48],"class_list":["post-18030","post","type-post","status-publish","format-standard","has-post-thumbnail","hentry","category-cultura","tag-algarve","tag-concerto","tag-cultura","tag-lagoa"],"yoast_head":"<!-- This site is optimized with the Yoast SEO plugin v27.5 - https:\/\/yoast.com\/product\/yoast-seo-wordpress\/ -->\n<title>Festival de Piano Cidade de Lagoa est\u00e1 de volta - Algarve 7<\/title>\n<meta name=\"description\" content=\"Festival de Piano Cidade de Lagoa est\u00e1 de volta Cultura\" \/>\n<meta name=\"robots\" content=\"index, follow, max-snippet:-1, max-image-preview:large, max-video-preview:-1\" \/>\n<link rel=\"canonical\" href=\"https:\/\/algarve7.pt\/index.php\/2022\/04\/festival-de-piano-cidade-de-lagoa-esta-de-volta\/cultura\/09\/32\/\" \/>\n<meta property=\"og:locale\" content=\"pt_PT\" \/>\n<meta property=\"og:type\" content=\"article\" \/>\n<meta property=\"og:title\" content=\"Festival de Piano Cidade de Lagoa est\u00e1 de volta - Algarve 7\" \/>\n<meta property=\"og:description\" content=\"Festival de Piano Cidade de Lagoa est\u00e1 de volta Cultura\" \/>\n<meta property=\"og:url\" content=\"https:\/\/algarve7.pt\/index.php\/2022\/04\/festival-de-piano-cidade-de-lagoa-esta-de-volta\/cultura\/09\/32\/\" \/>\n<meta property=\"og:site_name\" content=\"Algarve 7\" \/>\n<meta property=\"article:publisher\" content=\"https:\/\/www.facebook.com\/algarve7\" \/>\n<meta property=\"article:author\" content=\"https:\/\/www.facebook.com\/algarve7\" \/>\n<meta property=\"article:published_time\" content=\"2022-04-26T08:32:55+00:00\" \/>\n<meta property=\"article:modified_time\" content=\"2022-04-26T08:32:57+00:00\" \/>\n<meta property=\"og:image\" content=\"https:\/\/algarve7.pt\/wp-content\/uploads\/2022\/04\/Captura-de-ecra\u0303-2022-04-26-a\u0300s-09.30.34.png\" \/>\n\t<meta property=\"og:image:width\" content=\"1964\" \/>\n\t<meta property=\"og:image:height\" content=\"1128\" \/>\n\t<meta property=\"og:image:type\" content=\"image\/png\" \/>\n<meta name=\"author\" content=\"Algarve 7\" \/>\n<meta name=\"twitter:card\" content=\"summary_large_image\" \/>\n<meta name=\"twitter:creator\" content=\"@Algarvesete\" \/>\n<meta name=\"twitter:site\" content=\"@Algarvesete\" \/>\n<meta name=\"twitter:label1\" content=\"Escrito por\" \/>\n\t<meta name=\"twitter:data1\" content=\"Algarve 7\" \/>\n\t<meta name=\"twitter:label2\" content=\"Tempo estimado de leitura\" \/>\n\t<meta name=\"twitter:data2\" content=\"3 minutos\" \/>\n<script type=\"application\/ld+json\" class=\"yoast-schema-graph\">{\"@context\":\"https:\\\/\\\/schema.org\",\"@graph\":[{\"@type\":\"Article\",\"@id\":\"https:\\\/\\\/algarve7.pt\\\/index.php\\\/2022\\\/04\\\/festival-de-piano-cidade-de-lagoa-esta-de-volta\\\/cultura\\\/09\\\/32\\\/#article\",\"isPartOf\":{\"@id\":\"https:\\\/\\\/algarve7.pt\\\/index.php\\\/2022\\\/04\\\/festival-de-piano-cidade-de-lagoa-esta-de-volta\\\/cultura\\\/09\\\/32\\\/\"},\"author\":{\"name\":\"Algarve 7\",\"@id\":\"https:\\\/\\\/algarve7.pt\\\/#\\\/schema\\\/person\\\/23fa70681308e7b319a3204bcea45e0c\"},\"headline\":\"Festival de Piano Cidade de Lagoa est\u00e1 de volta\",\"datePublished\":\"2022-04-26T08:32:55+00:00\",\"dateModified\":\"2022-04-26T08:32:57+00:00\",\"mainEntityOfPage\":{\"@id\":\"https:\\\/\\\/algarve7.pt\\\/index.php\\\/2022\\\/04\\\/festival-de-piano-cidade-de-lagoa-esta-de-volta\\\/cultura\\\/09\\\/32\\\/\"},\"wordCount\":547,\"publisher\":{\"@id\":\"https:\\\/\\\/algarve7.pt\\\/#organization\"},\"image\":{\"@id\":\"https:\\\/\\\/algarve7.pt\\\/index.php\\\/2022\\\/04\\\/festival-de-piano-cidade-de-lagoa-esta-de-volta\\\/cultura\\\/09\\\/32\\\/#primaryimage\"},\"thumbnailUrl\":\"https:\\\/\\\/algarve7.pt\\\/wp-content\\\/uploads\\\/2022\\\/04\\\/Captura-de-ecra\u0303-2022-04-26-a\u0300s-09.30.34.png\",\"keywords\":[\"Algarve\",\"Concerto\",\"Cultura\",\"Lagoa\"],\"articleSection\":[\"Cultura\"],\"inLanguage\":\"pt-PT\"},{\"@type\":\"WebPage\",\"@id\":\"https:\\\/\\\/algarve7.pt\\\/index.php\\\/2022\\\/04\\\/festival-de-piano-cidade-de-lagoa-esta-de-volta\\\/cultura\\\/09\\\/32\\\/\",\"url\":\"https:\\\/\\\/algarve7.pt\\\/index.php\\\/2022\\\/04\\\/festival-de-piano-cidade-de-lagoa-esta-de-volta\\\/cultura\\\/09\\\/32\\\/\",\"name\":\"Festival de Piano Cidade de Lagoa est\u00e1 de volta - Algarve 7\",\"isPartOf\":{\"@id\":\"https:\\\/\\\/algarve7.pt\\\/#website\"},\"primaryImageOfPage\":{\"@id\":\"https:\\\/\\\/algarve7.pt\\\/index.php\\\/2022\\\/04\\\/festival-de-piano-cidade-de-lagoa-esta-de-volta\\\/cultura\\\/09\\\/32\\\/#primaryimage\"},\"image\":{\"@id\":\"https:\\\/\\\/algarve7.pt\\\/index.php\\\/2022\\\/04\\\/festival-de-piano-cidade-de-lagoa-esta-de-volta\\\/cultura\\\/09\\\/32\\\/#primaryimage\"},\"thumbnailUrl\":\"https:\\\/\\\/algarve7.pt\\\/wp-content\\\/uploads\\\/2022\\\/04\\\/Captura-de-ecra\u0303-2022-04-26-a\u0300s-09.30.34.png\",\"datePublished\":\"2022-04-26T08:32:55+00:00\",\"dateModified\":\"2022-04-26T08:32:57+00:00\",\"description\":\"Festival de Piano Cidade de Lagoa est\u00e1 de volta Cultura\",\"breadcrumb\":{\"@id\":\"https:\\\/\\\/algarve7.pt\\\/index.php\\\/2022\\\/04\\\/festival-de-piano-cidade-de-lagoa-esta-de-volta\\\/cultura\\\/09\\\/32\\\/#breadcrumb\"},\"inLanguage\":\"pt-PT\",\"potentialAction\":[{\"@type\":\"ReadAction\",\"target\":[\"https:\\\/\\\/algarve7.pt\\\/index.php\\\/2022\\\/04\\\/festival-de-piano-cidade-de-lagoa-esta-de-volta\\\/cultura\\\/09\\\/32\\\/\"]}]},{\"@type\":\"ImageObject\",\"inLanguage\":\"pt-PT\",\"@id\":\"https:\\\/\\\/algarve7.pt\\\/index.php\\\/2022\\\/04\\\/festival-de-piano-cidade-de-lagoa-esta-de-volta\\\/cultura\\\/09\\\/32\\\/#primaryimage\",\"url\":\"https:\\\/\\\/algarve7.pt\\\/wp-content\\\/uploads\\\/2022\\\/04\\\/Captura-de-ecra\u0303-2022-04-26-a\u0300s-09.30.34.png\",\"contentUrl\":\"https:\\\/\\\/algarve7.pt\\\/wp-content\\\/uploads\\\/2022\\\/04\\\/Captura-de-ecra\u0303-2022-04-26-a\u0300s-09.30.34.png\",\"width\":1964,\"height\":1128},{\"@type\":\"BreadcrumbList\",\"@id\":\"https:\\\/\\\/algarve7.pt\\\/index.php\\\/2022\\\/04\\\/festival-de-piano-cidade-de-lagoa-esta-de-volta\\\/cultura\\\/09\\\/32\\\/#breadcrumb\",\"itemListElement\":[{\"@type\":\"ListItem\",\"position\":1,\"name\":\"In\u00edcio\",\"item\":\"https:\\\/\\\/algarve7.pt\\\/\"},{\"@type\":\"ListItem\",\"position\":2,\"name\":\"Festival de Piano Cidade de Lagoa est\u00e1 de volta\"}]},{\"@type\":\"WebSite\",\"@id\":\"https:\\\/\\\/algarve7.pt\\\/#website\",\"url\":\"https:\\\/\\\/algarve7.pt\\\/\",\"name\":\"Algarve 7\",\"description\":\"Informa\u00e7\u00e3o sobre o Algarve\",\"publisher\":{\"@id\":\"https:\\\/\\\/algarve7.pt\\\/#organization\"},\"potentialAction\":[{\"@type\":\"SearchAction\",\"target\":{\"@type\":\"EntryPoint\",\"urlTemplate\":\"https:\\\/\\\/algarve7.pt\\\/?s={search_term_string}\"},\"query-input\":{\"@type\":\"PropertyValueSpecification\",\"valueRequired\":true,\"valueName\":\"search_term_string\"}}],\"inLanguage\":\"pt-PT\"},{\"@type\":\"Organization\",\"@id\":\"https:\\\/\\\/algarve7.pt\\\/#organization\",\"name\":\"Algarve 7\",\"url\":\"https:\\\/\\\/algarve7.pt\\\/\",\"logo\":{\"@type\":\"ImageObject\",\"inLanguage\":\"pt-PT\",\"@id\":\"https:\\\/\\\/algarve7.pt\\\/#\\\/schema\\\/logo\\\/image\\\/\",\"url\":\"https:\\\/\\\/algarve7.pt\\\/wp-content\\\/uploads\\\/2020\\\/10\\\/Logo-8.jpg\",\"contentUrl\":\"https:\\\/\\\/algarve7.pt\\\/wp-content\\\/uploads\\\/2020\\\/10\\\/Logo-8.jpg\",\"width\":1680,\"height\":1186,\"caption\":\"Algarve 7\"},\"image\":{\"@id\":\"https:\\\/\\\/algarve7.pt\\\/#\\\/schema\\\/logo\\\/image\\\/\"},\"sameAs\":[\"https:\\\/\\\/www.facebook.com\\\/algarve7\",\"https:\\\/\\\/x.com\\\/Algarvesete\",\"https:\\\/\\\/www.instagram.com\\\/jornalalgarve7\\\/\",\"https:\\\/\\\/www.linkedin.com\\\/company\\\/algarve7\",\"https:\\\/\\\/www.pinterest.pt\\\/geral0939\\\/_created\\\/\"]},{\"@type\":\"Person\",\"@id\":\"https:\\\/\\\/algarve7.pt\\\/#\\\/schema\\\/person\\\/23fa70681308e7b319a3204bcea45e0c\",\"name\":\"Algarve 7\",\"sameAs\":[\"https:\\\/\\\/algarve7.pt\",\"https:\\\/\\\/www.facebook.com\\\/algarve7\"],\"url\":\"https:\\\/\\\/algarve7.pt\\\/index.php\\\/author\\\/geralalgarve7-pt\\\/\"}]}<\/script>\n<!-- \/ Yoast SEO plugin. -->","yoast_head_json":{"title":"Festival de Piano Cidade de Lagoa est\u00e1 de volta - Algarve 7","description":"Festival de Piano Cidade de Lagoa est\u00e1 de volta Cultura","robots":{"index":"index","follow":"follow","max-snippet":"max-snippet:-1","max-image-preview":"max-image-preview:large","max-video-preview":"max-video-preview:-1"},"canonical":"https:\/\/algarve7.pt\/index.php\/2022\/04\/festival-de-piano-cidade-de-lagoa-esta-de-volta\/cultura\/09\/32\/","og_locale":"pt_PT","og_type":"article","og_title":"Festival de Piano Cidade de Lagoa est\u00e1 de volta - Algarve 7","og_description":"Festival de Piano Cidade de Lagoa est\u00e1 de volta Cultura","og_url":"https:\/\/algarve7.pt\/index.php\/2022\/04\/festival-de-piano-cidade-de-lagoa-esta-de-volta\/cultura\/09\/32\/","og_site_name":"Algarve 7","article_publisher":"https:\/\/www.facebook.com\/algarve7","article_author":"https:\/\/www.facebook.com\/algarve7","article_published_time":"2022-04-26T08:32:55+00:00","article_modified_time":"2022-04-26T08:32:57+00:00","og_image":[{"width":1964,"height":1128,"url":"https:\/\/algarve7.pt\/wp-content\/uploads\/2022\/04\/Captura-de-ecra\u0303-2022-04-26-a\u0300s-09.30.34.png","type":"image\/png"}],"author":"Algarve 7","twitter_card":"summary_large_image","twitter_creator":"@Algarvesete","twitter_site":"@Algarvesete","twitter_misc":{"Escrito por":"Algarve 7","Tempo estimado de leitura":"3 minutos"},"schema":{"@context":"https:\/\/schema.org","@graph":[{"@type":"Article","@id":"https:\/\/algarve7.pt\/index.php\/2022\/04\/festival-de-piano-cidade-de-lagoa-esta-de-volta\/cultura\/09\/32\/#article","isPartOf":{"@id":"https:\/\/algarve7.pt\/index.php\/2022\/04\/festival-de-piano-cidade-de-lagoa-esta-de-volta\/cultura\/09\/32\/"},"author":{"name":"Algarve 7","@id":"https:\/\/algarve7.pt\/#\/schema\/person\/23fa70681308e7b319a3204bcea45e0c"},"headline":"Festival de Piano Cidade de Lagoa est\u00e1 de volta","datePublished":"2022-04-26T08:32:55+00:00","dateModified":"2022-04-26T08:32:57+00:00","mainEntityOfPage":{"@id":"https:\/\/algarve7.pt\/index.php\/2022\/04\/festival-de-piano-cidade-de-lagoa-esta-de-volta\/cultura\/09\/32\/"},"wordCount":547,"publisher":{"@id":"https:\/\/algarve7.pt\/#organization"},"image":{"@id":"https:\/\/algarve7.pt\/index.php\/2022\/04\/festival-de-piano-cidade-de-lagoa-esta-de-volta\/cultura\/09\/32\/#primaryimage"},"thumbnailUrl":"https:\/\/algarve7.pt\/wp-content\/uploads\/2022\/04\/Captura-de-ecra\u0303-2022-04-26-a\u0300s-09.30.34.png","keywords":["Algarve","Concerto","Cultura","Lagoa"],"articleSection":["Cultura"],"inLanguage":"pt-PT"},{"@type":"WebPage","@id":"https:\/\/algarve7.pt\/index.php\/2022\/04\/festival-de-piano-cidade-de-lagoa-esta-de-volta\/cultura\/09\/32\/","url":"https:\/\/algarve7.pt\/index.php\/2022\/04\/festival-de-piano-cidade-de-lagoa-esta-de-volta\/cultura\/09\/32\/","name":"Festival de Piano Cidade de Lagoa est\u00e1 de volta - Algarve 7","isPartOf":{"@id":"https:\/\/algarve7.pt\/#website"},"primaryImageOfPage":{"@id":"https:\/\/algarve7.pt\/index.php\/2022\/04\/festival-de-piano-cidade-de-lagoa-esta-de-volta\/cultura\/09\/32\/#primaryimage"},"image":{"@id":"https:\/\/algarve7.pt\/index.php\/2022\/04\/festival-de-piano-cidade-de-lagoa-esta-de-volta\/cultura\/09\/32\/#primaryimage"},"thumbnailUrl":"https:\/\/algarve7.pt\/wp-content\/uploads\/2022\/04\/Captura-de-ecra\u0303-2022-04-26-a\u0300s-09.30.34.png","datePublished":"2022-04-26T08:32:55+00:00","dateModified":"2022-04-26T08:32:57+00:00","description":"Festival de Piano Cidade de Lagoa est\u00e1 de volta Cultura","breadcrumb":{"@id":"https:\/\/algarve7.pt\/index.php\/2022\/04\/festival-de-piano-cidade-de-lagoa-esta-de-volta\/cultura\/09\/32\/#breadcrumb"},"inLanguage":"pt-PT","potentialAction":[{"@type":"ReadAction","target":["https:\/\/algarve7.pt\/index.php\/2022\/04\/festival-de-piano-cidade-de-lagoa-esta-de-volta\/cultura\/09\/32\/"]}]},{"@type":"ImageObject","inLanguage":"pt-PT","@id":"https:\/\/algarve7.pt\/index.php\/2022\/04\/festival-de-piano-cidade-de-lagoa-esta-de-volta\/cultura\/09\/32\/#primaryimage","url":"https:\/\/algarve7.pt\/wp-content\/uploads\/2022\/04\/Captura-de-ecra\u0303-2022-04-26-a\u0300s-09.30.34.png","contentUrl":"https:\/\/algarve7.pt\/wp-content\/uploads\/2022\/04\/Captura-de-ecra\u0303-2022-04-26-a\u0300s-09.30.34.png","width":1964,"height":1128},{"@type":"BreadcrumbList","@id":"https:\/\/algarve7.pt\/index.php\/2022\/04\/festival-de-piano-cidade-de-lagoa-esta-de-volta\/cultura\/09\/32\/#breadcrumb","itemListElement":[{"@type":"ListItem","position":1,"name":"In\u00edcio","item":"https:\/\/algarve7.pt\/"},{"@type":"ListItem","position":2,"name":"Festival de Piano Cidade de Lagoa est\u00e1 de volta"}]},{"@type":"WebSite","@id":"https:\/\/algarve7.pt\/#website","url":"https:\/\/algarve7.pt\/","name":"Algarve 7","description":"Informa\u00e7\u00e3o sobre o Algarve","publisher":{"@id":"https:\/\/algarve7.pt\/#organization"},"potentialAction":[{"@type":"SearchAction","target":{"@type":"EntryPoint","urlTemplate":"https:\/\/algarve7.pt\/?s={search_term_string}"},"query-input":{"@type":"PropertyValueSpecification","valueRequired":true,"valueName":"search_term_string"}}],"inLanguage":"pt-PT"},{"@type":"Organization","@id":"https:\/\/algarve7.pt\/#organization","name":"Algarve 7","url":"https:\/\/algarve7.pt\/","logo":{"@type":"ImageObject","inLanguage":"pt-PT","@id":"https:\/\/algarve7.pt\/#\/schema\/logo\/image\/","url":"https:\/\/algarve7.pt\/wp-content\/uploads\/2020\/10\/Logo-8.jpg","contentUrl":"https:\/\/algarve7.pt\/wp-content\/uploads\/2020\/10\/Logo-8.jpg","width":1680,"height":1186,"caption":"Algarve 7"},"image":{"@id":"https:\/\/algarve7.pt\/#\/schema\/logo\/image\/"},"sameAs":["https:\/\/www.facebook.com\/algarve7","https:\/\/x.com\/Algarvesete","https:\/\/www.instagram.com\/jornalalgarve7\/","https:\/\/www.linkedin.com\/company\/algarve7","https:\/\/www.pinterest.pt\/geral0939\/_created\/"]},{"@type":"Person","@id":"https:\/\/algarve7.pt\/#\/schema\/person\/23fa70681308e7b319a3204bcea45e0c","name":"Algarve 7","sameAs":["https:\/\/algarve7.pt","https:\/\/www.facebook.com\/algarve7"],"url":"https:\/\/algarve7.pt\/index.php\/author\/geralalgarve7-pt\/"}]}},"jetpack_publicize_connections":[],"jetpack_featured_media_url":"https:\/\/algarve7.pt\/wp-content\/uploads\/2022\/04\/Captura-de-ecra\u0303-2022-04-26-a\u0300s-09.30.34.png","jetpack_shortlink":"https:\/\/wp.me\/pcezmW-4GO","jetpack_sharing_enabled":true,"_links":{"self":[{"href":"https:\/\/algarve7.pt\/index.php\/wp-json\/wp\/v2\/posts\/18030","targetHints":{"allow":["GET"]}}],"collection":[{"href":"https:\/\/algarve7.pt\/index.php\/wp-json\/wp\/v2\/posts"}],"about":[{"href":"https:\/\/algarve7.pt\/index.php\/wp-json\/wp\/v2\/types\/post"}],"author":[{"embeddable":true,"href":"https:\/\/algarve7.pt\/index.php\/wp-json\/wp\/v2\/users\/1"}],"replies":[{"embeddable":true,"href":"https:\/\/algarve7.pt\/index.php\/wp-json\/wp\/v2\/comments?post=18030"}],"version-history":[{"count":0,"href":"https:\/\/algarve7.pt\/index.php\/wp-json\/wp\/v2\/posts\/18030\/revisions"}],"wp:featuredmedia":[{"embeddable":true,"href":"https:\/\/algarve7.pt\/index.php\/wp-json\/wp\/v2\/media\/18031"}],"wp:attachment":[{"href":"https:\/\/algarve7.pt\/index.php\/wp-json\/wp\/v2\/media?parent=18030"}],"wp:term":[{"taxonomy":"category","embeddable":true,"href":"https:\/\/algarve7.pt\/index.php\/wp-json\/wp\/v2\/categories?post=18030"},{"taxonomy":"post_tag","embeddable":true,"href":"https:\/\/algarve7.pt\/index.php\/wp-json\/wp\/v2\/tags?post=18030"}],"curies":[{"name":"wp","href":"https:\/\/api.w.org\/{rel}","templated":true}]}}