{"id":18008,"date":"2022-04-24T19:30:00","date_gmt":"2022-04-24T18:30:00","guid":{"rendered":"https:\/\/algarve7.pt\/?p=18008"},"modified":"2022-04-24T19:30:01","modified_gmt":"2022-04-24T18:30:01","slug":"18o-festival-med-zona-historica-de-loule-volta-a-abrir-as-portas-ao-mundo-e-ja-sao-conhecidas-primeiras-confirmacoes","status":"publish","type":"post","link":"https:\/\/algarve7.pt\/index.php\/2022\/04\/18o-festival-med-zona-historica-de-loule-volta-a-abrir-as-portas-ao-mundo-e-ja-sao-conhecidas-primeiras-confirmacoes\/cultura\/19\/30\/","title":{"rendered":"18\u00ba Festival MED: zona hist\u00f3rica de Loul\u00e9 volta a abrir as portas ao mundo e j\u00e1 s\u00e3o conhecidas primeiras confirma\u00e7\u00f5es"},"content":{"rendered":"\n<p>A grande amplitude geogr\u00e1fica e diversidade das sonoridades voltam a ser a imagem de marca do cartaz do Festival MED, apresentado este s\u00e1bado \u00e0 Imprensa com o an\u00fancio das 33 bandas que ir\u00e3o atuar nos palcos principais. De 30 de junho a 3 de julho, para celebrar o 18\u00ba anivers\u00e1rio e assinalar o regresso \u00e0 \u201cnormalidade\u201d, as propostas musicais que ir\u00e3o passar pelos palcos da Matriz, Cerca, Castelo e Chafariz prometem manter a ess\u00eancia do evento e proporcionar ao p\u00fablico uma experi\u00eancia \u00fanica e inesquec\u00edvel.<\/p>\n\n\n\n<p><strong>Albaluna (Portugal), Aline Fraz\u00e3o (Angola), Anthony B (Jamaica), Ayo (Alemanha\/Nig\u00e9ria), Bombino (N\u00edger), Chico Trujillo (Peru), Criatura (Portugal), Eletric Jalaba (Marrocos\/Reino Unido), Eskorzo (Espanha), Expresso Transatl\u00e2ntico (Portugalt), Ghuetto Kumb\u00e9 (Col\u00f4mbia) Go_A (Ucr\u00e2nia), Gyedu-Blay &amp; His Sekondi Band (Gana), Ikoqwe (Portugal\/Angola), Johnny Hooker (Brasil), J\u00fapiter &amp; Okwess (Rep\u00fablica Democr\u00e1tica do Congo), Mallu Magalh\u00e3es (Brasil), Manou Gallo (Costa do Marfim), Maro (Portugal), N3rdistan (Fran\u00e7a\/Marrocos), Nancy Vieira (Cabo Verde), Noiserv (Portugal), Noura Mint Seymali (Maurit\u00e2nia), O Gajo (Portugal), Oum (Marrocos), Plasticine (Portugal), RE:Imaginar BANDA Monte Cara (Cabo Verde), Rodrigo Cuevas (Espanha), Sc\u00faru Fitchad\u00fa (Portugal\/Angola), Shkoon (S\u00edria\/Alemanha), Sylva Drums (Portugal), V\u00edtor Zamora &amp; Sexteto Cuba (Portugal\/Cuba), Viviane (Portugal)<\/strong> s\u00e3o os artistas que ir\u00e3o celebrar a \u201cmaioridade\u201d do Festival MED j\u00e1 que que este ano passam 18 anos desde o seu nascimento, em 2004.<\/p>\n\n\n\n<p>Depois de um ano de interregno e de uma edi\u00e7\u00e3o especial mais curta \u2013 o interMEDio \u2013, o diretor do Festival, Carlos Carmo, acredita que 2022 marcar\u00e1 um regresso em for\u00e7a, com uma grande ades\u00e3o da parte do p\u00fablico, n\u00e3o s\u00f3 porque \u201cas pessoas est\u00e3o sedentas desta sensa\u00e7\u00e3o de liberdade ap\u00f3s dois anos de medidas de restri\u00e7\u00e3o \u201c mas sobretudo pelo alinhamento musical. \u201c\u00c9 um cartaz muito forte, muito heterog\u00e9neo, abarca muitas sonoridades e cumpre o objetivo de ir a v\u00e1rios pontos do globo, mantendo a sua faceta original de andar muito \u00e0 volta da Bacia do Mediterr\u00e2neo\u201d, explica Carlos Carmo, que destaca a \u201cforma cuidada como o festival foi programado\u201d.<\/p>\n\n\n\n<p>\u00c0 semelhan\u00e7a dos anos anteriores em que a organiza\u00e7\u00e3o introduziu um pa\u00eds novo no cartaz, pela primeira vez a Maurit\u00e2nia estar\u00e1 representada no MED, e esta estreia ser\u00e1 feita atrav\u00e9s da voz da voz de Noura Mint Seymali.<\/p>\n\n\n\n<p>O coletivo de Cabo Verde RE:Imaginar Banda Monte Cara, projeto recente que recria o m\u00edtico Monte Cara, o primeiro espa\u00e7o em Lisboa da cultura cabo-verdiana, \u00e9 um dos nomes sonantes deste alinhamento at\u00e9 porque Loul\u00e9 ser\u00e1 praticamente o palco de estreia. \u201cApenas fizeram uma primeira apresenta\u00e7\u00e3o num clube em Lisboa para perceber as din\u00e2micas mas ser\u00e1 aqui que far\u00e3o aqui a sua estreia ao vivo\u201d, adianta o diretor do MED. E destaca ainda o nome de Maro, a vencedora do Festival da Can\u00e7\u00e3o que j\u00e1 tinha confirmado a sua presen\u00e7a em Loul\u00e9 ainda antes desta participa\u00e7\u00e3o que a tornou mais conhecida. O encerramento do Festival ser\u00e1 tamb\u00e9m um dos momentos \u00fanicos que Carlos Carmo acredita ser\u00e1 inesquec\u00edvel. \u201cTerminaremos com um nome louletano, Sylva Drums, um DJ de Loul\u00e9 que desafi\u00e1mos a criar um projeto espec\u00edfico para encerrar o Festival e que, a seu lado no palco, ter\u00e1 mais de duas dezenas de performers \u201c.<\/p>\n\n\n\n<p>No total o casco medieval da cidade receber\u00e1 nestes quatro dias 90 horas de m\u00fasica, 66 concertos e mais de 300 m\u00fasicos de bandas de 21 nacionalidades que ir\u00e3o atuar em 12 palcos. O restante cartaz ser\u00e1 anunciado no final de maio, durante um segundo momento de apresenta\u00e7\u00e3o a ter lugar no Cineteatro Louletano. Mas n\u00e3o ser\u00e3o s\u00f3 as novidades no campo da m\u00fasica que estar\u00e3o em destaque nesse dia. At\u00e9 porque, apesar do enfoque nas m\u00fasicas do mundo, o MED \u00e9 um evento \u201cque tem outras disciplinas que queremos cada vez mais valorizar e \u00e9 isso que vamos fazer este ano\u201d, garante Carlos Carmo, referindo-se a Poesia, Teatro, Cinema, Gastronomia, Artesanato, Artes Pl\u00e1sticas, Performances. \u201cEste ano teremos muitas novidades, n\u00e3o s\u00f3 ao n\u00edvel dos espa\u00e7os mas tamb\u00e9m porque vamos saltar fora dos muros do festival, com v\u00e1rias parcerias com os promotores locais, como a Casa da Cultura. Iremos ter iniciativas n\u00e3o s\u00f3 a decorrer durante o Festival mas tamb\u00e9m antes e depois\u201d, adianta.<\/p>\n\n\n\n<p>E em termos patrimoniais e do espa\u00e7o p\u00fablico est\u00e3o previstas algumas surpresas para os visitantes: \u201cVamos poder usufruir do grande trabalho de reabilita\u00e7\u00e3o que o Centro Hist\u00f3rico tem vindo a ter e surpreender muita gente!\u201d.<\/p>\n\n\n\n<p>Recorde-se que nas 17 edi\u00e7\u00f5es j\u00e1 passaram pelo festival 576 bandas, em representa\u00e7\u00e3o de 52 pa\u00edses. O MED conta com 40 nomea\u00e7\u00f5es para os Iberians Festival Awards e recebeu 6 galard\u00f5es: Melhor Festival de M\u00e9dia Dimens\u00e3o da Pen\u00ednsula Ib\u00e9rica, em 2017 e 2018; Melhor Promo\u00e7\u00e3o Tur\u00edstica (Portugal), em 2018 e 2020; Contributo para a Sustentabilidade na Pen\u00ednsula Ib\u00e9rica, em 2019; Melhor Festival Lus\u00f3fono e Hisp\u00e2nico da Pen\u00ednsula Ib\u00e9rica, em 2020. O Festival MED \u00e9 um evento \u201ctotalmente organizado e financiado pelo Munic\u00edpio de Loul\u00e9\u201d.<\/p>\n\n\n\n<p>A par da componente cultural e de entretenimento, este evento \u00e9 promotor da din\u00e2mica econ\u00f3mica e tur\u00edstica do concelho de Loul\u00e9. \u201c40% dos visitantes do Festival s\u00e3o turistas estrangeiros e destes 39% j\u00e1 escolhem vir para o Algarve porque existe naquela altura o Festival MED\u201d.<\/p>\n\n\n\n<p>Os bilhetes para o festival j\u00e1 est\u00e3o em pr\u00e9-venda em <a href=\"http:\/\/www.bol.pt\" target=\"_blank\" rel=\"noreferrer noopener\">www.bol.pt<\/a><\/p>\n\n\n\n<p>Siga tudo em <a href=\"https:\/\/www.facebook.com\/festivalmedloule\" target=\"_blank\" rel=\"noreferrer noopener\">https:\/\/www.facebook.com\/festivalmedloule<\/a><\/p>\n","protected":false},"excerpt":{"rendered":"<p>A grande amplitude geogr\u00e1fica e diversidade das sonoridades voltam a ser a imagem de marca do cartaz do Festival MED,<\/p>\n","protected":false},"author":1,"featured_media":18009,"comment_status":"closed","ping_status":"open","sticky":false,"template":"","format":"standard","meta":{"colormag_page_container_layout":"default_layout","colormag_page_sidebar_layout":"default_layout","_monsterinsights_skip_tracking":false,"_monsterinsights_sitenote_active":false,"_monsterinsights_sitenote_note":"","_monsterinsights_sitenote_category":0,"jetpack_post_was_ever_published":false,"_jetpack_newsletter_access":"","_jetpack_dont_email_post_to_subs":false,"_jetpack_newsletter_tier_id":0,"_jetpack_memberships_contains_paywalled_content":false,"_jetpack_memberships_contains_paid_content":false,"footnotes":"","jetpack_publicize_message":"","jetpack_publicize_feature_enabled":true,"jetpack_social_post_already_shared":true,"jetpack_social_options":{"image_generator_settings":{"template":"highway","default_image_id":0,"font":"","enabled":false},"version":2}},"categories":[14],"tags":[36,35,420,31],"class_list":["post-18008","post","type-post","status-publish","format-standard","has-post-thumbnail","hentry","category-cultura","tag-algarve","tag-cultura","tag-festival-med","tag-loule"],"yoast_head":"<!-- This site is optimized with the Yoast SEO plugin v27.5 - https:\/\/yoast.com\/product\/yoast-seo-wordpress\/ -->\n<title>18\u00ba Festival MED: zona hist\u00f3rica de Loul\u00e9 volta a abrir as portas ao mundo e j\u00e1 s\u00e3o conhecidas primeiras confirma\u00e7\u00f5es - Algarve 7<\/title>\n<meta name=\"description\" content=\"18\u00ba Festival MED: zona hist\u00f3rica de Loul\u00e9 volta a abrir as portas ao mundo e j\u00e1 s\u00e3o conhecidas primeiras confirma\u00e7\u00f5es Cultura\" \/>\n<meta name=\"robots\" content=\"index, follow, max-snippet:-1, max-image-preview:large, max-video-preview:-1\" \/>\n<link rel=\"canonical\" href=\"https:\/\/algarve7.pt\/index.php\/2022\/04\/18o-festival-med-zona-historica-de-loule-volta-a-abrir-as-portas-ao-mundo-e-ja-sao-conhecidas-primeiras-confirmacoes\/cultura\/19\/30\/\" \/>\n<meta property=\"og:locale\" content=\"pt_PT\" \/>\n<meta property=\"og:type\" content=\"article\" \/>\n<meta property=\"og:title\" content=\"18\u00ba Festival MED: zona hist\u00f3rica de Loul\u00e9 volta a abrir as portas ao mundo e j\u00e1 s\u00e3o conhecidas primeiras confirma\u00e7\u00f5es - Algarve 7\" \/>\n<meta property=\"og:description\" content=\"18\u00ba Festival MED: zona hist\u00f3rica de Loul\u00e9 volta a abrir as portas ao mundo e j\u00e1 s\u00e3o conhecidas primeiras confirma\u00e7\u00f5es Cultura\" \/>\n<meta property=\"og:url\" content=\"https:\/\/algarve7.pt\/index.php\/2022\/04\/18o-festival-med-zona-historica-de-loule-volta-a-abrir-as-portas-ao-mundo-e-ja-sao-conhecidas-primeiras-confirmacoes\/cultura\/19\/30\/\" \/>\n<meta property=\"og:site_name\" content=\"Algarve 7\" \/>\n<meta property=\"article:publisher\" content=\"https:\/\/www.facebook.com\/algarve7\" \/>\n<meta property=\"article:author\" content=\"https:\/\/www.facebook.com\/algarve7\" \/>\n<meta property=\"article:published_time\" content=\"2022-04-24T18:30:00+00:00\" \/>\n<meta property=\"article:modified_time\" content=\"2022-04-24T18:30:01+00:00\" \/>\n<meta property=\"og:image\" content=\"https:\/\/algarve7.pt\/wp-content\/uploads\/2022\/04\/Apresentac\u0327a\u0303o-Festival-Med-23-04-2022-17.jpg\" \/>\n\t<meta property=\"og:image:width\" content=\"2309\" \/>\n\t<meta property=\"og:image:height\" content=\"1540\" \/>\n\t<meta property=\"og:image:type\" content=\"image\/jpeg\" \/>\n<meta name=\"author\" content=\"Algarve 7\" \/>\n<meta name=\"twitter:card\" content=\"summary_large_image\" \/>\n<meta name=\"twitter:creator\" content=\"@Algarvesete\" \/>\n<meta name=\"twitter:site\" content=\"@Algarvesete\" \/>\n<meta name=\"twitter:label1\" content=\"Escrito por\" \/>\n\t<meta name=\"twitter:data1\" content=\"Algarve 7\" \/>\n\t<meta name=\"twitter:label2\" content=\"Tempo estimado de leitura\" \/>\n\t<meta name=\"twitter:data2\" content=\"5 minutos\" \/>\n<script type=\"application\/ld+json\" class=\"yoast-schema-graph\">{\"@context\":\"https:\\\/\\\/schema.org\",\"@graph\":[{\"@type\":\"Article\",\"@id\":\"https:\\\/\\\/algarve7.pt\\\/index.php\\\/2022\\\/04\\\/18o-festival-med-zona-historica-de-loule-volta-a-abrir-as-portas-ao-mundo-e-ja-sao-conhecidas-primeiras-confirmacoes\\\/cultura\\\/19\\\/30\\\/#article\",\"isPartOf\":{\"@id\":\"https:\\\/\\\/algarve7.pt\\\/index.php\\\/2022\\\/04\\\/18o-festival-med-zona-historica-de-loule-volta-a-abrir-as-portas-ao-mundo-e-ja-sao-conhecidas-primeiras-confirmacoes\\\/cultura\\\/19\\\/30\\\/\"},\"author\":{\"name\":\"Algarve 7\",\"@id\":\"https:\\\/\\\/algarve7.pt\\\/#\\\/schema\\\/person\\\/23fa70681308e7b319a3204bcea45e0c\"},\"headline\":\"18\u00ba Festival MED: zona hist\u00f3rica de Loul\u00e9 volta a abrir as portas ao mundo e j\u00e1 s\u00e3o conhecidas primeiras confirma\u00e7\u00f5es\",\"datePublished\":\"2022-04-24T18:30:00+00:00\",\"dateModified\":\"2022-04-24T18:30:01+00:00\",\"mainEntityOfPage\":{\"@id\":\"https:\\\/\\\/algarve7.pt\\\/index.php\\\/2022\\\/04\\\/18o-festival-med-zona-historica-de-loule-volta-a-abrir-as-portas-ao-mundo-e-ja-sao-conhecidas-primeiras-confirmacoes\\\/cultura\\\/19\\\/30\\\/\"},\"wordCount\":961,\"publisher\":{\"@id\":\"https:\\\/\\\/algarve7.pt\\\/#organization\"},\"image\":{\"@id\":\"https:\\\/\\\/algarve7.pt\\\/index.php\\\/2022\\\/04\\\/18o-festival-med-zona-historica-de-loule-volta-a-abrir-as-portas-ao-mundo-e-ja-sao-conhecidas-primeiras-confirmacoes\\\/cultura\\\/19\\\/30\\\/#primaryimage\"},\"thumbnailUrl\":\"https:\\\/\\\/algarve7.pt\\\/wp-content\\\/uploads\\\/2022\\\/04\\\/Apresentac\u0327a\u0303o-Festival-Med-23-04-2022-17.jpg\",\"keywords\":[\"Algarve\",\"Cultura\",\"Festival Med\",\"Loul\u00e9\"],\"articleSection\":[\"Cultura\"],\"inLanguage\":\"pt-PT\"},{\"@type\":\"WebPage\",\"@id\":\"https:\\\/\\\/algarve7.pt\\\/index.php\\\/2022\\\/04\\\/18o-festival-med-zona-historica-de-loule-volta-a-abrir-as-portas-ao-mundo-e-ja-sao-conhecidas-primeiras-confirmacoes\\\/cultura\\\/19\\\/30\\\/\",\"url\":\"https:\\\/\\\/algarve7.pt\\\/index.php\\\/2022\\\/04\\\/18o-festival-med-zona-historica-de-loule-volta-a-abrir-as-portas-ao-mundo-e-ja-sao-conhecidas-primeiras-confirmacoes\\\/cultura\\\/19\\\/30\\\/\",\"name\":\"18\u00ba Festival MED: zona hist\u00f3rica de Loul\u00e9 volta a abrir as portas ao mundo e j\u00e1 s\u00e3o conhecidas primeiras confirma\u00e7\u00f5es - Algarve 7\",\"isPartOf\":{\"@id\":\"https:\\\/\\\/algarve7.pt\\\/#website\"},\"primaryImageOfPage\":{\"@id\":\"https:\\\/\\\/algarve7.pt\\\/index.php\\\/2022\\\/04\\\/18o-festival-med-zona-historica-de-loule-volta-a-abrir-as-portas-ao-mundo-e-ja-sao-conhecidas-primeiras-confirmacoes\\\/cultura\\\/19\\\/30\\\/#primaryimage\"},\"image\":{\"@id\":\"https:\\\/\\\/algarve7.pt\\\/index.php\\\/2022\\\/04\\\/18o-festival-med-zona-historica-de-loule-volta-a-abrir-as-portas-ao-mundo-e-ja-sao-conhecidas-primeiras-confirmacoes\\\/cultura\\\/19\\\/30\\\/#primaryimage\"},\"thumbnailUrl\":\"https:\\\/\\\/algarve7.pt\\\/wp-content\\\/uploads\\\/2022\\\/04\\\/Apresentac\u0327a\u0303o-Festival-Med-23-04-2022-17.jpg\",\"datePublished\":\"2022-04-24T18:30:00+00:00\",\"dateModified\":\"2022-04-24T18:30:01+00:00\",\"description\":\"18\u00ba Festival MED: zona hist\u00f3rica de Loul\u00e9 volta a abrir as portas ao mundo e j\u00e1 s\u00e3o conhecidas primeiras confirma\u00e7\u00f5es Cultura\",\"breadcrumb\":{\"@id\":\"https:\\\/\\\/algarve7.pt\\\/index.php\\\/2022\\\/04\\\/18o-festival-med-zona-historica-de-loule-volta-a-abrir-as-portas-ao-mundo-e-ja-sao-conhecidas-primeiras-confirmacoes\\\/cultura\\\/19\\\/30\\\/#breadcrumb\"},\"inLanguage\":\"pt-PT\",\"potentialAction\":[{\"@type\":\"ReadAction\",\"target\":[\"https:\\\/\\\/algarve7.pt\\\/index.php\\\/2022\\\/04\\\/18o-festival-med-zona-historica-de-loule-volta-a-abrir-as-portas-ao-mundo-e-ja-sao-conhecidas-primeiras-confirmacoes\\\/cultura\\\/19\\\/30\\\/\"]}]},{\"@type\":\"ImageObject\",\"inLanguage\":\"pt-PT\",\"@id\":\"https:\\\/\\\/algarve7.pt\\\/index.php\\\/2022\\\/04\\\/18o-festival-med-zona-historica-de-loule-volta-a-abrir-as-portas-ao-mundo-e-ja-sao-conhecidas-primeiras-confirmacoes\\\/cultura\\\/19\\\/30\\\/#primaryimage\",\"url\":\"https:\\\/\\\/algarve7.pt\\\/wp-content\\\/uploads\\\/2022\\\/04\\\/Apresentac\u0327a\u0303o-Festival-Med-23-04-2022-17.jpg\",\"contentUrl\":\"https:\\\/\\\/algarve7.pt\\\/wp-content\\\/uploads\\\/2022\\\/04\\\/Apresentac\u0327a\u0303o-Festival-Med-23-04-2022-17.jpg\",\"width\":2309,\"height\":1540},{\"@type\":\"BreadcrumbList\",\"@id\":\"https:\\\/\\\/algarve7.pt\\\/index.php\\\/2022\\\/04\\\/18o-festival-med-zona-historica-de-loule-volta-a-abrir-as-portas-ao-mundo-e-ja-sao-conhecidas-primeiras-confirmacoes\\\/cultura\\\/19\\\/30\\\/#breadcrumb\",\"itemListElement\":[{\"@type\":\"ListItem\",\"position\":1,\"name\":\"In\u00edcio\",\"item\":\"https:\\\/\\\/algarve7.pt\\\/\"},{\"@type\":\"ListItem\",\"position\":2,\"name\":\"18\u00ba Festival MED: zona hist\u00f3rica de Loul\u00e9 volta a abrir as portas ao mundo e j\u00e1 s\u00e3o conhecidas primeiras confirma\u00e7\u00f5es\"}]},{\"@type\":\"WebSite\",\"@id\":\"https:\\\/\\\/algarve7.pt\\\/#website\",\"url\":\"https:\\\/\\\/algarve7.pt\\\/\",\"name\":\"Algarve 7\",\"description\":\"Informa\u00e7\u00e3o sobre o Algarve\",\"publisher\":{\"@id\":\"https:\\\/\\\/algarve7.pt\\\/#organization\"},\"potentialAction\":[{\"@type\":\"SearchAction\",\"target\":{\"@type\":\"EntryPoint\",\"urlTemplate\":\"https:\\\/\\\/algarve7.pt\\\/?s={search_term_string}\"},\"query-input\":{\"@type\":\"PropertyValueSpecification\",\"valueRequired\":true,\"valueName\":\"search_term_string\"}}],\"inLanguage\":\"pt-PT\"},{\"@type\":\"Organization\",\"@id\":\"https:\\\/\\\/algarve7.pt\\\/#organization\",\"name\":\"Algarve 7\",\"url\":\"https:\\\/\\\/algarve7.pt\\\/\",\"logo\":{\"@type\":\"ImageObject\",\"inLanguage\":\"pt-PT\",\"@id\":\"https:\\\/\\\/algarve7.pt\\\/#\\\/schema\\\/logo\\\/image\\\/\",\"url\":\"https:\\\/\\\/algarve7.pt\\\/wp-content\\\/uploads\\\/2020\\\/10\\\/Logo-8.jpg\",\"contentUrl\":\"https:\\\/\\\/algarve7.pt\\\/wp-content\\\/uploads\\\/2020\\\/10\\\/Logo-8.jpg\",\"width\":1680,\"height\":1186,\"caption\":\"Algarve 7\"},\"image\":{\"@id\":\"https:\\\/\\\/algarve7.pt\\\/#\\\/schema\\\/logo\\\/image\\\/\"},\"sameAs\":[\"https:\\\/\\\/www.facebook.com\\\/algarve7\",\"https:\\\/\\\/x.com\\\/Algarvesete\",\"https:\\\/\\\/www.instagram.com\\\/jornalalgarve7\\\/\",\"https:\\\/\\\/www.linkedin.com\\\/company\\\/algarve7\",\"https:\\\/\\\/www.pinterest.pt\\\/geral0939\\\/_created\\\/\"]},{\"@type\":\"Person\",\"@id\":\"https:\\\/\\\/algarve7.pt\\\/#\\\/schema\\\/person\\\/23fa70681308e7b319a3204bcea45e0c\",\"name\":\"Algarve 7\",\"sameAs\":[\"https:\\\/\\\/algarve7.pt\",\"https:\\\/\\\/www.facebook.com\\\/algarve7\"],\"url\":\"https:\\\/\\\/algarve7.pt\\\/index.php\\\/author\\\/geralalgarve7-pt\\\/\"}]}<\/script>\n<!-- \/ Yoast SEO plugin. -->","yoast_head_json":{"title":"18\u00ba Festival MED: zona hist\u00f3rica de Loul\u00e9 volta a abrir as portas ao mundo e j\u00e1 s\u00e3o conhecidas primeiras confirma\u00e7\u00f5es - Algarve 7","description":"18\u00ba Festival MED: zona hist\u00f3rica de Loul\u00e9 volta a abrir as portas ao mundo e j\u00e1 s\u00e3o conhecidas primeiras confirma\u00e7\u00f5es Cultura","robots":{"index":"index","follow":"follow","max-snippet":"max-snippet:-1","max-image-preview":"max-image-preview:large","max-video-preview":"max-video-preview:-1"},"canonical":"https:\/\/algarve7.pt\/index.php\/2022\/04\/18o-festival-med-zona-historica-de-loule-volta-a-abrir-as-portas-ao-mundo-e-ja-sao-conhecidas-primeiras-confirmacoes\/cultura\/19\/30\/","og_locale":"pt_PT","og_type":"article","og_title":"18\u00ba Festival MED: zona hist\u00f3rica de Loul\u00e9 volta a abrir as portas ao mundo e j\u00e1 s\u00e3o conhecidas primeiras confirma\u00e7\u00f5es - Algarve 7","og_description":"18\u00ba Festival MED: zona hist\u00f3rica de Loul\u00e9 volta a abrir as portas ao mundo e j\u00e1 s\u00e3o conhecidas primeiras confirma\u00e7\u00f5es Cultura","og_url":"https:\/\/algarve7.pt\/index.php\/2022\/04\/18o-festival-med-zona-historica-de-loule-volta-a-abrir-as-portas-ao-mundo-e-ja-sao-conhecidas-primeiras-confirmacoes\/cultura\/19\/30\/","og_site_name":"Algarve 7","article_publisher":"https:\/\/www.facebook.com\/algarve7","article_author":"https:\/\/www.facebook.com\/algarve7","article_published_time":"2022-04-24T18:30:00+00:00","article_modified_time":"2022-04-24T18:30:01+00:00","og_image":[{"width":2309,"height":1540,"url":"https:\/\/algarve7.pt\/wp-content\/uploads\/2022\/04\/Apresentac\u0327a\u0303o-Festival-Med-23-04-2022-17.jpg","type":"image\/jpeg"}],"author":"Algarve 7","twitter_card":"summary_large_image","twitter_creator":"@Algarvesete","twitter_site":"@Algarvesete","twitter_misc":{"Escrito por":"Algarve 7","Tempo estimado de leitura":"5 minutos"},"schema":{"@context":"https:\/\/schema.org","@graph":[{"@type":"Article","@id":"https:\/\/algarve7.pt\/index.php\/2022\/04\/18o-festival-med-zona-historica-de-loule-volta-a-abrir-as-portas-ao-mundo-e-ja-sao-conhecidas-primeiras-confirmacoes\/cultura\/19\/30\/#article","isPartOf":{"@id":"https:\/\/algarve7.pt\/index.php\/2022\/04\/18o-festival-med-zona-historica-de-loule-volta-a-abrir-as-portas-ao-mundo-e-ja-sao-conhecidas-primeiras-confirmacoes\/cultura\/19\/30\/"},"author":{"name":"Algarve 7","@id":"https:\/\/algarve7.pt\/#\/schema\/person\/23fa70681308e7b319a3204bcea45e0c"},"headline":"18\u00ba Festival MED: zona hist\u00f3rica de Loul\u00e9 volta a abrir as portas ao mundo e j\u00e1 s\u00e3o conhecidas primeiras confirma\u00e7\u00f5es","datePublished":"2022-04-24T18:30:00+00:00","dateModified":"2022-04-24T18:30:01+00:00","mainEntityOfPage":{"@id":"https:\/\/algarve7.pt\/index.php\/2022\/04\/18o-festival-med-zona-historica-de-loule-volta-a-abrir-as-portas-ao-mundo-e-ja-sao-conhecidas-primeiras-confirmacoes\/cultura\/19\/30\/"},"wordCount":961,"publisher":{"@id":"https:\/\/algarve7.pt\/#organization"},"image":{"@id":"https:\/\/algarve7.pt\/index.php\/2022\/04\/18o-festival-med-zona-historica-de-loule-volta-a-abrir-as-portas-ao-mundo-e-ja-sao-conhecidas-primeiras-confirmacoes\/cultura\/19\/30\/#primaryimage"},"thumbnailUrl":"https:\/\/algarve7.pt\/wp-content\/uploads\/2022\/04\/Apresentac\u0327a\u0303o-Festival-Med-23-04-2022-17.jpg","keywords":["Algarve","Cultura","Festival Med","Loul\u00e9"],"articleSection":["Cultura"],"inLanguage":"pt-PT"},{"@type":"WebPage","@id":"https:\/\/algarve7.pt\/index.php\/2022\/04\/18o-festival-med-zona-historica-de-loule-volta-a-abrir-as-portas-ao-mundo-e-ja-sao-conhecidas-primeiras-confirmacoes\/cultura\/19\/30\/","url":"https:\/\/algarve7.pt\/index.php\/2022\/04\/18o-festival-med-zona-historica-de-loule-volta-a-abrir-as-portas-ao-mundo-e-ja-sao-conhecidas-primeiras-confirmacoes\/cultura\/19\/30\/","name":"18\u00ba Festival MED: zona hist\u00f3rica de Loul\u00e9 volta a abrir as portas ao mundo e j\u00e1 s\u00e3o conhecidas primeiras confirma\u00e7\u00f5es - Algarve 7","isPartOf":{"@id":"https:\/\/algarve7.pt\/#website"},"primaryImageOfPage":{"@id":"https:\/\/algarve7.pt\/index.php\/2022\/04\/18o-festival-med-zona-historica-de-loule-volta-a-abrir-as-portas-ao-mundo-e-ja-sao-conhecidas-primeiras-confirmacoes\/cultura\/19\/30\/#primaryimage"},"image":{"@id":"https:\/\/algarve7.pt\/index.php\/2022\/04\/18o-festival-med-zona-historica-de-loule-volta-a-abrir-as-portas-ao-mundo-e-ja-sao-conhecidas-primeiras-confirmacoes\/cultura\/19\/30\/#primaryimage"},"thumbnailUrl":"https:\/\/algarve7.pt\/wp-content\/uploads\/2022\/04\/Apresentac\u0327a\u0303o-Festival-Med-23-04-2022-17.jpg","datePublished":"2022-04-24T18:30:00+00:00","dateModified":"2022-04-24T18:30:01+00:00","description":"18\u00ba Festival MED: zona hist\u00f3rica de Loul\u00e9 volta a abrir as portas ao mundo e j\u00e1 s\u00e3o conhecidas primeiras confirma\u00e7\u00f5es Cultura","breadcrumb":{"@id":"https:\/\/algarve7.pt\/index.php\/2022\/04\/18o-festival-med-zona-historica-de-loule-volta-a-abrir-as-portas-ao-mundo-e-ja-sao-conhecidas-primeiras-confirmacoes\/cultura\/19\/30\/#breadcrumb"},"inLanguage":"pt-PT","potentialAction":[{"@type":"ReadAction","target":["https:\/\/algarve7.pt\/index.php\/2022\/04\/18o-festival-med-zona-historica-de-loule-volta-a-abrir-as-portas-ao-mundo-e-ja-sao-conhecidas-primeiras-confirmacoes\/cultura\/19\/30\/"]}]},{"@type":"ImageObject","inLanguage":"pt-PT","@id":"https:\/\/algarve7.pt\/index.php\/2022\/04\/18o-festival-med-zona-historica-de-loule-volta-a-abrir-as-portas-ao-mundo-e-ja-sao-conhecidas-primeiras-confirmacoes\/cultura\/19\/30\/#primaryimage","url":"https:\/\/algarve7.pt\/wp-content\/uploads\/2022\/04\/Apresentac\u0327a\u0303o-Festival-Med-23-04-2022-17.jpg","contentUrl":"https:\/\/algarve7.pt\/wp-content\/uploads\/2022\/04\/Apresentac\u0327a\u0303o-Festival-Med-23-04-2022-17.jpg","width":2309,"height":1540},{"@type":"BreadcrumbList","@id":"https:\/\/algarve7.pt\/index.php\/2022\/04\/18o-festival-med-zona-historica-de-loule-volta-a-abrir-as-portas-ao-mundo-e-ja-sao-conhecidas-primeiras-confirmacoes\/cultura\/19\/30\/#breadcrumb","itemListElement":[{"@type":"ListItem","position":1,"name":"In\u00edcio","item":"https:\/\/algarve7.pt\/"},{"@type":"ListItem","position":2,"name":"18\u00ba Festival MED: zona hist\u00f3rica de Loul\u00e9 volta a abrir as portas ao mundo e j\u00e1 s\u00e3o conhecidas primeiras confirma\u00e7\u00f5es"}]},{"@type":"WebSite","@id":"https:\/\/algarve7.pt\/#website","url":"https:\/\/algarve7.pt\/","name":"Algarve 7","description":"Informa\u00e7\u00e3o sobre o Algarve","publisher":{"@id":"https:\/\/algarve7.pt\/#organization"},"potentialAction":[{"@type":"SearchAction","target":{"@type":"EntryPoint","urlTemplate":"https:\/\/algarve7.pt\/?s={search_term_string}"},"query-input":{"@type":"PropertyValueSpecification","valueRequired":true,"valueName":"search_term_string"}}],"inLanguage":"pt-PT"},{"@type":"Organization","@id":"https:\/\/algarve7.pt\/#organization","name":"Algarve 7","url":"https:\/\/algarve7.pt\/","logo":{"@type":"ImageObject","inLanguage":"pt-PT","@id":"https:\/\/algarve7.pt\/#\/schema\/logo\/image\/","url":"https:\/\/algarve7.pt\/wp-content\/uploads\/2020\/10\/Logo-8.jpg","contentUrl":"https:\/\/algarve7.pt\/wp-content\/uploads\/2020\/10\/Logo-8.jpg","width":1680,"height":1186,"caption":"Algarve 7"},"image":{"@id":"https:\/\/algarve7.pt\/#\/schema\/logo\/image\/"},"sameAs":["https:\/\/www.facebook.com\/algarve7","https:\/\/x.com\/Algarvesete","https:\/\/www.instagram.com\/jornalalgarve7\/","https:\/\/www.linkedin.com\/company\/algarve7","https:\/\/www.pinterest.pt\/geral0939\/_created\/"]},{"@type":"Person","@id":"https:\/\/algarve7.pt\/#\/schema\/person\/23fa70681308e7b319a3204bcea45e0c","name":"Algarve 7","sameAs":["https:\/\/algarve7.pt","https:\/\/www.facebook.com\/algarve7"],"url":"https:\/\/algarve7.pt\/index.php\/author\/geralalgarve7-pt\/"}]}},"jetpack_publicize_connections":[],"jetpack_featured_media_url":"https:\/\/algarve7.pt\/wp-content\/uploads\/2022\/04\/Apresentac\u0327a\u0303o-Festival-Med-23-04-2022-17.jpg","jetpack_shortlink":"https:\/\/wp.me\/pcezmW-4Gs","jetpack_sharing_enabled":true,"_links":{"self":[{"href":"https:\/\/algarve7.pt\/index.php\/wp-json\/wp\/v2\/posts\/18008","targetHints":{"allow":["GET"]}}],"collection":[{"href":"https:\/\/algarve7.pt\/index.php\/wp-json\/wp\/v2\/posts"}],"about":[{"href":"https:\/\/algarve7.pt\/index.php\/wp-json\/wp\/v2\/types\/post"}],"author":[{"embeddable":true,"href":"https:\/\/algarve7.pt\/index.php\/wp-json\/wp\/v2\/users\/1"}],"replies":[{"embeddable":true,"href":"https:\/\/algarve7.pt\/index.php\/wp-json\/wp\/v2\/comments?post=18008"}],"version-history":[{"count":0,"href":"https:\/\/algarve7.pt\/index.php\/wp-json\/wp\/v2\/posts\/18008\/revisions"}],"wp:featuredmedia":[{"embeddable":true,"href":"https:\/\/algarve7.pt\/index.php\/wp-json\/wp\/v2\/media\/18009"}],"wp:attachment":[{"href":"https:\/\/algarve7.pt\/index.php\/wp-json\/wp\/v2\/media?parent=18008"}],"wp:term":[{"taxonomy":"category","embeddable":true,"href":"https:\/\/algarve7.pt\/index.php\/wp-json\/wp\/v2\/categories?post=18008"},{"taxonomy":"post_tag","embeddable":true,"href":"https:\/\/algarve7.pt\/index.php\/wp-json\/wp\/v2\/tags?post=18008"}],"curies":[{"name":"wp","href":"https:\/\/api.w.org\/{rel}","templated":true}]}}