{"id":18005,"date":"2022-04-24T13:54:47","date_gmt":"2022-04-24T12:54:47","guid":{"rendered":"https:\/\/algarve7.pt\/?p=18005"},"modified":"2022-04-24T13:54:49","modified_gmt":"2022-04-24T12:54:49","slug":"xxvi-semana-das-artes-e-culturas-de-alte","status":"publish","type":"post","link":"https:\/\/algarve7.pt\/index.php\/2022\/04\/xxvi-semana-das-artes-e-culturas-de-alte\/cultura\/13\/54\/","title":{"rendered":"XXVI semana das artes e culturas de Alte"},"content":{"rendered":"\n<p>De 25 de abril a 1 de maio, a tradi\u00e7\u00e3o est\u00e1 de volta a Alte naquela que \u00e9 a XXVI Semana das Artes e Culturas, com propostas diferenciadoras e diversificadas que convidam \u00e0 descoberta desta t\u00edpica localidade do interior algarvio.<\/p>\n\n\n\n<p>A Semana arranca com o m\u00edtico BTT de Alte, que este ano assinala a sua 23\u00aa edi\u00e7\u00e3o. A prova de Passeio\/Maratona, com diferentes n\u00edveis de dificuldade, integra, na classe competitiva, a Ta\u00e7a de Portugal de XCM. A prova inclui ainda o 6\u00ba Alte Trail\/Corrida e uma Caminhada de 13Kms, para quem quiser desfrutar das belas paisagens deste territ\u00f3rio. Na Fonte Pequena haver\u00e1 ainda um workshop sobre o pomar de sequeiro, uma tert\u00falia promovida pelo projeto ASAS sobre paz e liberdade, um mercadinho de artesanato e produtos regionais, um espa\u00e7o de tasquinhas e a atua\u00e7\u00e3o do grupo Mo\u00e7oilas, Amigos da Figueira e um baile com Valter Cabrita.<\/p>\n\n\n\n<p>No dia 26, a Gala Internacional do Acorde\u00e3o vai estar em Alte, com um espet\u00e1culo que acontece na Casa do Povo. \u00c9 neste espa\u00e7o que no dia seguinte tem lugar \u201cEste \u00e9 o Fado que nos une\u201d, um momento musical com In\u00eas Cruz, Ricardo Martins e a Banda Filarm\u00f3nica de S. Br\u00e1s de Alportel.<\/p>\n\n\n\n<p>No dia 28, a proposta \u00e9 uma experi\u00eancia criativa (EcoPrint), na Casa do Artes\u00e3o, e um momento de din\u00e2mica musical tradicional, com tambores portugueses, no centro da aldeia. Um torneio de jogos tradicionais acontece no dia 29, seguindo-se, no audit\u00f3rio da Escola Profissional C\u00e2ndido Guerreiro, uma confer\u00eancia sobre a import\u00e2ncia desta atividade na cultura algarvia. \u00c0 noite, na Casa do Povo, o ser\u00e3o com Ecos da Serra ir\u00e1 recordar o 1 de Maio de outrora, festividade celebrada h\u00e1 d\u00e9cadas, de forma muito especial, em Alte.<\/p>\n\n\n\n<p>O dia 30 de abril ter\u00e1 um programa recheado de atividades desportivas e recreativas. Na parte da manh\u00e3 ter\u00e1 lugar o Passeio Pedestre com Batida Fotogr\u00e1fica, num percurso de 6Km que inclui uma visita \u00e0s aldeias abandonadas da Soalheira, Rocha Amarela e Picota e a algumas forma\u00e7\u00f5es geol\u00f3gicas que fazem parte do aspirante a geoparque. Xadrez, rampa de ciclismo e malha na laje s\u00e3o as modalidades em destaque nesta tarde. E ao final do dia, o P\u00f3lo Museol\u00f3gico recebe \u201cAo p\u00e9 de quatro montes\u201d, um tributo a C\u00e2ndido Guerreiro, por Afonso Dias, no \u00e2mbito das comemora\u00e7\u00f5es do 13\u00ba anivers\u00e1rio deste equipamento cultural.<\/p>\n\n\n\n<p>O 1\u00ba de Maio marca o encerramento deste programa e o ponto alto da Semana. Logo de manh\u00e3 \u00e9 inaugurada a escultura da autoria de Maya, no mercado antigo de Alte. \u00c0s 11h00, na Fonte Grande, abre a mini-feira de artesanato com produtos regionais e m\u00fasica ambiente. Ana Ars\u00e9nio, da Associa\u00e7\u00e3o In Loco, prop\u00f5e um passeio de interpreta\u00e7\u00e3o da paisagem do pomar tradicional de sequeiro. A riqueza gastron\u00f3mica de Alte poder\u00e1 ser apreciada no almo\u00e7o servido com petiscos tradicionais, ao som das \u201cVozes da Mem\u00f3ria\u201d, do projeto ASAS. O evento termina com o Festival de Folclore que tem como anfitri\u00e3o o Grupo Folcl\u00f3rico de Alte, e um baile com Valter Cabrita.<\/p>\n\n\n\n<p>Num dia em que s\u00e3o muitas as pessoas que se deslocam \u00e0s zonas rurais do interior para comemorar as tradi\u00e7\u00f5es de Maio, Alte constitui um ponto de paragem obrigat\u00f3ria n\u00e3o s\u00f3 pelas atividades culturais propostas mas tamb\u00e9m pelas suas belezas naturais, patrim\u00f3nio hist\u00f3rico e hospitalidade das suas gentes.<\/p>\n","protected":false},"excerpt":{"rendered":"<p>De 25 de abril a 1 de maio, a tradi\u00e7\u00e3o est\u00e1 de volta a Alte naquela que \u00e9 a XXVI<\/p>\n","protected":false},"author":1,"featured_media":18006,"comment_status":"closed","ping_status":"open","sticky":false,"template":"","format":"standard","meta":{"colormag_page_container_layout":"default_layout","colormag_page_sidebar_layout":"default_layout","_monsterinsights_skip_tracking":false,"_monsterinsights_sitenote_active":false,"_monsterinsights_sitenote_note":"","_monsterinsights_sitenote_category":0,"jetpack_post_was_ever_published":false,"_jetpack_newsletter_access":"","_jetpack_dont_email_post_to_subs":false,"_jetpack_newsletter_tier_id":0,"_jetpack_memberships_contains_paywalled_content":false,"_jetpack_memberships_contains_paid_content":false,"footnotes":"","jetpack_publicize_message":"","jetpack_publicize_feature_enabled":true,"jetpack_social_post_already_shared":true,"jetpack_social_options":{"image_generator_settings":{"template":"highway","default_image_id":0,"font":"","enabled":false},"version":2}},"categories":[14],"tags":[36,124,35],"class_list":["post-18005","post","type-post","status-publish","format-standard","has-post-thumbnail","hentry","category-cultura","tag-algarve","tag-alte","tag-cultura"],"yoast_head":"<!-- This site is optimized with the Yoast SEO plugin v27.5 - https:\/\/yoast.com\/product\/yoast-seo-wordpress\/ -->\n<title>XXVI semana das artes e culturas de Alte - Algarve 7<\/title>\n<meta name=\"description\" content=\"XXVI semana das artes e culturas de Alte Cultura\" \/>\n<meta name=\"robots\" content=\"index, follow, max-snippet:-1, max-image-preview:large, max-video-preview:-1\" \/>\n<link rel=\"canonical\" href=\"https:\/\/algarve7.pt\/index.php\/2022\/04\/xxvi-semana-das-artes-e-culturas-de-alte\/cultura\/13\/54\/\" \/>\n<meta property=\"og:locale\" content=\"pt_PT\" \/>\n<meta property=\"og:type\" content=\"article\" \/>\n<meta property=\"og:title\" content=\"XXVI semana das artes e culturas de Alte - Algarve 7\" \/>\n<meta property=\"og:description\" content=\"XXVI semana das artes e culturas de Alte Cultura\" \/>\n<meta property=\"og:url\" content=\"https:\/\/algarve7.pt\/index.php\/2022\/04\/xxvi-semana-das-artes-e-culturas-de-alte\/cultura\/13\/54\/\" \/>\n<meta property=\"og:site_name\" content=\"Algarve 7\" \/>\n<meta property=\"article:publisher\" content=\"https:\/\/www.facebook.com\/algarve7\" \/>\n<meta property=\"article:author\" content=\"https:\/\/www.facebook.com\/algarve7\" \/>\n<meta property=\"article:published_time\" content=\"2022-04-24T12:54:47+00:00\" \/>\n<meta property=\"article:modified_time\" content=\"2022-04-24T12:54:49+00:00\" \/>\n<meta property=\"og:image\" content=\"https:\/\/algarve7.pt\/wp-content\/uploads\/2022\/04\/Festa-em-Alte-3-scaled.jpg\" \/>\n\t<meta property=\"og:image:width\" content=\"2560\" \/>\n\t<meta property=\"og:image:height\" content=\"1707\" \/>\n\t<meta property=\"og:image:type\" content=\"image\/jpeg\" \/>\n<meta name=\"author\" content=\"Algarve 7\" \/>\n<meta name=\"twitter:card\" content=\"summary_large_image\" \/>\n<meta name=\"twitter:creator\" content=\"@Algarvesete\" \/>\n<meta name=\"twitter:site\" content=\"@Algarvesete\" \/>\n<meta name=\"twitter:label1\" content=\"Escrito por\" \/>\n\t<meta name=\"twitter:data1\" content=\"Algarve 7\" \/>\n\t<meta name=\"twitter:label2\" content=\"Tempo estimado de leitura\" \/>\n\t<meta name=\"twitter:data2\" content=\"4 minutos\" \/>\n<script type=\"application\/ld+json\" class=\"yoast-schema-graph\">{\"@context\":\"https:\\\/\\\/schema.org\",\"@graph\":[{\"@type\":\"Article\",\"@id\":\"https:\\\/\\\/algarve7.pt\\\/index.php\\\/2022\\\/04\\\/xxvi-semana-das-artes-e-culturas-de-alte\\\/cultura\\\/13\\\/54\\\/#article\",\"isPartOf\":{\"@id\":\"https:\\\/\\\/algarve7.pt\\\/index.php\\\/2022\\\/04\\\/xxvi-semana-das-artes-e-culturas-de-alte\\\/cultura\\\/13\\\/54\\\/\"},\"author\":{\"name\":\"Algarve 7\",\"@id\":\"https:\\\/\\\/algarve7.pt\\\/#\\\/schema\\\/person\\\/23fa70681308e7b319a3204bcea45e0c\"},\"headline\":\"XXVI semana das artes e culturas de Alte\",\"datePublished\":\"2022-04-24T12:54:47+00:00\",\"dateModified\":\"2022-04-24T12:54:49+00:00\",\"mainEntityOfPage\":{\"@id\":\"https:\\\/\\\/algarve7.pt\\\/index.php\\\/2022\\\/04\\\/xxvi-semana-das-artes-e-culturas-de-alte\\\/cultura\\\/13\\\/54\\\/\"},\"wordCount\":590,\"publisher\":{\"@id\":\"https:\\\/\\\/algarve7.pt\\\/#organization\"},\"image\":{\"@id\":\"https:\\\/\\\/algarve7.pt\\\/index.php\\\/2022\\\/04\\\/xxvi-semana-das-artes-e-culturas-de-alte\\\/cultura\\\/13\\\/54\\\/#primaryimage\"},\"thumbnailUrl\":\"https:\\\/\\\/algarve7.pt\\\/wp-content\\\/uploads\\\/2022\\\/04\\\/Festa-em-Alte-3-scaled.jpg\",\"keywords\":[\"Algarve\",\"Alte\",\"Cultura\"],\"articleSection\":[\"Cultura\"],\"inLanguage\":\"pt-PT\"},{\"@type\":\"WebPage\",\"@id\":\"https:\\\/\\\/algarve7.pt\\\/index.php\\\/2022\\\/04\\\/xxvi-semana-das-artes-e-culturas-de-alte\\\/cultura\\\/13\\\/54\\\/\",\"url\":\"https:\\\/\\\/algarve7.pt\\\/index.php\\\/2022\\\/04\\\/xxvi-semana-das-artes-e-culturas-de-alte\\\/cultura\\\/13\\\/54\\\/\",\"name\":\"XXVI semana das artes e culturas de Alte - Algarve 7\",\"isPartOf\":{\"@id\":\"https:\\\/\\\/algarve7.pt\\\/#website\"},\"primaryImageOfPage\":{\"@id\":\"https:\\\/\\\/algarve7.pt\\\/index.php\\\/2022\\\/04\\\/xxvi-semana-das-artes-e-culturas-de-alte\\\/cultura\\\/13\\\/54\\\/#primaryimage\"},\"image\":{\"@id\":\"https:\\\/\\\/algarve7.pt\\\/index.php\\\/2022\\\/04\\\/xxvi-semana-das-artes-e-culturas-de-alte\\\/cultura\\\/13\\\/54\\\/#primaryimage\"},\"thumbnailUrl\":\"https:\\\/\\\/algarve7.pt\\\/wp-content\\\/uploads\\\/2022\\\/04\\\/Festa-em-Alte-3-scaled.jpg\",\"datePublished\":\"2022-04-24T12:54:47+00:00\",\"dateModified\":\"2022-04-24T12:54:49+00:00\",\"description\":\"XXVI semana das artes e culturas de Alte Cultura\",\"breadcrumb\":{\"@id\":\"https:\\\/\\\/algarve7.pt\\\/index.php\\\/2022\\\/04\\\/xxvi-semana-das-artes-e-culturas-de-alte\\\/cultura\\\/13\\\/54\\\/#breadcrumb\"},\"inLanguage\":\"pt-PT\",\"potentialAction\":[{\"@type\":\"ReadAction\",\"target\":[\"https:\\\/\\\/algarve7.pt\\\/index.php\\\/2022\\\/04\\\/xxvi-semana-das-artes-e-culturas-de-alte\\\/cultura\\\/13\\\/54\\\/\"]}]},{\"@type\":\"ImageObject\",\"inLanguage\":\"pt-PT\",\"@id\":\"https:\\\/\\\/algarve7.pt\\\/index.php\\\/2022\\\/04\\\/xxvi-semana-das-artes-e-culturas-de-alte\\\/cultura\\\/13\\\/54\\\/#primaryimage\",\"url\":\"https:\\\/\\\/algarve7.pt\\\/wp-content\\\/uploads\\\/2022\\\/04\\\/Festa-em-Alte-3-scaled.jpg\",\"contentUrl\":\"https:\\\/\\\/algarve7.pt\\\/wp-content\\\/uploads\\\/2022\\\/04\\\/Festa-em-Alte-3-scaled.jpg\",\"width\":2560,\"height\":1707},{\"@type\":\"BreadcrumbList\",\"@id\":\"https:\\\/\\\/algarve7.pt\\\/index.php\\\/2022\\\/04\\\/xxvi-semana-das-artes-e-culturas-de-alte\\\/cultura\\\/13\\\/54\\\/#breadcrumb\",\"itemListElement\":[{\"@type\":\"ListItem\",\"position\":1,\"name\":\"In\u00edcio\",\"item\":\"https:\\\/\\\/algarve7.pt\\\/\"},{\"@type\":\"ListItem\",\"position\":2,\"name\":\"XXVI semana das artes e culturas de Alte\"}]},{\"@type\":\"WebSite\",\"@id\":\"https:\\\/\\\/algarve7.pt\\\/#website\",\"url\":\"https:\\\/\\\/algarve7.pt\\\/\",\"name\":\"Algarve 7\",\"description\":\"Informa\u00e7\u00e3o sobre o Algarve\",\"publisher\":{\"@id\":\"https:\\\/\\\/algarve7.pt\\\/#organization\"},\"potentialAction\":[{\"@type\":\"SearchAction\",\"target\":{\"@type\":\"EntryPoint\",\"urlTemplate\":\"https:\\\/\\\/algarve7.pt\\\/?s={search_term_string}\"},\"query-input\":{\"@type\":\"PropertyValueSpecification\",\"valueRequired\":true,\"valueName\":\"search_term_string\"}}],\"inLanguage\":\"pt-PT\"},{\"@type\":\"Organization\",\"@id\":\"https:\\\/\\\/algarve7.pt\\\/#organization\",\"name\":\"Algarve 7\",\"url\":\"https:\\\/\\\/algarve7.pt\\\/\",\"logo\":{\"@type\":\"ImageObject\",\"inLanguage\":\"pt-PT\",\"@id\":\"https:\\\/\\\/algarve7.pt\\\/#\\\/schema\\\/logo\\\/image\\\/\",\"url\":\"https:\\\/\\\/algarve7.pt\\\/wp-content\\\/uploads\\\/2020\\\/10\\\/Logo-8.jpg\",\"contentUrl\":\"https:\\\/\\\/algarve7.pt\\\/wp-content\\\/uploads\\\/2020\\\/10\\\/Logo-8.jpg\",\"width\":1680,\"height\":1186,\"caption\":\"Algarve 7\"},\"image\":{\"@id\":\"https:\\\/\\\/algarve7.pt\\\/#\\\/schema\\\/logo\\\/image\\\/\"},\"sameAs\":[\"https:\\\/\\\/www.facebook.com\\\/algarve7\",\"https:\\\/\\\/x.com\\\/Algarvesete\",\"https:\\\/\\\/www.instagram.com\\\/jornalalgarve7\\\/\",\"https:\\\/\\\/www.linkedin.com\\\/company\\\/algarve7\",\"https:\\\/\\\/www.pinterest.pt\\\/geral0939\\\/_created\\\/\"]},{\"@type\":\"Person\",\"@id\":\"https:\\\/\\\/algarve7.pt\\\/#\\\/schema\\\/person\\\/23fa70681308e7b319a3204bcea45e0c\",\"name\":\"Algarve 7\",\"sameAs\":[\"https:\\\/\\\/algarve7.pt\",\"https:\\\/\\\/www.facebook.com\\\/algarve7\"],\"url\":\"https:\\\/\\\/algarve7.pt\\\/index.php\\\/author\\\/geralalgarve7-pt\\\/\"}]}<\/script>\n<!-- \/ Yoast SEO plugin. -->","yoast_head_json":{"title":"XXVI semana das artes e culturas de Alte - Algarve 7","description":"XXVI semana das artes e culturas de Alte Cultura","robots":{"index":"index","follow":"follow","max-snippet":"max-snippet:-1","max-image-preview":"max-image-preview:large","max-video-preview":"max-video-preview:-1"},"canonical":"https:\/\/algarve7.pt\/index.php\/2022\/04\/xxvi-semana-das-artes-e-culturas-de-alte\/cultura\/13\/54\/","og_locale":"pt_PT","og_type":"article","og_title":"XXVI semana das artes e culturas de Alte - Algarve 7","og_description":"XXVI semana das artes e culturas de Alte Cultura","og_url":"https:\/\/algarve7.pt\/index.php\/2022\/04\/xxvi-semana-das-artes-e-culturas-de-alte\/cultura\/13\/54\/","og_site_name":"Algarve 7","article_publisher":"https:\/\/www.facebook.com\/algarve7","article_author":"https:\/\/www.facebook.com\/algarve7","article_published_time":"2022-04-24T12:54:47+00:00","article_modified_time":"2022-04-24T12:54:49+00:00","og_image":[{"width":2560,"height":1707,"url":"https:\/\/algarve7.pt\/wp-content\/uploads\/2022\/04\/Festa-em-Alte-3-scaled.jpg","type":"image\/jpeg"}],"author":"Algarve 7","twitter_card":"summary_large_image","twitter_creator":"@Algarvesete","twitter_site":"@Algarvesete","twitter_misc":{"Escrito por":"Algarve 7","Tempo estimado de leitura":"4 minutos"},"schema":{"@context":"https:\/\/schema.org","@graph":[{"@type":"Article","@id":"https:\/\/algarve7.pt\/index.php\/2022\/04\/xxvi-semana-das-artes-e-culturas-de-alte\/cultura\/13\/54\/#article","isPartOf":{"@id":"https:\/\/algarve7.pt\/index.php\/2022\/04\/xxvi-semana-das-artes-e-culturas-de-alte\/cultura\/13\/54\/"},"author":{"name":"Algarve 7","@id":"https:\/\/algarve7.pt\/#\/schema\/person\/23fa70681308e7b319a3204bcea45e0c"},"headline":"XXVI semana das artes e culturas de Alte","datePublished":"2022-04-24T12:54:47+00:00","dateModified":"2022-04-24T12:54:49+00:00","mainEntityOfPage":{"@id":"https:\/\/algarve7.pt\/index.php\/2022\/04\/xxvi-semana-das-artes-e-culturas-de-alte\/cultura\/13\/54\/"},"wordCount":590,"publisher":{"@id":"https:\/\/algarve7.pt\/#organization"},"image":{"@id":"https:\/\/algarve7.pt\/index.php\/2022\/04\/xxvi-semana-das-artes-e-culturas-de-alte\/cultura\/13\/54\/#primaryimage"},"thumbnailUrl":"https:\/\/algarve7.pt\/wp-content\/uploads\/2022\/04\/Festa-em-Alte-3-scaled.jpg","keywords":["Algarve","Alte","Cultura"],"articleSection":["Cultura"],"inLanguage":"pt-PT"},{"@type":"WebPage","@id":"https:\/\/algarve7.pt\/index.php\/2022\/04\/xxvi-semana-das-artes-e-culturas-de-alte\/cultura\/13\/54\/","url":"https:\/\/algarve7.pt\/index.php\/2022\/04\/xxvi-semana-das-artes-e-culturas-de-alte\/cultura\/13\/54\/","name":"XXVI semana das artes e culturas de Alte - Algarve 7","isPartOf":{"@id":"https:\/\/algarve7.pt\/#website"},"primaryImageOfPage":{"@id":"https:\/\/algarve7.pt\/index.php\/2022\/04\/xxvi-semana-das-artes-e-culturas-de-alte\/cultura\/13\/54\/#primaryimage"},"image":{"@id":"https:\/\/algarve7.pt\/index.php\/2022\/04\/xxvi-semana-das-artes-e-culturas-de-alte\/cultura\/13\/54\/#primaryimage"},"thumbnailUrl":"https:\/\/algarve7.pt\/wp-content\/uploads\/2022\/04\/Festa-em-Alte-3-scaled.jpg","datePublished":"2022-04-24T12:54:47+00:00","dateModified":"2022-04-24T12:54:49+00:00","description":"XXVI semana das artes e culturas de Alte Cultura","breadcrumb":{"@id":"https:\/\/algarve7.pt\/index.php\/2022\/04\/xxvi-semana-das-artes-e-culturas-de-alte\/cultura\/13\/54\/#breadcrumb"},"inLanguage":"pt-PT","potentialAction":[{"@type":"ReadAction","target":["https:\/\/algarve7.pt\/index.php\/2022\/04\/xxvi-semana-das-artes-e-culturas-de-alte\/cultura\/13\/54\/"]}]},{"@type":"ImageObject","inLanguage":"pt-PT","@id":"https:\/\/algarve7.pt\/index.php\/2022\/04\/xxvi-semana-das-artes-e-culturas-de-alte\/cultura\/13\/54\/#primaryimage","url":"https:\/\/algarve7.pt\/wp-content\/uploads\/2022\/04\/Festa-em-Alte-3-scaled.jpg","contentUrl":"https:\/\/algarve7.pt\/wp-content\/uploads\/2022\/04\/Festa-em-Alte-3-scaled.jpg","width":2560,"height":1707},{"@type":"BreadcrumbList","@id":"https:\/\/algarve7.pt\/index.php\/2022\/04\/xxvi-semana-das-artes-e-culturas-de-alte\/cultura\/13\/54\/#breadcrumb","itemListElement":[{"@type":"ListItem","position":1,"name":"In\u00edcio","item":"https:\/\/algarve7.pt\/"},{"@type":"ListItem","position":2,"name":"XXVI semana das artes e culturas de Alte"}]},{"@type":"WebSite","@id":"https:\/\/algarve7.pt\/#website","url":"https:\/\/algarve7.pt\/","name":"Algarve 7","description":"Informa\u00e7\u00e3o sobre o Algarve","publisher":{"@id":"https:\/\/algarve7.pt\/#organization"},"potentialAction":[{"@type":"SearchAction","target":{"@type":"EntryPoint","urlTemplate":"https:\/\/algarve7.pt\/?s={search_term_string}"},"query-input":{"@type":"PropertyValueSpecification","valueRequired":true,"valueName":"search_term_string"}}],"inLanguage":"pt-PT"},{"@type":"Organization","@id":"https:\/\/algarve7.pt\/#organization","name":"Algarve 7","url":"https:\/\/algarve7.pt\/","logo":{"@type":"ImageObject","inLanguage":"pt-PT","@id":"https:\/\/algarve7.pt\/#\/schema\/logo\/image\/","url":"https:\/\/algarve7.pt\/wp-content\/uploads\/2020\/10\/Logo-8.jpg","contentUrl":"https:\/\/algarve7.pt\/wp-content\/uploads\/2020\/10\/Logo-8.jpg","width":1680,"height":1186,"caption":"Algarve 7"},"image":{"@id":"https:\/\/algarve7.pt\/#\/schema\/logo\/image\/"},"sameAs":["https:\/\/www.facebook.com\/algarve7","https:\/\/x.com\/Algarvesete","https:\/\/www.instagram.com\/jornalalgarve7\/","https:\/\/www.linkedin.com\/company\/algarve7","https:\/\/www.pinterest.pt\/geral0939\/_created\/"]},{"@type":"Person","@id":"https:\/\/algarve7.pt\/#\/schema\/person\/23fa70681308e7b319a3204bcea45e0c","name":"Algarve 7","sameAs":["https:\/\/algarve7.pt","https:\/\/www.facebook.com\/algarve7"],"url":"https:\/\/algarve7.pt\/index.php\/author\/geralalgarve7-pt\/"}]}},"jetpack_publicize_connections":[],"jetpack_featured_media_url":"https:\/\/algarve7.pt\/wp-content\/uploads\/2022\/04\/Festa-em-Alte-3-scaled.jpg","jetpack_shortlink":"https:\/\/wp.me\/pcezmW-4Gp","jetpack_sharing_enabled":true,"_links":{"self":[{"href":"https:\/\/algarve7.pt\/index.php\/wp-json\/wp\/v2\/posts\/18005","targetHints":{"allow":["GET"]}}],"collection":[{"href":"https:\/\/algarve7.pt\/index.php\/wp-json\/wp\/v2\/posts"}],"about":[{"href":"https:\/\/algarve7.pt\/index.php\/wp-json\/wp\/v2\/types\/post"}],"author":[{"embeddable":true,"href":"https:\/\/algarve7.pt\/index.php\/wp-json\/wp\/v2\/users\/1"}],"replies":[{"embeddable":true,"href":"https:\/\/algarve7.pt\/index.php\/wp-json\/wp\/v2\/comments?post=18005"}],"version-history":[{"count":0,"href":"https:\/\/algarve7.pt\/index.php\/wp-json\/wp\/v2\/posts\/18005\/revisions"}],"wp:featuredmedia":[{"embeddable":true,"href":"https:\/\/algarve7.pt\/index.php\/wp-json\/wp\/v2\/media\/18006"}],"wp:attachment":[{"href":"https:\/\/algarve7.pt\/index.php\/wp-json\/wp\/v2\/media?parent=18005"}],"wp:term":[{"taxonomy":"category","embeddable":true,"href":"https:\/\/algarve7.pt\/index.php\/wp-json\/wp\/v2\/categories?post=18005"},{"taxonomy":"post_tag","embeddable":true,"href":"https:\/\/algarve7.pt\/index.php\/wp-json\/wp\/v2\/tags?post=18005"}],"curies":[{"name":"wp","href":"https:\/\/api.w.org\/{rel}","templated":true}]}}