{"id":1794,"date":"2020-09-24T15:31:19","date_gmt":"2020-09-24T14:31:19","guid":{"rendered":"https:\/\/algarve7.pt\/?p=1794"},"modified":"2020-09-24T15:31:20","modified_gmt":"2020-09-24T14:31:20","slug":"compre-local-consuma-nacional-e-o-mote-proposto-aos-municipes-de-silves-e-a-quem-visita-o-concelho","status":"publish","type":"post","link":"https:\/\/algarve7.pt\/index.php\/2020\/09\/compre-local-consuma-nacional-e-o-mote-proposto-aos-municipes-de-silves-e-a-quem-visita-o-concelho\/economia\/15\/31\/","title":{"rendered":"\u201cCOMPRE LOCAL CONSUMA NACIONAL\u201d \u00c9 o mote proposto aos mun\u00edcipes de Silves e a quem visita o concelho"},"content":{"rendered":"\n<p>Neste momento em que a retoma econ\u00f3mica \u00e9 t\u00e3o importante, especialmente a n\u00edvel Local, o Munic\u00edpio de Silves est\u00e1 a desenvolver uma campanha de promo\u00e7\u00e3o do Com\u00e9rcio Local, procurando colaborar e alavancar a economia local, ao mesmo tempo que apela ao consumo dos produtos nacionais.<\/p>\n\n\n\n<p><br>Com o confinamento surgiram novos h\u00e1bitos, intimamente ligados \u00e0s redes sociais e plataformas on-line, onde toda a popula\u00e7\u00e3o desenvolveu a sua apet\u00eancia para um contato menos direto com os produtos e com as lojas f\u00edsicas, encontrando solu\u00e7\u00f5es para manter o afastamento social e consequentemente se manterem mais protegidas, ao mesmo tempo que satisfa\u00e7am as suas necessidades.<\/p>\n\n\n\n<p><br>A Campanha \u201cCOMPRE LOCAL, CONSUMA NACIONAL\u201d ir\u00e1 abranger todos os servi\u00e7os e com\u00e9rcio, num \u00fanico local, permitindo a quem reside no Concelho de Silves e quem nos visita, que tomem conhecimento do que existe no territ\u00f3rio, quais os hor\u00e1rios de funcionamento e um contato direto com o estabelecimento comercial via telefone ou email.<\/p>\n\n\n\n<p><br>O que se pretende \u00e9 criar um centro comercial virtual, em que cada com\u00e9rcio\/ servi\u00e7o esteja representado com a sua loja, e que possa mostrar os produtos que tem \u00e0 disposi\u00e7\u00e3o dos consumidores, de uma forma gratuita.<\/p>\n\n\n\n<p>Para se associar a esta plataforma digital que est\u00e1 a ser constru\u00edda neste momento, basta preencher o formul\u00e1rio dispon\u00edvel no site do Munic\u00edpio de Silves em&nbsp;<a href=\"https:\/\/www.cm-silves.pt\/pt\/menu\/1437\/compre-local-consuma-nacional.aspx#prettyPhoto\">https:\/\/www.cm-silves.pt\/pt\/menu\/1437\/compre-local-consuma-nacional.aspx#prettyPhoto<\/a>&nbsp;e enviar para comunicacao@cm-silves.pt.<\/p>\n\n\n\n<p>Numa aposta na preserva\u00e7\u00e3o e prote\u00e7\u00e3o do ambiente e da efici\u00eancia energ\u00e9tica, o Munic\u00edpio de Silves arranca hoje com uma campanha de implementa\u00e7\u00e3o de compostagem dom\u00e9stica e compostagem comunit\u00e1ria direcionada, numa primeira fase, \u00e0s freguesias de S. Marcos da Serra e de S. Bartolomeu de Messines. A iniciativa, pioneira no Algarve, \u00e9 uma das atividades previstas no \u00e2mbito de uma candidatura comunit\u00e1ria mais abrangente, co financiada a 85% pelo fundo de Coes\u00e3o.<\/p>\n\n\n\n<p>Neste contexto, est\u00e1 prevista a distribui\u00e7\u00e3o de cerca de duas centenas de compostores, assim como a distribui\u00e7\u00e3o de baldes para apoio aos aderentes (mun\u00edcipes, institui\u00e7\u00f5es ou comerciantes), mediante inscri\u00e7\u00e3o pr\u00e9via, atrav\u00e9s do preenchimento de formul\u00e1rio pr\u00f3prio, dispon\u00edvel no portal do Munic\u00edpio de Silves, em&nbsp;<a href=\"https:\/\/www.cm-silves.pt\/pt\/6948\/ficha-de-inscricao.aspx\">https:\/\/www.cm-silves.pt\/pt\/6948\/ficha-de-inscricao.aspx<\/a>. O referido formul\u00e1rio dever\u00e1 ser enviado para o email&nbsp;<a href=\"mailto:residuos@cm-silves.pt\">residuos@cm-silves.pt<\/a>&nbsp;podendo, ainda, ser entregue em papel na C\u00e2mara Municipal de Silves ou nas juntas de freguesias de S. Marcos da Serra e SB Messines. Numa fase posterior, os mun\u00edcipes inscritos ir\u00e3o receber um kit de compostagem constitu\u00eddo por um compostor, um balde de apoio e um guia com instru\u00e7\u00f5es, no caso de compostagem dom\u00e9stica; ou um kit composto por balde de apoio e um guia com instru\u00e7\u00f5es, no caso da compostagem comunit\u00e1ria.<\/p>\n\n\n\n<p>De salientar que a correta gest\u00e3o de res\u00edduos \u00e9 um dos desafios mais complexos das sociedades contempor\u00e2neas que exige n\u00edveis elevados de educa\u00e7\u00e3o, consci\u00eancia c\u00edvica e ambiental, pelo que, atrav\u00e9s deste projeto inovador a autarquia pretende dar cumprimento ao Plano Estrat\u00e9gico de Apoio ao Cumprimento das Metas Estabelecidas no PERSU 2020 do Munic\u00edpio de Silves.&nbsp;<\/p>\n","protected":false},"excerpt":{"rendered":"<p>Neste momento em que a retoma econ\u00f3mica \u00e9 t\u00e3o importante, especialmente a n\u00edvel Local, o Munic\u00edpio de Silves est\u00e1 a<\/p>\n","protected":false},"author":1,"featured_media":1795,"comment_status":"closed","ping_status":"open","sticky":false,"template":"","format":"standard","meta":{"colormag_page_container_layout":"default_layout","colormag_page_sidebar_layout":"default_layout","_monsterinsights_skip_tracking":false,"_monsterinsights_sitenote_active":false,"_monsterinsights_sitenote_note":"","_monsterinsights_sitenote_category":0,"jetpack_post_was_ever_published":false,"_jetpack_newsletter_access":"","_jetpack_dont_email_post_to_subs":false,"_jetpack_newsletter_tier_id":0,"_jetpack_memberships_contains_paywalled_content":false,"_jetpack_memberships_contains_paid_content":false,"footnotes":"","jetpack_publicize_message":"","jetpack_publicize_feature_enabled":true,"jetpack_social_post_already_shared":true,"jetpack_social_options":{"image_generator_settings":{"template":"highway","default_image_id":0,"font":"","enabled":false},"version":2}},"categories":[151],"tags":[36,153,42],"class_list":["post-1794","post","type-post","status-publish","format-standard","has-post-thumbnail","hentry","category-economia","tag-algarve","tag-economia","tag-silves"],"yoast_head":"<!-- This site is optimized with the Yoast SEO plugin v27.5 - https:\/\/yoast.com\/product\/yoast-seo-wordpress\/ -->\n<title>\u201cCOMPRE LOCAL CONSUMA NACIONAL\u201d \u00c9 o mote proposto aos mun\u00edcipes de Silves e a quem visita o concelho - Algarve 7<\/title>\n<meta name=\"description\" content=\"\u201cCOMPRE LOCAL CONSUMA NACIONAL\u201d \u00c9 o mote proposto aos mun\u00edcipes de Silves e a quem visita o concelho\" \/>\n<meta name=\"robots\" content=\"index, follow, max-snippet:-1, max-image-preview:large, max-video-preview:-1\" \/>\n<link rel=\"canonical\" href=\"https:\/\/algarve7.pt\/index.php\/2020\/09\/compre-local-consuma-nacional-e-o-mote-proposto-aos-municipes-de-silves-e-a-quem-visita-o-concelho\/economia\/15\/31\/\" \/>\n<meta property=\"og:locale\" content=\"pt_PT\" \/>\n<meta property=\"og:type\" content=\"article\" \/>\n<meta property=\"og:title\" content=\"\u201cCOMPRE LOCAL CONSUMA NACIONAL\u201d \u00c9 o mote proposto aos mun\u00edcipes de Silves e a quem visita o concelho - Algarve 7\" \/>\n<meta property=\"og:description\" content=\"\u201cCOMPRE LOCAL CONSUMA NACIONAL\u201d \u00c9 o mote proposto aos mun\u00edcipes de Silves e a quem visita o concelho\" \/>\n<meta property=\"og:url\" content=\"https:\/\/algarve7.pt\/index.php\/2020\/09\/compre-local-consuma-nacional-e-o-mote-proposto-aos-municipes-de-silves-e-a-quem-visita-o-concelho\/economia\/15\/31\/\" \/>\n<meta property=\"og:site_name\" content=\"Algarve 7\" \/>\n<meta property=\"article:publisher\" content=\"https:\/\/www.facebook.com\/algarve7\" \/>\n<meta property=\"article:author\" content=\"https:\/\/www.facebook.com\/algarve7\" \/>\n<meta property=\"article:published_time\" content=\"2020-09-24T14:31:19+00:00\" \/>\n<meta property=\"article:modified_time\" content=\"2020-09-24T14:31:20+00:00\" \/>\n<meta property=\"og:image\" content=\"https:\/\/algarve7.pt\/wp-content\/uploads\/2020\/09\/Compre-Local-Consuma-Nacional_Outdoor.png\" \/>\n\t<meta property=\"og:image:width\" content=\"1920\" \/>\n\t<meta property=\"og:image:height\" content=\"720\" \/>\n\t<meta property=\"og:image:type\" content=\"image\/png\" \/>\n<meta name=\"author\" content=\"Algarve 7\" \/>\n<meta name=\"twitter:card\" content=\"summary_large_image\" \/>\n<meta name=\"twitter:creator\" content=\"@Algarvesete\" \/>\n<meta name=\"twitter:site\" content=\"@Algarvesete\" \/>\n<meta name=\"twitter:label1\" content=\"Escrito por\" \/>\n\t<meta name=\"twitter:data1\" content=\"Algarve 7\" \/>\n\t<meta name=\"twitter:label2\" content=\"Tempo estimado de leitura\" \/>\n\t<meta name=\"twitter:data2\" content=\"3 minutos\" \/>\n<script type=\"application\/ld+json\" class=\"yoast-schema-graph\">{\"@context\":\"https:\\\/\\\/schema.org\",\"@graph\":[{\"@type\":\"Article\",\"@id\":\"https:\\\/\\\/algarve7.pt\\\/index.php\\\/2020\\\/09\\\/compre-local-consuma-nacional-e-o-mote-proposto-aos-municipes-de-silves-e-a-quem-visita-o-concelho\\\/economia\\\/15\\\/31\\\/#article\",\"isPartOf\":{\"@id\":\"https:\\\/\\\/algarve7.pt\\\/index.php\\\/2020\\\/09\\\/compre-local-consuma-nacional-e-o-mote-proposto-aos-municipes-de-silves-e-a-quem-visita-o-concelho\\\/economia\\\/15\\\/31\\\/\"},\"author\":{\"name\":\"Algarve 7\",\"@id\":\"https:\\\/\\\/algarve7.pt\\\/#\\\/schema\\\/person\\\/23fa70681308e7b319a3204bcea45e0c\"},\"headline\":\"\u201cCOMPRE LOCAL CONSUMA NACIONAL\u201d \u00c9 o mote proposto aos mun\u00edcipes de Silves e a quem visita o concelho\",\"datePublished\":\"2020-09-24T14:31:19+00:00\",\"dateModified\":\"2020-09-24T14:31:20+00:00\",\"mainEntityOfPage\":{\"@id\":\"https:\\\/\\\/algarve7.pt\\\/index.php\\\/2020\\\/09\\\/compre-local-consuma-nacional-e-o-mote-proposto-aos-municipes-de-silves-e-a-quem-visita-o-concelho\\\/economia\\\/15\\\/31\\\/\"},\"wordCount\":574,\"publisher\":{\"@id\":\"https:\\\/\\\/algarve7.pt\\\/#organization\"},\"image\":{\"@id\":\"https:\\\/\\\/algarve7.pt\\\/index.php\\\/2020\\\/09\\\/compre-local-consuma-nacional-e-o-mote-proposto-aos-municipes-de-silves-e-a-quem-visita-o-concelho\\\/economia\\\/15\\\/31\\\/#primaryimage\"},\"thumbnailUrl\":\"https:\\\/\\\/algarve7.pt\\\/wp-content\\\/uploads\\\/2020\\\/09\\\/Compre-Local-Consuma-Nacional_Outdoor.png\",\"keywords\":[\"Algarve\",\"Economia\",\"Silves\"],\"articleSection\":[\"Economia\"],\"inLanguage\":\"pt-PT\"},{\"@type\":\"WebPage\",\"@id\":\"https:\\\/\\\/algarve7.pt\\\/index.php\\\/2020\\\/09\\\/compre-local-consuma-nacional-e-o-mote-proposto-aos-municipes-de-silves-e-a-quem-visita-o-concelho\\\/economia\\\/15\\\/31\\\/\",\"url\":\"https:\\\/\\\/algarve7.pt\\\/index.php\\\/2020\\\/09\\\/compre-local-consuma-nacional-e-o-mote-proposto-aos-municipes-de-silves-e-a-quem-visita-o-concelho\\\/economia\\\/15\\\/31\\\/\",\"name\":\"\u201cCOMPRE LOCAL CONSUMA NACIONAL\u201d \u00c9 o mote proposto aos mun\u00edcipes de Silves e a quem visita o concelho - Algarve 7\",\"isPartOf\":{\"@id\":\"https:\\\/\\\/algarve7.pt\\\/#website\"},\"primaryImageOfPage\":{\"@id\":\"https:\\\/\\\/algarve7.pt\\\/index.php\\\/2020\\\/09\\\/compre-local-consuma-nacional-e-o-mote-proposto-aos-municipes-de-silves-e-a-quem-visita-o-concelho\\\/economia\\\/15\\\/31\\\/#primaryimage\"},\"image\":{\"@id\":\"https:\\\/\\\/algarve7.pt\\\/index.php\\\/2020\\\/09\\\/compre-local-consuma-nacional-e-o-mote-proposto-aos-municipes-de-silves-e-a-quem-visita-o-concelho\\\/economia\\\/15\\\/31\\\/#primaryimage\"},\"thumbnailUrl\":\"https:\\\/\\\/algarve7.pt\\\/wp-content\\\/uploads\\\/2020\\\/09\\\/Compre-Local-Consuma-Nacional_Outdoor.png\",\"datePublished\":\"2020-09-24T14:31:19+00:00\",\"dateModified\":\"2020-09-24T14:31:20+00:00\",\"description\":\"\u201cCOMPRE LOCAL CONSUMA NACIONAL\u201d \u00c9 o mote proposto aos mun\u00edcipes de Silves e a quem visita o concelho\",\"breadcrumb\":{\"@id\":\"https:\\\/\\\/algarve7.pt\\\/index.php\\\/2020\\\/09\\\/compre-local-consuma-nacional-e-o-mote-proposto-aos-municipes-de-silves-e-a-quem-visita-o-concelho\\\/economia\\\/15\\\/31\\\/#breadcrumb\"},\"inLanguage\":\"pt-PT\",\"potentialAction\":[{\"@type\":\"ReadAction\",\"target\":[\"https:\\\/\\\/algarve7.pt\\\/index.php\\\/2020\\\/09\\\/compre-local-consuma-nacional-e-o-mote-proposto-aos-municipes-de-silves-e-a-quem-visita-o-concelho\\\/economia\\\/15\\\/31\\\/\"]}]},{\"@type\":\"ImageObject\",\"inLanguage\":\"pt-PT\",\"@id\":\"https:\\\/\\\/algarve7.pt\\\/index.php\\\/2020\\\/09\\\/compre-local-consuma-nacional-e-o-mote-proposto-aos-municipes-de-silves-e-a-quem-visita-o-concelho\\\/economia\\\/15\\\/31\\\/#primaryimage\",\"url\":\"https:\\\/\\\/algarve7.pt\\\/wp-content\\\/uploads\\\/2020\\\/09\\\/Compre-Local-Consuma-Nacional_Outdoor.png\",\"contentUrl\":\"https:\\\/\\\/algarve7.pt\\\/wp-content\\\/uploads\\\/2020\\\/09\\\/Compre-Local-Consuma-Nacional_Outdoor.png\",\"width\":1920,\"height\":720},{\"@type\":\"BreadcrumbList\",\"@id\":\"https:\\\/\\\/algarve7.pt\\\/index.php\\\/2020\\\/09\\\/compre-local-consuma-nacional-e-o-mote-proposto-aos-municipes-de-silves-e-a-quem-visita-o-concelho\\\/economia\\\/15\\\/31\\\/#breadcrumb\",\"itemListElement\":[{\"@type\":\"ListItem\",\"position\":1,\"name\":\"In\u00edcio\",\"item\":\"https:\\\/\\\/algarve7.pt\\\/\"},{\"@type\":\"ListItem\",\"position\":2,\"name\":\"\u201cCOMPRE LOCAL CONSUMA NACIONAL\u201d \u00c9 o mote proposto aos mun\u00edcipes de Silves e a quem visita o concelho\"}]},{\"@type\":\"WebSite\",\"@id\":\"https:\\\/\\\/algarve7.pt\\\/#website\",\"url\":\"https:\\\/\\\/algarve7.pt\\\/\",\"name\":\"Algarve 7\",\"description\":\"Informa\u00e7\u00e3o sobre o Algarve\",\"publisher\":{\"@id\":\"https:\\\/\\\/algarve7.pt\\\/#organization\"},\"potentialAction\":[{\"@type\":\"SearchAction\",\"target\":{\"@type\":\"EntryPoint\",\"urlTemplate\":\"https:\\\/\\\/algarve7.pt\\\/?s={search_term_string}\"},\"query-input\":{\"@type\":\"PropertyValueSpecification\",\"valueRequired\":true,\"valueName\":\"search_term_string\"}}],\"inLanguage\":\"pt-PT\"},{\"@type\":\"Organization\",\"@id\":\"https:\\\/\\\/algarve7.pt\\\/#organization\",\"name\":\"Algarve 7\",\"url\":\"https:\\\/\\\/algarve7.pt\\\/\",\"logo\":{\"@type\":\"ImageObject\",\"inLanguage\":\"pt-PT\",\"@id\":\"https:\\\/\\\/algarve7.pt\\\/#\\\/schema\\\/logo\\\/image\\\/\",\"url\":\"https:\\\/\\\/algarve7.pt\\\/wp-content\\\/uploads\\\/2020\\\/10\\\/Logo-8.jpg\",\"contentUrl\":\"https:\\\/\\\/algarve7.pt\\\/wp-content\\\/uploads\\\/2020\\\/10\\\/Logo-8.jpg\",\"width\":1680,\"height\":1186,\"caption\":\"Algarve 7\"},\"image\":{\"@id\":\"https:\\\/\\\/algarve7.pt\\\/#\\\/schema\\\/logo\\\/image\\\/\"},\"sameAs\":[\"https:\\\/\\\/www.facebook.com\\\/algarve7\",\"https:\\\/\\\/x.com\\\/Algarvesete\",\"https:\\\/\\\/www.instagram.com\\\/jornalalgarve7\\\/\",\"https:\\\/\\\/www.linkedin.com\\\/company\\\/algarve7\",\"https:\\\/\\\/www.pinterest.pt\\\/geral0939\\\/_created\\\/\"]},{\"@type\":\"Person\",\"@id\":\"https:\\\/\\\/algarve7.pt\\\/#\\\/schema\\\/person\\\/23fa70681308e7b319a3204bcea45e0c\",\"name\":\"Algarve 7\",\"sameAs\":[\"https:\\\/\\\/algarve7.pt\",\"https:\\\/\\\/www.facebook.com\\\/algarve7\"],\"url\":\"https:\\\/\\\/algarve7.pt\\\/index.php\\\/author\\\/geralalgarve7-pt\\\/\"}]}<\/script>\n<!-- \/ Yoast SEO plugin. -->","yoast_head_json":{"title":"\u201cCOMPRE LOCAL CONSUMA NACIONAL\u201d \u00c9 o mote proposto aos mun\u00edcipes de Silves e a quem visita o concelho - Algarve 7","description":"\u201cCOMPRE LOCAL CONSUMA NACIONAL\u201d \u00c9 o mote proposto aos mun\u00edcipes de Silves e a quem visita o concelho","robots":{"index":"index","follow":"follow","max-snippet":"max-snippet:-1","max-image-preview":"max-image-preview:large","max-video-preview":"max-video-preview:-1"},"canonical":"https:\/\/algarve7.pt\/index.php\/2020\/09\/compre-local-consuma-nacional-e-o-mote-proposto-aos-municipes-de-silves-e-a-quem-visita-o-concelho\/economia\/15\/31\/","og_locale":"pt_PT","og_type":"article","og_title":"\u201cCOMPRE LOCAL CONSUMA NACIONAL\u201d \u00c9 o mote proposto aos mun\u00edcipes de Silves e a quem visita o concelho - Algarve 7","og_description":"\u201cCOMPRE LOCAL CONSUMA NACIONAL\u201d \u00c9 o mote proposto aos mun\u00edcipes de Silves e a quem visita o concelho","og_url":"https:\/\/algarve7.pt\/index.php\/2020\/09\/compre-local-consuma-nacional-e-o-mote-proposto-aos-municipes-de-silves-e-a-quem-visita-o-concelho\/economia\/15\/31\/","og_site_name":"Algarve 7","article_publisher":"https:\/\/www.facebook.com\/algarve7","article_author":"https:\/\/www.facebook.com\/algarve7","article_published_time":"2020-09-24T14:31:19+00:00","article_modified_time":"2020-09-24T14:31:20+00:00","og_image":[{"width":1920,"height":720,"url":"https:\/\/algarve7.pt\/wp-content\/uploads\/2020\/09\/Compre-Local-Consuma-Nacional_Outdoor.png","type":"image\/png"}],"author":"Algarve 7","twitter_card":"summary_large_image","twitter_creator":"@Algarvesete","twitter_site":"@Algarvesete","twitter_misc":{"Escrito por":"Algarve 7","Tempo estimado de leitura":"3 minutos"},"schema":{"@context":"https:\/\/schema.org","@graph":[{"@type":"Article","@id":"https:\/\/algarve7.pt\/index.php\/2020\/09\/compre-local-consuma-nacional-e-o-mote-proposto-aos-municipes-de-silves-e-a-quem-visita-o-concelho\/economia\/15\/31\/#article","isPartOf":{"@id":"https:\/\/algarve7.pt\/index.php\/2020\/09\/compre-local-consuma-nacional-e-o-mote-proposto-aos-municipes-de-silves-e-a-quem-visita-o-concelho\/economia\/15\/31\/"},"author":{"name":"Algarve 7","@id":"https:\/\/algarve7.pt\/#\/schema\/person\/23fa70681308e7b319a3204bcea45e0c"},"headline":"\u201cCOMPRE LOCAL CONSUMA NACIONAL\u201d \u00c9 o mote proposto aos mun\u00edcipes de Silves e a quem visita o concelho","datePublished":"2020-09-24T14:31:19+00:00","dateModified":"2020-09-24T14:31:20+00:00","mainEntityOfPage":{"@id":"https:\/\/algarve7.pt\/index.php\/2020\/09\/compre-local-consuma-nacional-e-o-mote-proposto-aos-municipes-de-silves-e-a-quem-visita-o-concelho\/economia\/15\/31\/"},"wordCount":574,"publisher":{"@id":"https:\/\/algarve7.pt\/#organization"},"image":{"@id":"https:\/\/algarve7.pt\/index.php\/2020\/09\/compre-local-consuma-nacional-e-o-mote-proposto-aos-municipes-de-silves-e-a-quem-visita-o-concelho\/economia\/15\/31\/#primaryimage"},"thumbnailUrl":"https:\/\/algarve7.pt\/wp-content\/uploads\/2020\/09\/Compre-Local-Consuma-Nacional_Outdoor.png","keywords":["Algarve","Economia","Silves"],"articleSection":["Economia"],"inLanguage":"pt-PT"},{"@type":"WebPage","@id":"https:\/\/algarve7.pt\/index.php\/2020\/09\/compre-local-consuma-nacional-e-o-mote-proposto-aos-municipes-de-silves-e-a-quem-visita-o-concelho\/economia\/15\/31\/","url":"https:\/\/algarve7.pt\/index.php\/2020\/09\/compre-local-consuma-nacional-e-o-mote-proposto-aos-municipes-de-silves-e-a-quem-visita-o-concelho\/economia\/15\/31\/","name":"\u201cCOMPRE LOCAL CONSUMA NACIONAL\u201d \u00c9 o mote proposto aos mun\u00edcipes de Silves e a quem visita o concelho - Algarve 7","isPartOf":{"@id":"https:\/\/algarve7.pt\/#website"},"primaryImageOfPage":{"@id":"https:\/\/algarve7.pt\/index.php\/2020\/09\/compre-local-consuma-nacional-e-o-mote-proposto-aos-municipes-de-silves-e-a-quem-visita-o-concelho\/economia\/15\/31\/#primaryimage"},"image":{"@id":"https:\/\/algarve7.pt\/index.php\/2020\/09\/compre-local-consuma-nacional-e-o-mote-proposto-aos-municipes-de-silves-e-a-quem-visita-o-concelho\/economia\/15\/31\/#primaryimage"},"thumbnailUrl":"https:\/\/algarve7.pt\/wp-content\/uploads\/2020\/09\/Compre-Local-Consuma-Nacional_Outdoor.png","datePublished":"2020-09-24T14:31:19+00:00","dateModified":"2020-09-24T14:31:20+00:00","description":"\u201cCOMPRE LOCAL CONSUMA NACIONAL\u201d \u00c9 o mote proposto aos mun\u00edcipes de Silves e a quem visita o concelho","breadcrumb":{"@id":"https:\/\/algarve7.pt\/index.php\/2020\/09\/compre-local-consuma-nacional-e-o-mote-proposto-aos-municipes-de-silves-e-a-quem-visita-o-concelho\/economia\/15\/31\/#breadcrumb"},"inLanguage":"pt-PT","potentialAction":[{"@type":"ReadAction","target":["https:\/\/algarve7.pt\/index.php\/2020\/09\/compre-local-consuma-nacional-e-o-mote-proposto-aos-municipes-de-silves-e-a-quem-visita-o-concelho\/economia\/15\/31\/"]}]},{"@type":"ImageObject","inLanguage":"pt-PT","@id":"https:\/\/algarve7.pt\/index.php\/2020\/09\/compre-local-consuma-nacional-e-o-mote-proposto-aos-municipes-de-silves-e-a-quem-visita-o-concelho\/economia\/15\/31\/#primaryimage","url":"https:\/\/algarve7.pt\/wp-content\/uploads\/2020\/09\/Compre-Local-Consuma-Nacional_Outdoor.png","contentUrl":"https:\/\/algarve7.pt\/wp-content\/uploads\/2020\/09\/Compre-Local-Consuma-Nacional_Outdoor.png","width":1920,"height":720},{"@type":"BreadcrumbList","@id":"https:\/\/algarve7.pt\/index.php\/2020\/09\/compre-local-consuma-nacional-e-o-mote-proposto-aos-municipes-de-silves-e-a-quem-visita-o-concelho\/economia\/15\/31\/#breadcrumb","itemListElement":[{"@type":"ListItem","position":1,"name":"In\u00edcio","item":"https:\/\/algarve7.pt\/"},{"@type":"ListItem","position":2,"name":"\u201cCOMPRE LOCAL CONSUMA NACIONAL\u201d \u00c9 o mote proposto aos mun\u00edcipes de Silves e a quem visita o concelho"}]},{"@type":"WebSite","@id":"https:\/\/algarve7.pt\/#website","url":"https:\/\/algarve7.pt\/","name":"Algarve 7","description":"Informa\u00e7\u00e3o sobre o Algarve","publisher":{"@id":"https:\/\/algarve7.pt\/#organization"},"potentialAction":[{"@type":"SearchAction","target":{"@type":"EntryPoint","urlTemplate":"https:\/\/algarve7.pt\/?s={search_term_string}"},"query-input":{"@type":"PropertyValueSpecification","valueRequired":true,"valueName":"search_term_string"}}],"inLanguage":"pt-PT"},{"@type":"Organization","@id":"https:\/\/algarve7.pt\/#organization","name":"Algarve 7","url":"https:\/\/algarve7.pt\/","logo":{"@type":"ImageObject","inLanguage":"pt-PT","@id":"https:\/\/algarve7.pt\/#\/schema\/logo\/image\/","url":"https:\/\/algarve7.pt\/wp-content\/uploads\/2020\/10\/Logo-8.jpg","contentUrl":"https:\/\/algarve7.pt\/wp-content\/uploads\/2020\/10\/Logo-8.jpg","width":1680,"height":1186,"caption":"Algarve 7"},"image":{"@id":"https:\/\/algarve7.pt\/#\/schema\/logo\/image\/"},"sameAs":["https:\/\/www.facebook.com\/algarve7","https:\/\/x.com\/Algarvesete","https:\/\/www.instagram.com\/jornalalgarve7\/","https:\/\/www.linkedin.com\/company\/algarve7","https:\/\/www.pinterest.pt\/geral0939\/_created\/"]},{"@type":"Person","@id":"https:\/\/algarve7.pt\/#\/schema\/person\/23fa70681308e7b319a3204bcea45e0c","name":"Algarve 7","sameAs":["https:\/\/algarve7.pt","https:\/\/www.facebook.com\/algarve7"],"url":"https:\/\/algarve7.pt\/index.php\/author\/geralalgarve7-pt\/"}]}},"jetpack_publicize_connections":[],"jetpack_featured_media_url":"https:\/\/algarve7.pt\/wp-content\/uploads\/2020\/09\/Compre-Local-Consuma-Nacional_Outdoor.png","jetpack_shortlink":"https:\/\/wp.me\/pcezmW-sW","jetpack_sharing_enabled":true,"_links":{"self":[{"href":"https:\/\/algarve7.pt\/index.php\/wp-json\/wp\/v2\/posts\/1794","targetHints":{"allow":["GET"]}}],"collection":[{"href":"https:\/\/algarve7.pt\/index.php\/wp-json\/wp\/v2\/posts"}],"about":[{"href":"https:\/\/algarve7.pt\/index.php\/wp-json\/wp\/v2\/types\/post"}],"author":[{"embeddable":true,"href":"https:\/\/algarve7.pt\/index.php\/wp-json\/wp\/v2\/users\/1"}],"replies":[{"embeddable":true,"href":"https:\/\/algarve7.pt\/index.php\/wp-json\/wp\/v2\/comments?post=1794"}],"version-history":[{"count":0,"href":"https:\/\/algarve7.pt\/index.php\/wp-json\/wp\/v2\/posts\/1794\/revisions"}],"wp:featuredmedia":[{"embeddable":true,"href":"https:\/\/algarve7.pt\/index.php\/wp-json\/wp\/v2\/media\/1795"}],"wp:attachment":[{"href":"https:\/\/algarve7.pt\/index.php\/wp-json\/wp\/v2\/media?parent=1794"}],"wp:term":[{"taxonomy":"category","embeddable":true,"href":"https:\/\/algarve7.pt\/index.php\/wp-json\/wp\/v2\/categories?post=1794"},{"taxonomy":"post_tag","embeddable":true,"href":"https:\/\/algarve7.pt\/index.php\/wp-json\/wp\/v2\/tags?post=1794"}],"curies":[{"name":"wp","href":"https:\/\/api.w.org\/{rel}","templated":true}]}}