{"id":17938,"date":"2022-04-21T15:05:03","date_gmt":"2022-04-21T14:05:03","guid":{"rendered":"https:\/\/algarve7.pt\/?p=17938"},"modified":"2022-04-21T15:05:05","modified_gmt":"2022-04-21T14:05:05","slug":"municipio-de-alcoutim-celebra-protocolo-para-execucao-do-projeto-proximo","status":"publish","type":"post","link":"https:\/\/algarve7.pt\/index.php\/2022\/04\/municipio-de-alcoutim-celebra-protocolo-para-execucao-do-projeto-proximo\/atualidade\/15\/05\/","title":{"rendered":"Munic\u00edpio de Alcoutim celebra protocolo para execu\u00e7\u00e3o do projeto \u201c+ Pr\u00f3ximo\u201d"},"content":{"rendered":"\n<p>O Munic\u00edpio de Alcoutim assinou recentemente um Protocolo de Associa\u00e7\u00e3o ao Contrato Local de Seguran\u00e7a com a \u00c1rea Governativa da Administra\u00e7\u00e3o Interna e a Cruz vermelha Portuguesa (Centro Humanit\u00e1rio de Tavira) para execu\u00e7\u00e3o do projeto \u201c+ Pr\u00f3ximo\u201d.<\/p>\n\n\n\n<p>O projeto \u201c+ Pr\u00f3ximo\u201d, que j\u00e1 vai na sua terceira edi\u00e7\u00e3o, \u00e9 um projeto inovador de teleassist\u00eancia \u00e0 popula\u00e7\u00e3o mais idosa do concelho (com idade maior ou igual a 65 anos e em situa\u00e7\u00e3o de isolamento social e geogr\u00e1fico). Consiste na instala\u00e7\u00e3o de dois aparelhos, um \u00e9 colocado na pulseira ou no colar, que pode ser premido em caso de p\u00e2nico, e outro \u00e9 colocado junto ao telefone, permitindo falar com a central, o que permite uma interven\u00e7\u00e3o precoce em caso de risco. Uma vez acionado, o servi\u00e7o direciona a chamada para os meios mais adequados, designadamente for\u00e7as de seguran\u00e7a, 112 ou familiares.<\/p>\n\n\n\n<p>A execu\u00e7\u00e3o do projeto est\u00e1 a cargo do Centro Humanit\u00e1rio de Tavira da Cruz Vermelha Portuguesa. Depois de instalarem os aparelhos fazem visitas peri\u00f3dicas fazendo um acompanhamento no local. O acompanhamento no domic\u00edlio assenta no levantamento de necessidades, no rastreio de par\u00e2metros de sa\u00fade (tens\u00e3o arterial, glic\u00e9mia e colesterol), na divulga\u00e7\u00e3o do servi\u00e7o de teleassist\u00eancia, bem como na instala\u00e7\u00e3o e continua monitoriza\u00e7\u00e3o da funcionalidade dos dispositivos necess\u00e1rios para o seu usufruto.<\/p>\n\n\n\n<p>O projeto \u201c+ Pr\u00f3ximo\u201d acompanha atualmente 70 seniores em 35 localidades dispersas pelas 4 freguesias do concelho. Os utentes s\u00e3o maioritariamente mulheres e a media de idades ronda os 82 anos, sendo que a utente mais nova tem 65 anos e o mais velho 92 anos.<\/p>\n\n\n\n<p>De referir que este projeto inovador foi distinguido no passado dia 18 de mar\u00e7o com o 1\u00ba pr\u00e9mio na categoria \u201cterrit\u00f3rio Inclusivo\u201d do concurso de Boas Pr\u00e1ticas 2022 do Algarve Active Ageing, promovido pela Universidade do Algarve. O Algarve Active Ageing \u00e9 um ecossistema que oferece solu\u00e7\u00f5es criativas e vi\u00e1veis que melhoram a qualidade de vida e a sa\u00fade das pessoas idosas. Este \u00e9 um cons\u00f3rcio de in\u00fameras organiza\u00e7\u00f5es na \u00f3tica da h\u00e9lice quadrupla (academia, governan\u00e7a, empresas e sociedade civil), que trabalham de forma colaborativa no desenvolvimento de solu\u00e7\u00f5es inovadoras que possam ter impacto nas popula\u00e7\u00f5es.<\/p>\n\n\n\n<p>Tendo em considera\u00e7\u00e3o que os Contratos Locais de Seguran\u00e7a s\u00e3o instrumentos privilegiados para colocar em pr\u00e1tica a coopera\u00e7\u00e3o institucional entre a administra\u00e7\u00e3o central e as autarquias locais, em intera\u00e7\u00e3o com a comunidade, com vista a redu\u00e7\u00e3o de vulnerabilidades sociais. Este foi o segmento identificado pelo Munic\u00edpio e, em articula\u00e7\u00e3o com o Minist\u00e9rio da Administra\u00e7\u00e3o Interna, revelou a \u00e1rea onde melhor se encaixava o espirito do Contrato Local de Seguran\u00e7a de Alcoutim, que com a colabora\u00e7\u00e3o Centro Humanit\u00e1rio de Tavira da Cruz Vermelha Portuguesa deu corpo ao projeto \u201c+ Pr\u00f3ximo\u201d.<\/p>\n\n\n\n<p>Nessa medida, \u00e9 determinante a assinatura de Protocolos de Associa\u00e7\u00e3o aos Contratos Locais de Seguran\u00e7a com institui\u00e7\u00f5es p\u00fablicas e privadas, entidades de apoio e interven\u00e7\u00e3o social e associa\u00e7\u00f5es locais ou consideradas necess\u00e1rias \u00e0 implementa\u00e7\u00e3o das medidas previstas no plano de interven\u00e7\u00e3o.<\/p>\n\n\n\n<p>A execu\u00e7\u00e3o do projeto \u201c+ Pr\u00f3ximo \u2013 3\u00aa edi\u00e7\u00e3o\u201d pressup\u00f5e um investimento de 54.651,24 euros, financiado na integra pela \u00c1rea Governativa da Administra\u00e7\u00e3o Interna, sendo o valor assegurado pela Secretaria Geral da Administra\u00e7\u00e3o Interna, atrav\u00e9s de verbas provenientes da Santa Casa da Miseric\u00f3rdia de Lisboa.<\/p>\n","protected":false},"excerpt":{"rendered":"<p>O Munic\u00edpio de Alcoutim assinou recentemente um Protocolo de Associa\u00e7\u00e3o ao Contrato Local de Seguran\u00e7a com a \u00c1rea Governativa da<\/p>\n","protected":false},"author":1,"featured_media":17940,"comment_status":"closed","ping_status":"open","sticky":false,"template":"","format":"standard","meta":{"colormag_page_container_layout":"default_layout","colormag_page_sidebar_layout":"default_layout","_monsterinsights_skip_tracking":false,"_monsterinsights_sitenote_active":false,"_monsterinsights_sitenote_note":"","_monsterinsights_sitenote_category":0,"jetpack_post_was_ever_published":false,"_jetpack_newsletter_access":"","_jetpack_dont_email_post_to_subs":false,"_jetpack_newsletter_tier_id":0,"_jetpack_memberships_contains_paywalled_content":false,"_jetpack_memberships_contains_paid_content":false,"footnotes":"","jetpack_publicize_message":"","jetpack_publicize_feature_enabled":true,"jetpack_social_post_already_shared":true,"jetpack_social_options":{"image_generator_settings":{"template":"highway","default_image_id":0,"font":"","enabled":false},"version":2}},"categories":[11],"tags":[79,36,62],"class_list":["post-17938","post","type-post","status-publish","format-standard","has-post-thumbnail","hentry","category-atualidade","tag-alcoutim","tag-algarve","tag-atualidade"],"yoast_head":"<!-- This site is optimized with the Yoast SEO plugin v27.4 - https:\/\/yoast.com\/product\/yoast-seo-wordpress\/ -->\n<title>Munic\u00edpio de Alcoutim celebra protocolo para execu\u00e7\u00e3o do projeto \u201c+ Pr\u00f3ximo\u201d - Algarve 7<\/title>\n<meta name=\"description\" content=\"Munic\u00edpio de Alcoutim celebra protocolo para execu\u00e7\u00e3o do projeto \u201c+ Pr\u00f3ximo\u201d Atualidade\" \/>\n<meta name=\"robots\" content=\"index, follow, max-snippet:-1, max-image-preview:large, max-video-preview:-1\" \/>\n<link rel=\"canonical\" href=\"https:\/\/algarve7.pt\/index.php\/2022\/04\/municipio-de-alcoutim-celebra-protocolo-para-execucao-do-projeto-proximo\/atualidade\/15\/05\/\" \/>\n<meta property=\"og:locale\" content=\"pt_PT\" \/>\n<meta property=\"og:type\" content=\"article\" \/>\n<meta property=\"og:title\" content=\"Munic\u00edpio de Alcoutim celebra protocolo para execu\u00e7\u00e3o do projeto \u201c+ Pr\u00f3ximo\u201d - Algarve 7\" \/>\n<meta property=\"og:description\" content=\"Munic\u00edpio de Alcoutim celebra protocolo para execu\u00e7\u00e3o do projeto \u201c+ Pr\u00f3ximo\u201d Atualidade\" \/>\n<meta property=\"og:url\" content=\"https:\/\/algarve7.pt\/index.php\/2022\/04\/municipio-de-alcoutim-celebra-protocolo-para-execucao-do-projeto-proximo\/atualidade\/15\/05\/\" \/>\n<meta property=\"og:site_name\" content=\"Algarve 7\" \/>\n<meta property=\"article:publisher\" content=\"https:\/\/www.facebook.com\/algarve7\" \/>\n<meta property=\"article:author\" content=\"https:\/\/www.facebook.com\/algarve7\" \/>\n<meta property=\"article:published_time\" content=\"2022-04-21T14:05:03+00:00\" \/>\n<meta property=\"article:modified_time\" content=\"2022-04-21T14:05:05+00:00\" \/>\n<meta property=\"og:image\" content=\"https:\/\/algarve7.pt\/wp-content\/uploads\/2022\/04\/Alcoutim-1.jpg\" \/>\n\t<meta property=\"og:image:width\" content=\"1102\" \/>\n\t<meta property=\"og:image:height\" content=\"735\" \/>\n\t<meta property=\"og:image:type\" content=\"image\/jpeg\" \/>\n<meta name=\"author\" content=\"Algarve 7\" \/>\n<meta name=\"twitter:card\" content=\"summary_large_image\" \/>\n<meta name=\"twitter:creator\" content=\"@Algarvesete\" \/>\n<meta name=\"twitter:site\" content=\"@Algarvesete\" \/>\n<meta name=\"twitter:label1\" content=\"Escrito por\" \/>\n\t<meta name=\"twitter:data1\" content=\"Algarve 7\" \/>\n\t<meta name=\"twitter:label2\" content=\"Tempo estimado de leitura\" \/>\n\t<meta name=\"twitter:data2\" content=\"3 minutos\" \/>\n<script type=\"application\/ld+json\" class=\"yoast-schema-graph\">{\"@context\":\"https:\\\/\\\/schema.org\",\"@graph\":[{\"@type\":\"Article\",\"@id\":\"https:\\\/\\\/algarve7.pt\\\/index.php\\\/2022\\\/04\\\/municipio-de-alcoutim-celebra-protocolo-para-execucao-do-projeto-proximo\\\/atualidade\\\/15\\\/05\\\/#article\",\"isPartOf\":{\"@id\":\"https:\\\/\\\/algarve7.pt\\\/index.php\\\/2022\\\/04\\\/municipio-de-alcoutim-celebra-protocolo-para-execucao-do-projeto-proximo\\\/atualidade\\\/15\\\/05\\\/\"},\"author\":{\"name\":\"Algarve 7\",\"@id\":\"https:\\\/\\\/algarve7.pt\\\/#\\\/schema\\\/person\\\/23fa70681308e7b319a3204bcea45e0c\"},\"headline\":\"Munic\u00edpio de Alcoutim celebra protocolo para execu\u00e7\u00e3o do projeto \u201c+ Pr\u00f3ximo\u201d\",\"datePublished\":\"2022-04-21T14:05:03+00:00\",\"dateModified\":\"2022-04-21T14:05:05+00:00\",\"mainEntityOfPage\":{\"@id\":\"https:\\\/\\\/algarve7.pt\\\/index.php\\\/2022\\\/04\\\/municipio-de-alcoutim-celebra-protocolo-para-execucao-do-projeto-proximo\\\/atualidade\\\/15\\\/05\\\/\"},\"wordCount\":596,\"publisher\":{\"@id\":\"https:\\\/\\\/algarve7.pt\\\/#organization\"},\"image\":{\"@id\":\"https:\\\/\\\/algarve7.pt\\\/index.php\\\/2022\\\/04\\\/municipio-de-alcoutim-celebra-protocolo-para-execucao-do-projeto-proximo\\\/atualidade\\\/15\\\/05\\\/#primaryimage\"},\"thumbnailUrl\":\"https:\\\/\\\/algarve7.pt\\\/wp-content\\\/uploads\\\/2022\\\/04\\\/Alcoutim-1.jpg\",\"keywords\":[\"Alcoutim\",\"Algarve\",\"Atualidade\"],\"articleSection\":[\"Atualidade\"],\"inLanguage\":\"pt-PT\"},{\"@type\":\"WebPage\",\"@id\":\"https:\\\/\\\/algarve7.pt\\\/index.php\\\/2022\\\/04\\\/municipio-de-alcoutim-celebra-protocolo-para-execucao-do-projeto-proximo\\\/atualidade\\\/15\\\/05\\\/\",\"url\":\"https:\\\/\\\/algarve7.pt\\\/index.php\\\/2022\\\/04\\\/municipio-de-alcoutim-celebra-protocolo-para-execucao-do-projeto-proximo\\\/atualidade\\\/15\\\/05\\\/\",\"name\":\"Munic\u00edpio de Alcoutim celebra protocolo para execu\u00e7\u00e3o do projeto \u201c+ Pr\u00f3ximo\u201d - Algarve 7\",\"isPartOf\":{\"@id\":\"https:\\\/\\\/algarve7.pt\\\/#website\"},\"primaryImageOfPage\":{\"@id\":\"https:\\\/\\\/algarve7.pt\\\/index.php\\\/2022\\\/04\\\/municipio-de-alcoutim-celebra-protocolo-para-execucao-do-projeto-proximo\\\/atualidade\\\/15\\\/05\\\/#primaryimage\"},\"image\":{\"@id\":\"https:\\\/\\\/algarve7.pt\\\/index.php\\\/2022\\\/04\\\/municipio-de-alcoutim-celebra-protocolo-para-execucao-do-projeto-proximo\\\/atualidade\\\/15\\\/05\\\/#primaryimage\"},\"thumbnailUrl\":\"https:\\\/\\\/algarve7.pt\\\/wp-content\\\/uploads\\\/2022\\\/04\\\/Alcoutim-1.jpg\",\"datePublished\":\"2022-04-21T14:05:03+00:00\",\"dateModified\":\"2022-04-21T14:05:05+00:00\",\"description\":\"Munic\u00edpio de Alcoutim celebra protocolo para execu\u00e7\u00e3o do projeto \u201c+ Pr\u00f3ximo\u201d Atualidade\",\"breadcrumb\":{\"@id\":\"https:\\\/\\\/algarve7.pt\\\/index.php\\\/2022\\\/04\\\/municipio-de-alcoutim-celebra-protocolo-para-execucao-do-projeto-proximo\\\/atualidade\\\/15\\\/05\\\/#breadcrumb\"},\"inLanguage\":\"pt-PT\",\"potentialAction\":[{\"@type\":\"ReadAction\",\"target\":[\"https:\\\/\\\/algarve7.pt\\\/index.php\\\/2022\\\/04\\\/municipio-de-alcoutim-celebra-protocolo-para-execucao-do-projeto-proximo\\\/atualidade\\\/15\\\/05\\\/\"]}]},{\"@type\":\"ImageObject\",\"inLanguage\":\"pt-PT\",\"@id\":\"https:\\\/\\\/algarve7.pt\\\/index.php\\\/2022\\\/04\\\/municipio-de-alcoutim-celebra-protocolo-para-execucao-do-projeto-proximo\\\/atualidade\\\/15\\\/05\\\/#primaryimage\",\"url\":\"https:\\\/\\\/algarve7.pt\\\/wp-content\\\/uploads\\\/2022\\\/04\\\/Alcoutim-1.jpg\",\"contentUrl\":\"https:\\\/\\\/algarve7.pt\\\/wp-content\\\/uploads\\\/2022\\\/04\\\/Alcoutim-1.jpg\",\"width\":1102,\"height\":735},{\"@type\":\"BreadcrumbList\",\"@id\":\"https:\\\/\\\/algarve7.pt\\\/index.php\\\/2022\\\/04\\\/municipio-de-alcoutim-celebra-protocolo-para-execucao-do-projeto-proximo\\\/atualidade\\\/15\\\/05\\\/#breadcrumb\",\"itemListElement\":[{\"@type\":\"ListItem\",\"position\":1,\"name\":\"In\u00edcio\",\"item\":\"https:\\\/\\\/algarve7.pt\\\/\"},{\"@type\":\"ListItem\",\"position\":2,\"name\":\"Munic\u00edpio de Alcoutim celebra protocolo para execu\u00e7\u00e3o do projeto \u201c+ Pr\u00f3ximo\u201d\"}]},{\"@type\":\"WebSite\",\"@id\":\"https:\\\/\\\/algarve7.pt\\\/#website\",\"url\":\"https:\\\/\\\/algarve7.pt\\\/\",\"name\":\"Algarve 7\",\"description\":\"Informa\u00e7\u00e3o sobre o Algarve\",\"publisher\":{\"@id\":\"https:\\\/\\\/algarve7.pt\\\/#organization\"},\"potentialAction\":[{\"@type\":\"SearchAction\",\"target\":{\"@type\":\"EntryPoint\",\"urlTemplate\":\"https:\\\/\\\/algarve7.pt\\\/?s={search_term_string}\"},\"query-input\":{\"@type\":\"PropertyValueSpecification\",\"valueRequired\":true,\"valueName\":\"search_term_string\"}}],\"inLanguage\":\"pt-PT\"},{\"@type\":\"Organization\",\"@id\":\"https:\\\/\\\/algarve7.pt\\\/#organization\",\"name\":\"Algarve 7\",\"url\":\"https:\\\/\\\/algarve7.pt\\\/\",\"logo\":{\"@type\":\"ImageObject\",\"inLanguage\":\"pt-PT\",\"@id\":\"https:\\\/\\\/algarve7.pt\\\/#\\\/schema\\\/logo\\\/image\\\/\",\"url\":\"https:\\\/\\\/algarve7.pt\\\/wp-content\\\/uploads\\\/2020\\\/10\\\/Logo-8.jpg\",\"contentUrl\":\"https:\\\/\\\/algarve7.pt\\\/wp-content\\\/uploads\\\/2020\\\/10\\\/Logo-8.jpg\",\"width\":1680,\"height\":1186,\"caption\":\"Algarve 7\"},\"image\":{\"@id\":\"https:\\\/\\\/algarve7.pt\\\/#\\\/schema\\\/logo\\\/image\\\/\"},\"sameAs\":[\"https:\\\/\\\/www.facebook.com\\\/algarve7\",\"https:\\\/\\\/x.com\\\/Algarvesete\",\"https:\\\/\\\/www.instagram.com\\\/jornalalgarve7\\\/\",\"https:\\\/\\\/www.linkedin.com\\\/company\\\/algarve7\",\"https:\\\/\\\/www.pinterest.pt\\\/geral0939\\\/_created\\\/\"]},{\"@type\":\"Person\",\"@id\":\"https:\\\/\\\/algarve7.pt\\\/#\\\/schema\\\/person\\\/23fa70681308e7b319a3204bcea45e0c\",\"name\":\"Algarve 7\",\"sameAs\":[\"https:\\\/\\\/algarve7.pt\",\"https:\\\/\\\/www.facebook.com\\\/algarve7\"],\"url\":\"https:\\\/\\\/algarve7.pt\\\/index.php\\\/author\\\/geralalgarve7-pt\\\/\"}]}<\/script>\n<!-- \/ Yoast SEO plugin. -->","yoast_head_json":{"title":"Munic\u00edpio de Alcoutim celebra protocolo para execu\u00e7\u00e3o do projeto \u201c+ Pr\u00f3ximo\u201d - Algarve 7","description":"Munic\u00edpio de Alcoutim celebra protocolo para execu\u00e7\u00e3o do projeto \u201c+ Pr\u00f3ximo\u201d Atualidade","robots":{"index":"index","follow":"follow","max-snippet":"max-snippet:-1","max-image-preview":"max-image-preview:large","max-video-preview":"max-video-preview:-1"},"canonical":"https:\/\/algarve7.pt\/index.php\/2022\/04\/municipio-de-alcoutim-celebra-protocolo-para-execucao-do-projeto-proximo\/atualidade\/15\/05\/","og_locale":"pt_PT","og_type":"article","og_title":"Munic\u00edpio de Alcoutim celebra protocolo para execu\u00e7\u00e3o do projeto \u201c+ Pr\u00f3ximo\u201d - Algarve 7","og_description":"Munic\u00edpio de Alcoutim celebra protocolo para execu\u00e7\u00e3o do projeto \u201c+ Pr\u00f3ximo\u201d Atualidade","og_url":"https:\/\/algarve7.pt\/index.php\/2022\/04\/municipio-de-alcoutim-celebra-protocolo-para-execucao-do-projeto-proximo\/atualidade\/15\/05\/","og_site_name":"Algarve 7","article_publisher":"https:\/\/www.facebook.com\/algarve7","article_author":"https:\/\/www.facebook.com\/algarve7","article_published_time":"2022-04-21T14:05:03+00:00","article_modified_time":"2022-04-21T14:05:05+00:00","og_image":[{"width":1102,"height":735,"url":"https:\/\/algarve7.pt\/wp-content\/uploads\/2022\/04\/Alcoutim-1.jpg","type":"image\/jpeg"}],"author":"Algarve 7","twitter_card":"summary_large_image","twitter_creator":"@Algarvesete","twitter_site":"@Algarvesete","twitter_misc":{"Escrito por":"Algarve 7","Tempo estimado de leitura":"3 minutos"},"schema":{"@context":"https:\/\/schema.org","@graph":[{"@type":"Article","@id":"https:\/\/algarve7.pt\/index.php\/2022\/04\/municipio-de-alcoutim-celebra-protocolo-para-execucao-do-projeto-proximo\/atualidade\/15\/05\/#article","isPartOf":{"@id":"https:\/\/algarve7.pt\/index.php\/2022\/04\/municipio-de-alcoutim-celebra-protocolo-para-execucao-do-projeto-proximo\/atualidade\/15\/05\/"},"author":{"name":"Algarve 7","@id":"https:\/\/algarve7.pt\/#\/schema\/person\/23fa70681308e7b319a3204bcea45e0c"},"headline":"Munic\u00edpio de Alcoutim celebra protocolo para execu\u00e7\u00e3o do projeto \u201c+ Pr\u00f3ximo\u201d","datePublished":"2022-04-21T14:05:03+00:00","dateModified":"2022-04-21T14:05:05+00:00","mainEntityOfPage":{"@id":"https:\/\/algarve7.pt\/index.php\/2022\/04\/municipio-de-alcoutim-celebra-protocolo-para-execucao-do-projeto-proximo\/atualidade\/15\/05\/"},"wordCount":596,"publisher":{"@id":"https:\/\/algarve7.pt\/#organization"},"image":{"@id":"https:\/\/algarve7.pt\/index.php\/2022\/04\/municipio-de-alcoutim-celebra-protocolo-para-execucao-do-projeto-proximo\/atualidade\/15\/05\/#primaryimage"},"thumbnailUrl":"https:\/\/algarve7.pt\/wp-content\/uploads\/2022\/04\/Alcoutim-1.jpg","keywords":["Alcoutim","Algarve","Atualidade"],"articleSection":["Atualidade"],"inLanguage":"pt-PT"},{"@type":"WebPage","@id":"https:\/\/algarve7.pt\/index.php\/2022\/04\/municipio-de-alcoutim-celebra-protocolo-para-execucao-do-projeto-proximo\/atualidade\/15\/05\/","url":"https:\/\/algarve7.pt\/index.php\/2022\/04\/municipio-de-alcoutim-celebra-protocolo-para-execucao-do-projeto-proximo\/atualidade\/15\/05\/","name":"Munic\u00edpio de Alcoutim celebra protocolo para execu\u00e7\u00e3o do projeto \u201c+ Pr\u00f3ximo\u201d - Algarve 7","isPartOf":{"@id":"https:\/\/algarve7.pt\/#website"},"primaryImageOfPage":{"@id":"https:\/\/algarve7.pt\/index.php\/2022\/04\/municipio-de-alcoutim-celebra-protocolo-para-execucao-do-projeto-proximo\/atualidade\/15\/05\/#primaryimage"},"image":{"@id":"https:\/\/algarve7.pt\/index.php\/2022\/04\/municipio-de-alcoutim-celebra-protocolo-para-execucao-do-projeto-proximo\/atualidade\/15\/05\/#primaryimage"},"thumbnailUrl":"https:\/\/algarve7.pt\/wp-content\/uploads\/2022\/04\/Alcoutim-1.jpg","datePublished":"2022-04-21T14:05:03+00:00","dateModified":"2022-04-21T14:05:05+00:00","description":"Munic\u00edpio de Alcoutim celebra protocolo para execu\u00e7\u00e3o do projeto \u201c+ Pr\u00f3ximo\u201d Atualidade","breadcrumb":{"@id":"https:\/\/algarve7.pt\/index.php\/2022\/04\/municipio-de-alcoutim-celebra-protocolo-para-execucao-do-projeto-proximo\/atualidade\/15\/05\/#breadcrumb"},"inLanguage":"pt-PT","potentialAction":[{"@type":"ReadAction","target":["https:\/\/algarve7.pt\/index.php\/2022\/04\/municipio-de-alcoutim-celebra-protocolo-para-execucao-do-projeto-proximo\/atualidade\/15\/05\/"]}]},{"@type":"ImageObject","inLanguage":"pt-PT","@id":"https:\/\/algarve7.pt\/index.php\/2022\/04\/municipio-de-alcoutim-celebra-protocolo-para-execucao-do-projeto-proximo\/atualidade\/15\/05\/#primaryimage","url":"https:\/\/algarve7.pt\/wp-content\/uploads\/2022\/04\/Alcoutim-1.jpg","contentUrl":"https:\/\/algarve7.pt\/wp-content\/uploads\/2022\/04\/Alcoutim-1.jpg","width":1102,"height":735},{"@type":"BreadcrumbList","@id":"https:\/\/algarve7.pt\/index.php\/2022\/04\/municipio-de-alcoutim-celebra-protocolo-para-execucao-do-projeto-proximo\/atualidade\/15\/05\/#breadcrumb","itemListElement":[{"@type":"ListItem","position":1,"name":"In\u00edcio","item":"https:\/\/algarve7.pt\/"},{"@type":"ListItem","position":2,"name":"Munic\u00edpio de Alcoutim celebra protocolo para execu\u00e7\u00e3o do projeto \u201c+ Pr\u00f3ximo\u201d"}]},{"@type":"WebSite","@id":"https:\/\/algarve7.pt\/#website","url":"https:\/\/algarve7.pt\/","name":"Algarve 7","description":"Informa\u00e7\u00e3o sobre o Algarve","publisher":{"@id":"https:\/\/algarve7.pt\/#organization"},"potentialAction":[{"@type":"SearchAction","target":{"@type":"EntryPoint","urlTemplate":"https:\/\/algarve7.pt\/?s={search_term_string}"},"query-input":{"@type":"PropertyValueSpecification","valueRequired":true,"valueName":"search_term_string"}}],"inLanguage":"pt-PT"},{"@type":"Organization","@id":"https:\/\/algarve7.pt\/#organization","name":"Algarve 7","url":"https:\/\/algarve7.pt\/","logo":{"@type":"ImageObject","inLanguage":"pt-PT","@id":"https:\/\/algarve7.pt\/#\/schema\/logo\/image\/","url":"https:\/\/algarve7.pt\/wp-content\/uploads\/2020\/10\/Logo-8.jpg","contentUrl":"https:\/\/algarve7.pt\/wp-content\/uploads\/2020\/10\/Logo-8.jpg","width":1680,"height":1186,"caption":"Algarve 7"},"image":{"@id":"https:\/\/algarve7.pt\/#\/schema\/logo\/image\/"},"sameAs":["https:\/\/www.facebook.com\/algarve7","https:\/\/x.com\/Algarvesete","https:\/\/www.instagram.com\/jornalalgarve7\/","https:\/\/www.linkedin.com\/company\/algarve7","https:\/\/www.pinterest.pt\/geral0939\/_created\/"]},{"@type":"Person","@id":"https:\/\/algarve7.pt\/#\/schema\/person\/23fa70681308e7b319a3204bcea45e0c","name":"Algarve 7","sameAs":["https:\/\/algarve7.pt","https:\/\/www.facebook.com\/algarve7"],"url":"https:\/\/algarve7.pt\/index.php\/author\/geralalgarve7-pt\/"}]}},"jetpack_publicize_connections":[],"jetpack_featured_media_url":"https:\/\/algarve7.pt\/wp-content\/uploads\/2022\/04\/Alcoutim-1.jpg","jetpack_shortlink":"https:\/\/wp.me\/pcezmW-4Fk","jetpack_sharing_enabled":true,"_links":{"self":[{"href":"https:\/\/algarve7.pt\/index.php\/wp-json\/wp\/v2\/posts\/17938","targetHints":{"allow":["GET"]}}],"collection":[{"href":"https:\/\/algarve7.pt\/index.php\/wp-json\/wp\/v2\/posts"}],"about":[{"href":"https:\/\/algarve7.pt\/index.php\/wp-json\/wp\/v2\/types\/post"}],"author":[{"embeddable":true,"href":"https:\/\/algarve7.pt\/index.php\/wp-json\/wp\/v2\/users\/1"}],"replies":[{"embeddable":true,"href":"https:\/\/algarve7.pt\/index.php\/wp-json\/wp\/v2\/comments?post=17938"}],"version-history":[{"count":0,"href":"https:\/\/algarve7.pt\/index.php\/wp-json\/wp\/v2\/posts\/17938\/revisions"}],"wp:featuredmedia":[{"embeddable":true,"href":"https:\/\/algarve7.pt\/index.php\/wp-json\/wp\/v2\/media\/17940"}],"wp:attachment":[{"href":"https:\/\/algarve7.pt\/index.php\/wp-json\/wp\/v2\/media?parent=17938"}],"wp:term":[{"taxonomy":"category","embeddable":true,"href":"https:\/\/algarve7.pt\/index.php\/wp-json\/wp\/v2\/categories?post=17938"},{"taxonomy":"post_tag","embeddable":true,"href":"https:\/\/algarve7.pt\/index.php\/wp-json\/wp\/v2\/tags?post=17938"}],"curies":[{"name":"wp","href":"https:\/\/api.w.org\/{rel}","templated":true}]}}