{"id":17900,"date":"2022-04-20T20:42:00","date_gmt":"2022-04-20T19:42:00","guid":{"rendered":"https:\/\/algarve7.pt\/?p=17900"},"modified":"2022-04-20T20:42:03","modified_gmt":"2022-04-20T19:42:03","slug":"incendio-atinge-sete-embarcacoes-de-recreio-num-estaleiro-naval-em-olhao","status":"publish","type":"post","link":"https:\/\/algarve7.pt\/index.php\/2022\/04\/incendio-atinge-sete-embarcacoes-de-recreio-num-estaleiro-naval-em-olhao\/atualidade\/20\/42\/","title":{"rendered":"Inc\u00eandio atinge sete embarca\u00e7\u00f5es de recreio num estaleiro naval em Olh\u00e3o"},"content":{"rendered":"\n<p>Deflagrou esta tarde um inc\u00eandio num estaleiro naval em Olh\u00e3o que atingiu um total de sete embarca\u00e7\u00f5es de recreio, n\u00e3o havendo v\u00edtimas a registar.<\/p>\n\n\n\n<p>O alerta foi recebido cerca das 13h10, atrav\u00e9s do Comando Regional de Emerg\u00eancia e Prote\u00e7\u00e3o Civil, tendo sido ativados para o local elementos do Comando-local da Pol\u00edcia Mar\u00edtima de Olh\u00e3o, dos Bombeiros Municipais de Olh\u00e3o, da Associa\u00e7\u00e3o Humanit\u00e1ria de Bombeiros de Faro Cruz-Lusa, dos Bombeiros Volunt\u00e1rios de S\u00e3o Br\u00e1s de Alportel, dos Bombeiros Municipais de Tavira, dos Bombeiros Volunt\u00e1rios de Albufeira e dos Bombeiros Municipais de Loul\u00e9 Algarve. Para o local deslocaram-se tamb\u00e9m elementos da Pol\u00edcia Municipal de Olh\u00e3o, da Pol\u00edcia Judici\u00e1ria e do INEM.<\/p>\n\n\n\n<p>No local onde deflagrou o inc\u00eandio, os elementos do INEM prestaram aux\u00edlio a um homem com cerca de 60 anos, de nacionalidade su\u00ed\u00e7a, devido \u00e0 inala\u00e7\u00e3o de fumo.<\/p>\n\n\n\n<p>O inc\u00eandio foi controlado e extinto pelos bombeiros pelas 17h47, desconhecendo-se as causas que estiveram na origem do mesmo.<\/p>\n\n\n\n<p>No local estiveram empenhados um total de 75 operacionais, apoiados por 23 viaturas.<\/p>\n\n\n\n<p>O Comando-local da Pol\u00edcia Mar\u00edtima de Olh\u00e3o tomou conta da ocorr\u00eancia.<\/p>\n","protected":false},"excerpt":{"rendered":"<p>Deflagrou esta tarde um inc\u00eandio num estaleiro naval em Olh\u00e3o que atingiu um total de sete embarca\u00e7\u00f5es de recreio, n\u00e3o<\/p>\n","protected":false},"author":1,"featured_media":17901,"comment_status":"closed","ping_status":"open","sticky":false,"template":"","format":"standard","meta":{"colormag_page_container_layout":"default_layout","colormag_page_sidebar_layout":"default_layout","_monsterinsights_skip_tracking":false,"_monsterinsights_sitenote_active":false,"_monsterinsights_sitenote_note":"","_monsterinsights_sitenote_category":0,"jetpack_post_was_ever_published":false,"_jetpack_newsletter_access":"","_jetpack_dont_email_post_to_subs":false,"_jetpack_newsletter_tier_id":0,"_jetpack_memberships_contains_paywalled_content":false,"_jetpack_memberships_contains_paid_content":false,"footnotes":"","jetpack_publicize_message":"","jetpack_publicize_feature_enabled":true,"jetpack_social_post_already_shared":true,"jetpack_social_options":{"image_generator_settings":{"template":"highway","default_image_id":0,"font":"","enabled":false},"version":2}},"categories":[11],"tags":[36,62,163],"class_list":["post-17900","post","type-post","status-publish","format-standard","has-post-thumbnail","hentry","category-atualidade","tag-algarve","tag-atualidade","tag-autoridade-maritima"],"yoast_head":"<!-- This site is optimized with the Yoast SEO plugin v27.5 - https:\/\/yoast.com\/product\/yoast-seo-wordpress\/ -->\n<title>Inc\u00eandio atinge sete embarca\u00e7\u00f5es de recreio num estaleiro naval em Olh\u00e3o - Algarve 7<\/title>\n<meta name=\"description\" content=\"Inc\u00eandio atinge sete embarca\u00e7\u00f5es de recreio num estaleiro naval em Olh\u00e3o Atualidade\" \/>\n<meta name=\"robots\" content=\"index, follow, max-snippet:-1, max-image-preview:large, max-video-preview:-1\" \/>\n<link rel=\"canonical\" href=\"https:\/\/algarve7.pt\/index.php\/2022\/04\/incendio-atinge-sete-embarcacoes-de-recreio-num-estaleiro-naval-em-olhao\/atualidade\/20\/42\/\" \/>\n<meta property=\"og:locale\" content=\"pt_PT\" \/>\n<meta property=\"og:type\" content=\"article\" \/>\n<meta property=\"og:title\" content=\"Inc\u00eandio atinge sete embarca\u00e7\u00f5es de recreio num estaleiro naval em Olh\u00e3o - Algarve 7\" \/>\n<meta property=\"og:description\" content=\"Inc\u00eandio atinge sete embarca\u00e7\u00f5es de recreio num estaleiro naval em Olh\u00e3o Atualidade\" \/>\n<meta property=\"og:url\" content=\"https:\/\/algarve7.pt\/index.php\/2022\/04\/incendio-atinge-sete-embarcacoes-de-recreio-num-estaleiro-naval-em-olhao\/atualidade\/20\/42\/\" \/>\n<meta property=\"og:site_name\" content=\"Algarve 7\" \/>\n<meta property=\"article:publisher\" content=\"https:\/\/www.facebook.com\/algarve7\" \/>\n<meta property=\"article:author\" content=\"https:\/\/www.facebook.com\/algarve7\" \/>\n<meta property=\"article:published_time\" content=\"2022-04-20T19:42:00+00:00\" \/>\n<meta property=\"article:modified_time\" content=\"2022-04-20T19:42:03+00:00\" \/>\n<meta property=\"og:image\" content=\"https:\/\/algarve7.pt\/wp-content\/uploads\/2022\/04\/WhatsApp-Image-2022-04-20-at-19.07.25.jpeg\" \/>\n\t<meta property=\"og:image:width\" content=\"1261\" \/>\n\t<meta property=\"og:image:height\" content=\"905\" \/>\n\t<meta property=\"og:image:type\" content=\"image\/jpeg\" \/>\n<meta name=\"author\" content=\"Algarve 7\" \/>\n<meta name=\"twitter:card\" content=\"summary_large_image\" \/>\n<meta name=\"twitter:creator\" content=\"@Algarvesete\" \/>\n<meta name=\"twitter:site\" content=\"@Algarvesete\" \/>\n<meta name=\"twitter:label1\" content=\"Escrito por\" \/>\n\t<meta name=\"twitter:data1\" content=\"Algarve 7\" \/>\n\t<meta name=\"twitter:label2\" content=\"Tempo estimado de leitura\" \/>\n\t<meta name=\"twitter:data2\" content=\"1 minuto\" \/>\n<script type=\"application\/ld+json\" class=\"yoast-schema-graph\">{\"@context\":\"https:\\\/\\\/schema.org\",\"@graph\":[{\"@type\":\"Article\",\"@id\":\"https:\\\/\\\/algarve7.pt\\\/index.php\\\/2022\\\/04\\\/incendio-atinge-sete-embarcacoes-de-recreio-num-estaleiro-naval-em-olhao\\\/atualidade\\\/20\\\/42\\\/#article\",\"isPartOf\":{\"@id\":\"https:\\\/\\\/algarve7.pt\\\/index.php\\\/2022\\\/04\\\/incendio-atinge-sete-embarcacoes-de-recreio-num-estaleiro-naval-em-olhao\\\/atualidade\\\/20\\\/42\\\/\"},\"author\":{\"name\":\"Algarve 7\",\"@id\":\"https:\\\/\\\/algarve7.pt\\\/#\\\/schema\\\/person\\\/23fa70681308e7b319a3204bcea45e0c\"},\"headline\":\"Inc\u00eandio atinge sete embarca\u00e7\u00f5es de recreio num estaleiro naval em Olh\u00e3o\",\"datePublished\":\"2022-04-20T19:42:00+00:00\",\"dateModified\":\"2022-04-20T19:42:03+00:00\",\"mainEntityOfPage\":{\"@id\":\"https:\\\/\\\/algarve7.pt\\\/index.php\\\/2022\\\/04\\\/incendio-atinge-sete-embarcacoes-de-recreio-num-estaleiro-naval-em-olhao\\\/atualidade\\\/20\\\/42\\\/\"},\"wordCount\":222,\"publisher\":{\"@id\":\"https:\\\/\\\/algarve7.pt\\\/#organization\"},\"image\":{\"@id\":\"https:\\\/\\\/algarve7.pt\\\/index.php\\\/2022\\\/04\\\/incendio-atinge-sete-embarcacoes-de-recreio-num-estaleiro-naval-em-olhao\\\/atualidade\\\/20\\\/42\\\/#primaryimage\"},\"thumbnailUrl\":\"https:\\\/\\\/algarve7.pt\\\/wp-content\\\/uploads\\\/2022\\\/04\\\/WhatsApp-Image-2022-04-20-at-19.07.25.jpeg\",\"keywords\":[\"Algarve\",\"Atualidade\",\"Autoridade Mar\u00edtima\"],\"articleSection\":[\"Atualidade\"],\"inLanguage\":\"pt-PT\"},{\"@type\":\"WebPage\",\"@id\":\"https:\\\/\\\/algarve7.pt\\\/index.php\\\/2022\\\/04\\\/incendio-atinge-sete-embarcacoes-de-recreio-num-estaleiro-naval-em-olhao\\\/atualidade\\\/20\\\/42\\\/\",\"url\":\"https:\\\/\\\/algarve7.pt\\\/index.php\\\/2022\\\/04\\\/incendio-atinge-sete-embarcacoes-de-recreio-num-estaleiro-naval-em-olhao\\\/atualidade\\\/20\\\/42\\\/\",\"name\":\"Inc\u00eandio atinge sete embarca\u00e7\u00f5es de recreio num estaleiro naval em Olh\u00e3o - Algarve 7\",\"isPartOf\":{\"@id\":\"https:\\\/\\\/algarve7.pt\\\/#website\"},\"primaryImageOfPage\":{\"@id\":\"https:\\\/\\\/algarve7.pt\\\/index.php\\\/2022\\\/04\\\/incendio-atinge-sete-embarcacoes-de-recreio-num-estaleiro-naval-em-olhao\\\/atualidade\\\/20\\\/42\\\/#primaryimage\"},\"image\":{\"@id\":\"https:\\\/\\\/algarve7.pt\\\/index.php\\\/2022\\\/04\\\/incendio-atinge-sete-embarcacoes-de-recreio-num-estaleiro-naval-em-olhao\\\/atualidade\\\/20\\\/42\\\/#primaryimage\"},\"thumbnailUrl\":\"https:\\\/\\\/algarve7.pt\\\/wp-content\\\/uploads\\\/2022\\\/04\\\/WhatsApp-Image-2022-04-20-at-19.07.25.jpeg\",\"datePublished\":\"2022-04-20T19:42:00+00:00\",\"dateModified\":\"2022-04-20T19:42:03+00:00\",\"description\":\"Inc\u00eandio atinge sete embarca\u00e7\u00f5es de recreio num estaleiro naval em Olh\u00e3o Atualidade\",\"breadcrumb\":{\"@id\":\"https:\\\/\\\/algarve7.pt\\\/index.php\\\/2022\\\/04\\\/incendio-atinge-sete-embarcacoes-de-recreio-num-estaleiro-naval-em-olhao\\\/atualidade\\\/20\\\/42\\\/#breadcrumb\"},\"inLanguage\":\"pt-PT\",\"potentialAction\":[{\"@type\":\"ReadAction\",\"target\":[\"https:\\\/\\\/algarve7.pt\\\/index.php\\\/2022\\\/04\\\/incendio-atinge-sete-embarcacoes-de-recreio-num-estaleiro-naval-em-olhao\\\/atualidade\\\/20\\\/42\\\/\"]}]},{\"@type\":\"ImageObject\",\"inLanguage\":\"pt-PT\",\"@id\":\"https:\\\/\\\/algarve7.pt\\\/index.php\\\/2022\\\/04\\\/incendio-atinge-sete-embarcacoes-de-recreio-num-estaleiro-naval-em-olhao\\\/atualidade\\\/20\\\/42\\\/#primaryimage\",\"url\":\"https:\\\/\\\/algarve7.pt\\\/wp-content\\\/uploads\\\/2022\\\/04\\\/WhatsApp-Image-2022-04-20-at-19.07.25.jpeg\",\"contentUrl\":\"https:\\\/\\\/algarve7.pt\\\/wp-content\\\/uploads\\\/2022\\\/04\\\/WhatsApp-Image-2022-04-20-at-19.07.25.jpeg\",\"width\":1261,\"height\":905},{\"@type\":\"BreadcrumbList\",\"@id\":\"https:\\\/\\\/algarve7.pt\\\/index.php\\\/2022\\\/04\\\/incendio-atinge-sete-embarcacoes-de-recreio-num-estaleiro-naval-em-olhao\\\/atualidade\\\/20\\\/42\\\/#breadcrumb\",\"itemListElement\":[{\"@type\":\"ListItem\",\"position\":1,\"name\":\"In\u00edcio\",\"item\":\"https:\\\/\\\/algarve7.pt\\\/\"},{\"@type\":\"ListItem\",\"position\":2,\"name\":\"Inc\u00eandio atinge sete embarca\u00e7\u00f5es de recreio num estaleiro naval em Olh\u00e3o\"}]},{\"@type\":\"WebSite\",\"@id\":\"https:\\\/\\\/algarve7.pt\\\/#website\",\"url\":\"https:\\\/\\\/algarve7.pt\\\/\",\"name\":\"Algarve 7\",\"description\":\"Informa\u00e7\u00e3o sobre o Algarve\",\"publisher\":{\"@id\":\"https:\\\/\\\/algarve7.pt\\\/#organization\"},\"potentialAction\":[{\"@type\":\"SearchAction\",\"target\":{\"@type\":\"EntryPoint\",\"urlTemplate\":\"https:\\\/\\\/algarve7.pt\\\/?s={search_term_string}\"},\"query-input\":{\"@type\":\"PropertyValueSpecification\",\"valueRequired\":true,\"valueName\":\"search_term_string\"}}],\"inLanguage\":\"pt-PT\"},{\"@type\":\"Organization\",\"@id\":\"https:\\\/\\\/algarve7.pt\\\/#organization\",\"name\":\"Algarve 7\",\"url\":\"https:\\\/\\\/algarve7.pt\\\/\",\"logo\":{\"@type\":\"ImageObject\",\"inLanguage\":\"pt-PT\",\"@id\":\"https:\\\/\\\/algarve7.pt\\\/#\\\/schema\\\/logo\\\/image\\\/\",\"url\":\"https:\\\/\\\/algarve7.pt\\\/wp-content\\\/uploads\\\/2020\\\/10\\\/Logo-8.jpg\",\"contentUrl\":\"https:\\\/\\\/algarve7.pt\\\/wp-content\\\/uploads\\\/2020\\\/10\\\/Logo-8.jpg\",\"width\":1680,\"height\":1186,\"caption\":\"Algarve 7\"},\"image\":{\"@id\":\"https:\\\/\\\/algarve7.pt\\\/#\\\/schema\\\/logo\\\/image\\\/\"},\"sameAs\":[\"https:\\\/\\\/www.facebook.com\\\/algarve7\",\"https:\\\/\\\/x.com\\\/Algarvesete\",\"https:\\\/\\\/www.instagram.com\\\/jornalalgarve7\\\/\",\"https:\\\/\\\/www.linkedin.com\\\/company\\\/algarve7\",\"https:\\\/\\\/www.pinterest.pt\\\/geral0939\\\/_created\\\/\"]},{\"@type\":\"Person\",\"@id\":\"https:\\\/\\\/algarve7.pt\\\/#\\\/schema\\\/person\\\/23fa70681308e7b319a3204bcea45e0c\",\"name\":\"Algarve 7\",\"sameAs\":[\"https:\\\/\\\/algarve7.pt\",\"https:\\\/\\\/www.facebook.com\\\/algarve7\"],\"url\":\"https:\\\/\\\/algarve7.pt\\\/index.php\\\/author\\\/geralalgarve7-pt\\\/\"}]}<\/script>\n<!-- \/ Yoast SEO plugin. -->","yoast_head_json":{"title":"Inc\u00eandio atinge sete embarca\u00e7\u00f5es de recreio num estaleiro naval em Olh\u00e3o - Algarve 7","description":"Inc\u00eandio atinge sete embarca\u00e7\u00f5es de recreio num estaleiro naval em Olh\u00e3o Atualidade","robots":{"index":"index","follow":"follow","max-snippet":"max-snippet:-1","max-image-preview":"max-image-preview:large","max-video-preview":"max-video-preview:-1"},"canonical":"https:\/\/algarve7.pt\/index.php\/2022\/04\/incendio-atinge-sete-embarcacoes-de-recreio-num-estaleiro-naval-em-olhao\/atualidade\/20\/42\/","og_locale":"pt_PT","og_type":"article","og_title":"Inc\u00eandio atinge sete embarca\u00e7\u00f5es de recreio num estaleiro naval em Olh\u00e3o - Algarve 7","og_description":"Inc\u00eandio atinge sete embarca\u00e7\u00f5es de recreio num estaleiro naval em Olh\u00e3o Atualidade","og_url":"https:\/\/algarve7.pt\/index.php\/2022\/04\/incendio-atinge-sete-embarcacoes-de-recreio-num-estaleiro-naval-em-olhao\/atualidade\/20\/42\/","og_site_name":"Algarve 7","article_publisher":"https:\/\/www.facebook.com\/algarve7","article_author":"https:\/\/www.facebook.com\/algarve7","article_published_time":"2022-04-20T19:42:00+00:00","article_modified_time":"2022-04-20T19:42:03+00:00","og_image":[{"width":1261,"height":905,"url":"https:\/\/algarve7.pt\/wp-content\/uploads\/2022\/04\/WhatsApp-Image-2022-04-20-at-19.07.25.jpeg","type":"image\/jpeg"}],"author":"Algarve 7","twitter_card":"summary_large_image","twitter_creator":"@Algarvesete","twitter_site":"@Algarvesete","twitter_misc":{"Escrito por":"Algarve 7","Tempo estimado de leitura":"1 minuto"},"schema":{"@context":"https:\/\/schema.org","@graph":[{"@type":"Article","@id":"https:\/\/algarve7.pt\/index.php\/2022\/04\/incendio-atinge-sete-embarcacoes-de-recreio-num-estaleiro-naval-em-olhao\/atualidade\/20\/42\/#article","isPartOf":{"@id":"https:\/\/algarve7.pt\/index.php\/2022\/04\/incendio-atinge-sete-embarcacoes-de-recreio-num-estaleiro-naval-em-olhao\/atualidade\/20\/42\/"},"author":{"name":"Algarve 7","@id":"https:\/\/algarve7.pt\/#\/schema\/person\/23fa70681308e7b319a3204bcea45e0c"},"headline":"Inc\u00eandio atinge sete embarca\u00e7\u00f5es de recreio num estaleiro naval em Olh\u00e3o","datePublished":"2022-04-20T19:42:00+00:00","dateModified":"2022-04-20T19:42:03+00:00","mainEntityOfPage":{"@id":"https:\/\/algarve7.pt\/index.php\/2022\/04\/incendio-atinge-sete-embarcacoes-de-recreio-num-estaleiro-naval-em-olhao\/atualidade\/20\/42\/"},"wordCount":222,"publisher":{"@id":"https:\/\/algarve7.pt\/#organization"},"image":{"@id":"https:\/\/algarve7.pt\/index.php\/2022\/04\/incendio-atinge-sete-embarcacoes-de-recreio-num-estaleiro-naval-em-olhao\/atualidade\/20\/42\/#primaryimage"},"thumbnailUrl":"https:\/\/algarve7.pt\/wp-content\/uploads\/2022\/04\/WhatsApp-Image-2022-04-20-at-19.07.25.jpeg","keywords":["Algarve","Atualidade","Autoridade Mar\u00edtima"],"articleSection":["Atualidade"],"inLanguage":"pt-PT"},{"@type":"WebPage","@id":"https:\/\/algarve7.pt\/index.php\/2022\/04\/incendio-atinge-sete-embarcacoes-de-recreio-num-estaleiro-naval-em-olhao\/atualidade\/20\/42\/","url":"https:\/\/algarve7.pt\/index.php\/2022\/04\/incendio-atinge-sete-embarcacoes-de-recreio-num-estaleiro-naval-em-olhao\/atualidade\/20\/42\/","name":"Inc\u00eandio atinge sete embarca\u00e7\u00f5es de recreio num estaleiro naval em Olh\u00e3o - Algarve 7","isPartOf":{"@id":"https:\/\/algarve7.pt\/#website"},"primaryImageOfPage":{"@id":"https:\/\/algarve7.pt\/index.php\/2022\/04\/incendio-atinge-sete-embarcacoes-de-recreio-num-estaleiro-naval-em-olhao\/atualidade\/20\/42\/#primaryimage"},"image":{"@id":"https:\/\/algarve7.pt\/index.php\/2022\/04\/incendio-atinge-sete-embarcacoes-de-recreio-num-estaleiro-naval-em-olhao\/atualidade\/20\/42\/#primaryimage"},"thumbnailUrl":"https:\/\/algarve7.pt\/wp-content\/uploads\/2022\/04\/WhatsApp-Image-2022-04-20-at-19.07.25.jpeg","datePublished":"2022-04-20T19:42:00+00:00","dateModified":"2022-04-20T19:42:03+00:00","description":"Inc\u00eandio atinge sete embarca\u00e7\u00f5es de recreio num estaleiro naval em Olh\u00e3o Atualidade","breadcrumb":{"@id":"https:\/\/algarve7.pt\/index.php\/2022\/04\/incendio-atinge-sete-embarcacoes-de-recreio-num-estaleiro-naval-em-olhao\/atualidade\/20\/42\/#breadcrumb"},"inLanguage":"pt-PT","potentialAction":[{"@type":"ReadAction","target":["https:\/\/algarve7.pt\/index.php\/2022\/04\/incendio-atinge-sete-embarcacoes-de-recreio-num-estaleiro-naval-em-olhao\/atualidade\/20\/42\/"]}]},{"@type":"ImageObject","inLanguage":"pt-PT","@id":"https:\/\/algarve7.pt\/index.php\/2022\/04\/incendio-atinge-sete-embarcacoes-de-recreio-num-estaleiro-naval-em-olhao\/atualidade\/20\/42\/#primaryimage","url":"https:\/\/algarve7.pt\/wp-content\/uploads\/2022\/04\/WhatsApp-Image-2022-04-20-at-19.07.25.jpeg","contentUrl":"https:\/\/algarve7.pt\/wp-content\/uploads\/2022\/04\/WhatsApp-Image-2022-04-20-at-19.07.25.jpeg","width":1261,"height":905},{"@type":"BreadcrumbList","@id":"https:\/\/algarve7.pt\/index.php\/2022\/04\/incendio-atinge-sete-embarcacoes-de-recreio-num-estaleiro-naval-em-olhao\/atualidade\/20\/42\/#breadcrumb","itemListElement":[{"@type":"ListItem","position":1,"name":"In\u00edcio","item":"https:\/\/algarve7.pt\/"},{"@type":"ListItem","position":2,"name":"Inc\u00eandio atinge sete embarca\u00e7\u00f5es de recreio num estaleiro naval em Olh\u00e3o"}]},{"@type":"WebSite","@id":"https:\/\/algarve7.pt\/#website","url":"https:\/\/algarve7.pt\/","name":"Algarve 7","description":"Informa\u00e7\u00e3o sobre o Algarve","publisher":{"@id":"https:\/\/algarve7.pt\/#organization"},"potentialAction":[{"@type":"SearchAction","target":{"@type":"EntryPoint","urlTemplate":"https:\/\/algarve7.pt\/?s={search_term_string}"},"query-input":{"@type":"PropertyValueSpecification","valueRequired":true,"valueName":"search_term_string"}}],"inLanguage":"pt-PT"},{"@type":"Organization","@id":"https:\/\/algarve7.pt\/#organization","name":"Algarve 7","url":"https:\/\/algarve7.pt\/","logo":{"@type":"ImageObject","inLanguage":"pt-PT","@id":"https:\/\/algarve7.pt\/#\/schema\/logo\/image\/","url":"https:\/\/algarve7.pt\/wp-content\/uploads\/2020\/10\/Logo-8.jpg","contentUrl":"https:\/\/algarve7.pt\/wp-content\/uploads\/2020\/10\/Logo-8.jpg","width":1680,"height":1186,"caption":"Algarve 7"},"image":{"@id":"https:\/\/algarve7.pt\/#\/schema\/logo\/image\/"},"sameAs":["https:\/\/www.facebook.com\/algarve7","https:\/\/x.com\/Algarvesete","https:\/\/www.instagram.com\/jornalalgarve7\/","https:\/\/www.linkedin.com\/company\/algarve7","https:\/\/www.pinterest.pt\/geral0939\/_created\/"]},{"@type":"Person","@id":"https:\/\/algarve7.pt\/#\/schema\/person\/23fa70681308e7b319a3204bcea45e0c","name":"Algarve 7","sameAs":["https:\/\/algarve7.pt","https:\/\/www.facebook.com\/algarve7"],"url":"https:\/\/algarve7.pt\/index.php\/author\/geralalgarve7-pt\/"}]}},"jetpack_publicize_connections":[],"jetpack_featured_media_url":"https:\/\/algarve7.pt\/wp-content\/uploads\/2022\/04\/WhatsApp-Image-2022-04-20-at-19.07.25.jpeg","jetpack_shortlink":"https:\/\/wp.me\/pcezmW-4EI","jetpack_sharing_enabled":true,"_links":{"self":[{"href":"https:\/\/algarve7.pt\/index.php\/wp-json\/wp\/v2\/posts\/17900","targetHints":{"allow":["GET"]}}],"collection":[{"href":"https:\/\/algarve7.pt\/index.php\/wp-json\/wp\/v2\/posts"}],"about":[{"href":"https:\/\/algarve7.pt\/index.php\/wp-json\/wp\/v2\/types\/post"}],"author":[{"embeddable":true,"href":"https:\/\/algarve7.pt\/index.php\/wp-json\/wp\/v2\/users\/1"}],"replies":[{"embeddable":true,"href":"https:\/\/algarve7.pt\/index.php\/wp-json\/wp\/v2\/comments?post=17900"}],"version-history":[{"count":0,"href":"https:\/\/algarve7.pt\/index.php\/wp-json\/wp\/v2\/posts\/17900\/revisions"}],"wp:featuredmedia":[{"embeddable":true,"href":"https:\/\/algarve7.pt\/index.php\/wp-json\/wp\/v2\/media\/17901"}],"wp:attachment":[{"href":"https:\/\/algarve7.pt\/index.php\/wp-json\/wp\/v2\/media?parent=17900"}],"wp:term":[{"taxonomy":"category","embeddable":true,"href":"https:\/\/algarve7.pt\/index.php\/wp-json\/wp\/v2\/categories?post=17900"},{"taxonomy":"post_tag","embeddable":true,"href":"https:\/\/algarve7.pt\/index.php\/wp-json\/wp\/v2\/tags?post=17900"}],"curies":[{"name":"wp","href":"https:\/\/api.w.org\/{rel}","templated":true}]}}