{"id":17894,"date":"2022-04-20T12:24:00","date_gmt":"2022-04-20T11:24:00","guid":{"rendered":"https:\/\/algarve7.pt\/?p=17894"},"modified":"2022-04-20T12:24:01","modified_gmt":"2022-04-20T11:24:01","slug":"campanha-de-verao-de-lagos-na-shortlist-dos-sabre-awards","status":"publish","type":"post","link":"https:\/\/algarve7.pt\/index.php\/2022\/04\/campanha-de-verao-de-lagos-na-shortlist-dos-sabre-awards\/turismo\/12\/24\/","title":{"rendered":"Campanha de ver\u00e3o de Lagos na shortlist dos Sabre Awards"},"content":{"rendered":"\n<p>Depois de cinco trof\u00e9us em Portugal, projeto \u00e9 finalista em Londres na categoria de Influencer Marketing<strong>.<\/strong><\/p>\n\n\n\n<p>A campanha de ver\u00e3o de Lagos 2021 \u2013 #WhereAreYouJoao \u2013 est\u00e1 na shortlist dos Sabre Awards, na categoria de \u201cInfluencer Maketing\u201d. Trata-se de uma das mais exigentes competi\u00e7\u00f5es mundiais de comunica\u00e7\u00e3o, promovida pela Provoke Media, e que este ano recebeu cerca de duas mil candidaturas. O projeto, nomeado na regi\u00e3o EMEA (Europa, \u00c1frica e M\u00e9dio Oriente), j\u00e1 venceu este ano cinco galard\u00f5es em Portugal, nos Pr\u00e9mios de Comunica\u00e7\u00e3o Meios &amp; Publicidade, um dos quais ouro, como melhor projeto de Turismo e Viagens. Os vencedores dos Sabre Awards ser\u00e3o revelados a 27 de maio, numa cerim\u00f3nia a decorrer em Londres.<\/p>\n\n\n\n<p>Em 2021, Lagos tinha um desafio: comunicar o destino internacionalmente, atraindo novos visitantes, numa l\u00f3gica de seguran\u00e7a e responsabilidade. Queria destacar o melhor que o concelho tem para oferecer, sem apresentar multid\u00f5es e sem cair nos clich\u00e9s das campanhas de turismo, assim como mostrar a beleza do destino e apelar \u00e0 calma e seguran\u00e7a que Lagos consegue permitir. <\/p>\n\n\n\n<p>Foi desse ponto de partida que a autarquia e a ag\u00eancia Central de Informa\u00e7\u00e3o se lan\u00e7aram na constru\u00e7\u00e3o do conceito. Para isso, convidaram o conhecido viajante e <em>blogger<\/em> de viagens portugu\u00eas, Jo\u00e3o Cajuda, e, a partir dos in\u00fameros locais paradis\u00edacos que visita, constru\u00edram a narrativa. O filme, cujo mote \u00e9 #WhereAreYouJoao, come\u00e7a por explorar muitas dessas paragens internacionais para chegar a Lagos, como destino de elei\u00e7\u00e3o onde ningu\u00e9m pode faltar \u2013 \u201co destino do Jo\u00e3o\u201d. Exalta o melhor de Lagos e a grande diversidade da sua oferta. A campanha foi promovida pela C\u00e2mara Municipal de Lagos, que, com esta a\u00e7\u00e3o, tinha o objetivo claro de fomentar a retoma econ\u00f3mica p\u00f3s-pandemia do concelho.<\/p>\n\n\n\n<p>O filme foi promovido em Portugal e Espanha, atrav\u00e9s das redes sociais, mas, tamb\u00e9m, em Fran\u00e7a, Reino Unido, Alemanha, Rep\u00fablica Checa, Litu\u00e2nia, Pol\u00f3nia e Su\u00e9cia. A campanha gerou mais de 2,5 milh\u00f5es de visualiza\u00e7\u00f5es. Paralelamente, a campanha teve declina\u00e7\u00e3o <em>offline<\/em> em toda a regi\u00e3o e envolveu mais tr\u00eas influenciadores \u2013 Jo\u00e3o Manzarra, Gisela Jo\u00e3o e Jo\u00e3o Amorim \u2013 que amplificaram ainda mais o conceito e que, em conjunto, geraram mais de 100 mil <em>likes<\/em>, 1.500 coment\u00e1rios e 100 mil reencaminhamentos de <em>stories<\/em>. Tudo isto para al\u00e9m do impacto medi\u00e1tico gerado pela publica\u00e7\u00e3o de dezenas de not\u00edcias nos media portugueses.<\/p>\n","protected":false},"excerpt":{"rendered":"<p>Depois de cinco trof\u00e9us em Portugal, projeto \u00e9 finalista em Londres na categoria de Influencer Marketing. A campanha de ver\u00e3o<\/p>\n","protected":false},"author":1,"featured_media":17895,"comment_status":"closed","ping_status":"open","sticky":false,"template":"","format":"standard","meta":{"colormag_page_container_layout":"default_layout","colormag_page_sidebar_layout":"default_layout","_monsterinsights_skip_tracking":false,"_monsterinsights_sitenote_active":false,"_monsterinsights_sitenote_note":"","_monsterinsights_sitenote_category":0,"jetpack_post_was_ever_published":false,"_jetpack_newsletter_access":"","_jetpack_dont_email_post_to_subs":false,"_jetpack_newsletter_tier_id":0,"_jetpack_memberships_contains_paywalled_content":false,"_jetpack_memberships_contains_paid_content":false,"footnotes":"","jetpack_publicize_message":"","jetpack_publicize_feature_enabled":true,"jetpack_social_post_already_shared":true,"jetpack_social_options":{"image_generator_settings":{"template":"highway","default_image_id":0,"font":"","enabled":false},"version":2}},"categories":[17],"tags":[36,68,45],"class_list":["post-17894","post","type-post","status-publish","format-standard","has-post-thumbnail","hentry","category-turismo","tag-algarve","tag-lagos","tag-turismo"],"yoast_head":"<!-- This site is optimized with the Yoast SEO plugin v27.5 - https:\/\/yoast.com\/product\/yoast-seo-wordpress\/ -->\n<title>Campanha de ver\u00e3o de Lagos na shortlist dos Sabre Awards - Algarve 7<\/title>\n<meta name=\"description\" content=\"Campanha de ver\u00e3o de Lagos na shortlist dos Sabre Awards Turismo\" \/>\n<meta name=\"robots\" content=\"index, follow, max-snippet:-1, max-image-preview:large, max-video-preview:-1\" \/>\n<link rel=\"canonical\" href=\"https:\/\/algarve7.pt\/index.php\/2022\/04\/campanha-de-verao-de-lagos-na-shortlist-dos-sabre-awards\/turismo\/12\/24\/\" \/>\n<meta property=\"og:locale\" content=\"pt_PT\" \/>\n<meta property=\"og:type\" content=\"article\" \/>\n<meta property=\"og:title\" content=\"Campanha de ver\u00e3o de Lagos na shortlist dos Sabre Awards - Algarve 7\" \/>\n<meta property=\"og:description\" content=\"Campanha de ver\u00e3o de Lagos na shortlist dos Sabre Awards Turismo\" \/>\n<meta property=\"og:url\" content=\"https:\/\/algarve7.pt\/index.php\/2022\/04\/campanha-de-verao-de-lagos-na-shortlist-dos-sabre-awards\/turismo\/12\/24\/\" \/>\n<meta property=\"og:site_name\" content=\"Algarve 7\" \/>\n<meta property=\"article:publisher\" content=\"https:\/\/www.facebook.com\/algarve7\" \/>\n<meta property=\"article:author\" content=\"https:\/\/www.facebook.com\/algarve7\" \/>\n<meta property=\"article:published_time\" content=\"2022-04-20T11:24:00+00:00\" \/>\n<meta property=\"article:modified_time\" content=\"2022-04-20T11:24:01+00:00\" \/>\n<meta property=\"og:image\" content=\"https:\/\/algarve7.pt\/wp-content\/uploads\/2022\/04\/Lagos-2021_Joao-Cajuda-II.jpg\" \/>\n\t<meta property=\"og:image:width\" content=\"1620\" \/>\n\t<meta property=\"og:image:height\" content=\"912\" \/>\n\t<meta property=\"og:image:type\" content=\"image\/jpeg\" \/>\n<meta name=\"author\" content=\"Algarve 7\" \/>\n<meta name=\"twitter:card\" content=\"summary_large_image\" \/>\n<meta name=\"twitter:creator\" content=\"@Algarvesete\" \/>\n<meta name=\"twitter:site\" content=\"@Algarvesete\" \/>\n<meta name=\"twitter:label1\" content=\"Escrito por\" \/>\n\t<meta name=\"twitter:data1\" content=\"Algarve 7\" \/>\n\t<meta name=\"twitter:label2\" content=\"Tempo estimado de leitura\" \/>\n\t<meta name=\"twitter:data2\" content=\"3 minutos\" \/>\n<script type=\"application\/ld+json\" class=\"yoast-schema-graph\">{\"@context\":\"https:\\\/\\\/schema.org\",\"@graph\":[{\"@type\":\"Article\",\"@id\":\"https:\\\/\\\/algarve7.pt\\\/index.php\\\/2022\\\/04\\\/campanha-de-verao-de-lagos-na-shortlist-dos-sabre-awards\\\/turismo\\\/12\\\/24\\\/#article\",\"isPartOf\":{\"@id\":\"https:\\\/\\\/algarve7.pt\\\/index.php\\\/2022\\\/04\\\/campanha-de-verao-de-lagos-na-shortlist-dos-sabre-awards\\\/turismo\\\/12\\\/24\\\/\"},\"author\":{\"name\":\"Algarve 7\",\"@id\":\"https:\\\/\\\/algarve7.pt\\\/#\\\/schema\\\/person\\\/23fa70681308e7b319a3204bcea45e0c\"},\"headline\":\"Campanha de ver\u00e3o de Lagos na shortlist dos Sabre Awards\",\"datePublished\":\"2022-04-20T11:24:00+00:00\",\"dateModified\":\"2022-04-20T11:24:01+00:00\",\"mainEntityOfPage\":{\"@id\":\"https:\\\/\\\/algarve7.pt\\\/index.php\\\/2022\\\/04\\\/campanha-de-verao-de-lagos-na-shortlist-dos-sabre-awards\\\/turismo\\\/12\\\/24\\\/\"},\"wordCount\":433,\"publisher\":{\"@id\":\"https:\\\/\\\/algarve7.pt\\\/#organization\"},\"image\":{\"@id\":\"https:\\\/\\\/algarve7.pt\\\/index.php\\\/2022\\\/04\\\/campanha-de-verao-de-lagos-na-shortlist-dos-sabre-awards\\\/turismo\\\/12\\\/24\\\/#primaryimage\"},\"thumbnailUrl\":\"https:\\\/\\\/algarve7.pt\\\/wp-content\\\/uploads\\\/2022\\\/04\\\/Lagos-2021_Joao-Cajuda-II.jpg\",\"keywords\":[\"Algarve\",\"Lagos\",\"Turismo\"],\"articleSection\":[\"Turismo\"],\"inLanguage\":\"pt-PT\"},{\"@type\":\"WebPage\",\"@id\":\"https:\\\/\\\/algarve7.pt\\\/index.php\\\/2022\\\/04\\\/campanha-de-verao-de-lagos-na-shortlist-dos-sabre-awards\\\/turismo\\\/12\\\/24\\\/\",\"url\":\"https:\\\/\\\/algarve7.pt\\\/index.php\\\/2022\\\/04\\\/campanha-de-verao-de-lagos-na-shortlist-dos-sabre-awards\\\/turismo\\\/12\\\/24\\\/\",\"name\":\"Campanha de ver\u00e3o de Lagos na shortlist dos Sabre Awards - Algarve 7\",\"isPartOf\":{\"@id\":\"https:\\\/\\\/algarve7.pt\\\/#website\"},\"primaryImageOfPage\":{\"@id\":\"https:\\\/\\\/algarve7.pt\\\/index.php\\\/2022\\\/04\\\/campanha-de-verao-de-lagos-na-shortlist-dos-sabre-awards\\\/turismo\\\/12\\\/24\\\/#primaryimage\"},\"image\":{\"@id\":\"https:\\\/\\\/algarve7.pt\\\/index.php\\\/2022\\\/04\\\/campanha-de-verao-de-lagos-na-shortlist-dos-sabre-awards\\\/turismo\\\/12\\\/24\\\/#primaryimage\"},\"thumbnailUrl\":\"https:\\\/\\\/algarve7.pt\\\/wp-content\\\/uploads\\\/2022\\\/04\\\/Lagos-2021_Joao-Cajuda-II.jpg\",\"datePublished\":\"2022-04-20T11:24:00+00:00\",\"dateModified\":\"2022-04-20T11:24:01+00:00\",\"description\":\"Campanha de ver\u00e3o de Lagos na shortlist dos Sabre Awards Turismo\",\"breadcrumb\":{\"@id\":\"https:\\\/\\\/algarve7.pt\\\/index.php\\\/2022\\\/04\\\/campanha-de-verao-de-lagos-na-shortlist-dos-sabre-awards\\\/turismo\\\/12\\\/24\\\/#breadcrumb\"},\"inLanguage\":\"pt-PT\",\"potentialAction\":[{\"@type\":\"ReadAction\",\"target\":[\"https:\\\/\\\/algarve7.pt\\\/index.php\\\/2022\\\/04\\\/campanha-de-verao-de-lagos-na-shortlist-dos-sabre-awards\\\/turismo\\\/12\\\/24\\\/\"]}]},{\"@type\":\"ImageObject\",\"inLanguage\":\"pt-PT\",\"@id\":\"https:\\\/\\\/algarve7.pt\\\/index.php\\\/2022\\\/04\\\/campanha-de-verao-de-lagos-na-shortlist-dos-sabre-awards\\\/turismo\\\/12\\\/24\\\/#primaryimage\",\"url\":\"https:\\\/\\\/algarve7.pt\\\/wp-content\\\/uploads\\\/2022\\\/04\\\/Lagos-2021_Joao-Cajuda-II.jpg\",\"contentUrl\":\"https:\\\/\\\/algarve7.pt\\\/wp-content\\\/uploads\\\/2022\\\/04\\\/Lagos-2021_Joao-Cajuda-II.jpg\",\"width\":1620,\"height\":912},{\"@type\":\"BreadcrumbList\",\"@id\":\"https:\\\/\\\/algarve7.pt\\\/index.php\\\/2022\\\/04\\\/campanha-de-verao-de-lagos-na-shortlist-dos-sabre-awards\\\/turismo\\\/12\\\/24\\\/#breadcrumb\",\"itemListElement\":[{\"@type\":\"ListItem\",\"position\":1,\"name\":\"In\u00edcio\",\"item\":\"https:\\\/\\\/algarve7.pt\\\/\"},{\"@type\":\"ListItem\",\"position\":2,\"name\":\"Campanha de ver\u00e3o de Lagos na shortlist dos Sabre Awards\"}]},{\"@type\":\"WebSite\",\"@id\":\"https:\\\/\\\/algarve7.pt\\\/#website\",\"url\":\"https:\\\/\\\/algarve7.pt\\\/\",\"name\":\"Algarve 7\",\"description\":\"Informa\u00e7\u00e3o sobre o Algarve\",\"publisher\":{\"@id\":\"https:\\\/\\\/algarve7.pt\\\/#organization\"},\"potentialAction\":[{\"@type\":\"SearchAction\",\"target\":{\"@type\":\"EntryPoint\",\"urlTemplate\":\"https:\\\/\\\/algarve7.pt\\\/?s={search_term_string}\"},\"query-input\":{\"@type\":\"PropertyValueSpecification\",\"valueRequired\":true,\"valueName\":\"search_term_string\"}}],\"inLanguage\":\"pt-PT\"},{\"@type\":\"Organization\",\"@id\":\"https:\\\/\\\/algarve7.pt\\\/#organization\",\"name\":\"Algarve 7\",\"url\":\"https:\\\/\\\/algarve7.pt\\\/\",\"logo\":{\"@type\":\"ImageObject\",\"inLanguage\":\"pt-PT\",\"@id\":\"https:\\\/\\\/algarve7.pt\\\/#\\\/schema\\\/logo\\\/image\\\/\",\"url\":\"https:\\\/\\\/algarve7.pt\\\/wp-content\\\/uploads\\\/2020\\\/10\\\/Logo-8.jpg\",\"contentUrl\":\"https:\\\/\\\/algarve7.pt\\\/wp-content\\\/uploads\\\/2020\\\/10\\\/Logo-8.jpg\",\"width\":1680,\"height\":1186,\"caption\":\"Algarve 7\"},\"image\":{\"@id\":\"https:\\\/\\\/algarve7.pt\\\/#\\\/schema\\\/logo\\\/image\\\/\"},\"sameAs\":[\"https:\\\/\\\/www.facebook.com\\\/algarve7\",\"https:\\\/\\\/x.com\\\/Algarvesete\",\"https:\\\/\\\/www.instagram.com\\\/jornalalgarve7\\\/\",\"https:\\\/\\\/www.linkedin.com\\\/company\\\/algarve7\",\"https:\\\/\\\/www.pinterest.pt\\\/geral0939\\\/_created\\\/\"]},{\"@type\":\"Person\",\"@id\":\"https:\\\/\\\/algarve7.pt\\\/#\\\/schema\\\/person\\\/23fa70681308e7b319a3204bcea45e0c\",\"name\":\"Algarve 7\",\"sameAs\":[\"https:\\\/\\\/algarve7.pt\",\"https:\\\/\\\/www.facebook.com\\\/algarve7\"],\"url\":\"https:\\\/\\\/algarve7.pt\\\/index.php\\\/author\\\/geralalgarve7-pt\\\/\"}]}<\/script>\n<!-- \/ Yoast SEO plugin. -->","yoast_head_json":{"title":"Campanha de ver\u00e3o de Lagos na shortlist dos Sabre Awards - Algarve 7","description":"Campanha de ver\u00e3o de Lagos na shortlist dos Sabre Awards Turismo","robots":{"index":"index","follow":"follow","max-snippet":"max-snippet:-1","max-image-preview":"max-image-preview:large","max-video-preview":"max-video-preview:-1"},"canonical":"https:\/\/algarve7.pt\/index.php\/2022\/04\/campanha-de-verao-de-lagos-na-shortlist-dos-sabre-awards\/turismo\/12\/24\/","og_locale":"pt_PT","og_type":"article","og_title":"Campanha de ver\u00e3o de Lagos na shortlist dos Sabre Awards - Algarve 7","og_description":"Campanha de ver\u00e3o de Lagos na shortlist dos Sabre Awards Turismo","og_url":"https:\/\/algarve7.pt\/index.php\/2022\/04\/campanha-de-verao-de-lagos-na-shortlist-dos-sabre-awards\/turismo\/12\/24\/","og_site_name":"Algarve 7","article_publisher":"https:\/\/www.facebook.com\/algarve7","article_author":"https:\/\/www.facebook.com\/algarve7","article_published_time":"2022-04-20T11:24:00+00:00","article_modified_time":"2022-04-20T11:24:01+00:00","og_image":[{"width":1620,"height":912,"url":"https:\/\/algarve7.pt\/wp-content\/uploads\/2022\/04\/Lagos-2021_Joao-Cajuda-II.jpg","type":"image\/jpeg"}],"author":"Algarve 7","twitter_card":"summary_large_image","twitter_creator":"@Algarvesete","twitter_site":"@Algarvesete","twitter_misc":{"Escrito por":"Algarve 7","Tempo estimado de leitura":"3 minutos"},"schema":{"@context":"https:\/\/schema.org","@graph":[{"@type":"Article","@id":"https:\/\/algarve7.pt\/index.php\/2022\/04\/campanha-de-verao-de-lagos-na-shortlist-dos-sabre-awards\/turismo\/12\/24\/#article","isPartOf":{"@id":"https:\/\/algarve7.pt\/index.php\/2022\/04\/campanha-de-verao-de-lagos-na-shortlist-dos-sabre-awards\/turismo\/12\/24\/"},"author":{"name":"Algarve 7","@id":"https:\/\/algarve7.pt\/#\/schema\/person\/23fa70681308e7b319a3204bcea45e0c"},"headline":"Campanha de ver\u00e3o de Lagos na shortlist dos Sabre Awards","datePublished":"2022-04-20T11:24:00+00:00","dateModified":"2022-04-20T11:24:01+00:00","mainEntityOfPage":{"@id":"https:\/\/algarve7.pt\/index.php\/2022\/04\/campanha-de-verao-de-lagos-na-shortlist-dos-sabre-awards\/turismo\/12\/24\/"},"wordCount":433,"publisher":{"@id":"https:\/\/algarve7.pt\/#organization"},"image":{"@id":"https:\/\/algarve7.pt\/index.php\/2022\/04\/campanha-de-verao-de-lagos-na-shortlist-dos-sabre-awards\/turismo\/12\/24\/#primaryimage"},"thumbnailUrl":"https:\/\/algarve7.pt\/wp-content\/uploads\/2022\/04\/Lagos-2021_Joao-Cajuda-II.jpg","keywords":["Algarve","Lagos","Turismo"],"articleSection":["Turismo"],"inLanguage":"pt-PT"},{"@type":"WebPage","@id":"https:\/\/algarve7.pt\/index.php\/2022\/04\/campanha-de-verao-de-lagos-na-shortlist-dos-sabre-awards\/turismo\/12\/24\/","url":"https:\/\/algarve7.pt\/index.php\/2022\/04\/campanha-de-verao-de-lagos-na-shortlist-dos-sabre-awards\/turismo\/12\/24\/","name":"Campanha de ver\u00e3o de Lagos na shortlist dos Sabre Awards - Algarve 7","isPartOf":{"@id":"https:\/\/algarve7.pt\/#website"},"primaryImageOfPage":{"@id":"https:\/\/algarve7.pt\/index.php\/2022\/04\/campanha-de-verao-de-lagos-na-shortlist-dos-sabre-awards\/turismo\/12\/24\/#primaryimage"},"image":{"@id":"https:\/\/algarve7.pt\/index.php\/2022\/04\/campanha-de-verao-de-lagos-na-shortlist-dos-sabre-awards\/turismo\/12\/24\/#primaryimage"},"thumbnailUrl":"https:\/\/algarve7.pt\/wp-content\/uploads\/2022\/04\/Lagos-2021_Joao-Cajuda-II.jpg","datePublished":"2022-04-20T11:24:00+00:00","dateModified":"2022-04-20T11:24:01+00:00","description":"Campanha de ver\u00e3o de Lagos na shortlist dos Sabre Awards Turismo","breadcrumb":{"@id":"https:\/\/algarve7.pt\/index.php\/2022\/04\/campanha-de-verao-de-lagos-na-shortlist-dos-sabre-awards\/turismo\/12\/24\/#breadcrumb"},"inLanguage":"pt-PT","potentialAction":[{"@type":"ReadAction","target":["https:\/\/algarve7.pt\/index.php\/2022\/04\/campanha-de-verao-de-lagos-na-shortlist-dos-sabre-awards\/turismo\/12\/24\/"]}]},{"@type":"ImageObject","inLanguage":"pt-PT","@id":"https:\/\/algarve7.pt\/index.php\/2022\/04\/campanha-de-verao-de-lagos-na-shortlist-dos-sabre-awards\/turismo\/12\/24\/#primaryimage","url":"https:\/\/algarve7.pt\/wp-content\/uploads\/2022\/04\/Lagos-2021_Joao-Cajuda-II.jpg","contentUrl":"https:\/\/algarve7.pt\/wp-content\/uploads\/2022\/04\/Lagos-2021_Joao-Cajuda-II.jpg","width":1620,"height":912},{"@type":"BreadcrumbList","@id":"https:\/\/algarve7.pt\/index.php\/2022\/04\/campanha-de-verao-de-lagos-na-shortlist-dos-sabre-awards\/turismo\/12\/24\/#breadcrumb","itemListElement":[{"@type":"ListItem","position":1,"name":"In\u00edcio","item":"https:\/\/algarve7.pt\/"},{"@type":"ListItem","position":2,"name":"Campanha de ver\u00e3o de Lagos na shortlist dos Sabre Awards"}]},{"@type":"WebSite","@id":"https:\/\/algarve7.pt\/#website","url":"https:\/\/algarve7.pt\/","name":"Algarve 7","description":"Informa\u00e7\u00e3o sobre o Algarve","publisher":{"@id":"https:\/\/algarve7.pt\/#organization"},"potentialAction":[{"@type":"SearchAction","target":{"@type":"EntryPoint","urlTemplate":"https:\/\/algarve7.pt\/?s={search_term_string}"},"query-input":{"@type":"PropertyValueSpecification","valueRequired":true,"valueName":"search_term_string"}}],"inLanguage":"pt-PT"},{"@type":"Organization","@id":"https:\/\/algarve7.pt\/#organization","name":"Algarve 7","url":"https:\/\/algarve7.pt\/","logo":{"@type":"ImageObject","inLanguage":"pt-PT","@id":"https:\/\/algarve7.pt\/#\/schema\/logo\/image\/","url":"https:\/\/algarve7.pt\/wp-content\/uploads\/2020\/10\/Logo-8.jpg","contentUrl":"https:\/\/algarve7.pt\/wp-content\/uploads\/2020\/10\/Logo-8.jpg","width":1680,"height":1186,"caption":"Algarve 7"},"image":{"@id":"https:\/\/algarve7.pt\/#\/schema\/logo\/image\/"},"sameAs":["https:\/\/www.facebook.com\/algarve7","https:\/\/x.com\/Algarvesete","https:\/\/www.instagram.com\/jornalalgarve7\/","https:\/\/www.linkedin.com\/company\/algarve7","https:\/\/www.pinterest.pt\/geral0939\/_created\/"]},{"@type":"Person","@id":"https:\/\/algarve7.pt\/#\/schema\/person\/23fa70681308e7b319a3204bcea45e0c","name":"Algarve 7","sameAs":["https:\/\/algarve7.pt","https:\/\/www.facebook.com\/algarve7"],"url":"https:\/\/algarve7.pt\/index.php\/author\/geralalgarve7-pt\/"}]}},"jetpack_publicize_connections":[],"jetpack_featured_media_url":"https:\/\/algarve7.pt\/wp-content\/uploads\/2022\/04\/Lagos-2021_Joao-Cajuda-II.jpg","jetpack_shortlink":"https:\/\/wp.me\/pcezmW-4EC","jetpack_sharing_enabled":true,"_links":{"self":[{"href":"https:\/\/algarve7.pt\/index.php\/wp-json\/wp\/v2\/posts\/17894","targetHints":{"allow":["GET"]}}],"collection":[{"href":"https:\/\/algarve7.pt\/index.php\/wp-json\/wp\/v2\/posts"}],"about":[{"href":"https:\/\/algarve7.pt\/index.php\/wp-json\/wp\/v2\/types\/post"}],"author":[{"embeddable":true,"href":"https:\/\/algarve7.pt\/index.php\/wp-json\/wp\/v2\/users\/1"}],"replies":[{"embeddable":true,"href":"https:\/\/algarve7.pt\/index.php\/wp-json\/wp\/v2\/comments?post=17894"}],"version-history":[{"count":0,"href":"https:\/\/algarve7.pt\/index.php\/wp-json\/wp\/v2\/posts\/17894\/revisions"}],"wp:featuredmedia":[{"embeddable":true,"href":"https:\/\/algarve7.pt\/index.php\/wp-json\/wp\/v2\/media\/17895"}],"wp:attachment":[{"href":"https:\/\/algarve7.pt\/index.php\/wp-json\/wp\/v2\/media?parent=17894"}],"wp:term":[{"taxonomy":"category","embeddable":true,"href":"https:\/\/algarve7.pt\/index.php\/wp-json\/wp\/v2\/categories?post=17894"},{"taxonomy":"post_tag","embeddable":true,"href":"https:\/\/algarve7.pt\/index.php\/wp-json\/wp\/v2\/tags?post=17894"}],"curies":[{"name":"wp","href":"https:\/\/api.w.org\/{rel}","templated":true}]}}