{"id":17888,"date":"2022-04-20T08:31:49","date_gmt":"2022-04-20T07:31:49","guid":{"rendered":"https:\/\/algarve7.pt\/?p=17888"},"modified":"2022-04-20T08:31:51","modified_gmt":"2022-04-20T07:31:51","slug":"ars-algarve-renova-contratos-programa-em-14-unidades-de-internamento-de-cuidados-continuados-integrados-da-regiao","status":"publish","type":"post","link":"https:\/\/algarve7.pt\/index.php\/2022\/04\/ars-algarve-renova-contratos-programa-em-14-unidades-de-internamento-de-cuidados-continuados-integrados-da-regiao\/saude\/08\/31\/","title":{"rendered":"ARS Algarve renova contratos-programa em 14 unidades de internamento de cuidados continuados integrados da regi\u00e3o"},"content":{"rendered":"\n<p>Sete Unidades de Longa Dura\u00e7\u00e3o e Manuten\u00e7\u00e3o, cinco Unidades de M\u00e9dia Dura\u00e7\u00e3o e Reabilita\u00e7\u00e3o, duas de Convalescen\u00e7a no \u00e2mbito da Rede Nacional de Cuidados Continuados Integrados (RNCCI) do Algarve, celebraram a renova\u00e7\u00e3o dos contratos-programa com a Administra\u00e7\u00e3o Regional de Sa\u00fade do Algarve (ARS Algarve), durante os meses de mar\u00e7o e abril.&nbsp;&nbsp;<\/p>\n\n\n\n<p>As cerim\u00f3nias da assinatura de protocolos decorreram na sede da ARS Algarve na presen\u00e7a do Presidente do Conselho Diretivo da ARS Algarve, Paulo Morgado, da Diretora do Centro Distrital de Faro do Instituto de Seguran\u00e7a Social, Margarida Flores, da Coordenadora da Equipa de Coordena\u00e7\u00e3o Regional dos Cuidados Continuados Integrados do Algarve, Fernanda Faleiro, e dos representantes de cada uma das Unidades de Internamento.&nbsp;&nbsp;<\/p>\n\n\n\n<p>As renova\u00e7\u00f5es de contratos-programa realizadas foram com as seguintes unidades:&nbsp;&nbsp;<\/p>\n\n\n\n<ul class=\"wp-block-list\"><li>2 Unidades da Funda\u00e7\u00e3o Algarvia de Desenvolvimento Social, em Estoi, uma de Longa Dura\u00e7\u00e3o e Manuten\u00e7\u00e3o e uma de M\u00e9dia Dura\u00e7\u00e3o e Reabilita\u00e7\u00e3o;&nbsp;<\/li><li>1 Unidade de M\u00e9dia Dura\u00e7\u00e3o e Reabilita\u00e7\u00e3o de Olh\u00e3o, da Associa\u00e7\u00e3o Cultural e de Apoio Social de Olh\u00e3o;&nbsp;<\/li><li>1 Unidade de M\u00e9dia Dura\u00e7\u00e3o e Reabilita\u00e7\u00e3o de Loul\u00e9, da Santa Casa da Miseric\u00f3rdia de Loul\u00e9;&nbsp;<\/li><li>2 Unidades da Al-Vita, PRO-FN, Servi\u00e7os de Sa\u00fade, uma de Convalescen\u00e7a e uma de M\u00e9dia Dura\u00e7\u00e3o e Reabilita\u00e7\u00e3o em Portim\u00e3o;&nbsp;<\/li><li>2 Unidades da Santa Casa da Miseric\u00f3rdia de Portim\u00e3o, uma de Convalescen\u00e7a e uma de M\u00e9dia Dura\u00e7\u00e3o e Reabilita\u00e7\u00e3o;&nbsp;<\/li><li>1 Unidade de Longa Dura\u00e7\u00e3o e Manuten\u00e7\u00e3o no Algoz, do Lar Quinta de S\u00e3o Sebasti\u00e3o;<\/li><li>1 Unidade de Longa Dura\u00e7\u00e3o e Manuten\u00e7\u00e3o, em Castro Marim, da Associa\u00e7\u00e3o de Bem Estar Social da Freguesia do Azinhal;&nbsp;&nbsp;<\/li><li>1 Unidade de Longa Dura\u00e7\u00e3o e Manuten\u00e7\u00e3o, no concelho de Aljezur, da Casa da Crian\u00e7a do Rogil;&nbsp;&nbsp;<\/li><li>1 Unidade de Longa Dura\u00e7\u00e3o e Manuten\u00e7\u00e3o em Santa Catarina da Fonte do Bispo, da&nbsp;Cruz Vermelha Portuguesa &#8211; Centro Humanit\u00e1rio de Tavira;&nbsp;&nbsp;<\/li><li>1 Unidade de Longa Dura\u00e7\u00e3o e Manuten\u00e7\u00e3o da&nbsp;Santa Casa da Miseric\u00f3rdia de&nbsp;Faro;&nbsp;<\/li><li>1 Unidade de Longa Dura\u00e7\u00e3o e Manuten\u00e7\u00e3o da&nbsp;Santa Casa da Miseric\u00f3rdia de&nbsp;Est\u00f4mbar, em Lagoa.&nbsp;<br><br><\/li><\/ul>\n\n\n\n<p>No \u00e2mbito da RNCCI, a regi\u00e3o do Algarve disp\u00f5e atualmente de um total de 532 camas, sendo 74 de convalescen\u00e7a, 142 para internamentos de m\u00e9dia dura\u00e7\u00e3o e reabilita\u00e7\u00e3o e de 316 para internamentos de longa dura\u00e7\u00e3o e manuten\u00e7\u00e3o. &nbsp;&nbsp;<\/p>\n","protected":false},"excerpt":{"rendered":"<p>Sete Unidades de Longa Dura\u00e7\u00e3o e Manuten\u00e7\u00e3o, cinco Unidades de M\u00e9dia Dura\u00e7\u00e3o e Reabilita\u00e7\u00e3o, duas de Convalescen\u00e7a no \u00e2mbito da<\/p>\n","protected":false},"author":1,"featured_media":17889,"comment_status":"closed","ping_status":"open","sticky":false,"template":"","format":"standard","meta":{"colormag_page_container_layout":"default_layout","colormag_page_sidebar_layout":"default_layout","_monsterinsights_skip_tracking":false,"_monsterinsights_sitenote_active":false,"_monsterinsights_sitenote_note":"","_monsterinsights_sitenote_category":0,"jetpack_post_was_ever_published":false,"_jetpack_newsletter_access":"","_jetpack_dont_email_post_to_subs":false,"_jetpack_newsletter_tier_id":0,"_jetpack_memberships_contains_paywalled_content":false,"_jetpack_memberships_contains_paid_content":false,"footnotes":"","jetpack_publicize_message":"","jetpack_publicize_feature_enabled":true,"jetpack_social_post_already_shared":true,"jetpack_social_options":{"image_generator_settings":{"template":"highway","default_image_id":0,"font":"","enabled":false},"version":2}},"categories":[59],"tags":[36,82,58],"class_list":["post-17888","post","type-post","status-publish","format-standard","has-post-thumbnail","hentry","category-saude","tag-algarve","tag-ars","tag-saude"],"yoast_head":"<!-- This site is optimized with the Yoast SEO plugin v27.5 - https:\/\/yoast.com\/product\/yoast-seo-wordpress\/ -->\n<title>ARS Algarve renova contratos-programa em 14 unidades de internamento de cuidados continuados integrados da regi\u00e3o - Algarve 7<\/title>\n<meta name=\"description\" content=\"ARS Algarve renova contratos-programa em 14 unidades de internamento de cuidados continuados integrados da regi\u00e3o Sa\u00fade\" \/>\n<meta name=\"robots\" content=\"index, follow, max-snippet:-1, max-image-preview:large, max-video-preview:-1\" \/>\n<link rel=\"canonical\" href=\"https:\/\/algarve7.pt\/index.php\/2022\/04\/ars-algarve-renova-contratos-programa-em-14-unidades-de-internamento-de-cuidados-continuados-integrados-da-regiao\/saude\/08\/31\/\" \/>\n<meta property=\"og:locale\" content=\"pt_PT\" \/>\n<meta property=\"og:type\" content=\"article\" \/>\n<meta property=\"og:title\" content=\"ARS Algarve renova contratos-programa em 14 unidades de internamento de cuidados continuados integrados da regi\u00e3o - Algarve 7\" \/>\n<meta property=\"og:description\" content=\"ARS Algarve renova contratos-programa em 14 unidades de internamento de cuidados continuados integrados da regi\u00e3o Sa\u00fade\" \/>\n<meta property=\"og:url\" content=\"https:\/\/algarve7.pt\/index.php\/2022\/04\/ars-algarve-renova-contratos-programa-em-14-unidades-de-internamento-de-cuidados-continuados-integrados-da-regiao\/saude\/08\/31\/\" \/>\n<meta property=\"og:site_name\" content=\"Algarve 7\" \/>\n<meta property=\"article:publisher\" content=\"https:\/\/www.facebook.com\/algarve7\" \/>\n<meta property=\"article:author\" content=\"https:\/\/www.facebook.com\/algarve7\" \/>\n<meta property=\"article:published_time\" content=\"2022-04-20T07:31:49+00:00\" \/>\n<meta property=\"article:modified_time\" content=\"2022-04-20T07:31:51+00:00\" \/>\n<meta property=\"og:image\" content=\"https:\/\/algarve7.pt\/wp-content\/uploads\/2022\/04\/12abril.jpg\" \/>\n\t<meta property=\"og:image:width\" content=\"1200\" \/>\n\t<meta property=\"og:image:height\" content=\"759\" \/>\n\t<meta property=\"og:image:type\" content=\"image\/jpeg\" \/>\n<meta name=\"author\" content=\"Algarve 7\" \/>\n<meta name=\"twitter:card\" content=\"summary_large_image\" \/>\n<meta name=\"twitter:creator\" content=\"@Algarvesete\" \/>\n<meta name=\"twitter:site\" content=\"@Algarvesete\" \/>\n<meta name=\"twitter:label1\" content=\"Escrito por\" \/>\n\t<meta name=\"twitter:data1\" content=\"Algarve 7\" \/>\n\t<meta name=\"twitter:label2\" content=\"Tempo estimado de leitura\" \/>\n\t<meta name=\"twitter:data2\" content=\"2 minutos\" \/>\n<script type=\"application\/ld+json\" class=\"yoast-schema-graph\">{\"@context\":\"https:\\\/\\\/schema.org\",\"@graph\":[{\"@type\":\"Article\",\"@id\":\"https:\\\/\\\/algarve7.pt\\\/index.php\\\/2022\\\/04\\\/ars-algarve-renova-contratos-programa-em-14-unidades-de-internamento-de-cuidados-continuados-integrados-da-regiao\\\/saude\\\/08\\\/31\\\/#article\",\"isPartOf\":{\"@id\":\"https:\\\/\\\/algarve7.pt\\\/index.php\\\/2022\\\/04\\\/ars-algarve-renova-contratos-programa-em-14-unidades-de-internamento-de-cuidados-continuados-integrados-da-regiao\\\/saude\\\/08\\\/31\\\/\"},\"author\":{\"name\":\"Algarve 7\",\"@id\":\"https:\\\/\\\/algarve7.pt\\\/#\\\/schema\\\/person\\\/23fa70681308e7b319a3204bcea45e0c\"},\"headline\":\"ARS Algarve renova contratos-programa em 14 unidades de internamento de cuidados continuados integrados da regi\u00e3o\",\"datePublished\":\"2022-04-20T07:31:49+00:00\",\"dateModified\":\"2022-04-20T07:31:51+00:00\",\"mainEntityOfPage\":{\"@id\":\"https:\\\/\\\/algarve7.pt\\\/index.php\\\/2022\\\/04\\\/ars-algarve-renova-contratos-programa-em-14-unidades-de-internamento-de-cuidados-continuados-integrados-da-regiao\\\/saude\\\/08\\\/31\\\/\"},\"wordCount\":461,\"publisher\":{\"@id\":\"https:\\\/\\\/algarve7.pt\\\/#organization\"},\"image\":{\"@id\":\"https:\\\/\\\/algarve7.pt\\\/index.php\\\/2022\\\/04\\\/ars-algarve-renova-contratos-programa-em-14-unidades-de-internamento-de-cuidados-continuados-integrados-da-regiao\\\/saude\\\/08\\\/31\\\/#primaryimage\"},\"thumbnailUrl\":\"https:\\\/\\\/algarve7.pt\\\/wp-content\\\/uploads\\\/2022\\\/04\\\/12abril.jpg\",\"keywords\":[\"Algarve\",\"ARS\",\"Sa\u00fade\"],\"articleSection\":[\"Sa\u00fade\"],\"inLanguage\":\"pt-PT\"},{\"@type\":\"WebPage\",\"@id\":\"https:\\\/\\\/algarve7.pt\\\/index.php\\\/2022\\\/04\\\/ars-algarve-renova-contratos-programa-em-14-unidades-de-internamento-de-cuidados-continuados-integrados-da-regiao\\\/saude\\\/08\\\/31\\\/\",\"url\":\"https:\\\/\\\/algarve7.pt\\\/index.php\\\/2022\\\/04\\\/ars-algarve-renova-contratos-programa-em-14-unidades-de-internamento-de-cuidados-continuados-integrados-da-regiao\\\/saude\\\/08\\\/31\\\/\",\"name\":\"ARS Algarve renova contratos-programa em 14 unidades de internamento de cuidados continuados integrados da regi\u00e3o - Algarve 7\",\"isPartOf\":{\"@id\":\"https:\\\/\\\/algarve7.pt\\\/#website\"},\"primaryImageOfPage\":{\"@id\":\"https:\\\/\\\/algarve7.pt\\\/index.php\\\/2022\\\/04\\\/ars-algarve-renova-contratos-programa-em-14-unidades-de-internamento-de-cuidados-continuados-integrados-da-regiao\\\/saude\\\/08\\\/31\\\/#primaryimage\"},\"image\":{\"@id\":\"https:\\\/\\\/algarve7.pt\\\/index.php\\\/2022\\\/04\\\/ars-algarve-renova-contratos-programa-em-14-unidades-de-internamento-de-cuidados-continuados-integrados-da-regiao\\\/saude\\\/08\\\/31\\\/#primaryimage\"},\"thumbnailUrl\":\"https:\\\/\\\/algarve7.pt\\\/wp-content\\\/uploads\\\/2022\\\/04\\\/12abril.jpg\",\"datePublished\":\"2022-04-20T07:31:49+00:00\",\"dateModified\":\"2022-04-20T07:31:51+00:00\",\"description\":\"ARS Algarve renova contratos-programa em 14 unidades de internamento de cuidados continuados integrados da regi\u00e3o Sa\u00fade\",\"breadcrumb\":{\"@id\":\"https:\\\/\\\/algarve7.pt\\\/index.php\\\/2022\\\/04\\\/ars-algarve-renova-contratos-programa-em-14-unidades-de-internamento-de-cuidados-continuados-integrados-da-regiao\\\/saude\\\/08\\\/31\\\/#breadcrumb\"},\"inLanguage\":\"pt-PT\",\"potentialAction\":[{\"@type\":\"ReadAction\",\"target\":[\"https:\\\/\\\/algarve7.pt\\\/index.php\\\/2022\\\/04\\\/ars-algarve-renova-contratos-programa-em-14-unidades-de-internamento-de-cuidados-continuados-integrados-da-regiao\\\/saude\\\/08\\\/31\\\/\"]}]},{\"@type\":\"ImageObject\",\"inLanguage\":\"pt-PT\",\"@id\":\"https:\\\/\\\/algarve7.pt\\\/index.php\\\/2022\\\/04\\\/ars-algarve-renova-contratos-programa-em-14-unidades-de-internamento-de-cuidados-continuados-integrados-da-regiao\\\/saude\\\/08\\\/31\\\/#primaryimage\",\"url\":\"https:\\\/\\\/algarve7.pt\\\/wp-content\\\/uploads\\\/2022\\\/04\\\/12abril.jpg\",\"contentUrl\":\"https:\\\/\\\/algarve7.pt\\\/wp-content\\\/uploads\\\/2022\\\/04\\\/12abril.jpg\",\"width\":1200,\"height\":759},{\"@type\":\"BreadcrumbList\",\"@id\":\"https:\\\/\\\/algarve7.pt\\\/index.php\\\/2022\\\/04\\\/ars-algarve-renova-contratos-programa-em-14-unidades-de-internamento-de-cuidados-continuados-integrados-da-regiao\\\/saude\\\/08\\\/31\\\/#breadcrumb\",\"itemListElement\":[{\"@type\":\"ListItem\",\"position\":1,\"name\":\"In\u00edcio\",\"item\":\"https:\\\/\\\/algarve7.pt\\\/\"},{\"@type\":\"ListItem\",\"position\":2,\"name\":\"ARS Algarve renova contratos-programa em 14 unidades de internamento de cuidados continuados integrados da regi\u00e3o\"}]},{\"@type\":\"WebSite\",\"@id\":\"https:\\\/\\\/algarve7.pt\\\/#website\",\"url\":\"https:\\\/\\\/algarve7.pt\\\/\",\"name\":\"Algarve 7\",\"description\":\"Informa\u00e7\u00e3o sobre o Algarve\",\"publisher\":{\"@id\":\"https:\\\/\\\/algarve7.pt\\\/#organization\"},\"potentialAction\":[{\"@type\":\"SearchAction\",\"target\":{\"@type\":\"EntryPoint\",\"urlTemplate\":\"https:\\\/\\\/algarve7.pt\\\/?s={search_term_string}\"},\"query-input\":{\"@type\":\"PropertyValueSpecification\",\"valueRequired\":true,\"valueName\":\"search_term_string\"}}],\"inLanguage\":\"pt-PT\"},{\"@type\":\"Organization\",\"@id\":\"https:\\\/\\\/algarve7.pt\\\/#organization\",\"name\":\"Algarve 7\",\"url\":\"https:\\\/\\\/algarve7.pt\\\/\",\"logo\":{\"@type\":\"ImageObject\",\"inLanguage\":\"pt-PT\",\"@id\":\"https:\\\/\\\/algarve7.pt\\\/#\\\/schema\\\/logo\\\/image\\\/\",\"url\":\"https:\\\/\\\/algarve7.pt\\\/wp-content\\\/uploads\\\/2020\\\/10\\\/Logo-8.jpg\",\"contentUrl\":\"https:\\\/\\\/algarve7.pt\\\/wp-content\\\/uploads\\\/2020\\\/10\\\/Logo-8.jpg\",\"width\":1680,\"height\":1186,\"caption\":\"Algarve 7\"},\"image\":{\"@id\":\"https:\\\/\\\/algarve7.pt\\\/#\\\/schema\\\/logo\\\/image\\\/\"},\"sameAs\":[\"https:\\\/\\\/www.facebook.com\\\/algarve7\",\"https:\\\/\\\/x.com\\\/Algarvesete\",\"https:\\\/\\\/www.instagram.com\\\/jornalalgarve7\\\/\",\"https:\\\/\\\/www.linkedin.com\\\/company\\\/algarve7\",\"https:\\\/\\\/www.pinterest.pt\\\/geral0939\\\/_created\\\/\"]},{\"@type\":\"Person\",\"@id\":\"https:\\\/\\\/algarve7.pt\\\/#\\\/schema\\\/person\\\/23fa70681308e7b319a3204bcea45e0c\",\"name\":\"Algarve 7\",\"sameAs\":[\"https:\\\/\\\/algarve7.pt\",\"https:\\\/\\\/www.facebook.com\\\/algarve7\"],\"url\":\"https:\\\/\\\/algarve7.pt\\\/index.php\\\/author\\\/geralalgarve7-pt\\\/\"}]}<\/script>\n<!-- \/ Yoast SEO plugin. -->","yoast_head_json":{"title":"ARS Algarve renova contratos-programa em 14 unidades de internamento de cuidados continuados integrados da regi\u00e3o - Algarve 7","description":"ARS Algarve renova contratos-programa em 14 unidades de internamento de cuidados continuados integrados da regi\u00e3o Sa\u00fade","robots":{"index":"index","follow":"follow","max-snippet":"max-snippet:-1","max-image-preview":"max-image-preview:large","max-video-preview":"max-video-preview:-1"},"canonical":"https:\/\/algarve7.pt\/index.php\/2022\/04\/ars-algarve-renova-contratos-programa-em-14-unidades-de-internamento-de-cuidados-continuados-integrados-da-regiao\/saude\/08\/31\/","og_locale":"pt_PT","og_type":"article","og_title":"ARS Algarve renova contratos-programa em 14 unidades de internamento de cuidados continuados integrados da regi\u00e3o - Algarve 7","og_description":"ARS Algarve renova contratos-programa em 14 unidades de internamento de cuidados continuados integrados da regi\u00e3o Sa\u00fade","og_url":"https:\/\/algarve7.pt\/index.php\/2022\/04\/ars-algarve-renova-contratos-programa-em-14-unidades-de-internamento-de-cuidados-continuados-integrados-da-regiao\/saude\/08\/31\/","og_site_name":"Algarve 7","article_publisher":"https:\/\/www.facebook.com\/algarve7","article_author":"https:\/\/www.facebook.com\/algarve7","article_published_time":"2022-04-20T07:31:49+00:00","article_modified_time":"2022-04-20T07:31:51+00:00","og_image":[{"width":1200,"height":759,"url":"https:\/\/algarve7.pt\/wp-content\/uploads\/2022\/04\/12abril.jpg","type":"image\/jpeg"}],"author":"Algarve 7","twitter_card":"summary_large_image","twitter_creator":"@Algarvesete","twitter_site":"@Algarvesete","twitter_misc":{"Escrito por":"Algarve 7","Tempo estimado de leitura":"2 minutos"},"schema":{"@context":"https:\/\/schema.org","@graph":[{"@type":"Article","@id":"https:\/\/algarve7.pt\/index.php\/2022\/04\/ars-algarve-renova-contratos-programa-em-14-unidades-de-internamento-de-cuidados-continuados-integrados-da-regiao\/saude\/08\/31\/#article","isPartOf":{"@id":"https:\/\/algarve7.pt\/index.php\/2022\/04\/ars-algarve-renova-contratos-programa-em-14-unidades-de-internamento-de-cuidados-continuados-integrados-da-regiao\/saude\/08\/31\/"},"author":{"name":"Algarve 7","@id":"https:\/\/algarve7.pt\/#\/schema\/person\/23fa70681308e7b319a3204bcea45e0c"},"headline":"ARS Algarve renova contratos-programa em 14 unidades de internamento de cuidados continuados integrados da regi\u00e3o","datePublished":"2022-04-20T07:31:49+00:00","dateModified":"2022-04-20T07:31:51+00:00","mainEntityOfPage":{"@id":"https:\/\/algarve7.pt\/index.php\/2022\/04\/ars-algarve-renova-contratos-programa-em-14-unidades-de-internamento-de-cuidados-continuados-integrados-da-regiao\/saude\/08\/31\/"},"wordCount":461,"publisher":{"@id":"https:\/\/algarve7.pt\/#organization"},"image":{"@id":"https:\/\/algarve7.pt\/index.php\/2022\/04\/ars-algarve-renova-contratos-programa-em-14-unidades-de-internamento-de-cuidados-continuados-integrados-da-regiao\/saude\/08\/31\/#primaryimage"},"thumbnailUrl":"https:\/\/algarve7.pt\/wp-content\/uploads\/2022\/04\/12abril.jpg","keywords":["Algarve","ARS","Sa\u00fade"],"articleSection":["Sa\u00fade"],"inLanguage":"pt-PT"},{"@type":"WebPage","@id":"https:\/\/algarve7.pt\/index.php\/2022\/04\/ars-algarve-renova-contratos-programa-em-14-unidades-de-internamento-de-cuidados-continuados-integrados-da-regiao\/saude\/08\/31\/","url":"https:\/\/algarve7.pt\/index.php\/2022\/04\/ars-algarve-renova-contratos-programa-em-14-unidades-de-internamento-de-cuidados-continuados-integrados-da-regiao\/saude\/08\/31\/","name":"ARS Algarve renova contratos-programa em 14 unidades de internamento de cuidados continuados integrados da regi\u00e3o - Algarve 7","isPartOf":{"@id":"https:\/\/algarve7.pt\/#website"},"primaryImageOfPage":{"@id":"https:\/\/algarve7.pt\/index.php\/2022\/04\/ars-algarve-renova-contratos-programa-em-14-unidades-de-internamento-de-cuidados-continuados-integrados-da-regiao\/saude\/08\/31\/#primaryimage"},"image":{"@id":"https:\/\/algarve7.pt\/index.php\/2022\/04\/ars-algarve-renova-contratos-programa-em-14-unidades-de-internamento-de-cuidados-continuados-integrados-da-regiao\/saude\/08\/31\/#primaryimage"},"thumbnailUrl":"https:\/\/algarve7.pt\/wp-content\/uploads\/2022\/04\/12abril.jpg","datePublished":"2022-04-20T07:31:49+00:00","dateModified":"2022-04-20T07:31:51+00:00","description":"ARS Algarve renova contratos-programa em 14 unidades de internamento de cuidados continuados integrados da regi\u00e3o Sa\u00fade","breadcrumb":{"@id":"https:\/\/algarve7.pt\/index.php\/2022\/04\/ars-algarve-renova-contratos-programa-em-14-unidades-de-internamento-de-cuidados-continuados-integrados-da-regiao\/saude\/08\/31\/#breadcrumb"},"inLanguage":"pt-PT","potentialAction":[{"@type":"ReadAction","target":["https:\/\/algarve7.pt\/index.php\/2022\/04\/ars-algarve-renova-contratos-programa-em-14-unidades-de-internamento-de-cuidados-continuados-integrados-da-regiao\/saude\/08\/31\/"]}]},{"@type":"ImageObject","inLanguage":"pt-PT","@id":"https:\/\/algarve7.pt\/index.php\/2022\/04\/ars-algarve-renova-contratos-programa-em-14-unidades-de-internamento-de-cuidados-continuados-integrados-da-regiao\/saude\/08\/31\/#primaryimage","url":"https:\/\/algarve7.pt\/wp-content\/uploads\/2022\/04\/12abril.jpg","contentUrl":"https:\/\/algarve7.pt\/wp-content\/uploads\/2022\/04\/12abril.jpg","width":1200,"height":759},{"@type":"BreadcrumbList","@id":"https:\/\/algarve7.pt\/index.php\/2022\/04\/ars-algarve-renova-contratos-programa-em-14-unidades-de-internamento-de-cuidados-continuados-integrados-da-regiao\/saude\/08\/31\/#breadcrumb","itemListElement":[{"@type":"ListItem","position":1,"name":"In\u00edcio","item":"https:\/\/algarve7.pt\/"},{"@type":"ListItem","position":2,"name":"ARS Algarve renova contratos-programa em 14 unidades de internamento de cuidados continuados integrados da regi\u00e3o"}]},{"@type":"WebSite","@id":"https:\/\/algarve7.pt\/#website","url":"https:\/\/algarve7.pt\/","name":"Algarve 7","description":"Informa\u00e7\u00e3o sobre o Algarve","publisher":{"@id":"https:\/\/algarve7.pt\/#organization"},"potentialAction":[{"@type":"SearchAction","target":{"@type":"EntryPoint","urlTemplate":"https:\/\/algarve7.pt\/?s={search_term_string}"},"query-input":{"@type":"PropertyValueSpecification","valueRequired":true,"valueName":"search_term_string"}}],"inLanguage":"pt-PT"},{"@type":"Organization","@id":"https:\/\/algarve7.pt\/#organization","name":"Algarve 7","url":"https:\/\/algarve7.pt\/","logo":{"@type":"ImageObject","inLanguage":"pt-PT","@id":"https:\/\/algarve7.pt\/#\/schema\/logo\/image\/","url":"https:\/\/algarve7.pt\/wp-content\/uploads\/2020\/10\/Logo-8.jpg","contentUrl":"https:\/\/algarve7.pt\/wp-content\/uploads\/2020\/10\/Logo-8.jpg","width":1680,"height":1186,"caption":"Algarve 7"},"image":{"@id":"https:\/\/algarve7.pt\/#\/schema\/logo\/image\/"},"sameAs":["https:\/\/www.facebook.com\/algarve7","https:\/\/x.com\/Algarvesete","https:\/\/www.instagram.com\/jornalalgarve7\/","https:\/\/www.linkedin.com\/company\/algarve7","https:\/\/www.pinterest.pt\/geral0939\/_created\/"]},{"@type":"Person","@id":"https:\/\/algarve7.pt\/#\/schema\/person\/23fa70681308e7b319a3204bcea45e0c","name":"Algarve 7","sameAs":["https:\/\/algarve7.pt","https:\/\/www.facebook.com\/algarve7"],"url":"https:\/\/algarve7.pt\/index.php\/author\/geralalgarve7-pt\/"}]}},"jetpack_publicize_connections":[],"jetpack_featured_media_url":"https:\/\/algarve7.pt\/wp-content\/uploads\/2022\/04\/12abril.jpg","jetpack_shortlink":"https:\/\/wp.me\/pcezmW-4Ew","jetpack_sharing_enabled":true,"_links":{"self":[{"href":"https:\/\/algarve7.pt\/index.php\/wp-json\/wp\/v2\/posts\/17888","targetHints":{"allow":["GET"]}}],"collection":[{"href":"https:\/\/algarve7.pt\/index.php\/wp-json\/wp\/v2\/posts"}],"about":[{"href":"https:\/\/algarve7.pt\/index.php\/wp-json\/wp\/v2\/types\/post"}],"author":[{"embeddable":true,"href":"https:\/\/algarve7.pt\/index.php\/wp-json\/wp\/v2\/users\/1"}],"replies":[{"embeddable":true,"href":"https:\/\/algarve7.pt\/index.php\/wp-json\/wp\/v2\/comments?post=17888"}],"version-history":[{"count":0,"href":"https:\/\/algarve7.pt\/index.php\/wp-json\/wp\/v2\/posts\/17888\/revisions"}],"wp:featuredmedia":[{"embeddable":true,"href":"https:\/\/algarve7.pt\/index.php\/wp-json\/wp\/v2\/media\/17889"}],"wp:attachment":[{"href":"https:\/\/algarve7.pt\/index.php\/wp-json\/wp\/v2\/media?parent=17888"}],"wp:term":[{"taxonomy":"category","embeddable":true,"href":"https:\/\/algarve7.pt\/index.php\/wp-json\/wp\/v2\/categories?post=17888"},{"taxonomy":"post_tag","embeddable":true,"href":"https:\/\/algarve7.pt\/index.php\/wp-json\/wp\/v2\/tags?post=17888"}],"curies":[{"name":"wp","href":"https:\/\/api.w.org\/{rel}","templated":true}]}}