{"id":17885,"date":"2022-04-20T08:09:03","date_gmt":"2022-04-20T07:09:03","guid":{"rendered":"https:\/\/algarve7.pt\/?p=17885"},"modified":"2022-04-20T08:09:07","modified_gmt":"2022-04-20T07:09:07","slug":"inauguracao-da-nova-sede-da-casa-da-cultura-de-loule-no-48o-aniversario-do-25-de-abril","status":"publish","type":"post","link":"https:\/\/algarve7.pt\/index.php\/2022\/04\/inauguracao-da-nova-sede-da-casa-da-cultura-de-loule-no-48o-aniversario-do-25-de-abril\/cultura\/08\/09\/","title":{"rendered":"Inaugura\u00e7\u00e3o da nova sede da casa da cultura de Loul\u00e9 no 48\u00ba anivers\u00e1rio do 25 de abril"},"content":{"rendered":"\n<p>As celebra\u00e7\u00f5es do Dia da Liberdade voltam a ter em Loul\u00e9 um palco especial e este ano, no dia 25 de abril, a cultura vai estar em destaque num programa comemorativo que contar\u00e1 com a inaugura\u00e7\u00e3o do novo espa\u00e7o da Casa da Cultura de Loul\u00e9.<\/p>\n\n\n\n<p>O dia come\u00e7a com o tradicional hastear da Bandeira Nacional, na Pra\u00e7a da Rep\u00fablica, com a participa\u00e7\u00e3o dos Bombeiros Municipais e da Banda Filarm\u00f3nica Artistas de Minerva.<\/p>\n\n\n\n<p>A partir das 10h30, no Cineteatro Louletano, a Assembleia Municipal de Loul\u00e9 promove uma sess\u00e3o comemorativa da Revolu\u00e7\u00e3o. Este momento, aberto ao p\u00fablico, ter\u00e1 como convidado o jornalista Carlos Albino, figura que esteve diretamente ligada ao desenrolar dos acontecimentos do dia 25 de abril de 1974, por ter sido o respons\u00e1vel pela emiss\u00e3o da senha do in\u00edcio das opera\u00e7\u00f5es militares que iriam derrubar o regime ditatorial, atrav\u00e9s do Programa Limite, na R\u00e1dio Renascen\u00e7a. A leitura gravada da primeira estrofe da can\u00e7\u00e3o \u201cGr\u00e2ndola, Vila Morena\u201d, de Jos\u00e9 Afonso, confirmou o golpe e o avan\u00e7o das for\u00e7as armadas. E \u00e9 com o pensamento nesse dia que este louletano far\u00e1 uma alocu\u00e7\u00e3o nesta Assembleia sobre \u201cAs institui\u00e7\u00f5es democr\u00e1ticas\u201d. A sess\u00e3o contar\u00e1 ainda com interven\u00e7\u00f5es dos presidentes do Munic\u00edpio, V\u00edtor Aleixo, da Assembleia, Carlos Silva Gomes, e dos representantes dos partidos com assento parlamentar. Os discursos ser\u00e3o intercalados por apontamentos musicais protagonizados pelo Grupo Music Kid e por elementos do Coro de C\u00e2mara e Coro das Seis do Conservat\u00f3rio de M\u00fasica de Loul\u00e9.<\/p>\n\n\n\n<p>\u00c0s 17h00, \u00e9 inaugurada a obra de reabilita\u00e7\u00e3o do edif\u00edcio do antigo Atl\u00e9tico Sporting Clube, que passar\u00e1 a ser a nova \u201ccasa\u201d da Casa da Cultura de Loul\u00e9. O im\u00f3vel localizado na Rua 5 de Outubro (\u201cRua das Lojas\u201d) foi alvo de uma requalifica\u00e7\u00e3o, permitindo criar na cidade mais um espa\u00e7o virado para as atividades culturais, a par da presen\u00e7a desta associa\u00e7\u00e3o que nasceu da efervesc\u00eancia cultural do p\u00f3s-25 de abril. &nbsp;<\/p>\n\n\n\n<p>As comemora\u00e7\u00f5es dos 48 anos da Revolu\u00e7\u00e3o dos Cravos encerram com \u201cCantigas de Maio\u201d, no Cineteatro Louletano, pelas 21h00. Em estreia nacional, o contrabaixista Bernardo Moreira faz uma homenagem a autores que marcaram a hist\u00f3ria social, pol\u00edtica e cultural do pa\u00eds, como Jos\u00e9 Afonso, Fausto Bordalo Dias, Vitorino Salom\u00e9, S\u00e9rgio Godinho, Jos\u00e9 M\u00e1rio Branco, e outros, trazendo m\u00fasicos de nova gera\u00e7\u00e3o. Entre eles, Jo\u00e3o Neves&nbsp;um dos cantores mais promissores na cena musical portuguesa.<\/p>\n\n\n\n<p>Paralelamente a Biblioteca de Loul\u00e9 associa-se a estas celebra\u00e7\u00f5es para promover a atividade pedag\u00f3gica para a comunidade escolar \u2013 Saber + a Ler \u2013 com um ciclo de ateli\u00eas tem\u00e1ticos que focam o Dia da Liberdade, nos dias 21, 22, 25 e 27 de abril, bem como um concerto col\u00f3quio com Filipa Pais e Oct\u00e1vio Fonseca de homenagem a Jos\u00e9 Afonso, no dia 30, \u00e0s 21h00.<\/p>\n\n\n\n<p>\u201cN\u00e3o pod\u00edamos deixar de assinalar esta data marcante da nossa Hist\u00f3ria que nos trouxe aos dias de hoje onde podemos celebrar livremente Abril e as suas conquistas, num contexto sociopol\u00edtico assente nos pilares da Democracia e no valor fundamental da Liberdade\u201d, considera o presidente do Munic\u00edpio de Loul\u00e9, V\u00edtor Aleixo.<\/p>\n","protected":false},"excerpt":{"rendered":"<p>As celebra\u00e7\u00f5es do Dia da Liberdade voltam a ter em Loul\u00e9 um palco especial e este ano, no dia 25<\/p>\n","protected":false},"author":1,"featured_media":17886,"comment_status":"closed","ping_status":"open","sticky":false,"template":"","format":"standard","meta":{"colormag_page_container_layout":"default_layout","colormag_page_sidebar_layout":"default_layout","_monsterinsights_skip_tracking":false,"_monsterinsights_sitenote_active":false,"_monsterinsights_sitenote_note":"","_monsterinsights_sitenote_category":0,"jetpack_post_was_ever_published":false,"_jetpack_newsletter_access":"","_jetpack_dont_email_post_to_subs":false,"_jetpack_newsletter_tier_id":0,"_jetpack_memberships_contains_paywalled_content":false,"_jetpack_memberships_contains_paid_content":false,"footnotes":"","jetpack_publicize_message":"","jetpack_publicize_feature_enabled":true,"jetpack_social_post_already_shared":true,"jetpack_social_options":{"image_generator_settings":{"template":"highway","default_image_id":0,"font":"","enabled":false},"version":2}},"categories":[14],"tags":[624,36,35,31],"class_list":["post-17885","post","type-post","status-publish","format-standard","has-post-thumbnail","hentry","category-cultura","tag-48o-aniversario-do-25-de-abril","tag-algarve","tag-cultura","tag-loule"],"yoast_head":"<!-- This site is optimized with the Yoast SEO plugin v27.5 - https:\/\/yoast.com\/product\/yoast-seo-wordpress\/ -->\n<title>Inaugura\u00e7\u00e3o da nova sede da casa da cultura de Loul\u00e9 no 48\u00ba anivers\u00e1rio do 25 de abril - Algarve 7<\/title>\n<meta name=\"description\" content=\"Inaugura\u00e7\u00e3o da nova sede da casa da cultura de Loul\u00e9 no 48\u00ba anivers\u00e1rio do 25 de abril Cultura\" \/>\n<meta name=\"robots\" content=\"index, follow, max-snippet:-1, max-image-preview:large, max-video-preview:-1\" \/>\n<link rel=\"canonical\" href=\"https:\/\/algarve7.pt\/index.php\/2022\/04\/inauguracao-da-nova-sede-da-casa-da-cultura-de-loule-no-48o-aniversario-do-25-de-abril\/cultura\/08\/09\/\" \/>\n<meta property=\"og:locale\" content=\"pt_PT\" \/>\n<meta property=\"og:type\" content=\"article\" \/>\n<meta property=\"og:title\" content=\"Inaugura\u00e7\u00e3o da nova sede da casa da cultura de Loul\u00e9 no 48\u00ba anivers\u00e1rio do 25 de abril - Algarve 7\" \/>\n<meta property=\"og:description\" content=\"Inaugura\u00e7\u00e3o da nova sede da casa da cultura de Loul\u00e9 no 48\u00ba anivers\u00e1rio do 25 de abril Cultura\" \/>\n<meta property=\"og:url\" content=\"https:\/\/algarve7.pt\/index.php\/2022\/04\/inauguracao-da-nova-sede-da-casa-da-cultura-de-loule-no-48o-aniversario-do-25-de-abril\/cultura\/08\/09\/\" \/>\n<meta property=\"og:site_name\" content=\"Algarve 7\" \/>\n<meta property=\"article:publisher\" content=\"https:\/\/www.facebook.com\/algarve7\" \/>\n<meta property=\"article:author\" content=\"https:\/\/www.facebook.com\/algarve7\" \/>\n<meta property=\"article:published_time\" content=\"2022-04-20T07:09:03+00:00\" \/>\n<meta property=\"article:modified_time\" content=\"2022-04-20T07:09:07+00:00\" \/>\n<meta property=\"og:image\" content=\"https:\/\/algarve7.pt\/wp-content\/uploads\/2022\/04\/25-Abril-imagem.png\" \/>\n\t<meta property=\"og:image:width\" content=\"1640\" \/>\n\t<meta property=\"og:image:height\" content=\"720\" \/>\n\t<meta property=\"og:image:type\" content=\"image\/png\" \/>\n<meta name=\"author\" content=\"Algarve 7\" \/>\n<meta name=\"twitter:card\" content=\"summary_large_image\" \/>\n<meta name=\"twitter:creator\" content=\"@Algarvesete\" \/>\n<meta name=\"twitter:site\" content=\"@Algarvesete\" \/>\n<meta name=\"twitter:label1\" content=\"Escrito por\" \/>\n\t<meta name=\"twitter:data1\" content=\"Algarve 7\" \/>\n\t<meta name=\"twitter:label2\" content=\"Tempo estimado de leitura\" \/>\n\t<meta name=\"twitter:data2\" content=\"3 minutos\" \/>\n<script type=\"application\/ld+json\" class=\"yoast-schema-graph\">{\"@context\":\"https:\\\/\\\/schema.org\",\"@graph\":[{\"@type\":\"Article\",\"@id\":\"https:\\\/\\\/algarve7.pt\\\/index.php\\\/2022\\\/04\\\/inauguracao-da-nova-sede-da-casa-da-cultura-de-loule-no-48o-aniversario-do-25-de-abril\\\/cultura\\\/08\\\/09\\\/#article\",\"isPartOf\":{\"@id\":\"https:\\\/\\\/algarve7.pt\\\/index.php\\\/2022\\\/04\\\/inauguracao-da-nova-sede-da-casa-da-cultura-de-loule-no-48o-aniversario-do-25-de-abril\\\/cultura\\\/08\\\/09\\\/\"},\"author\":{\"name\":\"Algarve 7\",\"@id\":\"https:\\\/\\\/algarve7.pt\\\/#\\\/schema\\\/person\\\/23fa70681308e7b319a3204bcea45e0c\"},\"headline\":\"Inaugura\u00e7\u00e3o da nova sede da casa da cultura de Loul\u00e9 no 48\u00ba anivers\u00e1rio do 25 de abril\",\"datePublished\":\"2022-04-20T07:09:03+00:00\",\"dateModified\":\"2022-04-20T07:09:07+00:00\",\"mainEntityOfPage\":{\"@id\":\"https:\\\/\\\/algarve7.pt\\\/index.php\\\/2022\\\/04\\\/inauguracao-da-nova-sede-da-casa-da-cultura-de-loule-no-48o-aniversario-do-25-de-abril\\\/cultura\\\/08\\\/09\\\/\"},\"wordCount\":571,\"publisher\":{\"@id\":\"https:\\\/\\\/algarve7.pt\\\/#organization\"},\"image\":{\"@id\":\"https:\\\/\\\/algarve7.pt\\\/index.php\\\/2022\\\/04\\\/inauguracao-da-nova-sede-da-casa-da-cultura-de-loule-no-48o-aniversario-do-25-de-abril\\\/cultura\\\/08\\\/09\\\/#primaryimage\"},\"thumbnailUrl\":\"https:\\\/\\\/algarve7.pt\\\/wp-content\\\/uploads\\\/2022\\\/04\\\/25-Abril-imagem.png\",\"keywords\":[\"48\u00ba anivers\u00e1rio do 25 de Abril\",\"Algarve\",\"Cultura\",\"Loul\u00e9\"],\"articleSection\":[\"Cultura\"],\"inLanguage\":\"pt-PT\"},{\"@type\":\"WebPage\",\"@id\":\"https:\\\/\\\/algarve7.pt\\\/index.php\\\/2022\\\/04\\\/inauguracao-da-nova-sede-da-casa-da-cultura-de-loule-no-48o-aniversario-do-25-de-abril\\\/cultura\\\/08\\\/09\\\/\",\"url\":\"https:\\\/\\\/algarve7.pt\\\/index.php\\\/2022\\\/04\\\/inauguracao-da-nova-sede-da-casa-da-cultura-de-loule-no-48o-aniversario-do-25-de-abril\\\/cultura\\\/08\\\/09\\\/\",\"name\":\"Inaugura\u00e7\u00e3o da nova sede da casa da cultura de Loul\u00e9 no 48\u00ba anivers\u00e1rio do 25 de abril - Algarve 7\",\"isPartOf\":{\"@id\":\"https:\\\/\\\/algarve7.pt\\\/#website\"},\"primaryImageOfPage\":{\"@id\":\"https:\\\/\\\/algarve7.pt\\\/index.php\\\/2022\\\/04\\\/inauguracao-da-nova-sede-da-casa-da-cultura-de-loule-no-48o-aniversario-do-25-de-abril\\\/cultura\\\/08\\\/09\\\/#primaryimage\"},\"image\":{\"@id\":\"https:\\\/\\\/algarve7.pt\\\/index.php\\\/2022\\\/04\\\/inauguracao-da-nova-sede-da-casa-da-cultura-de-loule-no-48o-aniversario-do-25-de-abril\\\/cultura\\\/08\\\/09\\\/#primaryimage\"},\"thumbnailUrl\":\"https:\\\/\\\/algarve7.pt\\\/wp-content\\\/uploads\\\/2022\\\/04\\\/25-Abril-imagem.png\",\"datePublished\":\"2022-04-20T07:09:03+00:00\",\"dateModified\":\"2022-04-20T07:09:07+00:00\",\"description\":\"Inaugura\u00e7\u00e3o da nova sede da casa da cultura de Loul\u00e9 no 48\u00ba anivers\u00e1rio do 25 de abril Cultura\",\"breadcrumb\":{\"@id\":\"https:\\\/\\\/algarve7.pt\\\/index.php\\\/2022\\\/04\\\/inauguracao-da-nova-sede-da-casa-da-cultura-de-loule-no-48o-aniversario-do-25-de-abril\\\/cultura\\\/08\\\/09\\\/#breadcrumb\"},\"inLanguage\":\"pt-PT\",\"potentialAction\":[{\"@type\":\"ReadAction\",\"target\":[\"https:\\\/\\\/algarve7.pt\\\/index.php\\\/2022\\\/04\\\/inauguracao-da-nova-sede-da-casa-da-cultura-de-loule-no-48o-aniversario-do-25-de-abril\\\/cultura\\\/08\\\/09\\\/\"]}]},{\"@type\":\"ImageObject\",\"inLanguage\":\"pt-PT\",\"@id\":\"https:\\\/\\\/algarve7.pt\\\/index.php\\\/2022\\\/04\\\/inauguracao-da-nova-sede-da-casa-da-cultura-de-loule-no-48o-aniversario-do-25-de-abril\\\/cultura\\\/08\\\/09\\\/#primaryimage\",\"url\":\"https:\\\/\\\/algarve7.pt\\\/wp-content\\\/uploads\\\/2022\\\/04\\\/25-Abril-imagem.png\",\"contentUrl\":\"https:\\\/\\\/algarve7.pt\\\/wp-content\\\/uploads\\\/2022\\\/04\\\/25-Abril-imagem.png\",\"width\":1640,\"height\":720},{\"@type\":\"BreadcrumbList\",\"@id\":\"https:\\\/\\\/algarve7.pt\\\/index.php\\\/2022\\\/04\\\/inauguracao-da-nova-sede-da-casa-da-cultura-de-loule-no-48o-aniversario-do-25-de-abril\\\/cultura\\\/08\\\/09\\\/#breadcrumb\",\"itemListElement\":[{\"@type\":\"ListItem\",\"position\":1,\"name\":\"In\u00edcio\",\"item\":\"https:\\\/\\\/algarve7.pt\\\/\"},{\"@type\":\"ListItem\",\"position\":2,\"name\":\"Inaugura\u00e7\u00e3o da nova sede da casa da cultura de Loul\u00e9 no 48\u00ba anivers\u00e1rio do 25 de abril\"}]},{\"@type\":\"WebSite\",\"@id\":\"https:\\\/\\\/algarve7.pt\\\/#website\",\"url\":\"https:\\\/\\\/algarve7.pt\\\/\",\"name\":\"Algarve 7\",\"description\":\"Informa\u00e7\u00e3o sobre o Algarve\",\"publisher\":{\"@id\":\"https:\\\/\\\/algarve7.pt\\\/#organization\"},\"potentialAction\":[{\"@type\":\"SearchAction\",\"target\":{\"@type\":\"EntryPoint\",\"urlTemplate\":\"https:\\\/\\\/algarve7.pt\\\/?s={search_term_string}\"},\"query-input\":{\"@type\":\"PropertyValueSpecification\",\"valueRequired\":true,\"valueName\":\"search_term_string\"}}],\"inLanguage\":\"pt-PT\"},{\"@type\":\"Organization\",\"@id\":\"https:\\\/\\\/algarve7.pt\\\/#organization\",\"name\":\"Algarve 7\",\"url\":\"https:\\\/\\\/algarve7.pt\\\/\",\"logo\":{\"@type\":\"ImageObject\",\"inLanguage\":\"pt-PT\",\"@id\":\"https:\\\/\\\/algarve7.pt\\\/#\\\/schema\\\/logo\\\/image\\\/\",\"url\":\"https:\\\/\\\/algarve7.pt\\\/wp-content\\\/uploads\\\/2020\\\/10\\\/Logo-8.jpg\",\"contentUrl\":\"https:\\\/\\\/algarve7.pt\\\/wp-content\\\/uploads\\\/2020\\\/10\\\/Logo-8.jpg\",\"width\":1680,\"height\":1186,\"caption\":\"Algarve 7\"},\"image\":{\"@id\":\"https:\\\/\\\/algarve7.pt\\\/#\\\/schema\\\/logo\\\/image\\\/\"},\"sameAs\":[\"https:\\\/\\\/www.facebook.com\\\/algarve7\",\"https:\\\/\\\/x.com\\\/Algarvesete\",\"https:\\\/\\\/www.instagram.com\\\/jornalalgarve7\\\/\",\"https:\\\/\\\/www.linkedin.com\\\/company\\\/algarve7\",\"https:\\\/\\\/www.pinterest.pt\\\/geral0939\\\/_created\\\/\"]},{\"@type\":\"Person\",\"@id\":\"https:\\\/\\\/algarve7.pt\\\/#\\\/schema\\\/person\\\/23fa70681308e7b319a3204bcea45e0c\",\"name\":\"Algarve 7\",\"sameAs\":[\"https:\\\/\\\/algarve7.pt\",\"https:\\\/\\\/www.facebook.com\\\/algarve7\"],\"url\":\"https:\\\/\\\/algarve7.pt\\\/index.php\\\/author\\\/geralalgarve7-pt\\\/\"}]}<\/script>\n<!-- \/ Yoast SEO plugin. -->","yoast_head_json":{"title":"Inaugura\u00e7\u00e3o da nova sede da casa da cultura de Loul\u00e9 no 48\u00ba anivers\u00e1rio do 25 de abril - Algarve 7","description":"Inaugura\u00e7\u00e3o da nova sede da casa da cultura de Loul\u00e9 no 48\u00ba anivers\u00e1rio do 25 de abril Cultura","robots":{"index":"index","follow":"follow","max-snippet":"max-snippet:-1","max-image-preview":"max-image-preview:large","max-video-preview":"max-video-preview:-1"},"canonical":"https:\/\/algarve7.pt\/index.php\/2022\/04\/inauguracao-da-nova-sede-da-casa-da-cultura-de-loule-no-48o-aniversario-do-25-de-abril\/cultura\/08\/09\/","og_locale":"pt_PT","og_type":"article","og_title":"Inaugura\u00e7\u00e3o da nova sede da casa da cultura de Loul\u00e9 no 48\u00ba anivers\u00e1rio do 25 de abril - Algarve 7","og_description":"Inaugura\u00e7\u00e3o da nova sede da casa da cultura de Loul\u00e9 no 48\u00ba anivers\u00e1rio do 25 de abril Cultura","og_url":"https:\/\/algarve7.pt\/index.php\/2022\/04\/inauguracao-da-nova-sede-da-casa-da-cultura-de-loule-no-48o-aniversario-do-25-de-abril\/cultura\/08\/09\/","og_site_name":"Algarve 7","article_publisher":"https:\/\/www.facebook.com\/algarve7","article_author":"https:\/\/www.facebook.com\/algarve7","article_published_time":"2022-04-20T07:09:03+00:00","article_modified_time":"2022-04-20T07:09:07+00:00","og_image":[{"width":1640,"height":720,"url":"https:\/\/algarve7.pt\/wp-content\/uploads\/2022\/04\/25-Abril-imagem.png","type":"image\/png"}],"author":"Algarve 7","twitter_card":"summary_large_image","twitter_creator":"@Algarvesete","twitter_site":"@Algarvesete","twitter_misc":{"Escrito por":"Algarve 7","Tempo estimado de leitura":"3 minutos"},"schema":{"@context":"https:\/\/schema.org","@graph":[{"@type":"Article","@id":"https:\/\/algarve7.pt\/index.php\/2022\/04\/inauguracao-da-nova-sede-da-casa-da-cultura-de-loule-no-48o-aniversario-do-25-de-abril\/cultura\/08\/09\/#article","isPartOf":{"@id":"https:\/\/algarve7.pt\/index.php\/2022\/04\/inauguracao-da-nova-sede-da-casa-da-cultura-de-loule-no-48o-aniversario-do-25-de-abril\/cultura\/08\/09\/"},"author":{"name":"Algarve 7","@id":"https:\/\/algarve7.pt\/#\/schema\/person\/23fa70681308e7b319a3204bcea45e0c"},"headline":"Inaugura\u00e7\u00e3o da nova sede da casa da cultura de Loul\u00e9 no 48\u00ba anivers\u00e1rio do 25 de abril","datePublished":"2022-04-20T07:09:03+00:00","dateModified":"2022-04-20T07:09:07+00:00","mainEntityOfPage":{"@id":"https:\/\/algarve7.pt\/index.php\/2022\/04\/inauguracao-da-nova-sede-da-casa-da-cultura-de-loule-no-48o-aniversario-do-25-de-abril\/cultura\/08\/09\/"},"wordCount":571,"publisher":{"@id":"https:\/\/algarve7.pt\/#organization"},"image":{"@id":"https:\/\/algarve7.pt\/index.php\/2022\/04\/inauguracao-da-nova-sede-da-casa-da-cultura-de-loule-no-48o-aniversario-do-25-de-abril\/cultura\/08\/09\/#primaryimage"},"thumbnailUrl":"https:\/\/algarve7.pt\/wp-content\/uploads\/2022\/04\/25-Abril-imagem.png","keywords":["48\u00ba anivers\u00e1rio do 25 de Abril","Algarve","Cultura","Loul\u00e9"],"articleSection":["Cultura"],"inLanguage":"pt-PT"},{"@type":"WebPage","@id":"https:\/\/algarve7.pt\/index.php\/2022\/04\/inauguracao-da-nova-sede-da-casa-da-cultura-de-loule-no-48o-aniversario-do-25-de-abril\/cultura\/08\/09\/","url":"https:\/\/algarve7.pt\/index.php\/2022\/04\/inauguracao-da-nova-sede-da-casa-da-cultura-de-loule-no-48o-aniversario-do-25-de-abril\/cultura\/08\/09\/","name":"Inaugura\u00e7\u00e3o da nova sede da casa da cultura de Loul\u00e9 no 48\u00ba anivers\u00e1rio do 25 de abril - Algarve 7","isPartOf":{"@id":"https:\/\/algarve7.pt\/#website"},"primaryImageOfPage":{"@id":"https:\/\/algarve7.pt\/index.php\/2022\/04\/inauguracao-da-nova-sede-da-casa-da-cultura-de-loule-no-48o-aniversario-do-25-de-abril\/cultura\/08\/09\/#primaryimage"},"image":{"@id":"https:\/\/algarve7.pt\/index.php\/2022\/04\/inauguracao-da-nova-sede-da-casa-da-cultura-de-loule-no-48o-aniversario-do-25-de-abril\/cultura\/08\/09\/#primaryimage"},"thumbnailUrl":"https:\/\/algarve7.pt\/wp-content\/uploads\/2022\/04\/25-Abril-imagem.png","datePublished":"2022-04-20T07:09:03+00:00","dateModified":"2022-04-20T07:09:07+00:00","description":"Inaugura\u00e7\u00e3o da nova sede da casa da cultura de Loul\u00e9 no 48\u00ba anivers\u00e1rio do 25 de abril Cultura","breadcrumb":{"@id":"https:\/\/algarve7.pt\/index.php\/2022\/04\/inauguracao-da-nova-sede-da-casa-da-cultura-de-loule-no-48o-aniversario-do-25-de-abril\/cultura\/08\/09\/#breadcrumb"},"inLanguage":"pt-PT","potentialAction":[{"@type":"ReadAction","target":["https:\/\/algarve7.pt\/index.php\/2022\/04\/inauguracao-da-nova-sede-da-casa-da-cultura-de-loule-no-48o-aniversario-do-25-de-abril\/cultura\/08\/09\/"]}]},{"@type":"ImageObject","inLanguage":"pt-PT","@id":"https:\/\/algarve7.pt\/index.php\/2022\/04\/inauguracao-da-nova-sede-da-casa-da-cultura-de-loule-no-48o-aniversario-do-25-de-abril\/cultura\/08\/09\/#primaryimage","url":"https:\/\/algarve7.pt\/wp-content\/uploads\/2022\/04\/25-Abril-imagem.png","contentUrl":"https:\/\/algarve7.pt\/wp-content\/uploads\/2022\/04\/25-Abril-imagem.png","width":1640,"height":720},{"@type":"BreadcrumbList","@id":"https:\/\/algarve7.pt\/index.php\/2022\/04\/inauguracao-da-nova-sede-da-casa-da-cultura-de-loule-no-48o-aniversario-do-25-de-abril\/cultura\/08\/09\/#breadcrumb","itemListElement":[{"@type":"ListItem","position":1,"name":"In\u00edcio","item":"https:\/\/algarve7.pt\/"},{"@type":"ListItem","position":2,"name":"Inaugura\u00e7\u00e3o da nova sede da casa da cultura de Loul\u00e9 no 48\u00ba anivers\u00e1rio do 25 de abril"}]},{"@type":"WebSite","@id":"https:\/\/algarve7.pt\/#website","url":"https:\/\/algarve7.pt\/","name":"Algarve 7","description":"Informa\u00e7\u00e3o sobre o Algarve","publisher":{"@id":"https:\/\/algarve7.pt\/#organization"},"potentialAction":[{"@type":"SearchAction","target":{"@type":"EntryPoint","urlTemplate":"https:\/\/algarve7.pt\/?s={search_term_string}"},"query-input":{"@type":"PropertyValueSpecification","valueRequired":true,"valueName":"search_term_string"}}],"inLanguage":"pt-PT"},{"@type":"Organization","@id":"https:\/\/algarve7.pt\/#organization","name":"Algarve 7","url":"https:\/\/algarve7.pt\/","logo":{"@type":"ImageObject","inLanguage":"pt-PT","@id":"https:\/\/algarve7.pt\/#\/schema\/logo\/image\/","url":"https:\/\/algarve7.pt\/wp-content\/uploads\/2020\/10\/Logo-8.jpg","contentUrl":"https:\/\/algarve7.pt\/wp-content\/uploads\/2020\/10\/Logo-8.jpg","width":1680,"height":1186,"caption":"Algarve 7"},"image":{"@id":"https:\/\/algarve7.pt\/#\/schema\/logo\/image\/"},"sameAs":["https:\/\/www.facebook.com\/algarve7","https:\/\/x.com\/Algarvesete","https:\/\/www.instagram.com\/jornalalgarve7\/","https:\/\/www.linkedin.com\/company\/algarve7","https:\/\/www.pinterest.pt\/geral0939\/_created\/"]},{"@type":"Person","@id":"https:\/\/algarve7.pt\/#\/schema\/person\/23fa70681308e7b319a3204bcea45e0c","name":"Algarve 7","sameAs":["https:\/\/algarve7.pt","https:\/\/www.facebook.com\/algarve7"],"url":"https:\/\/algarve7.pt\/index.php\/author\/geralalgarve7-pt\/"}]}},"jetpack_publicize_connections":[],"jetpack_featured_media_url":"https:\/\/algarve7.pt\/wp-content\/uploads\/2022\/04\/25-Abril-imagem.png","jetpack_shortlink":"https:\/\/wp.me\/pcezmW-4Et","jetpack_sharing_enabled":true,"_links":{"self":[{"href":"https:\/\/algarve7.pt\/index.php\/wp-json\/wp\/v2\/posts\/17885","targetHints":{"allow":["GET"]}}],"collection":[{"href":"https:\/\/algarve7.pt\/index.php\/wp-json\/wp\/v2\/posts"}],"about":[{"href":"https:\/\/algarve7.pt\/index.php\/wp-json\/wp\/v2\/types\/post"}],"author":[{"embeddable":true,"href":"https:\/\/algarve7.pt\/index.php\/wp-json\/wp\/v2\/users\/1"}],"replies":[{"embeddable":true,"href":"https:\/\/algarve7.pt\/index.php\/wp-json\/wp\/v2\/comments?post=17885"}],"version-history":[{"count":0,"href":"https:\/\/algarve7.pt\/index.php\/wp-json\/wp\/v2\/posts\/17885\/revisions"}],"wp:featuredmedia":[{"embeddable":true,"href":"https:\/\/algarve7.pt\/index.php\/wp-json\/wp\/v2\/media\/17886"}],"wp:attachment":[{"href":"https:\/\/algarve7.pt\/index.php\/wp-json\/wp\/v2\/media?parent=17885"}],"wp:term":[{"taxonomy":"category","embeddable":true,"href":"https:\/\/algarve7.pt\/index.php\/wp-json\/wp\/v2\/categories?post=17885"},{"taxonomy":"post_tag","embeddable":true,"href":"https:\/\/algarve7.pt\/index.php\/wp-json\/wp\/v2\/tags?post=17885"}],"curies":[{"name":"wp","href":"https:\/\/api.w.org\/{rel}","templated":true}]}}