{"id":17750,"date":"2022-04-15T09:16:51","date_gmt":"2022-04-15T08:16:51","guid":{"rendered":"https:\/\/algarve7.pt\/?p=17750"},"modified":"2022-04-15T09:16:53","modified_gmt":"2022-04-15T08:16:53","slug":"aljezur-com-sunset-no-castelo","status":"publish","type":"post","link":"https:\/\/algarve7.pt\/index.php\/2022\/04\/aljezur-com-sunset-no-castelo\/cultura\/09\/16\/","title":{"rendered":"Aljezur com \u201csunset\u201d no Castelo"},"content":{"rendered":"\n<p>No dia 18 de abril de 2022, comemora-se o DIA INTERNACIONAL DOS MONUMENTOS E S\u00cdTIOS 2022, enquadrado no tema: PATRIM\u00d3NIO E CLIMA.<\/p>\n\n\n\n<p>Para assinalar este dia, por volta das 18.30h o Munic\u00edpio de Aljezur, organizou para todos v\u00f3s um \u201csunset\u201d no Castelo de Aljezur sob a designa\u00e7\u00e3o\u201d Clima Cultural\u201d.<\/p>\n\n\n\n<p>Durante o evento, pretendemos alertar de forma consciente e respons\u00e1vel para a import\u00e2ncia que a altera\u00e7\u00e3o clim\u00e1tica ter\u00e1 de forma direta no nosso patrim\u00f3nio e no modo como dele usufru\u00edmos. Todos n\u00f3s temos conhecimento que, nos \u00faltimos anos, numa escala global, os desastres s\u00e3o frequentes, por vezes, catastr\u00f3ficos, semeando morte, desola\u00e7\u00e3o, destrui\u00e7\u00e3o e preju\u00edzos incalcul\u00e1veis para as pessoas, meio ambiente e patrim\u00f3nio, muitos deles relacionados com as altera\u00e7\u00f5es clim\u00e1ticas que t\u00eam de ser seriamente levados em considera\u00e7\u00e3o.<\/p>\n\n\n\n<p>Para refletir sobre estas premissas, durante o decorrer do \u201csunset\u201d, ter\u00e1 lugar a realiza\u00e7\u00e3o de uma pequena a\u00e7\u00e3o de sensibiliza\u00e7\u00e3o, atrav\u00e9s das m\u00e3os da artista pl\u00e1stica Dina Palma Dias que ter\u00e1 como desafio fazer um \u201clive painting\u201d, da vista panor\u00e2mica que se vislumbra a oeste do Castelo, ou seja a artista ter\u00e1 como desafio projetar a sua vis\u00e3o dos impactos provocados pelas altera\u00e7\u00f5es clim\u00e1ticas sobre a magn\u00edfica vista do vale do castelo at\u00e9 \u00e0 praia da Amoreira.<\/p>\n\n\n\n<p>A acompanhar a artista durante a sua interven\u00e7\u00e3o, ir\u00e1 atuar o \u201cQuarteto de Jazz da ARCM\u201d, formado no ano de 2020, pela Associa\u00e7\u00e3o Recreativa e Cultural de M\u00fasicos, composto por m\u00fasicos experientes e reconhecidos no meio jazz\u00edstico da regi\u00e3o.<\/p>\n","protected":false},"excerpt":{"rendered":"<p>No dia 18 de abril de 2022, comemora-se o DIA INTERNACIONAL DOS MONUMENTOS E S\u00cdTIOS 2022, enquadrado no tema: PATRIM\u00d3NIO<\/p>\n","protected":false},"author":1,"featured_media":17751,"comment_status":"closed","ping_status":"open","sticky":false,"template":"","format":"standard","meta":{"colormag_page_container_layout":"default_layout","colormag_page_sidebar_layout":"default_layout","_monsterinsights_skip_tracking":false,"_monsterinsights_sitenote_active":false,"_monsterinsights_sitenote_note":"","_monsterinsights_sitenote_category":0,"jetpack_post_was_ever_published":false,"_jetpack_newsletter_access":"","_jetpack_dont_email_post_to_subs":false,"_jetpack_newsletter_tier_id":0,"_jetpack_memberships_contains_paywalled_content":false,"_jetpack_memberships_contains_paid_content":false,"footnotes":"","jetpack_publicize_message":"","jetpack_publicize_feature_enabled":true,"jetpack_social_post_already_shared":true,"jetpack_social_options":{"image_generator_settings":{"template":"highway","default_image_id":0,"font":"","enabled":false},"version":2}},"categories":[14],"tags":[36,73,35],"class_list":["post-17750","post","type-post","status-publish","format-standard","has-post-thumbnail","hentry","category-cultura","tag-algarve","tag-aljezur","tag-cultura"],"yoast_head":"<!-- This site is optimized with the Yoast SEO plugin v27.5 - https:\/\/yoast.com\/product\/yoast-seo-wordpress\/ -->\n<title>Aljezur com \u201csunset\u201d no Castelo - Algarve 7<\/title>\n<meta name=\"description\" content=\"Aljezur com \u201csunset\u201d no Castelo Cultura\" \/>\n<meta name=\"robots\" content=\"index, follow, max-snippet:-1, max-image-preview:large, max-video-preview:-1\" \/>\n<link rel=\"canonical\" href=\"https:\/\/algarve7.pt\/index.php\/2022\/04\/aljezur-com-sunset-no-castelo\/cultura\/09\/16\/\" \/>\n<meta property=\"og:locale\" content=\"pt_PT\" \/>\n<meta property=\"og:type\" content=\"article\" \/>\n<meta property=\"og:title\" content=\"Aljezur com \u201csunset\u201d no Castelo - Algarve 7\" \/>\n<meta property=\"og:description\" content=\"Aljezur com \u201csunset\u201d no Castelo Cultura\" \/>\n<meta property=\"og:url\" content=\"https:\/\/algarve7.pt\/index.php\/2022\/04\/aljezur-com-sunset-no-castelo\/cultura\/09\/16\/\" \/>\n<meta property=\"og:site_name\" content=\"Algarve 7\" \/>\n<meta property=\"article:publisher\" content=\"https:\/\/www.facebook.com\/algarve7\" \/>\n<meta property=\"article:author\" content=\"https:\/\/www.facebook.com\/algarve7\" \/>\n<meta property=\"article:published_time\" content=\"2022-04-15T08:16:51+00:00\" \/>\n<meta property=\"article:modified_time\" content=\"2022-04-15T08:16:53+00:00\" \/>\n<meta property=\"og:image\" content=\"https:\/\/algarve7.pt\/wp-content\/uploads\/2022\/04\/Captura-de-ecra\u0303-2022-04-15-a\u0300s-09.13.09.png\" \/>\n\t<meta property=\"og:image:width\" content=\"1502\" \/>\n\t<meta property=\"og:image:height\" content=\"1172\" \/>\n\t<meta property=\"og:image:type\" content=\"image\/png\" \/>\n<meta name=\"author\" content=\"Algarve 7\" \/>\n<meta name=\"twitter:card\" content=\"summary_large_image\" \/>\n<meta name=\"twitter:creator\" content=\"@Algarvesete\" \/>\n<meta name=\"twitter:site\" content=\"@Algarvesete\" \/>\n<meta name=\"twitter:label1\" content=\"Escrito por\" \/>\n\t<meta name=\"twitter:data1\" content=\"Algarve 7\" \/>\n\t<meta name=\"twitter:label2\" content=\"Tempo estimado de leitura\" \/>\n\t<meta name=\"twitter:data2\" content=\"2 minutos\" \/>\n<script type=\"application\/ld+json\" class=\"yoast-schema-graph\">{\"@context\":\"https:\\\/\\\/schema.org\",\"@graph\":[{\"@type\":\"Article\",\"@id\":\"https:\\\/\\\/algarve7.pt\\\/index.php\\\/2022\\\/04\\\/aljezur-com-sunset-no-castelo\\\/cultura\\\/09\\\/16\\\/#article\",\"isPartOf\":{\"@id\":\"https:\\\/\\\/algarve7.pt\\\/index.php\\\/2022\\\/04\\\/aljezur-com-sunset-no-castelo\\\/cultura\\\/09\\\/16\\\/\"},\"author\":{\"name\":\"Algarve 7\",\"@id\":\"https:\\\/\\\/algarve7.pt\\\/#\\\/schema\\\/person\\\/23fa70681308e7b319a3204bcea45e0c\"},\"headline\":\"Aljezur com \u201csunset\u201d no Castelo\",\"datePublished\":\"2022-04-15T08:16:51+00:00\",\"dateModified\":\"2022-04-15T08:16:53+00:00\",\"mainEntityOfPage\":{\"@id\":\"https:\\\/\\\/algarve7.pt\\\/index.php\\\/2022\\\/04\\\/aljezur-com-sunset-no-castelo\\\/cultura\\\/09\\\/16\\\/\"},\"wordCount\":282,\"publisher\":{\"@id\":\"https:\\\/\\\/algarve7.pt\\\/#organization\"},\"image\":{\"@id\":\"https:\\\/\\\/algarve7.pt\\\/index.php\\\/2022\\\/04\\\/aljezur-com-sunset-no-castelo\\\/cultura\\\/09\\\/16\\\/#primaryimage\"},\"thumbnailUrl\":\"https:\\\/\\\/algarve7.pt\\\/wp-content\\\/uploads\\\/2022\\\/04\\\/Captura-de-ecra\u0303-2022-04-15-a\u0300s-09.13.09.png\",\"keywords\":[\"Algarve\",\"Aljezur\",\"Cultura\"],\"articleSection\":[\"Cultura\"],\"inLanguage\":\"pt-PT\"},{\"@type\":\"WebPage\",\"@id\":\"https:\\\/\\\/algarve7.pt\\\/index.php\\\/2022\\\/04\\\/aljezur-com-sunset-no-castelo\\\/cultura\\\/09\\\/16\\\/\",\"url\":\"https:\\\/\\\/algarve7.pt\\\/index.php\\\/2022\\\/04\\\/aljezur-com-sunset-no-castelo\\\/cultura\\\/09\\\/16\\\/\",\"name\":\"Aljezur com \u201csunset\u201d no Castelo - Algarve 7\",\"isPartOf\":{\"@id\":\"https:\\\/\\\/algarve7.pt\\\/#website\"},\"primaryImageOfPage\":{\"@id\":\"https:\\\/\\\/algarve7.pt\\\/index.php\\\/2022\\\/04\\\/aljezur-com-sunset-no-castelo\\\/cultura\\\/09\\\/16\\\/#primaryimage\"},\"image\":{\"@id\":\"https:\\\/\\\/algarve7.pt\\\/index.php\\\/2022\\\/04\\\/aljezur-com-sunset-no-castelo\\\/cultura\\\/09\\\/16\\\/#primaryimage\"},\"thumbnailUrl\":\"https:\\\/\\\/algarve7.pt\\\/wp-content\\\/uploads\\\/2022\\\/04\\\/Captura-de-ecra\u0303-2022-04-15-a\u0300s-09.13.09.png\",\"datePublished\":\"2022-04-15T08:16:51+00:00\",\"dateModified\":\"2022-04-15T08:16:53+00:00\",\"description\":\"Aljezur com \u201csunset\u201d no Castelo Cultura\",\"breadcrumb\":{\"@id\":\"https:\\\/\\\/algarve7.pt\\\/index.php\\\/2022\\\/04\\\/aljezur-com-sunset-no-castelo\\\/cultura\\\/09\\\/16\\\/#breadcrumb\"},\"inLanguage\":\"pt-PT\",\"potentialAction\":[{\"@type\":\"ReadAction\",\"target\":[\"https:\\\/\\\/algarve7.pt\\\/index.php\\\/2022\\\/04\\\/aljezur-com-sunset-no-castelo\\\/cultura\\\/09\\\/16\\\/\"]}]},{\"@type\":\"ImageObject\",\"inLanguage\":\"pt-PT\",\"@id\":\"https:\\\/\\\/algarve7.pt\\\/index.php\\\/2022\\\/04\\\/aljezur-com-sunset-no-castelo\\\/cultura\\\/09\\\/16\\\/#primaryimage\",\"url\":\"https:\\\/\\\/algarve7.pt\\\/wp-content\\\/uploads\\\/2022\\\/04\\\/Captura-de-ecra\u0303-2022-04-15-a\u0300s-09.13.09.png\",\"contentUrl\":\"https:\\\/\\\/algarve7.pt\\\/wp-content\\\/uploads\\\/2022\\\/04\\\/Captura-de-ecra\u0303-2022-04-15-a\u0300s-09.13.09.png\",\"width\":1502,\"height\":1172},{\"@type\":\"BreadcrumbList\",\"@id\":\"https:\\\/\\\/algarve7.pt\\\/index.php\\\/2022\\\/04\\\/aljezur-com-sunset-no-castelo\\\/cultura\\\/09\\\/16\\\/#breadcrumb\",\"itemListElement\":[{\"@type\":\"ListItem\",\"position\":1,\"name\":\"In\u00edcio\",\"item\":\"https:\\\/\\\/algarve7.pt\\\/\"},{\"@type\":\"ListItem\",\"position\":2,\"name\":\"Aljezur com \u201csunset\u201d no Castelo\"}]},{\"@type\":\"WebSite\",\"@id\":\"https:\\\/\\\/algarve7.pt\\\/#website\",\"url\":\"https:\\\/\\\/algarve7.pt\\\/\",\"name\":\"Algarve 7\",\"description\":\"Informa\u00e7\u00e3o sobre o Algarve\",\"publisher\":{\"@id\":\"https:\\\/\\\/algarve7.pt\\\/#organization\"},\"potentialAction\":[{\"@type\":\"SearchAction\",\"target\":{\"@type\":\"EntryPoint\",\"urlTemplate\":\"https:\\\/\\\/algarve7.pt\\\/?s={search_term_string}\"},\"query-input\":{\"@type\":\"PropertyValueSpecification\",\"valueRequired\":true,\"valueName\":\"search_term_string\"}}],\"inLanguage\":\"pt-PT\"},{\"@type\":\"Organization\",\"@id\":\"https:\\\/\\\/algarve7.pt\\\/#organization\",\"name\":\"Algarve 7\",\"url\":\"https:\\\/\\\/algarve7.pt\\\/\",\"logo\":{\"@type\":\"ImageObject\",\"inLanguage\":\"pt-PT\",\"@id\":\"https:\\\/\\\/algarve7.pt\\\/#\\\/schema\\\/logo\\\/image\\\/\",\"url\":\"https:\\\/\\\/algarve7.pt\\\/wp-content\\\/uploads\\\/2020\\\/10\\\/Logo-8.jpg\",\"contentUrl\":\"https:\\\/\\\/algarve7.pt\\\/wp-content\\\/uploads\\\/2020\\\/10\\\/Logo-8.jpg\",\"width\":1680,\"height\":1186,\"caption\":\"Algarve 7\"},\"image\":{\"@id\":\"https:\\\/\\\/algarve7.pt\\\/#\\\/schema\\\/logo\\\/image\\\/\"},\"sameAs\":[\"https:\\\/\\\/www.facebook.com\\\/algarve7\",\"https:\\\/\\\/x.com\\\/Algarvesete\",\"https:\\\/\\\/www.instagram.com\\\/jornalalgarve7\\\/\",\"https:\\\/\\\/www.linkedin.com\\\/company\\\/algarve7\",\"https:\\\/\\\/www.pinterest.pt\\\/geral0939\\\/_created\\\/\"]},{\"@type\":\"Person\",\"@id\":\"https:\\\/\\\/algarve7.pt\\\/#\\\/schema\\\/person\\\/23fa70681308e7b319a3204bcea45e0c\",\"name\":\"Algarve 7\",\"sameAs\":[\"https:\\\/\\\/algarve7.pt\",\"https:\\\/\\\/www.facebook.com\\\/algarve7\"],\"url\":\"https:\\\/\\\/algarve7.pt\\\/index.php\\\/author\\\/geralalgarve7-pt\\\/\"}]}<\/script>\n<!-- \/ Yoast SEO plugin. -->","yoast_head_json":{"title":"Aljezur com \u201csunset\u201d no Castelo - Algarve 7","description":"Aljezur com \u201csunset\u201d no Castelo Cultura","robots":{"index":"index","follow":"follow","max-snippet":"max-snippet:-1","max-image-preview":"max-image-preview:large","max-video-preview":"max-video-preview:-1"},"canonical":"https:\/\/algarve7.pt\/index.php\/2022\/04\/aljezur-com-sunset-no-castelo\/cultura\/09\/16\/","og_locale":"pt_PT","og_type":"article","og_title":"Aljezur com \u201csunset\u201d no Castelo - Algarve 7","og_description":"Aljezur com \u201csunset\u201d no Castelo Cultura","og_url":"https:\/\/algarve7.pt\/index.php\/2022\/04\/aljezur-com-sunset-no-castelo\/cultura\/09\/16\/","og_site_name":"Algarve 7","article_publisher":"https:\/\/www.facebook.com\/algarve7","article_author":"https:\/\/www.facebook.com\/algarve7","article_published_time":"2022-04-15T08:16:51+00:00","article_modified_time":"2022-04-15T08:16:53+00:00","og_image":[{"width":1502,"height":1172,"url":"https:\/\/algarve7.pt\/wp-content\/uploads\/2022\/04\/Captura-de-ecra\u0303-2022-04-15-a\u0300s-09.13.09.png","type":"image\/png"}],"author":"Algarve 7","twitter_card":"summary_large_image","twitter_creator":"@Algarvesete","twitter_site":"@Algarvesete","twitter_misc":{"Escrito por":"Algarve 7","Tempo estimado de leitura":"2 minutos"},"schema":{"@context":"https:\/\/schema.org","@graph":[{"@type":"Article","@id":"https:\/\/algarve7.pt\/index.php\/2022\/04\/aljezur-com-sunset-no-castelo\/cultura\/09\/16\/#article","isPartOf":{"@id":"https:\/\/algarve7.pt\/index.php\/2022\/04\/aljezur-com-sunset-no-castelo\/cultura\/09\/16\/"},"author":{"name":"Algarve 7","@id":"https:\/\/algarve7.pt\/#\/schema\/person\/23fa70681308e7b319a3204bcea45e0c"},"headline":"Aljezur com \u201csunset\u201d no Castelo","datePublished":"2022-04-15T08:16:51+00:00","dateModified":"2022-04-15T08:16:53+00:00","mainEntityOfPage":{"@id":"https:\/\/algarve7.pt\/index.php\/2022\/04\/aljezur-com-sunset-no-castelo\/cultura\/09\/16\/"},"wordCount":282,"publisher":{"@id":"https:\/\/algarve7.pt\/#organization"},"image":{"@id":"https:\/\/algarve7.pt\/index.php\/2022\/04\/aljezur-com-sunset-no-castelo\/cultura\/09\/16\/#primaryimage"},"thumbnailUrl":"https:\/\/algarve7.pt\/wp-content\/uploads\/2022\/04\/Captura-de-ecra\u0303-2022-04-15-a\u0300s-09.13.09.png","keywords":["Algarve","Aljezur","Cultura"],"articleSection":["Cultura"],"inLanguage":"pt-PT"},{"@type":"WebPage","@id":"https:\/\/algarve7.pt\/index.php\/2022\/04\/aljezur-com-sunset-no-castelo\/cultura\/09\/16\/","url":"https:\/\/algarve7.pt\/index.php\/2022\/04\/aljezur-com-sunset-no-castelo\/cultura\/09\/16\/","name":"Aljezur com \u201csunset\u201d no Castelo - Algarve 7","isPartOf":{"@id":"https:\/\/algarve7.pt\/#website"},"primaryImageOfPage":{"@id":"https:\/\/algarve7.pt\/index.php\/2022\/04\/aljezur-com-sunset-no-castelo\/cultura\/09\/16\/#primaryimage"},"image":{"@id":"https:\/\/algarve7.pt\/index.php\/2022\/04\/aljezur-com-sunset-no-castelo\/cultura\/09\/16\/#primaryimage"},"thumbnailUrl":"https:\/\/algarve7.pt\/wp-content\/uploads\/2022\/04\/Captura-de-ecra\u0303-2022-04-15-a\u0300s-09.13.09.png","datePublished":"2022-04-15T08:16:51+00:00","dateModified":"2022-04-15T08:16:53+00:00","description":"Aljezur com \u201csunset\u201d no Castelo Cultura","breadcrumb":{"@id":"https:\/\/algarve7.pt\/index.php\/2022\/04\/aljezur-com-sunset-no-castelo\/cultura\/09\/16\/#breadcrumb"},"inLanguage":"pt-PT","potentialAction":[{"@type":"ReadAction","target":["https:\/\/algarve7.pt\/index.php\/2022\/04\/aljezur-com-sunset-no-castelo\/cultura\/09\/16\/"]}]},{"@type":"ImageObject","inLanguage":"pt-PT","@id":"https:\/\/algarve7.pt\/index.php\/2022\/04\/aljezur-com-sunset-no-castelo\/cultura\/09\/16\/#primaryimage","url":"https:\/\/algarve7.pt\/wp-content\/uploads\/2022\/04\/Captura-de-ecra\u0303-2022-04-15-a\u0300s-09.13.09.png","contentUrl":"https:\/\/algarve7.pt\/wp-content\/uploads\/2022\/04\/Captura-de-ecra\u0303-2022-04-15-a\u0300s-09.13.09.png","width":1502,"height":1172},{"@type":"BreadcrumbList","@id":"https:\/\/algarve7.pt\/index.php\/2022\/04\/aljezur-com-sunset-no-castelo\/cultura\/09\/16\/#breadcrumb","itemListElement":[{"@type":"ListItem","position":1,"name":"In\u00edcio","item":"https:\/\/algarve7.pt\/"},{"@type":"ListItem","position":2,"name":"Aljezur com \u201csunset\u201d no Castelo"}]},{"@type":"WebSite","@id":"https:\/\/algarve7.pt\/#website","url":"https:\/\/algarve7.pt\/","name":"Algarve 7","description":"Informa\u00e7\u00e3o sobre o Algarve","publisher":{"@id":"https:\/\/algarve7.pt\/#organization"},"potentialAction":[{"@type":"SearchAction","target":{"@type":"EntryPoint","urlTemplate":"https:\/\/algarve7.pt\/?s={search_term_string}"},"query-input":{"@type":"PropertyValueSpecification","valueRequired":true,"valueName":"search_term_string"}}],"inLanguage":"pt-PT"},{"@type":"Organization","@id":"https:\/\/algarve7.pt\/#organization","name":"Algarve 7","url":"https:\/\/algarve7.pt\/","logo":{"@type":"ImageObject","inLanguage":"pt-PT","@id":"https:\/\/algarve7.pt\/#\/schema\/logo\/image\/","url":"https:\/\/algarve7.pt\/wp-content\/uploads\/2020\/10\/Logo-8.jpg","contentUrl":"https:\/\/algarve7.pt\/wp-content\/uploads\/2020\/10\/Logo-8.jpg","width":1680,"height":1186,"caption":"Algarve 7"},"image":{"@id":"https:\/\/algarve7.pt\/#\/schema\/logo\/image\/"},"sameAs":["https:\/\/www.facebook.com\/algarve7","https:\/\/x.com\/Algarvesete","https:\/\/www.instagram.com\/jornalalgarve7\/","https:\/\/www.linkedin.com\/company\/algarve7","https:\/\/www.pinterest.pt\/geral0939\/_created\/"]},{"@type":"Person","@id":"https:\/\/algarve7.pt\/#\/schema\/person\/23fa70681308e7b319a3204bcea45e0c","name":"Algarve 7","sameAs":["https:\/\/algarve7.pt","https:\/\/www.facebook.com\/algarve7"],"url":"https:\/\/algarve7.pt\/index.php\/author\/geralalgarve7-pt\/"}]}},"jetpack_publicize_connections":[],"jetpack_featured_media_url":"https:\/\/algarve7.pt\/wp-content\/uploads\/2022\/04\/Captura-de-ecra\u0303-2022-04-15-a\u0300s-09.13.09.png","jetpack_shortlink":"https:\/\/wp.me\/pcezmW-4Ci","jetpack_sharing_enabled":true,"_links":{"self":[{"href":"https:\/\/algarve7.pt\/index.php\/wp-json\/wp\/v2\/posts\/17750","targetHints":{"allow":["GET"]}}],"collection":[{"href":"https:\/\/algarve7.pt\/index.php\/wp-json\/wp\/v2\/posts"}],"about":[{"href":"https:\/\/algarve7.pt\/index.php\/wp-json\/wp\/v2\/types\/post"}],"author":[{"embeddable":true,"href":"https:\/\/algarve7.pt\/index.php\/wp-json\/wp\/v2\/users\/1"}],"replies":[{"embeddable":true,"href":"https:\/\/algarve7.pt\/index.php\/wp-json\/wp\/v2\/comments?post=17750"}],"version-history":[{"count":0,"href":"https:\/\/algarve7.pt\/index.php\/wp-json\/wp\/v2\/posts\/17750\/revisions"}],"wp:featuredmedia":[{"embeddable":true,"href":"https:\/\/algarve7.pt\/index.php\/wp-json\/wp\/v2\/media\/17751"}],"wp:attachment":[{"href":"https:\/\/algarve7.pt\/index.php\/wp-json\/wp\/v2\/media?parent=17750"}],"wp:term":[{"taxonomy":"category","embeddable":true,"href":"https:\/\/algarve7.pt\/index.php\/wp-json\/wp\/v2\/categories?post=17750"},{"taxonomy":"post_tag","embeddable":true,"href":"https:\/\/algarve7.pt\/index.php\/wp-json\/wp\/v2\/tags?post=17750"}],"curies":[{"name":"wp","href":"https:\/\/api.w.org\/{rel}","templated":true}]}}