{"id":1774,"date":"2020-09-23T19:12:45","date_gmt":"2020-09-23T18:12:45","guid":{"rendered":"https:\/\/algarve7.pt\/?p=1774"},"modified":"2020-09-23T19:12:45","modified_gmt":"2020-09-23T18:12:45","slug":"festival-jovens-musicos-antena-2-rtp-em-loule-com-dois-concertos","status":"publish","type":"post","link":"https:\/\/algarve7.pt\/index.php\/2020\/09\/festival-jovens-musicos-antena-2-rtp-em-loule-com-dois-concertos\/cultura\/19\/12\/","title":{"rendered":"Festival jovens M\u00fasicos antena 2\/RTP em Loul\u00e9 com dois concertos"},"content":{"rendered":"\n<p>O Festival Jovens M\u00fasicos 2020 \u00e9 uma organiza\u00e7\u00e3o da Antena 2 e da RTP, em parceria com a Funda\u00e7\u00e3o Calouste Gulbenkian, a C\u00e2mara Municipal de Loul\u00e9 e a ESMAE &#8211; Escola Superior de M\u00fasica e Artes do Espet\u00e1culo (Porto), e decorre at\u00e9 26 de setembro.<\/p>\n\n\n\n<p>Nesta sua 10.\u00aa edi\u00e7\u00e3o, que conta com a transmiss\u00e3o online de concertos de edi\u00e7\u00f5es anteriores e a realiza\u00e7\u00e3o de algumas atua\u00e7\u00f5es ao vivo, com p\u00fablico e com exibi\u00e7\u00e3o em streaming atrav\u00e9s da Antena 2 e da RTP Palco, o festival ruma pela primeira vez a sul, a Loul\u00e9 (al\u00e9m de Lisboa e Porto), com dois concertos imperd\u00edveis que apresentam os mais promissores criadores e int\u00e9rpretes da nova gera\u00e7\u00e3o. A 23 de setembro, pelas 21h30, o Tom\u00e1s Marques Quarteto (jazz) atua no Audit\u00f3rio do Solar da M\u00fasica Nova e a 25 o Quarteto Tejo (m\u00fasica cl\u00e1ssica) apresenta-se na Igreja da Miseric\u00f3rdia de Loul\u00e9 tamb\u00e9m pelas 21h30. Ambos os concertos ser\u00e3o transmitidos em direto pela Antena 2 e RTP Palco.<\/p>\n\n\n\n<p>Tom\u00e1s Marques Quarteto \u00e9 uma banda formada pelo saxofonista que d\u00e1 nome \u00e0 banda, propositadamente para o Pr\u00e9mio Jovens M\u00fasicos. Sendo todos alunos da Escola Superior de M\u00fasica de Lisboa, Tom\u00e1s reuniu estes amigos para o concurso, avan\u00e7ando assim com um novo quarteto. Tom\u00e1s Marques no saxofone, Samuel Gapp no piano, Rodrigo Correia no contrabaixo e Diogo Alexandre na bateria t\u00eam tocado com os maiores nomes do jazz portugu\u00eas e cada vez mais solidificando estes novos nomes no Jazz em Portugal. \u00c0 volta de um jazz moderno cheio de influ\u00eancias, tocam composi\u00e7\u00f5es do saxofonista. Este agrupamento foi reconhecido com o Pr\u00e9mio Jovens M\u00fasicos 2019 na categoria &#8216;Jazz Combo\u2019.<\/p>\n\n\n\n<p>O Quarteto Tejo, formado em 2018, teve origem nas margens do rio que lhe d\u00e1 o nome, em Bel\u00e9m, ap\u00f3s os quatro m\u00fasicos residentes no estrangeiro se terem encontrado num curso de aperfei\u00e7oamento e tocado em conjunto. O entusiasmo por abordar a m\u00fasica sem barreiras formais e experimentar diferentes sentimentos e ideias em uni\u00e3o, levou-os a formalizar o quarteto. Este projeto musical \u00e9 um bilhete para Portugal de Inglaterra, Su\u00ed\u00e7a, B\u00e9lgica e Alemanha; \u00e9 uma viagem de quatro indiv\u00edduos \u00e0 explora\u00e7\u00e3o do seu gosto comum pela m\u00fasica.<\/p>\n\n\n\n<p>Ambos os concertos destinam-se ao p\u00fablico em geral, t\u00eam uma dura\u00e7\u00e3o aproximada de 60 minutos cada e a entrada \u00e9 gratuita (l\u00f3gica de acesso que se estende a todo o festival) mas limitada, exigindo obrigatoriamente o levantamento pr\u00e9vio de convite na rece\u00e7\u00e3o do Cineteatro Louletano.&nbsp;<\/p>\n\n\n\n<p>Para mais informa\u00e7\u00f5es, os interessados podem contactar o Cineteatro Louletano pelo telefone 289 414 604 (ter\u00e7a a sexta-feira, das 13h00 \u00e0s 18h00) ou pelo email&nbsp;<a href=\"mailto:cinereservas@cm-loule.pt\">cinereservas@cm-loule.pt<\/a>&nbsp;Al\u00e9m disso, podem consultar a sua p\u00e1gina de facebook \u2013 www.facebook.com\/cineteatrolouletano ou o seu renovado website http:\/\/cineteatro.cm-loule.pt, ambos em permanente atualiza\u00e7\u00e3o, bem como a sua conta no instagram (cineteatrolouletano).<\/p>\n\n\n\n<p>O Cineteatro Louletano \u00e9 uma estrutura cultural no dom\u00ednio das artes performativas da C\u00e2mara Municipal de Loul\u00e9 e est\u00e1 integrado na Rede Azul \u2013 Rede de Teatros do Algarve e na Rede 5 Sentidos.<\/p>\n","protected":false},"excerpt":{"rendered":"<p>O Festival Jovens M\u00fasicos 2020 \u00e9 uma organiza\u00e7\u00e3o da Antena 2 e da RTP, em parceria com a Funda\u00e7\u00e3o Calouste<\/p>\n","protected":false},"author":1,"featured_media":1775,"comment_status":"closed","ping_status":"open","sticky":false,"template":"","format":"standard","meta":{"colormag_page_container_layout":"default_layout","colormag_page_sidebar_layout":"default_layout","_monsterinsights_skip_tracking":false,"_monsterinsights_sitenote_active":false,"_monsterinsights_sitenote_note":"","_monsterinsights_sitenote_category":0,"jetpack_post_was_ever_published":false,"_jetpack_newsletter_access":"","_jetpack_dont_email_post_to_subs":false,"_jetpack_newsletter_tier_id":0,"_jetpack_memberships_contains_paywalled_content":false,"_jetpack_memberships_contains_paid_content":false,"footnotes":"","jetpack_publicize_message":"","jetpack_publicize_feature_enabled":true,"jetpack_social_post_already_shared":true,"jetpack_social_options":{"image_generator_settings":{"template":"highway","default_image_id":0,"font":"","enabled":false},"version":2}},"categories":[14],"tags":[52,35,31],"class_list":["post-1774","post","type-post","status-publish","format-standard","has-post-thumbnail","hentry","category-cultura","tag-concerto","tag-cultura","tag-loule"],"yoast_head":"<!-- This site is optimized with the Yoast SEO plugin v27.5 - https:\/\/yoast.com\/product\/yoast-seo-wordpress\/ -->\n<title>Festival jovens M\u00fasicos antena 2\/RTP em Loul\u00e9 com dois concertos - Algarve 7<\/title>\n<meta name=\"description\" content=\"Festival jovens M\u00fasicos antena 2\/RTP em Loul\u00e9 com dois concertos\" \/>\n<meta name=\"robots\" content=\"index, follow, max-snippet:-1, max-image-preview:large, max-video-preview:-1\" \/>\n<link rel=\"canonical\" href=\"https:\/\/algarve7.pt\/index.php\/2020\/09\/festival-jovens-musicos-antena-2-rtp-em-loule-com-dois-concertos\/cultura\/19\/12\/\" \/>\n<meta property=\"og:locale\" content=\"pt_PT\" \/>\n<meta property=\"og:type\" content=\"article\" \/>\n<meta property=\"og:title\" content=\"Festival jovens M\u00fasicos antena 2\/RTP em Loul\u00e9 com dois concertos - Algarve 7\" \/>\n<meta property=\"og:description\" content=\"Festival jovens M\u00fasicos antena 2\/RTP em Loul\u00e9 com dois concertos\" \/>\n<meta property=\"og:url\" content=\"https:\/\/algarve7.pt\/index.php\/2020\/09\/festival-jovens-musicos-antena-2-rtp-em-loule-com-dois-concertos\/cultura\/19\/12\/\" \/>\n<meta property=\"og:site_name\" content=\"Algarve 7\" \/>\n<meta property=\"article:publisher\" content=\"https:\/\/www.facebook.com\/algarve7\" \/>\n<meta property=\"article:author\" content=\"https:\/\/www.facebook.com\/algarve7\" \/>\n<meta property=\"article:published_time\" content=\"2020-09-23T18:12:45+00:00\" \/>\n<meta property=\"og:image\" content=\"https:\/\/algarve7.pt\/wp-content\/uploads\/2020\/09\/Festival-Jovens-Musicos-QuartetoTejo.jpg\" \/>\n\t<meta property=\"og:image:width\" content=\"1920\" \/>\n\t<meta property=\"og:image:height\" content=\"1280\" \/>\n\t<meta property=\"og:image:type\" content=\"image\/jpeg\" \/>\n<meta name=\"author\" content=\"Algarve 7\" \/>\n<meta name=\"twitter:card\" content=\"summary_large_image\" \/>\n<meta name=\"twitter:creator\" content=\"@Algarvesete\" \/>\n<meta name=\"twitter:site\" content=\"@Algarvesete\" \/>\n<meta name=\"twitter:label1\" content=\"Escrito por\" \/>\n\t<meta name=\"twitter:data1\" content=\"Algarve 7\" \/>\n\t<meta name=\"twitter:label2\" content=\"Tempo estimado de leitura\" \/>\n\t<meta name=\"twitter:data2\" content=\"3 minutos\" \/>\n<script type=\"application\/ld+json\" class=\"yoast-schema-graph\">{\"@context\":\"https:\\\/\\\/schema.org\",\"@graph\":[{\"@type\":\"Article\",\"@id\":\"https:\\\/\\\/algarve7.pt\\\/index.php\\\/2020\\\/09\\\/festival-jovens-musicos-antena-2-rtp-em-loule-com-dois-concertos\\\/cultura\\\/19\\\/12\\\/#article\",\"isPartOf\":{\"@id\":\"https:\\\/\\\/algarve7.pt\\\/index.php\\\/2020\\\/09\\\/festival-jovens-musicos-antena-2-rtp-em-loule-com-dois-concertos\\\/cultura\\\/19\\\/12\\\/\"},\"author\":{\"name\":\"Algarve 7\",\"@id\":\"https:\\\/\\\/algarve7.pt\\\/#\\\/schema\\\/person\\\/23fa70681308e7b319a3204bcea45e0c\"},\"headline\":\"Festival jovens M\u00fasicos antena 2\\\/RTP em Loul\u00e9 com dois concertos\",\"datePublished\":\"2020-09-23T18:12:45+00:00\",\"mainEntityOfPage\":{\"@id\":\"https:\\\/\\\/algarve7.pt\\\/index.php\\\/2020\\\/09\\\/festival-jovens-musicos-antena-2-rtp-em-loule-com-dois-concertos\\\/cultura\\\/19\\\/12\\\/\"},\"wordCount\":551,\"publisher\":{\"@id\":\"https:\\\/\\\/algarve7.pt\\\/#organization\"},\"image\":{\"@id\":\"https:\\\/\\\/algarve7.pt\\\/index.php\\\/2020\\\/09\\\/festival-jovens-musicos-antena-2-rtp-em-loule-com-dois-concertos\\\/cultura\\\/19\\\/12\\\/#primaryimage\"},\"thumbnailUrl\":\"https:\\\/\\\/algarve7.pt\\\/wp-content\\\/uploads\\\/2020\\\/09\\\/Festival-Jovens-Musicos-QuartetoTejo.jpg\",\"keywords\":[\"Concerto\",\"Cultura\",\"Loul\u00e9\"],\"articleSection\":[\"Cultura\"],\"inLanguage\":\"pt-PT\"},{\"@type\":\"WebPage\",\"@id\":\"https:\\\/\\\/algarve7.pt\\\/index.php\\\/2020\\\/09\\\/festival-jovens-musicos-antena-2-rtp-em-loule-com-dois-concertos\\\/cultura\\\/19\\\/12\\\/\",\"url\":\"https:\\\/\\\/algarve7.pt\\\/index.php\\\/2020\\\/09\\\/festival-jovens-musicos-antena-2-rtp-em-loule-com-dois-concertos\\\/cultura\\\/19\\\/12\\\/\",\"name\":\"Festival jovens M\u00fasicos antena 2\\\/RTP em Loul\u00e9 com dois concertos - Algarve 7\",\"isPartOf\":{\"@id\":\"https:\\\/\\\/algarve7.pt\\\/#website\"},\"primaryImageOfPage\":{\"@id\":\"https:\\\/\\\/algarve7.pt\\\/index.php\\\/2020\\\/09\\\/festival-jovens-musicos-antena-2-rtp-em-loule-com-dois-concertos\\\/cultura\\\/19\\\/12\\\/#primaryimage\"},\"image\":{\"@id\":\"https:\\\/\\\/algarve7.pt\\\/index.php\\\/2020\\\/09\\\/festival-jovens-musicos-antena-2-rtp-em-loule-com-dois-concertos\\\/cultura\\\/19\\\/12\\\/#primaryimage\"},\"thumbnailUrl\":\"https:\\\/\\\/algarve7.pt\\\/wp-content\\\/uploads\\\/2020\\\/09\\\/Festival-Jovens-Musicos-QuartetoTejo.jpg\",\"datePublished\":\"2020-09-23T18:12:45+00:00\",\"description\":\"Festival jovens M\u00fasicos antena 2\\\/RTP em Loul\u00e9 com dois concertos\",\"breadcrumb\":{\"@id\":\"https:\\\/\\\/algarve7.pt\\\/index.php\\\/2020\\\/09\\\/festival-jovens-musicos-antena-2-rtp-em-loule-com-dois-concertos\\\/cultura\\\/19\\\/12\\\/#breadcrumb\"},\"inLanguage\":\"pt-PT\",\"potentialAction\":[{\"@type\":\"ReadAction\",\"target\":[\"https:\\\/\\\/algarve7.pt\\\/index.php\\\/2020\\\/09\\\/festival-jovens-musicos-antena-2-rtp-em-loule-com-dois-concertos\\\/cultura\\\/19\\\/12\\\/\"]}]},{\"@type\":\"ImageObject\",\"inLanguage\":\"pt-PT\",\"@id\":\"https:\\\/\\\/algarve7.pt\\\/index.php\\\/2020\\\/09\\\/festival-jovens-musicos-antena-2-rtp-em-loule-com-dois-concertos\\\/cultura\\\/19\\\/12\\\/#primaryimage\",\"url\":\"https:\\\/\\\/algarve7.pt\\\/wp-content\\\/uploads\\\/2020\\\/09\\\/Festival-Jovens-Musicos-QuartetoTejo.jpg\",\"contentUrl\":\"https:\\\/\\\/algarve7.pt\\\/wp-content\\\/uploads\\\/2020\\\/09\\\/Festival-Jovens-Musicos-QuartetoTejo.jpg\",\"width\":1920,\"height\":1280,\"caption\":\"Quarteto Tejo , quarteto de cordas formado pelos musicos Beatriz Raimundo (violoncelo ) , Tomas Soares ( violino ) , Sofia Silva Sousa ( viola ) e Andre Gaio Pereira ( violino ) , fotografados em Belem . Lisboa , 15 de Outubro de 2019 . \u00a9Enric Vives-Rubio\"},{\"@type\":\"BreadcrumbList\",\"@id\":\"https:\\\/\\\/algarve7.pt\\\/index.php\\\/2020\\\/09\\\/festival-jovens-musicos-antena-2-rtp-em-loule-com-dois-concertos\\\/cultura\\\/19\\\/12\\\/#breadcrumb\",\"itemListElement\":[{\"@type\":\"ListItem\",\"position\":1,\"name\":\"In\u00edcio\",\"item\":\"https:\\\/\\\/algarve7.pt\\\/\"},{\"@type\":\"ListItem\",\"position\":2,\"name\":\"Festival jovens M\u00fasicos antena 2\\\/RTP em Loul\u00e9 com dois concertos\"}]},{\"@type\":\"WebSite\",\"@id\":\"https:\\\/\\\/algarve7.pt\\\/#website\",\"url\":\"https:\\\/\\\/algarve7.pt\\\/\",\"name\":\"Algarve 7\",\"description\":\"Informa\u00e7\u00e3o sobre o Algarve\",\"publisher\":{\"@id\":\"https:\\\/\\\/algarve7.pt\\\/#organization\"},\"potentialAction\":[{\"@type\":\"SearchAction\",\"target\":{\"@type\":\"EntryPoint\",\"urlTemplate\":\"https:\\\/\\\/algarve7.pt\\\/?s={search_term_string}\"},\"query-input\":{\"@type\":\"PropertyValueSpecification\",\"valueRequired\":true,\"valueName\":\"search_term_string\"}}],\"inLanguage\":\"pt-PT\"},{\"@type\":\"Organization\",\"@id\":\"https:\\\/\\\/algarve7.pt\\\/#organization\",\"name\":\"Algarve 7\",\"url\":\"https:\\\/\\\/algarve7.pt\\\/\",\"logo\":{\"@type\":\"ImageObject\",\"inLanguage\":\"pt-PT\",\"@id\":\"https:\\\/\\\/algarve7.pt\\\/#\\\/schema\\\/logo\\\/image\\\/\",\"url\":\"https:\\\/\\\/algarve7.pt\\\/wp-content\\\/uploads\\\/2020\\\/10\\\/Logo-8.jpg\",\"contentUrl\":\"https:\\\/\\\/algarve7.pt\\\/wp-content\\\/uploads\\\/2020\\\/10\\\/Logo-8.jpg\",\"width\":1680,\"height\":1186,\"caption\":\"Algarve 7\"},\"image\":{\"@id\":\"https:\\\/\\\/algarve7.pt\\\/#\\\/schema\\\/logo\\\/image\\\/\"},\"sameAs\":[\"https:\\\/\\\/www.facebook.com\\\/algarve7\",\"https:\\\/\\\/x.com\\\/Algarvesete\",\"https:\\\/\\\/www.instagram.com\\\/jornalalgarve7\\\/\",\"https:\\\/\\\/www.linkedin.com\\\/company\\\/algarve7\",\"https:\\\/\\\/www.pinterest.pt\\\/geral0939\\\/_created\\\/\"]},{\"@type\":\"Person\",\"@id\":\"https:\\\/\\\/algarve7.pt\\\/#\\\/schema\\\/person\\\/23fa70681308e7b319a3204bcea45e0c\",\"name\":\"Algarve 7\",\"sameAs\":[\"https:\\\/\\\/algarve7.pt\",\"https:\\\/\\\/www.facebook.com\\\/algarve7\"],\"url\":\"https:\\\/\\\/algarve7.pt\\\/index.php\\\/author\\\/geralalgarve7-pt\\\/\"}]}<\/script>\n<!-- \/ Yoast SEO plugin. -->","yoast_head_json":{"title":"Festival jovens M\u00fasicos antena 2\/RTP em Loul\u00e9 com dois concertos - Algarve 7","description":"Festival jovens M\u00fasicos antena 2\/RTP em Loul\u00e9 com dois concertos","robots":{"index":"index","follow":"follow","max-snippet":"max-snippet:-1","max-image-preview":"max-image-preview:large","max-video-preview":"max-video-preview:-1"},"canonical":"https:\/\/algarve7.pt\/index.php\/2020\/09\/festival-jovens-musicos-antena-2-rtp-em-loule-com-dois-concertos\/cultura\/19\/12\/","og_locale":"pt_PT","og_type":"article","og_title":"Festival jovens M\u00fasicos antena 2\/RTP em Loul\u00e9 com dois concertos - Algarve 7","og_description":"Festival jovens M\u00fasicos antena 2\/RTP em Loul\u00e9 com dois concertos","og_url":"https:\/\/algarve7.pt\/index.php\/2020\/09\/festival-jovens-musicos-antena-2-rtp-em-loule-com-dois-concertos\/cultura\/19\/12\/","og_site_name":"Algarve 7","article_publisher":"https:\/\/www.facebook.com\/algarve7","article_author":"https:\/\/www.facebook.com\/algarve7","article_published_time":"2020-09-23T18:12:45+00:00","og_image":[{"width":1920,"height":1280,"url":"https:\/\/algarve7.pt\/wp-content\/uploads\/2020\/09\/Festival-Jovens-Musicos-QuartetoTejo.jpg","type":"image\/jpeg"}],"author":"Algarve 7","twitter_card":"summary_large_image","twitter_creator":"@Algarvesete","twitter_site":"@Algarvesete","twitter_misc":{"Escrito por":"Algarve 7","Tempo estimado de leitura":"3 minutos"},"schema":{"@context":"https:\/\/schema.org","@graph":[{"@type":"Article","@id":"https:\/\/algarve7.pt\/index.php\/2020\/09\/festival-jovens-musicos-antena-2-rtp-em-loule-com-dois-concertos\/cultura\/19\/12\/#article","isPartOf":{"@id":"https:\/\/algarve7.pt\/index.php\/2020\/09\/festival-jovens-musicos-antena-2-rtp-em-loule-com-dois-concertos\/cultura\/19\/12\/"},"author":{"name":"Algarve 7","@id":"https:\/\/algarve7.pt\/#\/schema\/person\/23fa70681308e7b319a3204bcea45e0c"},"headline":"Festival jovens M\u00fasicos antena 2\/RTP em Loul\u00e9 com dois concertos","datePublished":"2020-09-23T18:12:45+00:00","mainEntityOfPage":{"@id":"https:\/\/algarve7.pt\/index.php\/2020\/09\/festival-jovens-musicos-antena-2-rtp-em-loule-com-dois-concertos\/cultura\/19\/12\/"},"wordCount":551,"publisher":{"@id":"https:\/\/algarve7.pt\/#organization"},"image":{"@id":"https:\/\/algarve7.pt\/index.php\/2020\/09\/festival-jovens-musicos-antena-2-rtp-em-loule-com-dois-concertos\/cultura\/19\/12\/#primaryimage"},"thumbnailUrl":"https:\/\/algarve7.pt\/wp-content\/uploads\/2020\/09\/Festival-Jovens-Musicos-QuartetoTejo.jpg","keywords":["Concerto","Cultura","Loul\u00e9"],"articleSection":["Cultura"],"inLanguage":"pt-PT"},{"@type":"WebPage","@id":"https:\/\/algarve7.pt\/index.php\/2020\/09\/festival-jovens-musicos-antena-2-rtp-em-loule-com-dois-concertos\/cultura\/19\/12\/","url":"https:\/\/algarve7.pt\/index.php\/2020\/09\/festival-jovens-musicos-antena-2-rtp-em-loule-com-dois-concertos\/cultura\/19\/12\/","name":"Festival jovens M\u00fasicos antena 2\/RTP em Loul\u00e9 com dois concertos - Algarve 7","isPartOf":{"@id":"https:\/\/algarve7.pt\/#website"},"primaryImageOfPage":{"@id":"https:\/\/algarve7.pt\/index.php\/2020\/09\/festival-jovens-musicos-antena-2-rtp-em-loule-com-dois-concertos\/cultura\/19\/12\/#primaryimage"},"image":{"@id":"https:\/\/algarve7.pt\/index.php\/2020\/09\/festival-jovens-musicos-antena-2-rtp-em-loule-com-dois-concertos\/cultura\/19\/12\/#primaryimage"},"thumbnailUrl":"https:\/\/algarve7.pt\/wp-content\/uploads\/2020\/09\/Festival-Jovens-Musicos-QuartetoTejo.jpg","datePublished":"2020-09-23T18:12:45+00:00","description":"Festival jovens M\u00fasicos antena 2\/RTP em Loul\u00e9 com dois concertos","breadcrumb":{"@id":"https:\/\/algarve7.pt\/index.php\/2020\/09\/festival-jovens-musicos-antena-2-rtp-em-loule-com-dois-concertos\/cultura\/19\/12\/#breadcrumb"},"inLanguage":"pt-PT","potentialAction":[{"@type":"ReadAction","target":["https:\/\/algarve7.pt\/index.php\/2020\/09\/festival-jovens-musicos-antena-2-rtp-em-loule-com-dois-concertos\/cultura\/19\/12\/"]}]},{"@type":"ImageObject","inLanguage":"pt-PT","@id":"https:\/\/algarve7.pt\/index.php\/2020\/09\/festival-jovens-musicos-antena-2-rtp-em-loule-com-dois-concertos\/cultura\/19\/12\/#primaryimage","url":"https:\/\/algarve7.pt\/wp-content\/uploads\/2020\/09\/Festival-Jovens-Musicos-QuartetoTejo.jpg","contentUrl":"https:\/\/algarve7.pt\/wp-content\/uploads\/2020\/09\/Festival-Jovens-Musicos-QuartetoTejo.jpg","width":1920,"height":1280,"caption":"Quarteto Tejo , quarteto de cordas formado pelos musicos Beatriz Raimundo (violoncelo ) , Tomas Soares ( violino ) , Sofia Silva Sousa ( viola ) e Andre Gaio Pereira ( violino ) , fotografados em Belem . Lisboa , 15 de Outubro de 2019 . \u00a9Enric Vives-Rubio"},{"@type":"BreadcrumbList","@id":"https:\/\/algarve7.pt\/index.php\/2020\/09\/festival-jovens-musicos-antena-2-rtp-em-loule-com-dois-concertos\/cultura\/19\/12\/#breadcrumb","itemListElement":[{"@type":"ListItem","position":1,"name":"In\u00edcio","item":"https:\/\/algarve7.pt\/"},{"@type":"ListItem","position":2,"name":"Festival jovens M\u00fasicos antena 2\/RTP em Loul\u00e9 com dois concertos"}]},{"@type":"WebSite","@id":"https:\/\/algarve7.pt\/#website","url":"https:\/\/algarve7.pt\/","name":"Algarve 7","description":"Informa\u00e7\u00e3o sobre o Algarve","publisher":{"@id":"https:\/\/algarve7.pt\/#organization"},"potentialAction":[{"@type":"SearchAction","target":{"@type":"EntryPoint","urlTemplate":"https:\/\/algarve7.pt\/?s={search_term_string}"},"query-input":{"@type":"PropertyValueSpecification","valueRequired":true,"valueName":"search_term_string"}}],"inLanguage":"pt-PT"},{"@type":"Organization","@id":"https:\/\/algarve7.pt\/#organization","name":"Algarve 7","url":"https:\/\/algarve7.pt\/","logo":{"@type":"ImageObject","inLanguage":"pt-PT","@id":"https:\/\/algarve7.pt\/#\/schema\/logo\/image\/","url":"https:\/\/algarve7.pt\/wp-content\/uploads\/2020\/10\/Logo-8.jpg","contentUrl":"https:\/\/algarve7.pt\/wp-content\/uploads\/2020\/10\/Logo-8.jpg","width":1680,"height":1186,"caption":"Algarve 7"},"image":{"@id":"https:\/\/algarve7.pt\/#\/schema\/logo\/image\/"},"sameAs":["https:\/\/www.facebook.com\/algarve7","https:\/\/x.com\/Algarvesete","https:\/\/www.instagram.com\/jornalalgarve7\/","https:\/\/www.linkedin.com\/company\/algarve7","https:\/\/www.pinterest.pt\/geral0939\/_created\/"]},{"@type":"Person","@id":"https:\/\/algarve7.pt\/#\/schema\/person\/23fa70681308e7b319a3204bcea45e0c","name":"Algarve 7","sameAs":["https:\/\/algarve7.pt","https:\/\/www.facebook.com\/algarve7"],"url":"https:\/\/algarve7.pt\/index.php\/author\/geralalgarve7-pt\/"}]}},"jetpack_publicize_connections":[],"jetpack_featured_media_url":"https:\/\/algarve7.pt\/wp-content\/uploads\/2020\/09\/Festival-Jovens-Musicos-QuartetoTejo.jpg","jetpack_shortlink":"https:\/\/wp.me\/pcezmW-sC","jetpack_sharing_enabled":true,"_links":{"self":[{"href":"https:\/\/algarve7.pt\/index.php\/wp-json\/wp\/v2\/posts\/1774","targetHints":{"allow":["GET"]}}],"collection":[{"href":"https:\/\/algarve7.pt\/index.php\/wp-json\/wp\/v2\/posts"}],"about":[{"href":"https:\/\/algarve7.pt\/index.php\/wp-json\/wp\/v2\/types\/post"}],"author":[{"embeddable":true,"href":"https:\/\/algarve7.pt\/index.php\/wp-json\/wp\/v2\/users\/1"}],"replies":[{"embeddable":true,"href":"https:\/\/algarve7.pt\/index.php\/wp-json\/wp\/v2\/comments?post=1774"}],"version-history":[{"count":0,"href":"https:\/\/algarve7.pt\/index.php\/wp-json\/wp\/v2\/posts\/1774\/revisions"}],"wp:featuredmedia":[{"embeddable":true,"href":"https:\/\/algarve7.pt\/index.php\/wp-json\/wp\/v2\/media\/1775"}],"wp:attachment":[{"href":"https:\/\/algarve7.pt\/index.php\/wp-json\/wp\/v2\/media?parent=1774"}],"wp:term":[{"taxonomy":"category","embeddable":true,"href":"https:\/\/algarve7.pt\/index.php\/wp-json\/wp\/v2\/categories?post=1774"},{"taxonomy":"post_tag","embeddable":true,"href":"https:\/\/algarve7.pt\/index.php\/wp-json\/wp\/v2\/tags?post=1774"}],"curies":[{"name":"wp","href":"https:\/\/api.w.org\/{rel}","templated":true}]}}