{"id":17716,"date":"2022-04-14T09:50:15","date_gmt":"2022-04-14T08:50:15","guid":{"rendered":"https:\/\/algarve7.pt\/?p=17716"},"modified":"2022-04-14T09:50:16","modified_gmt":"2022-04-14T08:50:16","slug":"arena-de-portimao-recebe-a-primeira-mao-do-apuramento-para-o-mundial-de-andebol","status":"publish","type":"post","link":"https:\/\/algarve7.pt\/index.php\/2022\/04\/arena-de-portimao-recebe-a-primeira-mao-do-apuramento-para-o-mundial-de-andebol\/desporto\/09\/50\/","title":{"rendered":"Arena de Portim\u00e3o recebe a primeira m\u00e3o do apuramento para o Mundial de Andebol"},"content":{"rendered":"\n<h5 class=\"wp-block-heading\">Arena de Portim\u00e3o recebe a primeira m\u00e3o do apuramento para o Mundial, frente \u00e0 cong\u00e9nere neerlandesa, esta quinta-feira, \u00e0s 19h00.<\/h5>\n\n\n\n<p class=\"wp-block-paragraph\">Os Pa\u00edses Baixos s\u00e3o uma equipa que tem fluidez no ataque, procurando bastante os duelos diretos e o ataque r\u00e1pido, o que acabou por causar bastantes dificuldades a Portugal, no \u00faltimo encontro, em janeiro passado, relativo \u00e0 fase de grupos do EHF Euro 2022. Os Her\u00f3is do Mar, com oportunidade para passar ao Main Round, acabaram por desperdi\u00e7ar a ocasi\u00e3o, mas pretendem agora reescrever a hist\u00f3ria e garantir o triunfo nos primeiros 60 minutos deste&nbsp;<em>play-off<\/em>.<\/p>\n\n\n\n<p class=\"wp-block-paragraph\">Rui Silva, c\u00e9rebro dos Her\u00f3is do Mar, acredita que Portugal est\u00e1 num momento bastante diferente e que conseguir\u00e1 ultrapassar este advers\u00e1rio j\u00e1 na quinta-feira:&nbsp;<em>\u201cAcho que n\u00e3o estivemos no nosso melhor, por isso, acredito que quinta-feira vamos fazer um jogo superior, tanto a n\u00edvel defensivo como a n\u00edvel ofensivo. Tamb\u00e9m o facto de termos neste momento tanto o Bel\u00f3ne Moreira como o Francisco Costa ajudam bastante no ataque porque no Europeu acab\u00e1mos por adaptar jogar com o F\u00e1bio Magalh\u00e3es e com o Miguel Martins no lado direito. Por isso acredito que vamos estar num n\u00edvel superior \u00e0quele que tivemos no Europeu.\u201d<\/em>&nbsp;\u2013 destacou.<\/p>\n\n\n\n<p class=\"wp-block-paragraph\">Tamb\u00e9m Gilberto Duarte, lateral esquerdo da equipa das Quinas, partilha da mesma opini\u00e3o:&nbsp;<em>\u201cPortugal ir\u00e1 estar melhor at\u00e9 porque agora temos mais tempo para preparar este jogo, focados num s\u00f3 advers\u00e1rio. Temos a no\u00e7\u00e3o que ser\u00e1 um jogo em que ser\u00e1 necess\u00e1rio correr muito mas temos atletas capazes de igualar essa velocidade trazida pelos Pa\u00edses Baixos<\/em>&nbsp;mas estamos preparados.\u201d \u2013 assinalou o atleta algarvio que jogar\u00e1 em \u201ccasa\u201d neste apuramento. Sobre as aus\u00eancias de Andr\u00e9 Gomes, Alexandre Cavalcanti, Daymaro Salina e Salvador Salvador, Gilberto acredita que&nbsp;<em>\u201cexiste um grande leque de atletas dispon\u00edveis para representar Portugal e com capacidade para colmatar essas aus\u00eancias.\u201d<\/em>&nbsp;\u2013 terminou.<\/p>\n\n\n\n<p class=\"wp-block-paragraph\">O central assume ainda a responsabilidade de estar no Mundial:\u00a0<em>\u201cTivemos a sorte de, em 2020, n\u00e3o termos tido essa qualifica\u00e7\u00e3o, mas faz parte. Partimos para este jogo 50\/50, com duas sele\u00e7\u00f5es num bom momento, n\u00f3s acab\u00e1mos por fazer com a Su\u00ed\u00e7a um bom play-off, por isso, aparecemos aqui fortes e com vontade de estar presentes no Campeonato do Mundo\u201d<\/em>\u00a0\u2013 afirmou.<\/p>\n\n\n\n<p class=\"wp-block-paragraph\">Fonte: FAP<\/p>\n","protected":false},"excerpt":{"rendered":"<p>Arena de Portim\u00e3o recebe a primeira m\u00e3o do apuramento para o Mundial, frente \u00e0 cong\u00e9nere neerlandesa, esta quinta-feira, \u00e0s 19h00.<\/p>\n","protected":false},"author":1,"featured_media":17717,"comment_status":"closed","ping_status":"open","sticky":false,"template":"","format":"standard","meta":{"colormag_page_container_layout":"default_layout","colormag_page_sidebar_layout":"default_layout","_monsterinsights_skip_tracking":false,"_jetpack_newsletter_access":"","_jetpack_dont_email_post_to_subs":false,"_jetpack_newsletter_tier_id":0,"_jetpack_memberships_contains_paywalled_content":false,"_jetpack_feature_clip_id":0,"_jetpack_memberships_contains_paid_content":false,"footnotes":"","jetpack_publicize_message":"","jetpack_publicize_feature_enabled":true,"jetpack_social_post_already_shared":true,"jetpack_social_options":{"image_generator_settings":{"template":"highway","default_image_id":0,"font":"","enabled":false},"version":2},"jetpack_post_was_ever_published":false},"categories":[15],"tags":[36,94,40,72],"class_list":["post-17716","post","type-post","status-publish","format-standard","has-post-thumbnail","hentry","category-desporto","tag-algarve","tag-andebol","tag-desporto","tag-portimao"],"yoast_head":"<!-- This site is optimized with the Yoast SEO plugin v28.4 - https:\/\/yoast.com\/product\/yoast-seo-wordpress\/ -->\n<title>Arena de Portim\u00e3o recebe a primeira m\u00e3o do apuramento para o Mundial de Andebol - Algarve 7<\/title>\n<meta name=\"description\" content=\"Arena de Portim\u00e3o recebe a primeira m\u00e3o do apuramento para o Mundial de Andebol Desporto\" \/>\n<meta name=\"robots\" content=\"index, follow, max-snippet:-1, max-image-preview:large, max-video-preview:-1\" \/>\n<link rel=\"canonical\" href=\"https:\/\/algarve7.pt\/index.php\/2022\/04\/arena-de-portimao-recebe-a-primeira-mao-do-apuramento-para-o-mundial-de-andebol\/desporto\/09\/50\/\" \/>\n<meta property=\"og:locale\" content=\"pt_PT\" \/>\n<meta property=\"og:type\" content=\"article\" \/>\n<meta property=\"og:title\" content=\"Arena de Portim\u00e3o recebe a primeira m\u00e3o do apuramento para o Mundial de Andebol - Algarve 7\" \/>\n<meta property=\"og:description\" content=\"Arena de Portim\u00e3o recebe a primeira m\u00e3o do apuramento para o Mundial de Andebol Desporto\" \/>\n<meta property=\"og:url\" content=\"https:\/\/algarve7.pt\/index.php\/2022\/04\/arena-de-portimao-recebe-a-primeira-mao-do-apuramento-para-o-mundial-de-andebol\/desporto\/09\/50\/\" \/>\n<meta property=\"og:site_name\" content=\"Algarve 7\" \/>\n<meta property=\"article:publisher\" content=\"https:\/\/www.facebook.com\/algarve7\" \/>\n<meta property=\"article:author\" content=\"https:\/\/www.facebook.com\/algarve7\" \/>\n<meta property=\"article:published_time\" content=\"2022-04-14T08:50:15+00:00\" \/>\n<meta property=\"article:modified_time\" content=\"2022-04-14T08:50:16+00:00\" \/>\n<meta property=\"og:image\" content=\"https:\/\/algarve7.pt\/wp-content\/uploads\/2022\/04\/Captura-de-ecra\u0303-2022-04-14-a\u0300s-09.45.38-e1649926195635.png\" \/>\n\t<meta property=\"og:image:width\" content=\"1758\" \/>\n\t<meta property=\"og:image:height\" content=\"814\" \/>\n\t<meta property=\"og:image:type\" content=\"image\/png\" \/>\n<meta name=\"author\" content=\"Algarve 7\" \/>\n<meta name=\"twitter:card\" content=\"summary_large_image\" \/>\n<meta name=\"twitter:creator\" content=\"@Algarvesete\" \/>\n<meta name=\"twitter:site\" content=\"@Algarvesete\" \/>\n<meta name=\"twitter:label1\" content=\"Escrito por\" \/>\n\t<meta name=\"twitter:data1\" content=\"Algarve 7\" \/>\n\t<meta name=\"twitter:label2\" content=\"Tempo estimado de leitura\" \/>\n\t<meta name=\"twitter:data2\" content=\"3 minutos\" \/>\n<script type=\"application\/ld+json\" class=\"yoast-schema-graph\">{\"@context\":\"https:\\\/\\\/schema.org\",\"@graph\":[{\"@type\":\"Article\",\"@id\":\"https:\\\/\\\/algarve7.pt\\\/index.php\\\/2022\\\/04\\\/arena-de-portimao-recebe-a-primeira-mao-do-apuramento-para-o-mundial-de-andebol\\\/desporto\\\/09\\\/50\\\/#article\",\"isPartOf\":{\"@id\":\"https:\\\/\\\/algarve7.pt\\\/index.php\\\/2022\\\/04\\\/arena-de-portimao-recebe-a-primeira-mao-do-apuramento-para-o-mundial-de-andebol\\\/desporto\\\/09\\\/50\\\/\"},\"author\":{\"name\":\"Algarve 7\",\"@id\":\"https:\\\/\\\/algarve7.pt\\\/#\\\/schema\\\/person\\\/23fa70681308e7b319a3204bcea45e0c\"},\"headline\":\"Arena de Portim\u00e3o recebe a primeira m\u00e3o do apuramento para o Mundial de Andebol\",\"datePublished\":\"2022-04-14T08:50:15+00:00\",\"dateModified\":\"2022-04-14T08:50:16+00:00\",\"mainEntityOfPage\":{\"@id\":\"https:\\\/\\\/algarve7.pt\\\/index.php\\\/2022\\\/04\\\/arena-de-portimao-recebe-a-primeira-mao-do-apuramento-para-o-mundial-de-andebol\\\/desporto\\\/09\\\/50\\\/\"},\"wordCount\":418,\"publisher\":{\"@id\":\"https:\\\/\\\/algarve7.pt\\\/#organization\"},\"image\":{\"@id\":\"https:\\\/\\\/algarve7.pt\\\/index.php\\\/2022\\\/04\\\/arena-de-portimao-recebe-a-primeira-mao-do-apuramento-para-o-mundial-de-andebol\\\/desporto\\\/09\\\/50\\\/#primaryimage\"},\"thumbnailUrl\":\"https:\\\/\\\/algarve7.pt\\\/wp-content\\\/uploads\\\/2022\\\/04\\\/Captura-de-ecra\u0303-2022-04-14-a\u0300s-09.45.38-e1649926195635.png\",\"keywords\":[\"Algarve\",\"Andebol\",\"Desporto\",\"Portim\u00e3o\"],\"articleSection\":[\"Desporto\"],\"inLanguage\":\"pt-PT\"},{\"@type\":\"WebPage\",\"@id\":\"https:\\\/\\\/algarve7.pt\\\/index.php\\\/2022\\\/04\\\/arena-de-portimao-recebe-a-primeira-mao-do-apuramento-para-o-mundial-de-andebol\\\/desporto\\\/09\\\/50\\\/\",\"url\":\"https:\\\/\\\/algarve7.pt\\\/index.php\\\/2022\\\/04\\\/arena-de-portimao-recebe-a-primeira-mao-do-apuramento-para-o-mundial-de-andebol\\\/desporto\\\/09\\\/50\\\/\",\"name\":\"Arena de Portim\u00e3o recebe a primeira m\u00e3o do apuramento para o Mundial de Andebol - Algarve 7\",\"isPartOf\":{\"@id\":\"https:\\\/\\\/algarve7.pt\\\/#website\"},\"primaryImageOfPage\":{\"@id\":\"https:\\\/\\\/algarve7.pt\\\/index.php\\\/2022\\\/04\\\/arena-de-portimao-recebe-a-primeira-mao-do-apuramento-para-o-mundial-de-andebol\\\/desporto\\\/09\\\/50\\\/#primaryimage\"},\"image\":{\"@id\":\"https:\\\/\\\/algarve7.pt\\\/index.php\\\/2022\\\/04\\\/arena-de-portimao-recebe-a-primeira-mao-do-apuramento-para-o-mundial-de-andebol\\\/desporto\\\/09\\\/50\\\/#primaryimage\"},\"thumbnailUrl\":\"https:\\\/\\\/algarve7.pt\\\/wp-content\\\/uploads\\\/2022\\\/04\\\/Captura-de-ecra\u0303-2022-04-14-a\u0300s-09.45.38-e1649926195635.png\",\"datePublished\":\"2022-04-14T08:50:15+00:00\",\"dateModified\":\"2022-04-14T08:50:16+00:00\",\"description\":\"Arena de Portim\u00e3o recebe a primeira m\u00e3o do apuramento para o Mundial de Andebol Desporto\",\"breadcrumb\":{\"@id\":\"https:\\\/\\\/algarve7.pt\\\/index.php\\\/2022\\\/04\\\/arena-de-portimao-recebe-a-primeira-mao-do-apuramento-para-o-mundial-de-andebol\\\/desporto\\\/09\\\/50\\\/#breadcrumb\"},\"inLanguage\":\"pt-PT\",\"potentialAction\":[{\"@type\":\"ReadAction\",\"target\":[\"https:\\\/\\\/algarve7.pt\\\/index.php\\\/2022\\\/04\\\/arena-de-portimao-recebe-a-primeira-mao-do-apuramento-para-o-mundial-de-andebol\\\/desporto\\\/09\\\/50\\\/\"]}]},{\"@type\":\"ImageObject\",\"inLanguage\":\"pt-PT\",\"@id\":\"https:\\\/\\\/algarve7.pt\\\/index.php\\\/2022\\\/04\\\/arena-de-portimao-recebe-a-primeira-mao-do-apuramento-para-o-mundial-de-andebol\\\/desporto\\\/09\\\/50\\\/#primaryimage\",\"url\":\"https:\\\/\\\/algarve7.pt\\\/wp-content\\\/uploads\\\/2022\\\/04\\\/Captura-de-ecra\u0303-2022-04-14-a\u0300s-09.45.38-e1649926195635.png\",\"contentUrl\":\"https:\\\/\\\/algarve7.pt\\\/wp-content\\\/uploads\\\/2022\\\/04\\\/Captura-de-ecra\u0303-2022-04-14-a\u0300s-09.45.38-e1649926195635.png\",\"width\":1758,\"height\":814},{\"@type\":\"BreadcrumbList\",\"@id\":\"https:\\\/\\\/algarve7.pt\\\/index.php\\\/2022\\\/04\\\/arena-de-portimao-recebe-a-primeira-mao-do-apuramento-para-o-mundial-de-andebol\\\/desporto\\\/09\\\/50\\\/#breadcrumb\",\"itemListElement\":[{\"@type\":\"ListItem\",\"position\":1,\"name\":\"In\u00edcio\",\"item\":\"https:\\\/\\\/algarve7.pt\\\/\"},{\"@type\":\"ListItem\",\"position\":2,\"name\":\"Arena de Portim\u00e3o recebe a primeira m\u00e3o do apuramento para o Mundial de Andebol\"}]},{\"@type\":\"WebSite\",\"@id\":\"https:\\\/\\\/algarve7.pt\\\/#website\",\"url\":\"https:\\\/\\\/algarve7.pt\\\/\",\"name\":\"Algarve 7\",\"description\":\"Informa\u00e7\u00e3o sobre o Algarve\",\"publisher\":{\"@id\":\"https:\\\/\\\/algarve7.pt\\\/#organization\"},\"potentialAction\":[{\"@type\":\"SearchAction\",\"target\":{\"@type\":\"EntryPoint\",\"urlTemplate\":\"https:\\\/\\\/algarve7.pt\\\/?s={search_term_string}\"},\"query-input\":{\"@type\":\"PropertyValueSpecification\",\"valueRequired\":true,\"valueName\":\"search_term_string\"}}],\"inLanguage\":\"pt-PT\"},{\"@type\":\"Organization\",\"@id\":\"https:\\\/\\\/algarve7.pt\\\/#organization\",\"name\":\"Algarve 7\",\"url\":\"https:\\\/\\\/algarve7.pt\\\/\",\"logo\":{\"@type\":\"ImageObject\",\"inLanguage\":\"pt-PT\",\"@id\":\"https:\\\/\\\/algarve7.pt\\\/#\\\/schema\\\/logo\\\/image\\\/\",\"url\":\"https:\\\/\\\/algarve7.pt\\\/wp-content\\\/uploads\\\/2020\\\/10\\\/Logo-8.jpg\",\"contentUrl\":\"https:\\\/\\\/algarve7.pt\\\/wp-content\\\/uploads\\\/2020\\\/10\\\/Logo-8.jpg\",\"width\":1680,\"height\":1186,\"caption\":\"Algarve 7\"},\"image\":{\"@id\":\"https:\\\/\\\/algarve7.pt\\\/#\\\/schema\\\/logo\\\/image\\\/\"},\"sameAs\":[\"https:\\\/\\\/www.facebook.com\\\/algarve7\",\"https:\\\/\\\/x.com\\\/Algarvesete\",\"https:\\\/\\\/www.instagram.com\\\/jornalalgarve7\\\/\",\"https:\\\/\\\/www.linkedin.com\\\/company\\\/algarve7\",\"https:\\\/\\\/www.pinterest.pt\\\/geral0939\\\/_created\\\/\"]},{\"@type\":\"Person\",\"@id\":\"https:\\\/\\\/algarve7.pt\\\/#\\\/schema\\\/person\\\/23fa70681308e7b319a3204bcea45e0c\",\"name\":\"Algarve 7\",\"sameAs\":[\"https:\\\/\\\/algarve7.pt\",\"https:\\\/\\\/www.facebook.com\\\/algarve7\"],\"url\":\"https:\\\/\\\/algarve7.pt\\\/index.php\\\/author\\\/geralalgarve7-pt\\\/\"}]}<\/script>\n<!-- \/ Yoast SEO plugin. -->","yoast_head_json":{"title":"Arena de Portim\u00e3o recebe a primeira m\u00e3o do apuramento para o Mundial de Andebol - Algarve 7","description":"Arena de Portim\u00e3o recebe a primeira m\u00e3o do apuramento para o Mundial de Andebol Desporto","robots":{"index":"index","follow":"follow","max-snippet":"max-snippet:-1","max-image-preview":"max-image-preview:large","max-video-preview":"max-video-preview:-1"},"canonical":"https:\/\/algarve7.pt\/index.php\/2022\/04\/arena-de-portimao-recebe-a-primeira-mao-do-apuramento-para-o-mundial-de-andebol\/desporto\/09\/50\/","og_locale":"pt_PT","og_type":"article","og_title":"Arena de Portim\u00e3o recebe a primeira m\u00e3o do apuramento para o Mundial de Andebol - Algarve 7","og_description":"Arena de Portim\u00e3o recebe a primeira m\u00e3o do apuramento para o Mundial de Andebol Desporto","og_url":"https:\/\/algarve7.pt\/index.php\/2022\/04\/arena-de-portimao-recebe-a-primeira-mao-do-apuramento-para-o-mundial-de-andebol\/desporto\/09\/50\/","og_site_name":"Algarve 7","article_publisher":"https:\/\/www.facebook.com\/algarve7","article_author":"https:\/\/www.facebook.com\/algarve7","article_published_time":"2022-04-14T08:50:15+00:00","article_modified_time":"2022-04-14T08:50:16+00:00","og_image":[{"width":1758,"height":814,"url":"https:\/\/algarve7.pt\/wp-content\/uploads\/2022\/04\/Captura-de-ecra\u0303-2022-04-14-a\u0300s-09.45.38-e1649926195635.png","type":"image\/png"}],"author":"Algarve 7","twitter_card":"summary_large_image","twitter_creator":"@Algarvesete","twitter_site":"@Algarvesete","twitter_misc":{"Escrito por":"Algarve 7","Tempo estimado de leitura":"3 minutos"},"schema":{"@context":"https:\/\/schema.org","@graph":[{"@type":"Article","@id":"https:\/\/algarve7.pt\/index.php\/2022\/04\/arena-de-portimao-recebe-a-primeira-mao-do-apuramento-para-o-mundial-de-andebol\/desporto\/09\/50\/#article","isPartOf":{"@id":"https:\/\/algarve7.pt\/index.php\/2022\/04\/arena-de-portimao-recebe-a-primeira-mao-do-apuramento-para-o-mundial-de-andebol\/desporto\/09\/50\/"},"author":{"name":"Algarve 7","@id":"https:\/\/algarve7.pt\/#\/schema\/person\/23fa70681308e7b319a3204bcea45e0c"},"headline":"Arena de Portim\u00e3o recebe a primeira m\u00e3o do apuramento para o Mundial de Andebol","datePublished":"2022-04-14T08:50:15+00:00","dateModified":"2022-04-14T08:50:16+00:00","mainEntityOfPage":{"@id":"https:\/\/algarve7.pt\/index.php\/2022\/04\/arena-de-portimao-recebe-a-primeira-mao-do-apuramento-para-o-mundial-de-andebol\/desporto\/09\/50\/"},"wordCount":418,"publisher":{"@id":"https:\/\/algarve7.pt\/#organization"},"image":{"@id":"https:\/\/algarve7.pt\/index.php\/2022\/04\/arena-de-portimao-recebe-a-primeira-mao-do-apuramento-para-o-mundial-de-andebol\/desporto\/09\/50\/#primaryimage"},"thumbnailUrl":"https:\/\/algarve7.pt\/wp-content\/uploads\/2022\/04\/Captura-de-ecra\u0303-2022-04-14-a\u0300s-09.45.38-e1649926195635.png","keywords":["Algarve","Andebol","Desporto","Portim\u00e3o"],"articleSection":["Desporto"],"inLanguage":"pt-PT"},{"@type":"WebPage","@id":"https:\/\/algarve7.pt\/index.php\/2022\/04\/arena-de-portimao-recebe-a-primeira-mao-do-apuramento-para-o-mundial-de-andebol\/desporto\/09\/50\/","url":"https:\/\/algarve7.pt\/index.php\/2022\/04\/arena-de-portimao-recebe-a-primeira-mao-do-apuramento-para-o-mundial-de-andebol\/desporto\/09\/50\/","name":"Arena de Portim\u00e3o recebe a primeira m\u00e3o do apuramento para o Mundial de Andebol - Algarve 7","isPartOf":{"@id":"https:\/\/algarve7.pt\/#website"},"primaryImageOfPage":{"@id":"https:\/\/algarve7.pt\/index.php\/2022\/04\/arena-de-portimao-recebe-a-primeira-mao-do-apuramento-para-o-mundial-de-andebol\/desporto\/09\/50\/#primaryimage"},"image":{"@id":"https:\/\/algarve7.pt\/index.php\/2022\/04\/arena-de-portimao-recebe-a-primeira-mao-do-apuramento-para-o-mundial-de-andebol\/desporto\/09\/50\/#primaryimage"},"thumbnailUrl":"https:\/\/algarve7.pt\/wp-content\/uploads\/2022\/04\/Captura-de-ecra\u0303-2022-04-14-a\u0300s-09.45.38-e1649926195635.png","datePublished":"2022-04-14T08:50:15+00:00","dateModified":"2022-04-14T08:50:16+00:00","description":"Arena de Portim\u00e3o recebe a primeira m\u00e3o do apuramento para o Mundial de Andebol Desporto","breadcrumb":{"@id":"https:\/\/algarve7.pt\/index.php\/2022\/04\/arena-de-portimao-recebe-a-primeira-mao-do-apuramento-para-o-mundial-de-andebol\/desporto\/09\/50\/#breadcrumb"},"inLanguage":"pt-PT","potentialAction":[{"@type":"ReadAction","target":["https:\/\/algarve7.pt\/index.php\/2022\/04\/arena-de-portimao-recebe-a-primeira-mao-do-apuramento-para-o-mundial-de-andebol\/desporto\/09\/50\/"]}]},{"@type":"ImageObject","inLanguage":"pt-PT","@id":"https:\/\/algarve7.pt\/index.php\/2022\/04\/arena-de-portimao-recebe-a-primeira-mao-do-apuramento-para-o-mundial-de-andebol\/desporto\/09\/50\/#primaryimage","url":"https:\/\/algarve7.pt\/wp-content\/uploads\/2022\/04\/Captura-de-ecra\u0303-2022-04-14-a\u0300s-09.45.38-e1649926195635.png","contentUrl":"https:\/\/algarve7.pt\/wp-content\/uploads\/2022\/04\/Captura-de-ecra\u0303-2022-04-14-a\u0300s-09.45.38-e1649926195635.png","width":1758,"height":814},{"@type":"BreadcrumbList","@id":"https:\/\/algarve7.pt\/index.php\/2022\/04\/arena-de-portimao-recebe-a-primeira-mao-do-apuramento-para-o-mundial-de-andebol\/desporto\/09\/50\/#breadcrumb","itemListElement":[{"@type":"ListItem","position":1,"name":"In\u00edcio","item":"https:\/\/algarve7.pt\/"},{"@type":"ListItem","position":2,"name":"Arena de Portim\u00e3o recebe a primeira m\u00e3o do apuramento para o Mundial de Andebol"}]},{"@type":"WebSite","@id":"https:\/\/algarve7.pt\/#website","url":"https:\/\/algarve7.pt\/","name":"Algarve 7","description":"Informa\u00e7\u00e3o sobre o Algarve","publisher":{"@id":"https:\/\/algarve7.pt\/#organization"},"potentialAction":[{"@type":"SearchAction","target":{"@type":"EntryPoint","urlTemplate":"https:\/\/algarve7.pt\/?s={search_term_string}"},"query-input":{"@type":"PropertyValueSpecification","valueRequired":true,"valueName":"search_term_string"}}],"inLanguage":"pt-PT"},{"@type":"Organization","@id":"https:\/\/algarve7.pt\/#organization","name":"Algarve 7","url":"https:\/\/algarve7.pt\/","logo":{"@type":"ImageObject","inLanguage":"pt-PT","@id":"https:\/\/algarve7.pt\/#\/schema\/logo\/image\/","url":"https:\/\/algarve7.pt\/wp-content\/uploads\/2020\/10\/Logo-8.jpg","contentUrl":"https:\/\/algarve7.pt\/wp-content\/uploads\/2020\/10\/Logo-8.jpg","width":1680,"height":1186,"caption":"Algarve 7"},"image":{"@id":"https:\/\/algarve7.pt\/#\/schema\/logo\/image\/"},"sameAs":["https:\/\/www.facebook.com\/algarve7","https:\/\/x.com\/Algarvesete","https:\/\/www.instagram.com\/jornalalgarve7\/","https:\/\/www.linkedin.com\/company\/algarve7","https:\/\/www.pinterest.pt\/geral0939\/_created\/"]},{"@type":"Person","@id":"https:\/\/algarve7.pt\/#\/schema\/person\/23fa70681308e7b319a3204bcea45e0c","name":"Algarve 7","sameAs":["https:\/\/algarve7.pt","https:\/\/www.facebook.com\/algarve7"],"url":"https:\/\/algarve7.pt\/index.php\/author\/geralalgarve7-pt\/"}]}},"jetpack_publicize_connections":[],"jetpack_shortlink":"https:\/\/wp.me\/pcezmW-4BK","jetpack_sharing_enabled":true,"jetpack_featured_media_url":"https:\/\/algarve7.pt\/wp-content\/uploads\/2022\/04\/Captura-de-ecra\u0303-2022-04-14-a\u0300s-09.45.38-e1649926195635.png","_links":{"self":[{"href":"https:\/\/algarve7.pt\/index.php\/wp-json\/wp\/v2\/posts\/17716","targetHints":{"allow":["GET"]}}],"collection":[{"href":"https:\/\/algarve7.pt\/index.php\/wp-json\/wp\/v2\/posts"}],"about":[{"href":"https:\/\/algarve7.pt\/index.php\/wp-json\/wp\/v2\/types\/post"}],"author":[{"embeddable":true,"href":"https:\/\/algarve7.pt\/index.php\/wp-json\/wp\/v2\/users\/1"}],"replies":[{"embeddable":true,"href":"https:\/\/algarve7.pt\/index.php\/wp-json\/wp\/v2\/comments?post=17716"}],"version-history":[{"count":0,"href":"https:\/\/algarve7.pt\/index.php\/wp-json\/wp\/v2\/posts\/17716\/revisions"}],"wp:featuredmedia":[{"embeddable":true,"href":"https:\/\/algarve7.pt\/index.php\/wp-json\/wp\/v2\/media\/17717"}],"wp:attachment":[{"href":"https:\/\/algarve7.pt\/index.php\/wp-json\/wp\/v2\/media?parent=17716"}],"wp:term":[{"taxonomy":"category","embeddable":true,"href":"https:\/\/algarve7.pt\/index.php\/wp-json\/wp\/v2\/categories?post=17716"},{"taxonomy":"post_tag","embeddable":true,"href":"https:\/\/algarve7.pt\/index.php\/wp-json\/wp\/v2\/tags?post=17716"}],"curies":[{"name":"wp","href":"https:\/\/api.w.org\/{rel}","templated":true}]}}