{"id":17630,"date":"2022-04-12T15:11:44","date_gmt":"2022-04-12T14:11:44","guid":{"rendered":"https:\/\/algarve7.pt\/?p=17630"},"modified":"2022-04-12T15:11:45","modified_gmt":"2022-04-12T14:11:45","slug":"festa-da-mae-soberana-esta-de-regresso-a-loule","status":"publish","type":"post","link":"https:\/\/algarve7.pt\/index.php\/2022\/04\/festa-da-mae-soberana-esta-de-regresso-a-loule\/cultura\/15\/11\/","title":{"rendered":"Festa da M\u00e3e Soberana est\u00e1 de regresso a Loul\u00e9"},"content":{"rendered":"\n<p>Depois de dois anos de paragem devido \u00e0 pandemia, o Domingo de P\u00e1scoa marca o regresso da Festa da M\u00e3e Soberana. A maior manifesta\u00e7\u00e3o religiosa a Sul de F\u00e1tima decorre nos dias 17 de abril (Festa Pequena) e 1 de maio (Festa Grande), prevendo-se que volte a atrair milhares de fi\u00e9is \u00e0 cidade de Loul\u00e9.<\/p>\n\n\n\n<p>No momento inaugural das celebra\u00e7\u00f5es &#8211; a chamada Festa Pequena, que coincide com o Domingo de P\u00e1scoa -, a imagem da Padroeira desce em prociss\u00e3o desde a Ermida da Nossa Senhora da Piedade at\u00e9 \u00e0 Igreja de S. Francisco, permanecendo a\u00ed durante 15 dias. O programa encerra com a Festa Grande, no regresso da imagem \u00e0 sua \u201ccasa\u201d, e que constitui o ponto alto dos festejos desta festa profundamente enraizada na identidade louletana.<\/p>\n\n\n\n<p>\u00c9 entre \u201cVivas!\u201d, len\u00e7os a acenar, foguetes e o acompanhamento da Banda Filarm\u00f3nica Artistas de Minerva que se realiza o percurso, representando uma enorme demonstra\u00e7\u00e3o de f\u00e9, especialmente por parte dos homens do andor, que apesar das adversidades do terreno, do peso do palanquim e, por vezes, em condi\u00e7\u00f5es climat\u00e9ricas adversas, levam at\u00e9 ao fim a sua miss\u00e3o.<\/p>\n\n\n\n<p>Ao esfor\u00e7o dos homens que transportam a Virgem, alia-se a for\u00e7a espiritual dos muitos fi\u00e9is que, por entre vivas \u00e0 Nossa Senhora, em passo vivo e na cad\u00eancia musicada dos homens da banda, v\u00e3o \u201cempurrando\u201d no calor da f\u00e9 e cal\u00e7ada acima, o pesado andor da Padroeira.<\/p>\n\n\n\n<p>Para al\u00e9m do programa lit\u00fargico, o fogo de artif\u00edcio \u00e9 o culminar de uma festa que tem tamb\u00e9m uma forte componente cultural e tur\u00edstica.<\/p>\n\n\n\n<p><strong>Nota de Agenda:<\/strong><\/p>\n\n\n\n<p>17 de abril (Festa Pequena) \u2013 15h00 1 de maio (Festa Grande) \u2013 15h00<\/p>\n","protected":false},"excerpt":{"rendered":"<p>Depois de dois anos de paragem devido \u00e0 pandemia, o Domingo de P\u00e1scoa marca o regresso da Festa da M\u00e3e<\/p>\n","protected":false},"author":1,"featured_media":17631,"comment_status":"closed","ping_status":"open","sticky":false,"template":"","format":"standard","meta":{"colormag_page_container_layout":"default_layout","colormag_page_sidebar_layout":"default_layout","_monsterinsights_skip_tracking":false,"_monsterinsights_sitenote_active":false,"_monsterinsights_sitenote_note":"","_monsterinsights_sitenote_category":0,"jetpack_post_was_ever_published":false,"_jetpack_newsletter_access":"","_jetpack_dont_email_post_to_subs":false,"_jetpack_newsletter_tier_id":0,"_jetpack_memberships_contains_paywalled_content":false,"_jetpack_memberships_contains_paid_content":false,"footnotes":"","jetpack_publicize_message":"","jetpack_publicize_feature_enabled":true,"jetpack_social_post_already_shared":true,"jetpack_social_options":{"image_generator_settings":{"template":"highway","default_image_id":0,"font":"","enabled":false},"version":2}},"categories":[14],"tags":[36,35,625,31],"class_list":["post-17630","post","type-post","status-publish","format-standard","has-post-thumbnail","hentry","category-cultura","tag-algarve","tag-cultura","tag-festa-da-mae-soberana","tag-loule"],"yoast_head":"<!-- This site is optimized with the Yoast SEO plugin v27.4 - https:\/\/yoast.com\/product\/yoast-seo-wordpress\/ -->\n<title>Festa da M\u00e3e Soberana est\u00e1 de regresso a Loul\u00e9 - Algarve 7<\/title>\n<meta name=\"description\" content=\"Festa da M\u00e3e Soberana est\u00e1 de regresso a Loul\u00e9 Cultura\" \/>\n<meta name=\"robots\" content=\"index, follow, max-snippet:-1, max-image-preview:large, max-video-preview:-1\" \/>\n<link rel=\"canonical\" href=\"https:\/\/algarve7.pt\/index.php\/2022\/04\/festa-da-mae-soberana-esta-de-regresso-a-loule\/cultura\/15\/11\/\" \/>\n<meta property=\"og:locale\" content=\"pt_PT\" \/>\n<meta property=\"og:type\" content=\"article\" \/>\n<meta property=\"og:title\" content=\"Festa da M\u00e3e Soberana est\u00e1 de regresso a Loul\u00e9 - Algarve 7\" \/>\n<meta property=\"og:description\" content=\"Festa da M\u00e3e Soberana est\u00e1 de regresso a Loul\u00e9 Cultura\" \/>\n<meta property=\"og:url\" content=\"https:\/\/algarve7.pt\/index.php\/2022\/04\/festa-da-mae-soberana-esta-de-regresso-a-loule\/cultura\/15\/11\/\" \/>\n<meta property=\"og:site_name\" content=\"Algarve 7\" \/>\n<meta property=\"article:publisher\" content=\"https:\/\/www.facebook.com\/algarve7\" \/>\n<meta property=\"article:author\" content=\"https:\/\/www.facebook.com\/algarve7\" \/>\n<meta property=\"article:published_time\" content=\"2022-04-12T14:11:44+00:00\" \/>\n<meta property=\"article:modified_time\" content=\"2022-04-12T14:11:45+00:00\" \/>\n<meta property=\"og:image\" content=\"https:\/\/algarve7.pt\/wp-content\/uploads\/2022\/04\/Festa-Pequena-da-Mae-Soberan-a-Loule\u0301-CML-Mira-2-scaled.jpg\" \/>\n\t<meta property=\"og:image:width\" content=\"2560\" \/>\n\t<meta property=\"og:image:height\" content=\"1634\" \/>\n\t<meta property=\"og:image:type\" content=\"image\/jpeg\" \/>\n<meta name=\"author\" content=\"Algarve 7\" \/>\n<meta name=\"twitter:card\" content=\"summary_large_image\" \/>\n<meta name=\"twitter:creator\" content=\"@Algarvesete\" \/>\n<meta name=\"twitter:site\" content=\"@Algarvesete\" \/>\n<meta name=\"twitter:label1\" content=\"Escrito por\" \/>\n\t<meta name=\"twitter:data1\" content=\"Algarve 7\" \/>\n\t<meta name=\"twitter:label2\" content=\"Tempo estimado de leitura\" \/>\n\t<meta name=\"twitter:data2\" content=\"2 minutos\" \/>\n<script type=\"application\/ld+json\" class=\"yoast-schema-graph\">{\"@context\":\"https:\\\/\\\/schema.org\",\"@graph\":[{\"@type\":\"Article\",\"@id\":\"https:\\\/\\\/algarve7.pt\\\/index.php\\\/2022\\\/04\\\/festa-da-mae-soberana-esta-de-regresso-a-loule\\\/cultura\\\/15\\\/11\\\/#article\",\"isPartOf\":{\"@id\":\"https:\\\/\\\/algarve7.pt\\\/index.php\\\/2022\\\/04\\\/festa-da-mae-soberana-esta-de-regresso-a-loule\\\/cultura\\\/15\\\/11\\\/\"},\"author\":{\"name\":\"Algarve 7\",\"@id\":\"https:\\\/\\\/algarve7.pt\\\/#\\\/schema\\\/person\\\/23fa70681308e7b319a3204bcea45e0c\"},\"headline\":\"Festa da M\u00e3e Soberana est\u00e1 de regresso a Loul\u00e9\",\"datePublished\":\"2022-04-12T14:11:44+00:00\",\"dateModified\":\"2022-04-12T14:11:45+00:00\",\"mainEntityOfPage\":{\"@id\":\"https:\\\/\\\/algarve7.pt\\\/index.php\\\/2022\\\/04\\\/festa-da-mae-soberana-esta-de-regresso-a-loule\\\/cultura\\\/15\\\/11\\\/\"},\"wordCount\":295,\"publisher\":{\"@id\":\"https:\\\/\\\/algarve7.pt\\\/#organization\"},\"image\":{\"@id\":\"https:\\\/\\\/algarve7.pt\\\/index.php\\\/2022\\\/04\\\/festa-da-mae-soberana-esta-de-regresso-a-loule\\\/cultura\\\/15\\\/11\\\/#primaryimage\"},\"thumbnailUrl\":\"https:\\\/\\\/algarve7.pt\\\/wp-content\\\/uploads\\\/2022\\\/04\\\/Festa-Pequena-da-Mae-Soberan-a-Loule\u0301-CML-Mira-2-scaled.jpg\",\"keywords\":[\"Algarve\",\"Cultura\",\"Festa da M\u00e3e Soberana\",\"Loul\u00e9\"],\"articleSection\":[\"Cultura\"],\"inLanguage\":\"pt-PT\"},{\"@type\":\"WebPage\",\"@id\":\"https:\\\/\\\/algarve7.pt\\\/index.php\\\/2022\\\/04\\\/festa-da-mae-soberana-esta-de-regresso-a-loule\\\/cultura\\\/15\\\/11\\\/\",\"url\":\"https:\\\/\\\/algarve7.pt\\\/index.php\\\/2022\\\/04\\\/festa-da-mae-soberana-esta-de-regresso-a-loule\\\/cultura\\\/15\\\/11\\\/\",\"name\":\"Festa da M\u00e3e Soberana est\u00e1 de regresso a Loul\u00e9 - Algarve 7\",\"isPartOf\":{\"@id\":\"https:\\\/\\\/algarve7.pt\\\/#website\"},\"primaryImageOfPage\":{\"@id\":\"https:\\\/\\\/algarve7.pt\\\/index.php\\\/2022\\\/04\\\/festa-da-mae-soberana-esta-de-regresso-a-loule\\\/cultura\\\/15\\\/11\\\/#primaryimage\"},\"image\":{\"@id\":\"https:\\\/\\\/algarve7.pt\\\/index.php\\\/2022\\\/04\\\/festa-da-mae-soberana-esta-de-regresso-a-loule\\\/cultura\\\/15\\\/11\\\/#primaryimage\"},\"thumbnailUrl\":\"https:\\\/\\\/algarve7.pt\\\/wp-content\\\/uploads\\\/2022\\\/04\\\/Festa-Pequena-da-Mae-Soberan-a-Loule\u0301-CML-Mira-2-scaled.jpg\",\"datePublished\":\"2022-04-12T14:11:44+00:00\",\"dateModified\":\"2022-04-12T14:11:45+00:00\",\"description\":\"Festa da M\u00e3e Soberana est\u00e1 de regresso a Loul\u00e9 Cultura\",\"breadcrumb\":{\"@id\":\"https:\\\/\\\/algarve7.pt\\\/index.php\\\/2022\\\/04\\\/festa-da-mae-soberana-esta-de-regresso-a-loule\\\/cultura\\\/15\\\/11\\\/#breadcrumb\"},\"inLanguage\":\"pt-PT\",\"potentialAction\":[{\"@type\":\"ReadAction\",\"target\":[\"https:\\\/\\\/algarve7.pt\\\/index.php\\\/2022\\\/04\\\/festa-da-mae-soberana-esta-de-regresso-a-loule\\\/cultura\\\/15\\\/11\\\/\"]}]},{\"@type\":\"ImageObject\",\"inLanguage\":\"pt-PT\",\"@id\":\"https:\\\/\\\/algarve7.pt\\\/index.php\\\/2022\\\/04\\\/festa-da-mae-soberana-esta-de-regresso-a-loule\\\/cultura\\\/15\\\/11\\\/#primaryimage\",\"url\":\"https:\\\/\\\/algarve7.pt\\\/wp-content\\\/uploads\\\/2022\\\/04\\\/Festa-Pequena-da-Mae-Soberan-a-Loule\u0301-CML-Mira-2-scaled.jpg\",\"contentUrl\":\"https:\\\/\\\/algarve7.pt\\\/wp-content\\\/uploads\\\/2022\\\/04\\\/Festa-Pequena-da-Mae-Soberan-a-Loule\u0301-CML-Mira-2-scaled.jpg\",\"width\":2560,\"height\":1634},{\"@type\":\"BreadcrumbList\",\"@id\":\"https:\\\/\\\/algarve7.pt\\\/index.php\\\/2022\\\/04\\\/festa-da-mae-soberana-esta-de-regresso-a-loule\\\/cultura\\\/15\\\/11\\\/#breadcrumb\",\"itemListElement\":[{\"@type\":\"ListItem\",\"position\":1,\"name\":\"In\u00edcio\",\"item\":\"https:\\\/\\\/algarve7.pt\\\/\"},{\"@type\":\"ListItem\",\"position\":2,\"name\":\"Festa da M\u00e3e Soberana est\u00e1 de regresso a Loul\u00e9\"}]},{\"@type\":\"WebSite\",\"@id\":\"https:\\\/\\\/algarve7.pt\\\/#website\",\"url\":\"https:\\\/\\\/algarve7.pt\\\/\",\"name\":\"Algarve 7\",\"description\":\"Informa\u00e7\u00e3o sobre o Algarve\",\"publisher\":{\"@id\":\"https:\\\/\\\/algarve7.pt\\\/#organization\"},\"potentialAction\":[{\"@type\":\"SearchAction\",\"target\":{\"@type\":\"EntryPoint\",\"urlTemplate\":\"https:\\\/\\\/algarve7.pt\\\/?s={search_term_string}\"},\"query-input\":{\"@type\":\"PropertyValueSpecification\",\"valueRequired\":true,\"valueName\":\"search_term_string\"}}],\"inLanguage\":\"pt-PT\"},{\"@type\":\"Organization\",\"@id\":\"https:\\\/\\\/algarve7.pt\\\/#organization\",\"name\":\"Algarve 7\",\"url\":\"https:\\\/\\\/algarve7.pt\\\/\",\"logo\":{\"@type\":\"ImageObject\",\"inLanguage\":\"pt-PT\",\"@id\":\"https:\\\/\\\/algarve7.pt\\\/#\\\/schema\\\/logo\\\/image\\\/\",\"url\":\"https:\\\/\\\/algarve7.pt\\\/wp-content\\\/uploads\\\/2020\\\/10\\\/Logo-8.jpg\",\"contentUrl\":\"https:\\\/\\\/algarve7.pt\\\/wp-content\\\/uploads\\\/2020\\\/10\\\/Logo-8.jpg\",\"width\":1680,\"height\":1186,\"caption\":\"Algarve 7\"},\"image\":{\"@id\":\"https:\\\/\\\/algarve7.pt\\\/#\\\/schema\\\/logo\\\/image\\\/\"},\"sameAs\":[\"https:\\\/\\\/www.facebook.com\\\/algarve7\",\"https:\\\/\\\/x.com\\\/Algarvesete\",\"https:\\\/\\\/www.instagram.com\\\/jornalalgarve7\\\/\",\"https:\\\/\\\/www.linkedin.com\\\/company\\\/algarve7\",\"https:\\\/\\\/www.pinterest.pt\\\/geral0939\\\/_created\\\/\"]},{\"@type\":\"Person\",\"@id\":\"https:\\\/\\\/algarve7.pt\\\/#\\\/schema\\\/person\\\/23fa70681308e7b319a3204bcea45e0c\",\"name\":\"Algarve 7\",\"sameAs\":[\"https:\\\/\\\/algarve7.pt\",\"https:\\\/\\\/www.facebook.com\\\/algarve7\"],\"url\":\"https:\\\/\\\/algarve7.pt\\\/index.php\\\/author\\\/geralalgarve7-pt\\\/\"}]}<\/script>\n<!-- \/ Yoast SEO plugin. -->","yoast_head_json":{"title":"Festa da M\u00e3e Soberana est\u00e1 de regresso a Loul\u00e9 - Algarve 7","description":"Festa da M\u00e3e Soberana est\u00e1 de regresso a Loul\u00e9 Cultura","robots":{"index":"index","follow":"follow","max-snippet":"max-snippet:-1","max-image-preview":"max-image-preview:large","max-video-preview":"max-video-preview:-1"},"canonical":"https:\/\/algarve7.pt\/index.php\/2022\/04\/festa-da-mae-soberana-esta-de-regresso-a-loule\/cultura\/15\/11\/","og_locale":"pt_PT","og_type":"article","og_title":"Festa da M\u00e3e Soberana est\u00e1 de regresso a Loul\u00e9 - Algarve 7","og_description":"Festa da M\u00e3e Soberana est\u00e1 de regresso a Loul\u00e9 Cultura","og_url":"https:\/\/algarve7.pt\/index.php\/2022\/04\/festa-da-mae-soberana-esta-de-regresso-a-loule\/cultura\/15\/11\/","og_site_name":"Algarve 7","article_publisher":"https:\/\/www.facebook.com\/algarve7","article_author":"https:\/\/www.facebook.com\/algarve7","article_published_time":"2022-04-12T14:11:44+00:00","article_modified_time":"2022-04-12T14:11:45+00:00","og_image":[{"width":2560,"height":1634,"url":"https:\/\/algarve7.pt\/wp-content\/uploads\/2022\/04\/Festa-Pequena-da-Mae-Soberan-a-Loule\u0301-CML-Mira-2-scaled.jpg","type":"image\/jpeg"}],"author":"Algarve 7","twitter_card":"summary_large_image","twitter_creator":"@Algarvesete","twitter_site":"@Algarvesete","twitter_misc":{"Escrito por":"Algarve 7","Tempo estimado de leitura":"2 minutos"},"schema":{"@context":"https:\/\/schema.org","@graph":[{"@type":"Article","@id":"https:\/\/algarve7.pt\/index.php\/2022\/04\/festa-da-mae-soberana-esta-de-regresso-a-loule\/cultura\/15\/11\/#article","isPartOf":{"@id":"https:\/\/algarve7.pt\/index.php\/2022\/04\/festa-da-mae-soberana-esta-de-regresso-a-loule\/cultura\/15\/11\/"},"author":{"name":"Algarve 7","@id":"https:\/\/algarve7.pt\/#\/schema\/person\/23fa70681308e7b319a3204bcea45e0c"},"headline":"Festa da M\u00e3e Soberana est\u00e1 de regresso a Loul\u00e9","datePublished":"2022-04-12T14:11:44+00:00","dateModified":"2022-04-12T14:11:45+00:00","mainEntityOfPage":{"@id":"https:\/\/algarve7.pt\/index.php\/2022\/04\/festa-da-mae-soberana-esta-de-regresso-a-loule\/cultura\/15\/11\/"},"wordCount":295,"publisher":{"@id":"https:\/\/algarve7.pt\/#organization"},"image":{"@id":"https:\/\/algarve7.pt\/index.php\/2022\/04\/festa-da-mae-soberana-esta-de-regresso-a-loule\/cultura\/15\/11\/#primaryimage"},"thumbnailUrl":"https:\/\/algarve7.pt\/wp-content\/uploads\/2022\/04\/Festa-Pequena-da-Mae-Soberan-a-Loule\u0301-CML-Mira-2-scaled.jpg","keywords":["Algarve","Cultura","Festa da M\u00e3e Soberana","Loul\u00e9"],"articleSection":["Cultura"],"inLanguage":"pt-PT"},{"@type":"WebPage","@id":"https:\/\/algarve7.pt\/index.php\/2022\/04\/festa-da-mae-soberana-esta-de-regresso-a-loule\/cultura\/15\/11\/","url":"https:\/\/algarve7.pt\/index.php\/2022\/04\/festa-da-mae-soberana-esta-de-regresso-a-loule\/cultura\/15\/11\/","name":"Festa da M\u00e3e Soberana est\u00e1 de regresso a Loul\u00e9 - Algarve 7","isPartOf":{"@id":"https:\/\/algarve7.pt\/#website"},"primaryImageOfPage":{"@id":"https:\/\/algarve7.pt\/index.php\/2022\/04\/festa-da-mae-soberana-esta-de-regresso-a-loule\/cultura\/15\/11\/#primaryimage"},"image":{"@id":"https:\/\/algarve7.pt\/index.php\/2022\/04\/festa-da-mae-soberana-esta-de-regresso-a-loule\/cultura\/15\/11\/#primaryimage"},"thumbnailUrl":"https:\/\/algarve7.pt\/wp-content\/uploads\/2022\/04\/Festa-Pequena-da-Mae-Soberan-a-Loule\u0301-CML-Mira-2-scaled.jpg","datePublished":"2022-04-12T14:11:44+00:00","dateModified":"2022-04-12T14:11:45+00:00","description":"Festa da M\u00e3e Soberana est\u00e1 de regresso a Loul\u00e9 Cultura","breadcrumb":{"@id":"https:\/\/algarve7.pt\/index.php\/2022\/04\/festa-da-mae-soberana-esta-de-regresso-a-loule\/cultura\/15\/11\/#breadcrumb"},"inLanguage":"pt-PT","potentialAction":[{"@type":"ReadAction","target":["https:\/\/algarve7.pt\/index.php\/2022\/04\/festa-da-mae-soberana-esta-de-regresso-a-loule\/cultura\/15\/11\/"]}]},{"@type":"ImageObject","inLanguage":"pt-PT","@id":"https:\/\/algarve7.pt\/index.php\/2022\/04\/festa-da-mae-soberana-esta-de-regresso-a-loule\/cultura\/15\/11\/#primaryimage","url":"https:\/\/algarve7.pt\/wp-content\/uploads\/2022\/04\/Festa-Pequena-da-Mae-Soberan-a-Loule\u0301-CML-Mira-2-scaled.jpg","contentUrl":"https:\/\/algarve7.pt\/wp-content\/uploads\/2022\/04\/Festa-Pequena-da-Mae-Soberan-a-Loule\u0301-CML-Mira-2-scaled.jpg","width":2560,"height":1634},{"@type":"BreadcrumbList","@id":"https:\/\/algarve7.pt\/index.php\/2022\/04\/festa-da-mae-soberana-esta-de-regresso-a-loule\/cultura\/15\/11\/#breadcrumb","itemListElement":[{"@type":"ListItem","position":1,"name":"In\u00edcio","item":"https:\/\/algarve7.pt\/"},{"@type":"ListItem","position":2,"name":"Festa da M\u00e3e Soberana est\u00e1 de regresso a Loul\u00e9"}]},{"@type":"WebSite","@id":"https:\/\/algarve7.pt\/#website","url":"https:\/\/algarve7.pt\/","name":"Algarve 7","description":"Informa\u00e7\u00e3o sobre o Algarve","publisher":{"@id":"https:\/\/algarve7.pt\/#organization"},"potentialAction":[{"@type":"SearchAction","target":{"@type":"EntryPoint","urlTemplate":"https:\/\/algarve7.pt\/?s={search_term_string}"},"query-input":{"@type":"PropertyValueSpecification","valueRequired":true,"valueName":"search_term_string"}}],"inLanguage":"pt-PT"},{"@type":"Organization","@id":"https:\/\/algarve7.pt\/#organization","name":"Algarve 7","url":"https:\/\/algarve7.pt\/","logo":{"@type":"ImageObject","inLanguage":"pt-PT","@id":"https:\/\/algarve7.pt\/#\/schema\/logo\/image\/","url":"https:\/\/algarve7.pt\/wp-content\/uploads\/2020\/10\/Logo-8.jpg","contentUrl":"https:\/\/algarve7.pt\/wp-content\/uploads\/2020\/10\/Logo-8.jpg","width":1680,"height":1186,"caption":"Algarve 7"},"image":{"@id":"https:\/\/algarve7.pt\/#\/schema\/logo\/image\/"},"sameAs":["https:\/\/www.facebook.com\/algarve7","https:\/\/x.com\/Algarvesete","https:\/\/www.instagram.com\/jornalalgarve7\/","https:\/\/www.linkedin.com\/company\/algarve7","https:\/\/www.pinterest.pt\/geral0939\/_created\/"]},{"@type":"Person","@id":"https:\/\/algarve7.pt\/#\/schema\/person\/23fa70681308e7b319a3204bcea45e0c","name":"Algarve 7","sameAs":["https:\/\/algarve7.pt","https:\/\/www.facebook.com\/algarve7"],"url":"https:\/\/algarve7.pt\/index.php\/author\/geralalgarve7-pt\/"}]}},"jetpack_publicize_connections":[],"jetpack_featured_media_url":"https:\/\/algarve7.pt\/wp-content\/uploads\/2022\/04\/Festa-Pequena-da-Mae-Soberan-a-Loule\u0301-CML-Mira-2-scaled.jpg","jetpack_shortlink":"https:\/\/wp.me\/pcezmW-4Am","jetpack_sharing_enabled":true,"_links":{"self":[{"href":"https:\/\/algarve7.pt\/index.php\/wp-json\/wp\/v2\/posts\/17630","targetHints":{"allow":["GET"]}}],"collection":[{"href":"https:\/\/algarve7.pt\/index.php\/wp-json\/wp\/v2\/posts"}],"about":[{"href":"https:\/\/algarve7.pt\/index.php\/wp-json\/wp\/v2\/types\/post"}],"author":[{"embeddable":true,"href":"https:\/\/algarve7.pt\/index.php\/wp-json\/wp\/v2\/users\/1"}],"replies":[{"embeddable":true,"href":"https:\/\/algarve7.pt\/index.php\/wp-json\/wp\/v2\/comments?post=17630"}],"version-history":[{"count":0,"href":"https:\/\/algarve7.pt\/index.php\/wp-json\/wp\/v2\/posts\/17630\/revisions"}],"wp:featuredmedia":[{"embeddable":true,"href":"https:\/\/algarve7.pt\/index.php\/wp-json\/wp\/v2\/media\/17631"}],"wp:attachment":[{"href":"https:\/\/algarve7.pt\/index.php\/wp-json\/wp\/v2\/media?parent=17630"}],"wp:term":[{"taxonomy":"category","embeddable":true,"href":"https:\/\/algarve7.pt\/index.php\/wp-json\/wp\/v2\/categories?post=17630"},{"taxonomy":"post_tag","embeddable":true,"href":"https:\/\/algarve7.pt\/index.php\/wp-json\/wp\/v2\/tags?post=17630"}],"curies":[{"name":"wp","href":"https:\/\/api.w.org\/{rel}","templated":true}]}}