{"id":17612,"date":"2022-04-12T14:02:41","date_gmt":"2022-04-12T13:02:41","guid":{"rendered":"https:\/\/algarve7.pt\/?p=17612"},"modified":"2022-04-12T14:02:42","modified_gmt":"2022-04-12T13:02:42","slug":"emprega-2022-feira-decorre-em-quarteira-com-oferta-variada","status":"publish","type":"post","link":"https:\/\/algarve7.pt\/index.php\/2022\/04\/emprega-2022-feira-decorre-em-quarteira-com-oferta-variada\/atualidade\/14\/02\/","title":{"rendered":"Emprega+ 2022: Feira decorre em quarteira com oferta variada"},"content":{"rendered":"\n<p>A Escola EB2,3 D. Dinis, em Quarteira, vai ser palco da Emprega+ 2022, certame dedicado ao mercado laboral, que ter\u00e1 lugar no dia 23 de abril, entre as 10h00 e as 19h00.<\/p>\n\n\n\n<p>Neste dia estar\u00e3o presentes mais de 30 empresas do concelho, com disponibiliza\u00e7\u00e3o de ofertas de emprego e de est\u00e1gio. Em paralelo decorrer\u00e3o a\u00e7\u00f5es de recrutamento e sess\u00f5es de esclarecimento dirigidos ao p\u00fablico em geral.<\/p>\n\n\n\n<p>Trata-se de uma iniciativa da C\u00e2mara Municipal de Loul\u00e9, em parceria com a Junta de Freguesia de Quarteira, Associa\u00e7\u00e3o dos Empres\u00e1rios de Quarteira e Vilamoura, Associa\u00e7\u00e3o de Empres\u00e1rios Por Quarteira e do NERA \u2013 Associa\u00e7\u00e3o Empresarial da Regi\u00e3o do Algarve, com o apoio do IEFP, que ser\u00e1 reeditada este ano para apoiar desempregados, jovens \u00e0 procura do primeiro emprego, mas tamb\u00e9m as empresas que pretendem canalizar (novos) recursos humanos para os diversos setores. Como afirma V\u00edtor Aleixo, presidente da C\u00e2mara de Loul\u00e9, \u201co nosso papel como autarcas \u00e9 contribuir com o nosso conhecimento, compet\u00eancias municipais e cria\u00e7\u00e3o de parcerias para alavancar o mercado de emprego e, assim, promover o bem-estar das fam\u00edlias e a dinamiza\u00e7\u00e3o da economia local\u201d.<\/p>\n\n\n\n<p>Todos os empres\u00e1rios que ainda n\u00e3o tenham realizado a sua inscri\u00e7\u00e3o poder\u00e3o ainda participar nesta feira, entrando em contato coma Divis\u00e3o de Economia Local, Com\u00e9rcio e Turismo da C\u00e2mara Municipal de Loul\u00e9, atrav\u00e9s do telefone 289 400 829 ou email <a href=\"mailto:gae@cm-loule.pt\" target=\"_blank\" rel=\"noreferrer noopener\">gae@cm-loule.pt<\/a>.<\/p>\n\n\n\n<p>Este evento \u00e9 de acesso livre ao p\u00fablico.<\/p>\n\n\n\n<div class=\"wp-block-image\"><figure class=\"aligncenter size-large is-resized\"><img loading=\"lazy\" decoding=\"async\" src=\"https:\/\/algarve7.pt\/wp-content\/uploads\/2022\/04\/EmpregaMais_redesSociais41_fbeIn_postVert-819x1024.jpg\" alt=\"\" class=\"wp-image-17614\" width=\"352\" height=\"440\" srcset=\"https:\/\/algarve7.pt\/wp-content\/uploads\/2022\/04\/EmpregaMais_redesSociais41_fbeIn_postVert-819x1024.jpg 819w, https:\/\/algarve7.pt\/wp-content\/uploads\/2022\/04\/EmpregaMais_redesSociais41_fbeIn_postVert-240x300.jpg 240w, https:\/\/algarve7.pt\/wp-content\/uploads\/2022\/04\/EmpregaMais_redesSociais41_fbeIn_postVert-768x960.jpg 768w, https:\/\/algarve7.pt\/wp-content\/uploads\/2022\/04\/EmpregaMais_redesSociais41_fbeIn_postVert.jpg 1080w\" sizes=\"auto, (max-width: 352px) 100vw, 352px\" \/><\/figure><\/div>\n","protected":false},"excerpt":{"rendered":"<p>A Escola EB2,3 D. Dinis, em Quarteira, vai ser palco da Emprega+ 2022, certame dedicado ao mercado laboral, que ter\u00e1<\/p>\n","protected":false},"author":1,"featured_media":17613,"comment_status":"closed","ping_status":"open","sticky":false,"template":"","format":"standard","meta":{"colormag_page_container_layout":"default_layout","colormag_page_sidebar_layout":"default_layout","_monsterinsights_skip_tracking":false,"_monsterinsights_sitenote_active":false,"_monsterinsights_sitenote_note":"","_monsterinsights_sitenote_category":0,"jetpack_post_was_ever_published":false,"_jetpack_newsletter_access":"","_jetpack_dont_email_post_to_subs":false,"_jetpack_newsletter_tier_id":0,"_jetpack_memberships_contains_paywalled_content":false,"_jetpack_memberships_contains_paid_content":false,"footnotes":"","jetpack_publicize_message":"","jetpack_publicize_feature_enabled":true,"jetpack_social_post_already_shared":true,"jetpack_social_options":{"image_generator_settings":{"template":"highway","default_image_id":0,"font":"","enabled":false},"version":2}},"categories":[11],"tags":[36,62,112],"class_list":["post-17612","post","type-post","status-publish","format-standard","has-post-thumbnail","hentry","category-atualidade","tag-algarve","tag-atualidade","tag-quarteira"],"yoast_head":"<!-- This site is optimized with the Yoast SEO plugin v27.5 - https:\/\/yoast.com\/product\/yoast-seo-wordpress\/ -->\n<title>Emprega+ 2022: Feira decorre em quarteira com oferta variada - Algarve 7<\/title>\n<meta name=\"description\" content=\"Emprega+ 2022: Feira decorre em quarteira com oferta variada Atualidade\" \/>\n<meta name=\"robots\" content=\"index, follow, max-snippet:-1, max-image-preview:large, max-video-preview:-1\" \/>\n<link rel=\"canonical\" href=\"https:\/\/algarve7.pt\/index.php\/2022\/04\/emprega-2022-feira-decorre-em-quarteira-com-oferta-variada\/atualidade\/14\/02\/\" \/>\n<meta property=\"og:locale\" content=\"pt_PT\" \/>\n<meta property=\"og:type\" content=\"article\" \/>\n<meta property=\"og:title\" content=\"Emprega+ 2022: Feira decorre em quarteira com oferta variada - Algarve 7\" \/>\n<meta property=\"og:description\" content=\"Emprega+ 2022: Feira decorre em quarteira com oferta variada Atualidade\" \/>\n<meta property=\"og:url\" content=\"https:\/\/algarve7.pt\/index.php\/2022\/04\/emprega-2022-feira-decorre-em-quarteira-com-oferta-variada\/atualidade\/14\/02\/\" \/>\n<meta property=\"og:site_name\" content=\"Algarve 7\" \/>\n<meta property=\"article:publisher\" content=\"https:\/\/www.facebook.com\/algarve7\" \/>\n<meta property=\"article:author\" content=\"https:\/\/www.facebook.com\/algarve7\" \/>\n<meta property=\"article:published_time\" content=\"2022-04-12T13:02:41+00:00\" \/>\n<meta property=\"article:modified_time\" content=\"2022-04-12T13:02:42+00:00\" \/>\n<meta property=\"og:image\" content=\"https:\/\/algarve7.pt\/wp-content\/uploads\/2022\/04\/Captura-de-ecra\u0303-2022-04-12-a\u0300s-13.58.52.png\" \/>\n\t<meta property=\"og:image:width\" content=\"2138\" \/>\n\t<meta property=\"og:image:height\" content=\"1272\" \/>\n\t<meta property=\"og:image:type\" content=\"image\/png\" \/>\n<meta name=\"author\" content=\"Algarve 7\" \/>\n<meta name=\"twitter:card\" content=\"summary_large_image\" \/>\n<meta name=\"twitter:creator\" content=\"@Algarvesete\" \/>\n<meta name=\"twitter:site\" content=\"@Algarvesete\" \/>\n<meta name=\"twitter:label1\" content=\"Escrito por\" \/>\n\t<meta name=\"twitter:data1\" content=\"Algarve 7\" \/>\n\t<meta name=\"twitter:label2\" content=\"Tempo estimado de leitura\" \/>\n\t<meta name=\"twitter:data2\" content=\"2 minutos\" \/>\n<script type=\"application\/ld+json\" class=\"yoast-schema-graph\">{\"@context\":\"https:\\\/\\\/schema.org\",\"@graph\":[{\"@type\":\"Article\",\"@id\":\"https:\\\/\\\/algarve7.pt\\\/index.php\\\/2022\\\/04\\\/emprega-2022-feira-decorre-em-quarteira-com-oferta-variada\\\/atualidade\\\/14\\\/02\\\/#article\",\"isPartOf\":{\"@id\":\"https:\\\/\\\/algarve7.pt\\\/index.php\\\/2022\\\/04\\\/emprega-2022-feira-decorre-em-quarteira-com-oferta-variada\\\/atualidade\\\/14\\\/02\\\/\"},\"author\":{\"name\":\"Algarve 7\",\"@id\":\"https:\\\/\\\/algarve7.pt\\\/#\\\/schema\\\/person\\\/23fa70681308e7b319a3204bcea45e0c\"},\"headline\":\"Emprega+ 2022: Feira decorre em quarteira com oferta variada\",\"datePublished\":\"2022-04-12T13:02:41+00:00\",\"dateModified\":\"2022-04-12T13:02:42+00:00\",\"mainEntityOfPage\":{\"@id\":\"https:\\\/\\\/algarve7.pt\\\/index.php\\\/2022\\\/04\\\/emprega-2022-feira-decorre-em-quarteira-com-oferta-variada\\\/atualidade\\\/14\\\/02\\\/\"},\"wordCount\":263,\"publisher\":{\"@id\":\"https:\\\/\\\/algarve7.pt\\\/#organization\"},\"image\":{\"@id\":\"https:\\\/\\\/algarve7.pt\\\/index.php\\\/2022\\\/04\\\/emprega-2022-feira-decorre-em-quarteira-com-oferta-variada\\\/atualidade\\\/14\\\/02\\\/#primaryimage\"},\"thumbnailUrl\":\"https:\\\/\\\/algarve7.pt\\\/wp-content\\\/uploads\\\/2022\\\/04\\\/Captura-de-ecra\u0303-2022-04-12-a\u0300s-13.58.52.png\",\"keywords\":[\"Algarve\",\"Atualidade\",\"Quarteira\"],\"articleSection\":[\"Atualidade\"],\"inLanguage\":\"pt-PT\"},{\"@type\":\"WebPage\",\"@id\":\"https:\\\/\\\/algarve7.pt\\\/index.php\\\/2022\\\/04\\\/emprega-2022-feira-decorre-em-quarteira-com-oferta-variada\\\/atualidade\\\/14\\\/02\\\/\",\"url\":\"https:\\\/\\\/algarve7.pt\\\/index.php\\\/2022\\\/04\\\/emprega-2022-feira-decorre-em-quarteira-com-oferta-variada\\\/atualidade\\\/14\\\/02\\\/\",\"name\":\"Emprega+ 2022: Feira decorre em quarteira com oferta variada - Algarve 7\",\"isPartOf\":{\"@id\":\"https:\\\/\\\/algarve7.pt\\\/#website\"},\"primaryImageOfPage\":{\"@id\":\"https:\\\/\\\/algarve7.pt\\\/index.php\\\/2022\\\/04\\\/emprega-2022-feira-decorre-em-quarteira-com-oferta-variada\\\/atualidade\\\/14\\\/02\\\/#primaryimage\"},\"image\":{\"@id\":\"https:\\\/\\\/algarve7.pt\\\/index.php\\\/2022\\\/04\\\/emprega-2022-feira-decorre-em-quarteira-com-oferta-variada\\\/atualidade\\\/14\\\/02\\\/#primaryimage\"},\"thumbnailUrl\":\"https:\\\/\\\/algarve7.pt\\\/wp-content\\\/uploads\\\/2022\\\/04\\\/Captura-de-ecra\u0303-2022-04-12-a\u0300s-13.58.52.png\",\"datePublished\":\"2022-04-12T13:02:41+00:00\",\"dateModified\":\"2022-04-12T13:02:42+00:00\",\"description\":\"Emprega+ 2022: Feira decorre em quarteira com oferta variada Atualidade\",\"breadcrumb\":{\"@id\":\"https:\\\/\\\/algarve7.pt\\\/index.php\\\/2022\\\/04\\\/emprega-2022-feira-decorre-em-quarteira-com-oferta-variada\\\/atualidade\\\/14\\\/02\\\/#breadcrumb\"},\"inLanguage\":\"pt-PT\",\"potentialAction\":[{\"@type\":\"ReadAction\",\"target\":[\"https:\\\/\\\/algarve7.pt\\\/index.php\\\/2022\\\/04\\\/emprega-2022-feira-decorre-em-quarteira-com-oferta-variada\\\/atualidade\\\/14\\\/02\\\/\"]}]},{\"@type\":\"ImageObject\",\"inLanguage\":\"pt-PT\",\"@id\":\"https:\\\/\\\/algarve7.pt\\\/index.php\\\/2022\\\/04\\\/emprega-2022-feira-decorre-em-quarteira-com-oferta-variada\\\/atualidade\\\/14\\\/02\\\/#primaryimage\",\"url\":\"https:\\\/\\\/algarve7.pt\\\/wp-content\\\/uploads\\\/2022\\\/04\\\/Captura-de-ecra\u0303-2022-04-12-a\u0300s-13.58.52.png\",\"contentUrl\":\"https:\\\/\\\/algarve7.pt\\\/wp-content\\\/uploads\\\/2022\\\/04\\\/Captura-de-ecra\u0303-2022-04-12-a\u0300s-13.58.52.png\",\"width\":2138,\"height\":1272},{\"@type\":\"BreadcrumbList\",\"@id\":\"https:\\\/\\\/algarve7.pt\\\/index.php\\\/2022\\\/04\\\/emprega-2022-feira-decorre-em-quarteira-com-oferta-variada\\\/atualidade\\\/14\\\/02\\\/#breadcrumb\",\"itemListElement\":[{\"@type\":\"ListItem\",\"position\":1,\"name\":\"In\u00edcio\",\"item\":\"https:\\\/\\\/algarve7.pt\\\/\"},{\"@type\":\"ListItem\",\"position\":2,\"name\":\"Emprega+ 2022: Feira decorre em quarteira com oferta variada\"}]},{\"@type\":\"WebSite\",\"@id\":\"https:\\\/\\\/algarve7.pt\\\/#website\",\"url\":\"https:\\\/\\\/algarve7.pt\\\/\",\"name\":\"Algarve 7\",\"description\":\"Informa\u00e7\u00e3o sobre o Algarve\",\"publisher\":{\"@id\":\"https:\\\/\\\/algarve7.pt\\\/#organization\"},\"potentialAction\":[{\"@type\":\"SearchAction\",\"target\":{\"@type\":\"EntryPoint\",\"urlTemplate\":\"https:\\\/\\\/algarve7.pt\\\/?s={search_term_string}\"},\"query-input\":{\"@type\":\"PropertyValueSpecification\",\"valueRequired\":true,\"valueName\":\"search_term_string\"}}],\"inLanguage\":\"pt-PT\"},{\"@type\":\"Organization\",\"@id\":\"https:\\\/\\\/algarve7.pt\\\/#organization\",\"name\":\"Algarve 7\",\"url\":\"https:\\\/\\\/algarve7.pt\\\/\",\"logo\":{\"@type\":\"ImageObject\",\"inLanguage\":\"pt-PT\",\"@id\":\"https:\\\/\\\/algarve7.pt\\\/#\\\/schema\\\/logo\\\/image\\\/\",\"url\":\"https:\\\/\\\/algarve7.pt\\\/wp-content\\\/uploads\\\/2020\\\/10\\\/Logo-8.jpg\",\"contentUrl\":\"https:\\\/\\\/algarve7.pt\\\/wp-content\\\/uploads\\\/2020\\\/10\\\/Logo-8.jpg\",\"width\":1680,\"height\":1186,\"caption\":\"Algarve 7\"},\"image\":{\"@id\":\"https:\\\/\\\/algarve7.pt\\\/#\\\/schema\\\/logo\\\/image\\\/\"},\"sameAs\":[\"https:\\\/\\\/www.facebook.com\\\/algarve7\",\"https:\\\/\\\/x.com\\\/Algarvesete\",\"https:\\\/\\\/www.instagram.com\\\/jornalalgarve7\\\/\",\"https:\\\/\\\/www.linkedin.com\\\/company\\\/algarve7\",\"https:\\\/\\\/www.pinterest.pt\\\/geral0939\\\/_created\\\/\"]},{\"@type\":\"Person\",\"@id\":\"https:\\\/\\\/algarve7.pt\\\/#\\\/schema\\\/person\\\/23fa70681308e7b319a3204bcea45e0c\",\"name\":\"Algarve 7\",\"sameAs\":[\"https:\\\/\\\/algarve7.pt\",\"https:\\\/\\\/www.facebook.com\\\/algarve7\"],\"url\":\"https:\\\/\\\/algarve7.pt\\\/index.php\\\/author\\\/geralalgarve7-pt\\\/\"}]}<\/script>\n<!-- \/ Yoast SEO plugin. -->","yoast_head_json":{"title":"Emprega+ 2022: Feira decorre em quarteira com oferta variada - Algarve 7","description":"Emprega+ 2022: Feira decorre em quarteira com oferta variada Atualidade","robots":{"index":"index","follow":"follow","max-snippet":"max-snippet:-1","max-image-preview":"max-image-preview:large","max-video-preview":"max-video-preview:-1"},"canonical":"https:\/\/algarve7.pt\/index.php\/2022\/04\/emprega-2022-feira-decorre-em-quarteira-com-oferta-variada\/atualidade\/14\/02\/","og_locale":"pt_PT","og_type":"article","og_title":"Emprega+ 2022: Feira decorre em quarteira com oferta variada - Algarve 7","og_description":"Emprega+ 2022: Feira decorre em quarteira com oferta variada Atualidade","og_url":"https:\/\/algarve7.pt\/index.php\/2022\/04\/emprega-2022-feira-decorre-em-quarteira-com-oferta-variada\/atualidade\/14\/02\/","og_site_name":"Algarve 7","article_publisher":"https:\/\/www.facebook.com\/algarve7","article_author":"https:\/\/www.facebook.com\/algarve7","article_published_time":"2022-04-12T13:02:41+00:00","article_modified_time":"2022-04-12T13:02:42+00:00","og_image":[{"width":2138,"height":1272,"url":"https:\/\/algarve7.pt\/wp-content\/uploads\/2022\/04\/Captura-de-ecra\u0303-2022-04-12-a\u0300s-13.58.52.png","type":"image\/png"}],"author":"Algarve 7","twitter_card":"summary_large_image","twitter_creator":"@Algarvesete","twitter_site":"@Algarvesete","twitter_misc":{"Escrito por":"Algarve 7","Tempo estimado de leitura":"2 minutos"},"schema":{"@context":"https:\/\/schema.org","@graph":[{"@type":"Article","@id":"https:\/\/algarve7.pt\/index.php\/2022\/04\/emprega-2022-feira-decorre-em-quarteira-com-oferta-variada\/atualidade\/14\/02\/#article","isPartOf":{"@id":"https:\/\/algarve7.pt\/index.php\/2022\/04\/emprega-2022-feira-decorre-em-quarteira-com-oferta-variada\/atualidade\/14\/02\/"},"author":{"name":"Algarve 7","@id":"https:\/\/algarve7.pt\/#\/schema\/person\/23fa70681308e7b319a3204bcea45e0c"},"headline":"Emprega+ 2022: Feira decorre em quarteira com oferta variada","datePublished":"2022-04-12T13:02:41+00:00","dateModified":"2022-04-12T13:02:42+00:00","mainEntityOfPage":{"@id":"https:\/\/algarve7.pt\/index.php\/2022\/04\/emprega-2022-feira-decorre-em-quarteira-com-oferta-variada\/atualidade\/14\/02\/"},"wordCount":263,"publisher":{"@id":"https:\/\/algarve7.pt\/#organization"},"image":{"@id":"https:\/\/algarve7.pt\/index.php\/2022\/04\/emprega-2022-feira-decorre-em-quarteira-com-oferta-variada\/atualidade\/14\/02\/#primaryimage"},"thumbnailUrl":"https:\/\/algarve7.pt\/wp-content\/uploads\/2022\/04\/Captura-de-ecra\u0303-2022-04-12-a\u0300s-13.58.52.png","keywords":["Algarve","Atualidade","Quarteira"],"articleSection":["Atualidade"],"inLanguage":"pt-PT"},{"@type":"WebPage","@id":"https:\/\/algarve7.pt\/index.php\/2022\/04\/emprega-2022-feira-decorre-em-quarteira-com-oferta-variada\/atualidade\/14\/02\/","url":"https:\/\/algarve7.pt\/index.php\/2022\/04\/emprega-2022-feira-decorre-em-quarteira-com-oferta-variada\/atualidade\/14\/02\/","name":"Emprega+ 2022: Feira decorre em quarteira com oferta variada - Algarve 7","isPartOf":{"@id":"https:\/\/algarve7.pt\/#website"},"primaryImageOfPage":{"@id":"https:\/\/algarve7.pt\/index.php\/2022\/04\/emprega-2022-feira-decorre-em-quarteira-com-oferta-variada\/atualidade\/14\/02\/#primaryimage"},"image":{"@id":"https:\/\/algarve7.pt\/index.php\/2022\/04\/emprega-2022-feira-decorre-em-quarteira-com-oferta-variada\/atualidade\/14\/02\/#primaryimage"},"thumbnailUrl":"https:\/\/algarve7.pt\/wp-content\/uploads\/2022\/04\/Captura-de-ecra\u0303-2022-04-12-a\u0300s-13.58.52.png","datePublished":"2022-04-12T13:02:41+00:00","dateModified":"2022-04-12T13:02:42+00:00","description":"Emprega+ 2022: Feira decorre em quarteira com oferta variada Atualidade","breadcrumb":{"@id":"https:\/\/algarve7.pt\/index.php\/2022\/04\/emprega-2022-feira-decorre-em-quarteira-com-oferta-variada\/atualidade\/14\/02\/#breadcrumb"},"inLanguage":"pt-PT","potentialAction":[{"@type":"ReadAction","target":["https:\/\/algarve7.pt\/index.php\/2022\/04\/emprega-2022-feira-decorre-em-quarteira-com-oferta-variada\/atualidade\/14\/02\/"]}]},{"@type":"ImageObject","inLanguage":"pt-PT","@id":"https:\/\/algarve7.pt\/index.php\/2022\/04\/emprega-2022-feira-decorre-em-quarteira-com-oferta-variada\/atualidade\/14\/02\/#primaryimage","url":"https:\/\/algarve7.pt\/wp-content\/uploads\/2022\/04\/Captura-de-ecra\u0303-2022-04-12-a\u0300s-13.58.52.png","contentUrl":"https:\/\/algarve7.pt\/wp-content\/uploads\/2022\/04\/Captura-de-ecra\u0303-2022-04-12-a\u0300s-13.58.52.png","width":2138,"height":1272},{"@type":"BreadcrumbList","@id":"https:\/\/algarve7.pt\/index.php\/2022\/04\/emprega-2022-feira-decorre-em-quarteira-com-oferta-variada\/atualidade\/14\/02\/#breadcrumb","itemListElement":[{"@type":"ListItem","position":1,"name":"In\u00edcio","item":"https:\/\/algarve7.pt\/"},{"@type":"ListItem","position":2,"name":"Emprega+ 2022: Feira decorre em quarteira com oferta variada"}]},{"@type":"WebSite","@id":"https:\/\/algarve7.pt\/#website","url":"https:\/\/algarve7.pt\/","name":"Algarve 7","description":"Informa\u00e7\u00e3o sobre o Algarve","publisher":{"@id":"https:\/\/algarve7.pt\/#organization"},"potentialAction":[{"@type":"SearchAction","target":{"@type":"EntryPoint","urlTemplate":"https:\/\/algarve7.pt\/?s={search_term_string}"},"query-input":{"@type":"PropertyValueSpecification","valueRequired":true,"valueName":"search_term_string"}}],"inLanguage":"pt-PT"},{"@type":"Organization","@id":"https:\/\/algarve7.pt\/#organization","name":"Algarve 7","url":"https:\/\/algarve7.pt\/","logo":{"@type":"ImageObject","inLanguage":"pt-PT","@id":"https:\/\/algarve7.pt\/#\/schema\/logo\/image\/","url":"https:\/\/algarve7.pt\/wp-content\/uploads\/2020\/10\/Logo-8.jpg","contentUrl":"https:\/\/algarve7.pt\/wp-content\/uploads\/2020\/10\/Logo-8.jpg","width":1680,"height":1186,"caption":"Algarve 7"},"image":{"@id":"https:\/\/algarve7.pt\/#\/schema\/logo\/image\/"},"sameAs":["https:\/\/www.facebook.com\/algarve7","https:\/\/x.com\/Algarvesete","https:\/\/www.instagram.com\/jornalalgarve7\/","https:\/\/www.linkedin.com\/company\/algarve7","https:\/\/www.pinterest.pt\/geral0939\/_created\/"]},{"@type":"Person","@id":"https:\/\/algarve7.pt\/#\/schema\/person\/23fa70681308e7b319a3204bcea45e0c","name":"Algarve 7","sameAs":["https:\/\/algarve7.pt","https:\/\/www.facebook.com\/algarve7"],"url":"https:\/\/algarve7.pt\/index.php\/author\/geralalgarve7-pt\/"}]}},"jetpack_publicize_connections":[],"jetpack_featured_media_url":"https:\/\/algarve7.pt\/wp-content\/uploads\/2022\/04\/Captura-de-ecra\u0303-2022-04-12-a\u0300s-13.58.52.png","jetpack_shortlink":"https:\/\/wp.me\/pcezmW-4A4","jetpack_sharing_enabled":true,"_links":{"self":[{"href":"https:\/\/algarve7.pt\/index.php\/wp-json\/wp\/v2\/posts\/17612","targetHints":{"allow":["GET"]}}],"collection":[{"href":"https:\/\/algarve7.pt\/index.php\/wp-json\/wp\/v2\/posts"}],"about":[{"href":"https:\/\/algarve7.pt\/index.php\/wp-json\/wp\/v2\/types\/post"}],"author":[{"embeddable":true,"href":"https:\/\/algarve7.pt\/index.php\/wp-json\/wp\/v2\/users\/1"}],"replies":[{"embeddable":true,"href":"https:\/\/algarve7.pt\/index.php\/wp-json\/wp\/v2\/comments?post=17612"}],"version-history":[{"count":0,"href":"https:\/\/algarve7.pt\/index.php\/wp-json\/wp\/v2\/posts\/17612\/revisions"}],"wp:featuredmedia":[{"embeddable":true,"href":"https:\/\/algarve7.pt\/index.php\/wp-json\/wp\/v2\/media\/17613"}],"wp:attachment":[{"href":"https:\/\/algarve7.pt\/index.php\/wp-json\/wp\/v2\/media?parent=17612"}],"wp:term":[{"taxonomy":"category","embeddable":true,"href":"https:\/\/algarve7.pt\/index.php\/wp-json\/wp\/v2\/categories?post=17612"},{"taxonomy":"post_tag","embeddable":true,"href":"https:\/\/algarve7.pt\/index.php\/wp-json\/wp\/v2\/tags?post=17612"}],"curies":[{"name":"wp","href":"https:\/\/api.w.org\/{rel}","templated":true}]}}