{"id":17601,"date":"2022-04-11T21:14:13","date_gmt":"2022-04-11T20:14:13","guid":{"rendered":"https:\/\/algarve7.pt\/?p=17601"},"modified":"2022-04-11T21:14:14","modified_gmt":"2022-04-11T20:14:14","slug":"nota-de-pesar-pelo-falecimento-do-prof-joaquim-vairinhos","status":"publish","type":"post","link":"https:\/\/algarve7.pt\/index.php\/2022\/04\/nota-de-pesar-pelo-falecimento-do-prof-joaquim-vairinhos\/atualidade\/21\/14\/","title":{"rendered":"Nota de pesar pelo falecimento do prof. Joaquim Vairinhos"},"content":{"rendered":"\n<p>A C\u00e2mara Municipal de Loul\u00e9 vem manifestar publicamente o seu mais profundo pesar pelo falecimento do Prof. Joaquim Vairinhos, hoje, dia 11 de abril de 2022, com 77 anos de idade.<\/p>\n\n\n\n<p>Joaquim Manuel dos Santos Vairinhos nasceu no dia 17 de maio de 1944, em S\u00e3o Clemente (Loul\u00e9). Foi Professor, coordenador pedag\u00f3gico distrital, coordenador Concelhio de Educa\u00e7\u00e3o F\u00edsica em Loul\u00e9 e inspetor orientador do Minist\u00e9rio da Educa\u00e7\u00e3o.<\/p>\n\n\n\n<p>Com uma atividade desportiva e associativa intensa na regi\u00e3o do Algarve, nomeadamente na cidade de Loul\u00e9, foi um dos fundadores da Casa da Cultura, do Clube de T\u00e9nis e do Rugby Clube. Foi atleta e Presidente da Assembleia Geral do Louletano Desportos Clube de 1973 a 1975, atleta do Sport Faro e Benfica e do Sport Lisboa e Benfica nas modalidades de atletismo e rugby. Foi igualmente Presidente da Assembleia Geral da Associa\u00e7\u00e3o de Andebol do Algarve de 1972 a 1973 e Presidente da Assembleia Geral da Associa\u00e7\u00e3o de Futebol do Algarve em 1992.<\/p>\n\n\n\n<p>Com uma atividade pol\u00edtica not\u00e1vel, foi Presidente da Comiss\u00e3o Pol\u00edtica Concelhia do Partido Socialista em Loul\u00e9, Presidente da Federa\u00e7\u00e3o Regional do PS Algarve e membro da Comiss\u00e3o Nacional do PS.<\/p>\n\n\n\n<p>Desempenhou fun\u00e7\u00f5es de Vereador da C\u00e2mara Municipal de Loul\u00e9, no per\u00edodo de 1985 a 1989, e Presidente da mesma edilidade, de 1990 a 1999. Durante o seu mandato, entre outras obras de grande envergadura, inaugurou o complexo interior das Piscinas Municipais de Loul\u00e9, em 1993, e foi o grande precursor da constru\u00e7\u00e3o do Porto de Pescas de Quarteira, do Est\u00e1dio Algarve e do Pavilh\u00e3o Desportivo Municipal de Loul\u00e9, um dos maiores pavilh\u00f5es da regi\u00e3o algarvia.<\/p>\n\n\n\n<p>Durante o seu mandato aut\u00e1rquico, foram constru\u00eddas diversas escolas dos 2\u00ba e 3\u00ba Ciclos e a Escola Secund\u00e1ria Dra. Laura Ayres.<\/p>\n\n\n\n<p>Representou a Regi\u00e3o do Algarve, nos anos de 1994 a 1999, no Comit\u00e9 das Regi\u00f5es da Uni\u00e3o Europeia, e foi Deputado ao Parlamento Europeu, nos anos de 1999 a 2004.<\/p>\n\n\n\n<p>Em 2016, foi agraciado pela C\u00e2mara Municipal de Loul\u00e9 com a Medalha Municipal de M\u00e9rito Grau Ouro, pelo seu papel preponderante no desenvolvimento do Concelho, na cria\u00e7\u00e3o de infraestruturas e na proje\u00e7\u00e3o do nome do Munic\u00edpio.<\/p>\n\n\n\n<p>Na \u00faltima fase da sua vida dedicou-se \u00e0 cria\u00e7\u00e3o liter\u00e1ria tendo publicado algumas obras po\u00e9ticas, como \u201cGrito s\u00f3 sil\u00eancios nas asas do verbo\u201d, \u201cRetalhos po\u00e9ticos do quotidiano\u201d, \u201c e se o mar fosse eu?\u201d, entre outros.<\/p>\n\n\n\n<p>Em fevereiro deste ano de 2022, no dia da cidade, a C\u00e2mara homenageou-o, atribuindo o seu nome ao Pavilh\u00e3o Municipal de Loul\u00e9.<\/p>\n\n\n\n<p>Com o falecimento do Prof. Joaquim Vairinhos, um verdadeiro exemplo de dinamismo e de dedica\u00e7\u00e3o \u00e0 causa p\u00fablica, o concelho de Loul\u00e9 fica mais pobre, pois \u00e9 uma parte de si que se perde ficando para sempre um legado consider\u00e1vel para as gera\u00e7\u00f5es futuras.<\/p>\n\n\n\n<p>A Autarquia de Loul\u00e9 enaltece publicamente o prestimoso contributo de Joaquim Vairinhos na vida da comunidade e no desenvolvimento do concelho e endere\u00e7a, neste momento de profunda consterna\u00e7\u00e3o, as mais sentidas condol\u00eancias \u00e0 fam\u00edlia e aos amigos.<\/p>\n\n\n\n<p>Em sua mem\u00f3ria e reconhecimento, a Autarquia declara tr\u00eas dias de luto municipal, ficando a bandeira do Munic\u00edpio a meia haste.&nbsp;<\/p>\n","protected":false},"excerpt":{"rendered":"<p>A C\u00e2mara Municipal de Loul\u00e9 vem manifestar publicamente o seu mais profundo pesar pelo falecimento do Prof. Joaquim Vairinhos, hoje,<\/p>\n","protected":false},"author":1,"featured_media":17602,"comment_status":"closed","ping_status":"open","sticky":false,"template":"","format":"standard","meta":{"colormag_page_container_layout":"default_layout","colormag_page_sidebar_layout":"default_layout","_monsterinsights_skip_tracking":false,"_monsterinsights_sitenote_active":false,"_monsterinsights_sitenote_note":"","_monsterinsights_sitenote_category":0,"jetpack_post_was_ever_published":false,"_jetpack_newsletter_access":"","_jetpack_dont_email_post_to_subs":false,"_jetpack_newsletter_tier_id":0,"_jetpack_memberships_contains_paywalled_content":false,"_jetpack_memberships_contains_paid_content":false,"footnotes":"","jetpack_publicize_message":"","jetpack_publicize_feature_enabled":true,"jetpack_social_post_already_shared":true,"jetpack_social_options":{"image_generator_settings":{"template":"highway","default_image_id":0,"font":"","enabled":false},"version":2}},"categories":[11],"tags":[36,62,31],"class_list":["post-17601","post","type-post","status-publish","format-standard","has-post-thumbnail","hentry","category-atualidade","tag-algarve","tag-atualidade","tag-loule"],"yoast_head":"<!-- This site is optimized with the Yoast SEO plugin v27.5 - https:\/\/yoast.com\/product\/yoast-seo-wordpress\/ -->\n<title>Nota de pesar pelo falecimento do prof. Joaquim Vairinhos - Algarve 7<\/title>\n<meta name=\"description\" content=\"Nota de pesar pelo falecimento do prof. Joaquim Vairinhos Atualidade\" \/>\n<meta name=\"robots\" content=\"index, follow, max-snippet:-1, max-image-preview:large, max-video-preview:-1\" \/>\n<link rel=\"canonical\" href=\"https:\/\/algarve7.pt\/index.php\/2022\/04\/nota-de-pesar-pelo-falecimento-do-prof-joaquim-vairinhos\/atualidade\/21\/14\/\" \/>\n<meta property=\"og:locale\" content=\"pt_PT\" \/>\n<meta property=\"og:type\" content=\"article\" \/>\n<meta property=\"og:title\" content=\"Nota de pesar pelo falecimento do prof. Joaquim Vairinhos - Algarve 7\" \/>\n<meta property=\"og:description\" content=\"Nota de pesar pelo falecimento do prof. Joaquim Vairinhos Atualidade\" \/>\n<meta property=\"og:url\" content=\"https:\/\/algarve7.pt\/index.php\/2022\/04\/nota-de-pesar-pelo-falecimento-do-prof-joaquim-vairinhos\/atualidade\/21\/14\/\" \/>\n<meta property=\"og:site_name\" content=\"Algarve 7\" \/>\n<meta property=\"article:publisher\" content=\"https:\/\/www.facebook.com\/algarve7\" \/>\n<meta property=\"article:author\" content=\"https:\/\/www.facebook.com\/algarve7\" \/>\n<meta property=\"article:published_time\" content=\"2022-04-11T20:14:13+00:00\" \/>\n<meta property=\"article:modified_time\" content=\"2022-04-11T20:14:14+00:00\" \/>\n<meta property=\"og:image\" content=\"https:\/\/algarve7.pt\/wp-content\/uploads\/2022\/04\/joaquim_vairinhos1-scaled.jpg\" \/>\n\t<meta property=\"og:image:width\" content=\"2560\" \/>\n\t<meta property=\"og:image:height\" content=\"2293\" \/>\n\t<meta property=\"og:image:type\" content=\"image\/jpeg\" \/>\n<meta name=\"author\" content=\"Algarve 7\" \/>\n<meta name=\"twitter:card\" content=\"summary_large_image\" \/>\n<meta name=\"twitter:creator\" content=\"@Algarvesete\" \/>\n<meta name=\"twitter:site\" content=\"@Algarvesete\" \/>\n<meta name=\"twitter:label1\" content=\"Escrito por\" \/>\n\t<meta name=\"twitter:data1\" content=\"Algarve 7\" \/>\n\t<meta name=\"twitter:label2\" content=\"Tempo estimado de leitura\" \/>\n\t<meta name=\"twitter:data2\" content=\"3 minutos\" \/>\n<script type=\"application\/ld+json\" class=\"yoast-schema-graph\">{\"@context\":\"https:\\\/\\\/schema.org\",\"@graph\":[{\"@type\":\"Article\",\"@id\":\"https:\\\/\\\/algarve7.pt\\\/index.php\\\/2022\\\/04\\\/nota-de-pesar-pelo-falecimento-do-prof-joaquim-vairinhos\\\/atualidade\\\/21\\\/14\\\/#article\",\"isPartOf\":{\"@id\":\"https:\\\/\\\/algarve7.pt\\\/index.php\\\/2022\\\/04\\\/nota-de-pesar-pelo-falecimento-do-prof-joaquim-vairinhos\\\/atualidade\\\/21\\\/14\\\/\"},\"author\":{\"name\":\"Algarve 7\",\"@id\":\"https:\\\/\\\/algarve7.pt\\\/#\\\/schema\\\/person\\\/23fa70681308e7b319a3204bcea45e0c\"},\"headline\":\"Nota de pesar pelo falecimento do prof. Joaquim Vairinhos\",\"datePublished\":\"2022-04-11T20:14:13+00:00\",\"dateModified\":\"2022-04-11T20:14:14+00:00\",\"mainEntityOfPage\":{\"@id\":\"https:\\\/\\\/algarve7.pt\\\/index.php\\\/2022\\\/04\\\/nota-de-pesar-pelo-falecimento-do-prof-joaquim-vairinhos\\\/atualidade\\\/21\\\/14\\\/\"},\"wordCount\":549,\"publisher\":{\"@id\":\"https:\\\/\\\/algarve7.pt\\\/#organization\"},\"image\":{\"@id\":\"https:\\\/\\\/algarve7.pt\\\/index.php\\\/2022\\\/04\\\/nota-de-pesar-pelo-falecimento-do-prof-joaquim-vairinhos\\\/atualidade\\\/21\\\/14\\\/#primaryimage\"},\"thumbnailUrl\":\"https:\\\/\\\/algarve7.pt\\\/wp-content\\\/uploads\\\/2022\\\/04\\\/joaquim_vairinhos1-scaled.jpg\",\"keywords\":[\"Algarve\",\"Atualidade\",\"Loul\u00e9\"],\"articleSection\":[\"Atualidade\"],\"inLanguage\":\"pt-PT\"},{\"@type\":\"WebPage\",\"@id\":\"https:\\\/\\\/algarve7.pt\\\/index.php\\\/2022\\\/04\\\/nota-de-pesar-pelo-falecimento-do-prof-joaquim-vairinhos\\\/atualidade\\\/21\\\/14\\\/\",\"url\":\"https:\\\/\\\/algarve7.pt\\\/index.php\\\/2022\\\/04\\\/nota-de-pesar-pelo-falecimento-do-prof-joaquim-vairinhos\\\/atualidade\\\/21\\\/14\\\/\",\"name\":\"Nota de pesar pelo falecimento do prof. Joaquim Vairinhos - Algarve 7\",\"isPartOf\":{\"@id\":\"https:\\\/\\\/algarve7.pt\\\/#website\"},\"primaryImageOfPage\":{\"@id\":\"https:\\\/\\\/algarve7.pt\\\/index.php\\\/2022\\\/04\\\/nota-de-pesar-pelo-falecimento-do-prof-joaquim-vairinhos\\\/atualidade\\\/21\\\/14\\\/#primaryimage\"},\"image\":{\"@id\":\"https:\\\/\\\/algarve7.pt\\\/index.php\\\/2022\\\/04\\\/nota-de-pesar-pelo-falecimento-do-prof-joaquim-vairinhos\\\/atualidade\\\/21\\\/14\\\/#primaryimage\"},\"thumbnailUrl\":\"https:\\\/\\\/algarve7.pt\\\/wp-content\\\/uploads\\\/2022\\\/04\\\/joaquim_vairinhos1-scaled.jpg\",\"datePublished\":\"2022-04-11T20:14:13+00:00\",\"dateModified\":\"2022-04-11T20:14:14+00:00\",\"description\":\"Nota de pesar pelo falecimento do prof. Joaquim Vairinhos Atualidade\",\"breadcrumb\":{\"@id\":\"https:\\\/\\\/algarve7.pt\\\/index.php\\\/2022\\\/04\\\/nota-de-pesar-pelo-falecimento-do-prof-joaquim-vairinhos\\\/atualidade\\\/21\\\/14\\\/#breadcrumb\"},\"inLanguage\":\"pt-PT\",\"potentialAction\":[{\"@type\":\"ReadAction\",\"target\":[\"https:\\\/\\\/algarve7.pt\\\/index.php\\\/2022\\\/04\\\/nota-de-pesar-pelo-falecimento-do-prof-joaquim-vairinhos\\\/atualidade\\\/21\\\/14\\\/\"]}]},{\"@type\":\"ImageObject\",\"inLanguage\":\"pt-PT\",\"@id\":\"https:\\\/\\\/algarve7.pt\\\/index.php\\\/2022\\\/04\\\/nota-de-pesar-pelo-falecimento-do-prof-joaquim-vairinhos\\\/atualidade\\\/21\\\/14\\\/#primaryimage\",\"url\":\"https:\\\/\\\/algarve7.pt\\\/wp-content\\\/uploads\\\/2022\\\/04\\\/joaquim_vairinhos1-scaled.jpg\",\"contentUrl\":\"https:\\\/\\\/algarve7.pt\\\/wp-content\\\/uploads\\\/2022\\\/04\\\/joaquim_vairinhos1-scaled.jpg\",\"width\":2560,\"height\":2293},{\"@type\":\"BreadcrumbList\",\"@id\":\"https:\\\/\\\/algarve7.pt\\\/index.php\\\/2022\\\/04\\\/nota-de-pesar-pelo-falecimento-do-prof-joaquim-vairinhos\\\/atualidade\\\/21\\\/14\\\/#breadcrumb\",\"itemListElement\":[{\"@type\":\"ListItem\",\"position\":1,\"name\":\"In\u00edcio\",\"item\":\"https:\\\/\\\/algarve7.pt\\\/\"},{\"@type\":\"ListItem\",\"position\":2,\"name\":\"Nota de pesar pelo falecimento do prof. Joaquim Vairinhos\"}]},{\"@type\":\"WebSite\",\"@id\":\"https:\\\/\\\/algarve7.pt\\\/#website\",\"url\":\"https:\\\/\\\/algarve7.pt\\\/\",\"name\":\"Algarve 7\",\"description\":\"Informa\u00e7\u00e3o sobre o Algarve\",\"publisher\":{\"@id\":\"https:\\\/\\\/algarve7.pt\\\/#organization\"},\"potentialAction\":[{\"@type\":\"SearchAction\",\"target\":{\"@type\":\"EntryPoint\",\"urlTemplate\":\"https:\\\/\\\/algarve7.pt\\\/?s={search_term_string}\"},\"query-input\":{\"@type\":\"PropertyValueSpecification\",\"valueRequired\":true,\"valueName\":\"search_term_string\"}}],\"inLanguage\":\"pt-PT\"},{\"@type\":\"Organization\",\"@id\":\"https:\\\/\\\/algarve7.pt\\\/#organization\",\"name\":\"Algarve 7\",\"url\":\"https:\\\/\\\/algarve7.pt\\\/\",\"logo\":{\"@type\":\"ImageObject\",\"inLanguage\":\"pt-PT\",\"@id\":\"https:\\\/\\\/algarve7.pt\\\/#\\\/schema\\\/logo\\\/image\\\/\",\"url\":\"https:\\\/\\\/algarve7.pt\\\/wp-content\\\/uploads\\\/2020\\\/10\\\/Logo-8.jpg\",\"contentUrl\":\"https:\\\/\\\/algarve7.pt\\\/wp-content\\\/uploads\\\/2020\\\/10\\\/Logo-8.jpg\",\"width\":1680,\"height\":1186,\"caption\":\"Algarve 7\"},\"image\":{\"@id\":\"https:\\\/\\\/algarve7.pt\\\/#\\\/schema\\\/logo\\\/image\\\/\"},\"sameAs\":[\"https:\\\/\\\/www.facebook.com\\\/algarve7\",\"https:\\\/\\\/x.com\\\/Algarvesete\",\"https:\\\/\\\/www.instagram.com\\\/jornalalgarve7\\\/\",\"https:\\\/\\\/www.linkedin.com\\\/company\\\/algarve7\",\"https:\\\/\\\/www.pinterest.pt\\\/geral0939\\\/_created\\\/\"]},{\"@type\":\"Person\",\"@id\":\"https:\\\/\\\/algarve7.pt\\\/#\\\/schema\\\/person\\\/23fa70681308e7b319a3204bcea45e0c\",\"name\":\"Algarve 7\",\"sameAs\":[\"https:\\\/\\\/algarve7.pt\",\"https:\\\/\\\/www.facebook.com\\\/algarve7\"],\"url\":\"https:\\\/\\\/algarve7.pt\\\/index.php\\\/author\\\/geralalgarve7-pt\\\/\"}]}<\/script>\n<!-- \/ Yoast SEO plugin. -->","yoast_head_json":{"title":"Nota de pesar pelo falecimento do prof. Joaquim Vairinhos - Algarve 7","description":"Nota de pesar pelo falecimento do prof. Joaquim Vairinhos Atualidade","robots":{"index":"index","follow":"follow","max-snippet":"max-snippet:-1","max-image-preview":"max-image-preview:large","max-video-preview":"max-video-preview:-1"},"canonical":"https:\/\/algarve7.pt\/index.php\/2022\/04\/nota-de-pesar-pelo-falecimento-do-prof-joaquim-vairinhos\/atualidade\/21\/14\/","og_locale":"pt_PT","og_type":"article","og_title":"Nota de pesar pelo falecimento do prof. Joaquim Vairinhos - Algarve 7","og_description":"Nota de pesar pelo falecimento do prof. Joaquim Vairinhos Atualidade","og_url":"https:\/\/algarve7.pt\/index.php\/2022\/04\/nota-de-pesar-pelo-falecimento-do-prof-joaquim-vairinhos\/atualidade\/21\/14\/","og_site_name":"Algarve 7","article_publisher":"https:\/\/www.facebook.com\/algarve7","article_author":"https:\/\/www.facebook.com\/algarve7","article_published_time":"2022-04-11T20:14:13+00:00","article_modified_time":"2022-04-11T20:14:14+00:00","og_image":[{"width":2560,"height":2293,"url":"https:\/\/algarve7.pt\/wp-content\/uploads\/2022\/04\/joaquim_vairinhos1-scaled.jpg","type":"image\/jpeg"}],"author":"Algarve 7","twitter_card":"summary_large_image","twitter_creator":"@Algarvesete","twitter_site":"@Algarvesete","twitter_misc":{"Escrito por":"Algarve 7","Tempo estimado de leitura":"3 minutos"},"schema":{"@context":"https:\/\/schema.org","@graph":[{"@type":"Article","@id":"https:\/\/algarve7.pt\/index.php\/2022\/04\/nota-de-pesar-pelo-falecimento-do-prof-joaquim-vairinhos\/atualidade\/21\/14\/#article","isPartOf":{"@id":"https:\/\/algarve7.pt\/index.php\/2022\/04\/nota-de-pesar-pelo-falecimento-do-prof-joaquim-vairinhos\/atualidade\/21\/14\/"},"author":{"name":"Algarve 7","@id":"https:\/\/algarve7.pt\/#\/schema\/person\/23fa70681308e7b319a3204bcea45e0c"},"headline":"Nota de pesar pelo falecimento do prof. Joaquim Vairinhos","datePublished":"2022-04-11T20:14:13+00:00","dateModified":"2022-04-11T20:14:14+00:00","mainEntityOfPage":{"@id":"https:\/\/algarve7.pt\/index.php\/2022\/04\/nota-de-pesar-pelo-falecimento-do-prof-joaquim-vairinhos\/atualidade\/21\/14\/"},"wordCount":549,"publisher":{"@id":"https:\/\/algarve7.pt\/#organization"},"image":{"@id":"https:\/\/algarve7.pt\/index.php\/2022\/04\/nota-de-pesar-pelo-falecimento-do-prof-joaquim-vairinhos\/atualidade\/21\/14\/#primaryimage"},"thumbnailUrl":"https:\/\/algarve7.pt\/wp-content\/uploads\/2022\/04\/joaquim_vairinhos1-scaled.jpg","keywords":["Algarve","Atualidade","Loul\u00e9"],"articleSection":["Atualidade"],"inLanguage":"pt-PT"},{"@type":"WebPage","@id":"https:\/\/algarve7.pt\/index.php\/2022\/04\/nota-de-pesar-pelo-falecimento-do-prof-joaquim-vairinhos\/atualidade\/21\/14\/","url":"https:\/\/algarve7.pt\/index.php\/2022\/04\/nota-de-pesar-pelo-falecimento-do-prof-joaquim-vairinhos\/atualidade\/21\/14\/","name":"Nota de pesar pelo falecimento do prof. Joaquim Vairinhos - Algarve 7","isPartOf":{"@id":"https:\/\/algarve7.pt\/#website"},"primaryImageOfPage":{"@id":"https:\/\/algarve7.pt\/index.php\/2022\/04\/nota-de-pesar-pelo-falecimento-do-prof-joaquim-vairinhos\/atualidade\/21\/14\/#primaryimage"},"image":{"@id":"https:\/\/algarve7.pt\/index.php\/2022\/04\/nota-de-pesar-pelo-falecimento-do-prof-joaquim-vairinhos\/atualidade\/21\/14\/#primaryimage"},"thumbnailUrl":"https:\/\/algarve7.pt\/wp-content\/uploads\/2022\/04\/joaquim_vairinhos1-scaled.jpg","datePublished":"2022-04-11T20:14:13+00:00","dateModified":"2022-04-11T20:14:14+00:00","description":"Nota de pesar pelo falecimento do prof. Joaquim Vairinhos Atualidade","breadcrumb":{"@id":"https:\/\/algarve7.pt\/index.php\/2022\/04\/nota-de-pesar-pelo-falecimento-do-prof-joaquim-vairinhos\/atualidade\/21\/14\/#breadcrumb"},"inLanguage":"pt-PT","potentialAction":[{"@type":"ReadAction","target":["https:\/\/algarve7.pt\/index.php\/2022\/04\/nota-de-pesar-pelo-falecimento-do-prof-joaquim-vairinhos\/atualidade\/21\/14\/"]}]},{"@type":"ImageObject","inLanguage":"pt-PT","@id":"https:\/\/algarve7.pt\/index.php\/2022\/04\/nota-de-pesar-pelo-falecimento-do-prof-joaquim-vairinhos\/atualidade\/21\/14\/#primaryimage","url":"https:\/\/algarve7.pt\/wp-content\/uploads\/2022\/04\/joaquim_vairinhos1-scaled.jpg","contentUrl":"https:\/\/algarve7.pt\/wp-content\/uploads\/2022\/04\/joaquim_vairinhos1-scaled.jpg","width":2560,"height":2293},{"@type":"BreadcrumbList","@id":"https:\/\/algarve7.pt\/index.php\/2022\/04\/nota-de-pesar-pelo-falecimento-do-prof-joaquim-vairinhos\/atualidade\/21\/14\/#breadcrumb","itemListElement":[{"@type":"ListItem","position":1,"name":"In\u00edcio","item":"https:\/\/algarve7.pt\/"},{"@type":"ListItem","position":2,"name":"Nota de pesar pelo falecimento do prof. Joaquim Vairinhos"}]},{"@type":"WebSite","@id":"https:\/\/algarve7.pt\/#website","url":"https:\/\/algarve7.pt\/","name":"Algarve 7","description":"Informa\u00e7\u00e3o sobre o Algarve","publisher":{"@id":"https:\/\/algarve7.pt\/#organization"},"potentialAction":[{"@type":"SearchAction","target":{"@type":"EntryPoint","urlTemplate":"https:\/\/algarve7.pt\/?s={search_term_string}"},"query-input":{"@type":"PropertyValueSpecification","valueRequired":true,"valueName":"search_term_string"}}],"inLanguage":"pt-PT"},{"@type":"Organization","@id":"https:\/\/algarve7.pt\/#organization","name":"Algarve 7","url":"https:\/\/algarve7.pt\/","logo":{"@type":"ImageObject","inLanguage":"pt-PT","@id":"https:\/\/algarve7.pt\/#\/schema\/logo\/image\/","url":"https:\/\/algarve7.pt\/wp-content\/uploads\/2020\/10\/Logo-8.jpg","contentUrl":"https:\/\/algarve7.pt\/wp-content\/uploads\/2020\/10\/Logo-8.jpg","width":1680,"height":1186,"caption":"Algarve 7"},"image":{"@id":"https:\/\/algarve7.pt\/#\/schema\/logo\/image\/"},"sameAs":["https:\/\/www.facebook.com\/algarve7","https:\/\/x.com\/Algarvesete","https:\/\/www.instagram.com\/jornalalgarve7\/","https:\/\/www.linkedin.com\/company\/algarve7","https:\/\/www.pinterest.pt\/geral0939\/_created\/"]},{"@type":"Person","@id":"https:\/\/algarve7.pt\/#\/schema\/person\/23fa70681308e7b319a3204bcea45e0c","name":"Algarve 7","sameAs":["https:\/\/algarve7.pt","https:\/\/www.facebook.com\/algarve7"],"url":"https:\/\/algarve7.pt\/index.php\/author\/geralalgarve7-pt\/"}]}},"jetpack_publicize_connections":[],"jetpack_featured_media_url":"https:\/\/algarve7.pt\/wp-content\/uploads\/2022\/04\/joaquim_vairinhos1-scaled.jpg","jetpack_shortlink":"https:\/\/wp.me\/pcezmW-4zT","jetpack_sharing_enabled":true,"_links":{"self":[{"href":"https:\/\/algarve7.pt\/index.php\/wp-json\/wp\/v2\/posts\/17601","targetHints":{"allow":["GET"]}}],"collection":[{"href":"https:\/\/algarve7.pt\/index.php\/wp-json\/wp\/v2\/posts"}],"about":[{"href":"https:\/\/algarve7.pt\/index.php\/wp-json\/wp\/v2\/types\/post"}],"author":[{"embeddable":true,"href":"https:\/\/algarve7.pt\/index.php\/wp-json\/wp\/v2\/users\/1"}],"replies":[{"embeddable":true,"href":"https:\/\/algarve7.pt\/index.php\/wp-json\/wp\/v2\/comments?post=17601"}],"version-history":[{"count":0,"href":"https:\/\/algarve7.pt\/index.php\/wp-json\/wp\/v2\/posts\/17601\/revisions"}],"wp:featuredmedia":[{"embeddable":true,"href":"https:\/\/algarve7.pt\/index.php\/wp-json\/wp\/v2\/media\/17602"}],"wp:attachment":[{"href":"https:\/\/algarve7.pt\/index.php\/wp-json\/wp\/v2\/media?parent=17601"}],"wp:term":[{"taxonomy":"category","embeddable":true,"href":"https:\/\/algarve7.pt\/index.php\/wp-json\/wp\/v2\/categories?post=17601"},{"taxonomy":"post_tag","embeddable":true,"href":"https:\/\/algarve7.pt\/index.php\/wp-json\/wp\/v2\/tags?post=17601"}],"curies":[{"name":"wp","href":"https:\/\/api.w.org\/{rel}","templated":true}]}}