{"id":17598,"date":"2022-04-11T18:55:24","date_gmt":"2022-04-11T17:55:24","guid":{"rendered":"https:\/\/algarve7.pt\/?p=17598"},"modified":"2022-04-11T18:55:25","modified_gmt":"2022-04-11T17:55:25","slug":"48o-aniversario-do-25-de-abril-com-vasto-programa-de-atividades-em-silves","status":"publish","type":"post","link":"https:\/\/algarve7.pt\/index.php\/2022\/04\/48o-aniversario-do-25-de-abril-com-vasto-programa-de-atividades-em-silves\/cultura\/18\/55\/","title":{"rendered":"48\u00ba anivers\u00e1rio do 25 de Abril com vasto programa de atividades em Silves"},"content":{"rendered":"\n<p>Os 48 anos do 25 de Abril ser\u00e3o assinalados em Silves atrav\u00e9s de um vasto programa comemorativo que inclui teatro, m\u00fasica, poesia, um workshop, a apresenta\u00e7\u00e3o de um livro e uma exposi\u00e7\u00e3o bibliogr\u00e1fica. O concerto dos UHF \u201cA Heran\u00e7a do Andarilho\u201d \u00e9 outro dos destaques deste programa. Todos os eventos s\u00e3o de entrada livre.<\/p>\n\n\n\n<p>\u00abAbril \u00e9 tempo de celebrar os valores da Liberdade e Democracia, pilares essenciais da nossa sociedade, sendo que \u201cAbril em Silves\u201d apresenta uma oferta variada e abrangente permitindo a todas as gera\u00e7\u00f5es vivenciar os valores de Abril\u201d afirma Rosa Palma, Presidente da C\u00e2mara Municipal de Silves. \u201cNo momento em o n\u00famero de anos de democracia iguala os de ditadura, a autarquia pretende destacar os 48 anos da Revolu\u00e7\u00e3o de Abril, marco hist\u00f3rico do nosso pa\u00eds que abriu as portas da democracia e da liberdade\u00bb, pelo que \u00ab\u00e9 inten\u00e7\u00e3o do munic\u00edpio, atrav\u00e9s da programa\u00e7\u00e3o proposta, transmitir a import\u00e2ncia e o significado deste acontecimento hist\u00f3rico, em especial junto das camadas mais jovens, n\u00e3o esquecendo nem o percurso nem todos aqueles que lutaram para que, hoje, os ideais e o espirito de Abril continuem a ser uma realidade\u00bb, refor\u00e7a a autarca.<\/p>\n\n\n\n<p>E o programa comemorativo come\u00e7a mesmo pelos mais jovens, com a realiza\u00e7\u00e3o do workshop \u201cDama de Abril\u201d, por Telma Santos, que decorrer\u00e1 dia 20 de abril e durante um m\u00eas, na Escola Secund\u00e1ria de Silves (ESS).<\/p>\n\n\n\n<p>No dia 21 de abril, a pe\u00e7a \u201cRomance do 25 de Abril\u201d, pelo Teatro Mosca, adaptando o livro hom\u00f3nimo de Jo\u00e3o Pedro M\u00e9sseder e Alex Gozblau, ir\u00e1 mostrar aos alunos do ensino b\u00e1sico como foram os momentos mais marcantes da Hist\u00f3ria recente do nosso pa\u00eds.<\/p>\n\n\n\n<p>A apresenta\u00e7\u00e3o do livro \u201cElas estiveram nas pris\u00f5es do fascismo\u201d, pela URAP &#8211; Uni\u00e3o de Resistentes Antifascistas Portugueses, marcar\u00e1 o dia 22 de abril com duas sess\u00f5es, uma dirigida \u00e0 comunidade educativa, pelas 10h25 na ESS, e outra dirigida ao p\u00fablico em geral, pelas 21h00, na Biblioteca Municipal de Silves.<\/p>\n\n\n\n<p>Integrando as comemora\u00e7\u00f5es do 14.\u00ba anivers\u00e1rio da Biblioteca Municipal de Silves, no dia 23 de abril h\u00e1, pelas 15h00, M\u00fasica para Beb\u00e9s e Crian\u00e7as e, pelas 18h00, o recital \u201cPela santa Liberdade\u201d, por Afonso Dias. O dia terminar\u00e1 com o concerto \u201cA subst\u00e2ncia do tempo\u201d, por Lu\u00eds Galrito e Ant\u00f3nio Hil\u00e1rio, no Teatro Mascarenhas Greg\u00f3rio, \u00e0s 21h30.<\/p>\n\n\n\n<p>O programa prossegue no dia 24 de abril, com o concerto \u201cA Heran\u00e7a do Andarilho\u201d que trar\u00e1 a Silves, pelas 21h30, os UHF, num espet\u00e1culo imperd\u00edvel.<\/p>\n\n\n\n<p>O dia 25 de Abril ser\u00e1 marcado pela arruada da Banda da Sociedade Filarm\u00f3nica Silvense, pelas 9h30, em Silves, seguida da habitual Sess\u00e3o Solene da Assembleia Municipal, no Sal\u00e3o Nobre dos Pa\u00e7os do Concelho, \u00e0s 10h00. A partir das 11h45, Lu\u00eds Galrito ser\u00e1 protagonista de um apontamento musical. O programa deste dia culminar\u00e1 com a pe\u00e7a de teatro \u201cQual a cor da Liberdade\u201d, pelo Teatro Independente de Loures, pelas 15h30, no Teatro Mascarenhas Greg\u00f3rio.<\/p>\n\n\n\n<p>De referir que de 24 de abril a 25 de maio, os Pa\u00e7os do Concelho acolhem a mostra bibliogr\u00e1fica \u201cLivros N\u00e3o Livres\u201d, que poder\u00e1 ser visitada das 9h00 \u00e0s 16h00.<\/p>\n\n\n\n<p>O Munic\u00edpio de Silves convida todos a viver Abril e a participar neste diversificado programa para todas as idades.<\/p>\n","protected":false},"excerpt":{"rendered":"<p>Os 48 anos do 25 de Abril ser\u00e3o assinalados em Silves atrav\u00e9s de um vasto programa comemorativo que inclui teatro,<\/p>\n","protected":false},"author":1,"featured_media":17599,"comment_status":"closed","ping_status":"open","sticky":false,"template":"","format":"standard","meta":{"colormag_page_container_layout":"default_layout","colormag_page_sidebar_layout":"default_layout","_monsterinsights_skip_tracking":false,"_monsterinsights_sitenote_active":false,"_monsterinsights_sitenote_note":"","_monsterinsights_sitenote_category":0,"jetpack_post_was_ever_published":false,"_jetpack_newsletter_access":"","_jetpack_dont_email_post_to_subs":false,"_jetpack_newsletter_tier_id":0,"_jetpack_memberships_contains_paywalled_content":false,"_jetpack_memberships_contains_paid_content":false,"footnotes":"","jetpack_publicize_message":"","jetpack_publicize_feature_enabled":true,"jetpack_social_post_already_shared":true,"jetpack_social_options":{"image_generator_settings":{"template":"highway","default_image_id":0,"font":"","enabled":false},"version":2}},"categories":[14],"tags":[624,36,35,42],"class_list":["post-17598","post","type-post","status-publish","format-standard","has-post-thumbnail","hentry","category-cultura","tag-48o-aniversario-do-25-de-abril","tag-algarve","tag-cultura","tag-silves"],"yoast_head":"<!-- This site is optimized with the Yoast SEO plugin v27.5 - https:\/\/yoast.com\/product\/yoast-seo-wordpress\/ -->\n<title>48\u00ba anivers\u00e1rio do 25 de Abril com vasto programa de atividades em Silves - Algarve 7<\/title>\n<meta name=\"description\" content=\"48\u00ba anivers\u00e1rio do 25 de Abril com vasto programa de atividades em Silves Cultura\" \/>\n<meta name=\"robots\" content=\"index, follow, max-snippet:-1, max-image-preview:large, max-video-preview:-1\" \/>\n<link rel=\"canonical\" href=\"https:\/\/algarve7.pt\/index.php\/2022\/04\/48o-aniversario-do-25-de-abril-com-vasto-programa-de-atividades-em-silves\/cultura\/18\/55\/\" \/>\n<meta property=\"og:locale\" content=\"pt_PT\" \/>\n<meta property=\"og:type\" content=\"article\" \/>\n<meta property=\"og:title\" content=\"48\u00ba anivers\u00e1rio do 25 de Abril com vasto programa de atividades em Silves - Algarve 7\" \/>\n<meta property=\"og:description\" content=\"48\u00ba anivers\u00e1rio do 25 de Abril com vasto programa de atividades em Silves Cultura\" \/>\n<meta property=\"og:url\" content=\"https:\/\/algarve7.pt\/index.php\/2022\/04\/48o-aniversario-do-25-de-abril-com-vasto-programa-de-atividades-em-silves\/cultura\/18\/55\/\" \/>\n<meta property=\"og:site_name\" content=\"Algarve 7\" \/>\n<meta property=\"article:publisher\" content=\"https:\/\/www.facebook.com\/algarve7\" \/>\n<meta property=\"article:author\" content=\"https:\/\/www.facebook.com\/algarve7\" \/>\n<meta property=\"article:published_time\" content=\"2022-04-11T17:55:24+00:00\" \/>\n<meta property=\"article:modified_time\" content=\"2022-04-11T17:55:25+00:00\" \/>\n<meta property=\"og:image\" content=\"https:\/\/algarve7.pt\/wp-content\/uploads\/2022\/04\/insta_25-Abril.jpg\" \/>\n\t<meta property=\"og:image:width\" content=\"600\" \/>\n\t<meta property=\"og:image:height\" content=\"600\" \/>\n\t<meta property=\"og:image:type\" content=\"image\/jpeg\" \/>\n<meta name=\"author\" content=\"Algarve 7\" \/>\n<meta name=\"twitter:card\" content=\"summary_large_image\" \/>\n<meta name=\"twitter:creator\" content=\"@Algarvesete\" \/>\n<meta name=\"twitter:site\" content=\"@Algarvesete\" \/>\n<meta name=\"twitter:label1\" content=\"Escrito por\" \/>\n\t<meta name=\"twitter:data1\" content=\"Algarve 7\" \/>\n\t<meta name=\"twitter:label2\" content=\"Tempo estimado de leitura\" \/>\n\t<meta name=\"twitter:data2\" content=\"3 minutos\" \/>\n<script type=\"application\/ld+json\" class=\"yoast-schema-graph\">{\"@context\":\"https:\\\/\\\/schema.org\",\"@graph\":[{\"@type\":\"Article\",\"@id\":\"https:\\\/\\\/algarve7.pt\\\/index.php\\\/2022\\\/04\\\/48o-aniversario-do-25-de-abril-com-vasto-programa-de-atividades-em-silves\\\/cultura\\\/18\\\/55\\\/#article\",\"isPartOf\":{\"@id\":\"https:\\\/\\\/algarve7.pt\\\/index.php\\\/2022\\\/04\\\/48o-aniversario-do-25-de-abril-com-vasto-programa-de-atividades-em-silves\\\/cultura\\\/18\\\/55\\\/\"},\"author\":{\"name\":\"Algarve 7\",\"@id\":\"https:\\\/\\\/algarve7.pt\\\/#\\\/schema\\\/person\\\/23fa70681308e7b319a3204bcea45e0c\"},\"headline\":\"48\u00ba anivers\u00e1rio do 25 de Abril com vasto programa de atividades em Silves\",\"datePublished\":\"2022-04-11T17:55:24+00:00\",\"dateModified\":\"2022-04-11T17:55:25+00:00\",\"mainEntityOfPage\":{\"@id\":\"https:\\\/\\\/algarve7.pt\\\/index.php\\\/2022\\\/04\\\/48o-aniversario-do-25-de-abril-com-vasto-programa-de-atividades-em-silves\\\/cultura\\\/18\\\/55\\\/\"},\"wordCount\":586,\"publisher\":{\"@id\":\"https:\\\/\\\/algarve7.pt\\\/#organization\"},\"image\":{\"@id\":\"https:\\\/\\\/algarve7.pt\\\/index.php\\\/2022\\\/04\\\/48o-aniversario-do-25-de-abril-com-vasto-programa-de-atividades-em-silves\\\/cultura\\\/18\\\/55\\\/#primaryimage\"},\"thumbnailUrl\":\"https:\\\/\\\/algarve7.pt\\\/wp-content\\\/uploads\\\/2022\\\/04\\\/insta_25-Abril.jpg\",\"keywords\":[\"48\u00ba anivers\u00e1rio do 25 de Abril\",\"Algarve\",\"Cultura\",\"Silves\"],\"articleSection\":[\"Cultura\"],\"inLanguage\":\"pt-PT\"},{\"@type\":\"WebPage\",\"@id\":\"https:\\\/\\\/algarve7.pt\\\/index.php\\\/2022\\\/04\\\/48o-aniversario-do-25-de-abril-com-vasto-programa-de-atividades-em-silves\\\/cultura\\\/18\\\/55\\\/\",\"url\":\"https:\\\/\\\/algarve7.pt\\\/index.php\\\/2022\\\/04\\\/48o-aniversario-do-25-de-abril-com-vasto-programa-de-atividades-em-silves\\\/cultura\\\/18\\\/55\\\/\",\"name\":\"48\u00ba anivers\u00e1rio do 25 de Abril com vasto programa de atividades em Silves - Algarve 7\",\"isPartOf\":{\"@id\":\"https:\\\/\\\/algarve7.pt\\\/#website\"},\"primaryImageOfPage\":{\"@id\":\"https:\\\/\\\/algarve7.pt\\\/index.php\\\/2022\\\/04\\\/48o-aniversario-do-25-de-abril-com-vasto-programa-de-atividades-em-silves\\\/cultura\\\/18\\\/55\\\/#primaryimage\"},\"image\":{\"@id\":\"https:\\\/\\\/algarve7.pt\\\/index.php\\\/2022\\\/04\\\/48o-aniversario-do-25-de-abril-com-vasto-programa-de-atividades-em-silves\\\/cultura\\\/18\\\/55\\\/#primaryimage\"},\"thumbnailUrl\":\"https:\\\/\\\/algarve7.pt\\\/wp-content\\\/uploads\\\/2022\\\/04\\\/insta_25-Abril.jpg\",\"datePublished\":\"2022-04-11T17:55:24+00:00\",\"dateModified\":\"2022-04-11T17:55:25+00:00\",\"description\":\"48\u00ba anivers\u00e1rio do 25 de Abril com vasto programa de atividades em Silves Cultura\",\"breadcrumb\":{\"@id\":\"https:\\\/\\\/algarve7.pt\\\/index.php\\\/2022\\\/04\\\/48o-aniversario-do-25-de-abril-com-vasto-programa-de-atividades-em-silves\\\/cultura\\\/18\\\/55\\\/#breadcrumb\"},\"inLanguage\":\"pt-PT\",\"potentialAction\":[{\"@type\":\"ReadAction\",\"target\":[\"https:\\\/\\\/algarve7.pt\\\/index.php\\\/2022\\\/04\\\/48o-aniversario-do-25-de-abril-com-vasto-programa-de-atividades-em-silves\\\/cultura\\\/18\\\/55\\\/\"]}]},{\"@type\":\"ImageObject\",\"inLanguage\":\"pt-PT\",\"@id\":\"https:\\\/\\\/algarve7.pt\\\/index.php\\\/2022\\\/04\\\/48o-aniversario-do-25-de-abril-com-vasto-programa-de-atividades-em-silves\\\/cultura\\\/18\\\/55\\\/#primaryimage\",\"url\":\"https:\\\/\\\/algarve7.pt\\\/wp-content\\\/uploads\\\/2022\\\/04\\\/insta_25-Abril.jpg\",\"contentUrl\":\"https:\\\/\\\/algarve7.pt\\\/wp-content\\\/uploads\\\/2022\\\/04\\\/insta_25-Abril.jpg\",\"width\":600,\"height\":600},{\"@type\":\"BreadcrumbList\",\"@id\":\"https:\\\/\\\/algarve7.pt\\\/index.php\\\/2022\\\/04\\\/48o-aniversario-do-25-de-abril-com-vasto-programa-de-atividades-em-silves\\\/cultura\\\/18\\\/55\\\/#breadcrumb\",\"itemListElement\":[{\"@type\":\"ListItem\",\"position\":1,\"name\":\"In\u00edcio\",\"item\":\"https:\\\/\\\/algarve7.pt\\\/\"},{\"@type\":\"ListItem\",\"position\":2,\"name\":\"48\u00ba anivers\u00e1rio do 25 de Abril com vasto programa de atividades em Silves\"}]},{\"@type\":\"WebSite\",\"@id\":\"https:\\\/\\\/algarve7.pt\\\/#website\",\"url\":\"https:\\\/\\\/algarve7.pt\\\/\",\"name\":\"Algarve 7\",\"description\":\"Informa\u00e7\u00e3o sobre o Algarve\",\"publisher\":{\"@id\":\"https:\\\/\\\/algarve7.pt\\\/#organization\"},\"potentialAction\":[{\"@type\":\"SearchAction\",\"target\":{\"@type\":\"EntryPoint\",\"urlTemplate\":\"https:\\\/\\\/algarve7.pt\\\/?s={search_term_string}\"},\"query-input\":{\"@type\":\"PropertyValueSpecification\",\"valueRequired\":true,\"valueName\":\"search_term_string\"}}],\"inLanguage\":\"pt-PT\"},{\"@type\":\"Organization\",\"@id\":\"https:\\\/\\\/algarve7.pt\\\/#organization\",\"name\":\"Algarve 7\",\"url\":\"https:\\\/\\\/algarve7.pt\\\/\",\"logo\":{\"@type\":\"ImageObject\",\"inLanguage\":\"pt-PT\",\"@id\":\"https:\\\/\\\/algarve7.pt\\\/#\\\/schema\\\/logo\\\/image\\\/\",\"url\":\"https:\\\/\\\/algarve7.pt\\\/wp-content\\\/uploads\\\/2020\\\/10\\\/Logo-8.jpg\",\"contentUrl\":\"https:\\\/\\\/algarve7.pt\\\/wp-content\\\/uploads\\\/2020\\\/10\\\/Logo-8.jpg\",\"width\":1680,\"height\":1186,\"caption\":\"Algarve 7\"},\"image\":{\"@id\":\"https:\\\/\\\/algarve7.pt\\\/#\\\/schema\\\/logo\\\/image\\\/\"},\"sameAs\":[\"https:\\\/\\\/www.facebook.com\\\/algarve7\",\"https:\\\/\\\/x.com\\\/Algarvesete\",\"https:\\\/\\\/www.instagram.com\\\/jornalalgarve7\\\/\",\"https:\\\/\\\/www.linkedin.com\\\/company\\\/algarve7\",\"https:\\\/\\\/www.pinterest.pt\\\/geral0939\\\/_created\\\/\"]},{\"@type\":\"Person\",\"@id\":\"https:\\\/\\\/algarve7.pt\\\/#\\\/schema\\\/person\\\/23fa70681308e7b319a3204bcea45e0c\",\"name\":\"Algarve 7\",\"sameAs\":[\"https:\\\/\\\/algarve7.pt\",\"https:\\\/\\\/www.facebook.com\\\/algarve7\"],\"url\":\"https:\\\/\\\/algarve7.pt\\\/index.php\\\/author\\\/geralalgarve7-pt\\\/\"}]}<\/script>\n<!-- \/ Yoast SEO plugin. -->","yoast_head_json":{"title":"48\u00ba anivers\u00e1rio do 25 de Abril com vasto programa de atividades em Silves - Algarve 7","description":"48\u00ba anivers\u00e1rio do 25 de Abril com vasto programa de atividades em Silves Cultura","robots":{"index":"index","follow":"follow","max-snippet":"max-snippet:-1","max-image-preview":"max-image-preview:large","max-video-preview":"max-video-preview:-1"},"canonical":"https:\/\/algarve7.pt\/index.php\/2022\/04\/48o-aniversario-do-25-de-abril-com-vasto-programa-de-atividades-em-silves\/cultura\/18\/55\/","og_locale":"pt_PT","og_type":"article","og_title":"48\u00ba anivers\u00e1rio do 25 de Abril com vasto programa de atividades em Silves - Algarve 7","og_description":"48\u00ba anivers\u00e1rio do 25 de Abril com vasto programa de atividades em Silves Cultura","og_url":"https:\/\/algarve7.pt\/index.php\/2022\/04\/48o-aniversario-do-25-de-abril-com-vasto-programa-de-atividades-em-silves\/cultura\/18\/55\/","og_site_name":"Algarve 7","article_publisher":"https:\/\/www.facebook.com\/algarve7","article_author":"https:\/\/www.facebook.com\/algarve7","article_published_time":"2022-04-11T17:55:24+00:00","article_modified_time":"2022-04-11T17:55:25+00:00","og_image":[{"width":600,"height":600,"url":"https:\/\/algarve7.pt\/wp-content\/uploads\/2022\/04\/insta_25-Abril.jpg","type":"image\/jpeg"}],"author":"Algarve 7","twitter_card":"summary_large_image","twitter_creator":"@Algarvesete","twitter_site":"@Algarvesete","twitter_misc":{"Escrito por":"Algarve 7","Tempo estimado de leitura":"3 minutos"},"schema":{"@context":"https:\/\/schema.org","@graph":[{"@type":"Article","@id":"https:\/\/algarve7.pt\/index.php\/2022\/04\/48o-aniversario-do-25-de-abril-com-vasto-programa-de-atividades-em-silves\/cultura\/18\/55\/#article","isPartOf":{"@id":"https:\/\/algarve7.pt\/index.php\/2022\/04\/48o-aniversario-do-25-de-abril-com-vasto-programa-de-atividades-em-silves\/cultura\/18\/55\/"},"author":{"name":"Algarve 7","@id":"https:\/\/algarve7.pt\/#\/schema\/person\/23fa70681308e7b319a3204bcea45e0c"},"headline":"48\u00ba anivers\u00e1rio do 25 de Abril com vasto programa de atividades em Silves","datePublished":"2022-04-11T17:55:24+00:00","dateModified":"2022-04-11T17:55:25+00:00","mainEntityOfPage":{"@id":"https:\/\/algarve7.pt\/index.php\/2022\/04\/48o-aniversario-do-25-de-abril-com-vasto-programa-de-atividades-em-silves\/cultura\/18\/55\/"},"wordCount":586,"publisher":{"@id":"https:\/\/algarve7.pt\/#organization"},"image":{"@id":"https:\/\/algarve7.pt\/index.php\/2022\/04\/48o-aniversario-do-25-de-abril-com-vasto-programa-de-atividades-em-silves\/cultura\/18\/55\/#primaryimage"},"thumbnailUrl":"https:\/\/algarve7.pt\/wp-content\/uploads\/2022\/04\/insta_25-Abril.jpg","keywords":["48\u00ba anivers\u00e1rio do 25 de Abril","Algarve","Cultura","Silves"],"articleSection":["Cultura"],"inLanguage":"pt-PT"},{"@type":"WebPage","@id":"https:\/\/algarve7.pt\/index.php\/2022\/04\/48o-aniversario-do-25-de-abril-com-vasto-programa-de-atividades-em-silves\/cultura\/18\/55\/","url":"https:\/\/algarve7.pt\/index.php\/2022\/04\/48o-aniversario-do-25-de-abril-com-vasto-programa-de-atividades-em-silves\/cultura\/18\/55\/","name":"48\u00ba anivers\u00e1rio do 25 de Abril com vasto programa de atividades em Silves - Algarve 7","isPartOf":{"@id":"https:\/\/algarve7.pt\/#website"},"primaryImageOfPage":{"@id":"https:\/\/algarve7.pt\/index.php\/2022\/04\/48o-aniversario-do-25-de-abril-com-vasto-programa-de-atividades-em-silves\/cultura\/18\/55\/#primaryimage"},"image":{"@id":"https:\/\/algarve7.pt\/index.php\/2022\/04\/48o-aniversario-do-25-de-abril-com-vasto-programa-de-atividades-em-silves\/cultura\/18\/55\/#primaryimage"},"thumbnailUrl":"https:\/\/algarve7.pt\/wp-content\/uploads\/2022\/04\/insta_25-Abril.jpg","datePublished":"2022-04-11T17:55:24+00:00","dateModified":"2022-04-11T17:55:25+00:00","description":"48\u00ba anivers\u00e1rio do 25 de Abril com vasto programa de atividades em Silves Cultura","breadcrumb":{"@id":"https:\/\/algarve7.pt\/index.php\/2022\/04\/48o-aniversario-do-25-de-abril-com-vasto-programa-de-atividades-em-silves\/cultura\/18\/55\/#breadcrumb"},"inLanguage":"pt-PT","potentialAction":[{"@type":"ReadAction","target":["https:\/\/algarve7.pt\/index.php\/2022\/04\/48o-aniversario-do-25-de-abril-com-vasto-programa-de-atividades-em-silves\/cultura\/18\/55\/"]}]},{"@type":"ImageObject","inLanguage":"pt-PT","@id":"https:\/\/algarve7.pt\/index.php\/2022\/04\/48o-aniversario-do-25-de-abril-com-vasto-programa-de-atividades-em-silves\/cultura\/18\/55\/#primaryimage","url":"https:\/\/algarve7.pt\/wp-content\/uploads\/2022\/04\/insta_25-Abril.jpg","contentUrl":"https:\/\/algarve7.pt\/wp-content\/uploads\/2022\/04\/insta_25-Abril.jpg","width":600,"height":600},{"@type":"BreadcrumbList","@id":"https:\/\/algarve7.pt\/index.php\/2022\/04\/48o-aniversario-do-25-de-abril-com-vasto-programa-de-atividades-em-silves\/cultura\/18\/55\/#breadcrumb","itemListElement":[{"@type":"ListItem","position":1,"name":"In\u00edcio","item":"https:\/\/algarve7.pt\/"},{"@type":"ListItem","position":2,"name":"48\u00ba anivers\u00e1rio do 25 de Abril com vasto programa de atividades em Silves"}]},{"@type":"WebSite","@id":"https:\/\/algarve7.pt\/#website","url":"https:\/\/algarve7.pt\/","name":"Algarve 7","description":"Informa\u00e7\u00e3o sobre o Algarve","publisher":{"@id":"https:\/\/algarve7.pt\/#organization"},"potentialAction":[{"@type":"SearchAction","target":{"@type":"EntryPoint","urlTemplate":"https:\/\/algarve7.pt\/?s={search_term_string}"},"query-input":{"@type":"PropertyValueSpecification","valueRequired":true,"valueName":"search_term_string"}}],"inLanguage":"pt-PT"},{"@type":"Organization","@id":"https:\/\/algarve7.pt\/#organization","name":"Algarve 7","url":"https:\/\/algarve7.pt\/","logo":{"@type":"ImageObject","inLanguage":"pt-PT","@id":"https:\/\/algarve7.pt\/#\/schema\/logo\/image\/","url":"https:\/\/algarve7.pt\/wp-content\/uploads\/2020\/10\/Logo-8.jpg","contentUrl":"https:\/\/algarve7.pt\/wp-content\/uploads\/2020\/10\/Logo-8.jpg","width":1680,"height":1186,"caption":"Algarve 7"},"image":{"@id":"https:\/\/algarve7.pt\/#\/schema\/logo\/image\/"},"sameAs":["https:\/\/www.facebook.com\/algarve7","https:\/\/x.com\/Algarvesete","https:\/\/www.instagram.com\/jornalalgarve7\/","https:\/\/www.linkedin.com\/company\/algarve7","https:\/\/www.pinterest.pt\/geral0939\/_created\/"]},{"@type":"Person","@id":"https:\/\/algarve7.pt\/#\/schema\/person\/23fa70681308e7b319a3204bcea45e0c","name":"Algarve 7","sameAs":["https:\/\/algarve7.pt","https:\/\/www.facebook.com\/algarve7"],"url":"https:\/\/algarve7.pt\/index.php\/author\/geralalgarve7-pt\/"}]}},"jetpack_publicize_connections":[],"jetpack_featured_media_url":"https:\/\/algarve7.pt\/wp-content\/uploads\/2022\/04\/insta_25-Abril.jpg","jetpack_shortlink":"https:\/\/wp.me\/pcezmW-4zQ","jetpack_sharing_enabled":true,"_links":{"self":[{"href":"https:\/\/algarve7.pt\/index.php\/wp-json\/wp\/v2\/posts\/17598","targetHints":{"allow":["GET"]}}],"collection":[{"href":"https:\/\/algarve7.pt\/index.php\/wp-json\/wp\/v2\/posts"}],"about":[{"href":"https:\/\/algarve7.pt\/index.php\/wp-json\/wp\/v2\/types\/post"}],"author":[{"embeddable":true,"href":"https:\/\/algarve7.pt\/index.php\/wp-json\/wp\/v2\/users\/1"}],"replies":[{"embeddable":true,"href":"https:\/\/algarve7.pt\/index.php\/wp-json\/wp\/v2\/comments?post=17598"}],"version-history":[{"count":0,"href":"https:\/\/algarve7.pt\/index.php\/wp-json\/wp\/v2\/posts\/17598\/revisions"}],"wp:featuredmedia":[{"embeddable":true,"href":"https:\/\/algarve7.pt\/index.php\/wp-json\/wp\/v2\/media\/17599"}],"wp:attachment":[{"href":"https:\/\/algarve7.pt\/index.php\/wp-json\/wp\/v2\/media?parent=17598"}],"wp:term":[{"taxonomy":"category","embeddable":true,"href":"https:\/\/algarve7.pt\/index.php\/wp-json\/wp\/v2\/categories?post=17598"},{"taxonomy":"post_tag","embeddable":true,"href":"https:\/\/algarve7.pt\/index.php\/wp-json\/wp\/v2\/tags?post=17598"}],"curies":[{"name":"wp","href":"https:\/\/api.w.org\/{rel}","templated":true}]}}