{"id":17464,"date":"2022-04-07T15:16:01","date_gmt":"2022-04-07T14:16:01","guid":{"rendered":"https:\/\/algarve7.pt\/?p=17464"},"modified":"2022-04-07T15:16:03","modified_gmt":"2022-04-07T14:16:03","slug":"centro-de-interpretacao-expoe-reliquias-do-espaco-e-no-tempo-de-vila-do-bispo","status":"publish","type":"post","link":"https:\/\/algarve7.pt\/index.php\/2022\/04\/centro-de-interpretacao-expoe-reliquias-do-espaco-e-no-tempo-de-vila-do-bispo\/cultura\/15\/16\/","title":{"rendered":"Centro de interpreta\u00e7\u00e3o exp\u00f5e rel\u00edquias do espa\u00e7o e no tempo de Vila do Bispo"},"content":{"rendered":"\n<p>Est\u00e1 patente ao p\u00fablico, no Centro de Interpreta\u00e7\u00e3o de Vila do Bispo, a exposi\u00e7\u00e3o \u201cRel\u00edquias do espa\u00e7o e no tempo de Vila do Bispo &#8211; madeira, arte do form\u00e3o e vis\u00e3o de um escultor sobre o patrim\u00f3nio local.\u201d<\/p>\n\n\n\n<p>A mostra re\u00fane trabalhos em madeira e outros materiais, nos quais s\u00e3o exploradas diversas t\u00e9cnicas de escultura, de marcenaria e de representa\u00e7\u00e3o \u00e0 escala de diferentes elementos do patrim\u00f3nio cultural do concelho de Vila do Bispo, designadamente arquitet\u00f3nico, religioso, militar, arqueol\u00f3gico e her\u00e1ldico.<\/p>\n\n\n\n<p>A exposi\u00e7\u00e3o apresenta-se como uma retrospetiva do trabalho desenvolvido por um artista natural de Vila do Bispo, M\u00e1rio Soares, onde se homenageia a sua arte da madeira, os seus gestos de form\u00e3o e a sua vis\u00e3o sobre o patrim\u00f3nio local.<\/p>\n\n\n\n<p>Organizada pela C\u00e2mara Municipal de Vila do Bispo, a exposi\u00e7\u00e3o pode ser visitada de 2\u00aa a 6\u00aa feira das 10h00 \u00e0s 16h30, at\u00e9 dia 29 de abril.<\/p>\n\n\n\n<p><strong>Entrada gratuita.<\/strong><\/p>\n\n\n\n<div class=\"wp-block-image\"><figure class=\"aligncenter size-large is-resized\"><img loading=\"lazy\" decoding=\"async\" src=\"https:\/\/algarve7.pt\/wp-content\/uploads\/2022\/04\/cartaz_exposicao_mario_soares_abril_22-724x1024.jpg\" alt=\"\" class=\"wp-image-17465\" width=\"386\" height=\"546\" srcset=\"https:\/\/algarve7.pt\/wp-content\/uploads\/2022\/04\/cartaz_exposicao_mario_soares_abril_22-724x1024.jpg 724w, https:\/\/algarve7.pt\/wp-content\/uploads\/2022\/04\/cartaz_exposicao_mario_soares_abril_22-212x300.jpg 212w, https:\/\/algarve7.pt\/wp-content\/uploads\/2022\/04\/cartaz_exposicao_mario_soares_abril_22-768x1086.jpg 768w, https:\/\/algarve7.pt\/wp-content\/uploads\/2022\/04\/cartaz_exposicao_mario_soares_abril_22.jpg 794w\" sizes=\"auto, (max-width: 386px) 100vw, 386px\" \/><\/figure><\/div>\n","protected":false},"excerpt":{"rendered":"<p>Est\u00e1 patente ao p\u00fablico, no Centro de Interpreta\u00e7\u00e3o de Vila do Bispo, a exposi\u00e7\u00e3o \u201cRel\u00edquias do espa\u00e7o e no tempo<\/p>\n","protected":false},"author":1,"featured_media":17466,"comment_status":"closed","ping_status":"open","sticky":false,"template":"","format":"standard","meta":{"colormag_page_container_layout":"default_layout","colormag_page_sidebar_layout":"default_layout","_monsterinsights_skip_tracking":false,"_monsterinsights_sitenote_active":false,"_monsterinsights_sitenote_note":"","_monsterinsights_sitenote_category":0,"jetpack_post_was_ever_published":false,"_jetpack_newsletter_access":"","_jetpack_dont_email_post_to_subs":false,"_jetpack_newsletter_tier_id":0,"_jetpack_memberships_contains_paywalled_content":false,"_jetpack_memberships_contains_paid_content":false,"footnotes":"","jetpack_publicize_message":"","jetpack_publicize_feature_enabled":true,"jetpack_social_post_already_shared":true,"jetpack_social_options":{"image_generator_settings":{"template":"highway","default_image_id":0,"font":"","enabled":false},"version":2}},"categories":[14],"tags":[36,35,66,84],"class_list":["post-17464","post","type-post","status-publish","format-standard","has-post-thumbnail","hentry","category-cultura","tag-algarve","tag-cultura","tag-exposicao","tag-vila-do-bispo"],"yoast_head":"<!-- This site is optimized with the Yoast SEO plugin v27.5 - https:\/\/yoast.com\/product\/yoast-seo-wordpress\/ -->\n<title>Centro de interpreta\u00e7\u00e3o exp\u00f5e rel\u00edquias do espa\u00e7o e no tempo de Vila do Bispo - Algarve 7<\/title>\n<meta name=\"description\" content=\"Centro de interpreta\u00e7\u00e3o exp\u00f5e rel\u00edquias do espa\u00e7o e no tempo de Vila do Bispo Cultura\" \/>\n<meta name=\"robots\" content=\"index, follow, max-snippet:-1, max-image-preview:large, max-video-preview:-1\" \/>\n<link rel=\"canonical\" href=\"https:\/\/algarve7.pt\/index.php\/2022\/04\/centro-de-interpretacao-expoe-reliquias-do-espaco-e-no-tempo-de-vila-do-bispo\/cultura\/15\/16\/\" \/>\n<meta property=\"og:locale\" content=\"pt_PT\" \/>\n<meta property=\"og:type\" content=\"article\" \/>\n<meta property=\"og:title\" content=\"Centro de interpreta\u00e7\u00e3o exp\u00f5e rel\u00edquias do espa\u00e7o e no tempo de Vila do Bispo - Algarve 7\" \/>\n<meta property=\"og:description\" content=\"Centro de interpreta\u00e7\u00e3o exp\u00f5e rel\u00edquias do espa\u00e7o e no tempo de Vila do Bispo Cultura\" \/>\n<meta property=\"og:url\" content=\"https:\/\/algarve7.pt\/index.php\/2022\/04\/centro-de-interpretacao-expoe-reliquias-do-espaco-e-no-tempo-de-vila-do-bispo\/cultura\/15\/16\/\" \/>\n<meta property=\"og:site_name\" content=\"Algarve 7\" \/>\n<meta property=\"article:publisher\" content=\"https:\/\/www.facebook.com\/algarve7\" \/>\n<meta property=\"article:author\" content=\"https:\/\/www.facebook.com\/algarve7\" \/>\n<meta property=\"article:published_time\" content=\"2022-04-07T14:16:01+00:00\" \/>\n<meta property=\"article:modified_time\" content=\"2022-04-07T14:16:03+00:00\" \/>\n<meta property=\"og:image\" content=\"https:\/\/algarve7.pt\/wp-content\/uploads\/2022\/04\/cartaz_exposicao_mario_soares_abril_22-1-e1649340945517.jpg\" \/>\n\t<meta property=\"og:image:width\" content=\"794\" \/>\n\t<meta property=\"og:image:height\" content=\"628\" \/>\n\t<meta property=\"og:image:type\" content=\"image\/jpeg\" \/>\n<meta name=\"author\" content=\"Algarve 7\" \/>\n<meta name=\"twitter:card\" content=\"summary_large_image\" \/>\n<meta name=\"twitter:creator\" content=\"@Algarvesete\" \/>\n<meta name=\"twitter:site\" content=\"@Algarvesete\" \/>\n<meta name=\"twitter:label1\" content=\"Escrito por\" \/>\n\t<meta name=\"twitter:data1\" content=\"Algarve 7\" \/>\n\t<meta name=\"twitter:label2\" content=\"Tempo estimado de leitura\" \/>\n\t<meta name=\"twitter:data2\" content=\"2 minutos\" \/>\n<script type=\"application\/ld+json\" class=\"yoast-schema-graph\">{\"@context\":\"https:\\\/\\\/schema.org\",\"@graph\":[{\"@type\":\"Article\",\"@id\":\"https:\\\/\\\/algarve7.pt\\\/index.php\\\/2022\\\/04\\\/centro-de-interpretacao-expoe-reliquias-do-espaco-e-no-tempo-de-vila-do-bispo\\\/cultura\\\/15\\\/16\\\/#article\",\"isPartOf\":{\"@id\":\"https:\\\/\\\/algarve7.pt\\\/index.php\\\/2022\\\/04\\\/centro-de-interpretacao-expoe-reliquias-do-espaco-e-no-tempo-de-vila-do-bispo\\\/cultura\\\/15\\\/16\\\/\"},\"author\":{\"name\":\"Algarve 7\",\"@id\":\"https:\\\/\\\/algarve7.pt\\\/#\\\/schema\\\/person\\\/23fa70681308e7b319a3204bcea45e0c\"},\"headline\":\"Centro de interpreta\u00e7\u00e3o exp\u00f5e rel\u00edquias do espa\u00e7o e no tempo de Vila do Bispo\",\"datePublished\":\"2022-04-07T14:16:01+00:00\",\"dateModified\":\"2022-04-07T14:16:03+00:00\",\"mainEntityOfPage\":{\"@id\":\"https:\\\/\\\/algarve7.pt\\\/index.php\\\/2022\\\/04\\\/centro-de-interpretacao-expoe-reliquias-do-espaco-e-no-tempo-de-vila-do-bispo\\\/cultura\\\/15\\\/16\\\/\"},\"wordCount\":187,\"publisher\":{\"@id\":\"https:\\\/\\\/algarve7.pt\\\/#organization\"},\"image\":{\"@id\":\"https:\\\/\\\/algarve7.pt\\\/index.php\\\/2022\\\/04\\\/centro-de-interpretacao-expoe-reliquias-do-espaco-e-no-tempo-de-vila-do-bispo\\\/cultura\\\/15\\\/16\\\/#primaryimage\"},\"thumbnailUrl\":\"https:\\\/\\\/algarve7.pt\\\/wp-content\\\/uploads\\\/2022\\\/04\\\/cartaz_exposicao_mario_soares_abril_22-1-e1649340945517.jpg\",\"keywords\":[\"Algarve\",\"Cultura\",\"Exposi\u00e7\u00e3o\",\"Vila do Bispo\"],\"articleSection\":[\"Cultura\"],\"inLanguage\":\"pt-PT\"},{\"@type\":\"WebPage\",\"@id\":\"https:\\\/\\\/algarve7.pt\\\/index.php\\\/2022\\\/04\\\/centro-de-interpretacao-expoe-reliquias-do-espaco-e-no-tempo-de-vila-do-bispo\\\/cultura\\\/15\\\/16\\\/\",\"url\":\"https:\\\/\\\/algarve7.pt\\\/index.php\\\/2022\\\/04\\\/centro-de-interpretacao-expoe-reliquias-do-espaco-e-no-tempo-de-vila-do-bispo\\\/cultura\\\/15\\\/16\\\/\",\"name\":\"Centro de interpreta\u00e7\u00e3o exp\u00f5e rel\u00edquias do espa\u00e7o e no tempo de Vila do Bispo - Algarve 7\",\"isPartOf\":{\"@id\":\"https:\\\/\\\/algarve7.pt\\\/#website\"},\"primaryImageOfPage\":{\"@id\":\"https:\\\/\\\/algarve7.pt\\\/index.php\\\/2022\\\/04\\\/centro-de-interpretacao-expoe-reliquias-do-espaco-e-no-tempo-de-vila-do-bispo\\\/cultura\\\/15\\\/16\\\/#primaryimage\"},\"image\":{\"@id\":\"https:\\\/\\\/algarve7.pt\\\/index.php\\\/2022\\\/04\\\/centro-de-interpretacao-expoe-reliquias-do-espaco-e-no-tempo-de-vila-do-bispo\\\/cultura\\\/15\\\/16\\\/#primaryimage\"},\"thumbnailUrl\":\"https:\\\/\\\/algarve7.pt\\\/wp-content\\\/uploads\\\/2022\\\/04\\\/cartaz_exposicao_mario_soares_abril_22-1-e1649340945517.jpg\",\"datePublished\":\"2022-04-07T14:16:01+00:00\",\"dateModified\":\"2022-04-07T14:16:03+00:00\",\"description\":\"Centro de interpreta\u00e7\u00e3o exp\u00f5e rel\u00edquias do espa\u00e7o e no tempo de Vila do Bispo Cultura\",\"breadcrumb\":{\"@id\":\"https:\\\/\\\/algarve7.pt\\\/index.php\\\/2022\\\/04\\\/centro-de-interpretacao-expoe-reliquias-do-espaco-e-no-tempo-de-vila-do-bispo\\\/cultura\\\/15\\\/16\\\/#breadcrumb\"},\"inLanguage\":\"pt-PT\",\"potentialAction\":[{\"@type\":\"ReadAction\",\"target\":[\"https:\\\/\\\/algarve7.pt\\\/index.php\\\/2022\\\/04\\\/centro-de-interpretacao-expoe-reliquias-do-espaco-e-no-tempo-de-vila-do-bispo\\\/cultura\\\/15\\\/16\\\/\"]}]},{\"@type\":\"ImageObject\",\"inLanguage\":\"pt-PT\",\"@id\":\"https:\\\/\\\/algarve7.pt\\\/index.php\\\/2022\\\/04\\\/centro-de-interpretacao-expoe-reliquias-do-espaco-e-no-tempo-de-vila-do-bispo\\\/cultura\\\/15\\\/16\\\/#primaryimage\",\"url\":\"https:\\\/\\\/algarve7.pt\\\/wp-content\\\/uploads\\\/2022\\\/04\\\/cartaz_exposicao_mario_soares_abril_22-1-e1649340945517.jpg\",\"contentUrl\":\"https:\\\/\\\/algarve7.pt\\\/wp-content\\\/uploads\\\/2022\\\/04\\\/cartaz_exposicao_mario_soares_abril_22-1-e1649340945517.jpg\",\"width\":794,\"height\":628},{\"@type\":\"BreadcrumbList\",\"@id\":\"https:\\\/\\\/algarve7.pt\\\/index.php\\\/2022\\\/04\\\/centro-de-interpretacao-expoe-reliquias-do-espaco-e-no-tempo-de-vila-do-bispo\\\/cultura\\\/15\\\/16\\\/#breadcrumb\",\"itemListElement\":[{\"@type\":\"ListItem\",\"position\":1,\"name\":\"In\u00edcio\",\"item\":\"https:\\\/\\\/algarve7.pt\\\/\"},{\"@type\":\"ListItem\",\"position\":2,\"name\":\"Centro de interpreta\u00e7\u00e3o exp\u00f5e rel\u00edquias do espa\u00e7o e no tempo de Vila do Bispo\"}]},{\"@type\":\"WebSite\",\"@id\":\"https:\\\/\\\/algarve7.pt\\\/#website\",\"url\":\"https:\\\/\\\/algarve7.pt\\\/\",\"name\":\"Algarve 7\",\"description\":\"Informa\u00e7\u00e3o sobre o Algarve\",\"publisher\":{\"@id\":\"https:\\\/\\\/algarve7.pt\\\/#organization\"},\"potentialAction\":[{\"@type\":\"SearchAction\",\"target\":{\"@type\":\"EntryPoint\",\"urlTemplate\":\"https:\\\/\\\/algarve7.pt\\\/?s={search_term_string}\"},\"query-input\":{\"@type\":\"PropertyValueSpecification\",\"valueRequired\":true,\"valueName\":\"search_term_string\"}}],\"inLanguage\":\"pt-PT\"},{\"@type\":\"Organization\",\"@id\":\"https:\\\/\\\/algarve7.pt\\\/#organization\",\"name\":\"Algarve 7\",\"url\":\"https:\\\/\\\/algarve7.pt\\\/\",\"logo\":{\"@type\":\"ImageObject\",\"inLanguage\":\"pt-PT\",\"@id\":\"https:\\\/\\\/algarve7.pt\\\/#\\\/schema\\\/logo\\\/image\\\/\",\"url\":\"https:\\\/\\\/algarve7.pt\\\/wp-content\\\/uploads\\\/2020\\\/10\\\/Logo-8.jpg\",\"contentUrl\":\"https:\\\/\\\/algarve7.pt\\\/wp-content\\\/uploads\\\/2020\\\/10\\\/Logo-8.jpg\",\"width\":1680,\"height\":1186,\"caption\":\"Algarve 7\"},\"image\":{\"@id\":\"https:\\\/\\\/algarve7.pt\\\/#\\\/schema\\\/logo\\\/image\\\/\"},\"sameAs\":[\"https:\\\/\\\/www.facebook.com\\\/algarve7\",\"https:\\\/\\\/x.com\\\/Algarvesete\",\"https:\\\/\\\/www.instagram.com\\\/jornalalgarve7\\\/\",\"https:\\\/\\\/www.linkedin.com\\\/company\\\/algarve7\",\"https:\\\/\\\/www.pinterest.pt\\\/geral0939\\\/_created\\\/\"]},{\"@type\":\"Person\",\"@id\":\"https:\\\/\\\/algarve7.pt\\\/#\\\/schema\\\/person\\\/23fa70681308e7b319a3204bcea45e0c\",\"name\":\"Algarve 7\",\"sameAs\":[\"https:\\\/\\\/algarve7.pt\",\"https:\\\/\\\/www.facebook.com\\\/algarve7\"],\"url\":\"https:\\\/\\\/algarve7.pt\\\/index.php\\\/author\\\/geralalgarve7-pt\\\/\"}]}<\/script>\n<!-- \/ Yoast SEO plugin. -->","yoast_head_json":{"title":"Centro de interpreta\u00e7\u00e3o exp\u00f5e rel\u00edquias do espa\u00e7o e no tempo de Vila do Bispo - Algarve 7","description":"Centro de interpreta\u00e7\u00e3o exp\u00f5e rel\u00edquias do espa\u00e7o e no tempo de Vila do Bispo Cultura","robots":{"index":"index","follow":"follow","max-snippet":"max-snippet:-1","max-image-preview":"max-image-preview:large","max-video-preview":"max-video-preview:-1"},"canonical":"https:\/\/algarve7.pt\/index.php\/2022\/04\/centro-de-interpretacao-expoe-reliquias-do-espaco-e-no-tempo-de-vila-do-bispo\/cultura\/15\/16\/","og_locale":"pt_PT","og_type":"article","og_title":"Centro de interpreta\u00e7\u00e3o exp\u00f5e rel\u00edquias do espa\u00e7o e no tempo de Vila do Bispo - Algarve 7","og_description":"Centro de interpreta\u00e7\u00e3o exp\u00f5e rel\u00edquias do espa\u00e7o e no tempo de Vila do Bispo Cultura","og_url":"https:\/\/algarve7.pt\/index.php\/2022\/04\/centro-de-interpretacao-expoe-reliquias-do-espaco-e-no-tempo-de-vila-do-bispo\/cultura\/15\/16\/","og_site_name":"Algarve 7","article_publisher":"https:\/\/www.facebook.com\/algarve7","article_author":"https:\/\/www.facebook.com\/algarve7","article_published_time":"2022-04-07T14:16:01+00:00","article_modified_time":"2022-04-07T14:16:03+00:00","og_image":[{"width":794,"height":628,"url":"https:\/\/algarve7.pt\/wp-content\/uploads\/2022\/04\/cartaz_exposicao_mario_soares_abril_22-1-e1649340945517.jpg","type":"image\/jpeg"}],"author":"Algarve 7","twitter_card":"summary_large_image","twitter_creator":"@Algarvesete","twitter_site":"@Algarvesete","twitter_misc":{"Escrito por":"Algarve 7","Tempo estimado de leitura":"2 minutos"},"schema":{"@context":"https:\/\/schema.org","@graph":[{"@type":"Article","@id":"https:\/\/algarve7.pt\/index.php\/2022\/04\/centro-de-interpretacao-expoe-reliquias-do-espaco-e-no-tempo-de-vila-do-bispo\/cultura\/15\/16\/#article","isPartOf":{"@id":"https:\/\/algarve7.pt\/index.php\/2022\/04\/centro-de-interpretacao-expoe-reliquias-do-espaco-e-no-tempo-de-vila-do-bispo\/cultura\/15\/16\/"},"author":{"name":"Algarve 7","@id":"https:\/\/algarve7.pt\/#\/schema\/person\/23fa70681308e7b319a3204bcea45e0c"},"headline":"Centro de interpreta\u00e7\u00e3o exp\u00f5e rel\u00edquias do espa\u00e7o e no tempo de Vila do Bispo","datePublished":"2022-04-07T14:16:01+00:00","dateModified":"2022-04-07T14:16:03+00:00","mainEntityOfPage":{"@id":"https:\/\/algarve7.pt\/index.php\/2022\/04\/centro-de-interpretacao-expoe-reliquias-do-espaco-e-no-tempo-de-vila-do-bispo\/cultura\/15\/16\/"},"wordCount":187,"publisher":{"@id":"https:\/\/algarve7.pt\/#organization"},"image":{"@id":"https:\/\/algarve7.pt\/index.php\/2022\/04\/centro-de-interpretacao-expoe-reliquias-do-espaco-e-no-tempo-de-vila-do-bispo\/cultura\/15\/16\/#primaryimage"},"thumbnailUrl":"https:\/\/algarve7.pt\/wp-content\/uploads\/2022\/04\/cartaz_exposicao_mario_soares_abril_22-1-e1649340945517.jpg","keywords":["Algarve","Cultura","Exposi\u00e7\u00e3o","Vila do Bispo"],"articleSection":["Cultura"],"inLanguage":"pt-PT"},{"@type":"WebPage","@id":"https:\/\/algarve7.pt\/index.php\/2022\/04\/centro-de-interpretacao-expoe-reliquias-do-espaco-e-no-tempo-de-vila-do-bispo\/cultura\/15\/16\/","url":"https:\/\/algarve7.pt\/index.php\/2022\/04\/centro-de-interpretacao-expoe-reliquias-do-espaco-e-no-tempo-de-vila-do-bispo\/cultura\/15\/16\/","name":"Centro de interpreta\u00e7\u00e3o exp\u00f5e rel\u00edquias do espa\u00e7o e no tempo de Vila do Bispo - Algarve 7","isPartOf":{"@id":"https:\/\/algarve7.pt\/#website"},"primaryImageOfPage":{"@id":"https:\/\/algarve7.pt\/index.php\/2022\/04\/centro-de-interpretacao-expoe-reliquias-do-espaco-e-no-tempo-de-vila-do-bispo\/cultura\/15\/16\/#primaryimage"},"image":{"@id":"https:\/\/algarve7.pt\/index.php\/2022\/04\/centro-de-interpretacao-expoe-reliquias-do-espaco-e-no-tempo-de-vila-do-bispo\/cultura\/15\/16\/#primaryimage"},"thumbnailUrl":"https:\/\/algarve7.pt\/wp-content\/uploads\/2022\/04\/cartaz_exposicao_mario_soares_abril_22-1-e1649340945517.jpg","datePublished":"2022-04-07T14:16:01+00:00","dateModified":"2022-04-07T14:16:03+00:00","description":"Centro de interpreta\u00e7\u00e3o exp\u00f5e rel\u00edquias do espa\u00e7o e no tempo de Vila do Bispo Cultura","breadcrumb":{"@id":"https:\/\/algarve7.pt\/index.php\/2022\/04\/centro-de-interpretacao-expoe-reliquias-do-espaco-e-no-tempo-de-vila-do-bispo\/cultura\/15\/16\/#breadcrumb"},"inLanguage":"pt-PT","potentialAction":[{"@type":"ReadAction","target":["https:\/\/algarve7.pt\/index.php\/2022\/04\/centro-de-interpretacao-expoe-reliquias-do-espaco-e-no-tempo-de-vila-do-bispo\/cultura\/15\/16\/"]}]},{"@type":"ImageObject","inLanguage":"pt-PT","@id":"https:\/\/algarve7.pt\/index.php\/2022\/04\/centro-de-interpretacao-expoe-reliquias-do-espaco-e-no-tempo-de-vila-do-bispo\/cultura\/15\/16\/#primaryimage","url":"https:\/\/algarve7.pt\/wp-content\/uploads\/2022\/04\/cartaz_exposicao_mario_soares_abril_22-1-e1649340945517.jpg","contentUrl":"https:\/\/algarve7.pt\/wp-content\/uploads\/2022\/04\/cartaz_exposicao_mario_soares_abril_22-1-e1649340945517.jpg","width":794,"height":628},{"@type":"BreadcrumbList","@id":"https:\/\/algarve7.pt\/index.php\/2022\/04\/centro-de-interpretacao-expoe-reliquias-do-espaco-e-no-tempo-de-vila-do-bispo\/cultura\/15\/16\/#breadcrumb","itemListElement":[{"@type":"ListItem","position":1,"name":"In\u00edcio","item":"https:\/\/algarve7.pt\/"},{"@type":"ListItem","position":2,"name":"Centro de interpreta\u00e7\u00e3o exp\u00f5e rel\u00edquias do espa\u00e7o e no tempo de Vila do Bispo"}]},{"@type":"WebSite","@id":"https:\/\/algarve7.pt\/#website","url":"https:\/\/algarve7.pt\/","name":"Algarve 7","description":"Informa\u00e7\u00e3o sobre o Algarve","publisher":{"@id":"https:\/\/algarve7.pt\/#organization"},"potentialAction":[{"@type":"SearchAction","target":{"@type":"EntryPoint","urlTemplate":"https:\/\/algarve7.pt\/?s={search_term_string}"},"query-input":{"@type":"PropertyValueSpecification","valueRequired":true,"valueName":"search_term_string"}}],"inLanguage":"pt-PT"},{"@type":"Organization","@id":"https:\/\/algarve7.pt\/#organization","name":"Algarve 7","url":"https:\/\/algarve7.pt\/","logo":{"@type":"ImageObject","inLanguage":"pt-PT","@id":"https:\/\/algarve7.pt\/#\/schema\/logo\/image\/","url":"https:\/\/algarve7.pt\/wp-content\/uploads\/2020\/10\/Logo-8.jpg","contentUrl":"https:\/\/algarve7.pt\/wp-content\/uploads\/2020\/10\/Logo-8.jpg","width":1680,"height":1186,"caption":"Algarve 7"},"image":{"@id":"https:\/\/algarve7.pt\/#\/schema\/logo\/image\/"},"sameAs":["https:\/\/www.facebook.com\/algarve7","https:\/\/x.com\/Algarvesete","https:\/\/www.instagram.com\/jornalalgarve7\/","https:\/\/www.linkedin.com\/company\/algarve7","https:\/\/www.pinterest.pt\/geral0939\/_created\/"]},{"@type":"Person","@id":"https:\/\/algarve7.pt\/#\/schema\/person\/23fa70681308e7b319a3204bcea45e0c","name":"Algarve 7","sameAs":["https:\/\/algarve7.pt","https:\/\/www.facebook.com\/algarve7"],"url":"https:\/\/algarve7.pt\/index.php\/author\/geralalgarve7-pt\/"}]}},"jetpack_publicize_connections":[],"jetpack_featured_media_url":"https:\/\/algarve7.pt\/wp-content\/uploads\/2022\/04\/cartaz_exposicao_mario_soares_abril_22-1-e1649340945517.jpg","jetpack_shortlink":"https:\/\/wp.me\/pcezmW-4xG","jetpack_sharing_enabled":true,"_links":{"self":[{"href":"https:\/\/algarve7.pt\/index.php\/wp-json\/wp\/v2\/posts\/17464","targetHints":{"allow":["GET"]}}],"collection":[{"href":"https:\/\/algarve7.pt\/index.php\/wp-json\/wp\/v2\/posts"}],"about":[{"href":"https:\/\/algarve7.pt\/index.php\/wp-json\/wp\/v2\/types\/post"}],"author":[{"embeddable":true,"href":"https:\/\/algarve7.pt\/index.php\/wp-json\/wp\/v2\/users\/1"}],"replies":[{"embeddable":true,"href":"https:\/\/algarve7.pt\/index.php\/wp-json\/wp\/v2\/comments?post=17464"}],"version-history":[{"count":0,"href":"https:\/\/algarve7.pt\/index.php\/wp-json\/wp\/v2\/posts\/17464\/revisions"}],"wp:featuredmedia":[{"embeddable":true,"href":"https:\/\/algarve7.pt\/index.php\/wp-json\/wp\/v2\/media\/17466"}],"wp:attachment":[{"href":"https:\/\/algarve7.pt\/index.php\/wp-json\/wp\/v2\/media?parent=17464"}],"wp:term":[{"taxonomy":"category","embeddable":true,"href":"https:\/\/algarve7.pt\/index.php\/wp-json\/wp\/v2\/categories?post=17464"},{"taxonomy":"post_tag","embeddable":true,"href":"https:\/\/algarve7.pt\/index.php\/wp-json\/wp\/v2\/tags?post=17464"}],"curies":[{"name":"wp","href":"https:\/\/api.w.org\/{rel}","templated":true}]}}