{"id":17402,"date":"2022-04-06T13:07:21","date_gmt":"2022-04-06T12:07:21","guid":{"rendered":"https:\/\/algarve7.pt\/?p=17402"},"modified":"2022-04-06T13:07:21","modified_gmt":"2022-04-06T12:07:21","slug":"espetaculo-romeu-julieta-da-companhia-de-danca-quorum-ballet-em-lagoa","status":"publish","type":"post","link":"https:\/\/algarve7.pt\/index.php\/2022\/04\/espetaculo-romeu-julieta-da-companhia-de-danca-quorum-ballet-em-lagoa\/cultura\/13\/07\/","title":{"rendered":"Espet\u00e1culo \u201cRomeu &#038; Julieta\u201d da companhia de dan\u00e7a Quorum Ballet em Lagoa"},"content":{"rendered":"\n<p>O&nbsp;Munic\u00edpio de Lagoa associa-se \u00e0s Comemora\u00e7\u00f5es do Dia Mundial da Dan\u00e7a, com o espet\u00e1culo \u201c<strong>Romeu &amp; Julieta<\/strong>\u201d da companhia de dan\u00e7a Quorum Ballet, no dia 30 de abril, pelas 19h00 no Audit\u00f3rio Carlos do Carmo.<\/p>\n\n\n\n<p><strong>Sinopse<\/strong>: Esta nova produ\u00e7\u00e3o nasce do desejo de continuar a trabalhar os grandes cl\u00e1ssicos, dando seguimento ao trabalho desenvolvido com \u201cLago dos Cisnes\u201d; e \u201cSagra\u00e7\u00e3o da Primavera\u201d de Daniel Cardoso, relacionando-os com a vida e a sociedade de hoje.<\/p>\n\n\n\n<p>O core\u00f3grafo assume desta vez o desafio de apresentar uma nova cria\u00e7\u00e3o inspirada em \u201cRomeu e Julieta\u201d, uma das obras mais conhecidas de Shakespeare, e indubitavelmente um dos cl\u00e1ssicos mais revisitados da hist\u00f3ria da literatura dram\u00e1tica. Talvez porque o Amor &#8211; na sua conce\u00e7\u00e3o rom\u00e2ntica e absoluta \u2013 aquele que \u00e9 incondicional, transcendente e redentor, continue a ser alvo de pesquisa, espanto e inquieta\u00e7\u00e3o. Esse lugar inexplicado que resgata as emo\u00e7\u00f5es mais<\/p>\n\n\n\n<p>violentas, as mudan\u00e7as mais avassaladoras, as a\u00e7\u00f5es mais decisivas.<\/p>\n\n\n\n<p>Nesta abordagem procura desafiar-se a centralidade de Romeu e Julieta: multiplicados numa vis\u00e3o contempor\u00e2nea, numa arena em que todos sem exce\u00e7\u00e3o, passam a ser Romeus e Julietas.<\/p>\n\n\n\n<p>Num universo onde individualmente, todos os homens e mulheres se cruzam de alguma forma no percurso simb\u00f3lico destas personagens, e experimentam diversas formas de amar. Destaca-se ainda a no\u00e7\u00e3o de aleatoriedade, ou destino, neste grande palco da esfera social, em que o encontro do Amor genu\u00edno pode transformar-se num incontrolado jogo do acaso.<\/p>\n\n\n\n<p>Mas sobretudo, procura resgatar-se o espa\u00e7o para reencontrar o Amor na sua ess\u00eancia mais humana e crua. A sua for\u00e7a irredut\u00edvel e capital. O seu poder universal. Porque, independentemente das nossas diferen\u00e7as culturais, sociais e individuais, h\u00e1 algo em que podemos ser un\u00e2nimes: na f\u00e9 de que a condi\u00e7\u00e3o humana seria inconceb\u00edvel sem o Amor. O Amor que nos alimenta e simultaneamente nos consome, que nos orienta e faz perder, que pode ser<\/p>\n\n\n\n<p>t\u00e3o imenso quanto o imensur\u00e1vel mundo interior de quem ama.<\/p>\n\n\n\n<p>Ou como o descreve Romeu: \u201cAmor: A mais discreta Loucura. Amargo veneno e mitigada do\u00e7ura.\u201d<\/p>\n\n\n\n<p>Os ingressos custam\u00a0<strong>\u20ac8<\/strong>\u00a0(20% desconto c\/ passaporte cultural, cart\u00e3o Lagoa Social ou Passaporte Rota do Petisco 2021, dispon\u00edvel nas bilheteiras do Munic\u00edpio de Lagoa) e j\u00e1 se encontram \u00e0 venda em:<a href=\"https:\/\/ticketline.sapo.pt\/evento\/quorum-ballet-romeu-e-julieta-63136\" target=\"_blank\" rel=\"noreferrer noopener\">https:\/\/ticketline.sapo.pt\/evento\/quorum-ballet-romeu-e-julieta-63136<\/a>\u00a0e, tamb\u00e9m, nas bilheteiras da Fnac, Worten, Audit\u00f3rio Carlos do Carmo, Centro Cultural Convento de S. Jos\u00e9 e Balc\u00e3o \u00danico da C\u00e2mara Municipal de Lagoa.<\/p>\n\n\n\n<p><strong>Romeu &amp; Julieta<\/strong>, uma hist\u00f3ria intemporal num espet\u00e1culo de dan\u00e7a \u00fanico, no Audit\u00f3rio Carlos do Carmo e ao qual vai querer marcar presen\u00e7a!<\/p>\n","protected":false},"excerpt":{"rendered":"<p>O&nbsp;Munic\u00edpio de Lagoa associa-se \u00e0s Comemora\u00e7\u00f5es do Dia Mundial da Dan\u00e7a, com o espet\u00e1culo \u201cRomeu &amp; Julieta\u201d da companhia de<\/p>\n","protected":false},"author":1,"featured_media":17403,"comment_status":"closed","ping_status":"open","sticky":false,"template":"","format":"standard","meta":{"colormag_page_container_layout":"default_layout","colormag_page_sidebar_layout":"default_layout","_monsterinsights_skip_tracking":false,"_monsterinsights_sitenote_active":false,"_monsterinsights_sitenote_note":"","_monsterinsights_sitenote_category":0,"jetpack_post_was_ever_published":false,"_jetpack_newsletter_access":"","_jetpack_dont_email_post_to_subs":false,"_jetpack_newsletter_tier_id":0,"_jetpack_memberships_contains_paywalled_content":false,"_jetpack_memberships_contains_paid_content":false,"footnotes":"","jetpack_publicize_message":"","jetpack_publicize_feature_enabled":true,"jetpack_social_post_already_shared":false,"jetpack_social_options":{"image_generator_settings":{"template":"highway","default_image_id":0,"font":"","enabled":false},"version":2}},"categories":[14],"tags":[36,35,48],"class_list":["post-17402","post","type-post","status-publish","format-standard","has-post-thumbnail","hentry","category-cultura","tag-algarve","tag-cultura","tag-lagoa"],"yoast_head":"<!-- This site is optimized with the Yoast SEO plugin v27.5 - https:\/\/yoast.com\/product\/yoast-seo-wordpress\/ -->\n<title>Espet\u00e1culo \u201cRomeu &amp; Julieta\u201d da companhia de dan\u00e7a Quorum Ballet em Lagoa - Algarve 7<\/title>\n<meta name=\"description\" content=\"Espet\u00e1culo \u201cRomeu &amp; Julieta\u201d da companhia de dan\u00e7a Quorum Ballet em Lagoa Cultura\" \/>\n<meta name=\"robots\" content=\"index, follow, max-snippet:-1, max-image-preview:large, max-video-preview:-1\" \/>\n<link rel=\"canonical\" href=\"https:\/\/algarve7.pt\/index.php\/2022\/04\/espetaculo-romeu-julieta-da-companhia-de-danca-quorum-ballet-em-lagoa\/cultura\/13\/07\/\" \/>\n<meta property=\"og:locale\" content=\"pt_PT\" \/>\n<meta property=\"og:type\" content=\"article\" \/>\n<meta property=\"og:title\" content=\"Espet\u00e1culo \u201cRomeu &amp; Julieta\u201d da companhia de dan\u00e7a Quorum Ballet em Lagoa - Algarve 7\" \/>\n<meta property=\"og:description\" content=\"Espet\u00e1culo \u201cRomeu &amp; Julieta\u201d da companhia de dan\u00e7a Quorum Ballet em Lagoa Cultura\" \/>\n<meta property=\"og:url\" content=\"https:\/\/algarve7.pt\/index.php\/2022\/04\/espetaculo-romeu-julieta-da-companhia-de-danca-quorum-ballet-em-lagoa\/cultura\/13\/07\/\" \/>\n<meta property=\"og:site_name\" content=\"Algarve 7\" \/>\n<meta property=\"article:publisher\" content=\"https:\/\/www.facebook.com\/algarve7\" \/>\n<meta property=\"article:author\" content=\"https:\/\/www.facebook.com\/algarve7\" \/>\n<meta property=\"article:published_time\" content=\"2022-04-06T12:07:21+00:00\" \/>\n<meta property=\"og:image\" content=\"https:\/\/algarve7.pt\/wp-content\/uploads\/2022\/04\/Captura-de-ecra-2022-04-06-as-13.05.37.png\" \/>\n\t<meta property=\"og:image:width\" content=\"1564\" \/>\n\t<meta property=\"og:image:height\" content=\"1316\" \/>\n\t<meta property=\"og:image:type\" content=\"image\/png\" \/>\n<meta name=\"author\" content=\"Algarve 7\" \/>\n<meta name=\"twitter:card\" content=\"summary_large_image\" \/>\n<meta name=\"twitter:creator\" content=\"@Algarvesete\" \/>\n<meta name=\"twitter:site\" content=\"@Algarvesete\" \/>\n<meta name=\"twitter:label1\" content=\"Escrito por\" \/>\n\t<meta name=\"twitter:data1\" content=\"Algarve 7\" \/>\n\t<meta name=\"twitter:label2\" content=\"Tempo estimado de leitura\" \/>\n\t<meta name=\"twitter:data2\" content=\"3 minutos\" \/>\n<script type=\"application\/ld+json\" class=\"yoast-schema-graph\">{\"@context\":\"https:\\\/\\\/schema.org\",\"@graph\":[{\"@type\":\"Article\",\"@id\":\"https:\\\/\\\/algarve7.pt\\\/index.php\\\/2022\\\/04\\\/espetaculo-romeu-julieta-da-companhia-de-danca-quorum-ballet-em-lagoa\\\/cultura\\\/13\\\/07\\\/#article\",\"isPartOf\":{\"@id\":\"https:\\\/\\\/algarve7.pt\\\/index.php\\\/2022\\\/04\\\/espetaculo-romeu-julieta-da-companhia-de-danca-quorum-ballet-em-lagoa\\\/cultura\\\/13\\\/07\\\/\"},\"author\":{\"name\":\"Algarve 7\",\"@id\":\"https:\\\/\\\/algarve7.pt\\\/#\\\/schema\\\/person\\\/23fa70681308e7b319a3204bcea45e0c\"},\"headline\":\"Espet\u00e1culo \u201cRomeu &#038; Julieta\u201d da companhia de dan\u00e7a Quorum Ballet em Lagoa\",\"datePublished\":\"2022-04-06T12:07:21+00:00\",\"mainEntityOfPage\":{\"@id\":\"https:\\\/\\\/algarve7.pt\\\/index.php\\\/2022\\\/04\\\/espetaculo-romeu-julieta-da-companhia-de-danca-quorum-ballet-em-lagoa\\\/cultura\\\/13\\\/07\\\/\"},\"wordCount\":476,\"publisher\":{\"@id\":\"https:\\\/\\\/algarve7.pt\\\/#organization\"},\"image\":{\"@id\":\"https:\\\/\\\/algarve7.pt\\\/index.php\\\/2022\\\/04\\\/espetaculo-romeu-julieta-da-companhia-de-danca-quorum-ballet-em-lagoa\\\/cultura\\\/13\\\/07\\\/#primaryimage\"},\"thumbnailUrl\":\"https:\\\/\\\/algarve7.pt\\\/wp-content\\\/uploads\\\/2022\\\/04\\\/Captura-de-ecra-2022-04-06-as-13.05.37.png\",\"keywords\":[\"Algarve\",\"Cultura\",\"Lagoa\"],\"articleSection\":[\"Cultura\"],\"inLanguage\":\"pt-PT\"},{\"@type\":\"WebPage\",\"@id\":\"https:\\\/\\\/algarve7.pt\\\/index.php\\\/2022\\\/04\\\/espetaculo-romeu-julieta-da-companhia-de-danca-quorum-ballet-em-lagoa\\\/cultura\\\/13\\\/07\\\/\",\"url\":\"https:\\\/\\\/algarve7.pt\\\/index.php\\\/2022\\\/04\\\/espetaculo-romeu-julieta-da-companhia-de-danca-quorum-ballet-em-lagoa\\\/cultura\\\/13\\\/07\\\/\",\"name\":\"Espet\u00e1culo \u201cRomeu & Julieta\u201d da companhia de dan\u00e7a Quorum Ballet em Lagoa - Algarve 7\",\"isPartOf\":{\"@id\":\"https:\\\/\\\/algarve7.pt\\\/#website\"},\"primaryImageOfPage\":{\"@id\":\"https:\\\/\\\/algarve7.pt\\\/index.php\\\/2022\\\/04\\\/espetaculo-romeu-julieta-da-companhia-de-danca-quorum-ballet-em-lagoa\\\/cultura\\\/13\\\/07\\\/#primaryimage\"},\"image\":{\"@id\":\"https:\\\/\\\/algarve7.pt\\\/index.php\\\/2022\\\/04\\\/espetaculo-romeu-julieta-da-companhia-de-danca-quorum-ballet-em-lagoa\\\/cultura\\\/13\\\/07\\\/#primaryimage\"},\"thumbnailUrl\":\"https:\\\/\\\/algarve7.pt\\\/wp-content\\\/uploads\\\/2022\\\/04\\\/Captura-de-ecra-2022-04-06-as-13.05.37.png\",\"datePublished\":\"2022-04-06T12:07:21+00:00\",\"description\":\"Espet\u00e1culo \u201cRomeu & Julieta\u201d da companhia de dan\u00e7a Quorum Ballet em Lagoa Cultura\",\"breadcrumb\":{\"@id\":\"https:\\\/\\\/algarve7.pt\\\/index.php\\\/2022\\\/04\\\/espetaculo-romeu-julieta-da-companhia-de-danca-quorum-ballet-em-lagoa\\\/cultura\\\/13\\\/07\\\/#breadcrumb\"},\"inLanguage\":\"pt-PT\",\"potentialAction\":[{\"@type\":\"ReadAction\",\"target\":[\"https:\\\/\\\/algarve7.pt\\\/index.php\\\/2022\\\/04\\\/espetaculo-romeu-julieta-da-companhia-de-danca-quorum-ballet-em-lagoa\\\/cultura\\\/13\\\/07\\\/\"]}]},{\"@type\":\"ImageObject\",\"inLanguage\":\"pt-PT\",\"@id\":\"https:\\\/\\\/algarve7.pt\\\/index.php\\\/2022\\\/04\\\/espetaculo-romeu-julieta-da-companhia-de-danca-quorum-ballet-em-lagoa\\\/cultura\\\/13\\\/07\\\/#primaryimage\",\"url\":\"https:\\\/\\\/algarve7.pt\\\/wp-content\\\/uploads\\\/2022\\\/04\\\/Captura-de-ecra-2022-04-06-as-13.05.37.png\",\"contentUrl\":\"https:\\\/\\\/algarve7.pt\\\/wp-content\\\/uploads\\\/2022\\\/04\\\/Captura-de-ecra-2022-04-06-as-13.05.37.png\",\"width\":1564,\"height\":1316},{\"@type\":\"BreadcrumbList\",\"@id\":\"https:\\\/\\\/algarve7.pt\\\/index.php\\\/2022\\\/04\\\/espetaculo-romeu-julieta-da-companhia-de-danca-quorum-ballet-em-lagoa\\\/cultura\\\/13\\\/07\\\/#breadcrumb\",\"itemListElement\":[{\"@type\":\"ListItem\",\"position\":1,\"name\":\"In\u00edcio\",\"item\":\"https:\\\/\\\/algarve7.pt\\\/\"},{\"@type\":\"ListItem\",\"position\":2,\"name\":\"Espet\u00e1culo \u201cRomeu &#038; Julieta\u201d da companhia de dan\u00e7a Quorum Ballet em Lagoa\"}]},{\"@type\":\"WebSite\",\"@id\":\"https:\\\/\\\/algarve7.pt\\\/#website\",\"url\":\"https:\\\/\\\/algarve7.pt\\\/\",\"name\":\"Algarve 7\",\"description\":\"Informa\u00e7\u00e3o sobre o Algarve\",\"publisher\":{\"@id\":\"https:\\\/\\\/algarve7.pt\\\/#organization\"},\"potentialAction\":[{\"@type\":\"SearchAction\",\"target\":{\"@type\":\"EntryPoint\",\"urlTemplate\":\"https:\\\/\\\/algarve7.pt\\\/?s={search_term_string}\"},\"query-input\":{\"@type\":\"PropertyValueSpecification\",\"valueRequired\":true,\"valueName\":\"search_term_string\"}}],\"inLanguage\":\"pt-PT\"},{\"@type\":\"Organization\",\"@id\":\"https:\\\/\\\/algarve7.pt\\\/#organization\",\"name\":\"Algarve 7\",\"url\":\"https:\\\/\\\/algarve7.pt\\\/\",\"logo\":{\"@type\":\"ImageObject\",\"inLanguage\":\"pt-PT\",\"@id\":\"https:\\\/\\\/algarve7.pt\\\/#\\\/schema\\\/logo\\\/image\\\/\",\"url\":\"https:\\\/\\\/algarve7.pt\\\/wp-content\\\/uploads\\\/2020\\\/10\\\/Logo-8.jpg\",\"contentUrl\":\"https:\\\/\\\/algarve7.pt\\\/wp-content\\\/uploads\\\/2020\\\/10\\\/Logo-8.jpg\",\"width\":1680,\"height\":1186,\"caption\":\"Algarve 7\"},\"image\":{\"@id\":\"https:\\\/\\\/algarve7.pt\\\/#\\\/schema\\\/logo\\\/image\\\/\"},\"sameAs\":[\"https:\\\/\\\/www.facebook.com\\\/algarve7\",\"https:\\\/\\\/x.com\\\/Algarvesete\",\"https:\\\/\\\/www.instagram.com\\\/jornalalgarve7\\\/\",\"https:\\\/\\\/www.linkedin.com\\\/company\\\/algarve7\",\"https:\\\/\\\/www.pinterest.pt\\\/geral0939\\\/_created\\\/\"]},{\"@type\":\"Person\",\"@id\":\"https:\\\/\\\/algarve7.pt\\\/#\\\/schema\\\/person\\\/23fa70681308e7b319a3204bcea45e0c\",\"name\":\"Algarve 7\",\"sameAs\":[\"https:\\\/\\\/algarve7.pt\",\"https:\\\/\\\/www.facebook.com\\\/algarve7\"],\"url\":\"https:\\\/\\\/algarve7.pt\\\/index.php\\\/author\\\/geralalgarve7-pt\\\/\"}]}<\/script>\n<!-- \/ Yoast SEO plugin. -->","yoast_head_json":{"title":"Espet\u00e1culo \u201cRomeu & Julieta\u201d da companhia de dan\u00e7a Quorum Ballet em Lagoa - Algarve 7","description":"Espet\u00e1culo \u201cRomeu & Julieta\u201d da companhia de dan\u00e7a Quorum Ballet em Lagoa Cultura","robots":{"index":"index","follow":"follow","max-snippet":"max-snippet:-1","max-image-preview":"max-image-preview:large","max-video-preview":"max-video-preview:-1"},"canonical":"https:\/\/algarve7.pt\/index.php\/2022\/04\/espetaculo-romeu-julieta-da-companhia-de-danca-quorum-ballet-em-lagoa\/cultura\/13\/07\/","og_locale":"pt_PT","og_type":"article","og_title":"Espet\u00e1culo \u201cRomeu & Julieta\u201d da companhia de dan\u00e7a Quorum Ballet em Lagoa - Algarve 7","og_description":"Espet\u00e1culo \u201cRomeu & Julieta\u201d da companhia de dan\u00e7a Quorum Ballet em Lagoa Cultura","og_url":"https:\/\/algarve7.pt\/index.php\/2022\/04\/espetaculo-romeu-julieta-da-companhia-de-danca-quorum-ballet-em-lagoa\/cultura\/13\/07\/","og_site_name":"Algarve 7","article_publisher":"https:\/\/www.facebook.com\/algarve7","article_author":"https:\/\/www.facebook.com\/algarve7","article_published_time":"2022-04-06T12:07:21+00:00","og_image":[{"width":1564,"height":1316,"url":"https:\/\/algarve7.pt\/wp-content\/uploads\/2022\/04\/Captura-de-ecra-2022-04-06-as-13.05.37.png","type":"image\/png"}],"author":"Algarve 7","twitter_card":"summary_large_image","twitter_creator":"@Algarvesete","twitter_site":"@Algarvesete","twitter_misc":{"Escrito por":"Algarve 7","Tempo estimado de leitura":"3 minutos"},"schema":{"@context":"https:\/\/schema.org","@graph":[{"@type":"Article","@id":"https:\/\/algarve7.pt\/index.php\/2022\/04\/espetaculo-romeu-julieta-da-companhia-de-danca-quorum-ballet-em-lagoa\/cultura\/13\/07\/#article","isPartOf":{"@id":"https:\/\/algarve7.pt\/index.php\/2022\/04\/espetaculo-romeu-julieta-da-companhia-de-danca-quorum-ballet-em-lagoa\/cultura\/13\/07\/"},"author":{"name":"Algarve 7","@id":"https:\/\/algarve7.pt\/#\/schema\/person\/23fa70681308e7b319a3204bcea45e0c"},"headline":"Espet\u00e1culo \u201cRomeu &#038; Julieta\u201d da companhia de dan\u00e7a Quorum Ballet em Lagoa","datePublished":"2022-04-06T12:07:21+00:00","mainEntityOfPage":{"@id":"https:\/\/algarve7.pt\/index.php\/2022\/04\/espetaculo-romeu-julieta-da-companhia-de-danca-quorum-ballet-em-lagoa\/cultura\/13\/07\/"},"wordCount":476,"publisher":{"@id":"https:\/\/algarve7.pt\/#organization"},"image":{"@id":"https:\/\/algarve7.pt\/index.php\/2022\/04\/espetaculo-romeu-julieta-da-companhia-de-danca-quorum-ballet-em-lagoa\/cultura\/13\/07\/#primaryimage"},"thumbnailUrl":"https:\/\/algarve7.pt\/wp-content\/uploads\/2022\/04\/Captura-de-ecra-2022-04-06-as-13.05.37.png","keywords":["Algarve","Cultura","Lagoa"],"articleSection":["Cultura"],"inLanguage":"pt-PT"},{"@type":"WebPage","@id":"https:\/\/algarve7.pt\/index.php\/2022\/04\/espetaculo-romeu-julieta-da-companhia-de-danca-quorum-ballet-em-lagoa\/cultura\/13\/07\/","url":"https:\/\/algarve7.pt\/index.php\/2022\/04\/espetaculo-romeu-julieta-da-companhia-de-danca-quorum-ballet-em-lagoa\/cultura\/13\/07\/","name":"Espet\u00e1culo \u201cRomeu & Julieta\u201d da companhia de dan\u00e7a Quorum Ballet em Lagoa - Algarve 7","isPartOf":{"@id":"https:\/\/algarve7.pt\/#website"},"primaryImageOfPage":{"@id":"https:\/\/algarve7.pt\/index.php\/2022\/04\/espetaculo-romeu-julieta-da-companhia-de-danca-quorum-ballet-em-lagoa\/cultura\/13\/07\/#primaryimage"},"image":{"@id":"https:\/\/algarve7.pt\/index.php\/2022\/04\/espetaculo-romeu-julieta-da-companhia-de-danca-quorum-ballet-em-lagoa\/cultura\/13\/07\/#primaryimage"},"thumbnailUrl":"https:\/\/algarve7.pt\/wp-content\/uploads\/2022\/04\/Captura-de-ecra-2022-04-06-as-13.05.37.png","datePublished":"2022-04-06T12:07:21+00:00","description":"Espet\u00e1culo \u201cRomeu & Julieta\u201d da companhia de dan\u00e7a Quorum Ballet em Lagoa Cultura","breadcrumb":{"@id":"https:\/\/algarve7.pt\/index.php\/2022\/04\/espetaculo-romeu-julieta-da-companhia-de-danca-quorum-ballet-em-lagoa\/cultura\/13\/07\/#breadcrumb"},"inLanguage":"pt-PT","potentialAction":[{"@type":"ReadAction","target":["https:\/\/algarve7.pt\/index.php\/2022\/04\/espetaculo-romeu-julieta-da-companhia-de-danca-quorum-ballet-em-lagoa\/cultura\/13\/07\/"]}]},{"@type":"ImageObject","inLanguage":"pt-PT","@id":"https:\/\/algarve7.pt\/index.php\/2022\/04\/espetaculo-romeu-julieta-da-companhia-de-danca-quorum-ballet-em-lagoa\/cultura\/13\/07\/#primaryimage","url":"https:\/\/algarve7.pt\/wp-content\/uploads\/2022\/04\/Captura-de-ecra-2022-04-06-as-13.05.37.png","contentUrl":"https:\/\/algarve7.pt\/wp-content\/uploads\/2022\/04\/Captura-de-ecra-2022-04-06-as-13.05.37.png","width":1564,"height":1316},{"@type":"BreadcrumbList","@id":"https:\/\/algarve7.pt\/index.php\/2022\/04\/espetaculo-romeu-julieta-da-companhia-de-danca-quorum-ballet-em-lagoa\/cultura\/13\/07\/#breadcrumb","itemListElement":[{"@type":"ListItem","position":1,"name":"In\u00edcio","item":"https:\/\/algarve7.pt\/"},{"@type":"ListItem","position":2,"name":"Espet\u00e1culo \u201cRomeu &#038; Julieta\u201d da companhia de dan\u00e7a Quorum Ballet em Lagoa"}]},{"@type":"WebSite","@id":"https:\/\/algarve7.pt\/#website","url":"https:\/\/algarve7.pt\/","name":"Algarve 7","description":"Informa\u00e7\u00e3o sobre o Algarve","publisher":{"@id":"https:\/\/algarve7.pt\/#organization"},"potentialAction":[{"@type":"SearchAction","target":{"@type":"EntryPoint","urlTemplate":"https:\/\/algarve7.pt\/?s={search_term_string}"},"query-input":{"@type":"PropertyValueSpecification","valueRequired":true,"valueName":"search_term_string"}}],"inLanguage":"pt-PT"},{"@type":"Organization","@id":"https:\/\/algarve7.pt\/#organization","name":"Algarve 7","url":"https:\/\/algarve7.pt\/","logo":{"@type":"ImageObject","inLanguage":"pt-PT","@id":"https:\/\/algarve7.pt\/#\/schema\/logo\/image\/","url":"https:\/\/algarve7.pt\/wp-content\/uploads\/2020\/10\/Logo-8.jpg","contentUrl":"https:\/\/algarve7.pt\/wp-content\/uploads\/2020\/10\/Logo-8.jpg","width":1680,"height":1186,"caption":"Algarve 7"},"image":{"@id":"https:\/\/algarve7.pt\/#\/schema\/logo\/image\/"},"sameAs":["https:\/\/www.facebook.com\/algarve7","https:\/\/x.com\/Algarvesete","https:\/\/www.instagram.com\/jornalalgarve7\/","https:\/\/www.linkedin.com\/company\/algarve7","https:\/\/www.pinterest.pt\/geral0939\/_created\/"]},{"@type":"Person","@id":"https:\/\/algarve7.pt\/#\/schema\/person\/23fa70681308e7b319a3204bcea45e0c","name":"Algarve 7","sameAs":["https:\/\/algarve7.pt","https:\/\/www.facebook.com\/algarve7"],"url":"https:\/\/algarve7.pt\/index.php\/author\/geralalgarve7-pt\/"}]}},"jetpack_publicize_connections":[],"jetpack_featured_media_url":"https:\/\/algarve7.pt\/wp-content\/uploads\/2022\/04\/Captura-de-ecra-2022-04-06-as-13.05.37.png","jetpack_shortlink":"https:\/\/wp.me\/pcezmW-4wG","jetpack_sharing_enabled":true,"_links":{"self":[{"href":"https:\/\/algarve7.pt\/index.php\/wp-json\/wp\/v2\/posts\/17402","targetHints":{"allow":["GET"]}}],"collection":[{"href":"https:\/\/algarve7.pt\/index.php\/wp-json\/wp\/v2\/posts"}],"about":[{"href":"https:\/\/algarve7.pt\/index.php\/wp-json\/wp\/v2\/types\/post"}],"author":[{"embeddable":true,"href":"https:\/\/algarve7.pt\/index.php\/wp-json\/wp\/v2\/users\/1"}],"replies":[{"embeddable":true,"href":"https:\/\/algarve7.pt\/index.php\/wp-json\/wp\/v2\/comments?post=17402"}],"version-history":[{"count":0,"href":"https:\/\/algarve7.pt\/index.php\/wp-json\/wp\/v2\/posts\/17402\/revisions"}],"wp:featuredmedia":[{"embeddable":true,"href":"https:\/\/algarve7.pt\/index.php\/wp-json\/wp\/v2\/media\/17403"}],"wp:attachment":[{"href":"https:\/\/algarve7.pt\/index.php\/wp-json\/wp\/v2\/media?parent=17402"}],"wp:term":[{"taxonomy":"category","embeddable":true,"href":"https:\/\/algarve7.pt\/index.php\/wp-json\/wp\/v2\/categories?post=17402"},{"taxonomy":"post_tag","embeddable":true,"href":"https:\/\/algarve7.pt\/index.php\/wp-json\/wp\/v2\/tags?post=17402"}],"curies":[{"name":"wp","href":"https:\/\/api.w.org\/{rel}","templated":true}]}}