{"id":1739,"date":"2020-09-23T13:17:12","date_gmt":"2020-09-23T12:17:12","guid":{"rendered":"https:\/\/algarve7.pt\/?p=1739"},"modified":"2020-09-23T12:17:47","modified_gmt":"2020-09-23T11:17:47","slug":"sao-bras-de-alportel-assinala-jornadas-europeias-do-patrimonio-2020-com-programa-adaptado","status":"publish","type":"post","link":"https:\/\/algarve7.pt\/index.php\/2020\/09\/sao-bras-de-alportel-assinala-jornadas-europeias-do-patrimonio-2020-com-programa-adaptado\/cultura\/13\/17\/","title":{"rendered":"S\u00e3o Br\u00e1s de Alportel assinala Jornadas Europeias do Patrim\u00f3nio 2020 com programa adaptado"},"content":{"rendered":"\n<p>Um Desafio art\u00edstico para mi\u00fados e gra\u00fados, uma apresenta\u00e7\u00e3o online do projeto da Carta Municipal do Patrim\u00f3nio de S\u00e3o Br\u00e1s de Alportel, uma edi\u00e7\u00e3o especial dos Passeios Natureza inspirada na Casa Mem\u00f3ria da EN2 e um conjunto de propostas para toda a fam\u00edlia comp\u00f5em o programa das Jornadas Europeias do Patrim\u00f3nio 2020 em S\u00e3o Br\u00e1s de Alportel.<\/p>\n\n\n\n<p>\u201cD\u00e1 cor \u00e0 Hist\u00f3ria\u201d \u00e9 um desafio art\u00edstico que convida crian\u00e7as e fam\u00edlias a colorir imagens que representam os sete achados arqueol\u00f3gicos mais relevantes no concelho. As imagens podem ser solicitadas na Biblioteca Municipal e est\u00e3o tamb\u00e9m dispon\u00edveis no website do munic\u00edpio:&nbsp;<a href=\"http:\/\/www.cm-sbras.pt\/\">www.cm-sbras.pt<\/a>. Os trabalhos produzidos podem ser enviados at\u00e9 dia 30 para o e-mail:&nbsp;<a href=\"mailto:gidi@cm-sbras.pt\">gidi@cm-sbras.pt<\/a>&nbsp;para publica\u00e7\u00e3o nas redes sociais e publica\u00e7\u00f5es do munic\u00edpio.<\/p>\n\n\n\n<p>Esta sexta-feira, dia 25, pelas 18h00, o Munic\u00edpio procede \u00e0 apresenta\u00e7\u00e3o on-line, atrav\u00e9s das redes sociais do Munic\u00edpio (Facebook, Instagram e Youtube) do projeto da Carta Municipal do Patrim\u00f3nio de S\u00e3o Br\u00e1s de Alportel pela voz da equipa multidisciplinar que est\u00e1 a desenvolver este projeto.<\/p>\n\n\n\n<p>Este domingo, dia 27, pelas 8h30, regressam os Passeios Natureza que t\u00eam como tema o \u201cpercurso inaugural da Estrada Nacional 2\u201d. Um passeio que tem como ponto de partida a Casa Mem\u00f3ria da EN2 e que convida a caminhar na mais longa estrada da Europa. Esta \u00e9 uma atividade de inscri\u00e7\u00e3o obrigat\u00f3ria, mas gratuita, atrav\u00e9s do endere\u00e7o:&nbsp;<a href=\"mailto:municipe@cm-sbras.pt\">municipe@cm-sbras.pt<\/a>&nbsp;ou telefone 289840 019.<\/p>\n\n\n\n<p>Tendo presente o atual contexto de pandemia, o programa deixa ainda um convite para que as fam\u00edlias redescubram o patrim\u00f3nio do concelho com todos os sentidos:<\/p>\n\n\n\n<p><img loading=\"lazy\" decoding=\"async\" width=\"12\" height=\"12\" src=\"blob:https:\/\/algarve7.pt\/31558bbc-4c40-49b2-ae56-eef420e1a14e\" alt=\"\ud83d\udc40\">VER a Serra a beijar o Mar | no Miradouro do Alto da Ameixeira<\/p>\n\n\n\n<p><img loading=\"lazy\" decoding=\"async\" width=\"12\" height=\"12\" src=\"blob:https:\/\/algarve7.pt\/15db7dcf-4323-4a4e-886d-dd68ea97f655\" alt=\"\ud83d\udc43\">CHEIRAR a Natureza | na Esta\u00e7\u00e3o de Biodiversidade de Alportel<\/p>\n\n\n\n<p><img loading=\"lazy\" decoding=\"async\" width=\"12\" height=\"12\" src=\"blob:https:\/\/algarve7.pt\/afa41d88-55a0-4855-abfc-1e74366a304c\" alt=\"\ud83d\udc42\">OUVIR a hist\u00f3ria | na Casa Mem\u00f3ria da EN2<\/p>\n\n\n\n<p><img loading=\"lazy\" decoding=\"async\" width=\"12\" height=\"12\" src=\"blob:https:\/\/algarve7.pt\/d10bd182-48db-4fe2-b677-fefaec82d67b\" alt=\"\ud83d\udc45\">Testar o PALADAR | no Mercado Municipal<\/p>\n\n\n\n<p><img loading=\"lazy\" decoding=\"async\" width=\"12\" height=\"12\" src=\"blob:https:\/\/algarve7.pt\/0c6e3a90-c539-45c0-ba82-5658a4e19563\" alt=\"\u270b\">SENTIR a hist\u00f3ria milenar que as rochas t\u00eam para Contar | na Quinta do Peral<\/p>\n","protected":false},"excerpt":{"rendered":"<p>Um Desafio art\u00edstico para mi\u00fados e gra\u00fados, uma apresenta\u00e7\u00e3o online do projeto da Carta Municipal do Patrim\u00f3nio de S\u00e3o Br\u00e1s<\/p>\n","protected":false},"author":1,"featured_media":1740,"comment_status":"closed","ping_status":"open","sticky":false,"template":"","format":"standard","meta":{"colormag_page_container_layout":"default_layout","colormag_page_sidebar_layout":"default_layout","_monsterinsights_skip_tracking":false,"_monsterinsights_sitenote_active":false,"_monsterinsights_sitenote_note":"","_monsterinsights_sitenote_category":0,"jetpack_post_was_ever_published":false,"_jetpack_newsletter_access":"","_jetpack_dont_email_post_to_subs":false,"_jetpack_newsletter_tier_id":0,"_jetpack_memberships_contains_paywalled_content":false,"_jetpack_memberships_contains_paid_content":false,"footnotes":"","jetpack_publicize_message":"","jetpack_publicize_feature_enabled":true,"jetpack_social_post_already_shared":true,"jetpack_social_options":{"image_generator_settings":{"template":"highway","default_image_id":0,"font":"","enabled":false},"version":2}},"categories":[14],"tags":[36,35,117,63],"class_list":["post-1739","post","type-post","status-publish","format-standard","has-post-thumbnail","hentry","category-cultura","tag-algarve","tag-cultura","tag-patrimonio","tag-sao-bras-de-alportel"],"yoast_head":"<!-- This site is optimized with the Yoast SEO plugin v27.5 - https:\/\/yoast.com\/product\/yoast-seo-wordpress\/ -->\n<title>S\u00e3o Br\u00e1s de Alportel assinala Jornadas Europeias do Patrim\u00f3nio 2020 com programa adaptado - Algarve 7<\/title>\n<meta name=\"description\" content=\"S\u00e3o Br\u00e1s de Alportel assinala Jornadas Europeias do Patrim\u00f3nio 2020 com programa adaptado\" \/>\n<meta name=\"robots\" content=\"index, follow, max-snippet:-1, max-image-preview:large, max-video-preview:-1\" \/>\n<link rel=\"canonical\" href=\"https:\/\/algarve7.pt\/index.php\/2020\/09\/sao-bras-de-alportel-assinala-jornadas-europeias-do-patrimonio-2020-com-programa-adaptado\/cultura\/13\/17\/\" \/>\n<meta property=\"og:locale\" content=\"pt_PT\" \/>\n<meta property=\"og:type\" content=\"article\" \/>\n<meta property=\"og:title\" content=\"S\u00e3o Br\u00e1s de Alportel assinala Jornadas Europeias do Patrim\u00f3nio 2020 com programa adaptado - Algarve 7\" \/>\n<meta property=\"og:description\" content=\"S\u00e3o Br\u00e1s de Alportel assinala Jornadas Europeias do Patrim\u00f3nio 2020 com programa adaptado\" \/>\n<meta property=\"og:url\" content=\"https:\/\/algarve7.pt\/index.php\/2020\/09\/sao-bras-de-alportel-assinala-jornadas-europeias-do-patrimonio-2020-com-programa-adaptado\/cultura\/13\/17\/\" \/>\n<meta property=\"og:site_name\" content=\"Algarve 7\" \/>\n<meta property=\"article:publisher\" content=\"https:\/\/www.facebook.com\/algarve7\" \/>\n<meta property=\"article:author\" content=\"https:\/\/www.facebook.com\/algarve7\" \/>\n<meta property=\"article:published_time\" content=\"2020-09-23T12:17:12+00:00\" \/>\n<meta property=\"og:image\" content=\"https:\/\/algarve7.pt\/wp-content\/uploads\/2020\/09\/ciclo_passeios_natureza_set_2020_red.jpg\" \/>\n\t<meta property=\"og:image:width\" content=\"1080\" \/>\n\t<meta property=\"og:image:height\" content=\"1527\" \/>\n\t<meta property=\"og:image:type\" content=\"image\/jpeg\" \/>\n<meta name=\"author\" content=\"Algarve 7\" \/>\n<meta name=\"twitter:card\" content=\"summary_large_image\" \/>\n<meta name=\"twitter:creator\" content=\"@Algarvesete\" \/>\n<meta name=\"twitter:site\" content=\"@Algarvesete\" \/>\n<meta name=\"twitter:label1\" content=\"Escrito por\" \/>\n\t<meta name=\"twitter:data1\" content=\"Algarve 7\" \/>\n\t<meta name=\"twitter:label2\" content=\"Tempo estimado de leitura\" \/>\n\t<meta name=\"twitter:data2\" content=\"2 minutos\" \/>\n<script type=\"application\/ld+json\" class=\"yoast-schema-graph\">{\"@context\":\"https:\\\/\\\/schema.org\",\"@graph\":[{\"@type\":\"Article\",\"@id\":\"https:\\\/\\\/algarve7.pt\\\/index.php\\\/2020\\\/09\\\/sao-bras-de-alportel-assinala-jornadas-europeias-do-patrimonio-2020-com-programa-adaptado\\\/cultura\\\/13\\\/17\\\/#article\",\"isPartOf\":{\"@id\":\"https:\\\/\\\/algarve7.pt\\\/index.php\\\/2020\\\/09\\\/sao-bras-de-alportel-assinala-jornadas-europeias-do-patrimonio-2020-com-programa-adaptado\\\/cultura\\\/13\\\/17\\\/\"},\"author\":{\"name\":\"Algarve 7\",\"@id\":\"https:\\\/\\\/algarve7.pt\\\/#\\\/schema\\\/person\\\/23fa70681308e7b319a3204bcea45e0c\"},\"headline\":\"S\u00e3o Br\u00e1s de Alportel assinala Jornadas Europeias do Patrim\u00f3nio 2020 com programa adaptado\",\"datePublished\":\"2020-09-23T12:17:12+00:00\",\"mainEntityOfPage\":{\"@id\":\"https:\\\/\\\/algarve7.pt\\\/index.php\\\/2020\\\/09\\\/sao-bras-de-alportel-assinala-jornadas-europeias-do-patrimonio-2020-com-programa-adaptado\\\/cultura\\\/13\\\/17\\\/\"},\"wordCount\":366,\"publisher\":{\"@id\":\"https:\\\/\\\/algarve7.pt\\\/#organization\"},\"image\":{\"@id\":\"https:\\\/\\\/algarve7.pt\\\/index.php\\\/2020\\\/09\\\/sao-bras-de-alportel-assinala-jornadas-europeias-do-patrimonio-2020-com-programa-adaptado\\\/cultura\\\/13\\\/17\\\/#primaryimage\"},\"thumbnailUrl\":\"https:\\\/\\\/algarve7.pt\\\/wp-content\\\/uploads\\\/2020\\\/09\\\/ciclo_passeios_natureza_set_2020_red.jpg\",\"keywords\":[\"Algarve\",\"Cultura\",\"Patrim\u00f3nio\",\"S\u00e3o Br\u00e1s de Alportel\"],\"articleSection\":[\"Cultura\"],\"inLanguage\":\"pt-PT\"},{\"@type\":\"WebPage\",\"@id\":\"https:\\\/\\\/algarve7.pt\\\/index.php\\\/2020\\\/09\\\/sao-bras-de-alportel-assinala-jornadas-europeias-do-patrimonio-2020-com-programa-adaptado\\\/cultura\\\/13\\\/17\\\/\",\"url\":\"https:\\\/\\\/algarve7.pt\\\/index.php\\\/2020\\\/09\\\/sao-bras-de-alportel-assinala-jornadas-europeias-do-patrimonio-2020-com-programa-adaptado\\\/cultura\\\/13\\\/17\\\/\",\"name\":\"S\u00e3o Br\u00e1s de Alportel assinala Jornadas Europeias do Patrim\u00f3nio 2020 com programa adaptado - Algarve 7\",\"isPartOf\":{\"@id\":\"https:\\\/\\\/algarve7.pt\\\/#website\"},\"primaryImageOfPage\":{\"@id\":\"https:\\\/\\\/algarve7.pt\\\/index.php\\\/2020\\\/09\\\/sao-bras-de-alportel-assinala-jornadas-europeias-do-patrimonio-2020-com-programa-adaptado\\\/cultura\\\/13\\\/17\\\/#primaryimage\"},\"image\":{\"@id\":\"https:\\\/\\\/algarve7.pt\\\/index.php\\\/2020\\\/09\\\/sao-bras-de-alportel-assinala-jornadas-europeias-do-patrimonio-2020-com-programa-adaptado\\\/cultura\\\/13\\\/17\\\/#primaryimage\"},\"thumbnailUrl\":\"https:\\\/\\\/algarve7.pt\\\/wp-content\\\/uploads\\\/2020\\\/09\\\/ciclo_passeios_natureza_set_2020_red.jpg\",\"datePublished\":\"2020-09-23T12:17:12+00:00\",\"description\":\"S\u00e3o Br\u00e1s de Alportel assinala Jornadas Europeias do Patrim\u00f3nio 2020 com programa adaptado\",\"breadcrumb\":{\"@id\":\"https:\\\/\\\/algarve7.pt\\\/index.php\\\/2020\\\/09\\\/sao-bras-de-alportel-assinala-jornadas-europeias-do-patrimonio-2020-com-programa-adaptado\\\/cultura\\\/13\\\/17\\\/#breadcrumb\"},\"inLanguage\":\"pt-PT\",\"potentialAction\":[{\"@type\":\"ReadAction\",\"target\":[\"https:\\\/\\\/algarve7.pt\\\/index.php\\\/2020\\\/09\\\/sao-bras-de-alportel-assinala-jornadas-europeias-do-patrimonio-2020-com-programa-adaptado\\\/cultura\\\/13\\\/17\\\/\"]}]},{\"@type\":\"ImageObject\",\"inLanguage\":\"pt-PT\",\"@id\":\"https:\\\/\\\/algarve7.pt\\\/index.php\\\/2020\\\/09\\\/sao-bras-de-alportel-assinala-jornadas-europeias-do-patrimonio-2020-com-programa-adaptado\\\/cultura\\\/13\\\/17\\\/#primaryimage\",\"url\":\"https:\\\/\\\/algarve7.pt\\\/wp-content\\\/uploads\\\/2020\\\/09\\\/ciclo_passeios_natureza_set_2020_red.jpg\",\"contentUrl\":\"https:\\\/\\\/algarve7.pt\\\/wp-content\\\/uploads\\\/2020\\\/09\\\/ciclo_passeios_natureza_set_2020_red.jpg\",\"width\":1080,\"height\":1527},{\"@type\":\"BreadcrumbList\",\"@id\":\"https:\\\/\\\/algarve7.pt\\\/index.php\\\/2020\\\/09\\\/sao-bras-de-alportel-assinala-jornadas-europeias-do-patrimonio-2020-com-programa-adaptado\\\/cultura\\\/13\\\/17\\\/#breadcrumb\",\"itemListElement\":[{\"@type\":\"ListItem\",\"position\":1,\"name\":\"In\u00edcio\",\"item\":\"https:\\\/\\\/algarve7.pt\\\/\"},{\"@type\":\"ListItem\",\"position\":2,\"name\":\"S\u00e3o Br\u00e1s de Alportel assinala Jornadas Europeias do Patrim\u00f3nio 2020 com programa adaptado\"}]},{\"@type\":\"WebSite\",\"@id\":\"https:\\\/\\\/algarve7.pt\\\/#website\",\"url\":\"https:\\\/\\\/algarve7.pt\\\/\",\"name\":\"Algarve 7\",\"description\":\"Informa\u00e7\u00e3o sobre o Algarve\",\"publisher\":{\"@id\":\"https:\\\/\\\/algarve7.pt\\\/#organization\"},\"potentialAction\":[{\"@type\":\"SearchAction\",\"target\":{\"@type\":\"EntryPoint\",\"urlTemplate\":\"https:\\\/\\\/algarve7.pt\\\/?s={search_term_string}\"},\"query-input\":{\"@type\":\"PropertyValueSpecification\",\"valueRequired\":true,\"valueName\":\"search_term_string\"}}],\"inLanguage\":\"pt-PT\"},{\"@type\":\"Organization\",\"@id\":\"https:\\\/\\\/algarve7.pt\\\/#organization\",\"name\":\"Algarve 7\",\"url\":\"https:\\\/\\\/algarve7.pt\\\/\",\"logo\":{\"@type\":\"ImageObject\",\"inLanguage\":\"pt-PT\",\"@id\":\"https:\\\/\\\/algarve7.pt\\\/#\\\/schema\\\/logo\\\/image\\\/\",\"url\":\"https:\\\/\\\/algarve7.pt\\\/wp-content\\\/uploads\\\/2020\\\/10\\\/Logo-8.jpg\",\"contentUrl\":\"https:\\\/\\\/algarve7.pt\\\/wp-content\\\/uploads\\\/2020\\\/10\\\/Logo-8.jpg\",\"width\":1680,\"height\":1186,\"caption\":\"Algarve 7\"},\"image\":{\"@id\":\"https:\\\/\\\/algarve7.pt\\\/#\\\/schema\\\/logo\\\/image\\\/\"},\"sameAs\":[\"https:\\\/\\\/www.facebook.com\\\/algarve7\",\"https:\\\/\\\/x.com\\\/Algarvesete\",\"https:\\\/\\\/www.instagram.com\\\/jornalalgarve7\\\/\",\"https:\\\/\\\/www.linkedin.com\\\/company\\\/algarve7\",\"https:\\\/\\\/www.pinterest.pt\\\/geral0939\\\/_created\\\/\"]},{\"@type\":\"Person\",\"@id\":\"https:\\\/\\\/algarve7.pt\\\/#\\\/schema\\\/person\\\/23fa70681308e7b319a3204bcea45e0c\",\"name\":\"Algarve 7\",\"sameAs\":[\"https:\\\/\\\/algarve7.pt\",\"https:\\\/\\\/www.facebook.com\\\/algarve7\"],\"url\":\"https:\\\/\\\/algarve7.pt\\\/index.php\\\/author\\\/geralalgarve7-pt\\\/\"}]}<\/script>\n<!-- \/ Yoast SEO plugin. -->","yoast_head_json":{"title":"S\u00e3o Br\u00e1s de Alportel assinala Jornadas Europeias do Patrim\u00f3nio 2020 com programa adaptado - Algarve 7","description":"S\u00e3o Br\u00e1s de Alportel assinala Jornadas Europeias do Patrim\u00f3nio 2020 com programa adaptado","robots":{"index":"index","follow":"follow","max-snippet":"max-snippet:-1","max-image-preview":"max-image-preview:large","max-video-preview":"max-video-preview:-1"},"canonical":"https:\/\/algarve7.pt\/index.php\/2020\/09\/sao-bras-de-alportel-assinala-jornadas-europeias-do-patrimonio-2020-com-programa-adaptado\/cultura\/13\/17\/","og_locale":"pt_PT","og_type":"article","og_title":"S\u00e3o Br\u00e1s de Alportel assinala Jornadas Europeias do Patrim\u00f3nio 2020 com programa adaptado - Algarve 7","og_description":"S\u00e3o Br\u00e1s de Alportel assinala Jornadas Europeias do Patrim\u00f3nio 2020 com programa adaptado","og_url":"https:\/\/algarve7.pt\/index.php\/2020\/09\/sao-bras-de-alportel-assinala-jornadas-europeias-do-patrimonio-2020-com-programa-adaptado\/cultura\/13\/17\/","og_site_name":"Algarve 7","article_publisher":"https:\/\/www.facebook.com\/algarve7","article_author":"https:\/\/www.facebook.com\/algarve7","article_published_time":"2020-09-23T12:17:12+00:00","og_image":[{"width":1080,"height":1527,"url":"https:\/\/algarve7.pt\/wp-content\/uploads\/2020\/09\/ciclo_passeios_natureza_set_2020_red.jpg","type":"image\/jpeg"}],"author":"Algarve 7","twitter_card":"summary_large_image","twitter_creator":"@Algarvesete","twitter_site":"@Algarvesete","twitter_misc":{"Escrito por":"Algarve 7","Tempo estimado de leitura":"2 minutos"},"schema":{"@context":"https:\/\/schema.org","@graph":[{"@type":"Article","@id":"https:\/\/algarve7.pt\/index.php\/2020\/09\/sao-bras-de-alportel-assinala-jornadas-europeias-do-patrimonio-2020-com-programa-adaptado\/cultura\/13\/17\/#article","isPartOf":{"@id":"https:\/\/algarve7.pt\/index.php\/2020\/09\/sao-bras-de-alportel-assinala-jornadas-europeias-do-patrimonio-2020-com-programa-adaptado\/cultura\/13\/17\/"},"author":{"name":"Algarve 7","@id":"https:\/\/algarve7.pt\/#\/schema\/person\/23fa70681308e7b319a3204bcea45e0c"},"headline":"S\u00e3o Br\u00e1s de Alportel assinala Jornadas Europeias do Patrim\u00f3nio 2020 com programa adaptado","datePublished":"2020-09-23T12:17:12+00:00","mainEntityOfPage":{"@id":"https:\/\/algarve7.pt\/index.php\/2020\/09\/sao-bras-de-alportel-assinala-jornadas-europeias-do-patrimonio-2020-com-programa-adaptado\/cultura\/13\/17\/"},"wordCount":366,"publisher":{"@id":"https:\/\/algarve7.pt\/#organization"},"image":{"@id":"https:\/\/algarve7.pt\/index.php\/2020\/09\/sao-bras-de-alportel-assinala-jornadas-europeias-do-patrimonio-2020-com-programa-adaptado\/cultura\/13\/17\/#primaryimage"},"thumbnailUrl":"https:\/\/algarve7.pt\/wp-content\/uploads\/2020\/09\/ciclo_passeios_natureza_set_2020_red.jpg","keywords":["Algarve","Cultura","Patrim\u00f3nio","S\u00e3o Br\u00e1s de Alportel"],"articleSection":["Cultura"],"inLanguage":"pt-PT"},{"@type":"WebPage","@id":"https:\/\/algarve7.pt\/index.php\/2020\/09\/sao-bras-de-alportel-assinala-jornadas-europeias-do-patrimonio-2020-com-programa-adaptado\/cultura\/13\/17\/","url":"https:\/\/algarve7.pt\/index.php\/2020\/09\/sao-bras-de-alportel-assinala-jornadas-europeias-do-patrimonio-2020-com-programa-adaptado\/cultura\/13\/17\/","name":"S\u00e3o Br\u00e1s de Alportel assinala Jornadas Europeias do Patrim\u00f3nio 2020 com programa adaptado - Algarve 7","isPartOf":{"@id":"https:\/\/algarve7.pt\/#website"},"primaryImageOfPage":{"@id":"https:\/\/algarve7.pt\/index.php\/2020\/09\/sao-bras-de-alportel-assinala-jornadas-europeias-do-patrimonio-2020-com-programa-adaptado\/cultura\/13\/17\/#primaryimage"},"image":{"@id":"https:\/\/algarve7.pt\/index.php\/2020\/09\/sao-bras-de-alportel-assinala-jornadas-europeias-do-patrimonio-2020-com-programa-adaptado\/cultura\/13\/17\/#primaryimage"},"thumbnailUrl":"https:\/\/algarve7.pt\/wp-content\/uploads\/2020\/09\/ciclo_passeios_natureza_set_2020_red.jpg","datePublished":"2020-09-23T12:17:12+00:00","description":"S\u00e3o Br\u00e1s de Alportel assinala Jornadas Europeias do Patrim\u00f3nio 2020 com programa adaptado","breadcrumb":{"@id":"https:\/\/algarve7.pt\/index.php\/2020\/09\/sao-bras-de-alportel-assinala-jornadas-europeias-do-patrimonio-2020-com-programa-adaptado\/cultura\/13\/17\/#breadcrumb"},"inLanguage":"pt-PT","potentialAction":[{"@type":"ReadAction","target":["https:\/\/algarve7.pt\/index.php\/2020\/09\/sao-bras-de-alportel-assinala-jornadas-europeias-do-patrimonio-2020-com-programa-adaptado\/cultura\/13\/17\/"]}]},{"@type":"ImageObject","inLanguage":"pt-PT","@id":"https:\/\/algarve7.pt\/index.php\/2020\/09\/sao-bras-de-alportel-assinala-jornadas-europeias-do-patrimonio-2020-com-programa-adaptado\/cultura\/13\/17\/#primaryimage","url":"https:\/\/algarve7.pt\/wp-content\/uploads\/2020\/09\/ciclo_passeios_natureza_set_2020_red.jpg","contentUrl":"https:\/\/algarve7.pt\/wp-content\/uploads\/2020\/09\/ciclo_passeios_natureza_set_2020_red.jpg","width":1080,"height":1527},{"@type":"BreadcrumbList","@id":"https:\/\/algarve7.pt\/index.php\/2020\/09\/sao-bras-de-alportel-assinala-jornadas-europeias-do-patrimonio-2020-com-programa-adaptado\/cultura\/13\/17\/#breadcrumb","itemListElement":[{"@type":"ListItem","position":1,"name":"In\u00edcio","item":"https:\/\/algarve7.pt\/"},{"@type":"ListItem","position":2,"name":"S\u00e3o Br\u00e1s de Alportel assinala Jornadas Europeias do Patrim\u00f3nio 2020 com programa adaptado"}]},{"@type":"WebSite","@id":"https:\/\/algarve7.pt\/#website","url":"https:\/\/algarve7.pt\/","name":"Algarve 7","description":"Informa\u00e7\u00e3o sobre o Algarve","publisher":{"@id":"https:\/\/algarve7.pt\/#organization"},"potentialAction":[{"@type":"SearchAction","target":{"@type":"EntryPoint","urlTemplate":"https:\/\/algarve7.pt\/?s={search_term_string}"},"query-input":{"@type":"PropertyValueSpecification","valueRequired":true,"valueName":"search_term_string"}}],"inLanguage":"pt-PT"},{"@type":"Organization","@id":"https:\/\/algarve7.pt\/#organization","name":"Algarve 7","url":"https:\/\/algarve7.pt\/","logo":{"@type":"ImageObject","inLanguage":"pt-PT","@id":"https:\/\/algarve7.pt\/#\/schema\/logo\/image\/","url":"https:\/\/algarve7.pt\/wp-content\/uploads\/2020\/10\/Logo-8.jpg","contentUrl":"https:\/\/algarve7.pt\/wp-content\/uploads\/2020\/10\/Logo-8.jpg","width":1680,"height":1186,"caption":"Algarve 7"},"image":{"@id":"https:\/\/algarve7.pt\/#\/schema\/logo\/image\/"},"sameAs":["https:\/\/www.facebook.com\/algarve7","https:\/\/x.com\/Algarvesete","https:\/\/www.instagram.com\/jornalalgarve7\/","https:\/\/www.linkedin.com\/company\/algarve7","https:\/\/www.pinterest.pt\/geral0939\/_created\/"]},{"@type":"Person","@id":"https:\/\/algarve7.pt\/#\/schema\/person\/23fa70681308e7b319a3204bcea45e0c","name":"Algarve 7","sameAs":["https:\/\/algarve7.pt","https:\/\/www.facebook.com\/algarve7"],"url":"https:\/\/algarve7.pt\/index.php\/author\/geralalgarve7-pt\/"}]}},"jetpack_publicize_connections":[],"jetpack_featured_media_url":"https:\/\/algarve7.pt\/wp-content\/uploads\/2020\/09\/ciclo_passeios_natureza_set_2020_red.jpg","jetpack_shortlink":"https:\/\/wp.me\/pcezmW-s3","jetpack_sharing_enabled":true,"_links":{"self":[{"href":"https:\/\/algarve7.pt\/index.php\/wp-json\/wp\/v2\/posts\/1739","targetHints":{"allow":["GET"]}}],"collection":[{"href":"https:\/\/algarve7.pt\/index.php\/wp-json\/wp\/v2\/posts"}],"about":[{"href":"https:\/\/algarve7.pt\/index.php\/wp-json\/wp\/v2\/types\/post"}],"author":[{"embeddable":true,"href":"https:\/\/algarve7.pt\/index.php\/wp-json\/wp\/v2\/users\/1"}],"replies":[{"embeddable":true,"href":"https:\/\/algarve7.pt\/index.php\/wp-json\/wp\/v2\/comments?post=1739"}],"version-history":[{"count":0,"href":"https:\/\/algarve7.pt\/index.php\/wp-json\/wp\/v2\/posts\/1739\/revisions"}],"wp:featuredmedia":[{"embeddable":true,"href":"https:\/\/algarve7.pt\/index.php\/wp-json\/wp\/v2\/media\/1740"}],"wp:attachment":[{"href":"https:\/\/algarve7.pt\/index.php\/wp-json\/wp\/v2\/media?parent=1739"}],"wp:term":[{"taxonomy":"category","embeddable":true,"href":"https:\/\/algarve7.pt\/index.php\/wp-json\/wp\/v2\/categories?post=1739"},{"taxonomy":"post_tag","embeddable":true,"href":"https:\/\/algarve7.pt\/index.php\/wp-json\/wp\/v2\/tags?post=1739"}],"curies":[{"name":"wp","href":"https:\/\/api.w.org\/{rel}","templated":true}]}}