{"id":17340,"date":"2022-04-05T15:16:26","date_gmt":"2022-04-05T14:16:26","guid":{"rendered":"https:\/\/algarve7.pt\/?p=17340"},"modified":"2022-04-05T15:16:27","modified_gmt":"2022-04-05T14:16:27","slug":"muita-cultura-e-desporto-na-primavera-de-lagos","status":"publish","type":"post","link":"https:\/\/algarve7.pt\/index.php\/2022\/04\/muita-cultura-e-desporto-na-primavera-de-lagos\/cultura\/15\/16\/","title":{"rendered":"Muita cultura e desporto na primavera de Lagos"},"content":{"rendered":"\n<p>O munic\u00edpio acabou de lan\u00e7ar a sua\u00a0agenda\u00a0trimestral LAGOS eventos (abril-junho) e, com ela, o an\u00fancio de v\u00e1rios eventos culturais e desportivos nesta primavera de 2022. Cl\u00e1udia Pascoal, Plasticine, Tiago Bettencourt, Bruno Nogueira, Azeitonas, Ana Bacalhau e Jo\u00e3o Gil s\u00e3o alguns dos destaques no Centro Cultural de Lagos, enquanto na Biblioteca Municipal passar\u00e3o nomes como Jo\u00e3o S\u00f3, Sandro William Junqueira, Ondjaki, Jorge Serafim, Eduardo Madeira e o Festival de Cinema Italiano. No desporto, Lagos ir\u00e1 acolher o 17.\u00ba Torneio Internacional de Patinagem de Velocidade Terras do Infante \u2013 Lagos dos Descobrimentos, o Campeonato Nacional de F\u00f3rmula de Windsurf e o incr\u00edvel regresso do GC32 Racing Tour com mais duas etapas<strong>.<\/strong><\/p>\n\n\n\n<p>Os espet\u00e1culos no Centro Cultural de Lagos come\u00e7am logo no dia 1 de abril com Cl\u00e1udia Pascoal, a c\u00e9lebre artista de \u201cO Jardim \u201c e \u201cFado Chiclete\u201d, seguindo-se a banda Plasticine a 2 de abril. Tiago Bettencourt apresentar\u00e1 o concerto \u201c2019 Rumo ao Eclipse\u201d a 9 de abril, cabendo a Bruno Nogueira a tarefa de animar a audi\u00eancia com \u201cDeixem o Pimba em paz\u201d no dia 16, espet\u00e1culo que esgotou em apenas 24h. Ainda em abril, o Quorum Ballet traz a este equipamento cultural a intemporal hist\u00f3ria de \u201cRomeu e Julieta\u201d. A 13 de maio, a noite \u00e9 dos Azeitonas com \u201cAmbos os 3\u201d, um registo mais intimista e descontra\u00eddo da banda. Em junho, ter\u00e3o ainda lugar dois espet\u00e1culos integrados no ciclo \u201cOs Eternos, os Consagrados e os que acabaram de chegar\u201d: Ana Bacalhau no dia 9 e Jo\u00e3o Gil no dia 10.<\/p>\n\n\n\n<p>A programa\u00e7\u00e3o passar\u00e1 tamb\u00e9m pela aposta em espet\u00e1culos das associa\u00e7\u00f5es culturais locais, passando pelo Audit\u00f3rio Duval Pestana a Orquestra Ligeira de Lagos (15 de abril), a Associa\u00e7\u00e3o de Dan\u00e7a de Lagos (29 e 30 de abril e 23 a 25 de junho), a Sociedade Filarm\u00f3nica Lacobrigense 1.\u00ba de Maio (6 de maio), a AORCA (7 de maio) e a Quest\u00e3o Repetida e ARTIS XXI (18 de junho).<\/p>\n\n\n\n<p>Ainda pelo Centro Cultural, nesta primavera ter\u00e1 oportunidade de apreciar quatro magn\u00edficas exposi\u00e7\u00f5es: \u201cApontamentos sobre empatia e alteridade\u201d e \u201cCom os p\u00e9s nas nuvens\u201d de Ant\u00f3nio Alonso (2 de abril a 21 de maio) e \u201cA Arte X\u00e1vega em Lagos\u201d e \u201cFaro Oeste\u201d de Paulina Pimentel (4 de junho a 16 de julho).<\/p>\n\n\n\n<p>Habituada a acolher v\u00e1rias atividades de dinamiza\u00e7\u00e3o cultural, a Biblioteca Municipal de Lagos Dr. J\u00falio Dantas tamb\u00e9m ter\u00e1 op\u00e7\u00f5es para v\u00e1rios gostos e idades. Em abril, o artista Jo\u00e3o S\u00f3 marcar\u00e1 presen\u00e7a no dia 21 e Jorge Serafim e Eduardo Madeira no dia 29. Ainda nesse m\u00eas, ter\u00e1 in\u00edcio um novo clube de leitura mensal, \u201cVolta ao Mundo em 11 Livros\u201d, que contar\u00e1 com modera\u00e7\u00e3o do aclamado escritor Sandro William Junqueira, contando ainda com a presen\u00e7a de Ondjaki na sess\u00e3o de junho. De 25 e 28 de maio, celebram-se grandes cineastas italianos com o \u201cFestival de Cinema Italiano\u201d, sendo que em junho o destaque vai para a oficina de Pedro Lamares Soeiro (4 e 5 de junho).<\/p>\n\n\n\n<p>A par da cultura, tamb\u00e9m o desporto retomar\u00e1 alguns dos seus eventos no nosso concelho. De 8 a 10 de abril, ter\u00e1 lugar o 17.\u00ba Torneio Internacional de Patinagem de Velocidade Terras do Infante \u2013 Lagos dos Descobrimentos, modalidade que tem visto nascer diversos campe\u00f5es locais. De 23 a 25 de abril, a ba\u00eda de Lagos ser\u00e1 \u201cpalco\u201d da 2.\u00aa edi\u00e7\u00e3o do Campeonato Nacional de F\u00f3rmula de Windsurf.&nbsp;O maior evento internacional de catamar\u00e3s de velocidade, o GC32 Racing Tour, regressa tamb\u00e9m em 2022 para mais duas etapas repletas de emo\u00e7\u00f5es fortes na nossa costa: 22-26 de junho (Lagos Cup) e 13 a 17 de julho (World Championship).<\/p>\n\n\n\n<p>A agenda trimestral LAGOS e~ventos (abril-junho 2022) j\u00e1 est\u00e1 dispon\u00edvel nos locais habituais ou na sua vers\u00e3o digital dispon\u00edvel\u00a0<a href=\"https:\/\/issuu.com\/cmlagos\/docs\/agenda_e_ventos_4_2_trimestre2022_vers_oonline\" target=\"_blank\" rel=\"noreferrer noopener\">aqui<\/a>.<\/p>\n","protected":false},"excerpt":{"rendered":"<p>O munic\u00edpio acabou de lan\u00e7ar a sua\u00a0agenda\u00a0trimestral LAGOS eventos (abril-junho) e, com ela, o an\u00fancio de v\u00e1rios eventos culturais e<\/p>\n","protected":false},"author":1,"featured_media":17341,"comment_status":"closed","ping_status":"open","sticky":false,"template":"","format":"standard","meta":{"colormag_page_container_layout":"default_layout","colormag_page_sidebar_layout":"default_layout","_monsterinsights_skip_tracking":false,"_monsterinsights_sitenote_active":false,"_monsterinsights_sitenote_note":"","_monsterinsights_sitenote_category":0,"jetpack_post_was_ever_published":false,"_jetpack_newsletter_access":"","_jetpack_dont_email_post_to_subs":false,"_jetpack_newsletter_tier_id":0,"_jetpack_memberships_contains_paywalled_content":false,"_jetpack_memberships_contains_paid_content":false,"footnotes":"","jetpack_publicize_message":"","jetpack_publicize_feature_enabled":true,"jetpack_social_post_already_shared":false,"jetpack_social_options":{"image_generator_settings":{"template":"highway","default_image_id":0,"font":"","enabled":false},"version":2}},"categories":[14,15],"tags":[36,35,40,68],"class_list":["post-17340","post","type-post","status-publish","format-standard","has-post-thumbnail","hentry","category-cultura","category-desporto","tag-algarve","tag-cultura","tag-desporto","tag-lagos"],"yoast_head":"<!-- This site is optimized with the Yoast SEO plugin v27.5 - https:\/\/yoast.com\/product\/yoast-seo-wordpress\/ -->\n<title>Muita cultura e desporto na primavera de Lagos - Algarve 7<\/title>\n<meta name=\"description\" content=\"Muita cultura e desporto na primavera de Lagos Cultura\" \/>\n<meta name=\"robots\" content=\"index, follow, max-snippet:-1, max-image-preview:large, max-video-preview:-1\" \/>\n<link rel=\"canonical\" href=\"https:\/\/algarve7.pt\/index.php\/2022\/04\/muita-cultura-e-desporto-na-primavera-de-lagos\/cultura\/15\/16\/\" \/>\n<meta property=\"og:locale\" content=\"pt_PT\" \/>\n<meta property=\"og:type\" content=\"article\" \/>\n<meta property=\"og:title\" content=\"Muita cultura e desporto na primavera de Lagos - Algarve 7\" \/>\n<meta property=\"og:description\" content=\"Muita cultura e desporto na primavera de Lagos Cultura\" \/>\n<meta property=\"og:url\" content=\"https:\/\/algarve7.pt\/index.php\/2022\/04\/muita-cultura-e-desporto-na-primavera-de-lagos\/cultura\/15\/16\/\" \/>\n<meta property=\"og:site_name\" content=\"Algarve 7\" \/>\n<meta property=\"article:publisher\" content=\"https:\/\/www.facebook.com\/algarve7\" \/>\n<meta property=\"article:author\" content=\"https:\/\/www.facebook.com\/algarve7\" \/>\n<meta property=\"article:published_time\" content=\"2022-04-05T14:16:26+00:00\" \/>\n<meta property=\"article:modified_time\" content=\"2022-04-05T14:16:27+00:00\" \/>\n<meta property=\"og:image\" content=\"https:\/\/algarve7.pt\/wp-content\/uploads\/2022\/04\/GC32-Racing-Tour-Cr\u201aditos-Jo\u05b6o-Costa-Ferreira-Osga-Photo.jpg\" \/>\n\t<meta property=\"og:image:width\" content=\"1424\" \/>\n\t<meta property=\"og:image:height\" content=\"800\" \/>\n\t<meta property=\"og:image:type\" content=\"image\/jpeg\" \/>\n<meta name=\"author\" content=\"Algarve 7\" \/>\n<meta name=\"twitter:card\" content=\"summary_large_image\" \/>\n<meta name=\"twitter:creator\" content=\"@Algarvesete\" \/>\n<meta name=\"twitter:site\" content=\"@Algarvesete\" \/>\n<meta name=\"twitter:label1\" content=\"Escrito por\" \/>\n\t<meta name=\"twitter:data1\" content=\"Algarve 7\" \/>\n\t<meta name=\"twitter:label2\" content=\"Tempo estimado de leitura\" \/>\n\t<meta name=\"twitter:data2\" content=\"4 minutos\" \/>\n<script type=\"application\/ld+json\" class=\"yoast-schema-graph\">{\"@context\":\"https:\\\/\\\/schema.org\",\"@graph\":[{\"@type\":\"Article\",\"@id\":\"https:\\\/\\\/algarve7.pt\\\/index.php\\\/2022\\\/04\\\/muita-cultura-e-desporto-na-primavera-de-lagos\\\/cultura\\\/15\\\/16\\\/#article\",\"isPartOf\":{\"@id\":\"https:\\\/\\\/algarve7.pt\\\/index.php\\\/2022\\\/04\\\/muita-cultura-e-desporto-na-primavera-de-lagos\\\/cultura\\\/15\\\/16\\\/\"},\"author\":{\"name\":\"Algarve 7\",\"@id\":\"https:\\\/\\\/algarve7.pt\\\/#\\\/schema\\\/person\\\/23fa70681308e7b319a3204bcea45e0c\"},\"headline\":\"Muita cultura e desporto na primavera de Lagos\",\"datePublished\":\"2022-04-05T14:16:26+00:00\",\"dateModified\":\"2022-04-05T14:16:27+00:00\",\"mainEntityOfPage\":{\"@id\":\"https:\\\/\\\/algarve7.pt\\\/index.php\\\/2022\\\/04\\\/muita-cultura-e-desporto-na-primavera-de-lagos\\\/cultura\\\/15\\\/16\\\/\"},\"wordCount\":644,\"publisher\":{\"@id\":\"https:\\\/\\\/algarve7.pt\\\/#organization\"},\"image\":{\"@id\":\"https:\\\/\\\/algarve7.pt\\\/index.php\\\/2022\\\/04\\\/muita-cultura-e-desporto-na-primavera-de-lagos\\\/cultura\\\/15\\\/16\\\/#primaryimage\"},\"thumbnailUrl\":\"https:\\\/\\\/algarve7.pt\\\/wp-content\\\/uploads\\\/2022\\\/04\\\/GC32-Racing-Tour-Cr\u201aditos-Jo\u05b6o-Costa-Ferreira-Osga-Photo.jpg\",\"keywords\":[\"Algarve\",\"Cultura\",\"Desporto\",\"Lagos\"],\"articleSection\":[\"Cultura\",\"Desporto\"],\"inLanguage\":\"pt-PT\"},{\"@type\":\"WebPage\",\"@id\":\"https:\\\/\\\/algarve7.pt\\\/index.php\\\/2022\\\/04\\\/muita-cultura-e-desporto-na-primavera-de-lagos\\\/cultura\\\/15\\\/16\\\/\",\"url\":\"https:\\\/\\\/algarve7.pt\\\/index.php\\\/2022\\\/04\\\/muita-cultura-e-desporto-na-primavera-de-lagos\\\/cultura\\\/15\\\/16\\\/\",\"name\":\"Muita cultura e desporto na primavera de Lagos - Algarve 7\",\"isPartOf\":{\"@id\":\"https:\\\/\\\/algarve7.pt\\\/#website\"},\"primaryImageOfPage\":{\"@id\":\"https:\\\/\\\/algarve7.pt\\\/index.php\\\/2022\\\/04\\\/muita-cultura-e-desporto-na-primavera-de-lagos\\\/cultura\\\/15\\\/16\\\/#primaryimage\"},\"image\":{\"@id\":\"https:\\\/\\\/algarve7.pt\\\/index.php\\\/2022\\\/04\\\/muita-cultura-e-desporto-na-primavera-de-lagos\\\/cultura\\\/15\\\/16\\\/#primaryimage\"},\"thumbnailUrl\":\"https:\\\/\\\/algarve7.pt\\\/wp-content\\\/uploads\\\/2022\\\/04\\\/GC32-Racing-Tour-Cr\u201aditos-Jo\u05b6o-Costa-Ferreira-Osga-Photo.jpg\",\"datePublished\":\"2022-04-05T14:16:26+00:00\",\"dateModified\":\"2022-04-05T14:16:27+00:00\",\"description\":\"Muita cultura e desporto na primavera de Lagos Cultura\",\"breadcrumb\":{\"@id\":\"https:\\\/\\\/algarve7.pt\\\/index.php\\\/2022\\\/04\\\/muita-cultura-e-desporto-na-primavera-de-lagos\\\/cultura\\\/15\\\/16\\\/#breadcrumb\"},\"inLanguage\":\"pt-PT\",\"potentialAction\":[{\"@type\":\"ReadAction\",\"target\":[\"https:\\\/\\\/algarve7.pt\\\/index.php\\\/2022\\\/04\\\/muita-cultura-e-desporto-na-primavera-de-lagos\\\/cultura\\\/15\\\/16\\\/\"]}]},{\"@type\":\"ImageObject\",\"inLanguage\":\"pt-PT\",\"@id\":\"https:\\\/\\\/algarve7.pt\\\/index.php\\\/2022\\\/04\\\/muita-cultura-e-desporto-na-primavera-de-lagos\\\/cultura\\\/15\\\/16\\\/#primaryimage\",\"url\":\"https:\\\/\\\/algarve7.pt\\\/wp-content\\\/uploads\\\/2022\\\/04\\\/GC32-Racing-Tour-Cr\u201aditos-Jo\u05b6o-Costa-Ferreira-Osga-Photo.jpg\",\"contentUrl\":\"https:\\\/\\\/algarve7.pt\\\/wp-content\\\/uploads\\\/2022\\\/04\\\/GC32-Racing-Tour-Cr\u201aditos-Jo\u05b6o-Costa-Ferreira-Osga-Photo.jpg\",\"width\":1424,\"height\":800},{\"@type\":\"BreadcrumbList\",\"@id\":\"https:\\\/\\\/algarve7.pt\\\/index.php\\\/2022\\\/04\\\/muita-cultura-e-desporto-na-primavera-de-lagos\\\/cultura\\\/15\\\/16\\\/#breadcrumb\",\"itemListElement\":[{\"@type\":\"ListItem\",\"position\":1,\"name\":\"In\u00edcio\",\"item\":\"https:\\\/\\\/algarve7.pt\\\/\"},{\"@type\":\"ListItem\",\"position\":2,\"name\":\"Muita cultura e desporto na primavera de Lagos\"}]},{\"@type\":\"WebSite\",\"@id\":\"https:\\\/\\\/algarve7.pt\\\/#website\",\"url\":\"https:\\\/\\\/algarve7.pt\\\/\",\"name\":\"Algarve 7\",\"description\":\"Informa\u00e7\u00e3o sobre o Algarve\",\"publisher\":{\"@id\":\"https:\\\/\\\/algarve7.pt\\\/#organization\"},\"potentialAction\":[{\"@type\":\"SearchAction\",\"target\":{\"@type\":\"EntryPoint\",\"urlTemplate\":\"https:\\\/\\\/algarve7.pt\\\/?s={search_term_string}\"},\"query-input\":{\"@type\":\"PropertyValueSpecification\",\"valueRequired\":true,\"valueName\":\"search_term_string\"}}],\"inLanguage\":\"pt-PT\"},{\"@type\":\"Organization\",\"@id\":\"https:\\\/\\\/algarve7.pt\\\/#organization\",\"name\":\"Algarve 7\",\"url\":\"https:\\\/\\\/algarve7.pt\\\/\",\"logo\":{\"@type\":\"ImageObject\",\"inLanguage\":\"pt-PT\",\"@id\":\"https:\\\/\\\/algarve7.pt\\\/#\\\/schema\\\/logo\\\/image\\\/\",\"url\":\"https:\\\/\\\/algarve7.pt\\\/wp-content\\\/uploads\\\/2020\\\/10\\\/Logo-8.jpg\",\"contentUrl\":\"https:\\\/\\\/algarve7.pt\\\/wp-content\\\/uploads\\\/2020\\\/10\\\/Logo-8.jpg\",\"width\":1680,\"height\":1186,\"caption\":\"Algarve 7\"},\"image\":{\"@id\":\"https:\\\/\\\/algarve7.pt\\\/#\\\/schema\\\/logo\\\/image\\\/\"},\"sameAs\":[\"https:\\\/\\\/www.facebook.com\\\/algarve7\",\"https:\\\/\\\/x.com\\\/Algarvesete\",\"https:\\\/\\\/www.instagram.com\\\/jornalalgarve7\\\/\",\"https:\\\/\\\/www.linkedin.com\\\/company\\\/algarve7\",\"https:\\\/\\\/www.pinterest.pt\\\/geral0939\\\/_created\\\/\"]},{\"@type\":\"Person\",\"@id\":\"https:\\\/\\\/algarve7.pt\\\/#\\\/schema\\\/person\\\/23fa70681308e7b319a3204bcea45e0c\",\"name\":\"Algarve 7\",\"sameAs\":[\"https:\\\/\\\/algarve7.pt\",\"https:\\\/\\\/www.facebook.com\\\/algarve7\"],\"url\":\"https:\\\/\\\/algarve7.pt\\\/index.php\\\/author\\\/geralalgarve7-pt\\\/\"}]}<\/script>\n<!-- \/ Yoast SEO plugin. -->","yoast_head_json":{"title":"Muita cultura e desporto na primavera de Lagos - Algarve 7","description":"Muita cultura e desporto na primavera de Lagos Cultura","robots":{"index":"index","follow":"follow","max-snippet":"max-snippet:-1","max-image-preview":"max-image-preview:large","max-video-preview":"max-video-preview:-1"},"canonical":"https:\/\/algarve7.pt\/index.php\/2022\/04\/muita-cultura-e-desporto-na-primavera-de-lagos\/cultura\/15\/16\/","og_locale":"pt_PT","og_type":"article","og_title":"Muita cultura e desporto na primavera de Lagos - Algarve 7","og_description":"Muita cultura e desporto na primavera de Lagos Cultura","og_url":"https:\/\/algarve7.pt\/index.php\/2022\/04\/muita-cultura-e-desporto-na-primavera-de-lagos\/cultura\/15\/16\/","og_site_name":"Algarve 7","article_publisher":"https:\/\/www.facebook.com\/algarve7","article_author":"https:\/\/www.facebook.com\/algarve7","article_published_time":"2022-04-05T14:16:26+00:00","article_modified_time":"2022-04-05T14:16:27+00:00","og_image":[{"width":1424,"height":800,"url":"https:\/\/algarve7.pt\/wp-content\/uploads\/2022\/04\/GC32-Racing-Tour-Cr\u201aditos-Jo\u05b6o-Costa-Ferreira-Osga-Photo.jpg","type":"image\/jpeg"}],"author":"Algarve 7","twitter_card":"summary_large_image","twitter_creator":"@Algarvesete","twitter_site":"@Algarvesete","twitter_misc":{"Escrito por":"Algarve 7","Tempo estimado de leitura":"4 minutos"},"schema":{"@context":"https:\/\/schema.org","@graph":[{"@type":"Article","@id":"https:\/\/algarve7.pt\/index.php\/2022\/04\/muita-cultura-e-desporto-na-primavera-de-lagos\/cultura\/15\/16\/#article","isPartOf":{"@id":"https:\/\/algarve7.pt\/index.php\/2022\/04\/muita-cultura-e-desporto-na-primavera-de-lagos\/cultura\/15\/16\/"},"author":{"name":"Algarve 7","@id":"https:\/\/algarve7.pt\/#\/schema\/person\/23fa70681308e7b319a3204bcea45e0c"},"headline":"Muita cultura e desporto na primavera de Lagos","datePublished":"2022-04-05T14:16:26+00:00","dateModified":"2022-04-05T14:16:27+00:00","mainEntityOfPage":{"@id":"https:\/\/algarve7.pt\/index.php\/2022\/04\/muita-cultura-e-desporto-na-primavera-de-lagos\/cultura\/15\/16\/"},"wordCount":644,"publisher":{"@id":"https:\/\/algarve7.pt\/#organization"},"image":{"@id":"https:\/\/algarve7.pt\/index.php\/2022\/04\/muita-cultura-e-desporto-na-primavera-de-lagos\/cultura\/15\/16\/#primaryimage"},"thumbnailUrl":"https:\/\/algarve7.pt\/wp-content\/uploads\/2022\/04\/GC32-Racing-Tour-Cr\u201aditos-Jo\u05b6o-Costa-Ferreira-Osga-Photo.jpg","keywords":["Algarve","Cultura","Desporto","Lagos"],"articleSection":["Cultura","Desporto"],"inLanguage":"pt-PT"},{"@type":"WebPage","@id":"https:\/\/algarve7.pt\/index.php\/2022\/04\/muita-cultura-e-desporto-na-primavera-de-lagos\/cultura\/15\/16\/","url":"https:\/\/algarve7.pt\/index.php\/2022\/04\/muita-cultura-e-desporto-na-primavera-de-lagos\/cultura\/15\/16\/","name":"Muita cultura e desporto na primavera de Lagos - Algarve 7","isPartOf":{"@id":"https:\/\/algarve7.pt\/#website"},"primaryImageOfPage":{"@id":"https:\/\/algarve7.pt\/index.php\/2022\/04\/muita-cultura-e-desporto-na-primavera-de-lagos\/cultura\/15\/16\/#primaryimage"},"image":{"@id":"https:\/\/algarve7.pt\/index.php\/2022\/04\/muita-cultura-e-desporto-na-primavera-de-lagos\/cultura\/15\/16\/#primaryimage"},"thumbnailUrl":"https:\/\/algarve7.pt\/wp-content\/uploads\/2022\/04\/GC32-Racing-Tour-Cr\u201aditos-Jo\u05b6o-Costa-Ferreira-Osga-Photo.jpg","datePublished":"2022-04-05T14:16:26+00:00","dateModified":"2022-04-05T14:16:27+00:00","description":"Muita cultura e desporto na primavera de Lagos Cultura","breadcrumb":{"@id":"https:\/\/algarve7.pt\/index.php\/2022\/04\/muita-cultura-e-desporto-na-primavera-de-lagos\/cultura\/15\/16\/#breadcrumb"},"inLanguage":"pt-PT","potentialAction":[{"@type":"ReadAction","target":["https:\/\/algarve7.pt\/index.php\/2022\/04\/muita-cultura-e-desporto-na-primavera-de-lagos\/cultura\/15\/16\/"]}]},{"@type":"ImageObject","inLanguage":"pt-PT","@id":"https:\/\/algarve7.pt\/index.php\/2022\/04\/muita-cultura-e-desporto-na-primavera-de-lagos\/cultura\/15\/16\/#primaryimage","url":"https:\/\/algarve7.pt\/wp-content\/uploads\/2022\/04\/GC32-Racing-Tour-Cr\u201aditos-Jo\u05b6o-Costa-Ferreira-Osga-Photo.jpg","contentUrl":"https:\/\/algarve7.pt\/wp-content\/uploads\/2022\/04\/GC32-Racing-Tour-Cr\u201aditos-Jo\u05b6o-Costa-Ferreira-Osga-Photo.jpg","width":1424,"height":800},{"@type":"BreadcrumbList","@id":"https:\/\/algarve7.pt\/index.php\/2022\/04\/muita-cultura-e-desporto-na-primavera-de-lagos\/cultura\/15\/16\/#breadcrumb","itemListElement":[{"@type":"ListItem","position":1,"name":"In\u00edcio","item":"https:\/\/algarve7.pt\/"},{"@type":"ListItem","position":2,"name":"Muita cultura e desporto na primavera de Lagos"}]},{"@type":"WebSite","@id":"https:\/\/algarve7.pt\/#website","url":"https:\/\/algarve7.pt\/","name":"Algarve 7","description":"Informa\u00e7\u00e3o sobre o Algarve","publisher":{"@id":"https:\/\/algarve7.pt\/#organization"},"potentialAction":[{"@type":"SearchAction","target":{"@type":"EntryPoint","urlTemplate":"https:\/\/algarve7.pt\/?s={search_term_string}"},"query-input":{"@type":"PropertyValueSpecification","valueRequired":true,"valueName":"search_term_string"}}],"inLanguage":"pt-PT"},{"@type":"Organization","@id":"https:\/\/algarve7.pt\/#organization","name":"Algarve 7","url":"https:\/\/algarve7.pt\/","logo":{"@type":"ImageObject","inLanguage":"pt-PT","@id":"https:\/\/algarve7.pt\/#\/schema\/logo\/image\/","url":"https:\/\/algarve7.pt\/wp-content\/uploads\/2020\/10\/Logo-8.jpg","contentUrl":"https:\/\/algarve7.pt\/wp-content\/uploads\/2020\/10\/Logo-8.jpg","width":1680,"height":1186,"caption":"Algarve 7"},"image":{"@id":"https:\/\/algarve7.pt\/#\/schema\/logo\/image\/"},"sameAs":["https:\/\/www.facebook.com\/algarve7","https:\/\/x.com\/Algarvesete","https:\/\/www.instagram.com\/jornalalgarve7\/","https:\/\/www.linkedin.com\/company\/algarve7","https:\/\/www.pinterest.pt\/geral0939\/_created\/"]},{"@type":"Person","@id":"https:\/\/algarve7.pt\/#\/schema\/person\/23fa70681308e7b319a3204bcea45e0c","name":"Algarve 7","sameAs":["https:\/\/algarve7.pt","https:\/\/www.facebook.com\/algarve7"],"url":"https:\/\/algarve7.pt\/index.php\/author\/geralalgarve7-pt\/"}]}},"jetpack_publicize_connections":[],"jetpack_featured_media_url":"https:\/\/algarve7.pt\/wp-content\/uploads\/2022\/04\/GC32-Racing-Tour-Cr\u201aditos-Jo\u05b6o-Costa-Ferreira-Osga-Photo.jpg","jetpack_shortlink":"https:\/\/wp.me\/pcezmW-4vG","jetpack_sharing_enabled":true,"_links":{"self":[{"href":"https:\/\/algarve7.pt\/index.php\/wp-json\/wp\/v2\/posts\/17340","targetHints":{"allow":["GET"]}}],"collection":[{"href":"https:\/\/algarve7.pt\/index.php\/wp-json\/wp\/v2\/posts"}],"about":[{"href":"https:\/\/algarve7.pt\/index.php\/wp-json\/wp\/v2\/types\/post"}],"author":[{"embeddable":true,"href":"https:\/\/algarve7.pt\/index.php\/wp-json\/wp\/v2\/users\/1"}],"replies":[{"embeddable":true,"href":"https:\/\/algarve7.pt\/index.php\/wp-json\/wp\/v2\/comments?post=17340"}],"version-history":[{"count":0,"href":"https:\/\/algarve7.pt\/index.php\/wp-json\/wp\/v2\/posts\/17340\/revisions"}],"wp:featuredmedia":[{"embeddable":true,"href":"https:\/\/algarve7.pt\/index.php\/wp-json\/wp\/v2\/media\/17341"}],"wp:attachment":[{"href":"https:\/\/algarve7.pt\/index.php\/wp-json\/wp\/v2\/media?parent=17340"}],"wp:term":[{"taxonomy":"category","embeddable":true,"href":"https:\/\/algarve7.pt\/index.php\/wp-json\/wp\/v2\/categories?post=17340"},{"taxonomy":"post_tag","embeddable":true,"href":"https:\/\/algarve7.pt\/index.php\/wp-json\/wp\/v2\/tags?post=17340"}],"curies":[{"name":"wp","href":"https:\/\/api.w.org\/{rel}","templated":true}]}}