{"id":17293,"date":"2022-04-04T19:58:43","date_gmt":"2022-04-04T18:58:43","guid":{"rendered":"https:\/\/algarve7.pt\/?p=17293"},"modified":"2022-04-04T19:58:49","modified_gmt":"2022-04-04T18:58:49","slug":"mais-de-200-mil-pessoas-visitaram-a-paisagem-protegida-da-fonte-da-benemola","status":"publish","type":"post","link":"https:\/\/algarve7.pt\/index.php\/2022\/04\/mais-de-200-mil-pessoas-visitaram-a-paisagem-protegida-da-fonte-da-benemola\/atualidade\/19\/58\/","title":{"rendered":"Mais de 200 mil pessoas visitaram a paisagem protegida da Fonte da Ben\u00e9mola"},"content":{"rendered":"\n<p>Entre abril de 2018 e o m\u00eas hom\u00f3logo de 2021, foram 244.536 as pessoas que passaram pela Paisagem Protegida da Fonte da Ben\u00e9mola, no concelho de Loul\u00e9, de acordo com dados registados no per\u00edodo de 3 anos pelo sistema de contagem de visitantes (pe\u00f5es e ciclistas), instalado no local.<\/p>\n\n\n\n<p>Numa parceria entre o Munic\u00edpio e a empresa Upnorth, esta solu\u00e7\u00e3o permitiu obter informa\u00e7\u00f5es que contribuir\u00e3o agora para perceber a import\u00e2ncia deste espa\u00e7o em termos de potencial tur\u00edstico, melhorando a gest\u00e3o do local, por exemplo no que diz respeito \u00e0 periodicidade da recolha dos res\u00edduos nas diferentes \u00e9pocas do ano ou o refor\u00e7o da vigil\u00e2ncia por quest\u00f5es de seguran\u00e7a.&nbsp;<\/p>\n\n\n\n<p>Por outro lado, estas ser\u00e3o informa\u00e7\u00f5es importantes em termos promocionais e na atra\u00e7\u00e3o de novos projetos e investimentos para a Fonte da Ben\u00e9mola, sempre enquadradas num desenvolvimento sustent\u00e1vel. Por exemplo, as empresas de anima\u00e7\u00e3o tur\u00edstica poder\u00e3o ficar assim a conhecer os per\u00edodos de maior aflu\u00eancia e qual o impacto da meteorologia nos n\u00edveis de visita.<\/p>\n\n\n\n<p>Nesse sentido, de acordo com os dados fornecidos pelo contador, o n\u00famero de pessoas que se deslocaram \u00e0 Ben\u00e9mola a p\u00e9 (236.840) \u00e9 bastante superior aos ciclistas que aqui vieram neste per\u00edodo (7.696). No que toca \u00e0 distribui\u00e7\u00e3o do n\u00famero de visitantes ao longo do ano, \u00e9 nos meses de ver\u00e3o, julho e agosto, que se verifica o maior n\u00famero de pessoas nesta Paisagem Protegida, sejam pe\u00f5es ou ciclistas. Mas em rela\u00e7\u00e3o a estes \u00faltimos, destaca-se tamb\u00e9m uma forte presen\u00e7a no m\u00eas de mar\u00e7o, no in\u00edcio da primavera. \u00c9 durante o fim de semana, em especial no domingo, durante o per\u00edodo da manh\u00e3, que foram registados os maiores n\u00edveis de aflu\u00eancia. A precipita\u00e7\u00e3o e a temperatura n\u00e3o desmobilizam nem os pe\u00f5es nem os ciclistas neste local, segundo dados registados at\u00e9 ao momento.<\/p>\n\n\n\n<p>De referir ainda que foi nos meses de mar\u00e7o e abril de 2020, coincidindo com o in\u00edcio da pandemia e do confinamento social, que levou muitas pessoas a iniciar a pr\u00e1tica desportiva ao ar livre e a procurar o exterior para caminhadas e passeios de bicicleta, que se registou o maior pico de visitantes.<\/p>\n\n\n\n<p>Todos estes dados foram apresentados pela t\u00e9cnica municipal Clara Fernandes no III F\u00f3rum Cyclin\u2019 Portugal, que decorreu nos dias 25 e 26 de mar\u00e7o, em Castelo de Vide\/Marv\u00e3o. Al\u00e9m do sistema de contagem de visitantes (pe\u00f5es e ciclistas) na Paisagem Protegida Local da Fonte da Ben\u00e9mola, foi igualmente apresentado o Centro Cyclin\u2019 Portugal Loul\u00e9. Numa parceria com a Federa\u00e7\u00e3o Portuguesa de Ciclismo, este projeto, j\u00e1 em curso nas zonas do interior, pretende atrair turismo desportivo e de lazer a estas paragens. Trata-se de uma rede de percursos que integrar\u00e1 3 \u201cportas\u201d, ou seja, pontos de partida e chegada dos itiner\u00e1rios: Loul\u00e9, Alte e Ameixial, perfazendo um total de 20 percursos e aproximadamente 900km cicl\u00e1veis. Neste momento est\u00e1 a proceder-se \u00e0 marca\u00e7\u00e3o f\u00edsica e permanente dos locais, com a coloca\u00e7\u00e3o de poste e sinal\u00e9tica espec\u00edfica.<\/p>\n\n\n\n<p>Localizada na Uni\u00e3o de Freguesias Queren\u00e7a, T\u00f4r Benafim, a Paisagem Protegida Local da Fonte da Ben\u00e9mola estende-se por 392 ha. Em pleno barrocal algarvio, esta \u00e1rea \u00e9 atravessada pela ribeira de Menalva, abastecida por nascentes que lhe permitem ter \u00e1gua durante todo o ano e assim albergar uma flora e fauna ricas e diversificadas. \u00c9 uma das principais atra\u00e7\u00f5es naturais do concelho e, nesse sentido, a Autarquia tem realizado um importante trabalho com vista \u00e0 prote\u00e7\u00e3o desta \u00e1rea.&nbsp;\u201cA divulga\u00e7\u00e3o dos valores naturais e culturais, bem como a sua preserva\u00e7\u00e3o, s\u00e3o fundamentais para o desenvolvimento de um turismo mais sustent\u00e1vel no Munic\u00edpio. Para al\u00e9m de beneficiar as comunidades locais, a dinamiza\u00e7\u00e3o destes espa\u00e7os permite ainda diversificar a oferta, levando \u00e0 cria\u00e7\u00e3o de emprego atrav\u00e9s do aparecimento de outro tipo de empresas de anima\u00e7\u00e3o tur\u00edstica. Estes instrumentos como o contador de visitantes na Ben\u00e9mola ou o projeto Cyclin\u2019 fazem parte desse caminho que estamos a construir\u201d, salienta o autarca V\u00edtor Aleixo.<\/p>\n","protected":false},"excerpt":{"rendered":"<p>Entre abril de 2018 e o m\u00eas hom\u00f3logo de 2021, foram 244.536 as pessoas que passaram pela Paisagem Protegida da<\/p>\n","protected":false},"author":1,"featured_media":17294,"comment_status":"closed","ping_status":"open","sticky":false,"template":"","format":"standard","meta":{"colormag_page_container_layout":"default_layout","colormag_page_sidebar_layout":"default_layout","_monsterinsights_skip_tracking":false,"_monsterinsights_sitenote_active":false,"_monsterinsights_sitenote_note":"","_monsterinsights_sitenote_category":0,"jetpack_post_was_ever_published":false,"_jetpack_newsletter_access":"","_jetpack_dont_email_post_to_subs":false,"_jetpack_newsletter_tier_id":0,"_jetpack_memberships_contains_paywalled_content":false,"_jetpack_memberships_contains_paid_content":false,"footnotes":"","jetpack_publicize_message":"","jetpack_publicize_feature_enabled":true,"jetpack_social_post_already_shared":false,"jetpack_social_options":{"image_generator_settings":{"template":"highway","default_image_id":0,"font":"","enabled":false},"version":2}},"categories":[11],"tags":[36,62,429],"class_list":["post-17293","post","type-post","status-publish","format-standard","has-post-thumbnail","hentry","category-atualidade","tag-algarve","tag-atualidade","tag-querenca"],"yoast_head":"<!-- This site is optimized with the Yoast SEO plugin v27.5 - https:\/\/yoast.com\/product\/yoast-seo-wordpress\/ -->\n<title>Mais de 200 mil pessoas visitaram a paisagem protegida da Fonte da Ben\u00e9mola - Algarve 7<\/title>\n<meta name=\"description\" content=\"Mais de 200 mil pessoas visitaram a paisagem protegida da Fonte da Ben\u00e9mola Atualidade\" \/>\n<meta name=\"robots\" content=\"index, follow, max-snippet:-1, max-image-preview:large, max-video-preview:-1\" \/>\n<link rel=\"canonical\" href=\"https:\/\/algarve7.pt\/index.php\/2022\/04\/mais-de-200-mil-pessoas-visitaram-a-paisagem-protegida-da-fonte-da-benemola\/atualidade\/19\/58\/\" \/>\n<meta property=\"og:locale\" content=\"pt_PT\" \/>\n<meta property=\"og:type\" content=\"article\" \/>\n<meta property=\"og:title\" content=\"Mais de 200 mil pessoas visitaram a paisagem protegida da Fonte da Ben\u00e9mola - Algarve 7\" \/>\n<meta property=\"og:description\" content=\"Mais de 200 mil pessoas visitaram a paisagem protegida da Fonte da Ben\u00e9mola Atualidade\" \/>\n<meta property=\"og:url\" content=\"https:\/\/algarve7.pt\/index.php\/2022\/04\/mais-de-200-mil-pessoas-visitaram-a-paisagem-protegida-da-fonte-da-benemola\/atualidade\/19\/58\/\" \/>\n<meta property=\"og:site_name\" content=\"Algarve 7\" \/>\n<meta property=\"article:publisher\" content=\"https:\/\/www.facebook.com\/algarve7\" \/>\n<meta property=\"article:author\" content=\"https:\/\/www.facebook.com\/algarve7\" \/>\n<meta property=\"article:published_time\" content=\"2022-04-04T18:58:43+00:00\" \/>\n<meta property=\"article:modified_time\" content=\"2022-04-04T18:58:49+00:00\" \/>\n<meta property=\"og:image\" content=\"https:\/\/algarve7.pt\/wp-content\/uploads\/2022\/04\/Fonte-da-Benemola-1.jpg\" \/>\n\t<meta property=\"og:image:width\" content=\"1280\" \/>\n\t<meta property=\"og:image:height\" content=\"960\" \/>\n\t<meta property=\"og:image:type\" content=\"image\/jpeg\" \/>\n<meta name=\"author\" content=\"Algarve 7\" \/>\n<meta name=\"twitter:card\" content=\"summary_large_image\" \/>\n<meta name=\"twitter:creator\" content=\"@Algarvesete\" \/>\n<meta name=\"twitter:site\" content=\"@Algarvesete\" \/>\n<meta name=\"twitter:label1\" content=\"Escrito por\" \/>\n\t<meta name=\"twitter:data1\" content=\"Algarve 7\" \/>\n\t<meta name=\"twitter:label2\" content=\"Tempo estimado de leitura\" \/>\n\t<meta name=\"twitter:data2\" content=\"4 minutos\" \/>\n<script type=\"application\/ld+json\" class=\"yoast-schema-graph\">{\"@context\":\"https:\\\/\\\/schema.org\",\"@graph\":[{\"@type\":\"Article\",\"@id\":\"https:\\\/\\\/algarve7.pt\\\/index.php\\\/2022\\\/04\\\/mais-de-200-mil-pessoas-visitaram-a-paisagem-protegida-da-fonte-da-benemola\\\/atualidade\\\/19\\\/58\\\/#article\",\"isPartOf\":{\"@id\":\"https:\\\/\\\/algarve7.pt\\\/index.php\\\/2022\\\/04\\\/mais-de-200-mil-pessoas-visitaram-a-paisagem-protegida-da-fonte-da-benemola\\\/atualidade\\\/19\\\/58\\\/\"},\"author\":{\"name\":\"Algarve 7\",\"@id\":\"https:\\\/\\\/algarve7.pt\\\/#\\\/schema\\\/person\\\/23fa70681308e7b319a3204bcea45e0c\"},\"headline\":\"Mais de 200 mil pessoas visitaram a paisagem protegida da Fonte da Ben\u00e9mola\",\"datePublished\":\"2022-04-04T18:58:43+00:00\",\"dateModified\":\"2022-04-04T18:58:49+00:00\",\"mainEntityOfPage\":{\"@id\":\"https:\\\/\\\/algarve7.pt\\\/index.php\\\/2022\\\/04\\\/mais-de-200-mil-pessoas-visitaram-a-paisagem-protegida-da-fonte-da-benemola\\\/atualidade\\\/19\\\/58\\\/\"},\"wordCount\":723,\"publisher\":{\"@id\":\"https:\\\/\\\/algarve7.pt\\\/#organization\"},\"image\":{\"@id\":\"https:\\\/\\\/algarve7.pt\\\/index.php\\\/2022\\\/04\\\/mais-de-200-mil-pessoas-visitaram-a-paisagem-protegida-da-fonte-da-benemola\\\/atualidade\\\/19\\\/58\\\/#primaryimage\"},\"thumbnailUrl\":\"https:\\\/\\\/algarve7.pt\\\/wp-content\\\/uploads\\\/2022\\\/04\\\/Fonte-da-Benemola-1.jpg\",\"keywords\":[\"Algarve\",\"Atualidade\",\"Queren\u00e7a\"],\"articleSection\":[\"Atualidade\"],\"inLanguage\":\"pt-PT\"},{\"@type\":\"WebPage\",\"@id\":\"https:\\\/\\\/algarve7.pt\\\/index.php\\\/2022\\\/04\\\/mais-de-200-mil-pessoas-visitaram-a-paisagem-protegida-da-fonte-da-benemola\\\/atualidade\\\/19\\\/58\\\/\",\"url\":\"https:\\\/\\\/algarve7.pt\\\/index.php\\\/2022\\\/04\\\/mais-de-200-mil-pessoas-visitaram-a-paisagem-protegida-da-fonte-da-benemola\\\/atualidade\\\/19\\\/58\\\/\",\"name\":\"Mais de 200 mil pessoas visitaram a paisagem protegida da Fonte da Ben\u00e9mola - Algarve 7\",\"isPartOf\":{\"@id\":\"https:\\\/\\\/algarve7.pt\\\/#website\"},\"primaryImageOfPage\":{\"@id\":\"https:\\\/\\\/algarve7.pt\\\/index.php\\\/2022\\\/04\\\/mais-de-200-mil-pessoas-visitaram-a-paisagem-protegida-da-fonte-da-benemola\\\/atualidade\\\/19\\\/58\\\/#primaryimage\"},\"image\":{\"@id\":\"https:\\\/\\\/algarve7.pt\\\/index.php\\\/2022\\\/04\\\/mais-de-200-mil-pessoas-visitaram-a-paisagem-protegida-da-fonte-da-benemola\\\/atualidade\\\/19\\\/58\\\/#primaryimage\"},\"thumbnailUrl\":\"https:\\\/\\\/algarve7.pt\\\/wp-content\\\/uploads\\\/2022\\\/04\\\/Fonte-da-Benemola-1.jpg\",\"datePublished\":\"2022-04-04T18:58:43+00:00\",\"dateModified\":\"2022-04-04T18:58:49+00:00\",\"description\":\"Mais de 200 mil pessoas visitaram a paisagem protegida da Fonte da Ben\u00e9mola Atualidade\",\"breadcrumb\":{\"@id\":\"https:\\\/\\\/algarve7.pt\\\/index.php\\\/2022\\\/04\\\/mais-de-200-mil-pessoas-visitaram-a-paisagem-protegida-da-fonte-da-benemola\\\/atualidade\\\/19\\\/58\\\/#breadcrumb\"},\"inLanguage\":\"pt-PT\",\"potentialAction\":[{\"@type\":\"ReadAction\",\"target\":[\"https:\\\/\\\/algarve7.pt\\\/index.php\\\/2022\\\/04\\\/mais-de-200-mil-pessoas-visitaram-a-paisagem-protegida-da-fonte-da-benemola\\\/atualidade\\\/19\\\/58\\\/\"]}]},{\"@type\":\"ImageObject\",\"inLanguage\":\"pt-PT\",\"@id\":\"https:\\\/\\\/algarve7.pt\\\/index.php\\\/2022\\\/04\\\/mais-de-200-mil-pessoas-visitaram-a-paisagem-protegida-da-fonte-da-benemola\\\/atualidade\\\/19\\\/58\\\/#primaryimage\",\"url\":\"https:\\\/\\\/algarve7.pt\\\/wp-content\\\/uploads\\\/2022\\\/04\\\/Fonte-da-Benemola-1.jpg\",\"contentUrl\":\"https:\\\/\\\/algarve7.pt\\\/wp-content\\\/uploads\\\/2022\\\/04\\\/Fonte-da-Benemola-1.jpg\",\"width\":1280,\"height\":960},{\"@type\":\"BreadcrumbList\",\"@id\":\"https:\\\/\\\/algarve7.pt\\\/index.php\\\/2022\\\/04\\\/mais-de-200-mil-pessoas-visitaram-a-paisagem-protegida-da-fonte-da-benemola\\\/atualidade\\\/19\\\/58\\\/#breadcrumb\",\"itemListElement\":[{\"@type\":\"ListItem\",\"position\":1,\"name\":\"In\u00edcio\",\"item\":\"https:\\\/\\\/algarve7.pt\\\/\"},{\"@type\":\"ListItem\",\"position\":2,\"name\":\"Mais de 200 mil pessoas visitaram a paisagem protegida da Fonte da Ben\u00e9mola\"}]},{\"@type\":\"WebSite\",\"@id\":\"https:\\\/\\\/algarve7.pt\\\/#website\",\"url\":\"https:\\\/\\\/algarve7.pt\\\/\",\"name\":\"Algarve 7\",\"description\":\"Informa\u00e7\u00e3o sobre o Algarve\",\"publisher\":{\"@id\":\"https:\\\/\\\/algarve7.pt\\\/#organization\"},\"potentialAction\":[{\"@type\":\"SearchAction\",\"target\":{\"@type\":\"EntryPoint\",\"urlTemplate\":\"https:\\\/\\\/algarve7.pt\\\/?s={search_term_string}\"},\"query-input\":{\"@type\":\"PropertyValueSpecification\",\"valueRequired\":true,\"valueName\":\"search_term_string\"}}],\"inLanguage\":\"pt-PT\"},{\"@type\":\"Organization\",\"@id\":\"https:\\\/\\\/algarve7.pt\\\/#organization\",\"name\":\"Algarve 7\",\"url\":\"https:\\\/\\\/algarve7.pt\\\/\",\"logo\":{\"@type\":\"ImageObject\",\"inLanguage\":\"pt-PT\",\"@id\":\"https:\\\/\\\/algarve7.pt\\\/#\\\/schema\\\/logo\\\/image\\\/\",\"url\":\"https:\\\/\\\/algarve7.pt\\\/wp-content\\\/uploads\\\/2020\\\/10\\\/Logo-8.jpg\",\"contentUrl\":\"https:\\\/\\\/algarve7.pt\\\/wp-content\\\/uploads\\\/2020\\\/10\\\/Logo-8.jpg\",\"width\":1680,\"height\":1186,\"caption\":\"Algarve 7\"},\"image\":{\"@id\":\"https:\\\/\\\/algarve7.pt\\\/#\\\/schema\\\/logo\\\/image\\\/\"},\"sameAs\":[\"https:\\\/\\\/www.facebook.com\\\/algarve7\",\"https:\\\/\\\/x.com\\\/Algarvesete\",\"https:\\\/\\\/www.instagram.com\\\/jornalalgarve7\\\/\",\"https:\\\/\\\/www.linkedin.com\\\/company\\\/algarve7\",\"https:\\\/\\\/www.pinterest.pt\\\/geral0939\\\/_created\\\/\"]},{\"@type\":\"Person\",\"@id\":\"https:\\\/\\\/algarve7.pt\\\/#\\\/schema\\\/person\\\/23fa70681308e7b319a3204bcea45e0c\",\"name\":\"Algarve 7\",\"sameAs\":[\"https:\\\/\\\/algarve7.pt\",\"https:\\\/\\\/www.facebook.com\\\/algarve7\"],\"url\":\"https:\\\/\\\/algarve7.pt\\\/index.php\\\/author\\\/geralalgarve7-pt\\\/\"}]}<\/script>\n<!-- \/ Yoast SEO plugin. -->","yoast_head_json":{"title":"Mais de 200 mil pessoas visitaram a paisagem protegida da Fonte da Ben\u00e9mola - Algarve 7","description":"Mais de 200 mil pessoas visitaram a paisagem protegida da Fonte da Ben\u00e9mola Atualidade","robots":{"index":"index","follow":"follow","max-snippet":"max-snippet:-1","max-image-preview":"max-image-preview:large","max-video-preview":"max-video-preview:-1"},"canonical":"https:\/\/algarve7.pt\/index.php\/2022\/04\/mais-de-200-mil-pessoas-visitaram-a-paisagem-protegida-da-fonte-da-benemola\/atualidade\/19\/58\/","og_locale":"pt_PT","og_type":"article","og_title":"Mais de 200 mil pessoas visitaram a paisagem protegida da Fonte da Ben\u00e9mola - Algarve 7","og_description":"Mais de 200 mil pessoas visitaram a paisagem protegida da Fonte da Ben\u00e9mola Atualidade","og_url":"https:\/\/algarve7.pt\/index.php\/2022\/04\/mais-de-200-mil-pessoas-visitaram-a-paisagem-protegida-da-fonte-da-benemola\/atualidade\/19\/58\/","og_site_name":"Algarve 7","article_publisher":"https:\/\/www.facebook.com\/algarve7","article_author":"https:\/\/www.facebook.com\/algarve7","article_published_time":"2022-04-04T18:58:43+00:00","article_modified_time":"2022-04-04T18:58:49+00:00","og_image":[{"width":1280,"height":960,"url":"https:\/\/algarve7.pt\/wp-content\/uploads\/2022\/04\/Fonte-da-Benemola-1.jpg","type":"image\/jpeg"}],"author":"Algarve 7","twitter_card":"summary_large_image","twitter_creator":"@Algarvesete","twitter_site":"@Algarvesete","twitter_misc":{"Escrito por":"Algarve 7","Tempo estimado de leitura":"4 minutos"},"schema":{"@context":"https:\/\/schema.org","@graph":[{"@type":"Article","@id":"https:\/\/algarve7.pt\/index.php\/2022\/04\/mais-de-200-mil-pessoas-visitaram-a-paisagem-protegida-da-fonte-da-benemola\/atualidade\/19\/58\/#article","isPartOf":{"@id":"https:\/\/algarve7.pt\/index.php\/2022\/04\/mais-de-200-mil-pessoas-visitaram-a-paisagem-protegida-da-fonte-da-benemola\/atualidade\/19\/58\/"},"author":{"name":"Algarve 7","@id":"https:\/\/algarve7.pt\/#\/schema\/person\/23fa70681308e7b319a3204bcea45e0c"},"headline":"Mais de 200 mil pessoas visitaram a paisagem protegida da Fonte da Ben\u00e9mola","datePublished":"2022-04-04T18:58:43+00:00","dateModified":"2022-04-04T18:58:49+00:00","mainEntityOfPage":{"@id":"https:\/\/algarve7.pt\/index.php\/2022\/04\/mais-de-200-mil-pessoas-visitaram-a-paisagem-protegida-da-fonte-da-benemola\/atualidade\/19\/58\/"},"wordCount":723,"publisher":{"@id":"https:\/\/algarve7.pt\/#organization"},"image":{"@id":"https:\/\/algarve7.pt\/index.php\/2022\/04\/mais-de-200-mil-pessoas-visitaram-a-paisagem-protegida-da-fonte-da-benemola\/atualidade\/19\/58\/#primaryimage"},"thumbnailUrl":"https:\/\/algarve7.pt\/wp-content\/uploads\/2022\/04\/Fonte-da-Benemola-1.jpg","keywords":["Algarve","Atualidade","Queren\u00e7a"],"articleSection":["Atualidade"],"inLanguage":"pt-PT"},{"@type":"WebPage","@id":"https:\/\/algarve7.pt\/index.php\/2022\/04\/mais-de-200-mil-pessoas-visitaram-a-paisagem-protegida-da-fonte-da-benemola\/atualidade\/19\/58\/","url":"https:\/\/algarve7.pt\/index.php\/2022\/04\/mais-de-200-mil-pessoas-visitaram-a-paisagem-protegida-da-fonte-da-benemola\/atualidade\/19\/58\/","name":"Mais de 200 mil pessoas visitaram a paisagem protegida da Fonte da Ben\u00e9mola - Algarve 7","isPartOf":{"@id":"https:\/\/algarve7.pt\/#website"},"primaryImageOfPage":{"@id":"https:\/\/algarve7.pt\/index.php\/2022\/04\/mais-de-200-mil-pessoas-visitaram-a-paisagem-protegida-da-fonte-da-benemola\/atualidade\/19\/58\/#primaryimage"},"image":{"@id":"https:\/\/algarve7.pt\/index.php\/2022\/04\/mais-de-200-mil-pessoas-visitaram-a-paisagem-protegida-da-fonte-da-benemola\/atualidade\/19\/58\/#primaryimage"},"thumbnailUrl":"https:\/\/algarve7.pt\/wp-content\/uploads\/2022\/04\/Fonte-da-Benemola-1.jpg","datePublished":"2022-04-04T18:58:43+00:00","dateModified":"2022-04-04T18:58:49+00:00","description":"Mais de 200 mil pessoas visitaram a paisagem protegida da Fonte da Ben\u00e9mola Atualidade","breadcrumb":{"@id":"https:\/\/algarve7.pt\/index.php\/2022\/04\/mais-de-200-mil-pessoas-visitaram-a-paisagem-protegida-da-fonte-da-benemola\/atualidade\/19\/58\/#breadcrumb"},"inLanguage":"pt-PT","potentialAction":[{"@type":"ReadAction","target":["https:\/\/algarve7.pt\/index.php\/2022\/04\/mais-de-200-mil-pessoas-visitaram-a-paisagem-protegida-da-fonte-da-benemola\/atualidade\/19\/58\/"]}]},{"@type":"ImageObject","inLanguage":"pt-PT","@id":"https:\/\/algarve7.pt\/index.php\/2022\/04\/mais-de-200-mil-pessoas-visitaram-a-paisagem-protegida-da-fonte-da-benemola\/atualidade\/19\/58\/#primaryimage","url":"https:\/\/algarve7.pt\/wp-content\/uploads\/2022\/04\/Fonte-da-Benemola-1.jpg","contentUrl":"https:\/\/algarve7.pt\/wp-content\/uploads\/2022\/04\/Fonte-da-Benemola-1.jpg","width":1280,"height":960},{"@type":"BreadcrumbList","@id":"https:\/\/algarve7.pt\/index.php\/2022\/04\/mais-de-200-mil-pessoas-visitaram-a-paisagem-protegida-da-fonte-da-benemola\/atualidade\/19\/58\/#breadcrumb","itemListElement":[{"@type":"ListItem","position":1,"name":"In\u00edcio","item":"https:\/\/algarve7.pt\/"},{"@type":"ListItem","position":2,"name":"Mais de 200 mil pessoas visitaram a paisagem protegida da Fonte da Ben\u00e9mola"}]},{"@type":"WebSite","@id":"https:\/\/algarve7.pt\/#website","url":"https:\/\/algarve7.pt\/","name":"Algarve 7","description":"Informa\u00e7\u00e3o sobre o Algarve","publisher":{"@id":"https:\/\/algarve7.pt\/#organization"},"potentialAction":[{"@type":"SearchAction","target":{"@type":"EntryPoint","urlTemplate":"https:\/\/algarve7.pt\/?s={search_term_string}"},"query-input":{"@type":"PropertyValueSpecification","valueRequired":true,"valueName":"search_term_string"}}],"inLanguage":"pt-PT"},{"@type":"Organization","@id":"https:\/\/algarve7.pt\/#organization","name":"Algarve 7","url":"https:\/\/algarve7.pt\/","logo":{"@type":"ImageObject","inLanguage":"pt-PT","@id":"https:\/\/algarve7.pt\/#\/schema\/logo\/image\/","url":"https:\/\/algarve7.pt\/wp-content\/uploads\/2020\/10\/Logo-8.jpg","contentUrl":"https:\/\/algarve7.pt\/wp-content\/uploads\/2020\/10\/Logo-8.jpg","width":1680,"height":1186,"caption":"Algarve 7"},"image":{"@id":"https:\/\/algarve7.pt\/#\/schema\/logo\/image\/"},"sameAs":["https:\/\/www.facebook.com\/algarve7","https:\/\/x.com\/Algarvesete","https:\/\/www.instagram.com\/jornalalgarve7\/","https:\/\/www.linkedin.com\/company\/algarve7","https:\/\/www.pinterest.pt\/geral0939\/_created\/"]},{"@type":"Person","@id":"https:\/\/algarve7.pt\/#\/schema\/person\/23fa70681308e7b319a3204bcea45e0c","name":"Algarve 7","sameAs":["https:\/\/algarve7.pt","https:\/\/www.facebook.com\/algarve7"],"url":"https:\/\/algarve7.pt\/index.php\/author\/geralalgarve7-pt\/"}]}},"jetpack_publicize_connections":[],"jetpack_featured_media_url":"https:\/\/algarve7.pt\/wp-content\/uploads\/2022\/04\/Fonte-da-Benemola-1.jpg","jetpack_shortlink":"https:\/\/wp.me\/pcezmW-4uV","jetpack_sharing_enabled":true,"_links":{"self":[{"href":"https:\/\/algarve7.pt\/index.php\/wp-json\/wp\/v2\/posts\/17293","targetHints":{"allow":["GET"]}}],"collection":[{"href":"https:\/\/algarve7.pt\/index.php\/wp-json\/wp\/v2\/posts"}],"about":[{"href":"https:\/\/algarve7.pt\/index.php\/wp-json\/wp\/v2\/types\/post"}],"author":[{"embeddable":true,"href":"https:\/\/algarve7.pt\/index.php\/wp-json\/wp\/v2\/users\/1"}],"replies":[{"embeddable":true,"href":"https:\/\/algarve7.pt\/index.php\/wp-json\/wp\/v2\/comments?post=17293"}],"version-history":[{"count":0,"href":"https:\/\/algarve7.pt\/index.php\/wp-json\/wp\/v2\/posts\/17293\/revisions"}],"wp:featuredmedia":[{"embeddable":true,"href":"https:\/\/algarve7.pt\/index.php\/wp-json\/wp\/v2\/media\/17294"}],"wp:attachment":[{"href":"https:\/\/algarve7.pt\/index.php\/wp-json\/wp\/v2\/media?parent=17293"}],"wp:term":[{"taxonomy":"category","embeddable":true,"href":"https:\/\/algarve7.pt\/index.php\/wp-json\/wp\/v2\/categories?post=17293"},{"taxonomy":"post_tag","embeddable":true,"href":"https:\/\/algarve7.pt\/index.php\/wp-json\/wp\/v2\/tags?post=17293"}],"curies":[{"name":"wp","href":"https:\/\/api.w.org\/{rel}","templated":true}]}}