{"id":17268,"date":"2022-04-04T13:38:11","date_gmt":"2022-04-04T12:38:11","guid":{"rendered":"https:\/\/algarve7.pt\/?p=17268"},"modified":"2022-04-04T13:38:13","modified_gmt":"2022-04-04T12:38:13","slug":"descoberta-da-universidade-de-coimbra-possibilita-avanco-importante-no-diagnostico-da-esclerose-multipla","status":"publish","type":"post","link":"https:\/\/algarve7.pt\/index.php\/2022\/04\/descoberta-da-universidade-de-coimbra-possibilita-avanco-importante-no-diagnostico-da-esclerose-multipla\/saude\/13\/38\/","title":{"rendered":"Descoberta da Universidade de Coimbra possibilita avan\u00e7o importante no diagn\u00f3stico da Esclerose M\u00faltipla"},"content":{"rendered":"\n<p>Um estudo liderado pelo investigador do Centro de Neuroci\u00eancias e Biologia Celular (CNC) da Universidade de Coimbra (UC), Carlos Duarte, mostra que \u00e9 poss\u00edvel classificar um doente com Esclerose M\u00faltipla (EM) com 80% de certeza, avaliando um conjunto de oito prote\u00ednas espec\u00edficas.<\/p>\n\n\n\n<p>A descoberta resulta de cerca de 15 anos de investiga\u00e7\u00e3o na \u00e1rea dos biomarcadores (indicadores de determinadas patologias), e s\u00f3 foi poss\u00edvel devido a uma estreita colabora\u00e7\u00e3o entre o CNC, o Servi\u00e7o de Neurologia do Centro Hospitalar e Universit\u00e1rio de Coimbra (CHUC), o departamento de Qu\u00edmica da Faculdade de Ci\u00eancias e Tecnologia da Universidade de Coimbra (FCTUC) e ainda o laborat\u00f3rio de Neurobiologia Molecular do I3S (Universidade do Porto).&nbsp;<\/p>\n\n\n\n<p>A Esclerose M\u00faltipla, uma doen\u00e7a inflamat\u00f3ria e degenerativa que afeta o sistema nervoso central (SNC), \u00e9 dif\u00edcil de diagnosticar, devido \u00e0 diversidade de sintomas, semelhan\u00e7a com outras doen\u00e7as inflamat\u00f3rias do SNC e aus\u00eancia de indicadores espec\u00edficos para a doen\u00e7a, ou seja, de um m\u00e9todo de diagn\u00f3stico espec\u00edfico. Cerca de 2,5 milh\u00f5es de pessoas em todo o mundo sofrem de EM, sendo que em Portugal estima-se que a doen\u00e7a afete mais de 8 mil&nbsp;pessoas.<\/p>\n\n\n\n<p>Neste estudo, foram utilizadas amostras de l\u00edquido cefalorraquidiano (LCR) de doentes com Esclerose M\u00faltipla e de doentes com outras doen\u00e7as inflamat\u00f3rias do sistema nervoso central. O LCR \u00e9 um l\u00edquido presente entre o cr\u00e2nio e o c\u00e9rebro e tamb\u00e9m na medula espinhal, que atua como um amortecedor, servindo de prote\u00e7\u00e3o. Al\u00e9m disso,&nbsp;cont\u00e9m um grande n\u00famero de mol\u00e9culas produzidas, libertadas e processadas a partir do SNC, o que faz deste l\u00edquido uma janela \u00fanica&nbsp;para o estudo de doen\u00e7as do sistema nervoso.<\/p>\n\n\n\n<p>Numa primeira fase da investiga\u00e7\u00e3o, recorrendo a estas amostras biol\u00f3gicas, em contexto laboratorial, \u00ab<strong>foi identificado um grupo de prote\u00ednas que permitiu distinguir corretamente 80-90% das amostras de doentes com EM. Posteriormente, ap\u00f3s uma an\u00e1lise estat\u00edstica exaustiva, oito prote\u00ednas obtiveram lugar de destaque, uma vez que, quando avaliadas em conjunto, permitiram classificar e categorizar com 80% de confian\u00e7a os doentes com Esclerose M\u00faltipla.&nbsp;<\/strong><strong>Estas oito prote\u00ednas definem agora um novo painel de biomarcadores para a EM<\/strong>\u00bb, explicam Carlos Duarte, coordenador do estudo e professor catedr\u00e1tico da FCTUC, e Ivan Salazar, primeiro autor do estudo e investigador do CNC-UC.<\/p>\n\n\n\n<p>Os resultados, publicados na revista\u00a0<a href=\"https:\/\/jneuroinflammation.biomedcentral.com\/?gclid=CjwKCAjwuYWSBhByEiwAKd_n_uua0mUrDysjDRh7SVMSHBb2v3IhTWKyjcd81VS7EvmVtZSZV_bUJBoCuocQAvD_BwE\" target=\"_blank\" rel=\"noreferrer noopener\"><em>Journal of Neuroinflammation<\/em><\/a>, concluem os investigadores, \u00ab<strong>constituem um avan\u00e7o significativo para o desenvolvimento de novas estrat\u00e9gias de diagn\u00f3stico, ou progn\u00f3stico, para a Esclerose M\u00faltipla. Al\u00e9m do mais, contribuem tamb\u00e9m para a avalia\u00e7\u00e3o de novas estrat\u00e9gias terap\u00eauticas para esta doen\u00e7a<\/strong>\u00bb.<\/p>\n\n\n\n<p>Este estudo foi financiado pela\u00a0<a href=\"https:\/\/www.nationalmssociety.org\/\">National Multiple Sclerosis Society<\/a>\u00a0(EUA),\u00a0<a href=\"https:\/\/www.biogen.com\/en_us\/home.html\" target=\"_blank\" rel=\"noreferrer noopener\">Biogen<\/a>\u00a0(EUA) e pela\u00a0<a href=\"https:\/\/www.fct.pt\/index.phtml.pt\" target=\"_blank\" rel=\"noreferrer noopener\">\u00a0Funda\u00e7\u00e3o para a Ci\u00eancia e a Tecnologia<\/a>\u00a0(FCT)\u00a0(Portugal).\u00a0O artigo est\u00e1 dispon\u00edvel em:\u00a0<a href=\"https:\/\/doi.org\/10.1186\/s12974-022-02404-2\" target=\"_blank\" rel=\"noreferrer noopener\">https:\/\/doi.org\/10.1186\/s12974-022-02404-2<\/a>.<\/p>\n\n\n\n<p><strong>Fotografia da equipa em anexo<\/strong>&nbsp;(da esquerda para a direita): Ivan Salazar, L\u00edvia Sousa, Carlos Duarte, S\u00f3nia Batista, Alberto Canelas Pais, Bruno Manadas e In\u00eas Baldeiras.<\/p>\n\n\n\n<p><strong>Legenda da ilustra\u00e7\u00e3o<\/strong>: principais etapas do projeto com o objetivo de identificar novos marcadores moleculares para apoio ao diagn\u00f3stico da Esclerose M\u00faltipla. Amostras de l\u00edquido cefalorraquidiano s\u00e3o recolhidas dos doentes (A) e posteriormente \u00e9 analisada a sua composi\u00e7\u00e3o em prote\u00ednas (B). A fase atual do projeto consiste na confirma\u00e7\u00e3o dos resultados obtidos utilizando uma t\u00e9cnica baseada na utiliza\u00e7\u00e3o de anticorpos espec\u00edficos para cada prote\u00edna, denominada ELISA (C). Ilustra\u00e7\u00e3o por Rui Tavares.<\/p>\n","protected":false},"excerpt":{"rendered":"<p>Um estudo liderado pelo investigador do Centro de Neuroci\u00eancias e Biologia Celular (CNC) da Universidade de Coimbra (UC), Carlos Duarte,<\/p>\n","protected":false},"author":1,"featured_media":17269,"comment_status":"closed","ping_status":"open","sticky":false,"template":"","format":"standard","meta":{"colormag_page_container_layout":"default_layout","colormag_page_sidebar_layout":"default_layout","_monsterinsights_skip_tracking":false,"_monsterinsights_sitenote_active":false,"_monsterinsights_sitenote_note":"","_monsterinsights_sitenote_category":0,"jetpack_post_was_ever_published":false,"_jetpack_newsletter_access":"","_jetpack_dont_email_post_to_subs":false,"_jetpack_newsletter_tier_id":0,"_jetpack_memberships_contains_paywalled_content":false,"_jetpack_memberships_contains_paid_content":false,"footnotes":"","jetpack_publicize_message":"","jetpack_publicize_feature_enabled":true,"jetpack_social_post_already_shared":false,"jetpack_social_options":{"image_generator_settings":{"template":"highway","default_image_id":0,"font":"","enabled":false},"version":2}},"categories":[59],"tags":[98,58,299],"class_list":["post-17268","post","type-post","status-publish","format-standard","has-post-thumbnail","hentry","category-saude","tag-nacional","tag-saude","tag-universidade-coimbra"],"yoast_head":"<!-- This site is optimized with the Yoast SEO plugin v27.5 - https:\/\/yoast.com\/product\/yoast-seo-wordpress\/ -->\n<title>Descoberta da Universidade de Coimbra possibilita avan\u00e7o importante no diagn\u00f3stico da Esclerose M\u00faltipla - Algarve 7<\/title>\n<meta name=\"description\" content=\"Descoberta da Universidade de Coimbra possibilita avan\u00e7o importante no diagn\u00f3stico da Esclerose M\u00faltipla Sa\u00fade\" \/>\n<meta name=\"robots\" content=\"index, follow, max-snippet:-1, max-image-preview:large, max-video-preview:-1\" \/>\n<link rel=\"canonical\" href=\"https:\/\/algarve7.pt\/index.php\/2022\/04\/descoberta-da-universidade-de-coimbra-possibilita-avanco-importante-no-diagnostico-da-esclerose-multipla\/saude\/13\/38\/\" \/>\n<meta property=\"og:locale\" content=\"pt_PT\" \/>\n<meta property=\"og:type\" content=\"article\" \/>\n<meta property=\"og:title\" content=\"Descoberta da Universidade de Coimbra possibilita avan\u00e7o importante no diagn\u00f3stico da Esclerose M\u00faltipla - Algarve 7\" \/>\n<meta property=\"og:description\" content=\"Descoberta da Universidade de Coimbra possibilita avan\u00e7o importante no diagn\u00f3stico da Esclerose M\u00faltipla Sa\u00fade\" \/>\n<meta property=\"og:url\" content=\"https:\/\/algarve7.pt\/index.php\/2022\/04\/descoberta-da-universidade-de-coimbra-possibilita-avanco-importante-no-diagnostico-da-esclerose-multipla\/saude\/13\/38\/\" \/>\n<meta property=\"og:site_name\" content=\"Algarve 7\" \/>\n<meta property=\"article:publisher\" content=\"https:\/\/www.facebook.com\/algarve7\" \/>\n<meta property=\"article:author\" content=\"https:\/\/www.facebook.com\/algarve7\" \/>\n<meta property=\"article:published_time\" content=\"2022-04-04T12:38:11+00:00\" \/>\n<meta property=\"article:modified_time\" content=\"2022-04-04T12:38:13+00:00\" \/>\n<meta property=\"og:image\" content=\"https:\/\/algarve7.pt\/wp-content\/uploads\/2022\/04\/Foto_Equipa-scaled.jpg\" \/>\n\t<meta property=\"og:image:width\" content=\"2560\" \/>\n\t<meta property=\"og:image:height\" content=\"1739\" \/>\n\t<meta property=\"og:image:type\" content=\"image\/jpeg\" \/>\n<meta name=\"author\" content=\"Algarve 7\" \/>\n<meta name=\"twitter:card\" content=\"summary_large_image\" \/>\n<meta name=\"twitter:creator\" content=\"@Algarvesete\" \/>\n<meta name=\"twitter:site\" content=\"@Algarvesete\" \/>\n<meta name=\"twitter:label1\" content=\"Escrito por\" \/>\n\t<meta name=\"twitter:data1\" content=\"Algarve 7\" \/>\n\t<meta name=\"twitter:label2\" content=\"Tempo estimado de leitura\" \/>\n\t<meta name=\"twitter:data2\" content=\"3 minutos\" \/>\n<script type=\"application\/ld+json\" class=\"yoast-schema-graph\">{\"@context\":\"https:\\\/\\\/schema.org\",\"@graph\":[{\"@type\":\"Article\",\"@id\":\"https:\\\/\\\/algarve7.pt\\\/index.php\\\/2022\\\/04\\\/descoberta-da-universidade-de-coimbra-possibilita-avanco-importante-no-diagnostico-da-esclerose-multipla\\\/saude\\\/13\\\/38\\\/#article\",\"isPartOf\":{\"@id\":\"https:\\\/\\\/algarve7.pt\\\/index.php\\\/2022\\\/04\\\/descoberta-da-universidade-de-coimbra-possibilita-avanco-importante-no-diagnostico-da-esclerose-multipla\\\/saude\\\/13\\\/38\\\/\"},\"author\":{\"name\":\"Algarve 7\",\"@id\":\"https:\\\/\\\/algarve7.pt\\\/#\\\/schema\\\/person\\\/23fa70681308e7b319a3204bcea45e0c\"},\"headline\":\"Descoberta da Universidade de Coimbra possibilita avan\u00e7o importante no diagn\u00f3stico da Esclerose M\u00faltipla\",\"datePublished\":\"2022-04-04T12:38:11+00:00\",\"dateModified\":\"2022-04-04T12:38:13+00:00\",\"mainEntityOfPage\":{\"@id\":\"https:\\\/\\\/algarve7.pt\\\/index.php\\\/2022\\\/04\\\/descoberta-da-universidade-de-coimbra-possibilita-avanco-importante-no-diagnostico-da-esclerose-multipla\\\/saude\\\/13\\\/38\\\/\"},\"wordCount\":637,\"publisher\":{\"@id\":\"https:\\\/\\\/algarve7.pt\\\/#organization\"},\"image\":{\"@id\":\"https:\\\/\\\/algarve7.pt\\\/index.php\\\/2022\\\/04\\\/descoberta-da-universidade-de-coimbra-possibilita-avanco-importante-no-diagnostico-da-esclerose-multipla\\\/saude\\\/13\\\/38\\\/#primaryimage\"},\"thumbnailUrl\":\"https:\\\/\\\/algarve7.pt\\\/wp-content\\\/uploads\\\/2022\\\/04\\\/Foto_Equipa-scaled.jpg\",\"keywords\":[\"Nacional\",\"Sa\u00fade\",\"Universidade Coimbra\"],\"articleSection\":[\"Sa\u00fade\"],\"inLanguage\":\"pt-PT\"},{\"@type\":\"WebPage\",\"@id\":\"https:\\\/\\\/algarve7.pt\\\/index.php\\\/2022\\\/04\\\/descoberta-da-universidade-de-coimbra-possibilita-avanco-importante-no-diagnostico-da-esclerose-multipla\\\/saude\\\/13\\\/38\\\/\",\"url\":\"https:\\\/\\\/algarve7.pt\\\/index.php\\\/2022\\\/04\\\/descoberta-da-universidade-de-coimbra-possibilita-avanco-importante-no-diagnostico-da-esclerose-multipla\\\/saude\\\/13\\\/38\\\/\",\"name\":\"Descoberta da Universidade de Coimbra possibilita avan\u00e7o importante no diagn\u00f3stico da Esclerose M\u00faltipla - Algarve 7\",\"isPartOf\":{\"@id\":\"https:\\\/\\\/algarve7.pt\\\/#website\"},\"primaryImageOfPage\":{\"@id\":\"https:\\\/\\\/algarve7.pt\\\/index.php\\\/2022\\\/04\\\/descoberta-da-universidade-de-coimbra-possibilita-avanco-importante-no-diagnostico-da-esclerose-multipla\\\/saude\\\/13\\\/38\\\/#primaryimage\"},\"image\":{\"@id\":\"https:\\\/\\\/algarve7.pt\\\/index.php\\\/2022\\\/04\\\/descoberta-da-universidade-de-coimbra-possibilita-avanco-importante-no-diagnostico-da-esclerose-multipla\\\/saude\\\/13\\\/38\\\/#primaryimage\"},\"thumbnailUrl\":\"https:\\\/\\\/algarve7.pt\\\/wp-content\\\/uploads\\\/2022\\\/04\\\/Foto_Equipa-scaled.jpg\",\"datePublished\":\"2022-04-04T12:38:11+00:00\",\"dateModified\":\"2022-04-04T12:38:13+00:00\",\"description\":\"Descoberta da Universidade de Coimbra possibilita avan\u00e7o importante no diagn\u00f3stico da Esclerose M\u00faltipla Sa\u00fade\",\"breadcrumb\":{\"@id\":\"https:\\\/\\\/algarve7.pt\\\/index.php\\\/2022\\\/04\\\/descoberta-da-universidade-de-coimbra-possibilita-avanco-importante-no-diagnostico-da-esclerose-multipla\\\/saude\\\/13\\\/38\\\/#breadcrumb\"},\"inLanguage\":\"pt-PT\",\"potentialAction\":[{\"@type\":\"ReadAction\",\"target\":[\"https:\\\/\\\/algarve7.pt\\\/index.php\\\/2022\\\/04\\\/descoberta-da-universidade-de-coimbra-possibilita-avanco-importante-no-diagnostico-da-esclerose-multipla\\\/saude\\\/13\\\/38\\\/\"]}]},{\"@type\":\"ImageObject\",\"inLanguage\":\"pt-PT\",\"@id\":\"https:\\\/\\\/algarve7.pt\\\/index.php\\\/2022\\\/04\\\/descoberta-da-universidade-de-coimbra-possibilita-avanco-importante-no-diagnostico-da-esclerose-multipla\\\/saude\\\/13\\\/38\\\/#primaryimage\",\"url\":\"https:\\\/\\\/algarve7.pt\\\/wp-content\\\/uploads\\\/2022\\\/04\\\/Foto_Equipa-scaled.jpg\",\"contentUrl\":\"https:\\\/\\\/algarve7.pt\\\/wp-content\\\/uploads\\\/2022\\\/04\\\/Foto_Equipa-scaled.jpg\",\"width\":2560,\"height\":1739},{\"@type\":\"BreadcrumbList\",\"@id\":\"https:\\\/\\\/algarve7.pt\\\/index.php\\\/2022\\\/04\\\/descoberta-da-universidade-de-coimbra-possibilita-avanco-importante-no-diagnostico-da-esclerose-multipla\\\/saude\\\/13\\\/38\\\/#breadcrumb\",\"itemListElement\":[{\"@type\":\"ListItem\",\"position\":1,\"name\":\"In\u00edcio\",\"item\":\"https:\\\/\\\/algarve7.pt\\\/\"},{\"@type\":\"ListItem\",\"position\":2,\"name\":\"Descoberta da Universidade de Coimbra possibilita avan\u00e7o importante no diagn\u00f3stico da Esclerose M\u00faltipla\"}]},{\"@type\":\"WebSite\",\"@id\":\"https:\\\/\\\/algarve7.pt\\\/#website\",\"url\":\"https:\\\/\\\/algarve7.pt\\\/\",\"name\":\"Algarve 7\",\"description\":\"Informa\u00e7\u00e3o sobre o Algarve\",\"publisher\":{\"@id\":\"https:\\\/\\\/algarve7.pt\\\/#organization\"},\"potentialAction\":[{\"@type\":\"SearchAction\",\"target\":{\"@type\":\"EntryPoint\",\"urlTemplate\":\"https:\\\/\\\/algarve7.pt\\\/?s={search_term_string}\"},\"query-input\":{\"@type\":\"PropertyValueSpecification\",\"valueRequired\":true,\"valueName\":\"search_term_string\"}}],\"inLanguage\":\"pt-PT\"},{\"@type\":\"Organization\",\"@id\":\"https:\\\/\\\/algarve7.pt\\\/#organization\",\"name\":\"Algarve 7\",\"url\":\"https:\\\/\\\/algarve7.pt\\\/\",\"logo\":{\"@type\":\"ImageObject\",\"inLanguage\":\"pt-PT\",\"@id\":\"https:\\\/\\\/algarve7.pt\\\/#\\\/schema\\\/logo\\\/image\\\/\",\"url\":\"https:\\\/\\\/algarve7.pt\\\/wp-content\\\/uploads\\\/2020\\\/10\\\/Logo-8.jpg\",\"contentUrl\":\"https:\\\/\\\/algarve7.pt\\\/wp-content\\\/uploads\\\/2020\\\/10\\\/Logo-8.jpg\",\"width\":1680,\"height\":1186,\"caption\":\"Algarve 7\"},\"image\":{\"@id\":\"https:\\\/\\\/algarve7.pt\\\/#\\\/schema\\\/logo\\\/image\\\/\"},\"sameAs\":[\"https:\\\/\\\/www.facebook.com\\\/algarve7\",\"https:\\\/\\\/x.com\\\/Algarvesete\",\"https:\\\/\\\/www.instagram.com\\\/jornalalgarve7\\\/\",\"https:\\\/\\\/www.linkedin.com\\\/company\\\/algarve7\",\"https:\\\/\\\/www.pinterest.pt\\\/geral0939\\\/_created\\\/\"]},{\"@type\":\"Person\",\"@id\":\"https:\\\/\\\/algarve7.pt\\\/#\\\/schema\\\/person\\\/23fa70681308e7b319a3204bcea45e0c\",\"name\":\"Algarve 7\",\"sameAs\":[\"https:\\\/\\\/algarve7.pt\",\"https:\\\/\\\/www.facebook.com\\\/algarve7\"],\"url\":\"https:\\\/\\\/algarve7.pt\\\/index.php\\\/author\\\/geralalgarve7-pt\\\/\"}]}<\/script>\n<!-- \/ Yoast SEO plugin. -->","yoast_head_json":{"title":"Descoberta da Universidade de Coimbra possibilita avan\u00e7o importante no diagn\u00f3stico da Esclerose M\u00faltipla - Algarve 7","description":"Descoberta da Universidade de Coimbra possibilita avan\u00e7o importante no diagn\u00f3stico da Esclerose M\u00faltipla Sa\u00fade","robots":{"index":"index","follow":"follow","max-snippet":"max-snippet:-1","max-image-preview":"max-image-preview:large","max-video-preview":"max-video-preview:-1"},"canonical":"https:\/\/algarve7.pt\/index.php\/2022\/04\/descoberta-da-universidade-de-coimbra-possibilita-avanco-importante-no-diagnostico-da-esclerose-multipla\/saude\/13\/38\/","og_locale":"pt_PT","og_type":"article","og_title":"Descoberta da Universidade de Coimbra possibilita avan\u00e7o importante no diagn\u00f3stico da Esclerose M\u00faltipla - Algarve 7","og_description":"Descoberta da Universidade de Coimbra possibilita avan\u00e7o importante no diagn\u00f3stico da Esclerose M\u00faltipla Sa\u00fade","og_url":"https:\/\/algarve7.pt\/index.php\/2022\/04\/descoberta-da-universidade-de-coimbra-possibilita-avanco-importante-no-diagnostico-da-esclerose-multipla\/saude\/13\/38\/","og_site_name":"Algarve 7","article_publisher":"https:\/\/www.facebook.com\/algarve7","article_author":"https:\/\/www.facebook.com\/algarve7","article_published_time":"2022-04-04T12:38:11+00:00","article_modified_time":"2022-04-04T12:38:13+00:00","og_image":[{"width":2560,"height":1739,"url":"https:\/\/algarve7.pt\/wp-content\/uploads\/2022\/04\/Foto_Equipa-scaled.jpg","type":"image\/jpeg"}],"author":"Algarve 7","twitter_card":"summary_large_image","twitter_creator":"@Algarvesete","twitter_site":"@Algarvesete","twitter_misc":{"Escrito por":"Algarve 7","Tempo estimado de leitura":"3 minutos"},"schema":{"@context":"https:\/\/schema.org","@graph":[{"@type":"Article","@id":"https:\/\/algarve7.pt\/index.php\/2022\/04\/descoberta-da-universidade-de-coimbra-possibilita-avanco-importante-no-diagnostico-da-esclerose-multipla\/saude\/13\/38\/#article","isPartOf":{"@id":"https:\/\/algarve7.pt\/index.php\/2022\/04\/descoberta-da-universidade-de-coimbra-possibilita-avanco-importante-no-diagnostico-da-esclerose-multipla\/saude\/13\/38\/"},"author":{"name":"Algarve 7","@id":"https:\/\/algarve7.pt\/#\/schema\/person\/23fa70681308e7b319a3204bcea45e0c"},"headline":"Descoberta da Universidade de Coimbra possibilita avan\u00e7o importante no diagn\u00f3stico da Esclerose M\u00faltipla","datePublished":"2022-04-04T12:38:11+00:00","dateModified":"2022-04-04T12:38:13+00:00","mainEntityOfPage":{"@id":"https:\/\/algarve7.pt\/index.php\/2022\/04\/descoberta-da-universidade-de-coimbra-possibilita-avanco-importante-no-diagnostico-da-esclerose-multipla\/saude\/13\/38\/"},"wordCount":637,"publisher":{"@id":"https:\/\/algarve7.pt\/#organization"},"image":{"@id":"https:\/\/algarve7.pt\/index.php\/2022\/04\/descoberta-da-universidade-de-coimbra-possibilita-avanco-importante-no-diagnostico-da-esclerose-multipla\/saude\/13\/38\/#primaryimage"},"thumbnailUrl":"https:\/\/algarve7.pt\/wp-content\/uploads\/2022\/04\/Foto_Equipa-scaled.jpg","keywords":["Nacional","Sa\u00fade","Universidade Coimbra"],"articleSection":["Sa\u00fade"],"inLanguage":"pt-PT"},{"@type":"WebPage","@id":"https:\/\/algarve7.pt\/index.php\/2022\/04\/descoberta-da-universidade-de-coimbra-possibilita-avanco-importante-no-diagnostico-da-esclerose-multipla\/saude\/13\/38\/","url":"https:\/\/algarve7.pt\/index.php\/2022\/04\/descoberta-da-universidade-de-coimbra-possibilita-avanco-importante-no-diagnostico-da-esclerose-multipla\/saude\/13\/38\/","name":"Descoberta da Universidade de Coimbra possibilita avan\u00e7o importante no diagn\u00f3stico da Esclerose M\u00faltipla - Algarve 7","isPartOf":{"@id":"https:\/\/algarve7.pt\/#website"},"primaryImageOfPage":{"@id":"https:\/\/algarve7.pt\/index.php\/2022\/04\/descoberta-da-universidade-de-coimbra-possibilita-avanco-importante-no-diagnostico-da-esclerose-multipla\/saude\/13\/38\/#primaryimage"},"image":{"@id":"https:\/\/algarve7.pt\/index.php\/2022\/04\/descoberta-da-universidade-de-coimbra-possibilita-avanco-importante-no-diagnostico-da-esclerose-multipla\/saude\/13\/38\/#primaryimage"},"thumbnailUrl":"https:\/\/algarve7.pt\/wp-content\/uploads\/2022\/04\/Foto_Equipa-scaled.jpg","datePublished":"2022-04-04T12:38:11+00:00","dateModified":"2022-04-04T12:38:13+00:00","description":"Descoberta da Universidade de Coimbra possibilita avan\u00e7o importante no diagn\u00f3stico da Esclerose M\u00faltipla Sa\u00fade","breadcrumb":{"@id":"https:\/\/algarve7.pt\/index.php\/2022\/04\/descoberta-da-universidade-de-coimbra-possibilita-avanco-importante-no-diagnostico-da-esclerose-multipla\/saude\/13\/38\/#breadcrumb"},"inLanguage":"pt-PT","potentialAction":[{"@type":"ReadAction","target":["https:\/\/algarve7.pt\/index.php\/2022\/04\/descoberta-da-universidade-de-coimbra-possibilita-avanco-importante-no-diagnostico-da-esclerose-multipla\/saude\/13\/38\/"]}]},{"@type":"ImageObject","inLanguage":"pt-PT","@id":"https:\/\/algarve7.pt\/index.php\/2022\/04\/descoberta-da-universidade-de-coimbra-possibilita-avanco-importante-no-diagnostico-da-esclerose-multipla\/saude\/13\/38\/#primaryimage","url":"https:\/\/algarve7.pt\/wp-content\/uploads\/2022\/04\/Foto_Equipa-scaled.jpg","contentUrl":"https:\/\/algarve7.pt\/wp-content\/uploads\/2022\/04\/Foto_Equipa-scaled.jpg","width":2560,"height":1739},{"@type":"BreadcrumbList","@id":"https:\/\/algarve7.pt\/index.php\/2022\/04\/descoberta-da-universidade-de-coimbra-possibilita-avanco-importante-no-diagnostico-da-esclerose-multipla\/saude\/13\/38\/#breadcrumb","itemListElement":[{"@type":"ListItem","position":1,"name":"In\u00edcio","item":"https:\/\/algarve7.pt\/"},{"@type":"ListItem","position":2,"name":"Descoberta da Universidade de Coimbra possibilita avan\u00e7o importante no diagn\u00f3stico da Esclerose M\u00faltipla"}]},{"@type":"WebSite","@id":"https:\/\/algarve7.pt\/#website","url":"https:\/\/algarve7.pt\/","name":"Algarve 7","description":"Informa\u00e7\u00e3o sobre o Algarve","publisher":{"@id":"https:\/\/algarve7.pt\/#organization"},"potentialAction":[{"@type":"SearchAction","target":{"@type":"EntryPoint","urlTemplate":"https:\/\/algarve7.pt\/?s={search_term_string}"},"query-input":{"@type":"PropertyValueSpecification","valueRequired":true,"valueName":"search_term_string"}}],"inLanguage":"pt-PT"},{"@type":"Organization","@id":"https:\/\/algarve7.pt\/#organization","name":"Algarve 7","url":"https:\/\/algarve7.pt\/","logo":{"@type":"ImageObject","inLanguage":"pt-PT","@id":"https:\/\/algarve7.pt\/#\/schema\/logo\/image\/","url":"https:\/\/algarve7.pt\/wp-content\/uploads\/2020\/10\/Logo-8.jpg","contentUrl":"https:\/\/algarve7.pt\/wp-content\/uploads\/2020\/10\/Logo-8.jpg","width":1680,"height":1186,"caption":"Algarve 7"},"image":{"@id":"https:\/\/algarve7.pt\/#\/schema\/logo\/image\/"},"sameAs":["https:\/\/www.facebook.com\/algarve7","https:\/\/x.com\/Algarvesete","https:\/\/www.instagram.com\/jornalalgarve7\/","https:\/\/www.linkedin.com\/company\/algarve7","https:\/\/www.pinterest.pt\/geral0939\/_created\/"]},{"@type":"Person","@id":"https:\/\/algarve7.pt\/#\/schema\/person\/23fa70681308e7b319a3204bcea45e0c","name":"Algarve 7","sameAs":["https:\/\/algarve7.pt","https:\/\/www.facebook.com\/algarve7"],"url":"https:\/\/algarve7.pt\/index.php\/author\/geralalgarve7-pt\/"}]}},"jetpack_publicize_connections":[],"jetpack_featured_media_url":"https:\/\/algarve7.pt\/wp-content\/uploads\/2022\/04\/Foto_Equipa-scaled.jpg","jetpack_shortlink":"https:\/\/wp.me\/pcezmW-4uw","jetpack_sharing_enabled":true,"_links":{"self":[{"href":"https:\/\/algarve7.pt\/index.php\/wp-json\/wp\/v2\/posts\/17268","targetHints":{"allow":["GET"]}}],"collection":[{"href":"https:\/\/algarve7.pt\/index.php\/wp-json\/wp\/v2\/posts"}],"about":[{"href":"https:\/\/algarve7.pt\/index.php\/wp-json\/wp\/v2\/types\/post"}],"author":[{"embeddable":true,"href":"https:\/\/algarve7.pt\/index.php\/wp-json\/wp\/v2\/users\/1"}],"replies":[{"embeddable":true,"href":"https:\/\/algarve7.pt\/index.php\/wp-json\/wp\/v2\/comments?post=17268"}],"version-history":[{"count":0,"href":"https:\/\/algarve7.pt\/index.php\/wp-json\/wp\/v2\/posts\/17268\/revisions"}],"wp:featuredmedia":[{"embeddable":true,"href":"https:\/\/algarve7.pt\/index.php\/wp-json\/wp\/v2\/media\/17269"}],"wp:attachment":[{"href":"https:\/\/algarve7.pt\/index.php\/wp-json\/wp\/v2\/media?parent=17268"}],"wp:term":[{"taxonomy":"category","embeddable":true,"href":"https:\/\/algarve7.pt\/index.php\/wp-json\/wp\/v2\/categories?post=17268"},{"taxonomy":"post_tag","embeddable":true,"href":"https:\/\/algarve7.pt\/index.php\/wp-json\/wp\/v2\/tags?post=17268"}],"curies":[{"name":"wp","href":"https:\/\/api.w.org\/{rel}","templated":true}]}}