{"id":17264,"date":"2022-04-04T12:37:37","date_gmt":"2022-04-04T11:37:37","guid":{"rendered":"https:\/\/algarve7.pt\/?p=17264"},"modified":"2022-04-04T12:37:39","modified_gmt":"2022-04-04T11:37:39","slug":"a-pascoa-celebra-se-no-algarve-com-queen-a-luz-das-velas","status":"publish","type":"post","link":"https:\/\/algarve7.pt\/index.php\/2022\/04\/a-pascoa-celebra-se-no-algarve-com-queen-a-luz-das-velas\/cultura\/12\/37\/","title":{"rendered":"A P\u00e1scoa celebra-se no Algarve com\u00a0Queen\u00a0\u00e0 luz das velas"},"content":{"rendered":"\n<p>O&nbsp;<strong>Candlelight<\/strong>, concerto intimista \u00e0 luz das velas organizado pela Fever, a plataforma l\u00edder na descoberta de entretenimento ao vivo, anuncia uma&nbsp;<strong>edi\u00e7\u00e3o especial no Algarve, dedicada \u00e0 obra&nbsp;<\/strong><strong>de Queen&nbsp;para as celebra\u00e7\u00f5es de P\u00e1scoa<\/strong>.&nbsp;<\/p>\n\n\n\n<p>O concerto, marcado para dia 16 de abril, no\u00a0Centro de Congressos do Algarve, contar\u00e1\u00a0com uma sess\u00e3o, \u00e0s 21h30, e um programa especial onde um quarteto de cordas ir\u00e1 interpretar algumas das mais famosas\u00a0m\u00fasicas\u00a0de sempre\u00a0da banda brit\u00e2nica de rock, num tributo \u00e0 banda de Freddie Mercury. \u00c9, assim, uma sugest\u00e3o de atividade em fam\u00edlia diferente para quem ruma at\u00e9 ao Sul do pa\u00eds para celebrar as festividades da P\u00e1scoa.\u00a0<\/p>\n\n\n\n<p><strong>Queen<\/strong>&nbsp;foi uma banda brit\u00e2nica de rock, fundada em 1970, que ficou conhecida por ter uma m\u00fasica&nbsp;altamente ecl\u00e9tica, variando entre v\u00e1rias vertentes do<em>&nbsp;rock<\/em>, e pela excentricidade do seu vocalista, Freddie Mercury.<\/p>\n\n\n\n<p>O programa do evento, que tem a dura\u00e7\u00e3o de uma hora, conta com a interpreta\u00e7\u00e3o de obras como \u201cWe Will Rock You\u201d, \u201cSomebody To Love\u201d, \u201cBohemian Rhapsody\u201d ou \u201cI Want To Break Free\u201d e \u201cThe Show Must Go On\u2019\u201d.<\/p>\n\n\n\n<p>Os bilhetes para o concerto podem ser adquiridos no site ou app da Fever a partir de 15,00\u20ac por pessoa, valor que varia consoante o tipo de bilhete&nbsp;seleccionado.&nbsp;Com cerca de 3 milh\u00f5es de bilhetes vendidos em mais de 90 cidades em todo o mundo s\u00f3 em 2021, o conceito Candlelight volta a surpreender em Portugal, levando ao Algarve uma experi\u00eancia \u00fanica \u00e0 luz das velas, num concerto exclusivo, que alia a delicadeza da m\u00fasica cl\u00e1ssica ao romance e mist\u00e9rio.&nbsp;<\/p>\n\n\n\n<p>Os Candlelight s\u00e3o concertos instrumentais de m\u00fasica cl\u00e1ssica, apresentando pe\u00e7as ic\u00f3nicas a um pre\u00e7o acess\u00edvel, ao mesmo tempo que abrem \u00e0 comunidade espa\u00e7os \u00fanicos do patrim\u00f3nio cultural de cada cidade, uma vez que n\u00e3o s\u00e3o realizados em salas de espet\u00e1culo comuns. Este conceito original da Fever conseguiu levar a m\u00fasica cl\u00e1ssica a um p\u00fablico totalmente novo, com 70% dos participantes com menos de 40 anos.&nbsp;<\/p>\n\n\n\n<p>Depois de quatro eventos de sucesso j\u00e1 realizados em parceria com a Tivoli&nbsp;Hotels &amp; Resorts, no Centro de Congressos de Vilamoura, a Fever estende agora esta parceria com a promo\u00e7\u00e3o deste novo concerto Candlelight, no fim de semana de P\u00e1scoa.<\/p>\n\n\n\n<p><strong>Candlelight Tributo aos Queen \u00e0 Luz das Velas<\/strong><\/p>\n\n\n\n<p>Local: Centro de Congressos do Algarve (entrada pela Marina de Vilamoura)<\/p>\n\n\n\n<p>Data: 16 de abril&nbsp;<\/p>\n\n\n\n<p>Hor\u00e1rio: 21h30&nbsp;(abertura de portas \u00e0s 19h45 e n\u00e3o ser\u00e1 permitida a entrada ap\u00f3s as 21h)<\/p>\n\n\n\n<p>Pre\u00e7o: 1 bilhete \u2013 a partir de 15,00\u20ac&nbsp;<\/p>\n\n\n\n<p>Idade: A partir dos 8 anos (menores de 16 anos dever\u00e3o ser acompanhados por um adulto)&nbsp;<\/p>\n\n\n\n<p>Artistas: Quarteto de Cordas: Daniela Barraza (violino), Gleysis Perozo (violino), Mariana Moreira (viola) e Gabriela Leite (violoncelo).<\/p>\n\n\n\n<p><strong>Sobre Fever&nbsp;<\/strong><\/p>\n\n\n\n<p>A Fever \u00e9 a plataforma l\u00edder na descoberta de entretenimento ao vivo, ajudando milh\u00f5es de pessoas todas as semanas a descobrir as melhores experi\u00eancias nas suas cidades, com a miss\u00e3o de democratizar o acesso \u00e0 cultura e ao entretenimento na vida real.&nbsp;<\/p>\n\n\n\n<p>Atrav\u00e9s da sua plataforma, a Fever inspira os utilizadores a desfrutar de experi\u00eancias e eventos locais \u00fanicos, desde exposi\u00e7\u00f5es imersivas, a experi\u00eancias de teatro, festivais, ou cocktails moleculares pop-ups. Simultaneamente, a empresa capacita os promotores de eventos com dados e tecnologia para criar e expandir experi\u00eancias em todo o mundo.<\/p>\n\n\n\n<p>Mais informa\u00e7\u00f5es em\u00a0<a href=\"https:\/\/feverup.com\/\" target=\"_blank\" rel=\"noreferrer noopener\">https:\/\/feverup.com\u00a0<\/a><\/p>\n","protected":false},"excerpt":{"rendered":"<p>O&nbsp;Candlelight, concerto intimista \u00e0 luz das velas organizado pela Fever, a plataforma l\u00edder na descoberta de entretenimento ao vivo, anuncia<\/p>\n","protected":false},"author":1,"featured_media":17265,"comment_status":"closed","ping_status":"open","sticky":false,"template":"","format":"standard","meta":{"colormag_page_container_layout":"default_layout","colormag_page_sidebar_layout":"default_layout","_monsterinsights_skip_tracking":false,"_monsterinsights_sitenote_active":false,"_monsterinsights_sitenote_note":"","_monsterinsights_sitenote_category":0,"jetpack_post_was_ever_published":false,"_jetpack_newsletter_access":"","_jetpack_dont_email_post_to_subs":false,"_jetpack_newsletter_tier_id":0,"_jetpack_memberships_contains_paywalled_content":false,"_jetpack_memberships_contains_paid_content":false,"footnotes":"","jetpack_publicize_message":"","jetpack_publicize_feature_enabled":true,"jetpack_social_post_already_shared":false,"jetpack_social_options":{"image_generator_settings":{"template":"highway","default_image_id":0,"font":"","enabled":false},"version":2}},"categories":[14],"tags":[36,617,52,35,121],"class_list":["post-17264","post","type-post","status-publish","format-standard","has-post-thumbnail","hentry","category-cultura","tag-algarve","tag-centro-de-congressos-do-algarve","tag-concerto","tag-cultura","tag-vilamoura"],"yoast_head":"<!-- This site is optimized with the Yoast SEO plugin v27.5 - https:\/\/yoast.com\/product\/yoast-seo-wordpress\/ -->\n<title>A P\u00e1scoa celebra-se no Algarve com\u00a0Queen\u00a0\u00e0 luz das velas - Algarve 7<\/title>\n<meta name=\"description\" content=\"A P\u00e1scoa celebra-se no Algarve com\u00a0Queen\u00a0\u00e0 luz das velas Cultura\" \/>\n<meta name=\"robots\" content=\"index, follow, max-snippet:-1, max-image-preview:large, max-video-preview:-1\" \/>\n<link rel=\"canonical\" href=\"https:\/\/algarve7.pt\/index.php\/2022\/04\/a-pascoa-celebra-se-no-algarve-com-queen-a-luz-das-velas\/cultura\/12\/37\/\" \/>\n<meta property=\"og:locale\" content=\"pt_PT\" \/>\n<meta property=\"og:type\" content=\"article\" \/>\n<meta property=\"og:title\" content=\"A P\u00e1scoa celebra-se no Algarve com\u00a0Queen\u00a0\u00e0 luz das velas - Algarve 7\" \/>\n<meta property=\"og:description\" content=\"A P\u00e1scoa celebra-se no Algarve com\u00a0Queen\u00a0\u00e0 luz das velas Cultura\" \/>\n<meta property=\"og:url\" content=\"https:\/\/algarve7.pt\/index.php\/2022\/04\/a-pascoa-celebra-se-no-algarve-com-queen-a-luz-das-velas\/cultura\/12\/37\/\" \/>\n<meta property=\"og:site_name\" content=\"Algarve 7\" \/>\n<meta property=\"article:publisher\" content=\"https:\/\/www.facebook.com\/algarve7\" \/>\n<meta property=\"article:author\" content=\"https:\/\/www.facebook.com\/algarve7\" \/>\n<meta property=\"article:published_time\" content=\"2022-04-04T11:37:37+00:00\" \/>\n<meta property=\"article:modified_time\" content=\"2022-04-04T11:37:39+00:00\" \/>\n<meta property=\"og:image\" content=\"https:\/\/algarve7.pt\/wp-content\/uploads\/2022\/04\/candlelight-navidad-1-1024x597-1.jpg\" \/>\n\t<meta property=\"og:image:width\" content=\"1024\" \/>\n\t<meta property=\"og:image:height\" content=\"597\" \/>\n\t<meta property=\"og:image:type\" content=\"image\/jpeg\" \/>\n<meta name=\"author\" content=\"Algarve 7\" \/>\n<meta name=\"twitter:card\" content=\"summary_large_image\" \/>\n<meta name=\"twitter:creator\" content=\"@Algarvesete\" \/>\n<meta name=\"twitter:site\" content=\"@Algarvesete\" \/>\n<meta name=\"twitter:label1\" content=\"Escrito por\" \/>\n\t<meta name=\"twitter:data1\" content=\"Algarve 7\" \/>\n\t<meta name=\"twitter:label2\" content=\"Tempo estimado de leitura\" \/>\n\t<meta name=\"twitter:data2\" content=\"3 minutos\" \/>\n<script type=\"application\/ld+json\" class=\"yoast-schema-graph\">{\"@context\":\"https:\\\/\\\/schema.org\",\"@graph\":[{\"@type\":\"Article\",\"@id\":\"https:\\\/\\\/algarve7.pt\\\/index.php\\\/2022\\\/04\\\/a-pascoa-celebra-se-no-algarve-com-queen-a-luz-das-velas\\\/cultura\\\/12\\\/37\\\/#article\",\"isPartOf\":{\"@id\":\"https:\\\/\\\/algarve7.pt\\\/index.php\\\/2022\\\/04\\\/a-pascoa-celebra-se-no-algarve-com-queen-a-luz-das-velas\\\/cultura\\\/12\\\/37\\\/\"},\"author\":{\"name\":\"Algarve 7\",\"@id\":\"https:\\\/\\\/algarve7.pt\\\/#\\\/schema\\\/person\\\/23fa70681308e7b319a3204bcea45e0c\"},\"headline\":\"A P\u00e1scoa celebra-se no Algarve com\u00a0Queen\u00a0\u00e0 luz das velas\",\"datePublished\":\"2022-04-04T11:37:37+00:00\",\"dateModified\":\"2022-04-04T11:37:39+00:00\",\"mainEntityOfPage\":{\"@id\":\"https:\\\/\\\/algarve7.pt\\\/index.php\\\/2022\\\/04\\\/a-pascoa-celebra-se-no-algarve-com-queen-a-luz-das-velas\\\/cultura\\\/12\\\/37\\\/\"},\"wordCount\":609,\"publisher\":{\"@id\":\"https:\\\/\\\/algarve7.pt\\\/#organization\"},\"image\":{\"@id\":\"https:\\\/\\\/algarve7.pt\\\/index.php\\\/2022\\\/04\\\/a-pascoa-celebra-se-no-algarve-com-queen-a-luz-das-velas\\\/cultura\\\/12\\\/37\\\/#primaryimage\"},\"thumbnailUrl\":\"https:\\\/\\\/algarve7.pt\\\/wp-content\\\/uploads\\\/2022\\\/04\\\/candlelight-navidad-1-1024x597-1.jpg\",\"keywords\":[\"Algarve\",\"Centro de Congressos do Algarve\",\"Concerto\",\"Cultura\",\"Vilamoura\"],\"articleSection\":[\"Cultura\"],\"inLanguage\":\"pt-PT\"},{\"@type\":\"WebPage\",\"@id\":\"https:\\\/\\\/algarve7.pt\\\/index.php\\\/2022\\\/04\\\/a-pascoa-celebra-se-no-algarve-com-queen-a-luz-das-velas\\\/cultura\\\/12\\\/37\\\/\",\"url\":\"https:\\\/\\\/algarve7.pt\\\/index.php\\\/2022\\\/04\\\/a-pascoa-celebra-se-no-algarve-com-queen-a-luz-das-velas\\\/cultura\\\/12\\\/37\\\/\",\"name\":\"A P\u00e1scoa celebra-se no Algarve com\u00a0Queen\u00a0\u00e0 luz das velas - Algarve 7\",\"isPartOf\":{\"@id\":\"https:\\\/\\\/algarve7.pt\\\/#website\"},\"primaryImageOfPage\":{\"@id\":\"https:\\\/\\\/algarve7.pt\\\/index.php\\\/2022\\\/04\\\/a-pascoa-celebra-se-no-algarve-com-queen-a-luz-das-velas\\\/cultura\\\/12\\\/37\\\/#primaryimage\"},\"image\":{\"@id\":\"https:\\\/\\\/algarve7.pt\\\/index.php\\\/2022\\\/04\\\/a-pascoa-celebra-se-no-algarve-com-queen-a-luz-das-velas\\\/cultura\\\/12\\\/37\\\/#primaryimage\"},\"thumbnailUrl\":\"https:\\\/\\\/algarve7.pt\\\/wp-content\\\/uploads\\\/2022\\\/04\\\/candlelight-navidad-1-1024x597-1.jpg\",\"datePublished\":\"2022-04-04T11:37:37+00:00\",\"dateModified\":\"2022-04-04T11:37:39+00:00\",\"description\":\"A P\u00e1scoa celebra-se no Algarve com\u00a0Queen\u00a0\u00e0 luz das velas Cultura\",\"breadcrumb\":{\"@id\":\"https:\\\/\\\/algarve7.pt\\\/index.php\\\/2022\\\/04\\\/a-pascoa-celebra-se-no-algarve-com-queen-a-luz-das-velas\\\/cultura\\\/12\\\/37\\\/#breadcrumb\"},\"inLanguage\":\"pt-PT\",\"potentialAction\":[{\"@type\":\"ReadAction\",\"target\":[\"https:\\\/\\\/algarve7.pt\\\/index.php\\\/2022\\\/04\\\/a-pascoa-celebra-se-no-algarve-com-queen-a-luz-das-velas\\\/cultura\\\/12\\\/37\\\/\"]}]},{\"@type\":\"ImageObject\",\"inLanguage\":\"pt-PT\",\"@id\":\"https:\\\/\\\/algarve7.pt\\\/index.php\\\/2022\\\/04\\\/a-pascoa-celebra-se-no-algarve-com-queen-a-luz-das-velas\\\/cultura\\\/12\\\/37\\\/#primaryimage\",\"url\":\"https:\\\/\\\/algarve7.pt\\\/wp-content\\\/uploads\\\/2022\\\/04\\\/candlelight-navidad-1-1024x597-1.jpg\",\"contentUrl\":\"https:\\\/\\\/algarve7.pt\\\/wp-content\\\/uploads\\\/2022\\\/04\\\/candlelight-navidad-1-1024x597-1.jpg\",\"width\":1024,\"height\":597},{\"@type\":\"BreadcrumbList\",\"@id\":\"https:\\\/\\\/algarve7.pt\\\/index.php\\\/2022\\\/04\\\/a-pascoa-celebra-se-no-algarve-com-queen-a-luz-das-velas\\\/cultura\\\/12\\\/37\\\/#breadcrumb\",\"itemListElement\":[{\"@type\":\"ListItem\",\"position\":1,\"name\":\"In\u00edcio\",\"item\":\"https:\\\/\\\/algarve7.pt\\\/\"},{\"@type\":\"ListItem\",\"position\":2,\"name\":\"A P\u00e1scoa celebra-se no Algarve com\u00a0Queen\u00a0\u00e0 luz das velas\"}]},{\"@type\":\"WebSite\",\"@id\":\"https:\\\/\\\/algarve7.pt\\\/#website\",\"url\":\"https:\\\/\\\/algarve7.pt\\\/\",\"name\":\"Algarve 7\",\"description\":\"Informa\u00e7\u00e3o sobre o Algarve\",\"publisher\":{\"@id\":\"https:\\\/\\\/algarve7.pt\\\/#organization\"},\"potentialAction\":[{\"@type\":\"SearchAction\",\"target\":{\"@type\":\"EntryPoint\",\"urlTemplate\":\"https:\\\/\\\/algarve7.pt\\\/?s={search_term_string}\"},\"query-input\":{\"@type\":\"PropertyValueSpecification\",\"valueRequired\":true,\"valueName\":\"search_term_string\"}}],\"inLanguage\":\"pt-PT\"},{\"@type\":\"Organization\",\"@id\":\"https:\\\/\\\/algarve7.pt\\\/#organization\",\"name\":\"Algarve 7\",\"url\":\"https:\\\/\\\/algarve7.pt\\\/\",\"logo\":{\"@type\":\"ImageObject\",\"inLanguage\":\"pt-PT\",\"@id\":\"https:\\\/\\\/algarve7.pt\\\/#\\\/schema\\\/logo\\\/image\\\/\",\"url\":\"https:\\\/\\\/algarve7.pt\\\/wp-content\\\/uploads\\\/2020\\\/10\\\/Logo-8.jpg\",\"contentUrl\":\"https:\\\/\\\/algarve7.pt\\\/wp-content\\\/uploads\\\/2020\\\/10\\\/Logo-8.jpg\",\"width\":1680,\"height\":1186,\"caption\":\"Algarve 7\"},\"image\":{\"@id\":\"https:\\\/\\\/algarve7.pt\\\/#\\\/schema\\\/logo\\\/image\\\/\"},\"sameAs\":[\"https:\\\/\\\/www.facebook.com\\\/algarve7\",\"https:\\\/\\\/x.com\\\/Algarvesete\",\"https:\\\/\\\/www.instagram.com\\\/jornalalgarve7\\\/\",\"https:\\\/\\\/www.linkedin.com\\\/company\\\/algarve7\",\"https:\\\/\\\/www.pinterest.pt\\\/geral0939\\\/_created\\\/\"]},{\"@type\":\"Person\",\"@id\":\"https:\\\/\\\/algarve7.pt\\\/#\\\/schema\\\/person\\\/23fa70681308e7b319a3204bcea45e0c\",\"name\":\"Algarve 7\",\"sameAs\":[\"https:\\\/\\\/algarve7.pt\",\"https:\\\/\\\/www.facebook.com\\\/algarve7\"],\"url\":\"https:\\\/\\\/algarve7.pt\\\/index.php\\\/author\\\/geralalgarve7-pt\\\/\"}]}<\/script>\n<!-- \/ Yoast SEO plugin. -->","yoast_head_json":{"title":"A P\u00e1scoa celebra-se no Algarve com\u00a0Queen\u00a0\u00e0 luz das velas - Algarve 7","description":"A P\u00e1scoa celebra-se no Algarve com\u00a0Queen\u00a0\u00e0 luz das velas Cultura","robots":{"index":"index","follow":"follow","max-snippet":"max-snippet:-1","max-image-preview":"max-image-preview:large","max-video-preview":"max-video-preview:-1"},"canonical":"https:\/\/algarve7.pt\/index.php\/2022\/04\/a-pascoa-celebra-se-no-algarve-com-queen-a-luz-das-velas\/cultura\/12\/37\/","og_locale":"pt_PT","og_type":"article","og_title":"A P\u00e1scoa celebra-se no Algarve com\u00a0Queen\u00a0\u00e0 luz das velas - Algarve 7","og_description":"A P\u00e1scoa celebra-se no Algarve com\u00a0Queen\u00a0\u00e0 luz das velas Cultura","og_url":"https:\/\/algarve7.pt\/index.php\/2022\/04\/a-pascoa-celebra-se-no-algarve-com-queen-a-luz-das-velas\/cultura\/12\/37\/","og_site_name":"Algarve 7","article_publisher":"https:\/\/www.facebook.com\/algarve7","article_author":"https:\/\/www.facebook.com\/algarve7","article_published_time":"2022-04-04T11:37:37+00:00","article_modified_time":"2022-04-04T11:37:39+00:00","og_image":[{"width":1024,"height":597,"url":"https:\/\/algarve7.pt\/wp-content\/uploads\/2022\/04\/candlelight-navidad-1-1024x597-1.jpg","type":"image\/jpeg"}],"author":"Algarve 7","twitter_card":"summary_large_image","twitter_creator":"@Algarvesete","twitter_site":"@Algarvesete","twitter_misc":{"Escrito por":"Algarve 7","Tempo estimado de leitura":"3 minutos"},"schema":{"@context":"https:\/\/schema.org","@graph":[{"@type":"Article","@id":"https:\/\/algarve7.pt\/index.php\/2022\/04\/a-pascoa-celebra-se-no-algarve-com-queen-a-luz-das-velas\/cultura\/12\/37\/#article","isPartOf":{"@id":"https:\/\/algarve7.pt\/index.php\/2022\/04\/a-pascoa-celebra-se-no-algarve-com-queen-a-luz-das-velas\/cultura\/12\/37\/"},"author":{"name":"Algarve 7","@id":"https:\/\/algarve7.pt\/#\/schema\/person\/23fa70681308e7b319a3204bcea45e0c"},"headline":"A P\u00e1scoa celebra-se no Algarve com\u00a0Queen\u00a0\u00e0 luz das velas","datePublished":"2022-04-04T11:37:37+00:00","dateModified":"2022-04-04T11:37:39+00:00","mainEntityOfPage":{"@id":"https:\/\/algarve7.pt\/index.php\/2022\/04\/a-pascoa-celebra-se-no-algarve-com-queen-a-luz-das-velas\/cultura\/12\/37\/"},"wordCount":609,"publisher":{"@id":"https:\/\/algarve7.pt\/#organization"},"image":{"@id":"https:\/\/algarve7.pt\/index.php\/2022\/04\/a-pascoa-celebra-se-no-algarve-com-queen-a-luz-das-velas\/cultura\/12\/37\/#primaryimage"},"thumbnailUrl":"https:\/\/algarve7.pt\/wp-content\/uploads\/2022\/04\/candlelight-navidad-1-1024x597-1.jpg","keywords":["Algarve","Centro de Congressos do Algarve","Concerto","Cultura","Vilamoura"],"articleSection":["Cultura"],"inLanguage":"pt-PT"},{"@type":"WebPage","@id":"https:\/\/algarve7.pt\/index.php\/2022\/04\/a-pascoa-celebra-se-no-algarve-com-queen-a-luz-das-velas\/cultura\/12\/37\/","url":"https:\/\/algarve7.pt\/index.php\/2022\/04\/a-pascoa-celebra-se-no-algarve-com-queen-a-luz-das-velas\/cultura\/12\/37\/","name":"A P\u00e1scoa celebra-se no Algarve com\u00a0Queen\u00a0\u00e0 luz das velas - Algarve 7","isPartOf":{"@id":"https:\/\/algarve7.pt\/#website"},"primaryImageOfPage":{"@id":"https:\/\/algarve7.pt\/index.php\/2022\/04\/a-pascoa-celebra-se-no-algarve-com-queen-a-luz-das-velas\/cultura\/12\/37\/#primaryimage"},"image":{"@id":"https:\/\/algarve7.pt\/index.php\/2022\/04\/a-pascoa-celebra-se-no-algarve-com-queen-a-luz-das-velas\/cultura\/12\/37\/#primaryimage"},"thumbnailUrl":"https:\/\/algarve7.pt\/wp-content\/uploads\/2022\/04\/candlelight-navidad-1-1024x597-1.jpg","datePublished":"2022-04-04T11:37:37+00:00","dateModified":"2022-04-04T11:37:39+00:00","description":"A P\u00e1scoa celebra-se no Algarve com\u00a0Queen\u00a0\u00e0 luz das velas Cultura","breadcrumb":{"@id":"https:\/\/algarve7.pt\/index.php\/2022\/04\/a-pascoa-celebra-se-no-algarve-com-queen-a-luz-das-velas\/cultura\/12\/37\/#breadcrumb"},"inLanguage":"pt-PT","potentialAction":[{"@type":"ReadAction","target":["https:\/\/algarve7.pt\/index.php\/2022\/04\/a-pascoa-celebra-se-no-algarve-com-queen-a-luz-das-velas\/cultura\/12\/37\/"]}]},{"@type":"ImageObject","inLanguage":"pt-PT","@id":"https:\/\/algarve7.pt\/index.php\/2022\/04\/a-pascoa-celebra-se-no-algarve-com-queen-a-luz-das-velas\/cultura\/12\/37\/#primaryimage","url":"https:\/\/algarve7.pt\/wp-content\/uploads\/2022\/04\/candlelight-navidad-1-1024x597-1.jpg","contentUrl":"https:\/\/algarve7.pt\/wp-content\/uploads\/2022\/04\/candlelight-navidad-1-1024x597-1.jpg","width":1024,"height":597},{"@type":"BreadcrumbList","@id":"https:\/\/algarve7.pt\/index.php\/2022\/04\/a-pascoa-celebra-se-no-algarve-com-queen-a-luz-das-velas\/cultura\/12\/37\/#breadcrumb","itemListElement":[{"@type":"ListItem","position":1,"name":"In\u00edcio","item":"https:\/\/algarve7.pt\/"},{"@type":"ListItem","position":2,"name":"A P\u00e1scoa celebra-se no Algarve com\u00a0Queen\u00a0\u00e0 luz das velas"}]},{"@type":"WebSite","@id":"https:\/\/algarve7.pt\/#website","url":"https:\/\/algarve7.pt\/","name":"Algarve 7","description":"Informa\u00e7\u00e3o sobre o Algarve","publisher":{"@id":"https:\/\/algarve7.pt\/#organization"},"potentialAction":[{"@type":"SearchAction","target":{"@type":"EntryPoint","urlTemplate":"https:\/\/algarve7.pt\/?s={search_term_string}"},"query-input":{"@type":"PropertyValueSpecification","valueRequired":true,"valueName":"search_term_string"}}],"inLanguage":"pt-PT"},{"@type":"Organization","@id":"https:\/\/algarve7.pt\/#organization","name":"Algarve 7","url":"https:\/\/algarve7.pt\/","logo":{"@type":"ImageObject","inLanguage":"pt-PT","@id":"https:\/\/algarve7.pt\/#\/schema\/logo\/image\/","url":"https:\/\/algarve7.pt\/wp-content\/uploads\/2020\/10\/Logo-8.jpg","contentUrl":"https:\/\/algarve7.pt\/wp-content\/uploads\/2020\/10\/Logo-8.jpg","width":1680,"height":1186,"caption":"Algarve 7"},"image":{"@id":"https:\/\/algarve7.pt\/#\/schema\/logo\/image\/"},"sameAs":["https:\/\/www.facebook.com\/algarve7","https:\/\/x.com\/Algarvesete","https:\/\/www.instagram.com\/jornalalgarve7\/","https:\/\/www.linkedin.com\/company\/algarve7","https:\/\/www.pinterest.pt\/geral0939\/_created\/"]},{"@type":"Person","@id":"https:\/\/algarve7.pt\/#\/schema\/person\/23fa70681308e7b319a3204bcea45e0c","name":"Algarve 7","sameAs":["https:\/\/algarve7.pt","https:\/\/www.facebook.com\/algarve7"],"url":"https:\/\/algarve7.pt\/index.php\/author\/geralalgarve7-pt\/"}]}},"jetpack_publicize_connections":[],"jetpack_featured_media_url":"https:\/\/algarve7.pt\/wp-content\/uploads\/2022\/04\/candlelight-navidad-1-1024x597-1.jpg","jetpack_shortlink":"https:\/\/wp.me\/pcezmW-4us","jetpack_sharing_enabled":true,"_links":{"self":[{"href":"https:\/\/algarve7.pt\/index.php\/wp-json\/wp\/v2\/posts\/17264","targetHints":{"allow":["GET"]}}],"collection":[{"href":"https:\/\/algarve7.pt\/index.php\/wp-json\/wp\/v2\/posts"}],"about":[{"href":"https:\/\/algarve7.pt\/index.php\/wp-json\/wp\/v2\/types\/post"}],"author":[{"embeddable":true,"href":"https:\/\/algarve7.pt\/index.php\/wp-json\/wp\/v2\/users\/1"}],"replies":[{"embeddable":true,"href":"https:\/\/algarve7.pt\/index.php\/wp-json\/wp\/v2\/comments?post=17264"}],"version-history":[{"count":0,"href":"https:\/\/algarve7.pt\/index.php\/wp-json\/wp\/v2\/posts\/17264\/revisions"}],"wp:featuredmedia":[{"embeddable":true,"href":"https:\/\/algarve7.pt\/index.php\/wp-json\/wp\/v2\/media\/17265"}],"wp:attachment":[{"href":"https:\/\/algarve7.pt\/index.php\/wp-json\/wp\/v2\/media?parent=17264"}],"wp:term":[{"taxonomy":"category","embeddable":true,"href":"https:\/\/algarve7.pt\/index.php\/wp-json\/wp\/v2\/categories?post=17264"},{"taxonomy":"post_tag","embeddable":true,"href":"https:\/\/algarve7.pt\/index.php\/wp-json\/wp\/v2\/tags?post=17264"}],"curies":[{"name":"wp","href":"https:\/\/api.w.org\/{rel}","templated":true}]}}