{"id":17261,"date":"2022-04-04T09:40:09","date_gmt":"2022-04-04T08:40:09","guid":{"rendered":"https:\/\/algarve7.pt\/?p=17261"},"modified":"2022-04-04T09:40:10","modified_gmt":"2022-04-04T08:40:10","slug":"abril-mes-da-prevencao-dos-maus-tratos-na-infancia-com-varias-iniciativas-em-vila-do-bispo","status":"publish","type":"post","link":"https:\/\/algarve7.pt\/index.php\/2022\/04\/abril-mes-da-prevencao-dos-maus-tratos-na-infancia-com-varias-iniciativas-em-vila-do-bispo\/atualidade\/09\/40\/","title":{"rendered":"Abril:\u00a0M\u00eas da preven\u00e7\u00e3o dos maus-tratos na inf\u00e2ncia\u00a0com v\u00e1rias iniciativas em Vila do Bispo"},"content":{"rendered":"\n<p>A Comiss\u00e3o de Prote\u00e7\u00e3o de Crian\u00e7as e Jovens de Vila do Bispo (CPCJ), com o apoio da C\u00e2mara Municipal, associa-se mais uma vez ao desafio lan\u00e7ado pela Comiss\u00e3o Nacional de Promo\u00e7\u00e3o dos Direitos e Prote\u00e7\u00e3o de Crian\u00e7as e Jovens (CNPDPCJ), dinamizando v\u00e1rias iniciativas que ir\u00e3o decorrer ao longo do m\u00eas de abril \u2013 M\u00eas da Preven\u00e7\u00e3o dos Maus-tratos na Inf\u00e2ncia &#8211;<strong>&nbsp;<\/strong>que visam a promo\u00e7\u00e3o e sensibiliza\u00e7\u00e3o da popula\u00e7\u00e3o e institui\u00e7\u00f5es do concelho de Vila do Bispo para esta problem\u00e1tica e para a garantia dos direitos universais da crian\u00e7a.&nbsp;<strong><\/strong><\/p>\n\n\n\n<p>A ilumina\u00e7\u00e3o da sede da CPCJ de Vila do Bispo e do \u00e1trio do Centro Cultural de azul e a coloca\u00e7\u00e3o de um La\u00e7o Azul neste espa\u00e7o, a oferta do livro pop-up \u201cN\u00f3s, as crian\u00e7as\u2026 Temos Direitos\u201d \u00e0s escolas do 1\u00ba Ciclo do concelho e ainda a realiza\u00e7\u00e3o da exposi\u00e7\u00e3o&nbsp;&#8220;As Nossas Fam\u00edlia\u201d s\u00e3o as a\u00e7\u00f5es a levar a cabo para alertar\/ despertar a responsabilidade coletiva e comunit\u00e1ria para a preven\u00e7\u00e3o dos maus-tratos na inf\u00e2ncia.<\/p>\n\n\n\n<p>A CPCJ de Vila do Bispo convida, para al\u00e9m das entidades e institui\u00e7\u00f5es do concelho, os estabelecimentos comerciais e a popula\u00e7\u00e3o em geral a aderir a esta campanha de Preven\u00e7\u00e3o dos Maus-Tratos na Inf\u00e2ncia, atrav\u00e9s da cria\u00e7\u00e3o e coloca\u00e7\u00e3o num local vis\u00edvel de um La\u00e7o Azul, da coloca\u00e7\u00e3o num local vis\u00edvel da Hist\u00f3ria do La\u00e7o Azul, ou ainda, atrav\u00e9s da Ilumina\u00e7\u00e3o de cor azul de uma janela, montra, ou outra solu\u00e7\u00e3o vis\u00edvel no exterior.&nbsp;<\/p>\n\n\n\n<p>Todos os participantes dever\u00e3o enviar uma fotografia alusiva ao ato da referida campanha de preven\u00e7\u00e3o por email para a CPCJ de Vila do Bispo:\u00a0<a href=\"mailto:cpcj.vilabispo@cnpdpcj.pt\" target=\"_blank\" rel=\"noreferrer noopener\">cpcj.vilabispo@cnpdpcj.pt<\/a><\/p>\n","protected":false},"excerpt":{"rendered":"<p>A Comiss\u00e3o de Prote\u00e7\u00e3o de Crian\u00e7as e Jovens de Vila do Bispo (CPCJ), com o apoio da C\u00e2mara Municipal, associa-se<\/p>\n","protected":false},"author":1,"featured_media":17262,"comment_status":"closed","ping_status":"open","sticky":false,"template":"","format":"standard","meta":{"colormag_page_container_layout":"default_layout","colormag_page_sidebar_layout":"default_layout","_monsterinsights_skip_tracking":false,"_monsterinsights_sitenote_active":false,"_monsterinsights_sitenote_note":"","_monsterinsights_sitenote_category":0,"jetpack_post_was_ever_published":false,"_jetpack_newsletter_access":"","_jetpack_dont_email_post_to_subs":false,"_jetpack_newsletter_tier_id":0,"_jetpack_memberships_contains_paywalled_content":false,"_jetpack_memberships_contains_paid_content":false,"footnotes":"","jetpack_publicize_message":"","jetpack_publicize_feature_enabled":true,"jetpack_social_post_already_shared":false,"jetpack_social_options":{"image_generator_settings":{"template":"highway","default_image_id":0,"font":"","enabled":false},"version":2}},"categories":[11],"tags":[36,62,84],"class_list":["post-17261","post","type-post","status-publish","format-standard","has-post-thumbnail","hentry","category-atualidade","tag-algarve","tag-atualidade","tag-vila-do-bispo"],"yoast_head":"<!-- This site is optimized with the Yoast SEO plugin v27.5 - https:\/\/yoast.com\/product\/yoast-seo-wordpress\/ -->\n<title>Abril:\u00a0M\u00eas da preven\u00e7\u00e3o dos maus-tratos na inf\u00e2ncia\u00a0com v\u00e1rias iniciativas em Vila do Bispo - Algarve 7<\/title>\n<meta name=\"description\" content=\"Abril:\u00a0M\u00eas da preven\u00e7\u00e3o dos maus-tratos na inf\u00e2ncia\u00a0com v\u00e1rias iniciativas em Vila do Bispo Atualidade\" \/>\n<meta name=\"robots\" content=\"index, follow, max-snippet:-1, max-image-preview:large, max-video-preview:-1\" \/>\n<link rel=\"canonical\" href=\"https:\/\/algarve7.pt\/index.php\/2022\/04\/abril-mes-da-prevencao-dos-maus-tratos-na-infancia-com-varias-iniciativas-em-vila-do-bispo\/atualidade\/09\/40\/\" \/>\n<meta property=\"og:locale\" content=\"pt_PT\" \/>\n<meta property=\"og:type\" content=\"article\" \/>\n<meta property=\"og:title\" content=\"Abril:\u00a0M\u00eas da preven\u00e7\u00e3o dos maus-tratos na inf\u00e2ncia\u00a0com v\u00e1rias iniciativas em Vila do Bispo - Algarve 7\" \/>\n<meta property=\"og:description\" content=\"Abril:\u00a0M\u00eas da preven\u00e7\u00e3o dos maus-tratos na inf\u00e2ncia\u00a0com v\u00e1rias iniciativas em Vila do Bispo Atualidade\" \/>\n<meta property=\"og:url\" content=\"https:\/\/algarve7.pt\/index.php\/2022\/04\/abril-mes-da-prevencao-dos-maus-tratos-na-infancia-com-varias-iniciativas-em-vila-do-bispo\/atualidade\/09\/40\/\" \/>\n<meta property=\"og:site_name\" content=\"Algarve 7\" \/>\n<meta property=\"article:publisher\" content=\"https:\/\/www.facebook.com\/algarve7\" \/>\n<meta property=\"article:author\" content=\"https:\/\/www.facebook.com\/algarve7\" \/>\n<meta property=\"article:published_time\" content=\"2022-04-04T08:40:09+00:00\" \/>\n<meta property=\"article:modified_time\" content=\"2022-04-04T08:40:10+00:00\" \/>\n<meta property=\"og:image\" content=\"https:\/\/algarve7.pt\/wp-content\/uploads\/2022\/04\/1-1024x565.png\" \/>\n\t<meta property=\"og:image:width\" content=\"1024\" \/>\n\t<meta property=\"og:image:height\" content=\"565\" \/>\n\t<meta property=\"og:image:type\" content=\"image\/png\" \/>\n<meta name=\"author\" content=\"Algarve 7\" \/>\n<meta name=\"twitter:card\" content=\"summary_large_image\" \/>\n<meta name=\"twitter:creator\" content=\"@Algarvesete\" \/>\n<meta name=\"twitter:site\" content=\"@Algarvesete\" \/>\n<meta name=\"twitter:label1\" content=\"Escrito por\" \/>\n\t<meta name=\"twitter:data1\" content=\"Algarve 7\" \/>\n\t<meta name=\"twitter:label2\" content=\"Tempo estimado de leitura\" \/>\n\t<meta name=\"twitter:data2\" content=\"2 minutos\" \/>\n<script type=\"application\/ld+json\" class=\"yoast-schema-graph\">{\"@context\":\"https:\\\/\\\/schema.org\",\"@graph\":[{\"@type\":\"Article\",\"@id\":\"https:\\\/\\\/algarve7.pt\\\/index.php\\\/2022\\\/04\\\/abril-mes-da-prevencao-dos-maus-tratos-na-infancia-com-varias-iniciativas-em-vila-do-bispo\\\/atualidade\\\/09\\\/40\\\/#article\",\"isPartOf\":{\"@id\":\"https:\\\/\\\/algarve7.pt\\\/index.php\\\/2022\\\/04\\\/abril-mes-da-prevencao-dos-maus-tratos-na-infancia-com-varias-iniciativas-em-vila-do-bispo\\\/atualidade\\\/09\\\/40\\\/\"},\"author\":{\"name\":\"Algarve 7\",\"@id\":\"https:\\\/\\\/algarve7.pt\\\/#\\\/schema\\\/person\\\/23fa70681308e7b319a3204bcea45e0c\"},\"headline\":\"Abril:\u00a0M\u00eas da preven\u00e7\u00e3o dos maus-tratos na inf\u00e2ncia\u00a0com v\u00e1rias iniciativas em Vila do Bispo\",\"datePublished\":\"2022-04-04T08:40:09+00:00\",\"dateModified\":\"2022-04-04T08:40:10+00:00\",\"mainEntityOfPage\":{\"@id\":\"https:\\\/\\\/algarve7.pt\\\/index.php\\\/2022\\\/04\\\/abril-mes-da-prevencao-dos-maus-tratos-na-infancia-com-varias-iniciativas-em-vila-do-bispo\\\/atualidade\\\/09\\\/40\\\/\"},\"wordCount\":342,\"publisher\":{\"@id\":\"https:\\\/\\\/algarve7.pt\\\/#organization\"},\"image\":{\"@id\":\"https:\\\/\\\/algarve7.pt\\\/index.php\\\/2022\\\/04\\\/abril-mes-da-prevencao-dos-maus-tratos-na-infancia-com-varias-iniciativas-em-vila-do-bispo\\\/atualidade\\\/09\\\/40\\\/#primaryimage\"},\"thumbnailUrl\":\"https:\\\/\\\/algarve7.pt\\\/wp-content\\\/uploads\\\/2022\\\/04\\\/1.png\",\"keywords\":[\"Algarve\",\"Atualidade\",\"Vila do Bispo\"],\"articleSection\":[\"Atualidade\"],\"inLanguage\":\"pt-PT\"},{\"@type\":\"WebPage\",\"@id\":\"https:\\\/\\\/algarve7.pt\\\/index.php\\\/2022\\\/04\\\/abril-mes-da-prevencao-dos-maus-tratos-na-infancia-com-varias-iniciativas-em-vila-do-bispo\\\/atualidade\\\/09\\\/40\\\/\",\"url\":\"https:\\\/\\\/algarve7.pt\\\/index.php\\\/2022\\\/04\\\/abril-mes-da-prevencao-dos-maus-tratos-na-infancia-com-varias-iniciativas-em-vila-do-bispo\\\/atualidade\\\/09\\\/40\\\/\",\"name\":\"Abril:\u00a0M\u00eas da preven\u00e7\u00e3o dos maus-tratos na inf\u00e2ncia\u00a0com v\u00e1rias iniciativas em Vila do Bispo - Algarve 7\",\"isPartOf\":{\"@id\":\"https:\\\/\\\/algarve7.pt\\\/#website\"},\"primaryImageOfPage\":{\"@id\":\"https:\\\/\\\/algarve7.pt\\\/index.php\\\/2022\\\/04\\\/abril-mes-da-prevencao-dos-maus-tratos-na-infancia-com-varias-iniciativas-em-vila-do-bispo\\\/atualidade\\\/09\\\/40\\\/#primaryimage\"},\"image\":{\"@id\":\"https:\\\/\\\/algarve7.pt\\\/index.php\\\/2022\\\/04\\\/abril-mes-da-prevencao-dos-maus-tratos-na-infancia-com-varias-iniciativas-em-vila-do-bispo\\\/atualidade\\\/09\\\/40\\\/#primaryimage\"},\"thumbnailUrl\":\"https:\\\/\\\/algarve7.pt\\\/wp-content\\\/uploads\\\/2022\\\/04\\\/1.png\",\"datePublished\":\"2022-04-04T08:40:09+00:00\",\"dateModified\":\"2022-04-04T08:40:10+00:00\",\"description\":\"Abril:\u00a0M\u00eas da preven\u00e7\u00e3o dos maus-tratos na inf\u00e2ncia\u00a0com v\u00e1rias iniciativas em Vila do Bispo Atualidade\",\"breadcrumb\":{\"@id\":\"https:\\\/\\\/algarve7.pt\\\/index.php\\\/2022\\\/04\\\/abril-mes-da-prevencao-dos-maus-tratos-na-infancia-com-varias-iniciativas-em-vila-do-bispo\\\/atualidade\\\/09\\\/40\\\/#breadcrumb\"},\"inLanguage\":\"pt-PT\",\"potentialAction\":[{\"@type\":\"ReadAction\",\"target\":[\"https:\\\/\\\/algarve7.pt\\\/index.php\\\/2022\\\/04\\\/abril-mes-da-prevencao-dos-maus-tratos-na-infancia-com-varias-iniciativas-em-vila-do-bispo\\\/atualidade\\\/09\\\/40\\\/\"]}]},{\"@type\":\"ImageObject\",\"inLanguage\":\"pt-PT\",\"@id\":\"https:\\\/\\\/algarve7.pt\\\/index.php\\\/2022\\\/04\\\/abril-mes-da-prevencao-dos-maus-tratos-na-infancia-com-varias-iniciativas-em-vila-do-bispo\\\/atualidade\\\/09\\\/40\\\/#primaryimage\",\"url\":\"https:\\\/\\\/algarve7.pt\\\/wp-content\\\/uploads\\\/2022\\\/04\\\/1.png\",\"contentUrl\":\"https:\\\/\\\/algarve7.pt\\\/wp-content\\\/uploads\\\/2022\\\/04\\\/1.png\",\"width\":3181,\"height\":1756},{\"@type\":\"BreadcrumbList\",\"@id\":\"https:\\\/\\\/algarve7.pt\\\/index.php\\\/2022\\\/04\\\/abril-mes-da-prevencao-dos-maus-tratos-na-infancia-com-varias-iniciativas-em-vila-do-bispo\\\/atualidade\\\/09\\\/40\\\/#breadcrumb\",\"itemListElement\":[{\"@type\":\"ListItem\",\"position\":1,\"name\":\"In\u00edcio\",\"item\":\"https:\\\/\\\/algarve7.pt\\\/\"},{\"@type\":\"ListItem\",\"position\":2,\"name\":\"Abril:\u00a0M\u00eas da preven\u00e7\u00e3o dos maus-tratos na inf\u00e2ncia\u00a0com v\u00e1rias iniciativas em Vila do Bispo\"}]},{\"@type\":\"WebSite\",\"@id\":\"https:\\\/\\\/algarve7.pt\\\/#website\",\"url\":\"https:\\\/\\\/algarve7.pt\\\/\",\"name\":\"Algarve 7\",\"description\":\"Informa\u00e7\u00e3o sobre o Algarve\",\"publisher\":{\"@id\":\"https:\\\/\\\/algarve7.pt\\\/#organization\"},\"potentialAction\":[{\"@type\":\"SearchAction\",\"target\":{\"@type\":\"EntryPoint\",\"urlTemplate\":\"https:\\\/\\\/algarve7.pt\\\/?s={search_term_string}\"},\"query-input\":{\"@type\":\"PropertyValueSpecification\",\"valueRequired\":true,\"valueName\":\"search_term_string\"}}],\"inLanguage\":\"pt-PT\"},{\"@type\":\"Organization\",\"@id\":\"https:\\\/\\\/algarve7.pt\\\/#organization\",\"name\":\"Algarve 7\",\"url\":\"https:\\\/\\\/algarve7.pt\\\/\",\"logo\":{\"@type\":\"ImageObject\",\"inLanguage\":\"pt-PT\",\"@id\":\"https:\\\/\\\/algarve7.pt\\\/#\\\/schema\\\/logo\\\/image\\\/\",\"url\":\"https:\\\/\\\/algarve7.pt\\\/wp-content\\\/uploads\\\/2020\\\/10\\\/Logo-8.jpg\",\"contentUrl\":\"https:\\\/\\\/algarve7.pt\\\/wp-content\\\/uploads\\\/2020\\\/10\\\/Logo-8.jpg\",\"width\":1680,\"height\":1186,\"caption\":\"Algarve 7\"},\"image\":{\"@id\":\"https:\\\/\\\/algarve7.pt\\\/#\\\/schema\\\/logo\\\/image\\\/\"},\"sameAs\":[\"https:\\\/\\\/www.facebook.com\\\/algarve7\",\"https:\\\/\\\/x.com\\\/Algarvesete\",\"https:\\\/\\\/www.instagram.com\\\/jornalalgarve7\\\/\",\"https:\\\/\\\/www.linkedin.com\\\/company\\\/algarve7\",\"https:\\\/\\\/www.pinterest.pt\\\/geral0939\\\/_created\\\/\"]},{\"@type\":\"Person\",\"@id\":\"https:\\\/\\\/algarve7.pt\\\/#\\\/schema\\\/person\\\/23fa70681308e7b319a3204bcea45e0c\",\"name\":\"Algarve 7\",\"sameAs\":[\"https:\\\/\\\/algarve7.pt\",\"https:\\\/\\\/www.facebook.com\\\/algarve7\"],\"url\":\"https:\\\/\\\/algarve7.pt\\\/index.php\\\/author\\\/geralalgarve7-pt\\\/\"}]}<\/script>\n<!-- \/ Yoast SEO plugin. -->","yoast_head_json":{"title":"Abril:\u00a0M\u00eas da preven\u00e7\u00e3o dos maus-tratos na inf\u00e2ncia\u00a0com v\u00e1rias iniciativas em Vila do Bispo - Algarve 7","description":"Abril:\u00a0M\u00eas da preven\u00e7\u00e3o dos maus-tratos na inf\u00e2ncia\u00a0com v\u00e1rias iniciativas em Vila do Bispo Atualidade","robots":{"index":"index","follow":"follow","max-snippet":"max-snippet:-1","max-image-preview":"max-image-preview:large","max-video-preview":"max-video-preview:-1"},"canonical":"https:\/\/algarve7.pt\/index.php\/2022\/04\/abril-mes-da-prevencao-dos-maus-tratos-na-infancia-com-varias-iniciativas-em-vila-do-bispo\/atualidade\/09\/40\/","og_locale":"pt_PT","og_type":"article","og_title":"Abril:\u00a0M\u00eas da preven\u00e7\u00e3o dos maus-tratos na inf\u00e2ncia\u00a0com v\u00e1rias iniciativas em Vila do Bispo - Algarve 7","og_description":"Abril:\u00a0M\u00eas da preven\u00e7\u00e3o dos maus-tratos na inf\u00e2ncia\u00a0com v\u00e1rias iniciativas em Vila do Bispo Atualidade","og_url":"https:\/\/algarve7.pt\/index.php\/2022\/04\/abril-mes-da-prevencao-dos-maus-tratos-na-infancia-com-varias-iniciativas-em-vila-do-bispo\/atualidade\/09\/40\/","og_site_name":"Algarve 7","article_publisher":"https:\/\/www.facebook.com\/algarve7","article_author":"https:\/\/www.facebook.com\/algarve7","article_published_time":"2022-04-04T08:40:09+00:00","article_modified_time":"2022-04-04T08:40:10+00:00","og_image":[{"width":1024,"height":565,"url":"https:\/\/algarve7.pt\/wp-content\/uploads\/2022\/04\/1-1024x565.png","type":"image\/png"}],"author":"Algarve 7","twitter_card":"summary_large_image","twitter_creator":"@Algarvesete","twitter_site":"@Algarvesete","twitter_misc":{"Escrito por":"Algarve 7","Tempo estimado de leitura":"2 minutos"},"schema":{"@context":"https:\/\/schema.org","@graph":[{"@type":"Article","@id":"https:\/\/algarve7.pt\/index.php\/2022\/04\/abril-mes-da-prevencao-dos-maus-tratos-na-infancia-com-varias-iniciativas-em-vila-do-bispo\/atualidade\/09\/40\/#article","isPartOf":{"@id":"https:\/\/algarve7.pt\/index.php\/2022\/04\/abril-mes-da-prevencao-dos-maus-tratos-na-infancia-com-varias-iniciativas-em-vila-do-bispo\/atualidade\/09\/40\/"},"author":{"name":"Algarve 7","@id":"https:\/\/algarve7.pt\/#\/schema\/person\/23fa70681308e7b319a3204bcea45e0c"},"headline":"Abril:\u00a0M\u00eas da preven\u00e7\u00e3o dos maus-tratos na inf\u00e2ncia\u00a0com v\u00e1rias iniciativas em Vila do Bispo","datePublished":"2022-04-04T08:40:09+00:00","dateModified":"2022-04-04T08:40:10+00:00","mainEntityOfPage":{"@id":"https:\/\/algarve7.pt\/index.php\/2022\/04\/abril-mes-da-prevencao-dos-maus-tratos-na-infancia-com-varias-iniciativas-em-vila-do-bispo\/atualidade\/09\/40\/"},"wordCount":342,"publisher":{"@id":"https:\/\/algarve7.pt\/#organization"},"image":{"@id":"https:\/\/algarve7.pt\/index.php\/2022\/04\/abril-mes-da-prevencao-dos-maus-tratos-na-infancia-com-varias-iniciativas-em-vila-do-bispo\/atualidade\/09\/40\/#primaryimage"},"thumbnailUrl":"https:\/\/algarve7.pt\/wp-content\/uploads\/2022\/04\/1.png","keywords":["Algarve","Atualidade","Vila do Bispo"],"articleSection":["Atualidade"],"inLanguage":"pt-PT"},{"@type":"WebPage","@id":"https:\/\/algarve7.pt\/index.php\/2022\/04\/abril-mes-da-prevencao-dos-maus-tratos-na-infancia-com-varias-iniciativas-em-vila-do-bispo\/atualidade\/09\/40\/","url":"https:\/\/algarve7.pt\/index.php\/2022\/04\/abril-mes-da-prevencao-dos-maus-tratos-na-infancia-com-varias-iniciativas-em-vila-do-bispo\/atualidade\/09\/40\/","name":"Abril:\u00a0M\u00eas da preven\u00e7\u00e3o dos maus-tratos na inf\u00e2ncia\u00a0com v\u00e1rias iniciativas em Vila do Bispo - Algarve 7","isPartOf":{"@id":"https:\/\/algarve7.pt\/#website"},"primaryImageOfPage":{"@id":"https:\/\/algarve7.pt\/index.php\/2022\/04\/abril-mes-da-prevencao-dos-maus-tratos-na-infancia-com-varias-iniciativas-em-vila-do-bispo\/atualidade\/09\/40\/#primaryimage"},"image":{"@id":"https:\/\/algarve7.pt\/index.php\/2022\/04\/abril-mes-da-prevencao-dos-maus-tratos-na-infancia-com-varias-iniciativas-em-vila-do-bispo\/atualidade\/09\/40\/#primaryimage"},"thumbnailUrl":"https:\/\/algarve7.pt\/wp-content\/uploads\/2022\/04\/1.png","datePublished":"2022-04-04T08:40:09+00:00","dateModified":"2022-04-04T08:40:10+00:00","description":"Abril:\u00a0M\u00eas da preven\u00e7\u00e3o dos maus-tratos na inf\u00e2ncia\u00a0com v\u00e1rias iniciativas em Vila do Bispo Atualidade","breadcrumb":{"@id":"https:\/\/algarve7.pt\/index.php\/2022\/04\/abril-mes-da-prevencao-dos-maus-tratos-na-infancia-com-varias-iniciativas-em-vila-do-bispo\/atualidade\/09\/40\/#breadcrumb"},"inLanguage":"pt-PT","potentialAction":[{"@type":"ReadAction","target":["https:\/\/algarve7.pt\/index.php\/2022\/04\/abril-mes-da-prevencao-dos-maus-tratos-na-infancia-com-varias-iniciativas-em-vila-do-bispo\/atualidade\/09\/40\/"]}]},{"@type":"ImageObject","inLanguage":"pt-PT","@id":"https:\/\/algarve7.pt\/index.php\/2022\/04\/abril-mes-da-prevencao-dos-maus-tratos-na-infancia-com-varias-iniciativas-em-vila-do-bispo\/atualidade\/09\/40\/#primaryimage","url":"https:\/\/algarve7.pt\/wp-content\/uploads\/2022\/04\/1.png","contentUrl":"https:\/\/algarve7.pt\/wp-content\/uploads\/2022\/04\/1.png","width":3181,"height":1756},{"@type":"BreadcrumbList","@id":"https:\/\/algarve7.pt\/index.php\/2022\/04\/abril-mes-da-prevencao-dos-maus-tratos-na-infancia-com-varias-iniciativas-em-vila-do-bispo\/atualidade\/09\/40\/#breadcrumb","itemListElement":[{"@type":"ListItem","position":1,"name":"In\u00edcio","item":"https:\/\/algarve7.pt\/"},{"@type":"ListItem","position":2,"name":"Abril:\u00a0M\u00eas da preven\u00e7\u00e3o dos maus-tratos na inf\u00e2ncia\u00a0com v\u00e1rias iniciativas em Vila do Bispo"}]},{"@type":"WebSite","@id":"https:\/\/algarve7.pt\/#website","url":"https:\/\/algarve7.pt\/","name":"Algarve 7","description":"Informa\u00e7\u00e3o sobre o Algarve","publisher":{"@id":"https:\/\/algarve7.pt\/#organization"},"potentialAction":[{"@type":"SearchAction","target":{"@type":"EntryPoint","urlTemplate":"https:\/\/algarve7.pt\/?s={search_term_string}"},"query-input":{"@type":"PropertyValueSpecification","valueRequired":true,"valueName":"search_term_string"}}],"inLanguage":"pt-PT"},{"@type":"Organization","@id":"https:\/\/algarve7.pt\/#organization","name":"Algarve 7","url":"https:\/\/algarve7.pt\/","logo":{"@type":"ImageObject","inLanguage":"pt-PT","@id":"https:\/\/algarve7.pt\/#\/schema\/logo\/image\/","url":"https:\/\/algarve7.pt\/wp-content\/uploads\/2020\/10\/Logo-8.jpg","contentUrl":"https:\/\/algarve7.pt\/wp-content\/uploads\/2020\/10\/Logo-8.jpg","width":1680,"height":1186,"caption":"Algarve 7"},"image":{"@id":"https:\/\/algarve7.pt\/#\/schema\/logo\/image\/"},"sameAs":["https:\/\/www.facebook.com\/algarve7","https:\/\/x.com\/Algarvesete","https:\/\/www.instagram.com\/jornalalgarve7\/","https:\/\/www.linkedin.com\/company\/algarve7","https:\/\/www.pinterest.pt\/geral0939\/_created\/"]},{"@type":"Person","@id":"https:\/\/algarve7.pt\/#\/schema\/person\/23fa70681308e7b319a3204bcea45e0c","name":"Algarve 7","sameAs":["https:\/\/algarve7.pt","https:\/\/www.facebook.com\/algarve7"],"url":"https:\/\/algarve7.pt\/index.php\/author\/geralalgarve7-pt\/"}]}},"jetpack_publicize_connections":[],"jetpack_featured_media_url":"https:\/\/algarve7.pt\/wp-content\/uploads\/2022\/04\/1.png","jetpack_shortlink":"https:\/\/wp.me\/pcezmW-4up","jetpack_sharing_enabled":true,"_links":{"self":[{"href":"https:\/\/algarve7.pt\/index.php\/wp-json\/wp\/v2\/posts\/17261","targetHints":{"allow":["GET"]}}],"collection":[{"href":"https:\/\/algarve7.pt\/index.php\/wp-json\/wp\/v2\/posts"}],"about":[{"href":"https:\/\/algarve7.pt\/index.php\/wp-json\/wp\/v2\/types\/post"}],"author":[{"embeddable":true,"href":"https:\/\/algarve7.pt\/index.php\/wp-json\/wp\/v2\/users\/1"}],"replies":[{"embeddable":true,"href":"https:\/\/algarve7.pt\/index.php\/wp-json\/wp\/v2\/comments?post=17261"}],"version-history":[{"count":0,"href":"https:\/\/algarve7.pt\/index.php\/wp-json\/wp\/v2\/posts\/17261\/revisions"}],"wp:featuredmedia":[{"embeddable":true,"href":"https:\/\/algarve7.pt\/index.php\/wp-json\/wp\/v2\/media\/17262"}],"wp:attachment":[{"href":"https:\/\/algarve7.pt\/index.php\/wp-json\/wp\/v2\/media?parent=17261"}],"wp:term":[{"taxonomy":"category","embeddable":true,"href":"https:\/\/algarve7.pt\/index.php\/wp-json\/wp\/v2\/categories?post=17261"},{"taxonomy":"post_tag","embeddable":true,"href":"https:\/\/algarve7.pt\/index.php\/wp-json\/wp\/v2\/tags?post=17261"}],"curies":[{"name":"wp","href":"https:\/\/api.w.org\/{rel}","templated":true}]}}