{"id":1718,"date":"2020-09-22T18:05:55","date_gmt":"2020-09-22T17:05:55","guid":{"rendered":"https:\/\/algarve7.pt\/?p=1718"},"modified":"2020-09-22T18:05:55","modified_gmt":"2020-09-22T17:05:55","slug":"covid-19-louletano-ja-retomou-treinos-mas-ainda-ha-oito-futebolistas-infetados","status":"publish","type":"post","link":"https:\/\/algarve7.pt\/index.php\/2020\/09\/covid-19-louletano-ja-retomou-treinos-mas-ainda-ha-oito-futebolistas-infetados\/desporto\/18\/05\/","title":{"rendered":"Covid-19: Louletano j\u00e1 retomou treinos mas ainda h\u00e1 oito futebolistas infetados"},"content":{"rendered":"\n<p>&nbsp;A equipa de futebol do Louletano continua com oito jogadores infetados com covid-19, que devem ser submetidos hoje a novos testes de diagn\u00f3stico para saber se retomam os treinos com a restante equipa, disse o presidente.<\/p>\n\n\n\n<p>\u201cJ\u00e1 temos alguns jogadores a treinar, s\u00f3 est\u00e3o oito em casa, que devem fazer novos testes hoje\u201d, disse \u00e0 ag\u00eancia Lusa o presidente do Louletano Desportos Clube, Ant\u00f3nio do Adro, precisando que os outros jogadores retomaram os treinos no in\u00edcio da semana.<\/p>\n\n\n\n<p>A mesma fonte adiantou que, \u201ccomo s\u00f3 se come\u00e7ou a treinar agora\u201d, o clube \u201cpediu adiamento de tr\u00eas jogos\u201d do Campeonato de Portugal \u201ce um da Ta\u00e7a de Portugal\u201d para \u201cpoder treinar tr\u00eas semanas, no m\u00ednimo, antes de come\u00e7ar a competir\u201d em jogos oficiais.<\/p>\n\n\n\n<p>\u201cJ\u00e1 h\u00e1 acordo entre os clubes, s\u00f3 falta decidir a data\u201d em que v\u00e3o ser disputados os jogos depois desse adiamento, acrescentou Ant\u00f3nio do Adro, numa refer\u00eancia aos jogos da segunda e terceira jornadas do campeonato com o Lagos e Olhanense, respetivamente, e da Ta\u00e7a de Portugal com o Ferreiras, que deveriam disputar-se entre 04 e 18 de outubro.<\/p>\n\n\n\n<p>O dirigente sublinhou que o encontro da primeira jornada com o Moncarapachense j\u00e1 foi recalendarizado para 15 de novembro e, com esta solu\u00e7\u00e3o, a equipa algarvia s\u00f3 dever\u00e1 iniciar a competi\u00e7\u00e3o na terceira ou quarta semana de outubro.<\/p>\n\n\n\n<p>\u201cO ideal seria termos quatro semanas de treino, mas esperamos pelo menos ter tr\u00eas, porque n\u00e3o podemos ir jogar sem treinar\u201d, argumentou, sublinhando que, como &#8220;h\u00e1 acordo entre os clubes&#8221; para o adiamento desses encontros, falta agora &#8220;acertar as datas em que esses jogos ser\u00e3o disputados&#8221;.<\/p>\n\n\n\n<p>No final de agosto, 33 atletas e elementos da equipa de futebol s\u00e9nior do Louletano Desportos Clube testaram positivo nos testes de diagn\u00f3stico da covid-19, n\u00famero que depois subiu para 47 pessoas, entre elementos do clube e familiares.<\/p>\n\n\n\n<p>A delegada de sa\u00fade regional do Algarve adiantou, quando foi conhecido o surto, que a maioria dos infetados eram \u201cmuito jovens&#8221; e muitos deles viviam \u201cuns com os outros&#8221;, o que se, por um lado, facilitava o cont\u00e1gio, por outro &#8220;facilita tamb\u00e9m o confinamento\u201d, porque permaneciam \u201ctodos juntos&#8221;.<\/p>\n\n\n\n<p class=\"has-small-font-size\">Fonte: Lusa<\/p>\n","protected":false},"excerpt":{"rendered":"<p>&nbsp;A equipa de futebol do Louletano continua com oito jogadores infetados com covid-19, que devem ser submetidos hoje a novos<\/p>\n","protected":false},"author":1,"featured_media":878,"comment_status":"closed","ping_status":"open","sticky":false,"template":"","format":"standard","meta":{"colormag_page_container_layout":"default_layout","colormag_page_sidebar_layout":"default_layout","_monsterinsights_skip_tracking":false,"_monsterinsights_sitenote_active":false,"_monsterinsights_sitenote_note":"","_monsterinsights_sitenote_category":0,"jetpack_post_was_ever_published":false,"_jetpack_newsletter_access":"","_jetpack_dont_email_post_to_subs":false,"_jetpack_newsletter_tier_id":0,"_jetpack_memberships_contains_paywalled_content":false,"_jetpack_memberships_contains_paid_content":false,"footnotes":"","jetpack_publicize_message":"","jetpack_publicize_feature_enabled":true,"jetpack_social_post_already_shared":true,"jetpack_social_options":{"image_generator_settings":{"template":"highway","default_image_id":0,"font":"","enabled":false},"version":2}},"categories":[15],"tags":[36,40,83],"class_list":["post-1718","post","type-post","status-publish","format-standard","has-post-thumbnail","hentry","category-desporto","tag-algarve","tag-desporto","tag-louletano"],"yoast_head":"<!-- This site is optimized with the Yoast SEO plugin v27.5 - https:\/\/yoast.com\/product\/yoast-seo-wordpress\/ -->\n<title>Covid-19: Louletano j\u00e1 retomou treinos mas ainda h\u00e1 oito futebolistas infetados - Algarve 7<\/title>\n<meta name=\"description\" content=\"Covid-19: Louletano j\u00e1 retomou treinos mas ainda h\u00e1 oito futebolistas infetados\" \/>\n<meta name=\"robots\" content=\"index, follow, max-snippet:-1, max-image-preview:large, max-video-preview:-1\" \/>\n<link rel=\"canonical\" href=\"https:\/\/algarve7.pt\/index.php\/2020\/09\/covid-19-louletano-ja-retomou-treinos-mas-ainda-ha-oito-futebolistas-infetados\/desporto\/18\/05\/\" \/>\n<meta property=\"og:locale\" content=\"pt_PT\" \/>\n<meta property=\"og:type\" content=\"article\" \/>\n<meta property=\"og:title\" content=\"Covid-19: Louletano j\u00e1 retomou treinos mas ainda h\u00e1 oito futebolistas infetados - Algarve 7\" \/>\n<meta property=\"og:description\" content=\"Covid-19: Louletano j\u00e1 retomou treinos mas ainda h\u00e1 oito futebolistas infetados\" \/>\n<meta property=\"og:url\" content=\"https:\/\/algarve7.pt\/index.php\/2020\/09\/covid-19-louletano-ja-retomou-treinos-mas-ainda-ha-oito-futebolistas-infetados\/desporto\/18\/05\/\" \/>\n<meta property=\"og:site_name\" content=\"Algarve 7\" \/>\n<meta property=\"article:publisher\" content=\"https:\/\/www.facebook.com\/algarve7\" \/>\n<meta property=\"article:author\" content=\"https:\/\/www.facebook.com\/algarve7\" \/>\n<meta property=\"article:published_time\" content=\"2020-09-22T17:05:55+00:00\" \/>\n<meta property=\"og:image\" content=\"https:\/\/algarve7.pt\/wp-content\/uploads\/2020\/08\/img_920x5182018_10_15_19_20_13_1460527.jpg\" \/>\n\t<meta property=\"og:image:width\" content=\"920\" \/>\n\t<meta property=\"og:image:height\" content=\"518\" \/>\n\t<meta property=\"og:image:type\" content=\"image\/jpeg\" \/>\n<meta name=\"author\" content=\"Algarve 7\" \/>\n<meta name=\"twitter:card\" content=\"summary_large_image\" \/>\n<meta name=\"twitter:creator\" content=\"@Algarvesete\" \/>\n<meta name=\"twitter:site\" content=\"@Algarvesete\" \/>\n<meta name=\"twitter:label1\" content=\"Escrito por\" \/>\n\t<meta name=\"twitter:data1\" content=\"Algarve 7\" \/>\n\t<meta name=\"twitter:label2\" content=\"Tempo estimado de leitura\" \/>\n\t<meta name=\"twitter:data2\" content=\"2 minutos\" \/>\n<script type=\"application\/ld+json\" class=\"yoast-schema-graph\">{\"@context\":\"https:\\\/\\\/schema.org\",\"@graph\":[{\"@type\":\"Article\",\"@id\":\"https:\\\/\\\/algarve7.pt\\\/index.php\\\/2020\\\/09\\\/covid-19-louletano-ja-retomou-treinos-mas-ainda-ha-oito-futebolistas-infetados\\\/desporto\\\/18\\\/05\\\/#article\",\"isPartOf\":{\"@id\":\"https:\\\/\\\/algarve7.pt\\\/index.php\\\/2020\\\/09\\\/covid-19-louletano-ja-retomou-treinos-mas-ainda-ha-oito-futebolistas-infetados\\\/desporto\\\/18\\\/05\\\/\"},\"author\":{\"name\":\"Algarve 7\",\"@id\":\"https:\\\/\\\/algarve7.pt\\\/#\\\/schema\\\/person\\\/23fa70681308e7b319a3204bcea45e0c\"},\"headline\":\"Covid-19: Louletano j\u00e1 retomou treinos mas ainda h\u00e1 oito futebolistas infetados\",\"datePublished\":\"2020-09-22T17:05:55+00:00\",\"mainEntityOfPage\":{\"@id\":\"https:\\\/\\\/algarve7.pt\\\/index.php\\\/2020\\\/09\\\/covid-19-louletano-ja-retomou-treinos-mas-ainda-ha-oito-futebolistas-infetados\\\/desporto\\\/18\\\/05\\\/\"},\"wordCount\":385,\"publisher\":{\"@id\":\"https:\\\/\\\/algarve7.pt\\\/#organization\"},\"image\":{\"@id\":\"https:\\\/\\\/algarve7.pt\\\/index.php\\\/2020\\\/09\\\/covid-19-louletano-ja-retomou-treinos-mas-ainda-ha-oito-futebolistas-infetados\\\/desporto\\\/18\\\/05\\\/#primaryimage\"},\"thumbnailUrl\":\"https:\\\/\\\/algarve7.pt\\\/wp-content\\\/uploads\\\/2020\\\/08\\\/img_920x5182018_10_15_19_20_13_1460527.jpg\",\"keywords\":[\"Algarve\",\"Desporto\",\"Louletano\"],\"articleSection\":[\"Desporto\"],\"inLanguage\":\"pt-PT\"},{\"@type\":\"WebPage\",\"@id\":\"https:\\\/\\\/algarve7.pt\\\/index.php\\\/2020\\\/09\\\/covid-19-louletano-ja-retomou-treinos-mas-ainda-ha-oito-futebolistas-infetados\\\/desporto\\\/18\\\/05\\\/\",\"url\":\"https:\\\/\\\/algarve7.pt\\\/index.php\\\/2020\\\/09\\\/covid-19-louletano-ja-retomou-treinos-mas-ainda-ha-oito-futebolistas-infetados\\\/desporto\\\/18\\\/05\\\/\",\"name\":\"Covid-19: Louletano j\u00e1 retomou treinos mas ainda h\u00e1 oito futebolistas infetados - Algarve 7\",\"isPartOf\":{\"@id\":\"https:\\\/\\\/algarve7.pt\\\/#website\"},\"primaryImageOfPage\":{\"@id\":\"https:\\\/\\\/algarve7.pt\\\/index.php\\\/2020\\\/09\\\/covid-19-louletano-ja-retomou-treinos-mas-ainda-ha-oito-futebolistas-infetados\\\/desporto\\\/18\\\/05\\\/#primaryimage\"},\"image\":{\"@id\":\"https:\\\/\\\/algarve7.pt\\\/index.php\\\/2020\\\/09\\\/covid-19-louletano-ja-retomou-treinos-mas-ainda-ha-oito-futebolistas-infetados\\\/desporto\\\/18\\\/05\\\/#primaryimage\"},\"thumbnailUrl\":\"https:\\\/\\\/algarve7.pt\\\/wp-content\\\/uploads\\\/2020\\\/08\\\/img_920x5182018_10_15_19_20_13_1460527.jpg\",\"datePublished\":\"2020-09-22T17:05:55+00:00\",\"description\":\"Covid-19: Louletano j\u00e1 retomou treinos mas ainda h\u00e1 oito futebolistas infetados\",\"breadcrumb\":{\"@id\":\"https:\\\/\\\/algarve7.pt\\\/index.php\\\/2020\\\/09\\\/covid-19-louletano-ja-retomou-treinos-mas-ainda-ha-oito-futebolistas-infetados\\\/desporto\\\/18\\\/05\\\/#breadcrumb\"},\"inLanguage\":\"pt-PT\",\"potentialAction\":[{\"@type\":\"ReadAction\",\"target\":[\"https:\\\/\\\/algarve7.pt\\\/index.php\\\/2020\\\/09\\\/covid-19-louletano-ja-retomou-treinos-mas-ainda-ha-oito-futebolistas-infetados\\\/desporto\\\/18\\\/05\\\/\"]}]},{\"@type\":\"ImageObject\",\"inLanguage\":\"pt-PT\",\"@id\":\"https:\\\/\\\/algarve7.pt\\\/index.php\\\/2020\\\/09\\\/covid-19-louletano-ja-retomou-treinos-mas-ainda-ha-oito-futebolistas-infetados\\\/desporto\\\/18\\\/05\\\/#primaryimage\",\"url\":\"https:\\\/\\\/algarve7.pt\\\/wp-content\\\/uploads\\\/2020\\\/08\\\/img_920x5182018_10_15_19_20_13_1460527.jpg\",\"contentUrl\":\"https:\\\/\\\/algarve7.pt\\\/wp-content\\\/uploads\\\/2020\\\/08\\\/img_920x5182018_10_15_19_20_13_1460527.jpg\",\"width\":920,\"height\":518},{\"@type\":\"BreadcrumbList\",\"@id\":\"https:\\\/\\\/algarve7.pt\\\/index.php\\\/2020\\\/09\\\/covid-19-louletano-ja-retomou-treinos-mas-ainda-ha-oito-futebolistas-infetados\\\/desporto\\\/18\\\/05\\\/#breadcrumb\",\"itemListElement\":[{\"@type\":\"ListItem\",\"position\":1,\"name\":\"In\u00edcio\",\"item\":\"https:\\\/\\\/algarve7.pt\\\/\"},{\"@type\":\"ListItem\",\"position\":2,\"name\":\"Covid-19: Louletano j\u00e1 retomou treinos mas ainda h\u00e1 oito futebolistas infetados\"}]},{\"@type\":\"WebSite\",\"@id\":\"https:\\\/\\\/algarve7.pt\\\/#website\",\"url\":\"https:\\\/\\\/algarve7.pt\\\/\",\"name\":\"Algarve 7\",\"description\":\"Informa\u00e7\u00e3o sobre o Algarve\",\"publisher\":{\"@id\":\"https:\\\/\\\/algarve7.pt\\\/#organization\"},\"potentialAction\":[{\"@type\":\"SearchAction\",\"target\":{\"@type\":\"EntryPoint\",\"urlTemplate\":\"https:\\\/\\\/algarve7.pt\\\/?s={search_term_string}\"},\"query-input\":{\"@type\":\"PropertyValueSpecification\",\"valueRequired\":true,\"valueName\":\"search_term_string\"}}],\"inLanguage\":\"pt-PT\"},{\"@type\":\"Organization\",\"@id\":\"https:\\\/\\\/algarve7.pt\\\/#organization\",\"name\":\"Algarve 7\",\"url\":\"https:\\\/\\\/algarve7.pt\\\/\",\"logo\":{\"@type\":\"ImageObject\",\"inLanguage\":\"pt-PT\",\"@id\":\"https:\\\/\\\/algarve7.pt\\\/#\\\/schema\\\/logo\\\/image\\\/\",\"url\":\"https:\\\/\\\/algarve7.pt\\\/wp-content\\\/uploads\\\/2020\\\/10\\\/Logo-8.jpg\",\"contentUrl\":\"https:\\\/\\\/algarve7.pt\\\/wp-content\\\/uploads\\\/2020\\\/10\\\/Logo-8.jpg\",\"width\":1680,\"height\":1186,\"caption\":\"Algarve 7\"},\"image\":{\"@id\":\"https:\\\/\\\/algarve7.pt\\\/#\\\/schema\\\/logo\\\/image\\\/\"},\"sameAs\":[\"https:\\\/\\\/www.facebook.com\\\/algarve7\",\"https:\\\/\\\/x.com\\\/Algarvesete\",\"https:\\\/\\\/www.instagram.com\\\/jornalalgarve7\\\/\",\"https:\\\/\\\/www.linkedin.com\\\/company\\\/algarve7\",\"https:\\\/\\\/www.pinterest.pt\\\/geral0939\\\/_created\\\/\"]},{\"@type\":\"Person\",\"@id\":\"https:\\\/\\\/algarve7.pt\\\/#\\\/schema\\\/person\\\/23fa70681308e7b319a3204bcea45e0c\",\"name\":\"Algarve 7\",\"sameAs\":[\"https:\\\/\\\/algarve7.pt\",\"https:\\\/\\\/www.facebook.com\\\/algarve7\"],\"url\":\"https:\\\/\\\/algarve7.pt\\\/index.php\\\/author\\\/geralalgarve7-pt\\\/\"}]}<\/script>\n<!-- \/ Yoast SEO plugin. -->","yoast_head_json":{"title":"Covid-19: Louletano j\u00e1 retomou treinos mas ainda h\u00e1 oito futebolistas infetados - Algarve 7","description":"Covid-19: Louletano j\u00e1 retomou treinos mas ainda h\u00e1 oito futebolistas infetados","robots":{"index":"index","follow":"follow","max-snippet":"max-snippet:-1","max-image-preview":"max-image-preview:large","max-video-preview":"max-video-preview:-1"},"canonical":"https:\/\/algarve7.pt\/index.php\/2020\/09\/covid-19-louletano-ja-retomou-treinos-mas-ainda-ha-oito-futebolistas-infetados\/desporto\/18\/05\/","og_locale":"pt_PT","og_type":"article","og_title":"Covid-19: Louletano j\u00e1 retomou treinos mas ainda h\u00e1 oito futebolistas infetados - Algarve 7","og_description":"Covid-19: Louletano j\u00e1 retomou treinos mas ainda h\u00e1 oito futebolistas infetados","og_url":"https:\/\/algarve7.pt\/index.php\/2020\/09\/covid-19-louletano-ja-retomou-treinos-mas-ainda-ha-oito-futebolistas-infetados\/desporto\/18\/05\/","og_site_name":"Algarve 7","article_publisher":"https:\/\/www.facebook.com\/algarve7","article_author":"https:\/\/www.facebook.com\/algarve7","article_published_time":"2020-09-22T17:05:55+00:00","og_image":[{"width":920,"height":518,"url":"https:\/\/algarve7.pt\/wp-content\/uploads\/2020\/08\/img_920x5182018_10_15_19_20_13_1460527.jpg","type":"image\/jpeg"}],"author":"Algarve 7","twitter_card":"summary_large_image","twitter_creator":"@Algarvesete","twitter_site":"@Algarvesete","twitter_misc":{"Escrito por":"Algarve 7","Tempo estimado de leitura":"2 minutos"},"schema":{"@context":"https:\/\/schema.org","@graph":[{"@type":"Article","@id":"https:\/\/algarve7.pt\/index.php\/2020\/09\/covid-19-louletano-ja-retomou-treinos-mas-ainda-ha-oito-futebolistas-infetados\/desporto\/18\/05\/#article","isPartOf":{"@id":"https:\/\/algarve7.pt\/index.php\/2020\/09\/covid-19-louletano-ja-retomou-treinos-mas-ainda-ha-oito-futebolistas-infetados\/desporto\/18\/05\/"},"author":{"name":"Algarve 7","@id":"https:\/\/algarve7.pt\/#\/schema\/person\/23fa70681308e7b319a3204bcea45e0c"},"headline":"Covid-19: Louletano j\u00e1 retomou treinos mas ainda h\u00e1 oito futebolistas infetados","datePublished":"2020-09-22T17:05:55+00:00","mainEntityOfPage":{"@id":"https:\/\/algarve7.pt\/index.php\/2020\/09\/covid-19-louletano-ja-retomou-treinos-mas-ainda-ha-oito-futebolistas-infetados\/desporto\/18\/05\/"},"wordCount":385,"publisher":{"@id":"https:\/\/algarve7.pt\/#organization"},"image":{"@id":"https:\/\/algarve7.pt\/index.php\/2020\/09\/covid-19-louletano-ja-retomou-treinos-mas-ainda-ha-oito-futebolistas-infetados\/desporto\/18\/05\/#primaryimage"},"thumbnailUrl":"https:\/\/algarve7.pt\/wp-content\/uploads\/2020\/08\/img_920x5182018_10_15_19_20_13_1460527.jpg","keywords":["Algarve","Desporto","Louletano"],"articleSection":["Desporto"],"inLanguage":"pt-PT"},{"@type":"WebPage","@id":"https:\/\/algarve7.pt\/index.php\/2020\/09\/covid-19-louletano-ja-retomou-treinos-mas-ainda-ha-oito-futebolistas-infetados\/desporto\/18\/05\/","url":"https:\/\/algarve7.pt\/index.php\/2020\/09\/covid-19-louletano-ja-retomou-treinos-mas-ainda-ha-oito-futebolistas-infetados\/desporto\/18\/05\/","name":"Covid-19: Louletano j\u00e1 retomou treinos mas ainda h\u00e1 oito futebolistas infetados - Algarve 7","isPartOf":{"@id":"https:\/\/algarve7.pt\/#website"},"primaryImageOfPage":{"@id":"https:\/\/algarve7.pt\/index.php\/2020\/09\/covid-19-louletano-ja-retomou-treinos-mas-ainda-ha-oito-futebolistas-infetados\/desporto\/18\/05\/#primaryimage"},"image":{"@id":"https:\/\/algarve7.pt\/index.php\/2020\/09\/covid-19-louletano-ja-retomou-treinos-mas-ainda-ha-oito-futebolistas-infetados\/desporto\/18\/05\/#primaryimage"},"thumbnailUrl":"https:\/\/algarve7.pt\/wp-content\/uploads\/2020\/08\/img_920x5182018_10_15_19_20_13_1460527.jpg","datePublished":"2020-09-22T17:05:55+00:00","description":"Covid-19: Louletano j\u00e1 retomou treinos mas ainda h\u00e1 oito futebolistas infetados","breadcrumb":{"@id":"https:\/\/algarve7.pt\/index.php\/2020\/09\/covid-19-louletano-ja-retomou-treinos-mas-ainda-ha-oito-futebolistas-infetados\/desporto\/18\/05\/#breadcrumb"},"inLanguage":"pt-PT","potentialAction":[{"@type":"ReadAction","target":["https:\/\/algarve7.pt\/index.php\/2020\/09\/covid-19-louletano-ja-retomou-treinos-mas-ainda-ha-oito-futebolistas-infetados\/desporto\/18\/05\/"]}]},{"@type":"ImageObject","inLanguage":"pt-PT","@id":"https:\/\/algarve7.pt\/index.php\/2020\/09\/covid-19-louletano-ja-retomou-treinos-mas-ainda-ha-oito-futebolistas-infetados\/desporto\/18\/05\/#primaryimage","url":"https:\/\/algarve7.pt\/wp-content\/uploads\/2020\/08\/img_920x5182018_10_15_19_20_13_1460527.jpg","contentUrl":"https:\/\/algarve7.pt\/wp-content\/uploads\/2020\/08\/img_920x5182018_10_15_19_20_13_1460527.jpg","width":920,"height":518},{"@type":"BreadcrumbList","@id":"https:\/\/algarve7.pt\/index.php\/2020\/09\/covid-19-louletano-ja-retomou-treinos-mas-ainda-ha-oito-futebolistas-infetados\/desporto\/18\/05\/#breadcrumb","itemListElement":[{"@type":"ListItem","position":1,"name":"In\u00edcio","item":"https:\/\/algarve7.pt\/"},{"@type":"ListItem","position":2,"name":"Covid-19: Louletano j\u00e1 retomou treinos mas ainda h\u00e1 oito futebolistas infetados"}]},{"@type":"WebSite","@id":"https:\/\/algarve7.pt\/#website","url":"https:\/\/algarve7.pt\/","name":"Algarve 7","description":"Informa\u00e7\u00e3o sobre o Algarve","publisher":{"@id":"https:\/\/algarve7.pt\/#organization"},"potentialAction":[{"@type":"SearchAction","target":{"@type":"EntryPoint","urlTemplate":"https:\/\/algarve7.pt\/?s={search_term_string}"},"query-input":{"@type":"PropertyValueSpecification","valueRequired":true,"valueName":"search_term_string"}}],"inLanguage":"pt-PT"},{"@type":"Organization","@id":"https:\/\/algarve7.pt\/#organization","name":"Algarve 7","url":"https:\/\/algarve7.pt\/","logo":{"@type":"ImageObject","inLanguage":"pt-PT","@id":"https:\/\/algarve7.pt\/#\/schema\/logo\/image\/","url":"https:\/\/algarve7.pt\/wp-content\/uploads\/2020\/10\/Logo-8.jpg","contentUrl":"https:\/\/algarve7.pt\/wp-content\/uploads\/2020\/10\/Logo-8.jpg","width":1680,"height":1186,"caption":"Algarve 7"},"image":{"@id":"https:\/\/algarve7.pt\/#\/schema\/logo\/image\/"},"sameAs":["https:\/\/www.facebook.com\/algarve7","https:\/\/x.com\/Algarvesete","https:\/\/www.instagram.com\/jornalalgarve7\/","https:\/\/www.linkedin.com\/company\/algarve7","https:\/\/www.pinterest.pt\/geral0939\/_created\/"]},{"@type":"Person","@id":"https:\/\/algarve7.pt\/#\/schema\/person\/23fa70681308e7b319a3204bcea45e0c","name":"Algarve 7","sameAs":["https:\/\/algarve7.pt","https:\/\/www.facebook.com\/algarve7"],"url":"https:\/\/algarve7.pt\/index.php\/author\/geralalgarve7-pt\/"}]}},"jetpack_publicize_connections":[],"jetpack_featured_media_url":"https:\/\/algarve7.pt\/wp-content\/uploads\/2020\/08\/img_920x5182018_10_15_19_20_13_1460527.jpg","jetpack_shortlink":"https:\/\/wp.me\/pcezmW-rI","jetpack_sharing_enabled":true,"_links":{"self":[{"href":"https:\/\/algarve7.pt\/index.php\/wp-json\/wp\/v2\/posts\/1718","targetHints":{"allow":["GET"]}}],"collection":[{"href":"https:\/\/algarve7.pt\/index.php\/wp-json\/wp\/v2\/posts"}],"about":[{"href":"https:\/\/algarve7.pt\/index.php\/wp-json\/wp\/v2\/types\/post"}],"author":[{"embeddable":true,"href":"https:\/\/algarve7.pt\/index.php\/wp-json\/wp\/v2\/users\/1"}],"replies":[{"embeddable":true,"href":"https:\/\/algarve7.pt\/index.php\/wp-json\/wp\/v2\/comments?post=1718"}],"version-history":[{"count":0,"href":"https:\/\/algarve7.pt\/index.php\/wp-json\/wp\/v2\/posts\/1718\/revisions"}],"wp:featuredmedia":[{"embeddable":true,"href":"https:\/\/algarve7.pt\/index.php\/wp-json\/wp\/v2\/media\/878"}],"wp:attachment":[{"href":"https:\/\/algarve7.pt\/index.php\/wp-json\/wp\/v2\/media?parent=1718"}],"wp:term":[{"taxonomy":"category","embeddable":true,"href":"https:\/\/algarve7.pt\/index.php\/wp-json\/wp\/v2\/categories?post=1718"},{"taxonomy":"post_tag","embeddable":true,"href":"https:\/\/algarve7.pt\/index.php\/wp-json\/wp\/v2\/tags?post=1718"}],"curies":[{"name":"wp","href":"https:\/\/api.w.org\/{rel}","templated":true}]}}