{"id":17169,"date":"2022-03-30T19:01:44","date_gmt":"2022-03-30T18:01:44","guid":{"rendered":"https:\/\/algarve7.pt\/?p=17169"},"modified":"2022-03-30T19:01:46","modified_gmt":"2022-03-30T18:01:46","slug":"esta-pascoa-vai-ter-ferias-ativas-em-castro-marim","status":"publish","type":"post","link":"https:\/\/algarve7.pt\/index.php\/2022\/03\/esta-pascoa-vai-ter-ferias-ativas-em-castro-marim\/desporto\/19\/01\/","title":{"rendered":"Esta P\u00e1scoa vai ter F\u00e9rias Ativas \u00a0em Castro Marim"},"content":{"rendered":"\n<p>O Munic\u00edpio de Castro Marim retoma este ano as F\u00e9rias Ativas da P\u00e1scoa*. Depois de, em 2021, ter avan\u00e7ado com uma edi\u00e7\u00e3o especial&nbsp;<em>online<\/em>, este ano a autarquia investe em atividades din\u00e2micas e interativas, mas tamb\u00e9m adaptadas \u00e0s circunst\u00e2ncias da pandemia, conforme indica\u00e7\u00f5es das autoridades de sa\u00fade competentes.&nbsp;&nbsp;<\/p>\n\n\n\n<p>Nesta edi\u00e7\u00e3o, que decorre entre os dias 11 e 18 de abril, as atividades focam-se na nas artes, promo\u00e7\u00e3o de h\u00e1bitos alimentares saud\u00e1veis, atividade f\u00edsica e ainda visitas l\u00fadico-culturais e jogos tradicionais. A t\u00edtulo de exemplo, mencionamos os&nbsp;<em>workshops<\/em>&nbsp;de alimenta\u00e7\u00e3o saud\u00e1vel, o judo, visitas ao quartel dos Bombeiros Volunt\u00e1rios de VRSA e Castro Marim, BTT e&nbsp;<em>workshops<\/em>&nbsp;de dan\u00e7a e teatro.&nbsp;<\/p>\n\n\n\n<p>Ocupar, de uma forma l\u00fadica e saud\u00e1vel, os tempos livres das f\u00e9rias dos jovens e, simultaneamente, apoiar as fam\u00edlias, que n\u00e3o conseguem, por raz\u00f5es profissionais, acompanhar os seus educandos nas interrup\u00e7\u00f5es letivas, \u00e9 o principal objetivo desta iniciativa, que dever\u00e1 acontecer tamb\u00e9m nas f\u00e9rias de ver\u00e3o.&nbsp;<\/p>\n\n\n\n<p>Para seguran\u00e7a de todos, solicita-se aos pais\/encarregados de educa\u00e7\u00e3o que procedam \u00e0 testagem dos seus educandos na v\u00e9spera ou no dia 11 de abril antes do in\u00edcio das atividades.&nbsp;<\/p>\n\n\n\n<p>*Conforme regulamento aprovado recentemente, dispon\u00edvel em\u00a0<a href=\"https:\/\/cm-castromarim.pt\/site\/documento\/regulamento-para-o-programa-ferias-ativas-do-municipio-de-castro-marim\" target=\"_blank\" rel=\"noreferrer noopener\">https:\/\/cm-castromarim.pt\/site\/documento\/regulamento-para-o-programa-ferias-ativas-do-municipio-de-castro-marim<\/a>.\u00a0<\/p>\n","protected":false},"excerpt":{"rendered":"<p>O Munic\u00edpio de Castro Marim retoma este ano as F\u00e9rias Ativas da P\u00e1scoa*. Depois de, em 2021, ter avan\u00e7ado com<\/p>\n","protected":false},"author":1,"featured_media":17171,"comment_status":"closed","ping_status":"open","sticky":false,"template":"","format":"standard","meta":{"colormag_page_container_layout":"default_layout","colormag_page_sidebar_layout":"default_layout","_monsterinsights_skip_tracking":false,"_monsterinsights_sitenote_active":false,"_monsterinsights_sitenote_note":"","_monsterinsights_sitenote_category":0,"jetpack_post_was_ever_published":false,"_jetpack_newsletter_access":"","_jetpack_dont_email_post_to_subs":false,"_jetpack_newsletter_tier_id":0,"_jetpack_memberships_contains_paywalled_content":false,"_jetpack_memberships_contains_paid_content":false,"footnotes":"","jetpack_publicize_message":"","jetpack_publicize_feature_enabled":true,"jetpack_social_post_already_shared":false,"jetpack_social_options":{"image_generator_settings":{"template":"highway","default_image_id":0,"font":"","enabled":false},"version":2}},"categories":[15],"tags":[36,136,40,285],"class_list":["post-17169","post","type-post","status-publish","format-standard","has-post-thumbnail","hentry","category-desporto","tag-algarve","tag-castro-marim","tag-desporto","tag-ferias"],"yoast_head":"<!-- This site is optimized with the Yoast SEO plugin v27.5 - https:\/\/yoast.com\/product\/yoast-seo-wordpress\/ -->\n<title>Esta P\u00e1scoa vai ter F\u00e9rias Ativas \u00a0em Castro Marim - Algarve 7<\/title>\n<meta name=\"description\" content=\"Esta P\u00e1scoa vai ter F\u00e9rias Ativas \u00a0em Castro Marim Desporto\" \/>\n<meta name=\"robots\" content=\"index, follow, max-snippet:-1, max-image-preview:large, max-video-preview:-1\" \/>\n<link rel=\"canonical\" href=\"https:\/\/algarve7.pt\/index.php\/2022\/03\/esta-pascoa-vai-ter-ferias-ativas-em-castro-marim\/desporto\/19\/01\/\" \/>\n<meta property=\"og:locale\" content=\"pt_PT\" \/>\n<meta property=\"og:type\" content=\"article\" \/>\n<meta property=\"og:title\" content=\"Esta P\u00e1scoa vai ter F\u00e9rias Ativas \u00a0em Castro Marim - Algarve 7\" \/>\n<meta property=\"og:description\" content=\"Esta P\u00e1scoa vai ter F\u00e9rias Ativas \u00a0em Castro Marim Desporto\" \/>\n<meta property=\"og:url\" content=\"https:\/\/algarve7.pt\/index.php\/2022\/03\/esta-pascoa-vai-ter-ferias-ativas-em-castro-marim\/desporto\/19\/01\/\" \/>\n<meta property=\"og:site_name\" content=\"Algarve 7\" \/>\n<meta property=\"article:publisher\" content=\"https:\/\/www.facebook.com\/algarve7\" \/>\n<meta property=\"article:author\" content=\"https:\/\/www.facebook.com\/algarve7\" \/>\n<meta property=\"article:published_time\" content=\"2022-03-30T18:01:44+00:00\" \/>\n<meta property=\"article:modified_time\" content=\"2022-03-30T18:01:46+00:00\" \/>\n<meta property=\"og:image\" content=\"https:\/\/algarve7.pt\/wp-content\/uploads\/2022\/03\/Captura-de-ecra-2022-03-30-as-18.57.12.png\" \/>\n\t<meta property=\"og:image:width\" content=\"2598\" \/>\n\t<meta property=\"og:image:height\" content=\"2450\" \/>\n\t<meta property=\"og:image:type\" content=\"image\/png\" \/>\n<meta name=\"author\" content=\"Algarve 7\" \/>\n<meta name=\"twitter:card\" content=\"summary_large_image\" \/>\n<meta name=\"twitter:creator\" content=\"@Algarvesete\" \/>\n<meta name=\"twitter:site\" content=\"@Algarvesete\" \/>\n<meta name=\"twitter:label1\" content=\"Escrito por\" \/>\n\t<meta name=\"twitter:data1\" content=\"Algarve 7\" \/>\n\t<meta name=\"twitter:label2\" content=\"Tempo estimado de leitura\" \/>\n\t<meta name=\"twitter:data2\" content=\"2 minutos\" \/>\n<script type=\"application\/ld+json\" class=\"yoast-schema-graph\">{\"@context\":\"https:\\\/\\\/schema.org\",\"@graph\":[{\"@type\":\"Article\",\"@id\":\"https:\\\/\\\/algarve7.pt\\\/index.php\\\/2022\\\/03\\\/esta-pascoa-vai-ter-ferias-ativas-em-castro-marim\\\/desporto\\\/19\\\/01\\\/#article\",\"isPartOf\":{\"@id\":\"https:\\\/\\\/algarve7.pt\\\/index.php\\\/2022\\\/03\\\/esta-pascoa-vai-ter-ferias-ativas-em-castro-marim\\\/desporto\\\/19\\\/01\\\/\"},\"author\":{\"name\":\"Algarve 7\",\"@id\":\"https:\\\/\\\/algarve7.pt\\\/#\\\/schema\\\/person\\\/23fa70681308e7b319a3204bcea45e0c\"},\"headline\":\"Esta P\u00e1scoa vai ter F\u00e9rias Ativas \u00a0em Castro Marim\",\"datePublished\":\"2022-03-30T18:01:44+00:00\",\"dateModified\":\"2022-03-30T18:01:46+00:00\",\"mainEntityOfPage\":{\"@id\":\"https:\\\/\\\/algarve7.pt\\\/index.php\\\/2022\\\/03\\\/esta-pascoa-vai-ter-ferias-ativas-em-castro-marim\\\/desporto\\\/19\\\/01\\\/\"},\"wordCount\":249,\"publisher\":{\"@id\":\"https:\\\/\\\/algarve7.pt\\\/#organization\"},\"image\":{\"@id\":\"https:\\\/\\\/algarve7.pt\\\/index.php\\\/2022\\\/03\\\/esta-pascoa-vai-ter-ferias-ativas-em-castro-marim\\\/desporto\\\/19\\\/01\\\/#primaryimage\"},\"thumbnailUrl\":\"https:\\\/\\\/algarve7.pt\\\/wp-content\\\/uploads\\\/2022\\\/03\\\/Captura-de-ecra-2022-03-30-as-18.57.12.png\",\"keywords\":[\"Algarve\",\"Castro Marim\",\"Desporto\",\"F\u00e9rias\"],\"articleSection\":[\"Desporto\"],\"inLanguage\":\"pt-PT\"},{\"@type\":\"WebPage\",\"@id\":\"https:\\\/\\\/algarve7.pt\\\/index.php\\\/2022\\\/03\\\/esta-pascoa-vai-ter-ferias-ativas-em-castro-marim\\\/desporto\\\/19\\\/01\\\/\",\"url\":\"https:\\\/\\\/algarve7.pt\\\/index.php\\\/2022\\\/03\\\/esta-pascoa-vai-ter-ferias-ativas-em-castro-marim\\\/desporto\\\/19\\\/01\\\/\",\"name\":\"Esta P\u00e1scoa vai ter F\u00e9rias Ativas \u00a0em Castro Marim - Algarve 7\",\"isPartOf\":{\"@id\":\"https:\\\/\\\/algarve7.pt\\\/#website\"},\"primaryImageOfPage\":{\"@id\":\"https:\\\/\\\/algarve7.pt\\\/index.php\\\/2022\\\/03\\\/esta-pascoa-vai-ter-ferias-ativas-em-castro-marim\\\/desporto\\\/19\\\/01\\\/#primaryimage\"},\"image\":{\"@id\":\"https:\\\/\\\/algarve7.pt\\\/index.php\\\/2022\\\/03\\\/esta-pascoa-vai-ter-ferias-ativas-em-castro-marim\\\/desporto\\\/19\\\/01\\\/#primaryimage\"},\"thumbnailUrl\":\"https:\\\/\\\/algarve7.pt\\\/wp-content\\\/uploads\\\/2022\\\/03\\\/Captura-de-ecra-2022-03-30-as-18.57.12.png\",\"datePublished\":\"2022-03-30T18:01:44+00:00\",\"dateModified\":\"2022-03-30T18:01:46+00:00\",\"description\":\"Esta P\u00e1scoa vai ter F\u00e9rias Ativas \u00a0em Castro Marim Desporto\",\"breadcrumb\":{\"@id\":\"https:\\\/\\\/algarve7.pt\\\/index.php\\\/2022\\\/03\\\/esta-pascoa-vai-ter-ferias-ativas-em-castro-marim\\\/desporto\\\/19\\\/01\\\/#breadcrumb\"},\"inLanguage\":\"pt-PT\",\"potentialAction\":[{\"@type\":\"ReadAction\",\"target\":[\"https:\\\/\\\/algarve7.pt\\\/index.php\\\/2022\\\/03\\\/esta-pascoa-vai-ter-ferias-ativas-em-castro-marim\\\/desporto\\\/19\\\/01\\\/\"]}]},{\"@type\":\"ImageObject\",\"inLanguage\":\"pt-PT\",\"@id\":\"https:\\\/\\\/algarve7.pt\\\/index.php\\\/2022\\\/03\\\/esta-pascoa-vai-ter-ferias-ativas-em-castro-marim\\\/desporto\\\/19\\\/01\\\/#primaryimage\",\"url\":\"https:\\\/\\\/algarve7.pt\\\/wp-content\\\/uploads\\\/2022\\\/03\\\/Captura-de-ecra-2022-03-30-as-18.57.12.png\",\"contentUrl\":\"https:\\\/\\\/algarve7.pt\\\/wp-content\\\/uploads\\\/2022\\\/03\\\/Captura-de-ecra-2022-03-30-as-18.57.12.png\",\"width\":2598,\"height\":2450},{\"@type\":\"BreadcrumbList\",\"@id\":\"https:\\\/\\\/algarve7.pt\\\/index.php\\\/2022\\\/03\\\/esta-pascoa-vai-ter-ferias-ativas-em-castro-marim\\\/desporto\\\/19\\\/01\\\/#breadcrumb\",\"itemListElement\":[{\"@type\":\"ListItem\",\"position\":1,\"name\":\"In\u00edcio\",\"item\":\"https:\\\/\\\/algarve7.pt\\\/\"},{\"@type\":\"ListItem\",\"position\":2,\"name\":\"Esta P\u00e1scoa vai ter F\u00e9rias Ativas \u00a0em Castro Marim\"}]},{\"@type\":\"WebSite\",\"@id\":\"https:\\\/\\\/algarve7.pt\\\/#website\",\"url\":\"https:\\\/\\\/algarve7.pt\\\/\",\"name\":\"Algarve 7\",\"description\":\"Informa\u00e7\u00e3o sobre o Algarve\",\"publisher\":{\"@id\":\"https:\\\/\\\/algarve7.pt\\\/#organization\"},\"potentialAction\":[{\"@type\":\"SearchAction\",\"target\":{\"@type\":\"EntryPoint\",\"urlTemplate\":\"https:\\\/\\\/algarve7.pt\\\/?s={search_term_string}\"},\"query-input\":{\"@type\":\"PropertyValueSpecification\",\"valueRequired\":true,\"valueName\":\"search_term_string\"}}],\"inLanguage\":\"pt-PT\"},{\"@type\":\"Organization\",\"@id\":\"https:\\\/\\\/algarve7.pt\\\/#organization\",\"name\":\"Algarve 7\",\"url\":\"https:\\\/\\\/algarve7.pt\\\/\",\"logo\":{\"@type\":\"ImageObject\",\"inLanguage\":\"pt-PT\",\"@id\":\"https:\\\/\\\/algarve7.pt\\\/#\\\/schema\\\/logo\\\/image\\\/\",\"url\":\"https:\\\/\\\/algarve7.pt\\\/wp-content\\\/uploads\\\/2020\\\/10\\\/Logo-8.jpg\",\"contentUrl\":\"https:\\\/\\\/algarve7.pt\\\/wp-content\\\/uploads\\\/2020\\\/10\\\/Logo-8.jpg\",\"width\":1680,\"height\":1186,\"caption\":\"Algarve 7\"},\"image\":{\"@id\":\"https:\\\/\\\/algarve7.pt\\\/#\\\/schema\\\/logo\\\/image\\\/\"},\"sameAs\":[\"https:\\\/\\\/www.facebook.com\\\/algarve7\",\"https:\\\/\\\/x.com\\\/Algarvesete\",\"https:\\\/\\\/www.instagram.com\\\/jornalalgarve7\\\/\",\"https:\\\/\\\/www.linkedin.com\\\/company\\\/algarve7\",\"https:\\\/\\\/www.pinterest.pt\\\/geral0939\\\/_created\\\/\"]},{\"@type\":\"Person\",\"@id\":\"https:\\\/\\\/algarve7.pt\\\/#\\\/schema\\\/person\\\/23fa70681308e7b319a3204bcea45e0c\",\"name\":\"Algarve 7\",\"sameAs\":[\"https:\\\/\\\/algarve7.pt\",\"https:\\\/\\\/www.facebook.com\\\/algarve7\"],\"url\":\"https:\\\/\\\/algarve7.pt\\\/index.php\\\/author\\\/geralalgarve7-pt\\\/\"}]}<\/script>\n<!-- \/ Yoast SEO plugin. -->","yoast_head_json":{"title":"Esta P\u00e1scoa vai ter F\u00e9rias Ativas \u00a0em Castro Marim - Algarve 7","description":"Esta P\u00e1scoa vai ter F\u00e9rias Ativas \u00a0em Castro Marim Desporto","robots":{"index":"index","follow":"follow","max-snippet":"max-snippet:-1","max-image-preview":"max-image-preview:large","max-video-preview":"max-video-preview:-1"},"canonical":"https:\/\/algarve7.pt\/index.php\/2022\/03\/esta-pascoa-vai-ter-ferias-ativas-em-castro-marim\/desporto\/19\/01\/","og_locale":"pt_PT","og_type":"article","og_title":"Esta P\u00e1scoa vai ter F\u00e9rias Ativas \u00a0em Castro Marim - Algarve 7","og_description":"Esta P\u00e1scoa vai ter F\u00e9rias Ativas \u00a0em Castro Marim Desporto","og_url":"https:\/\/algarve7.pt\/index.php\/2022\/03\/esta-pascoa-vai-ter-ferias-ativas-em-castro-marim\/desporto\/19\/01\/","og_site_name":"Algarve 7","article_publisher":"https:\/\/www.facebook.com\/algarve7","article_author":"https:\/\/www.facebook.com\/algarve7","article_published_time":"2022-03-30T18:01:44+00:00","article_modified_time":"2022-03-30T18:01:46+00:00","og_image":[{"width":2598,"height":2450,"url":"https:\/\/algarve7.pt\/wp-content\/uploads\/2022\/03\/Captura-de-ecra-2022-03-30-as-18.57.12.png","type":"image\/png"}],"author":"Algarve 7","twitter_card":"summary_large_image","twitter_creator":"@Algarvesete","twitter_site":"@Algarvesete","twitter_misc":{"Escrito por":"Algarve 7","Tempo estimado de leitura":"2 minutos"},"schema":{"@context":"https:\/\/schema.org","@graph":[{"@type":"Article","@id":"https:\/\/algarve7.pt\/index.php\/2022\/03\/esta-pascoa-vai-ter-ferias-ativas-em-castro-marim\/desporto\/19\/01\/#article","isPartOf":{"@id":"https:\/\/algarve7.pt\/index.php\/2022\/03\/esta-pascoa-vai-ter-ferias-ativas-em-castro-marim\/desporto\/19\/01\/"},"author":{"name":"Algarve 7","@id":"https:\/\/algarve7.pt\/#\/schema\/person\/23fa70681308e7b319a3204bcea45e0c"},"headline":"Esta P\u00e1scoa vai ter F\u00e9rias Ativas \u00a0em Castro Marim","datePublished":"2022-03-30T18:01:44+00:00","dateModified":"2022-03-30T18:01:46+00:00","mainEntityOfPage":{"@id":"https:\/\/algarve7.pt\/index.php\/2022\/03\/esta-pascoa-vai-ter-ferias-ativas-em-castro-marim\/desporto\/19\/01\/"},"wordCount":249,"publisher":{"@id":"https:\/\/algarve7.pt\/#organization"},"image":{"@id":"https:\/\/algarve7.pt\/index.php\/2022\/03\/esta-pascoa-vai-ter-ferias-ativas-em-castro-marim\/desporto\/19\/01\/#primaryimage"},"thumbnailUrl":"https:\/\/algarve7.pt\/wp-content\/uploads\/2022\/03\/Captura-de-ecra-2022-03-30-as-18.57.12.png","keywords":["Algarve","Castro Marim","Desporto","F\u00e9rias"],"articleSection":["Desporto"],"inLanguage":"pt-PT"},{"@type":"WebPage","@id":"https:\/\/algarve7.pt\/index.php\/2022\/03\/esta-pascoa-vai-ter-ferias-ativas-em-castro-marim\/desporto\/19\/01\/","url":"https:\/\/algarve7.pt\/index.php\/2022\/03\/esta-pascoa-vai-ter-ferias-ativas-em-castro-marim\/desporto\/19\/01\/","name":"Esta P\u00e1scoa vai ter F\u00e9rias Ativas \u00a0em Castro Marim - Algarve 7","isPartOf":{"@id":"https:\/\/algarve7.pt\/#website"},"primaryImageOfPage":{"@id":"https:\/\/algarve7.pt\/index.php\/2022\/03\/esta-pascoa-vai-ter-ferias-ativas-em-castro-marim\/desporto\/19\/01\/#primaryimage"},"image":{"@id":"https:\/\/algarve7.pt\/index.php\/2022\/03\/esta-pascoa-vai-ter-ferias-ativas-em-castro-marim\/desporto\/19\/01\/#primaryimage"},"thumbnailUrl":"https:\/\/algarve7.pt\/wp-content\/uploads\/2022\/03\/Captura-de-ecra-2022-03-30-as-18.57.12.png","datePublished":"2022-03-30T18:01:44+00:00","dateModified":"2022-03-30T18:01:46+00:00","description":"Esta P\u00e1scoa vai ter F\u00e9rias Ativas \u00a0em Castro Marim Desporto","breadcrumb":{"@id":"https:\/\/algarve7.pt\/index.php\/2022\/03\/esta-pascoa-vai-ter-ferias-ativas-em-castro-marim\/desporto\/19\/01\/#breadcrumb"},"inLanguage":"pt-PT","potentialAction":[{"@type":"ReadAction","target":["https:\/\/algarve7.pt\/index.php\/2022\/03\/esta-pascoa-vai-ter-ferias-ativas-em-castro-marim\/desporto\/19\/01\/"]}]},{"@type":"ImageObject","inLanguage":"pt-PT","@id":"https:\/\/algarve7.pt\/index.php\/2022\/03\/esta-pascoa-vai-ter-ferias-ativas-em-castro-marim\/desporto\/19\/01\/#primaryimage","url":"https:\/\/algarve7.pt\/wp-content\/uploads\/2022\/03\/Captura-de-ecra-2022-03-30-as-18.57.12.png","contentUrl":"https:\/\/algarve7.pt\/wp-content\/uploads\/2022\/03\/Captura-de-ecra-2022-03-30-as-18.57.12.png","width":2598,"height":2450},{"@type":"BreadcrumbList","@id":"https:\/\/algarve7.pt\/index.php\/2022\/03\/esta-pascoa-vai-ter-ferias-ativas-em-castro-marim\/desporto\/19\/01\/#breadcrumb","itemListElement":[{"@type":"ListItem","position":1,"name":"In\u00edcio","item":"https:\/\/algarve7.pt\/"},{"@type":"ListItem","position":2,"name":"Esta P\u00e1scoa vai ter F\u00e9rias Ativas \u00a0em Castro Marim"}]},{"@type":"WebSite","@id":"https:\/\/algarve7.pt\/#website","url":"https:\/\/algarve7.pt\/","name":"Algarve 7","description":"Informa\u00e7\u00e3o sobre o Algarve","publisher":{"@id":"https:\/\/algarve7.pt\/#organization"},"potentialAction":[{"@type":"SearchAction","target":{"@type":"EntryPoint","urlTemplate":"https:\/\/algarve7.pt\/?s={search_term_string}"},"query-input":{"@type":"PropertyValueSpecification","valueRequired":true,"valueName":"search_term_string"}}],"inLanguage":"pt-PT"},{"@type":"Organization","@id":"https:\/\/algarve7.pt\/#organization","name":"Algarve 7","url":"https:\/\/algarve7.pt\/","logo":{"@type":"ImageObject","inLanguage":"pt-PT","@id":"https:\/\/algarve7.pt\/#\/schema\/logo\/image\/","url":"https:\/\/algarve7.pt\/wp-content\/uploads\/2020\/10\/Logo-8.jpg","contentUrl":"https:\/\/algarve7.pt\/wp-content\/uploads\/2020\/10\/Logo-8.jpg","width":1680,"height":1186,"caption":"Algarve 7"},"image":{"@id":"https:\/\/algarve7.pt\/#\/schema\/logo\/image\/"},"sameAs":["https:\/\/www.facebook.com\/algarve7","https:\/\/x.com\/Algarvesete","https:\/\/www.instagram.com\/jornalalgarve7\/","https:\/\/www.linkedin.com\/company\/algarve7","https:\/\/www.pinterest.pt\/geral0939\/_created\/"]},{"@type":"Person","@id":"https:\/\/algarve7.pt\/#\/schema\/person\/23fa70681308e7b319a3204bcea45e0c","name":"Algarve 7","sameAs":["https:\/\/algarve7.pt","https:\/\/www.facebook.com\/algarve7"],"url":"https:\/\/algarve7.pt\/index.php\/author\/geralalgarve7-pt\/"}]}},"jetpack_publicize_connections":[],"jetpack_featured_media_url":"https:\/\/algarve7.pt\/wp-content\/uploads\/2022\/03\/Captura-de-ecra-2022-03-30-as-18.57.12.png","jetpack_shortlink":"https:\/\/wp.me\/pcezmW-4sV","jetpack_sharing_enabled":true,"_links":{"self":[{"href":"https:\/\/algarve7.pt\/index.php\/wp-json\/wp\/v2\/posts\/17169","targetHints":{"allow":["GET"]}}],"collection":[{"href":"https:\/\/algarve7.pt\/index.php\/wp-json\/wp\/v2\/posts"}],"about":[{"href":"https:\/\/algarve7.pt\/index.php\/wp-json\/wp\/v2\/types\/post"}],"author":[{"embeddable":true,"href":"https:\/\/algarve7.pt\/index.php\/wp-json\/wp\/v2\/users\/1"}],"replies":[{"embeddable":true,"href":"https:\/\/algarve7.pt\/index.php\/wp-json\/wp\/v2\/comments?post=17169"}],"version-history":[{"count":0,"href":"https:\/\/algarve7.pt\/index.php\/wp-json\/wp\/v2\/posts\/17169\/revisions"}],"wp:featuredmedia":[{"embeddable":true,"href":"https:\/\/algarve7.pt\/index.php\/wp-json\/wp\/v2\/media\/17171"}],"wp:attachment":[{"href":"https:\/\/algarve7.pt\/index.php\/wp-json\/wp\/v2\/media?parent=17169"}],"wp:term":[{"taxonomy":"category","embeddable":true,"href":"https:\/\/algarve7.pt\/index.php\/wp-json\/wp\/v2\/categories?post=17169"},{"taxonomy":"post_tag","embeddable":true,"href":"https:\/\/algarve7.pt\/index.php\/wp-json\/wp\/v2\/tags?post=17169"}],"curies":[{"name":"wp","href":"https:\/\/api.w.org\/{rel}","templated":true}]}}