{"id":17164,"date":"2022-03-30T14:36:24","date_gmt":"2022-03-30T13:36:24","guid":{"rendered":"https:\/\/algarve7.pt\/?p=17164"},"modified":"2022-03-30T14:40:09","modified_gmt":"2022-03-30T13:40:09","slug":"dino-dsantiago-nomeado-para-os-premios-play-premios-da-musica-portuguesa","status":"publish","type":"post","link":"https:\/\/algarve7.pt\/index.php\/2022\/03\/dino-dsantiago-nomeado-para-os-premios-play-premios-da-musica-portuguesa\/cultura\/14\/36\/","title":{"rendered":"Dino D\u2019Santiago,  nomeado para os pr\u00e9mios play &#8211; pr\u00e9mios da m\u00fasica portuguesa\u00a0"},"content":{"rendered":"\n<p><strong>Dino D\u2019Santiago conta com duas nomea\u00e7\u00f5es<\/strong>\u00a0na 3\u00aa Edi\u00e7\u00e3o dos PLAY \u2014 Pr\u00e9mios da M\u00fasica Portuguesa nas categorias de\u00a0<strong>Melhor Artista Masculino e Melhor \u00c1lbum,<\/strong>\u00a0com o novo trabalho \u201c<strong>BADIU<\/strong>\u201d (Sony Music Portugal). Na passada edi\u00e7\u00e3o, o artista venceu as categorias\u00a0<strong>Melhor \u00c1lbum (\u201cKriola\u201d), Melhor Artista Masculino e Pr\u00e9mio Cr\u00edtica.<\/strong>\u00a0<\/p>\n\n\n\n<p>\u00c9 j\u00e1 este\u00a0<strong>s\u00e1bado (2 de abril)<\/strong>\u00a0que Dino D\u2019Santiago sobe ao palco do\u00a0<strong>Coliseu de Lisboa para apresentar o novo \u00e1lbum \u201cBADIU\u201d<\/strong>. Segue-se\u00a0<strong>Gr\u00e2ndola, na Festa da Liberdade a 24 de Abril, NOS ALIVE a 7 de Julho em Lisboa, MEO Mar\u00e9s Vivas a 16 de Julho em Vila Nova de Gaia e, a 9 de Dezembro, o Festival Authentica em Braga.\u00a0<\/strong><\/p>\n\n\n\n<p>Foto: Jorge Gomes\u00ae\u00a9 Fonte: Arruada<\/p>\n","protected":false},"excerpt":{"rendered":"<p>Dino D\u2019Santiago conta com duas nomea\u00e7\u00f5es\u00a0na 3\u00aa Edi\u00e7\u00e3o dos PLAY \u2014 Pr\u00e9mios da M\u00fasica Portuguesa nas categorias de\u00a0Melhor Artista Masculino<\/p>\n","protected":false},"author":1,"featured_media":0,"comment_status":"open","ping_status":"open","sticky":false,"template":"","format":"standard","meta":{"colormag_page_container_layout":"default_layout","colormag_page_sidebar_layout":"default_layout","_monsterinsights_skip_tracking":false,"_monsterinsights_sitenote_active":false,"_monsterinsights_sitenote_note":"","_monsterinsights_sitenote_category":0,"jetpack_post_was_ever_published":false,"_jetpack_newsletter_access":"","_jetpack_dont_email_post_to_subs":false,"_jetpack_newsletter_tier_id":0,"_jetpack_memberships_contains_paywalled_content":false,"_jetpack_memberships_contains_paid_content":false,"footnotes":"","jetpack_publicize_message":"","jetpack_publicize_feature_enabled":true,"jetpack_social_post_already_shared":false,"jetpack_social_options":{"image_generator_settings":{"template":"highway","default_image_id":0,"font":"","enabled":false},"version":2}},"categories":[14],"tags":[36,35,384,80],"class_list":["post-17164","post","type-post","status-publish","format-standard","hentry","category-cultura","tag-algarve","tag-cultura","tag-pre","tag-premio"],"yoast_head":"<!-- This site is optimized with the Yoast SEO plugin v27.5 - https:\/\/yoast.com\/product\/yoast-seo-wordpress\/ -->\n<title>Dino D\u2019Santiago, nomeado para os pr\u00e9mios play - pr\u00e9mios da m\u00fasica portuguesa\u00a0 - Algarve 7<\/title>\n<meta name=\"description\" content=\"Dino D\u2019Santiago, nomeado para os pr\u00e9mios play - pr\u00e9mios da m\u00fasica portuguesa\u00a0 Cultura\" \/>\n<meta name=\"robots\" content=\"index, follow, max-snippet:-1, max-image-preview:large, max-video-preview:-1\" \/>\n<link rel=\"canonical\" href=\"https:\/\/algarve7.pt\/index.php\/2022\/03\/dino-dsantiago-nomeado-para-os-premios-play-premios-da-musica-portuguesa\/cultura\/14\/36\/\" \/>\n<meta property=\"og:locale\" content=\"pt_PT\" \/>\n<meta property=\"og:type\" content=\"article\" \/>\n<meta property=\"og:title\" content=\"Dino D\u2019Santiago, nomeado para os pr\u00e9mios play - pr\u00e9mios da m\u00fasica portuguesa\u00a0 - Algarve 7\" \/>\n<meta property=\"og:description\" content=\"Dino D\u2019Santiago, nomeado para os pr\u00e9mios play - pr\u00e9mios da m\u00fasica portuguesa\u00a0 Cultura\" \/>\n<meta property=\"og:url\" content=\"https:\/\/algarve7.pt\/index.php\/2022\/03\/dino-dsantiago-nomeado-para-os-premios-play-premios-da-musica-portuguesa\/cultura\/14\/36\/\" \/>\n<meta property=\"og:site_name\" content=\"Algarve 7\" \/>\n<meta property=\"article:publisher\" content=\"https:\/\/www.facebook.com\/algarve7\" \/>\n<meta property=\"article:author\" content=\"https:\/\/www.facebook.com\/algarve7\" \/>\n<meta property=\"article:published_time\" content=\"2022-03-30T13:36:24+00:00\" \/>\n<meta property=\"article:modified_time\" content=\"2022-03-30T13:40:09+00:00\" \/>\n<meta property=\"og:image\" content=\"https:\/\/algarve7.pt\/wp-content\/uploads\/2020\/10\/Logo-8.jpg\" \/>\n\t<meta property=\"og:image:width\" content=\"1680\" \/>\n\t<meta property=\"og:image:height\" content=\"1186\" \/>\n\t<meta property=\"og:image:type\" content=\"image\/jpeg\" \/>\n<meta name=\"author\" content=\"Algarve 7\" \/>\n<meta name=\"twitter:card\" content=\"summary_large_image\" \/>\n<meta name=\"twitter:creator\" content=\"@Algarvesete\" \/>\n<meta name=\"twitter:site\" content=\"@Algarvesete\" \/>\n<meta name=\"twitter:label1\" content=\"Escrito por\" \/>\n\t<meta name=\"twitter:data1\" content=\"Algarve 7\" \/>\n\t<meta name=\"twitter:label2\" content=\"Tempo estimado de leitura\" \/>\n\t<meta name=\"twitter:data2\" content=\"1 minuto\" \/>\n<script type=\"application\/ld+json\" class=\"yoast-schema-graph\">{\"@context\":\"https:\\\/\\\/schema.org\",\"@graph\":[{\"@type\":\"Article\",\"@id\":\"https:\\\/\\\/algarve7.pt\\\/index.php\\\/2022\\\/03\\\/dino-dsantiago-nomeado-para-os-premios-play-premios-da-musica-portuguesa\\\/cultura\\\/14\\\/36\\\/#article\",\"isPartOf\":{\"@id\":\"https:\\\/\\\/algarve7.pt\\\/index.php\\\/2022\\\/03\\\/dino-dsantiago-nomeado-para-os-premios-play-premios-da-musica-portuguesa\\\/cultura\\\/14\\\/36\\\/\"},\"author\":{\"name\":\"Algarve 7\",\"@id\":\"https:\\\/\\\/algarve7.pt\\\/#\\\/schema\\\/person\\\/23fa70681308e7b319a3204bcea45e0c\"},\"headline\":\"Dino D\u2019Santiago, nomeado para os pr\u00e9mios play &#8211; pr\u00e9mios da m\u00fasica portuguesa\u00a0\",\"datePublished\":\"2022-03-30T13:36:24+00:00\",\"dateModified\":\"2022-03-30T13:40:09+00:00\",\"mainEntityOfPage\":{\"@id\":\"https:\\\/\\\/algarve7.pt\\\/index.php\\\/2022\\\/03\\\/dino-dsantiago-nomeado-para-os-premios-play-premios-da-musica-portuguesa\\\/cultura\\\/14\\\/36\\\/\"},\"wordCount\":138,\"commentCount\":0,\"publisher\":{\"@id\":\"https:\\\/\\\/algarve7.pt\\\/#organization\"},\"keywords\":[\"Algarve\",\"Cultura\",\"pr\u00e9\",\"Pr\u00e9mio\"],\"articleSection\":[\"Cultura\"],\"inLanguage\":\"pt-PT\",\"potentialAction\":[{\"@type\":\"CommentAction\",\"name\":\"Comment\",\"target\":[\"https:\\\/\\\/algarve7.pt\\\/index.php\\\/2022\\\/03\\\/dino-dsantiago-nomeado-para-os-premios-play-premios-da-musica-portuguesa\\\/cultura\\\/14\\\/36\\\/#respond\"]}]},{\"@type\":\"WebPage\",\"@id\":\"https:\\\/\\\/algarve7.pt\\\/index.php\\\/2022\\\/03\\\/dino-dsantiago-nomeado-para-os-premios-play-premios-da-musica-portuguesa\\\/cultura\\\/14\\\/36\\\/\",\"url\":\"https:\\\/\\\/algarve7.pt\\\/index.php\\\/2022\\\/03\\\/dino-dsantiago-nomeado-para-os-premios-play-premios-da-musica-portuguesa\\\/cultura\\\/14\\\/36\\\/\",\"name\":\"Dino D\u2019Santiago, nomeado para os pr\u00e9mios play - pr\u00e9mios da m\u00fasica portuguesa\u00a0 - Algarve 7\",\"isPartOf\":{\"@id\":\"https:\\\/\\\/algarve7.pt\\\/#website\"},\"datePublished\":\"2022-03-30T13:36:24+00:00\",\"dateModified\":\"2022-03-30T13:40:09+00:00\",\"description\":\"Dino D\u2019Santiago, nomeado para os pr\u00e9mios play - pr\u00e9mios da m\u00fasica portuguesa\u00a0 Cultura\",\"breadcrumb\":{\"@id\":\"https:\\\/\\\/algarve7.pt\\\/index.php\\\/2022\\\/03\\\/dino-dsantiago-nomeado-para-os-premios-play-premios-da-musica-portuguesa\\\/cultura\\\/14\\\/36\\\/#breadcrumb\"},\"inLanguage\":\"pt-PT\",\"potentialAction\":[{\"@type\":\"ReadAction\",\"target\":[\"https:\\\/\\\/algarve7.pt\\\/index.php\\\/2022\\\/03\\\/dino-dsantiago-nomeado-para-os-premios-play-premios-da-musica-portuguesa\\\/cultura\\\/14\\\/36\\\/\"]}]},{\"@type\":\"BreadcrumbList\",\"@id\":\"https:\\\/\\\/algarve7.pt\\\/index.php\\\/2022\\\/03\\\/dino-dsantiago-nomeado-para-os-premios-play-premios-da-musica-portuguesa\\\/cultura\\\/14\\\/36\\\/#breadcrumb\",\"itemListElement\":[{\"@type\":\"ListItem\",\"position\":1,\"name\":\"In\u00edcio\",\"item\":\"https:\\\/\\\/algarve7.pt\\\/\"},{\"@type\":\"ListItem\",\"position\":2,\"name\":\"Dino D\u2019Santiago, nomeado para os pr\u00e9mios play &#8211; pr\u00e9mios da m\u00fasica portuguesa\u00a0\"}]},{\"@type\":\"WebSite\",\"@id\":\"https:\\\/\\\/algarve7.pt\\\/#website\",\"url\":\"https:\\\/\\\/algarve7.pt\\\/\",\"name\":\"Algarve 7\",\"description\":\"Informa\u00e7\u00e3o sobre o Algarve\",\"publisher\":{\"@id\":\"https:\\\/\\\/algarve7.pt\\\/#organization\"},\"potentialAction\":[{\"@type\":\"SearchAction\",\"target\":{\"@type\":\"EntryPoint\",\"urlTemplate\":\"https:\\\/\\\/algarve7.pt\\\/?s={search_term_string}\"},\"query-input\":{\"@type\":\"PropertyValueSpecification\",\"valueRequired\":true,\"valueName\":\"search_term_string\"}}],\"inLanguage\":\"pt-PT\"},{\"@type\":\"Organization\",\"@id\":\"https:\\\/\\\/algarve7.pt\\\/#organization\",\"name\":\"Algarve 7\",\"url\":\"https:\\\/\\\/algarve7.pt\\\/\",\"logo\":{\"@type\":\"ImageObject\",\"inLanguage\":\"pt-PT\",\"@id\":\"https:\\\/\\\/algarve7.pt\\\/#\\\/schema\\\/logo\\\/image\\\/\",\"url\":\"https:\\\/\\\/algarve7.pt\\\/wp-content\\\/uploads\\\/2020\\\/10\\\/Logo-8.jpg\",\"contentUrl\":\"https:\\\/\\\/algarve7.pt\\\/wp-content\\\/uploads\\\/2020\\\/10\\\/Logo-8.jpg\",\"width\":1680,\"height\":1186,\"caption\":\"Algarve 7\"},\"image\":{\"@id\":\"https:\\\/\\\/algarve7.pt\\\/#\\\/schema\\\/logo\\\/image\\\/\"},\"sameAs\":[\"https:\\\/\\\/www.facebook.com\\\/algarve7\",\"https:\\\/\\\/x.com\\\/Algarvesete\",\"https:\\\/\\\/www.instagram.com\\\/jornalalgarve7\\\/\",\"https:\\\/\\\/www.linkedin.com\\\/company\\\/algarve7\",\"https:\\\/\\\/www.pinterest.pt\\\/geral0939\\\/_created\\\/\"]},{\"@type\":\"Person\",\"@id\":\"https:\\\/\\\/algarve7.pt\\\/#\\\/schema\\\/person\\\/23fa70681308e7b319a3204bcea45e0c\",\"name\":\"Algarve 7\",\"sameAs\":[\"https:\\\/\\\/algarve7.pt\",\"https:\\\/\\\/www.facebook.com\\\/algarve7\"],\"url\":\"https:\\\/\\\/algarve7.pt\\\/index.php\\\/author\\\/geralalgarve7-pt\\\/\"}]}<\/script>\n<!-- \/ Yoast SEO plugin. -->","yoast_head_json":{"title":"Dino D\u2019Santiago, nomeado para os pr\u00e9mios play - pr\u00e9mios da m\u00fasica portuguesa\u00a0 - Algarve 7","description":"Dino D\u2019Santiago, nomeado para os pr\u00e9mios play - pr\u00e9mios da m\u00fasica portuguesa\u00a0 Cultura","robots":{"index":"index","follow":"follow","max-snippet":"max-snippet:-1","max-image-preview":"max-image-preview:large","max-video-preview":"max-video-preview:-1"},"canonical":"https:\/\/algarve7.pt\/index.php\/2022\/03\/dino-dsantiago-nomeado-para-os-premios-play-premios-da-musica-portuguesa\/cultura\/14\/36\/","og_locale":"pt_PT","og_type":"article","og_title":"Dino D\u2019Santiago, nomeado para os pr\u00e9mios play - pr\u00e9mios da m\u00fasica portuguesa\u00a0 - Algarve 7","og_description":"Dino D\u2019Santiago, nomeado para os pr\u00e9mios play - pr\u00e9mios da m\u00fasica portuguesa\u00a0 Cultura","og_url":"https:\/\/algarve7.pt\/index.php\/2022\/03\/dino-dsantiago-nomeado-para-os-premios-play-premios-da-musica-portuguesa\/cultura\/14\/36\/","og_site_name":"Algarve 7","article_publisher":"https:\/\/www.facebook.com\/algarve7","article_author":"https:\/\/www.facebook.com\/algarve7","article_published_time":"2022-03-30T13:36:24+00:00","article_modified_time":"2022-03-30T13:40:09+00:00","og_image":[{"width":1680,"height":1186,"url":"https:\/\/algarve7.pt\/wp-content\/uploads\/2020\/10\/Logo-8.jpg","type":"image\/jpeg"}],"author":"Algarve 7","twitter_card":"summary_large_image","twitter_creator":"@Algarvesete","twitter_site":"@Algarvesete","twitter_misc":{"Escrito por":"Algarve 7","Tempo estimado de leitura":"1 minuto"},"schema":{"@context":"https:\/\/schema.org","@graph":[{"@type":"Article","@id":"https:\/\/algarve7.pt\/index.php\/2022\/03\/dino-dsantiago-nomeado-para-os-premios-play-premios-da-musica-portuguesa\/cultura\/14\/36\/#article","isPartOf":{"@id":"https:\/\/algarve7.pt\/index.php\/2022\/03\/dino-dsantiago-nomeado-para-os-premios-play-premios-da-musica-portuguesa\/cultura\/14\/36\/"},"author":{"name":"Algarve 7","@id":"https:\/\/algarve7.pt\/#\/schema\/person\/23fa70681308e7b319a3204bcea45e0c"},"headline":"Dino D\u2019Santiago, nomeado para os pr\u00e9mios play &#8211; pr\u00e9mios da m\u00fasica portuguesa\u00a0","datePublished":"2022-03-30T13:36:24+00:00","dateModified":"2022-03-30T13:40:09+00:00","mainEntityOfPage":{"@id":"https:\/\/algarve7.pt\/index.php\/2022\/03\/dino-dsantiago-nomeado-para-os-premios-play-premios-da-musica-portuguesa\/cultura\/14\/36\/"},"wordCount":138,"commentCount":0,"publisher":{"@id":"https:\/\/algarve7.pt\/#organization"},"keywords":["Algarve","Cultura","pr\u00e9","Pr\u00e9mio"],"articleSection":["Cultura"],"inLanguage":"pt-PT","potentialAction":[{"@type":"CommentAction","name":"Comment","target":["https:\/\/algarve7.pt\/index.php\/2022\/03\/dino-dsantiago-nomeado-para-os-premios-play-premios-da-musica-portuguesa\/cultura\/14\/36\/#respond"]}]},{"@type":"WebPage","@id":"https:\/\/algarve7.pt\/index.php\/2022\/03\/dino-dsantiago-nomeado-para-os-premios-play-premios-da-musica-portuguesa\/cultura\/14\/36\/","url":"https:\/\/algarve7.pt\/index.php\/2022\/03\/dino-dsantiago-nomeado-para-os-premios-play-premios-da-musica-portuguesa\/cultura\/14\/36\/","name":"Dino D\u2019Santiago, nomeado para os pr\u00e9mios play - pr\u00e9mios da m\u00fasica portuguesa\u00a0 - Algarve 7","isPartOf":{"@id":"https:\/\/algarve7.pt\/#website"},"datePublished":"2022-03-30T13:36:24+00:00","dateModified":"2022-03-30T13:40:09+00:00","description":"Dino D\u2019Santiago, nomeado para os pr\u00e9mios play - pr\u00e9mios da m\u00fasica portuguesa\u00a0 Cultura","breadcrumb":{"@id":"https:\/\/algarve7.pt\/index.php\/2022\/03\/dino-dsantiago-nomeado-para-os-premios-play-premios-da-musica-portuguesa\/cultura\/14\/36\/#breadcrumb"},"inLanguage":"pt-PT","potentialAction":[{"@type":"ReadAction","target":["https:\/\/algarve7.pt\/index.php\/2022\/03\/dino-dsantiago-nomeado-para-os-premios-play-premios-da-musica-portuguesa\/cultura\/14\/36\/"]}]},{"@type":"BreadcrumbList","@id":"https:\/\/algarve7.pt\/index.php\/2022\/03\/dino-dsantiago-nomeado-para-os-premios-play-premios-da-musica-portuguesa\/cultura\/14\/36\/#breadcrumb","itemListElement":[{"@type":"ListItem","position":1,"name":"In\u00edcio","item":"https:\/\/algarve7.pt\/"},{"@type":"ListItem","position":2,"name":"Dino D\u2019Santiago, nomeado para os pr\u00e9mios play &#8211; pr\u00e9mios da m\u00fasica portuguesa\u00a0"}]},{"@type":"WebSite","@id":"https:\/\/algarve7.pt\/#website","url":"https:\/\/algarve7.pt\/","name":"Algarve 7","description":"Informa\u00e7\u00e3o sobre o Algarve","publisher":{"@id":"https:\/\/algarve7.pt\/#organization"},"potentialAction":[{"@type":"SearchAction","target":{"@type":"EntryPoint","urlTemplate":"https:\/\/algarve7.pt\/?s={search_term_string}"},"query-input":{"@type":"PropertyValueSpecification","valueRequired":true,"valueName":"search_term_string"}}],"inLanguage":"pt-PT"},{"@type":"Organization","@id":"https:\/\/algarve7.pt\/#organization","name":"Algarve 7","url":"https:\/\/algarve7.pt\/","logo":{"@type":"ImageObject","inLanguage":"pt-PT","@id":"https:\/\/algarve7.pt\/#\/schema\/logo\/image\/","url":"https:\/\/algarve7.pt\/wp-content\/uploads\/2020\/10\/Logo-8.jpg","contentUrl":"https:\/\/algarve7.pt\/wp-content\/uploads\/2020\/10\/Logo-8.jpg","width":1680,"height":1186,"caption":"Algarve 7"},"image":{"@id":"https:\/\/algarve7.pt\/#\/schema\/logo\/image\/"},"sameAs":["https:\/\/www.facebook.com\/algarve7","https:\/\/x.com\/Algarvesete","https:\/\/www.instagram.com\/jornalalgarve7\/","https:\/\/www.linkedin.com\/company\/algarve7","https:\/\/www.pinterest.pt\/geral0939\/_created\/"]},{"@type":"Person","@id":"https:\/\/algarve7.pt\/#\/schema\/person\/23fa70681308e7b319a3204bcea45e0c","name":"Algarve 7","sameAs":["https:\/\/algarve7.pt","https:\/\/www.facebook.com\/algarve7"],"url":"https:\/\/algarve7.pt\/index.php\/author\/geralalgarve7-pt\/"}]}},"jetpack_publicize_connections":[],"jetpack_featured_media_url":"","jetpack_shortlink":"https:\/\/wp.me\/pcezmW-4sQ","jetpack_sharing_enabled":true,"_links":{"self":[{"href":"https:\/\/algarve7.pt\/index.php\/wp-json\/wp\/v2\/posts\/17164","targetHints":{"allow":["GET"]}}],"collection":[{"href":"https:\/\/algarve7.pt\/index.php\/wp-json\/wp\/v2\/posts"}],"about":[{"href":"https:\/\/algarve7.pt\/index.php\/wp-json\/wp\/v2\/types\/post"}],"author":[{"embeddable":true,"href":"https:\/\/algarve7.pt\/index.php\/wp-json\/wp\/v2\/users\/1"}],"replies":[{"embeddable":true,"href":"https:\/\/algarve7.pt\/index.php\/wp-json\/wp\/v2\/comments?post=17164"}],"version-history":[{"count":0,"href":"https:\/\/algarve7.pt\/index.php\/wp-json\/wp\/v2\/posts\/17164\/revisions"}],"wp:attachment":[{"href":"https:\/\/algarve7.pt\/index.php\/wp-json\/wp\/v2\/media?parent=17164"}],"wp:term":[{"taxonomy":"category","embeddable":true,"href":"https:\/\/algarve7.pt\/index.php\/wp-json\/wp\/v2\/categories?post=17164"},{"taxonomy":"post_tag","embeddable":true,"href":"https:\/\/algarve7.pt\/index.php\/wp-json\/wp\/v2\/tags?post=17164"}],"curies":[{"name":"wp","href":"https:\/\/api.w.org\/{rel}","templated":true}]}}