{"id":1712,"date":"2020-09-22T16:30:26","date_gmt":"2020-09-22T15:30:26","guid":{"rendered":"https:\/\/algarve7.pt\/?p=1712"},"modified":"2020-09-22T15:40:00","modified_gmt":"2020-09-22T14:40:00","slug":"apoios-ao-desporto-escolar-para-a-promocao-da-pratica-da-vela-em-lagos","status":"publish","type":"post","link":"https:\/\/algarve7.pt\/index.php\/2020\/09\/apoios-ao-desporto-escolar-para-a-promocao-da-pratica-da-vela-em-lagos\/desporto\/16\/30\/","title":{"rendered":"Apoios ao Desporto Escolar para a promo\u00e7\u00e3o da pr\u00e1tica da Vela em Lagos"},"content":{"rendered":"\n<p>A autarquia lacobrigense renovou, pelo quinto ano consecutivo, o apoio ao Centro de Forma\u00e7\u00e3o Desportiva de Vela (CFD) do Agrupamento de Escolas J\u00falio Dantas que funciona no \u00e2mbito do Desporto Escolar. Para al\u00e9m da ced\u00eancia de transporte, a C\u00e2mara Municipal vai apoiar financeiramente o projeto.<\/p>\n\n\n\n<p>De acordo com a delibera\u00e7\u00e3o tomada na \u00faltima reuni\u00e3o, foi aprovada a renova\u00e7\u00e3o do Protocolo de Colabora\u00e7\u00e3o existente entre a C\u00e2mara Municipal de Lagos, o Agrupamento de Escolas J\u00falio Dantas e o Clube de Vela de Lagos, o qual prev\u00ea a atribui\u00e7\u00e3o de uma verba de 2.600,00\u20ac no corrente ano letivo, a aplicar na aquisi\u00e7\u00e3o de cinco caiaques individuais e respetivas pagaias. Estes equipamentos ir\u00e3o permitir diversificar o tipo de atividades praticadas pelos alunos, proporcionando-lhes igualmente uma sensibiliza\u00e7\u00e3o \u00e0 pr\u00e1tica da canoagem, alternativa especialmente interessante em dias de pouco vento em que a pr\u00e1tica da vela se torna mais dif\u00edcil. Para al\u00e9m do enriquecimento dos alunos ao n\u00edvel das atividades de contacto com o mar e com a natureza, esta diversifica\u00e7\u00e3o de atividades visa igualmente dar resposta e adaptar o projeto \u00e0s novas regras de higiene e seguran\u00e7a impostas pela pandemia.&nbsp;<\/p>\n\n\n\n<p>De acordo com o relat\u00f3rio a que o munic\u00edpio teve acesso, no ano letivo transato participaram neste projeto de Desporto Escolar um total de 289 alunos do 4.\u00ba ano (1.\u00ba Ciclo) das escolas p\u00fablicas de ambos os agrupamentos escolares do concelho. Ao n\u00edvel das atividades regulares o Centro de Forma\u00e7\u00e3o Desportiva de Vela acompanhou semanalmente os grupos equipa constitu\u00eddas por um total de 27 alunos do 5.\u00ba ao 11.\u00ba ano de escolaridade oriundos dos dois agrupamentos escolares.<\/p>\n\n\n\n<p>Este apoio ao CFD de Vela, apesar de n\u00e3o ser compet\u00eancia direta do munic\u00edpio, enquadra-se no \u00e2mbito do seu Plano Estrat\u00e9gico de Desenvolvimento Desportivo, o qual aposta na consolida\u00e7\u00e3o e refor\u00e7o de parcerias entre a autarquia, escolas, clubes e empresas, visando a promo\u00e7\u00e3o e desenvolvimento de modalidades cuja pr\u00e1tica se efetue ao ar livre (mar e campo), em contacto direto com a natureza e aproveitando as excelentes condi\u00e7\u00f5es do concelho.<\/p>\n","protected":false},"excerpt":{"rendered":"<p>A autarquia lacobrigense renovou, pelo quinto ano consecutivo, o apoio ao Centro de Forma\u00e7\u00e3o Desportiva de Vela (CFD) do Agrupamento<\/p>\n","protected":false},"author":1,"featured_media":1713,"comment_status":"closed","ping_status":"open","sticky":false,"template":"","format":"standard","meta":{"colormag_page_container_layout":"default_layout","colormag_page_sidebar_layout":"default_layout","_monsterinsights_skip_tracking":false,"_monsterinsights_sitenote_active":false,"_monsterinsights_sitenote_note":"","_monsterinsights_sitenote_category":0,"jetpack_post_was_ever_published":false,"_jetpack_newsletter_access":"","_jetpack_dont_email_post_to_subs":false,"_jetpack_newsletter_tier_id":0,"_jetpack_memberships_contains_paywalled_content":false,"_jetpack_memberships_contains_paid_content":false,"footnotes":"","jetpack_publicize_message":"","jetpack_publicize_feature_enabled":true,"jetpack_social_post_already_shared":true,"jetpack_social_options":{"image_generator_settings":{"template":"highway","default_image_id":0,"font":"","enabled":false},"version":2}},"categories":[15],"tags":[68,105],"class_list":["post-1712","post","type-post","status-publish","format-standard","has-post-thumbnail","hentry","category-desporto","tag-lagos","tag-vela"],"yoast_head":"<!-- This site is optimized with the Yoast SEO plugin v27.5 - https:\/\/yoast.com\/product\/yoast-seo-wordpress\/ -->\n<title>Apoios ao Desporto Escolar para a promo\u00e7\u00e3o da pr\u00e1tica da Vela em Lagos - Algarve 7<\/title>\n<meta name=\"description\" content=\"Apoios ao Desporto Escolar para a promo\u00e7\u00e3o da pr\u00e1tica da Vela em Lagos\" \/>\n<meta name=\"robots\" content=\"index, follow, max-snippet:-1, max-image-preview:large, max-video-preview:-1\" \/>\n<link rel=\"canonical\" href=\"https:\/\/algarve7.pt\/index.php\/2020\/09\/apoios-ao-desporto-escolar-para-a-promocao-da-pratica-da-vela-em-lagos\/desporto\/16\/30\/\" \/>\n<meta property=\"og:locale\" content=\"pt_PT\" \/>\n<meta property=\"og:type\" content=\"article\" \/>\n<meta property=\"og:title\" content=\"Apoios ao Desporto Escolar para a promo\u00e7\u00e3o da pr\u00e1tica da Vela em Lagos - Algarve 7\" \/>\n<meta property=\"og:description\" content=\"Apoios ao Desporto Escolar para a promo\u00e7\u00e3o da pr\u00e1tica da Vela em Lagos\" \/>\n<meta property=\"og:url\" content=\"https:\/\/algarve7.pt\/index.php\/2020\/09\/apoios-ao-desporto-escolar-para-a-promocao-da-pratica-da-vela-em-lagos\/desporto\/16\/30\/\" \/>\n<meta property=\"og:site_name\" content=\"Algarve 7\" \/>\n<meta property=\"article:publisher\" content=\"https:\/\/www.facebook.com\/algarve7\" \/>\n<meta property=\"article:author\" content=\"https:\/\/www.facebook.com\/algarve7\" \/>\n<meta property=\"article:published_time\" content=\"2020-09-22T15:30:26+00:00\" \/>\n<meta property=\"og:image\" content=\"https:\/\/algarve7.pt\/wp-content\/uploads\/2020\/09\/vela-optimists-saindo-para-Baia-1-OCS.jpg\" \/>\n\t<meta property=\"og:image:width\" content=\"1200\" \/>\n\t<meta property=\"og:image:height\" content=\"800\" \/>\n\t<meta property=\"og:image:type\" content=\"image\/jpeg\" \/>\n<meta name=\"author\" content=\"Algarve 7\" \/>\n<meta name=\"twitter:card\" content=\"summary_large_image\" \/>\n<meta name=\"twitter:creator\" content=\"@Algarvesete\" \/>\n<meta name=\"twitter:site\" content=\"@Algarvesete\" \/>\n<meta name=\"twitter:label1\" content=\"Escrito por\" \/>\n\t<meta name=\"twitter:data1\" content=\"Algarve 7\" \/>\n\t<meta name=\"twitter:label2\" content=\"Tempo estimado de leitura\" \/>\n\t<meta name=\"twitter:data2\" content=\"2 minutos\" \/>\n<script type=\"application\/ld+json\" class=\"yoast-schema-graph\">{\"@context\":\"https:\\\/\\\/schema.org\",\"@graph\":[{\"@type\":\"Article\",\"@id\":\"https:\\\/\\\/algarve7.pt\\\/index.php\\\/2020\\\/09\\\/apoios-ao-desporto-escolar-para-a-promocao-da-pratica-da-vela-em-lagos\\\/desporto\\\/16\\\/30\\\/#article\",\"isPartOf\":{\"@id\":\"https:\\\/\\\/algarve7.pt\\\/index.php\\\/2020\\\/09\\\/apoios-ao-desporto-escolar-para-a-promocao-da-pratica-da-vela-em-lagos\\\/desporto\\\/16\\\/30\\\/\"},\"author\":{\"name\":\"Algarve 7\",\"@id\":\"https:\\\/\\\/algarve7.pt\\\/#\\\/schema\\\/person\\\/23fa70681308e7b319a3204bcea45e0c\"},\"headline\":\"Apoios ao Desporto Escolar para a promo\u00e7\u00e3o da pr\u00e1tica da Vela em Lagos\",\"datePublished\":\"2020-09-22T15:30:26+00:00\",\"mainEntityOfPage\":{\"@id\":\"https:\\\/\\\/algarve7.pt\\\/index.php\\\/2020\\\/09\\\/apoios-ao-desporto-escolar-para-a-promocao-da-pratica-da-vela-em-lagos\\\/desporto\\\/16\\\/30\\\/\"},\"wordCount\":378,\"publisher\":{\"@id\":\"https:\\\/\\\/algarve7.pt\\\/#organization\"},\"image\":{\"@id\":\"https:\\\/\\\/algarve7.pt\\\/index.php\\\/2020\\\/09\\\/apoios-ao-desporto-escolar-para-a-promocao-da-pratica-da-vela-em-lagos\\\/desporto\\\/16\\\/30\\\/#primaryimage\"},\"thumbnailUrl\":\"https:\\\/\\\/algarve7.pt\\\/wp-content\\\/uploads\\\/2020\\\/09\\\/vela-optimists-saindo-para-Baia-1-OCS.jpg\",\"keywords\":[\"Lagos\",\"Vela\"],\"articleSection\":[\"Desporto\"],\"inLanguage\":\"pt-PT\"},{\"@type\":\"WebPage\",\"@id\":\"https:\\\/\\\/algarve7.pt\\\/index.php\\\/2020\\\/09\\\/apoios-ao-desporto-escolar-para-a-promocao-da-pratica-da-vela-em-lagos\\\/desporto\\\/16\\\/30\\\/\",\"url\":\"https:\\\/\\\/algarve7.pt\\\/index.php\\\/2020\\\/09\\\/apoios-ao-desporto-escolar-para-a-promocao-da-pratica-da-vela-em-lagos\\\/desporto\\\/16\\\/30\\\/\",\"name\":\"Apoios ao Desporto Escolar para a promo\u00e7\u00e3o da pr\u00e1tica da Vela em Lagos - Algarve 7\",\"isPartOf\":{\"@id\":\"https:\\\/\\\/algarve7.pt\\\/#website\"},\"primaryImageOfPage\":{\"@id\":\"https:\\\/\\\/algarve7.pt\\\/index.php\\\/2020\\\/09\\\/apoios-ao-desporto-escolar-para-a-promocao-da-pratica-da-vela-em-lagos\\\/desporto\\\/16\\\/30\\\/#primaryimage\"},\"image\":{\"@id\":\"https:\\\/\\\/algarve7.pt\\\/index.php\\\/2020\\\/09\\\/apoios-ao-desporto-escolar-para-a-promocao-da-pratica-da-vela-em-lagos\\\/desporto\\\/16\\\/30\\\/#primaryimage\"},\"thumbnailUrl\":\"https:\\\/\\\/algarve7.pt\\\/wp-content\\\/uploads\\\/2020\\\/09\\\/vela-optimists-saindo-para-Baia-1-OCS.jpg\",\"datePublished\":\"2020-09-22T15:30:26+00:00\",\"description\":\"Apoios ao Desporto Escolar para a promo\u00e7\u00e3o da pr\u00e1tica da Vela em Lagos\",\"breadcrumb\":{\"@id\":\"https:\\\/\\\/algarve7.pt\\\/index.php\\\/2020\\\/09\\\/apoios-ao-desporto-escolar-para-a-promocao-da-pratica-da-vela-em-lagos\\\/desporto\\\/16\\\/30\\\/#breadcrumb\"},\"inLanguage\":\"pt-PT\",\"potentialAction\":[{\"@type\":\"ReadAction\",\"target\":[\"https:\\\/\\\/algarve7.pt\\\/index.php\\\/2020\\\/09\\\/apoios-ao-desporto-escolar-para-a-promocao-da-pratica-da-vela-em-lagos\\\/desporto\\\/16\\\/30\\\/\"]}]},{\"@type\":\"ImageObject\",\"inLanguage\":\"pt-PT\",\"@id\":\"https:\\\/\\\/algarve7.pt\\\/index.php\\\/2020\\\/09\\\/apoios-ao-desporto-escolar-para-a-promocao-da-pratica-da-vela-em-lagos\\\/desporto\\\/16\\\/30\\\/#primaryimage\",\"url\":\"https:\\\/\\\/algarve7.pt\\\/wp-content\\\/uploads\\\/2020\\\/09\\\/vela-optimists-saindo-para-Baia-1-OCS.jpg\",\"contentUrl\":\"https:\\\/\\\/algarve7.pt\\\/wp-content\\\/uploads\\\/2020\\\/09\\\/vela-optimists-saindo-para-Baia-1-OCS.jpg\",\"width\":1200,\"height\":800,\"caption\":\"vela optimists saindo para Ba\u00eda\"},{\"@type\":\"BreadcrumbList\",\"@id\":\"https:\\\/\\\/algarve7.pt\\\/index.php\\\/2020\\\/09\\\/apoios-ao-desporto-escolar-para-a-promocao-da-pratica-da-vela-em-lagos\\\/desporto\\\/16\\\/30\\\/#breadcrumb\",\"itemListElement\":[{\"@type\":\"ListItem\",\"position\":1,\"name\":\"In\u00edcio\",\"item\":\"https:\\\/\\\/algarve7.pt\\\/\"},{\"@type\":\"ListItem\",\"position\":2,\"name\":\"Apoios ao Desporto Escolar para a promo\u00e7\u00e3o da pr\u00e1tica da Vela em Lagos\"}]},{\"@type\":\"WebSite\",\"@id\":\"https:\\\/\\\/algarve7.pt\\\/#website\",\"url\":\"https:\\\/\\\/algarve7.pt\\\/\",\"name\":\"Algarve 7\",\"description\":\"Informa\u00e7\u00e3o sobre o Algarve\",\"publisher\":{\"@id\":\"https:\\\/\\\/algarve7.pt\\\/#organization\"},\"potentialAction\":[{\"@type\":\"SearchAction\",\"target\":{\"@type\":\"EntryPoint\",\"urlTemplate\":\"https:\\\/\\\/algarve7.pt\\\/?s={search_term_string}\"},\"query-input\":{\"@type\":\"PropertyValueSpecification\",\"valueRequired\":true,\"valueName\":\"search_term_string\"}}],\"inLanguage\":\"pt-PT\"},{\"@type\":\"Organization\",\"@id\":\"https:\\\/\\\/algarve7.pt\\\/#organization\",\"name\":\"Algarve 7\",\"url\":\"https:\\\/\\\/algarve7.pt\\\/\",\"logo\":{\"@type\":\"ImageObject\",\"inLanguage\":\"pt-PT\",\"@id\":\"https:\\\/\\\/algarve7.pt\\\/#\\\/schema\\\/logo\\\/image\\\/\",\"url\":\"https:\\\/\\\/algarve7.pt\\\/wp-content\\\/uploads\\\/2020\\\/10\\\/Logo-8.jpg\",\"contentUrl\":\"https:\\\/\\\/algarve7.pt\\\/wp-content\\\/uploads\\\/2020\\\/10\\\/Logo-8.jpg\",\"width\":1680,\"height\":1186,\"caption\":\"Algarve 7\"},\"image\":{\"@id\":\"https:\\\/\\\/algarve7.pt\\\/#\\\/schema\\\/logo\\\/image\\\/\"},\"sameAs\":[\"https:\\\/\\\/www.facebook.com\\\/algarve7\",\"https:\\\/\\\/x.com\\\/Algarvesete\",\"https:\\\/\\\/www.instagram.com\\\/jornalalgarve7\\\/\",\"https:\\\/\\\/www.linkedin.com\\\/company\\\/algarve7\",\"https:\\\/\\\/www.pinterest.pt\\\/geral0939\\\/_created\\\/\"]},{\"@type\":\"Person\",\"@id\":\"https:\\\/\\\/algarve7.pt\\\/#\\\/schema\\\/person\\\/23fa70681308e7b319a3204bcea45e0c\",\"name\":\"Algarve 7\",\"sameAs\":[\"https:\\\/\\\/algarve7.pt\",\"https:\\\/\\\/www.facebook.com\\\/algarve7\"],\"url\":\"https:\\\/\\\/algarve7.pt\\\/index.php\\\/author\\\/geralalgarve7-pt\\\/\"}]}<\/script>\n<!-- \/ Yoast SEO plugin. -->","yoast_head_json":{"title":"Apoios ao Desporto Escolar para a promo\u00e7\u00e3o da pr\u00e1tica da Vela em Lagos - Algarve 7","description":"Apoios ao Desporto Escolar para a promo\u00e7\u00e3o da pr\u00e1tica da Vela em Lagos","robots":{"index":"index","follow":"follow","max-snippet":"max-snippet:-1","max-image-preview":"max-image-preview:large","max-video-preview":"max-video-preview:-1"},"canonical":"https:\/\/algarve7.pt\/index.php\/2020\/09\/apoios-ao-desporto-escolar-para-a-promocao-da-pratica-da-vela-em-lagos\/desporto\/16\/30\/","og_locale":"pt_PT","og_type":"article","og_title":"Apoios ao Desporto Escolar para a promo\u00e7\u00e3o da pr\u00e1tica da Vela em Lagos - Algarve 7","og_description":"Apoios ao Desporto Escolar para a promo\u00e7\u00e3o da pr\u00e1tica da Vela em Lagos","og_url":"https:\/\/algarve7.pt\/index.php\/2020\/09\/apoios-ao-desporto-escolar-para-a-promocao-da-pratica-da-vela-em-lagos\/desporto\/16\/30\/","og_site_name":"Algarve 7","article_publisher":"https:\/\/www.facebook.com\/algarve7","article_author":"https:\/\/www.facebook.com\/algarve7","article_published_time":"2020-09-22T15:30:26+00:00","og_image":[{"width":1200,"height":800,"url":"https:\/\/algarve7.pt\/wp-content\/uploads\/2020\/09\/vela-optimists-saindo-para-Baia-1-OCS.jpg","type":"image\/jpeg"}],"author":"Algarve 7","twitter_card":"summary_large_image","twitter_creator":"@Algarvesete","twitter_site":"@Algarvesete","twitter_misc":{"Escrito por":"Algarve 7","Tempo estimado de leitura":"2 minutos"},"schema":{"@context":"https:\/\/schema.org","@graph":[{"@type":"Article","@id":"https:\/\/algarve7.pt\/index.php\/2020\/09\/apoios-ao-desporto-escolar-para-a-promocao-da-pratica-da-vela-em-lagos\/desporto\/16\/30\/#article","isPartOf":{"@id":"https:\/\/algarve7.pt\/index.php\/2020\/09\/apoios-ao-desporto-escolar-para-a-promocao-da-pratica-da-vela-em-lagos\/desporto\/16\/30\/"},"author":{"name":"Algarve 7","@id":"https:\/\/algarve7.pt\/#\/schema\/person\/23fa70681308e7b319a3204bcea45e0c"},"headline":"Apoios ao Desporto Escolar para a promo\u00e7\u00e3o da pr\u00e1tica da Vela em Lagos","datePublished":"2020-09-22T15:30:26+00:00","mainEntityOfPage":{"@id":"https:\/\/algarve7.pt\/index.php\/2020\/09\/apoios-ao-desporto-escolar-para-a-promocao-da-pratica-da-vela-em-lagos\/desporto\/16\/30\/"},"wordCount":378,"publisher":{"@id":"https:\/\/algarve7.pt\/#organization"},"image":{"@id":"https:\/\/algarve7.pt\/index.php\/2020\/09\/apoios-ao-desporto-escolar-para-a-promocao-da-pratica-da-vela-em-lagos\/desporto\/16\/30\/#primaryimage"},"thumbnailUrl":"https:\/\/algarve7.pt\/wp-content\/uploads\/2020\/09\/vela-optimists-saindo-para-Baia-1-OCS.jpg","keywords":["Lagos","Vela"],"articleSection":["Desporto"],"inLanguage":"pt-PT"},{"@type":"WebPage","@id":"https:\/\/algarve7.pt\/index.php\/2020\/09\/apoios-ao-desporto-escolar-para-a-promocao-da-pratica-da-vela-em-lagos\/desporto\/16\/30\/","url":"https:\/\/algarve7.pt\/index.php\/2020\/09\/apoios-ao-desporto-escolar-para-a-promocao-da-pratica-da-vela-em-lagos\/desporto\/16\/30\/","name":"Apoios ao Desporto Escolar para a promo\u00e7\u00e3o da pr\u00e1tica da Vela em Lagos - Algarve 7","isPartOf":{"@id":"https:\/\/algarve7.pt\/#website"},"primaryImageOfPage":{"@id":"https:\/\/algarve7.pt\/index.php\/2020\/09\/apoios-ao-desporto-escolar-para-a-promocao-da-pratica-da-vela-em-lagos\/desporto\/16\/30\/#primaryimage"},"image":{"@id":"https:\/\/algarve7.pt\/index.php\/2020\/09\/apoios-ao-desporto-escolar-para-a-promocao-da-pratica-da-vela-em-lagos\/desporto\/16\/30\/#primaryimage"},"thumbnailUrl":"https:\/\/algarve7.pt\/wp-content\/uploads\/2020\/09\/vela-optimists-saindo-para-Baia-1-OCS.jpg","datePublished":"2020-09-22T15:30:26+00:00","description":"Apoios ao Desporto Escolar para a promo\u00e7\u00e3o da pr\u00e1tica da Vela em Lagos","breadcrumb":{"@id":"https:\/\/algarve7.pt\/index.php\/2020\/09\/apoios-ao-desporto-escolar-para-a-promocao-da-pratica-da-vela-em-lagos\/desporto\/16\/30\/#breadcrumb"},"inLanguage":"pt-PT","potentialAction":[{"@type":"ReadAction","target":["https:\/\/algarve7.pt\/index.php\/2020\/09\/apoios-ao-desporto-escolar-para-a-promocao-da-pratica-da-vela-em-lagos\/desporto\/16\/30\/"]}]},{"@type":"ImageObject","inLanguage":"pt-PT","@id":"https:\/\/algarve7.pt\/index.php\/2020\/09\/apoios-ao-desporto-escolar-para-a-promocao-da-pratica-da-vela-em-lagos\/desporto\/16\/30\/#primaryimage","url":"https:\/\/algarve7.pt\/wp-content\/uploads\/2020\/09\/vela-optimists-saindo-para-Baia-1-OCS.jpg","contentUrl":"https:\/\/algarve7.pt\/wp-content\/uploads\/2020\/09\/vela-optimists-saindo-para-Baia-1-OCS.jpg","width":1200,"height":800,"caption":"vela optimists saindo para Ba\u00eda"},{"@type":"BreadcrumbList","@id":"https:\/\/algarve7.pt\/index.php\/2020\/09\/apoios-ao-desporto-escolar-para-a-promocao-da-pratica-da-vela-em-lagos\/desporto\/16\/30\/#breadcrumb","itemListElement":[{"@type":"ListItem","position":1,"name":"In\u00edcio","item":"https:\/\/algarve7.pt\/"},{"@type":"ListItem","position":2,"name":"Apoios ao Desporto Escolar para a promo\u00e7\u00e3o da pr\u00e1tica da Vela em Lagos"}]},{"@type":"WebSite","@id":"https:\/\/algarve7.pt\/#website","url":"https:\/\/algarve7.pt\/","name":"Algarve 7","description":"Informa\u00e7\u00e3o sobre o Algarve","publisher":{"@id":"https:\/\/algarve7.pt\/#organization"},"potentialAction":[{"@type":"SearchAction","target":{"@type":"EntryPoint","urlTemplate":"https:\/\/algarve7.pt\/?s={search_term_string}"},"query-input":{"@type":"PropertyValueSpecification","valueRequired":true,"valueName":"search_term_string"}}],"inLanguage":"pt-PT"},{"@type":"Organization","@id":"https:\/\/algarve7.pt\/#organization","name":"Algarve 7","url":"https:\/\/algarve7.pt\/","logo":{"@type":"ImageObject","inLanguage":"pt-PT","@id":"https:\/\/algarve7.pt\/#\/schema\/logo\/image\/","url":"https:\/\/algarve7.pt\/wp-content\/uploads\/2020\/10\/Logo-8.jpg","contentUrl":"https:\/\/algarve7.pt\/wp-content\/uploads\/2020\/10\/Logo-8.jpg","width":1680,"height":1186,"caption":"Algarve 7"},"image":{"@id":"https:\/\/algarve7.pt\/#\/schema\/logo\/image\/"},"sameAs":["https:\/\/www.facebook.com\/algarve7","https:\/\/x.com\/Algarvesete","https:\/\/www.instagram.com\/jornalalgarve7\/","https:\/\/www.linkedin.com\/company\/algarve7","https:\/\/www.pinterest.pt\/geral0939\/_created\/"]},{"@type":"Person","@id":"https:\/\/algarve7.pt\/#\/schema\/person\/23fa70681308e7b319a3204bcea45e0c","name":"Algarve 7","sameAs":["https:\/\/algarve7.pt","https:\/\/www.facebook.com\/algarve7"],"url":"https:\/\/algarve7.pt\/index.php\/author\/geralalgarve7-pt\/"}]}},"jetpack_publicize_connections":[],"jetpack_featured_media_url":"https:\/\/algarve7.pt\/wp-content\/uploads\/2020\/09\/vela-optimists-saindo-para-Baia-1-OCS.jpg","jetpack_shortlink":"https:\/\/wp.me\/pcezmW-rC","jetpack_sharing_enabled":true,"_links":{"self":[{"href":"https:\/\/algarve7.pt\/index.php\/wp-json\/wp\/v2\/posts\/1712","targetHints":{"allow":["GET"]}}],"collection":[{"href":"https:\/\/algarve7.pt\/index.php\/wp-json\/wp\/v2\/posts"}],"about":[{"href":"https:\/\/algarve7.pt\/index.php\/wp-json\/wp\/v2\/types\/post"}],"author":[{"embeddable":true,"href":"https:\/\/algarve7.pt\/index.php\/wp-json\/wp\/v2\/users\/1"}],"replies":[{"embeddable":true,"href":"https:\/\/algarve7.pt\/index.php\/wp-json\/wp\/v2\/comments?post=1712"}],"version-history":[{"count":0,"href":"https:\/\/algarve7.pt\/index.php\/wp-json\/wp\/v2\/posts\/1712\/revisions"}],"wp:featuredmedia":[{"embeddable":true,"href":"https:\/\/algarve7.pt\/index.php\/wp-json\/wp\/v2\/media\/1713"}],"wp:attachment":[{"href":"https:\/\/algarve7.pt\/index.php\/wp-json\/wp\/v2\/media?parent=1712"}],"wp:term":[{"taxonomy":"category","embeddable":true,"href":"https:\/\/algarve7.pt\/index.php\/wp-json\/wp\/v2\/categories?post=1712"},{"taxonomy":"post_tag","embeddable":true,"href":"https:\/\/algarve7.pt\/index.php\/wp-json\/wp\/v2\/tags?post=1712"}],"curies":[{"name":"wp","href":"https:\/\/api.w.org\/{rel}","templated":true}]}}