{"id":17047,"date":"2022-03-28T09:01:48","date_gmt":"2022-03-28T08:01:48","guid":{"rendered":"https:\/\/algarve7.pt\/?p=17047"},"modified":"2022-03-28T09:01:49","modified_gmt":"2022-03-28T08:01:49","slug":"tavira-juntos-de-ferias-le-joga-e-ganha-premios-2","status":"publish","type":"post","link":"https:\/\/algarve7.pt\/index.php\/2022\/03\/tavira-juntos-de-ferias-le-joga-e-ganha-premios-2\/cultura\/09\/01\/","title":{"rendered":"Tavira juntos de F\u00e9rias: L\u00ea, joga e ganha pr\u00e9mios"},"content":{"rendered":"\n<p>Com a aproxima\u00e7\u00e3o das f\u00e9rias da P\u00e1scoa, a Rede Nacional de Bibliotecas p\u00fablicas, nomeadamente a Biblioteca Municipal \u00c1lvaro de Campos, atrav\u00e9s da Dire\u00e7\u00e3o-Geral do Livro, Arquivo e Bibliotecas, organiza mais uma edi\u00e7\u00e3o do projeto \u201cJuntos de F\u00e9rias\u201d, a qual disponibiliza livros, a partir de dia 28 de mar\u00e7o.<\/p>\n\n\n\n<p>Na app&nbsp;Desafios LeR+ s\u00e3o&nbsp;disponibilizados jogos sobre um conjunto de livros recomendados pelo PNL2027 para os jovens, os quais ao alcan\u00e7ar a pontua\u00e7\u00e3o m\u00e1xima podem habilitar-se a pr\u00e9mios. A par disso, esta app oferece, tamb\u00e9m, a possibilidade de pesquisa de qualquer livro do&nbsp;<a href=\"https:\/\/www.pnl2027.gov.pt\/np4\/livrospnl?cat_livrospnl=catalogo_blx\">Cat\u00e1logo PNL20227.&nbsp;<\/a>&nbsp;<\/p>\n\n\n\n<p><strong>Listagem de livros \u2013 Juntos de F\u00e9rias \u2013 P\u00e1scoa 2022<\/strong><strong><\/strong><\/p>\n\n\n\n<p><em><strong>A Eneida de Virg\u00edlio adaptada para jovens<\/strong><\/em><br>por Carlos Ascenso Andr\u00e9 ; il. Daniel Silvestre da Silva<br>1.\u00aa ed<br>Lisboa: Quetzal, 2021<br><\/p>\n\n\n\n<p><em><strong>Os nossos her\u00f3is do desporto<\/strong><\/em><br>textos de Rui Miguel Tovar ; il. de Andrea Ebert<br>1.\u00aa ed<br>Lisboa : Nuvem de Tinta, 2021<br><\/p>\n\n\n\n<p><em><strong>Ana dos cabelos ruivos<\/strong><\/em><strong><br><\/strong>Mariah Marsden ; il. Brenna Thummler ; trad. Salom\u00e9 Castro<br>1.\u00aa ed<br>Amadora : F\u00e1bula, 2021<br><\/p>\n\n\n\n<p><em><strong>Flush : biografia de um c\u00e3o<\/strong><\/em><strong><br><\/strong>Virginia Woolf ; trad. Isabel Castro Silva ; il. Iratxe L\u00f3pez de Mun\u00e1in<br>1.\u00aa ed<br>Lisboa: Livros do Brasil, 2021<br><\/p>\n\n\n\n<p><em><strong>Juntos<\/strong><\/em><strong><br><\/strong>texto de Marianne Laidlaw ; il. Luke Adam Hawker ; trad. Valter Hugo M\u00e3e<br>1.\u00aa ed<br>Porto: Porto Ed., 2021<em><strong>Era duas vezes o bar\u00e3o Lamberto : ou o mist\u00e9rio da Ilha de S. Giulio<\/strong><\/em><strong><br><\/strong>Gianni Rodari ; il. Javier Zabala ; trad. Pia Mastrangelo, Tiago Cassola<br>1.\u00aa ed<br>Matosinhos: Kalandraka, 2020<\/p>\n","protected":false},"excerpt":{"rendered":"<p>Com a aproxima\u00e7\u00e3o das f\u00e9rias da P\u00e1scoa, a Rede Nacional de Bibliotecas p\u00fablicas, nomeadamente a Biblioteca Municipal \u00c1lvaro de Campos,<\/p>\n","protected":false},"author":1,"featured_media":17045,"comment_status":"open","ping_status":"open","sticky":false,"template":"","format":"standard","meta":{"colormag_page_container_layout":"default_layout","colormag_page_sidebar_layout":"default_layout","_monsterinsights_skip_tracking":false,"_monsterinsights_sitenote_active":false,"_monsterinsights_sitenote_note":"","_monsterinsights_sitenote_category":0,"jetpack_post_was_ever_published":false,"_jetpack_newsletter_access":"","_jetpack_dont_email_post_to_subs":false,"_jetpack_newsletter_tier_id":0,"_jetpack_memberships_contains_paywalled_content":false,"_jetpack_memberships_contains_paid_content":false,"footnotes":"","jetpack_publicize_message":"","jetpack_publicize_feature_enabled":true,"jetpack_social_post_already_shared":false,"jetpack_social_options":{"image_generator_settings":{"template":"highway","default_image_id":0,"font":"","enabled":false},"version":2}},"categories":[14],"tags":[36,35,54],"class_list":["post-17047","post","type-post","status-publish","format-standard","has-post-thumbnail","hentry","category-cultura","tag-algarve","tag-cultura","tag-tavira"],"yoast_head":"<!-- This site is optimized with the Yoast SEO plugin v27.5 - https:\/\/yoast.com\/product\/yoast-seo-wordpress\/ -->\n<title>Tavira juntos de F\u00e9rias: L\u00ea, joga e ganha pr\u00e9mios - Algarve 7<\/title>\n<meta name=\"description\" content=\"Tavira juntos de F\u00e9rias: L\u00ea, joga e ganha pr\u00e9mios Cultura\" \/>\n<meta name=\"robots\" content=\"index, follow, max-snippet:-1, max-image-preview:large, max-video-preview:-1\" \/>\n<link rel=\"canonical\" href=\"https:\/\/algarve7.pt\/index.php\/2022\/03\/tavira-juntos-de-ferias-le-joga-e-ganha-premios-2\/cultura\/09\/01\/\" \/>\n<meta property=\"og:locale\" content=\"pt_PT\" \/>\n<meta property=\"og:type\" content=\"article\" \/>\n<meta property=\"og:title\" content=\"Tavira juntos de F\u00e9rias: L\u00ea, joga e ganha pr\u00e9mios - Algarve 7\" \/>\n<meta property=\"og:description\" content=\"Tavira juntos de F\u00e9rias: L\u00ea, joga e ganha pr\u00e9mios Cultura\" \/>\n<meta property=\"og:url\" content=\"https:\/\/algarve7.pt\/index.php\/2022\/03\/tavira-juntos-de-ferias-le-joga-e-ganha-premios-2\/cultura\/09\/01\/\" \/>\n<meta property=\"og:site_name\" content=\"Algarve 7\" \/>\n<meta property=\"article:publisher\" content=\"https:\/\/www.facebook.com\/algarve7\" \/>\n<meta property=\"article:author\" content=\"https:\/\/www.facebook.com\/algarve7\" \/>\n<meta property=\"article:published_time\" content=\"2022-03-28T08:01:48+00:00\" \/>\n<meta property=\"article:modified_time\" content=\"2022-03-28T08:01:49+00:00\" \/>\n<meta property=\"og:image\" content=\"https:\/\/algarve7.pt\/wp-content\/uploads\/2022\/03\/Juntos-de-Ferias_Pascoa_2022.jpg\" \/>\n\t<meta property=\"og:image:width\" content=\"1437\" \/>\n\t<meta property=\"og:image:height\" content=\"1437\" \/>\n\t<meta property=\"og:image:type\" content=\"image\/jpeg\" \/>\n<meta name=\"author\" content=\"Algarve 7\" \/>\n<meta name=\"twitter:card\" content=\"summary_large_image\" \/>\n<meta name=\"twitter:creator\" content=\"@Algarvesete\" \/>\n<meta name=\"twitter:site\" content=\"@Algarvesete\" \/>\n<meta name=\"twitter:label1\" content=\"Escrito por\" \/>\n\t<meta name=\"twitter:data1\" content=\"Algarve 7\" \/>\n\t<meta name=\"twitter:label2\" content=\"Tempo estimado de leitura\" \/>\n\t<meta name=\"twitter:data2\" content=\"2 minutos\" \/>\n<script type=\"application\/ld+json\" class=\"yoast-schema-graph\">{\"@context\":\"https:\\\/\\\/schema.org\",\"@graph\":[{\"@type\":\"Article\",\"@id\":\"https:\\\/\\\/algarve7.pt\\\/index.php\\\/2022\\\/03\\\/tavira-juntos-de-ferias-le-joga-e-ganha-premios-2\\\/cultura\\\/09\\\/01\\\/#article\",\"isPartOf\":{\"@id\":\"https:\\\/\\\/algarve7.pt\\\/index.php\\\/2022\\\/03\\\/tavira-juntos-de-ferias-le-joga-e-ganha-premios-2\\\/cultura\\\/09\\\/01\\\/\"},\"author\":{\"name\":\"Algarve 7\",\"@id\":\"https:\\\/\\\/algarve7.pt\\\/#\\\/schema\\\/person\\\/23fa70681308e7b319a3204bcea45e0c\"},\"headline\":\"Tavira juntos de F\u00e9rias: L\u00ea, joga e ganha pr\u00e9mios\",\"datePublished\":\"2022-03-28T08:01:48+00:00\",\"dateModified\":\"2022-03-28T08:01:49+00:00\",\"mainEntityOfPage\":{\"@id\":\"https:\\\/\\\/algarve7.pt\\\/index.php\\\/2022\\\/03\\\/tavira-juntos-de-ferias-le-joga-e-ganha-premios-2\\\/cultura\\\/09\\\/01\\\/\"},\"wordCount\":255,\"commentCount\":0,\"publisher\":{\"@id\":\"https:\\\/\\\/algarve7.pt\\\/#organization\"},\"image\":{\"@id\":\"https:\\\/\\\/algarve7.pt\\\/index.php\\\/2022\\\/03\\\/tavira-juntos-de-ferias-le-joga-e-ganha-premios-2\\\/cultura\\\/09\\\/01\\\/#primaryimage\"},\"thumbnailUrl\":\"https:\\\/\\\/algarve7.pt\\\/wp-content\\\/uploads\\\/2022\\\/03\\\/Juntos-de-Ferias_Pascoa_2022.jpg\",\"keywords\":[\"Algarve\",\"Cultura\",\"Tavira\"],\"articleSection\":[\"Cultura\"],\"inLanguage\":\"pt-PT\",\"potentialAction\":[{\"@type\":\"CommentAction\",\"name\":\"Comment\",\"target\":[\"https:\\\/\\\/algarve7.pt\\\/index.php\\\/2022\\\/03\\\/tavira-juntos-de-ferias-le-joga-e-ganha-premios-2\\\/cultura\\\/09\\\/01\\\/#respond\"]}]},{\"@type\":\"WebPage\",\"@id\":\"https:\\\/\\\/algarve7.pt\\\/index.php\\\/2022\\\/03\\\/tavira-juntos-de-ferias-le-joga-e-ganha-premios-2\\\/cultura\\\/09\\\/01\\\/\",\"url\":\"https:\\\/\\\/algarve7.pt\\\/index.php\\\/2022\\\/03\\\/tavira-juntos-de-ferias-le-joga-e-ganha-premios-2\\\/cultura\\\/09\\\/01\\\/\",\"name\":\"Tavira juntos de F\u00e9rias: L\u00ea, joga e ganha pr\u00e9mios - Algarve 7\",\"isPartOf\":{\"@id\":\"https:\\\/\\\/algarve7.pt\\\/#website\"},\"primaryImageOfPage\":{\"@id\":\"https:\\\/\\\/algarve7.pt\\\/index.php\\\/2022\\\/03\\\/tavira-juntos-de-ferias-le-joga-e-ganha-premios-2\\\/cultura\\\/09\\\/01\\\/#primaryimage\"},\"image\":{\"@id\":\"https:\\\/\\\/algarve7.pt\\\/index.php\\\/2022\\\/03\\\/tavira-juntos-de-ferias-le-joga-e-ganha-premios-2\\\/cultura\\\/09\\\/01\\\/#primaryimage\"},\"thumbnailUrl\":\"https:\\\/\\\/algarve7.pt\\\/wp-content\\\/uploads\\\/2022\\\/03\\\/Juntos-de-Ferias_Pascoa_2022.jpg\",\"datePublished\":\"2022-03-28T08:01:48+00:00\",\"dateModified\":\"2022-03-28T08:01:49+00:00\",\"description\":\"Tavira juntos de F\u00e9rias: L\u00ea, joga e ganha pr\u00e9mios Cultura\",\"breadcrumb\":{\"@id\":\"https:\\\/\\\/algarve7.pt\\\/index.php\\\/2022\\\/03\\\/tavira-juntos-de-ferias-le-joga-e-ganha-premios-2\\\/cultura\\\/09\\\/01\\\/#breadcrumb\"},\"inLanguage\":\"pt-PT\",\"potentialAction\":[{\"@type\":\"ReadAction\",\"target\":[\"https:\\\/\\\/algarve7.pt\\\/index.php\\\/2022\\\/03\\\/tavira-juntos-de-ferias-le-joga-e-ganha-premios-2\\\/cultura\\\/09\\\/01\\\/\"]}]},{\"@type\":\"ImageObject\",\"inLanguage\":\"pt-PT\",\"@id\":\"https:\\\/\\\/algarve7.pt\\\/index.php\\\/2022\\\/03\\\/tavira-juntos-de-ferias-le-joga-e-ganha-premios-2\\\/cultura\\\/09\\\/01\\\/#primaryimage\",\"url\":\"https:\\\/\\\/algarve7.pt\\\/wp-content\\\/uploads\\\/2022\\\/03\\\/Juntos-de-Ferias_Pascoa_2022.jpg\",\"contentUrl\":\"https:\\\/\\\/algarve7.pt\\\/wp-content\\\/uploads\\\/2022\\\/03\\\/Juntos-de-Ferias_Pascoa_2022.jpg\",\"width\":1437,\"height\":1437},{\"@type\":\"BreadcrumbList\",\"@id\":\"https:\\\/\\\/algarve7.pt\\\/index.php\\\/2022\\\/03\\\/tavira-juntos-de-ferias-le-joga-e-ganha-premios-2\\\/cultura\\\/09\\\/01\\\/#breadcrumb\",\"itemListElement\":[{\"@type\":\"ListItem\",\"position\":1,\"name\":\"In\u00edcio\",\"item\":\"https:\\\/\\\/algarve7.pt\\\/\"},{\"@type\":\"ListItem\",\"position\":2,\"name\":\"Tavira juntos de F\u00e9rias: L\u00ea, joga e ganha pr\u00e9mios\"}]},{\"@type\":\"WebSite\",\"@id\":\"https:\\\/\\\/algarve7.pt\\\/#website\",\"url\":\"https:\\\/\\\/algarve7.pt\\\/\",\"name\":\"Algarve 7\",\"description\":\"Informa\u00e7\u00e3o sobre o Algarve\",\"publisher\":{\"@id\":\"https:\\\/\\\/algarve7.pt\\\/#organization\"},\"potentialAction\":[{\"@type\":\"SearchAction\",\"target\":{\"@type\":\"EntryPoint\",\"urlTemplate\":\"https:\\\/\\\/algarve7.pt\\\/?s={search_term_string}\"},\"query-input\":{\"@type\":\"PropertyValueSpecification\",\"valueRequired\":true,\"valueName\":\"search_term_string\"}}],\"inLanguage\":\"pt-PT\"},{\"@type\":\"Organization\",\"@id\":\"https:\\\/\\\/algarve7.pt\\\/#organization\",\"name\":\"Algarve 7\",\"url\":\"https:\\\/\\\/algarve7.pt\\\/\",\"logo\":{\"@type\":\"ImageObject\",\"inLanguage\":\"pt-PT\",\"@id\":\"https:\\\/\\\/algarve7.pt\\\/#\\\/schema\\\/logo\\\/image\\\/\",\"url\":\"https:\\\/\\\/algarve7.pt\\\/wp-content\\\/uploads\\\/2020\\\/10\\\/Logo-8.jpg\",\"contentUrl\":\"https:\\\/\\\/algarve7.pt\\\/wp-content\\\/uploads\\\/2020\\\/10\\\/Logo-8.jpg\",\"width\":1680,\"height\":1186,\"caption\":\"Algarve 7\"},\"image\":{\"@id\":\"https:\\\/\\\/algarve7.pt\\\/#\\\/schema\\\/logo\\\/image\\\/\"},\"sameAs\":[\"https:\\\/\\\/www.facebook.com\\\/algarve7\",\"https:\\\/\\\/x.com\\\/Algarvesete\",\"https:\\\/\\\/www.instagram.com\\\/jornalalgarve7\\\/\",\"https:\\\/\\\/www.linkedin.com\\\/company\\\/algarve7\",\"https:\\\/\\\/www.pinterest.pt\\\/geral0939\\\/_created\\\/\"]},{\"@type\":\"Person\",\"@id\":\"https:\\\/\\\/algarve7.pt\\\/#\\\/schema\\\/person\\\/23fa70681308e7b319a3204bcea45e0c\",\"name\":\"Algarve 7\",\"sameAs\":[\"https:\\\/\\\/algarve7.pt\",\"https:\\\/\\\/www.facebook.com\\\/algarve7\"],\"url\":\"https:\\\/\\\/algarve7.pt\\\/index.php\\\/author\\\/geralalgarve7-pt\\\/\"}]}<\/script>\n<!-- \/ Yoast SEO plugin. -->","yoast_head_json":{"title":"Tavira juntos de F\u00e9rias: L\u00ea, joga e ganha pr\u00e9mios - Algarve 7","description":"Tavira juntos de F\u00e9rias: L\u00ea, joga e ganha pr\u00e9mios Cultura","robots":{"index":"index","follow":"follow","max-snippet":"max-snippet:-1","max-image-preview":"max-image-preview:large","max-video-preview":"max-video-preview:-1"},"canonical":"https:\/\/algarve7.pt\/index.php\/2022\/03\/tavira-juntos-de-ferias-le-joga-e-ganha-premios-2\/cultura\/09\/01\/","og_locale":"pt_PT","og_type":"article","og_title":"Tavira juntos de F\u00e9rias: L\u00ea, joga e ganha pr\u00e9mios - Algarve 7","og_description":"Tavira juntos de F\u00e9rias: L\u00ea, joga e ganha pr\u00e9mios Cultura","og_url":"https:\/\/algarve7.pt\/index.php\/2022\/03\/tavira-juntos-de-ferias-le-joga-e-ganha-premios-2\/cultura\/09\/01\/","og_site_name":"Algarve 7","article_publisher":"https:\/\/www.facebook.com\/algarve7","article_author":"https:\/\/www.facebook.com\/algarve7","article_published_time":"2022-03-28T08:01:48+00:00","article_modified_time":"2022-03-28T08:01:49+00:00","og_image":[{"width":1437,"height":1437,"url":"https:\/\/algarve7.pt\/wp-content\/uploads\/2022\/03\/Juntos-de-Ferias_Pascoa_2022.jpg","type":"image\/jpeg"}],"author":"Algarve 7","twitter_card":"summary_large_image","twitter_creator":"@Algarvesete","twitter_site":"@Algarvesete","twitter_misc":{"Escrito por":"Algarve 7","Tempo estimado de leitura":"2 minutos"},"schema":{"@context":"https:\/\/schema.org","@graph":[{"@type":"Article","@id":"https:\/\/algarve7.pt\/index.php\/2022\/03\/tavira-juntos-de-ferias-le-joga-e-ganha-premios-2\/cultura\/09\/01\/#article","isPartOf":{"@id":"https:\/\/algarve7.pt\/index.php\/2022\/03\/tavira-juntos-de-ferias-le-joga-e-ganha-premios-2\/cultura\/09\/01\/"},"author":{"name":"Algarve 7","@id":"https:\/\/algarve7.pt\/#\/schema\/person\/23fa70681308e7b319a3204bcea45e0c"},"headline":"Tavira juntos de F\u00e9rias: L\u00ea, joga e ganha pr\u00e9mios","datePublished":"2022-03-28T08:01:48+00:00","dateModified":"2022-03-28T08:01:49+00:00","mainEntityOfPage":{"@id":"https:\/\/algarve7.pt\/index.php\/2022\/03\/tavira-juntos-de-ferias-le-joga-e-ganha-premios-2\/cultura\/09\/01\/"},"wordCount":255,"commentCount":0,"publisher":{"@id":"https:\/\/algarve7.pt\/#organization"},"image":{"@id":"https:\/\/algarve7.pt\/index.php\/2022\/03\/tavira-juntos-de-ferias-le-joga-e-ganha-premios-2\/cultura\/09\/01\/#primaryimage"},"thumbnailUrl":"https:\/\/algarve7.pt\/wp-content\/uploads\/2022\/03\/Juntos-de-Ferias_Pascoa_2022.jpg","keywords":["Algarve","Cultura","Tavira"],"articleSection":["Cultura"],"inLanguage":"pt-PT","potentialAction":[{"@type":"CommentAction","name":"Comment","target":["https:\/\/algarve7.pt\/index.php\/2022\/03\/tavira-juntos-de-ferias-le-joga-e-ganha-premios-2\/cultura\/09\/01\/#respond"]}]},{"@type":"WebPage","@id":"https:\/\/algarve7.pt\/index.php\/2022\/03\/tavira-juntos-de-ferias-le-joga-e-ganha-premios-2\/cultura\/09\/01\/","url":"https:\/\/algarve7.pt\/index.php\/2022\/03\/tavira-juntos-de-ferias-le-joga-e-ganha-premios-2\/cultura\/09\/01\/","name":"Tavira juntos de F\u00e9rias: L\u00ea, joga e ganha pr\u00e9mios - Algarve 7","isPartOf":{"@id":"https:\/\/algarve7.pt\/#website"},"primaryImageOfPage":{"@id":"https:\/\/algarve7.pt\/index.php\/2022\/03\/tavira-juntos-de-ferias-le-joga-e-ganha-premios-2\/cultura\/09\/01\/#primaryimage"},"image":{"@id":"https:\/\/algarve7.pt\/index.php\/2022\/03\/tavira-juntos-de-ferias-le-joga-e-ganha-premios-2\/cultura\/09\/01\/#primaryimage"},"thumbnailUrl":"https:\/\/algarve7.pt\/wp-content\/uploads\/2022\/03\/Juntos-de-Ferias_Pascoa_2022.jpg","datePublished":"2022-03-28T08:01:48+00:00","dateModified":"2022-03-28T08:01:49+00:00","description":"Tavira juntos de F\u00e9rias: L\u00ea, joga e ganha pr\u00e9mios Cultura","breadcrumb":{"@id":"https:\/\/algarve7.pt\/index.php\/2022\/03\/tavira-juntos-de-ferias-le-joga-e-ganha-premios-2\/cultura\/09\/01\/#breadcrumb"},"inLanguage":"pt-PT","potentialAction":[{"@type":"ReadAction","target":["https:\/\/algarve7.pt\/index.php\/2022\/03\/tavira-juntos-de-ferias-le-joga-e-ganha-premios-2\/cultura\/09\/01\/"]}]},{"@type":"ImageObject","inLanguage":"pt-PT","@id":"https:\/\/algarve7.pt\/index.php\/2022\/03\/tavira-juntos-de-ferias-le-joga-e-ganha-premios-2\/cultura\/09\/01\/#primaryimage","url":"https:\/\/algarve7.pt\/wp-content\/uploads\/2022\/03\/Juntos-de-Ferias_Pascoa_2022.jpg","contentUrl":"https:\/\/algarve7.pt\/wp-content\/uploads\/2022\/03\/Juntos-de-Ferias_Pascoa_2022.jpg","width":1437,"height":1437},{"@type":"BreadcrumbList","@id":"https:\/\/algarve7.pt\/index.php\/2022\/03\/tavira-juntos-de-ferias-le-joga-e-ganha-premios-2\/cultura\/09\/01\/#breadcrumb","itemListElement":[{"@type":"ListItem","position":1,"name":"In\u00edcio","item":"https:\/\/algarve7.pt\/"},{"@type":"ListItem","position":2,"name":"Tavira juntos de F\u00e9rias: L\u00ea, joga e ganha pr\u00e9mios"}]},{"@type":"WebSite","@id":"https:\/\/algarve7.pt\/#website","url":"https:\/\/algarve7.pt\/","name":"Algarve 7","description":"Informa\u00e7\u00e3o sobre o Algarve","publisher":{"@id":"https:\/\/algarve7.pt\/#organization"},"potentialAction":[{"@type":"SearchAction","target":{"@type":"EntryPoint","urlTemplate":"https:\/\/algarve7.pt\/?s={search_term_string}"},"query-input":{"@type":"PropertyValueSpecification","valueRequired":true,"valueName":"search_term_string"}}],"inLanguage":"pt-PT"},{"@type":"Organization","@id":"https:\/\/algarve7.pt\/#organization","name":"Algarve 7","url":"https:\/\/algarve7.pt\/","logo":{"@type":"ImageObject","inLanguage":"pt-PT","@id":"https:\/\/algarve7.pt\/#\/schema\/logo\/image\/","url":"https:\/\/algarve7.pt\/wp-content\/uploads\/2020\/10\/Logo-8.jpg","contentUrl":"https:\/\/algarve7.pt\/wp-content\/uploads\/2020\/10\/Logo-8.jpg","width":1680,"height":1186,"caption":"Algarve 7"},"image":{"@id":"https:\/\/algarve7.pt\/#\/schema\/logo\/image\/"},"sameAs":["https:\/\/www.facebook.com\/algarve7","https:\/\/x.com\/Algarvesete","https:\/\/www.instagram.com\/jornalalgarve7\/","https:\/\/www.linkedin.com\/company\/algarve7","https:\/\/www.pinterest.pt\/geral0939\/_created\/"]},{"@type":"Person","@id":"https:\/\/algarve7.pt\/#\/schema\/person\/23fa70681308e7b319a3204bcea45e0c","name":"Algarve 7","sameAs":["https:\/\/algarve7.pt","https:\/\/www.facebook.com\/algarve7"],"url":"https:\/\/algarve7.pt\/index.php\/author\/geralalgarve7-pt\/"}]}},"jetpack_publicize_connections":[],"jetpack_featured_media_url":"https:\/\/algarve7.pt\/wp-content\/uploads\/2022\/03\/Juntos-de-Ferias_Pascoa_2022.jpg","jetpack_shortlink":"https:\/\/wp.me\/pcezmW-4qX","jetpack_sharing_enabled":true,"_links":{"self":[{"href":"https:\/\/algarve7.pt\/index.php\/wp-json\/wp\/v2\/posts\/17047","targetHints":{"allow":["GET"]}}],"collection":[{"href":"https:\/\/algarve7.pt\/index.php\/wp-json\/wp\/v2\/posts"}],"about":[{"href":"https:\/\/algarve7.pt\/index.php\/wp-json\/wp\/v2\/types\/post"}],"author":[{"embeddable":true,"href":"https:\/\/algarve7.pt\/index.php\/wp-json\/wp\/v2\/users\/1"}],"replies":[{"embeddable":true,"href":"https:\/\/algarve7.pt\/index.php\/wp-json\/wp\/v2\/comments?post=17047"}],"version-history":[{"count":0,"href":"https:\/\/algarve7.pt\/index.php\/wp-json\/wp\/v2\/posts\/17047\/revisions"}],"wp:featuredmedia":[{"embeddable":true,"href":"https:\/\/algarve7.pt\/index.php\/wp-json\/wp\/v2\/media\/17045"}],"wp:attachment":[{"href":"https:\/\/algarve7.pt\/index.php\/wp-json\/wp\/v2\/media?parent=17047"}],"wp:term":[{"taxonomy":"category","embeddable":true,"href":"https:\/\/algarve7.pt\/index.php\/wp-json\/wp\/v2\/categories?post=17047"},{"taxonomy":"post_tag","embeddable":true,"href":"https:\/\/algarve7.pt\/index.php\/wp-json\/wp\/v2\/tags?post=17047"}],"curies":[{"name":"wp","href":"https:\/\/api.w.org\/{rel}","templated":true}]}}