{"id":1693,"date":"2020-09-22T15:30:21","date_gmt":"2020-09-22T14:30:21","guid":{"rendered":"https:\/\/algarve7.pt\/?p=1693"},"modified":"2020-09-22T12:38:00","modified_gmt":"2020-09-22T11:38:00","slug":"da-agua-a-terra-a-2-a-edicao-do-ventania-esta-de-volta-a-portimao-com-novas-datas","status":"publish","type":"post","link":"https:\/\/algarve7.pt\/index.php\/2020\/09\/da-agua-a-terra-a-2-a-edicao-do-ventania-esta-de-volta-a-portimao-com-novas-datas\/cultura\/15\/30\/","title":{"rendered":"Da \u00e1gua \u00e0 terra, a 2.\u00aa edi\u00e7\u00e3o do Ventania est\u00e1 de volta a Portim\u00e3o com novas datas"},"content":{"rendered":"\n<p>Em tempos conturbados e desafiantes, nunca o ativismo art\u00edstico, ecologia social e cidadania global foram t\u00e3o importantes: o Ventania &#8211; Festival de Artes Performativas do Barlavento \u00e9 uma a\u00e7\u00e3o sobre temas de cidadania global, num grito subtil de alerta ao desprendimento humano sobre o fr\u00e1gil territ\u00f3rio do Algarve.<\/p>\n\n\n\n<p>Concebido originalmente para o Dia Mundial da \u00c1gua e o Dia Mundial da Floresta, celebrados a 22 e 21 mar\u00e7o, respetivamente, em 2020 o Ventania reinventa-se e reformula-se, por motivos da pandemia da covid-19, e mostra a sua voz entre os dias 26 de setembro e 22 de novembro em Lagos, Lagoa, Portim\u00e3o e Sagres.&nbsp;<\/p>\n\n\n\n<p>Portim\u00e3o receber\u00e1 a 3 de outubro, pelas 21h30, no TEMPO &#8211; Teatro Municipal de Portim\u00e3o, a estreia nacional da obra \u201cTerras\u201d, fruto de uma aposta na \u00e1rea da dan\u00e7a contempor\u00e2nea, j\u00e1 desde a sua 1\u00aa edi\u00e7\u00e3o, em 2019, na altura com a K2 Companhia de Dan\u00e7a, e o seu espet\u00e1culo artes-cidadania \u201cUma Gota de \u00c1gua no Mundo\u201d.&nbsp;<\/p>\n\n\n\n<p>Os bilhetes custam 5 euros e podem ser adquiridos na bilheteira do TEMPO de ter\u00e7a a s\u00e1bado, das 13h00 \u00e0s 18h00, ou em noites de espet\u00e1culo at\u00e9 \u00e0s 21h30, e online em tempo.bol.pt e ventania.bol.pt.<\/p>\n\n\n\n<p>Terras \u00e9 a nova cria\u00e7\u00e3o da KALE &#8211; Companhia de Dan\u00e7a para a Efem\u00e9ride do Dia Mundial da Floresta, que se celebra todos os anos a 21 de mar\u00e7o (data em que se iria apresentar em Portim\u00e3o).&nbsp;<\/p>\n\n\n\n<p>Seguindo o esp\u00edrito de partilha de linguagens do certame de coopera\u00e7\u00e3o transfronteiri\u00e7o Regards Croises (ligado ao Malandain Ballet Biarritz), a Companhia prop\u00f5e a cria\u00e7\u00e3o de um espet\u00e1culo em formato triplo com uma ode \u00e0 Terra(s) como inesgot\u00e1vel fonte de vida, integrando cria\u00e7\u00f5es de La Tierce (Fran\u00e7a), Matxal\u00e9n Bilbao (Espanha) e Andr\u00e9 Mesquita (Portugal).&nbsp;<\/p>\n\n\n\n<p>A programa\u00e7\u00e3o para Portim\u00e3o contempla ainda no dia anterior, 2 de outubro, pelas 20h00, no Faina Restaurante, o \u201cJantar para L\u00ednguas de Fogo\u201d do Chefe Emidio Freire, ao qual se seguir\u00e1 a apresenta\u00e7\u00e3o do Algarve Grupo de Percuss\u00e3o Contempor\u00e2nea, dirigido pelo percussionista Vasco Ramalho, com a obra \u201cWater Music\u201d, de Tan Dun.&nbsp;<\/p>\n\n\n\n<p>O programa tem um custo de 30 euros e os bilhetes podem ser comprados em ventania.bol.pt ou, no dia do evento, no local a partir das 18h00.<\/p>\n\n\n\n<p>Da \u00c1gua \u00e0 Terra, nesta 2.\u00aa edi\u00e7\u00e3o do Ventania &#8211; Festival de Artes Performativas, em Portim\u00e3o, \u00e9 tempo de alertar para os perigos dos inc\u00eandios e fogos florestais e a escassez de recursos h\u00eddricos, atrav\u00e9s da dan\u00e7a e m\u00fasica contempor\u00e2nea.<\/p>\n\n\n\n<p>Este evento \u00e9 promovido pelo Teatro Experimental de Lagos e est\u00e1 inserido no Programa 365 Algarve, estrutura financiada pelo Turismo de Portugal, com o acolhimento dos Munic\u00edpios de Vila do Bispo, Lagos, Portim\u00e3o, Lagoa do Algarve e Dire\u00e7\u00e3o Regional de Cultura do Algarve.<\/p>\n\n\n\n<p>02 OUT [sexta-feira]&nbsp;<\/p>\n\n\n\n<p>20:00 \/ FAINA Restaurante&nbsp;<\/p>\n\n\n\n<p>VENTANIA MUSIC &amp; FOOD EXPERIENCE PORTIM\u00c3O &#8211; Em\u00eddio Freire [pt] Jantar para L\u00ednguas de Fogo&nbsp;<\/p>\n\n\n\n<p>Algarve Grupo de Percuss\u00e3o Contempor\u00e2nea, dir. Vasco Ramalho [pt] \u201cWater Music\u201d, Tan Dun&nbsp;<\/p>\n\n\n\n<p>90\u2019 \/ 12+ \/ Entrada \/ 30,00\u20ac&nbsp;<\/p>\n\n\n\n<p>03 OUT [s\u00e1bado]<\/p>\n\n\n\n<p>21:30 \/ Grande Audit\u00f3rio TEMPO &#8211; Teatro Municipal de Portim\u00e3o&nbsp;<\/p>\n\n\n\n<p>TERRAS&nbsp;<\/p>\n\n\n\n<p>Kale Companhia de Dan\u00e7a&nbsp;<\/p>\n\n\n\n<p>Cor. Andr\u00e9 Mesquita [pt], Matxalen Bilbao [es], La Tierce [fr] Dan\u00e7a contempor\u00e2nea&nbsp;<\/p>\n\n\n\n<p>70\u2019 \/ 6+ \/ 5\u20ac normal \/ 3\u20ac &lt;12&nbsp;&nbsp;<\/p>\n","protected":false},"excerpt":{"rendered":"<p>Em tempos conturbados e desafiantes, nunca o ativismo art\u00edstico, ecologia social e cidadania global foram t\u00e3o importantes: o Ventania &#8211;<\/p>\n","protected":false},"author":1,"featured_media":1694,"comment_status":"closed","ping_status":"open","sticky":false,"template":"","format":"standard","meta":{"colormag_page_container_layout":"default_layout","colormag_page_sidebar_layout":"default_layout","_monsterinsights_skip_tracking":false,"_monsterinsights_sitenote_active":false,"_monsterinsights_sitenote_note":"","_monsterinsights_sitenote_category":0,"jetpack_post_was_ever_published":false,"_jetpack_newsletter_access":"","_jetpack_dont_email_post_to_subs":false,"_jetpack_newsletter_tier_id":0,"_jetpack_memberships_contains_paywalled_content":false,"_jetpack_memberships_contains_paid_content":false,"footnotes":"","jetpack_publicize_message":"","jetpack_publicize_feature_enabled":true,"jetpack_social_post_already_shared":true,"jetpack_social_options":{"image_generator_settings":{"template":"highway","default_image_id":0,"font":"","enabled":false},"version":2}},"categories":[14],"tags":[35,48,68,72,102],"class_list":["post-1693","post","type-post","status-publish","format-standard","has-post-thumbnail","hentry","category-cultura","tag-cultura","tag-lagoa","tag-lagos","tag-portimao","tag-sagres"],"yoast_head":"<!-- This site is optimized with the Yoast SEO plugin v27.5 - https:\/\/yoast.com\/product\/yoast-seo-wordpress\/ -->\n<title>Da \u00e1gua \u00e0 terra, a 2.\u00aa edi\u00e7\u00e3o do Ventania est\u00e1 de volta a Portim\u00e3o com novas datas - Algarve 7<\/title>\n<meta name=\"description\" content=\"Da \u00e1gua \u00e0 terra, a 2.\u00aa edi\u00e7\u00e3o do Ventania est\u00e1 de volta a Portim\u00e3o com novas datas\" \/>\n<meta name=\"robots\" content=\"index, follow, max-snippet:-1, max-image-preview:large, max-video-preview:-1\" \/>\n<link rel=\"canonical\" href=\"https:\/\/algarve7.pt\/index.php\/2020\/09\/da-agua-a-terra-a-2-a-edicao-do-ventania-esta-de-volta-a-portimao-com-novas-datas\/cultura\/15\/30\/\" \/>\n<meta property=\"og:locale\" content=\"pt_PT\" \/>\n<meta property=\"og:type\" content=\"article\" \/>\n<meta property=\"og:title\" content=\"Da \u00e1gua \u00e0 terra, a 2.\u00aa edi\u00e7\u00e3o do Ventania est\u00e1 de volta a Portim\u00e3o com novas datas - Algarve 7\" \/>\n<meta property=\"og:description\" content=\"Da \u00e1gua \u00e0 terra, a 2.\u00aa edi\u00e7\u00e3o do Ventania est\u00e1 de volta a Portim\u00e3o com novas datas\" \/>\n<meta property=\"og:url\" content=\"https:\/\/algarve7.pt\/index.php\/2020\/09\/da-agua-a-terra-a-2-a-edicao-do-ventania-esta-de-volta-a-portimao-com-novas-datas\/cultura\/15\/30\/\" \/>\n<meta property=\"og:site_name\" content=\"Algarve 7\" \/>\n<meta property=\"article:publisher\" content=\"https:\/\/www.facebook.com\/algarve7\" \/>\n<meta property=\"article:author\" content=\"https:\/\/www.facebook.com\/algarve7\" \/>\n<meta property=\"article:published_time\" content=\"2020-09-22T14:30:21+00:00\" \/>\n<meta property=\"og:image\" content=\"https:\/\/algarve7.pt\/wp-content\/uploads\/2020\/09\/VENTANIA-generico_Windy.jpg\" \/>\n\t<meta property=\"og:image:width\" content=\"1517\" \/>\n\t<meta property=\"og:image:height\" content=\"1011\" \/>\n\t<meta property=\"og:image:type\" content=\"image\/jpeg\" \/>\n<meta name=\"author\" content=\"Algarve 7\" \/>\n<meta name=\"twitter:card\" content=\"summary_large_image\" \/>\n<meta name=\"twitter:creator\" content=\"@Algarvesete\" \/>\n<meta name=\"twitter:site\" content=\"@Algarvesete\" \/>\n<meta name=\"twitter:label1\" content=\"Escrito por\" \/>\n\t<meta name=\"twitter:data1\" content=\"Algarve 7\" \/>\n\t<meta name=\"twitter:label2\" content=\"Tempo estimado de leitura\" \/>\n\t<meta name=\"twitter:data2\" content=\"3 minutos\" \/>\n<script type=\"application\/ld+json\" class=\"yoast-schema-graph\">{\"@context\":\"https:\\\/\\\/schema.org\",\"@graph\":[{\"@type\":\"Article\",\"@id\":\"https:\\\/\\\/algarve7.pt\\\/index.php\\\/2020\\\/09\\\/da-agua-a-terra-a-2-a-edicao-do-ventania-esta-de-volta-a-portimao-com-novas-datas\\\/cultura\\\/15\\\/30\\\/#article\",\"isPartOf\":{\"@id\":\"https:\\\/\\\/algarve7.pt\\\/index.php\\\/2020\\\/09\\\/da-agua-a-terra-a-2-a-edicao-do-ventania-esta-de-volta-a-portimao-com-novas-datas\\\/cultura\\\/15\\\/30\\\/\"},\"author\":{\"name\":\"Algarve 7\",\"@id\":\"https:\\\/\\\/algarve7.pt\\\/#\\\/schema\\\/person\\\/23fa70681308e7b319a3204bcea45e0c\"},\"headline\":\"Da \u00e1gua \u00e0 terra, a 2.\u00aa edi\u00e7\u00e3o do Ventania est\u00e1 de volta a Portim\u00e3o com novas datas\",\"datePublished\":\"2020-09-22T14:30:21+00:00\",\"mainEntityOfPage\":{\"@id\":\"https:\\\/\\\/algarve7.pt\\\/index.php\\\/2020\\\/09\\\/da-agua-a-terra-a-2-a-edicao-do-ventania-esta-de-volta-a-portimao-com-novas-datas\\\/cultura\\\/15\\\/30\\\/\"},\"wordCount\":589,\"publisher\":{\"@id\":\"https:\\\/\\\/algarve7.pt\\\/#organization\"},\"image\":{\"@id\":\"https:\\\/\\\/algarve7.pt\\\/index.php\\\/2020\\\/09\\\/da-agua-a-terra-a-2-a-edicao-do-ventania-esta-de-volta-a-portimao-com-novas-datas\\\/cultura\\\/15\\\/30\\\/#primaryimage\"},\"thumbnailUrl\":\"https:\\\/\\\/algarve7.pt\\\/wp-content\\\/uploads\\\/2020\\\/09\\\/VENTANIA-generico_Windy.jpg\",\"keywords\":[\"Cultura\",\"Lagoa\",\"Lagos\",\"Portim\u00e3o\",\"Sagres\"],\"articleSection\":[\"Cultura\"],\"inLanguage\":\"pt-PT\"},{\"@type\":\"WebPage\",\"@id\":\"https:\\\/\\\/algarve7.pt\\\/index.php\\\/2020\\\/09\\\/da-agua-a-terra-a-2-a-edicao-do-ventania-esta-de-volta-a-portimao-com-novas-datas\\\/cultura\\\/15\\\/30\\\/\",\"url\":\"https:\\\/\\\/algarve7.pt\\\/index.php\\\/2020\\\/09\\\/da-agua-a-terra-a-2-a-edicao-do-ventania-esta-de-volta-a-portimao-com-novas-datas\\\/cultura\\\/15\\\/30\\\/\",\"name\":\"Da \u00e1gua \u00e0 terra, a 2.\u00aa edi\u00e7\u00e3o do Ventania est\u00e1 de volta a Portim\u00e3o com novas datas - Algarve 7\",\"isPartOf\":{\"@id\":\"https:\\\/\\\/algarve7.pt\\\/#website\"},\"primaryImageOfPage\":{\"@id\":\"https:\\\/\\\/algarve7.pt\\\/index.php\\\/2020\\\/09\\\/da-agua-a-terra-a-2-a-edicao-do-ventania-esta-de-volta-a-portimao-com-novas-datas\\\/cultura\\\/15\\\/30\\\/#primaryimage\"},\"image\":{\"@id\":\"https:\\\/\\\/algarve7.pt\\\/index.php\\\/2020\\\/09\\\/da-agua-a-terra-a-2-a-edicao-do-ventania-esta-de-volta-a-portimao-com-novas-datas\\\/cultura\\\/15\\\/30\\\/#primaryimage\"},\"thumbnailUrl\":\"https:\\\/\\\/algarve7.pt\\\/wp-content\\\/uploads\\\/2020\\\/09\\\/VENTANIA-generico_Windy.jpg\",\"datePublished\":\"2020-09-22T14:30:21+00:00\",\"description\":\"Da \u00e1gua \u00e0 terra, a 2.\u00aa edi\u00e7\u00e3o do Ventania est\u00e1 de volta a Portim\u00e3o com novas datas\",\"breadcrumb\":{\"@id\":\"https:\\\/\\\/algarve7.pt\\\/index.php\\\/2020\\\/09\\\/da-agua-a-terra-a-2-a-edicao-do-ventania-esta-de-volta-a-portimao-com-novas-datas\\\/cultura\\\/15\\\/30\\\/#breadcrumb\"},\"inLanguage\":\"pt-PT\",\"potentialAction\":[{\"@type\":\"ReadAction\",\"target\":[\"https:\\\/\\\/algarve7.pt\\\/index.php\\\/2020\\\/09\\\/da-agua-a-terra-a-2-a-edicao-do-ventania-esta-de-volta-a-portimao-com-novas-datas\\\/cultura\\\/15\\\/30\\\/\"]}]},{\"@type\":\"ImageObject\",\"inLanguage\":\"pt-PT\",\"@id\":\"https:\\\/\\\/algarve7.pt\\\/index.php\\\/2020\\\/09\\\/da-agua-a-terra-a-2-a-edicao-do-ventania-esta-de-volta-a-portimao-com-novas-datas\\\/cultura\\\/15\\\/30\\\/#primaryimage\",\"url\":\"https:\\\/\\\/algarve7.pt\\\/wp-content\\\/uploads\\\/2020\\\/09\\\/VENTANIA-generico_Windy.jpg\",\"contentUrl\":\"https:\\\/\\\/algarve7.pt\\\/wp-content\\\/uploads\\\/2020\\\/09\\\/VENTANIA-generico_Windy.jpg\",\"width\":1517,\"height\":1011},{\"@type\":\"BreadcrumbList\",\"@id\":\"https:\\\/\\\/algarve7.pt\\\/index.php\\\/2020\\\/09\\\/da-agua-a-terra-a-2-a-edicao-do-ventania-esta-de-volta-a-portimao-com-novas-datas\\\/cultura\\\/15\\\/30\\\/#breadcrumb\",\"itemListElement\":[{\"@type\":\"ListItem\",\"position\":1,\"name\":\"In\u00edcio\",\"item\":\"https:\\\/\\\/algarve7.pt\\\/\"},{\"@type\":\"ListItem\",\"position\":2,\"name\":\"Da \u00e1gua \u00e0 terra, a 2.\u00aa edi\u00e7\u00e3o do Ventania est\u00e1 de volta a Portim\u00e3o com novas datas\"}]},{\"@type\":\"WebSite\",\"@id\":\"https:\\\/\\\/algarve7.pt\\\/#website\",\"url\":\"https:\\\/\\\/algarve7.pt\\\/\",\"name\":\"Algarve 7\",\"description\":\"Informa\u00e7\u00e3o sobre o Algarve\",\"publisher\":{\"@id\":\"https:\\\/\\\/algarve7.pt\\\/#organization\"},\"potentialAction\":[{\"@type\":\"SearchAction\",\"target\":{\"@type\":\"EntryPoint\",\"urlTemplate\":\"https:\\\/\\\/algarve7.pt\\\/?s={search_term_string}\"},\"query-input\":{\"@type\":\"PropertyValueSpecification\",\"valueRequired\":true,\"valueName\":\"search_term_string\"}}],\"inLanguage\":\"pt-PT\"},{\"@type\":\"Organization\",\"@id\":\"https:\\\/\\\/algarve7.pt\\\/#organization\",\"name\":\"Algarve 7\",\"url\":\"https:\\\/\\\/algarve7.pt\\\/\",\"logo\":{\"@type\":\"ImageObject\",\"inLanguage\":\"pt-PT\",\"@id\":\"https:\\\/\\\/algarve7.pt\\\/#\\\/schema\\\/logo\\\/image\\\/\",\"url\":\"https:\\\/\\\/algarve7.pt\\\/wp-content\\\/uploads\\\/2020\\\/10\\\/Logo-8.jpg\",\"contentUrl\":\"https:\\\/\\\/algarve7.pt\\\/wp-content\\\/uploads\\\/2020\\\/10\\\/Logo-8.jpg\",\"width\":1680,\"height\":1186,\"caption\":\"Algarve 7\"},\"image\":{\"@id\":\"https:\\\/\\\/algarve7.pt\\\/#\\\/schema\\\/logo\\\/image\\\/\"},\"sameAs\":[\"https:\\\/\\\/www.facebook.com\\\/algarve7\",\"https:\\\/\\\/x.com\\\/Algarvesete\",\"https:\\\/\\\/www.instagram.com\\\/jornalalgarve7\\\/\",\"https:\\\/\\\/www.linkedin.com\\\/company\\\/algarve7\",\"https:\\\/\\\/www.pinterest.pt\\\/geral0939\\\/_created\\\/\"]},{\"@type\":\"Person\",\"@id\":\"https:\\\/\\\/algarve7.pt\\\/#\\\/schema\\\/person\\\/23fa70681308e7b319a3204bcea45e0c\",\"name\":\"Algarve 7\",\"sameAs\":[\"https:\\\/\\\/algarve7.pt\",\"https:\\\/\\\/www.facebook.com\\\/algarve7\"],\"url\":\"https:\\\/\\\/algarve7.pt\\\/index.php\\\/author\\\/geralalgarve7-pt\\\/\"}]}<\/script>\n<!-- \/ Yoast SEO plugin. -->","yoast_head_json":{"title":"Da \u00e1gua \u00e0 terra, a 2.\u00aa edi\u00e7\u00e3o do Ventania est\u00e1 de volta a Portim\u00e3o com novas datas - Algarve 7","description":"Da \u00e1gua \u00e0 terra, a 2.\u00aa edi\u00e7\u00e3o do Ventania est\u00e1 de volta a Portim\u00e3o com novas datas","robots":{"index":"index","follow":"follow","max-snippet":"max-snippet:-1","max-image-preview":"max-image-preview:large","max-video-preview":"max-video-preview:-1"},"canonical":"https:\/\/algarve7.pt\/index.php\/2020\/09\/da-agua-a-terra-a-2-a-edicao-do-ventania-esta-de-volta-a-portimao-com-novas-datas\/cultura\/15\/30\/","og_locale":"pt_PT","og_type":"article","og_title":"Da \u00e1gua \u00e0 terra, a 2.\u00aa edi\u00e7\u00e3o do Ventania est\u00e1 de volta a Portim\u00e3o com novas datas - Algarve 7","og_description":"Da \u00e1gua \u00e0 terra, a 2.\u00aa edi\u00e7\u00e3o do Ventania est\u00e1 de volta a Portim\u00e3o com novas datas","og_url":"https:\/\/algarve7.pt\/index.php\/2020\/09\/da-agua-a-terra-a-2-a-edicao-do-ventania-esta-de-volta-a-portimao-com-novas-datas\/cultura\/15\/30\/","og_site_name":"Algarve 7","article_publisher":"https:\/\/www.facebook.com\/algarve7","article_author":"https:\/\/www.facebook.com\/algarve7","article_published_time":"2020-09-22T14:30:21+00:00","og_image":[{"width":1517,"height":1011,"url":"https:\/\/algarve7.pt\/wp-content\/uploads\/2020\/09\/VENTANIA-generico_Windy.jpg","type":"image\/jpeg"}],"author":"Algarve 7","twitter_card":"summary_large_image","twitter_creator":"@Algarvesete","twitter_site":"@Algarvesete","twitter_misc":{"Escrito por":"Algarve 7","Tempo estimado de leitura":"3 minutos"},"schema":{"@context":"https:\/\/schema.org","@graph":[{"@type":"Article","@id":"https:\/\/algarve7.pt\/index.php\/2020\/09\/da-agua-a-terra-a-2-a-edicao-do-ventania-esta-de-volta-a-portimao-com-novas-datas\/cultura\/15\/30\/#article","isPartOf":{"@id":"https:\/\/algarve7.pt\/index.php\/2020\/09\/da-agua-a-terra-a-2-a-edicao-do-ventania-esta-de-volta-a-portimao-com-novas-datas\/cultura\/15\/30\/"},"author":{"name":"Algarve 7","@id":"https:\/\/algarve7.pt\/#\/schema\/person\/23fa70681308e7b319a3204bcea45e0c"},"headline":"Da \u00e1gua \u00e0 terra, a 2.\u00aa edi\u00e7\u00e3o do Ventania est\u00e1 de volta a Portim\u00e3o com novas datas","datePublished":"2020-09-22T14:30:21+00:00","mainEntityOfPage":{"@id":"https:\/\/algarve7.pt\/index.php\/2020\/09\/da-agua-a-terra-a-2-a-edicao-do-ventania-esta-de-volta-a-portimao-com-novas-datas\/cultura\/15\/30\/"},"wordCount":589,"publisher":{"@id":"https:\/\/algarve7.pt\/#organization"},"image":{"@id":"https:\/\/algarve7.pt\/index.php\/2020\/09\/da-agua-a-terra-a-2-a-edicao-do-ventania-esta-de-volta-a-portimao-com-novas-datas\/cultura\/15\/30\/#primaryimage"},"thumbnailUrl":"https:\/\/algarve7.pt\/wp-content\/uploads\/2020\/09\/VENTANIA-generico_Windy.jpg","keywords":["Cultura","Lagoa","Lagos","Portim\u00e3o","Sagres"],"articleSection":["Cultura"],"inLanguage":"pt-PT"},{"@type":"WebPage","@id":"https:\/\/algarve7.pt\/index.php\/2020\/09\/da-agua-a-terra-a-2-a-edicao-do-ventania-esta-de-volta-a-portimao-com-novas-datas\/cultura\/15\/30\/","url":"https:\/\/algarve7.pt\/index.php\/2020\/09\/da-agua-a-terra-a-2-a-edicao-do-ventania-esta-de-volta-a-portimao-com-novas-datas\/cultura\/15\/30\/","name":"Da \u00e1gua \u00e0 terra, a 2.\u00aa edi\u00e7\u00e3o do Ventania est\u00e1 de volta a Portim\u00e3o com novas datas - Algarve 7","isPartOf":{"@id":"https:\/\/algarve7.pt\/#website"},"primaryImageOfPage":{"@id":"https:\/\/algarve7.pt\/index.php\/2020\/09\/da-agua-a-terra-a-2-a-edicao-do-ventania-esta-de-volta-a-portimao-com-novas-datas\/cultura\/15\/30\/#primaryimage"},"image":{"@id":"https:\/\/algarve7.pt\/index.php\/2020\/09\/da-agua-a-terra-a-2-a-edicao-do-ventania-esta-de-volta-a-portimao-com-novas-datas\/cultura\/15\/30\/#primaryimage"},"thumbnailUrl":"https:\/\/algarve7.pt\/wp-content\/uploads\/2020\/09\/VENTANIA-generico_Windy.jpg","datePublished":"2020-09-22T14:30:21+00:00","description":"Da \u00e1gua \u00e0 terra, a 2.\u00aa edi\u00e7\u00e3o do Ventania est\u00e1 de volta a Portim\u00e3o com novas datas","breadcrumb":{"@id":"https:\/\/algarve7.pt\/index.php\/2020\/09\/da-agua-a-terra-a-2-a-edicao-do-ventania-esta-de-volta-a-portimao-com-novas-datas\/cultura\/15\/30\/#breadcrumb"},"inLanguage":"pt-PT","potentialAction":[{"@type":"ReadAction","target":["https:\/\/algarve7.pt\/index.php\/2020\/09\/da-agua-a-terra-a-2-a-edicao-do-ventania-esta-de-volta-a-portimao-com-novas-datas\/cultura\/15\/30\/"]}]},{"@type":"ImageObject","inLanguage":"pt-PT","@id":"https:\/\/algarve7.pt\/index.php\/2020\/09\/da-agua-a-terra-a-2-a-edicao-do-ventania-esta-de-volta-a-portimao-com-novas-datas\/cultura\/15\/30\/#primaryimage","url":"https:\/\/algarve7.pt\/wp-content\/uploads\/2020\/09\/VENTANIA-generico_Windy.jpg","contentUrl":"https:\/\/algarve7.pt\/wp-content\/uploads\/2020\/09\/VENTANIA-generico_Windy.jpg","width":1517,"height":1011},{"@type":"BreadcrumbList","@id":"https:\/\/algarve7.pt\/index.php\/2020\/09\/da-agua-a-terra-a-2-a-edicao-do-ventania-esta-de-volta-a-portimao-com-novas-datas\/cultura\/15\/30\/#breadcrumb","itemListElement":[{"@type":"ListItem","position":1,"name":"In\u00edcio","item":"https:\/\/algarve7.pt\/"},{"@type":"ListItem","position":2,"name":"Da \u00e1gua \u00e0 terra, a 2.\u00aa edi\u00e7\u00e3o do Ventania est\u00e1 de volta a Portim\u00e3o com novas datas"}]},{"@type":"WebSite","@id":"https:\/\/algarve7.pt\/#website","url":"https:\/\/algarve7.pt\/","name":"Algarve 7","description":"Informa\u00e7\u00e3o sobre o Algarve","publisher":{"@id":"https:\/\/algarve7.pt\/#organization"},"potentialAction":[{"@type":"SearchAction","target":{"@type":"EntryPoint","urlTemplate":"https:\/\/algarve7.pt\/?s={search_term_string}"},"query-input":{"@type":"PropertyValueSpecification","valueRequired":true,"valueName":"search_term_string"}}],"inLanguage":"pt-PT"},{"@type":"Organization","@id":"https:\/\/algarve7.pt\/#organization","name":"Algarve 7","url":"https:\/\/algarve7.pt\/","logo":{"@type":"ImageObject","inLanguage":"pt-PT","@id":"https:\/\/algarve7.pt\/#\/schema\/logo\/image\/","url":"https:\/\/algarve7.pt\/wp-content\/uploads\/2020\/10\/Logo-8.jpg","contentUrl":"https:\/\/algarve7.pt\/wp-content\/uploads\/2020\/10\/Logo-8.jpg","width":1680,"height":1186,"caption":"Algarve 7"},"image":{"@id":"https:\/\/algarve7.pt\/#\/schema\/logo\/image\/"},"sameAs":["https:\/\/www.facebook.com\/algarve7","https:\/\/x.com\/Algarvesete","https:\/\/www.instagram.com\/jornalalgarve7\/","https:\/\/www.linkedin.com\/company\/algarve7","https:\/\/www.pinterest.pt\/geral0939\/_created\/"]},{"@type":"Person","@id":"https:\/\/algarve7.pt\/#\/schema\/person\/23fa70681308e7b319a3204bcea45e0c","name":"Algarve 7","sameAs":["https:\/\/algarve7.pt","https:\/\/www.facebook.com\/algarve7"],"url":"https:\/\/algarve7.pt\/index.php\/author\/geralalgarve7-pt\/"}]}},"jetpack_publicize_connections":[],"jetpack_featured_media_url":"https:\/\/algarve7.pt\/wp-content\/uploads\/2020\/09\/VENTANIA-generico_Windy.jpg","jetpack_shortlink":"https:\/\/wp.me\/pcezmW-rj","jetpack_sharing_enabled":true,"_links":{"self":[{"href":"https:\/\/algarve7.pt\/index.php\/wp-json\/wp\/v2\/posts\/1693","targetHints":{"allow":["GET"]}}],"collection":[{"href":"https:\/\/algarve7.pt\/index.php\/wp-json\/wp\/v2\/posts"}],"about":[{"href":"https:\/\/algarve7.pt\/index.php\/wp-json\/wp\/v2\/types\/post"}],"author":[{"embeddable":true,"href":"https:\/\/algarve7.pt\/index.php\/wp-json\/wp\/v2\/users\/1"}],"replies":[{"embeddable":true,"href":"https:\/\/algarve7.pt\/index.php\/wp-json\/wp\/v2\/comments?post=1693"}],"version-history":[{"count":0,"href":"https:\/\/algarve7.pt\/index.php\/wp-json\/wp\/v2\/posts\/1693\/revisions"}],"wp:featuredmedia":[{"embeddable":true,"href":"https:\/\/algarve7.pt\/index.php\/wp-json\/wp\/v2\/media\/1694"}],"wp:attachment":[{"href":"https:\/\/algarve7.pt\/index.php\/wp-json\/wp\/v2\/media?parent=1693"}],"wp:term":[{"taxonomy":"category","embeddable":true,"href":"https:\/\/algarve7.pt\/index.php\/wp-json\/wp\/v2\/categories?post=1693"},{"taxonomy":"post_tag","embeddable":true,"href":"https:\/\/algarve7.pt\/index.php\/wp-json\/wp\/v2\/tags?post=1693"}],"curies":[{"name":"wp","href":"https:\/\/api.w.org\/{rel}","templated":true}]}}