{"id":16608,"date":"2022-03-15T16:46:41","date_gmt":"2022-03-15T16:46:41","guid":{"rendered":"https:\/\/algarve7.pt\/?p=16608"},"modified":"2022-03-15T16:46:42","modified_gmt":"2022-03-15T16:46:42","slug":"turismo-de-portugal-aposta-na-segmentacao-da-oferta-e-inovacao-do-setor","status":"publish","type":"post","link":"https:\/\/algarve7.pt\/index.php\/2022\/03\/turismo-de-portugal-aposta-na-segmentacao-da-oferta-e-inovacao-do-setor\/turismo\/16\/46\/","title":{"rendered":"Turismo de Portugal aposta na segmenta\u00e7\u00e3o da oferta e inova\u00e7\u00e3o do setor"},"content":{"rendered":"\n<p>Depois de dois anos de aus\u00eancia, devido ao forte impacte da pandemia no setor, o Turismo de Portugal aplaude o regresso da Bolsa de Turismo de Lisboa que sinaliza e confirma a retoma da atividade tur\u00edstica nacional. Durante cinco dias, s\u00e3o v\u00e1rias as a\u00e7\u00f5es organizadas em torno de tem\u00e1ticas particularmente relevantes, como a import\u00e2ncia da segmenta\u00e7\u00e3o da oferta e a inova\u00e7\u00e3o no turismo.&nbsp;<\/p>\n\n\n\n<p>O evento conta com a participa\u00e7\u00e3o do Ministro de Estado, da Economia e da Transi\u00e7\u00e3o Digital, Pedro Siza Vieira, da Secret\u00e1ria de Estado do Turismo, Rita Marques, e do Presidente do Turismo de Portugal, Lu\u00eds Ara\u00fajo.<\/p>\n\n\n\n<p>\u201cEconomia da Experi\u00eancia: Turismo Liter\u00e1rio e como crescer em valor no Reino Unido\u201d \u00e9 a confer\u00eancia que se realiza no dia 16 de mar\u00e7o e que re\u00fane profissionais do turismo e da cultura para abordar este segmento inovador e com grande potencial. O evento conta com a participa\u00e7\u00e3o de Paul Charles, um dos principais especialistas do setor das viagens e turismo que se tem pronunciado sobre a recupera\u00e7\u00e3o face ao quadro pand\u00e9mico e que abordar\u00e1 as novas oportunidades para Portugal no mercado brit\u00e2nico.<\/p>\n\n\n\n<p><a href=\"http:\/\/business.turismodeportugal.pt\/pt\/Agenda\/Eventos\/Paginas\/conferencia-economia-experiencia-turismo-literario.aspx\" target=\"_blank\" rel=\"noreferrer noopener\">Economia da Experi\u00eancia: Turismo Liter\u00e1rio e como crescer em valor no Reino Unido (turismodeportugal.pt)<\/a><\/p>\n\n\n\n<p>O Enoturismo ser\u00e1 tamb\u00e9m alvo de abordagem por parte do Turismo de Portugal. No dia 17, organiza um conjunto de&nbsp;<em>talks<\/em>&nbsp;que, contando com a participa\u00e7\u00e3o de diversos especialistas e empres\u00e1rios do setor, ter\u00e3o como foco e abordar\u00e3o as perspetivas de internacionaliza\u00e7\u00e3o do enoturismo nacional.<\/p>\n\n\n\n<p><a href=\"http:\/\/business.turismodeportugal.pt\/pt\/Agenda\/Eventos\/Paginas\/enoturismo-internacionalizar.aspx\" target=\"_blank\" rel=\"noreferrer noopener\">Enoturismo Talks (turismodeportugal.pt)<\/a><\/p>\n\n\n\n<p>Em colabora\u00e7\u00e3o com a Rede Portuguesa de Turismo Industrial, o Turismo de Portugal organiza, no dia 18 de mar\u00e7o, o workshop \u201c\u00c0 descoberta do Turismo Industrial\u201d que pretende dar a conhecer a oferta deste segmento, partilhar experi\u00eancias e&nbsp;<em>know-how<\/em>&nbsp;nacionais que confirmem a pertin\u00eancia e procura deste produto, assim como estimular o desenvolvimento de programas tur\u00edsticos pass\u00edveis de promo\u00e7\u00e3o e venda junto de turistas nacionais e internacionais.&nbsp;<\/p>\n\n\n\n<p><a href=\"http:\/\/business.turismodeportugal.pt\/pt\/Agenda\/Eventos\/Paginas\/workshop-turismo-industrial-mar-2022.aspx\" target=\"_blank\" rel=\"noreferrer noopener\">Workshop Turismo Industrial (turismodeportugal.pt)<\/a><\/p>\n\n\n\n<p>O Presidente do Turismo de Portugal, Lu\u00eds Ara\u00fajo, na qualidade de Presidente da Dire\u00e7\u00e3o do NEST \u2013 Centro de Inova\u00e7\u00e3o do Turismo, \u00e9 um dos anfitri\u00f5es do evento \u201cWhat\u2019s Next &#8211; Innovating Tourism\u201d que pretende debater o futuro do turismo e partilhar as melhores ideias e pr\u00e1ticas, apresentando as solu\u00e7\u00f5es inovadoras de mais de 60 startups trazendo, ao palco da FIL, de 16 a 20 de mar\u00e7o, os principais l\u00edderes do setor.&nbsp;A iniciativa conta com a participa\u00e7\u00e3o de especialistas de diferentes \u00e1reas, como&nbsp;Juliet Kinsman (Editora de Sustentabilidade&nbsp;Cond\u00e9 Nast) e Joana Vasconcelos, Maria de Bel\u00e9m Roseira e Germano de Sousa.<\/p>\n\n\n\n<p><a href=\"http:\/\/business.turismodeportugal.pt\/pt\/Agenda\/Eventos\/Paginas\/btl-lab-talks-by-nest.aspx\" target=\"_blank\" rel=\"noreferrer noopener\">Innovation talks na BTL LAB by NEST (turismodeportugal.pt)<\/a><\/p>\n\n\n\n<p>O Turismo de Portugal volta tamb\u00e9m a apoiar a realiza\u00e7\u00e3o do Programa de Hosted Buyers, no \u00e2mbito da BTL, para&nbsp;promover o contacto entre 93 operadores tur\u00edsticos, oriundos de 21 mercados emissores, e as empresas portuguesas que estar\u00e3o presentes na Feira, com o objetivo de incrementar a visibilidade do destino e potenciar os neg\u00f3cios destas empresas tur\u00edsticas.<\/p>\n\n\n\n<p>O Programa afirma-se, uma vez mais, como uma a\u00e7\u00e3o promocional de interesse estrat\u00e9gico para a promo\u00e7\u00e3o externa de Portugal, enquadrada no \u00e2mbito de atua\u00e7\u00e3o do Turismo de Portugal, cujas Equipas de Turismo nos mercados fazem a sele\u00e7\u00e3o dos operadores tur\u00edsticos internacionais considerados estrat\u00e9gicos para a oferta\/distribui\u00e7\u00e3o do Destino Portugal junto da procura externa. &nbsp;Conta, igualmente, com o apoio das sete Ag\u00eancias Regionais de Promo\u00e7\u00e3o Tur\u00edstica que proporcionar\u00e3o, a estes operadores convidados, a realiza\u00e7\u00e3o de p\u00f3s tours que destacar\u00e3o as diversidades e as novidades da oferta tur\u00edstica de cada regi\u00e3o.<\/p>\n\n\n\n<p>Dada a relev\u00e2ncia da capacita\u00e7\u00e3o e qualifica\u00e7\u00e3o das profiss\u00f5es tur\u00edsticas, as Escolas do Turismo de Portugal tamb\u00e9m marcam presen\u00e7a nesta edi\u00e7\u00e3o da BTL. De 16 a 20 de mar\u00e7o, entre outras iniciativas, estar\u00e3o a dinamizar o stand da RIPTUR e a participar na Feira da Empregabilidade, numa parceria com a F\u00f3rum Turismo, com as Escolas de Lisboa, Porto, Algarve e Oeste, e um total de 172 alunos e 18 professores.<\/p>\n\n\n\n<p>Ainda no \u00e2mbito da Forma\u00e7\u00e3o, \u00e9 assinado, no dia 17 de mar\u00e7o (stand NEST), o Plano de A\u00e7\u00e3o para a Coopera\u00e7\u00e3o no dom\u00ednio da Forma\u00e7\u00e3o Tur\u00edstica entre o Turismo de Portugal e o Estado do Cear\u00e1 (Brasil). Este Plano contempla tr\u00eas eixos fundamentais na \u00e1rea da forma\u00e7\u00e3o profissional -Forma\u00e7\u00e3o de Formadores, interc\u00e2mbio de alunos e partilha de conhecimentos \u2013 para acrescentar valor \u00e0s duas&nbsp;entidades e refor\u00e7ar a promo\u00e7\u00e3o dos fluxos tur\u00edsticos, da forma\u00e7\u00e3o e qualifica\u00e7\u00e3o dos profissionais do setor e da coopera\u00e7\u00e3o institucional.<\/p>\n\n\n\n<p>\u201cO regresso da BTL em 2022 \u00e9 um espelho da resili\u00eancia e da capacidade de adapta\u00e7\u00e3o do nosso setor. Durante estes dias vamos mostrar aquilo que Portugal tem de melhor: as incompar\u00e1veis qualidades de bem receber todos, uma oferta diferenciadora e a capacidade de proporcionar experi\u00eancias inesquec\u00edveis. Com a organiza\u00e7\u00e3o destas a\u00e7\u00f5es, o Turismo de Portugal pretende criar um contexto de reflex\u00e3o sobre&nbsp;as tend\u00eancias para a inova\u00e7\u00e3o e restrutura\u00e7\u00e3o da oferta tur\u00edstica nacional, com vista \u00e0 c\u00e9lere recupera\u00e7\u00e3o do setor e, simultaneamente, \u00e0 constru\u00e7\u00e3o de um turismo mais sustent\u00e1vel\u201d,&nbsp;destaca o Presidente do Turismo de Portugal, Lu\u00eds Ara\u00fajo.<\/p>\n","protected":false},"excerpt":{"rendered":"<p>Depois de dois anos de aus\u00eancia, devido ao forte impacte da pandemia no setor, o Turismo de Portugal aplaude o<\/p>\n","protected":false},"author":1,"featured_media":16609,"comment_status":"closed","ping_status":"open","sticky":false,"template":"","format":"standard","meta":{"colormag_page_container_layout":"default_layout","colormag_page_sidebar_layout":"default_layout","_monsterinsights_skip_tracking":false,"_monsterinsights_sitenote_active":false,"_monsterinsights_sitenote_note":"","_monsterinsights_sitenote_category":0,"jetpack_post_was_ever_published":false,"_jetpack_newsletter_access":"","_jetpack_dont_email_post_to_subs":false,"_jetpack_newsletter_tier_id":0,"_jetpack_memberships_contains_paywalled_content":false,"_jetpack_memberships_contains_paid_content":false,"footnotes":"","jetpack_publicize_message":"","jetpack_publicize_feature_enabled":true,"jetpack_social_post_already_shared":false,"jetpack_social_options":{"image_generator_settings":{"template":"highway","default_image_id":0,"font":"","enabled":false},"version":2}},"categories":[17],"tags":[606,98,45],"class_list":["post-16608","post","type-post","status-publish","format-standard","has-post-thumbnail","hentry","category-turismo","tag-btl","tag-nacional","tag-turismo"],"yoast_head":"<!-- This site is optimized with the Yoast SEO plugin v27.5 - https:\/\/yoast.com\/product\/yoast-seo-wordpress\/ -->\n<title>Turismo de Portugal aposta na segmenta\u00e7\u00e3o da oferta e inova\u00e7\u00e3o do setor - Algarve 7<\/title>\n<meta name=\"description\" content=\"Turismo de Portugal aposta na segmenta\u00e7\u00e3o da oferta e inova\u00e7\u00e3o do setor Turismo\" \/>\n<meta name=\"robots\" content=\"index, follow, max-snippet:-1, max-image-preview:large, max-video-preview:-1\" \/>\n<link rel=\"canonical\" href=\"https:\/\/algarve7.pt\/index.php\/2022\/03\/turismo-de-portugal-aposta-na-segmentacao-da-oferta-e-inovacao-do-setor\/turismo\/16\/46\/\" \/>\n<meta property=\"og:locale\" content=\"pt_PT\" \/>\n<meta property=\"og:type\" content=\"article\" \/>\n<meta property=\"og:title\" content=\"Turismo de Portugal aposta na segmenta\u00e7\u00e3o da oferta e inova\u00e7\u00e3o do setor - Algarve 7\" \/>\n<meta property=\"og:description\" content=\"Turismo de Portugal aposta na segmenta\u00e7\u00e3o da oferta e inova\u00e7\u00e3o do setor Turismo\" \/>\n<meta property=\"og:url\" content=\"https:\/\/algarve7.pt\/index.php\/2022\/03\/turismo-de-portugal-aposta-na-segmentacao-da-oferta-e-inovacao-do-setor\/turismo\/16\/46\/\" \/>\n<meta property=\"og:site_name\" content=\"Algarve 7\" \/>\n<meta property=\"article:publisher\" content=\"https:\/\/www.facebook.com\/algarve7\" \/>\n<meta property=\"article:author\" content=\"https:\/\/www.facebook.com\/algarve7\" \/>\n<meta property=\"article:published_time\" content=\"2022-03-15T16:46:41+00:00\" \/>\n<meta property=\"article:modified_time\" content=\"2022-03-15T16:46:42+00:00\" \/>\n<meta property=\"og:image\" content=\"https:\/\/algarve7.pt\/wp-content\/uploads\/2022\/03\/LOGO_BTL.jpg.jpg\" \/>\n\t<meta property=\"og:image:width\" content=\"900\" \/>\n\t<meta property=\"og:image:height\" content=\"562\" \/>\n\t<meta property=\"og:image:type\" content=\"image\/jpeg\" \/>\n<meta name=\"author\" content=\"Algarve 7\" \/>\n<meta name=\"twitter:card\" content=\"summary_large_image\" \/>\n<meta name=\"twitter:creator\" content=\"@Algarvesete\" \/>\n<meta name=\"twitter:site\" content=\"@Algarvesete\" \/>\n<meta name=\"twitter:label1\" content=\"Escrito por\" \/>\n\t<meta name=\"twitter:data1\" content=\"Algarve 7\" \/>\n\t<meta name=\"twitter:label2\" content=\"Tempo estimado de leitura\" \/>\n\t<meta name=\"twitter:data2\" content=\"5 minutos\" \/>\n<script type=\"application\/ld+json\" class=\"yoast-schema-graph\">{\"@context\":\"https:\\\/\\\/schema.org\",\"@graph\":[{\"@type\":\"Article\",\"@id\":\"https:\\\/\\\/algarve7.pt\\\/index.php\\\/2022\\\/03\\\/turismo-de-portugal-aposta-na-segmentacao-da-oferta-e-inovacao-do-setor\\\/turismo\\\/16\\\/46\\\/#article\",\"isPartOf\":{\"@id\":\"https:\\\/\\\/algarve7.pt\\\/index.php\\\/2022\\\/03\\\/turismo-de-portugal-aposta-na-segmentacao-da-oferta-e-inovacao-do-setor\\\/turismo\\\/16\\\/46\\\/\"},\"author\":{\"name\":\"Algarve 7\",\"@id\":\"https:\\\/\\\/algarve7.pt\\\/#\\\/schema\\\/person\\\/23fa70681308e7b319a3204bcea45e0c\"},\"headline\":\"Turismo de Portugal aposta na segmenta\u00e7\u00e3o da oferta e inova\u00e7\u00e3o do setor\",\"datePublished\":\"2022-03-15T16:46:41+00:00\",\"dateModified\":\"2022-03-15T16:46:42+00:00\",\"mainEntityOfPage\":{\"@id\":\"https:\\\/\\\/algarve7.pt\\\/index.php\\\/2022\\\/03\\\/turismo-de-portugal-aposta-na-segmentacao-da-oferta-e-inovacao-do-setor\\\/turismo\\\/16\\\/46\\\/\"},\"wordCount\":953,\"publisher\":{\"@id\":\"https:\\\/\\\/algarve7.pt\\\/#organization\"},\"image\":{\"@id\":\"https:\\\/\\\/algarve7.pt\\\/index.php\\\/2022\\\/03\\\/turismo-de-portugal-aposta-na-segmentacao-da-oferta-e-inovacao-do-setor\\\/turismo\\\/16\\\/46\\\/#primaryimage\"},\"thumbnailUrl\":\"https:\\\/\\\/algarve7.pt\\\/wp-content\\\/uploads\\\/2022\\\/03\\\/LOGO_BTL.jpg.jpg\",\"keywords\":[\"BTL\",\"Nacional\",\"Turismo\"],\"articleSection\":[\"Turismo\"],\"inLanguage\":\"pt-PT\"},{\"@type\":\"WebPage\",\"@id\":\"https:\\\/\\\/algarve7.pt\\\/index.php\\\/2022\\\/03\\\/turismo-de-portugal-aposta-na-segmentacao-da-oferta-e-inovacao-do-setor\\\/turismo\\\/16\\\/46\\\/\",\"url\":\"https:\\\/\\\/algarve7.pt\\\/index.php\\\/2022\\\/03\\\/turismo-de-portugal-aposta-na-segmentacao-da-oferta-e-inovacao-do-setor\\\/turismo\\\/16\\\/46\\\/\",\"name\":\"Turismo de Portugal aposta na segmenta\u00e7\u00e3o da oferta e inova\u00e7\u00e3o do setor - Algarve 7\",\"isPartOf\":{\"@id\":\"https:\\\/\\\/algarve7.pt\\\/#website\"},\"primaryImageOfPage\":{\"@id\":\"https:\\\/\\\/algarve7.pt\\\/index.php\\\/2022\\\/03\\\/turismo-de-portugal-aposta-na-segmentacao-da-oferta-e-inovacao-do-setor\\\/turismo\\\/16\\\/46\\\/#primaryimage\"},\"image\":{\"@id\":\"https:\\\/\\\/algarve7.pt\\\/index.php\\\/2022\\\/03\\\/turismo-de-portugal-aposta-na-segmentacao-da-oferta-e-inovacao-do-setor\\\/turismo\\\/16\\\/46\\\/#primaryimage\"},\"thumbnailUrl\":\"https:\\\/\\\/algarve7.pt\\\/wp-content\\\/uploads\\\/2022\\\/03\\\/LOGO_BTL.jpg.jpg\",\"datePublished\":\"2022-03-15T16:46:41+00:00\",\"dateModified\":\"2022-03-15T16:46:42+00:00\",\"description\":\"Turismo de Portugal aposta na segmenta\u00e7\u00e3o da oferta e inova\u00e7\u00e3o do setor Turismo\",\"breadcrumb\":{\"@id\":\"https:\\\/\\\/algarve7.pt\\\/index.php\\\/2022\\\/03\\\/turismo-de-portugal-aposta-na-segmentacao-da-oferta-e-inovacao-do-setor\\\/turismo\\\/16\\\/46\\\/#breadcrumb\"},\"inLanguage\":\"pt-PT\",\"potentialAction\":[{\"@type\":\"ReadAction\",\"target\":[\"https:\\\/\\\/algarve7.pt\\\/index.php\\\/2022\\\/03\\\/turismo-de-portugal-aposta-na-segmentacao-da-oferta-e-inovacao-do-setor\\\/turismo\\\/16\\\/46\\\/\"]}]},{\"@type\":\"ImageObject\",\"inLanguage\":\"pt-PT\",\"@id\":\"https:\\\/\\\/algarve7.pt\\\/index.php\\\/2022\\\/03\\\/turismo-de-portugal-aposta-na-segmentacao-da-oferta-e-inovacao-do-setor\\\/turismo\\\/16\\\/46\\\/#primaryimage\",\"url\":\"https:\\\/\\\/algarve7.pt\\\/wp-content\\\/uploads\\\/2022\\\/03\\\/LOGO_BTL.jpg.jpg\",\"contentUrl\":\"https:\\\/\\\/algarve7.pt\\\/wp-content\\\/uploads\\\/2022\\\/03\\\/LOGO_BTL.jpg.jpg\",\"width\":900,\"height\":562},{\"@type\":\"BreadcrumbList\",\"@id\":\"https:\\\/\\\/algarve7.pt\\\/index.php\\\/2022\\\/03\\\/turismo-de-portugal-aposta-na-segmentacao-da-oferta-e-inovacao-do-setor\\\/turismo\\\/16\\\/46\\\/#breadcrumb\",\"itemListElement\":[{\"@type\":\"ListItem\",\"position\":1,\"name\":\"In\u00edcio\",\"item\":\"https:\\\/\\\/algarve7.pt\\\/\"},{\"@type\":\"ListItem\",\"position\":2,\"name\":\"Turismo de Portugal aposta na segmenta\u00e7\u00e3o da oferta e inova\u00e7\u00e3o do setor\"}]},{\"@type\":\"WebSite\",\"@id\":\"https:\\\/\\\/algarve7.pt\\\/#website\",\"url\":\"https:\\\/\\\/algarve7.pt\\\/\",\"name\":\"Algarve 7\",\"description\":\"Informa\u00e7\u00e3o sobre o Algarve\",\"publisher\":{\"@id\":\"https:\\\/\\\/algarve7.pt\\\/#organization\"},\"potentialAction\":[{\"@type\":\"SearchAction\",\"target\":{\"@type\":\"EntryPoint\",\"urlTemplate\":\"https:\\\/\\\/algarve7.pt\\\/?s={search_term_string}\"},\"query-input\":{\"@type\":\"PropertyValueSpecification\",\"valueRequired\":true,\"valueName\":\"search_term_string\"}}],\"inLanguage\":\"pt-PT\"},{\"@type\":\"Organization\",\"@id\":\"https:\\\/\\\/algarve7.pt\\\/#organization\",\"name\":\"Algarve 7\",\"url\":\"https:\\\/\\\/algarve7.pt\\\/\",\"logo\":{\"@type\":\"ImageObject\",\"inLanguage\":\"pt-PT\",\"@id\":\"https:\\\/\\\/algarve7.pt\\\/#\\\/schema\\\/logo\\\/image\\\/\",\"url\":\"https:\\\/\\\/algarve7.pt\\\/wp-content\\\/uploads\\\/2020\\\/10\\\/Logo-8.jpg\",\"contentUrl\":\"https:\\\/\\\/algarve7.pt\\\/wp-content\\\/uploads\\\/2020\\\/10\\\/Logo-8.jpg\",\"width\":1680,\"height\":1186,\"caption\":\"Algarve 7\"},\"image\":{\"@id\":\"https:\\\/\\\/algarve7.pt\\\/#\\\/schema\\\/logo\\\/image\\\/\"},\"sameAs\":[\"https:\\\/\\\/www.facebook.com\\\/algarve7\",\"https:\\\/\\\/x.com\\\/Algarvesete\",\"https:\\\/\\\/www.instagram.com\\\/jornalalgarve7\\\/\",\"https:\\\/\\\/www.linkedin.com\\\/company\\\/algarve7\",\"https:\\\/\\\/www.pinterest.pt\\\/geral0939\\\/_created\\\/\"]},{\"@type\":\"Person\",\"@id\":\"https:\\\/\\\/algarve7.pt\\\/#\\\/schema\\\/person\\\/23fa70681308e7b319a3204bcea45e0c\",\"name\":\"Algarve 7\",\"sameAs\":[\"https:\\\/\\\/algarve7.pt\",\"https:\\\/\\\/www.facebook.com\\\/algarve7\"],\"url\":\"https:\\\/\\\/algarve7.pt\\\/index.php\\\/author\\\/geralalgarve7-pt\\\/\"}]}<\/script>\n<!-- \/ Yoast SEO plugin. -->","yoast_head_json":{"title":"Turismo de Portugal aposta na segmenta\u00e7\u00e3o da oferta e inova\u00e7\u00e3o do setor - Algarve 7","description":"Turismo de Portugal aposta na segmenta\u00e7\u00e3o da oferta e inova\u00e7\u00e3o do setor Turismo","robots":{"index":"index","follow":"follow","max-snippet":"max-snippet:-1","max-image-preview":"max-image-preview:large","max-video-preview":"max-video-preview:-1"},"canonical":"https:\/\/algarve7.pt\/index.php\/2022\/03\/turismo-de-portugal-aposta-na-segmentacao-da-oferta-e-inovacao-do-setor\/turismo\/16\/46\/","og_locale":"pt_PT","og_type":"article","og_title":"Turismo de Portugal aposta na segmenta\u00e7\u00e3o da oferta e inova\u00e7\u00e3o do setor - Algarve 7","og_description":"Turismo de Portugal aposta na segmenta\u00e7\u00e3o da oferta e inova\u00e7\u00e3o do setor Turismo","og_url":"https:\/\/algarve7.pt\/index.php\/2022\/03\/turismo-de-portugal-aposta-na-segmentacao-da-oferta-e-inovacao-do-setor\/turismo\/16\/46\/","og_site_name":"Algarve 7","article_publisher":"https:\/\/www.facebook.com\/algarve7","article_author":"https:\/\/www.facebook.com\/algarve7","article_published_time":"2022-03-15T16:46:41+00:00","article_modified_time":"2022-03-15T16:46:42+00:00","og_image":[{"width":900,"height":562,"url":"https:\/\/algarve7.pt\/wp-content\/uploads\/2022\/03\/LOGO_BTL.jpg.jpg","type":"image\/jpeg"}],"author":"Algarve 7","twitter_card":"summary_large_image","twitter_creator":"@Algarvesete","twitter_site":"@Algarvesete","twitter_misc":{"Escrito por":"Algarve 7","Tempo estimado de leitura":"5 minutos"},"schema":{"@context":"https:\/\/schema.org","@graph":[{"@type":"Article","@id":"https:\/\/algarve7.pt\/index.php\/2022\/03\/turismo-de-portugal-aposta-na-segmentacao-da-oferta-e-inovacao-do-setor\/turismo\/16\/46\/#article","isPartOf":{"@id":"https:\/\/algarve7.pt\/index.php\/2022\/03\/turismo-de-portugal-aposta-na-segmentacao-da-oferta-e-inovacao-do-setor\/turismo\/16\/46\/"},"author":{"name":"Algarve 7","@id":"https:\/\/algarve7.pt\/#\/schema\/person\/23fa70681308e7b319a3204bcea45e0c"},"headline":"Turismo de Portugal aposta na segmenta\u00e7\u00e3o da oferta e inova\u00e7\u00e3o do setor","datePublished":"2022-03-15T16:46:41+00:00","dateModified":"2022-03-15T16:46:42+00:00","mainEntityOfPage":{"@id":"https:\/\/algarve7.pt\/index.php\/2022\/03\/turismo-de-portugal-aposta-na-segmentacao-da-oferta-e-inovacao-do-setor\/turismo\/16\/46\/"},"wordCount":953,"publisher":{"@id":"https:\/\/algarve7.pt\/#organization"},"image":{"@id":"https:\/\/algarve7.pt\/index.php\/2022\/03\/turismo-de-portugal-aposta-na-segmentacao-da-oferta-e-inovacao-do-setor\/turismo\/16\/46\/#primaryimage"},"thumbnailUrl":"https:\/\/algarve7.pt\/wp-content\/uploads\/2022\/03\/LOGO_BTL.jpg.jpg","keywords":["BTL","Nacional","Turismo"],"articleSection":["Turismo"],"inLanguage":"pt-PT"},{"@type":"WebPage","@id":"https:\/\/algarve7.pt\/index.php\/2022\/03\/turismo-de-portugal-aposta-na-segmentacao-da-oferta-e-inovacao-do-setor\/turismo\/16\/46\/","url":"https:\/\/algarve7.pt\/index.php\/2022\/03\/turismo-de-portugal-aposta-na-segmentacao-da-oferta-e-inovacao-do-setor\/turismo\/16\/46\/","name":"Turismo de Portugal aposta na segmenta\u00e7\u00e3o da oferta e inova\u00e7\u00e3o do setor - Algarve 7","isPartOf":{"@id":"https:\/\/algarve7.pt\/#website"},"primaryImageOfPage":{"@id":"https:\/\/algarve7.pt\/index.php\/2022\/03\/turismo-de-portugal-aposta-na-segmentacao-da-oferta-e-inovacao-do-setor\/turismo\/16\/46\/#primaryimage"},"image":{"@id":"https:\/\/algarve7.pt\/index.php\/2022\/03\/turismo-de-portugal-aposta-na-segmentacao-da-oferta-e-inovacao-do-setor\/turismo\/16\/46\/#primaryimage"},"thumbnailUrl":"https:\/\/algarve7.pt\/wp-content\/uploads\/2022\/03\/LOGO_BTL.jpg.jpg","datePublished":"2022-03-15T16:46:41+00:00","dateModified":"2022-03-15T16:46:42+00:00","description":"Turismo de Portugal aposta na segmenta\u00e7\u00e3o da oferta e inova\u00e7\u00e3o do setor Turismo","breadcrumb":{"@id":"https:\/\/algarve7.pt\/index.php\/2022\/03\/turismo-de-portugal-aposta-na-segmentacao-da-oferta-e-inovacao-do-setor\/turismo\/16\/46\/#breadcrumb"},"inLanguage":"pt-PT","potentialAction":[{"@type":"ReadAction","target":["https:\/\/algarve7.pt\/index.php\/2022\/03\/turismo-de-portugal-aposta-na-segmentacao-da-oferta-e-inovacao-do-setor\/turismo\/16\/46\/"]}]},{"@type":"ImageObject","inLanguage":"pt-PT","@id":"https:\/\/algarve7.pt\/index.php\/2022\/03\/turismo-de-portugal-aposta-na-segmentacao-da-oferta-e-inovacao-do-setor\/turismo\/16\/46\/#primaryimage","url":"https:\/\/algarve7.pt\/wp-content\/uploads\/2022\/03\/LOGO_BTL.jpg.jpg","contentUrl":"https:\/\/algarve7.pt\/wp-content\/uploads\/2022\/03\/LOGO_BTL.jpg.jpg","width":900,"height":562},{"@type":"BreadcrumbList","@id":"https:\/\/algarve7.pt\/index.php\/2022\/03\/turismo-de-portugal-aposta-na-segmentacao-da-oferta-e-inovacao-do-setor\/turismo\/16\/46\/#breadcrumb","itemListElement":[{"@type":"ListItem","position":1,"name":"In\u00edcio","item":"https:\/\/algarve7.pt\/"},{"@type":"ListItem","position":2,"name":"Turismo de Portugal aposta na segmenta\u00e7\u00e3o da oferta e inova\u00e7\u00e3o do setor"}]},{"@type":"WebSite","@id":"https:\/\/algarve7.pt\/#website","url":"https:\/\/algarve7.pt\/","name":"Algarve 7","description":"Informa\u00e7\u00e3o sobre o Algarve","publisher":{"@id":"https:\/\/algarve7.pt\/#organization"},"potentialAction":[{"@type":"SearchAction","target":{"@type":"EntryPoint","urlTemplate":"https:\/\/algarve7.pt\/?s={search_term_string}"},"query-input":{"@type":"PropertyValueSpecification","valueRequired":true,"valueName":"search_term_string"}}],"inLanguage":"pt-PT"},{"@type":"Organization","@id":"https:\/\/algarve7.pt\/#organization","name":"Algarve 7","url":"https:\/\/algarve7.pt\/","logo":{"@type":"ImageObject","inLanguage":"pt-PT","@id":"https:\/\/algarve7.pt\/#\/schema\/logo\/image\/","url":"https:\/\/algarve7.pt\/wp-content\/uploads\/2020\/10\/Logo-8.jpg","contentUrl":"https:\/\/algarve7.pt\/wp-content\/uploads\/2020\/10\/Logo-8.jpg","width":1680,"height":1186,"caption":"Algarve 7"},"image":{"@id":"https:\/\/algarve7.pt\/#\/schema\/logo\/image\/"},"sameAs":["https:\/\/www.facebook.com\/algarve7","https:\/\/x.com\/Algarvesete","https:\/\/www.instagram.com\/jornalalgarve7\/","https:\/\/www.linkedin.com\/company\/algarve7","https:\/\/www.pinterest.pt\/geral0939\/_created\/"]},{"@type":"Person","@id":"https:\/\/algarve7.pt\/#\/schema\/person\/23fa70681308e7b319a3204bcea45e0c","name":"Algarve 7","sameAs":["https:\/\/algarve7.pt","https:\/\/www.facebook.com\/algarve7"],"url":"https:\/\/algarve7.pt\/index.php\/author\/geralalgarve7-pt\/"}]}},"jetpack_publicize_connections":[],"jetpack_featured_media_url":"https:\/\/algarve7.pt\/wp-content\/uploads\/2022\/03\/LOGO_BTL.jpg.jpg","jetpack_shortlink":"https:\/\/wp.me\/pcezmW-4jS","jetpack_sharing_enabled":true,"_links":{"self":[{"href":"https:\/\/algarve7.pt\/index.php\/wp-json\/wp\/v2\/posts\/16608","targetHints":{"allow":["GET"]}}],"collection":[{"href":"https:\/\/algarve7.pt\/index.php\/wp-json\/wp\/v2\/posts"}],"about":[{"href":"https:\/\/algarve7.pt\/index.php\/wp-json\/wp\/v2\/types\/post"}],"author":[{"embeddable":true,"href":"https:\/\/algarve7.pt\/index.php\/wp-json\/wp\/v2\/users\/1"}],"replies":[{"embeddable":true,"href":"https:\/\/algarve7.pt\/index.php\/wp-json\/wp\/v2\/comments?post=16608"}],"version-history":[{"count":0,"href":"https:\/\/algarve7.pt\/index.php\/wp-json\/wp\/v2\/posts\/16608\/revisions"}],"wp:featuredmedia":[{"embeddable":true,"href":"https:\/\/algarve7.pt\/index.php\/wp-json\/wp\/v2\/media\/16609"}],"wp:attachment":[{"href":"https:\/\/algarve7.pt\/index.php\/wp-json\/wp\/v2\/media?parent=16608"}],"wp:term":[{"taxonomy":"category","embeddable":true,"href":"https:\/\/algarve7.pt\/index.php\/wp-json\/wp\/v2\/categories?post=16608"},{"taxonomy":"post_tag","embeddable":true,"href":"https:\/\/algarve7.pt\/index.php\/wp-json\/wp\/v2\/tags?post=16608"}],"curies":[{"name":"wp","href":"https:\/\/api.w.org\/{rel}","templated":true}]}}